{"id":159690,"date":"2026-01-07T05:32:13","date_gmt":"2026-01-07T11:32:13","guid":{"rendered":"https:\/\/lospoliticosveracruz.com\/?p=159690"},"modified":"2026-01-07T05:32:14","modified_gmt":"2026-01-07T11:32:14","slug":"cuando-te-dejan-700-pesos-para-que-gobiernes-tu-municipio","status":"publish","type":"post","link":"https:\/\/lospoliticosveracruz.com\/?p=159690","title":{"rendered":"CUANDO TE DEJAN 700 PESOS PARA QUE GOBIERNES TU MUNICIPIO"},"content":{"rendered":"\n<p><strong>Bernardo Guti\u00e9rrez Parra<\/strong><br><em>Desde el Caf\u00e9<\/em><br>Esto que a continuaci\u00f3n contar\u00e9 ya no sorprende a nadie porque se ha vuelto una escena costumbrista en nuestra entidad, aunque no por eso hay que dejar de se\u00f1alarla. As\u00ed que uno dos tres, arriba el tel\u00f3n y comenzamos.<\/p>\n\n\n\n<p>M\u00e1s chueco que derecho, la mayor\u00eda de los 212 mun\u00edcipes veracruzanos que terminaron su periodo de gobierno el \u00faltimo d\u00eda de diciembre, realizaron su entrega-recepci\u00f3n en tiempo y forma. Pero si utilizo el t\u00e9rmino \u201cchueco\u201d es porque al menos 170 entregaron la estafeta a su sucesor y\/o sucesora con abrumadores faltantes. Y otros de plano no entregaron nada como sucedi\u00f3 en Ixhuatl\u00e1n del Caf\u00e9.<\/p>\n\n\n\n<p>En ese municipio la alcaldesa saliente Dora Ang\u00e9lica Galicia Contreras del Partido del Trabajo, no tuvo tiempo o no le dio la gana hacer la entrega-recepci\u00f3n a su sucesora Viridiana Bret\u00f3n Feito.<\/p>\n\n\n\n<p>Viridiana, (que gan\u00f3 por segunda ocasi\u00f3n la alcald\u00eda abanderada por el PAN), tom\u00f3 protesta el 31 de diciembre a las cuatro de la tarde. Y el primero de enero a las 9:00 horas, lleg\u00f3 al Palacio Municipal a tomar posesi\u00f3n de su oficina y a que le entregaran la documentaci\u00f3n completa de los haberes y deberes de la anterior administraci\u00f3n.<\/p>\n\n\n\n<p>Pero apenas lleg\u00f3 le dijeron que aguantara un poquito, que era cuesti\u00f3n de un ratito para que todo lo relacionado con la entrega-recepci\u00f3n quedara en regla. \u201cDate una vueltecita por ah\u00ed y regresa como a las 10:00\u201d.<\/p>\n\n\n\n<p>A la hora se\u00f1alada le dijeron que mejor regresara a las 12:00 y a mediod\u00eda le salieron con que a\u00fan no sal\u00edan las cuentas, por lo que lo conveniente era que volviera a las 2 de la tarde.<\/p>\n\n\n\n<p>\u201cTotal que ah\u00ed nos tienes como limosneros desde las diez de la ma\u00f1ana hasta las cinco de la tarde, para que no nos entregaran nada\u201d, me dijo un miembro de la nueva comuna.<\/p>\n\n\n\n<p>Molesta, Viridiana dijo que no ten\u00eda por qu\u00e9 esperar la documentaci\u00f3n afuera de Palacio Municipal cuando ella es la alcaldesa, por lo que el contralor saliente y su gente se fueron a la biblioteca a tratar de cuadrar sus n\u00fameros, pero nada.<\/p>\n\n\n\n<p>En v\u00eda de mientras, Viridiana y los integrantes de su comuna levantaron un acta para dejar constancia de que no les entregaron la administraci\u00f3n como lo mandata la Ley Org\u00e1nica del Municipio Libre.<\/p>\n\n\n\n<p>Y no es que sea mucha ciencia hacer una entrega-recepci\u00f3n, pero cuando has sido se\u00f1alado por el Orfis de un presunto da\u00f1o patrimonial por 65 millones de pesos adem\u00e1s de un adeudo a contratistas por 12 millones, como sucedi\u00f3 en el cuatrienio de Dora Ang\u00e9lica, es dif\u00edcil que cuadren las cuentas. Y al no cuadrar vienen las broncas.<\/p>\n\n\n\n<p>La se\u00f1ora puede alegar que los 12 millones son deuda municipal y la tendr\u00e1 que apoquinar su sucesora. \u00bfPero y los 65 millones?<\/p>\n\n\n\n<p>Viridiana comenz\u00f3 su administraci\u00f3n a ciegas porque carece de informaci\u00f3n. Ignora c\u00f3mo est\u00e1 el parque vehicular del ayuntamiento, qu\u00e9 obras est\u00e1n inconclusas, c\u00f3mo est\u00e1n los sistemas de drenaje y alumbrado p\u00fablico, cu\u00e1ntas calles hay que bachear o pavimentar, a qui\u00e9n debe y qui\u00e9n le debe a la comuna, etc, etc, etc.<\/p>\n\n\n\n<p>Lo que s\u00ed sabe y puedo jurar que lo recordar\u00e1 mientras viva, es que su antecesora le dej\u00f3 en la caja de la Tesorer\u00eda 700 pesotes para que comience a gobernar su municipio.<\/p>\n\n\n\n<p>\u00bfHablas en serio columnista? Bien en serio, lector.<\/p>\n\n\n\n<p>Uta\u2026 \u00bf700 pesos? S\u00ed, 700 pesos.<\/p>\n\n\n\n<p>\u00bfQu\u00e9 va a pasar? Lo predecible y lo de siempre. Es dif\u00edcil que la llamen a cuentas porque eso pondr\u00e1 furiosos a los petistas que tras su pleito con Morena el a\u00f1o anterior, ganaron en solitario 28 alcald\u00edas y est\u00e1n engallados.<\/p>\n\n\n\n<p>Como lo que desea Morena es ir nuevamente en coalici\u00f3n en el 2027 y sobre todo en el 2030, no creo que alguien le toque un pelo a la exalcaldesa pues al pertenecer al PT, los morenos la consideran una de las suyas, y se opondr\u00e1n a que el Congreso, el Orfis o la Fiscal\u00eda la molesten por chinches 77 millones de pesos que le faltaron por comprobar.<\/p>\n\n\n\n<p>Y mientras la se\u00f1ora se apresta a disfrutar de las suculentas mieles que le ha dejado incursionar en la pol\u00edtica, Adriana Bret\u00f3n comenz\u00f3 su segundo periodo como alcaldesa con la bendici\u00f3n de Dios y 700 pesos en el caj\u00f3n del erario.<\/p>\n\n\n\n<p>Futa\u2026<\/p>\n\n\n\n<p>Pero a pesar de todo; suerte, alcaldesa.<\/p>\n\n\n\n<p>PD. Una fuente confiable me coment\u00f3 que al menos un 40 por ciento de los 212 municipios tienen el problema de Ixhuatl\u00e1n del Caf\u00e9 porque m\u00e1s que atracar, los ahora exalcaldes arrasaron con todo. Y esp\u00e9rate lector, porque todav\u00eda falta la Cuenta P\u00fablica del 2025.<\/p>\n\n\n\n<p>bernagup28@gmail.com<\/p>\n","protected":false},"excerpt":{"rendered":"<p>Bernardo Guti\u00e9rrez ParraDesde el Caf\u00e9Esto que a continuaci\u00f3n contar\u00e9 ya no sorprende a nadie porque se ha vuelto una escena costumbrista en nuestra entidad, aunque no por eso hay que dejar de se\u00f1alarla. As\u00ed que uno dos tres, arriba el tel\u00f3n y comenzamos. M\u00e1s chueco que derecho, la mayor\u00eda de los 212 mun\u00edcipes veracruzanos que [&hellip;]<\/p>\n","protected":false},"author":2,"featured_media":141479,"comment_status":"closed","ping_status":"closed","sticky":false,"template":"","format":"standard","meta":{"tdm_status":"","tdm_grid_status":"","footnotes":""},"categories":[70],"tags":[29065,7805,2289,9188],"class_list":{"0":"post-159690","1":"post","2":"type-post","3":"status-publish","4":"format-standard","5":"has-post-thumbnail","7":"category-de-opinion","8":"tag-dora-angelica-galicia-contreras","9":"tag-ixhuatlan-del-cafe","10":"tag-pt","11":"tag-viridiana-breton-feito"},"yoast_head":"<!-- This site is optimized with the Yoast SEO plugin v27.4 - https:\/\/yoast.com\/product\/yoast-seo-wordpress\/ -->\n<title>CUANDO TE DEJAN 700 PESOS PARA QUE GOBIERNES TU MUNICIPIO - Los pol\u00edticos Veracruz<\/title>\n<meta name=\"robots\" content=\"index, follow, max-snippet:-1, max-image-preview:large, max-video-preview:-1\" \/>\n<link rel=\"canonical\" href=\"https:\/\/lospoliticosveracruz.com\/?p=159690\" \/>\n<meta property=\"og:locale\" content=\"es_ES\" \/>\n<meta property=\"og:type\" content=\"article\" \/>\n<meta property=\"og:title\" content=\"CUANDO TE DEJAN 700 PESOS PARA QUE GOBIERNES TU MUNICIPIO - Los pol\u00edticos Veracruz\" \/>\n<meta property=\"og:description\" content=\"Bernardo Guti\u00e9rrez ParraDesde el Caf\u00e9Esto que a continuaci\u00f3n contar\u00e9 ya no sorprende a nadie porque se ha vuelto una escena costumbrista en nuestra entidad, aunque no por eso hay que dejar de se\u00f1alarla. As\u00ed que uno dos tres, arriba el tel\u00f3n y comenzamos. M\u00e1s chueco que derecho, la mayor\u00eda de los 212 mun\u00edcipes veracruzanos que [&hellip;]\" \/>\n<meta property=\"og:url\" content=\"https:\/\/lospoliticosveracruz.com\/?p=159690\" \/>\n<meta property=\"og:site_name\" content=\"Los pol\u00edticos Veracruz\" \/>\n<meta property=\"article:publisher\" content=\"https:\/\/www.facebook.com\/people\/Notimemes-de-los-Polticos\/61565672886568\/\" \/>\n<meta property=\"article:published_time\" content=\"2026-01-07T11:32:13+00:00\" \/>\n<meta property=\"article:modified_time\" content=\"2026-01-07T11:32:14+00:00\" \/>\n<meta property=\"og:image\" content=\"https:\/\/lospoliticosveracruz.com\/wp-content\/uploads\/2025\/04\/Bernardo-Gutierrez-Parra.jpg\" \/>\n\t<meta property=\"og:image:width\" content=\"1250\" \/>\n\t<meta property=\"og:image:height\" content=\"667\" \/>\n\t<meta property=\"og:image:type\" content=\"image\/jpeg\" \/>\n<meta name=\"author\" content=\"Lo viste en Los Pol\u00edticos\" \/>\n<meta name=\"twitter:card\" content=\"summary_large_image\" \/>\n<meta name=\"twitter:creator\" content=\"@LosPoliticosVer\" \/>\n<meta name=\"twitter:site\" content=\"@LosPoliticosVer\" \/>\n<meta name=\"twitter:label1\" content=\"Escrito por\" \/>\n\t<meta name=\"twitter:data1\" content=\"Lo viste en Los Pol\u00edticos\" \/>\n\t<meta name=\"twitter:label2\" content=\"Tiempo de lectura\" \/>\n\t<meta name=\"twitter:data2\" content=\"4 minutos\" \/>\n<script type=\"application\/ld+json\" class=\"yoast-schema-graph\">{\"@context\":\"https:\\\/\\\/schema.org\",\"@graph\":[{\"@type\":\"Article\",\"@id\":\"https:\\\/\\\/lospoliticosveracruz.com\\\/?p=159690#article\",\"isPartOf\":{\"@id\":\"https:\\\/\\\/lospoliticosveracruz.com\\\/?p=159690\"},\"author\":{\"name\":\"Lo viste en Los Pol\u00edticos\",\"@id\":\"https:\\\/\\\/lospoliticosveracruz.com\\\/#\\\/schema\\\/person\\\/b8702bb0e538456e6efd07080bf2a4a2\"},\"headline\":\"CUANDO TE DEJAN 700 PESOS PARA QUE GOBIERNES TU MUNICIPIO\",\"datePublished\":\"2026-01-07T11:32:13+00:00\",\"dateModified\":\"2026-01-07T11:32:14+00:00\",\"mainEntityOfPage\":{\"@id\":\"https:\\\/\\\/lospoliticosveracruz.com\\\/?p=159690\"},\"wordCount\":824,\"publisher\":{\"@id\":\"https:\\\/\\\/lospoliticosveracruz.com\\\/#organization\"},\"image\":{\"@id\":\"https:\\\/\\\/lospoliticosveracruz.com\\\/?p=159690#primaryimage\"},\"thumbnailUrl\":\"https:\\\/\\\/lospoliticosveracruz.com\\\/wp-content\\\/uploads\\\/2025\\\/04\\\/Bernardo-Gutierrez-Parra.jpg\",\"keywords\":[\"Dora Ang\u00e9lica Galicia Contreras\",\"Ixhuatl\u00e1n del Caf\u00e9\",\"PT\",\"Viridiana Bret\u00f3n Feito\"],\"articleSection\":[\"De Opini\u00f3n\"],\"inLanguage\":\"es\"},{\"@type\":\"WebPage\",\"@id\":\"https:\\\/\\\/lospoliticosveracruz.com\\\/?p=159690\",\"url\":\"https:\\\/\\\/lospoliticosveracruz.com\\\/?p=159690\",\"name\":\"CUANDO TE DEJAN 700 PESOS PARA QUE GOBIERNES TU MUNICIPIO - Los pol\u00edticos Veracruz\",\"isPartOf\":{\"@id\":\"https:\\\/\\\/lospoliticosveracruz.com\\\/#website\"},\"primaryImageOfPage\":{\"@id\":\"https:\\\/\\\/lospoliticosveracruz.com\\\/?p=159690#primaryimage\"},\"image\":{\"@id\":\"https:\\\/\\\/lospoliticosveracruz.com\\\/?p=159690#primaryimage\"},\"thumbnailUrl\":\"https:\\\/\\\/lospoliticosveracruz.com\\\/wp-content\\\/uploads\\\/2025\\\/04\\\/Bernardo-Gutierrez-Parra.jpg\",\"datePublished\":\"2026-01-07T11:32:13+00:00\",\"dateModified\":\"2026-01-07T11:32:14+00:00\",\"breadcrumb\":{\"@id\":\"https:\\\/\\\/lospoliticosveracruz.com\\\/?p=159690#breadcrumb\"},\"inLanguage\":\"es\",\"potentialAction\":[{\"@type\":\"ReadAction\",\"target\":[\"https:\\\/\\\/lospoliticosveracruz.com\\\/?p=159690\"]}]},{\"@type\":\"ImageObject\",\"inLanguage\":\"es\",\"@id\":\"https:\\\/\\\/lospoliticosveracruz.com\\\/?p=159690#primaryimage\",\"url\":\"https:\\\/\\\/lospoliticosveracruz.com\\\/wp-content\\\/uploads\\\/2025\\\/04\\\/Bernardo-Gutierrez-Parra.jpg\",\"contentUrl\":\"https:\\\/\\\/lospoliticosveracruz.com\\\/wp-content\\\/uploads\\\/2025\\\/04\\\/Bernardo-Gutierrez-Parra.jpg\",\"width\":1250,\"height\":667},{\"@type\":\"BreadcrumbList\",\"@id\":\"https:\\\/\\\/lospoliticosveracruz.com\\\/?p=159690#breadcrumb\",\"itemListElement\":[{\"@type\":\"ListItem\",\"position\":1,\"name\":\"Portada\",\"item\":\"https:\\\/\\\/lospoliticosveracruz.com\\\/\"},{\"@type\":\"ListItem\",\"position\":2,\"name\":\"CUANDO TE DEJAN 700 PESOS PARA QUE GOBIERNES TU MUNICIPIO\"}]},{\"@type\":\"WebSite\",\"@id\":\"https:\\\/\\\/lospoliticosveracruz.com\\\/#website\",\"url\":\"https:\\\/\\\/lospoliticosveracruz.com\\\/\",\"name\":\"Los pol\u00edticos Veracruz\",\"description\":\"\",\"publisher\":{\"@id\":\"https:\\\/\\\/lospoliticosveracruz.com\\\/#organization\"},\"potentialAction\":[{\"@type\":\"SearchAction\",\"target\":{\"@type\":\"EntryPoint\",\"urlTemplate\":\"https:\\\/\\\/lospoliticosveracruz.com\\\/?s={search_term_string}\"},\"query-input\":{\"@type\":\"PropertyValueSpecification\",\"valueRequired\":true,\"valueName\":\"search_term_string\"}}],\"inLanguage\":\"es\"},{\"@type\":\"Organization\",\"@id\":\"https:\\\/\\\/lospoliticosveracruz.com\\\/#organization\",\"name\":\"Los pol\u00edticos Veracruz\",\"url\":\"https:\\\/\\\/lospoliticosveracruz.com\\\/\",\"logo\":{\"@type\":\"ImageObject\",\"inLanguage\":\"es\",\"@id\":\"https:\\\/\\\/lospoliticosveracruz.com\\\/#\\\/schema\\\/logo\\\/image\\\/\",\"url\":\"https:\\\/\\\/lospoliticosveracruz.com\\\/wp-content\\\/uploads\\\/2025\\\/12\\\/Logo-Nuevo-LOS-POLITICOS-1.jpg\",\"contentUrl\":\"https:\\\/\\\/lospoliticosveracruz.com\\\/wp-content\\\/uploads\\\/2025\\\/12\\\/Logo-Nuevo-LOS-POLITICOS-1.jpg\",\"width\":260,\"height\":70,\"caption\":\"Los pol\u00edticos Veracruz\"},\"image\":{\"@id\":\"https:\\\/\\\/lospoliticosveracruz.com\\\/#\\\/schema\\\/logo\\\/image\\\/\"},\"sameAs\":[\"https:\\\/\\\/www.facebook.com\\\/people\\\/Notimemes-de-los-Polticos\\\/61565672886568\\\/\",\"https:\\\/\\\/x.com\\\/LosPoliticosVer\"]},{\"@type\":\"Person\",\"@id\":\"https:\\\/\\\/lospoliticosveracruz.com\\\/#\\\/schema\\\/person\\\/b8702bb0e538456e6efd07080bf2a4a2\",\"name\":\"Lo viste en Los Pol\u00edticos\",\"image\":{\"@type\":\"ImageObject\",\"inLanguage\":\"es\",\"@id\":\"https:\\\/\\\/secure.gravatar.com\\\/avatar\\\/3a8de04a2656d44082be478bd6c086daa447c4651605818287b9532d3d0bd435?s=96&d=mm&r=g\",\"url\":\"https:\\\/\\\/secure.gravatar.com\\\/avatar\\\/3a8de04a2656d44082be478bd6c086daa447c4651605818287b9532d3d0bd435?s=96&d=mm&r=g\",\"contentUrl\":\"https:\\\/\\\/secure.gravatar.com\\\/avatar\\\/3a8de04a2656d44082be478bd6c086daa447c4651605818287b9532d3d0bd435?s=96&d=mm&r=g\",\"caption\":\"Lo viste en Los Pol\u00edticos\"},\"url\":\"https:\\\/\\\/lospoliticosveracruz.com\\\/?author=2\"}]}<\/script>\n<!-- \/ Yoast SEO plugin. -->","yoast_head_json":{"title":"CUANDO TE DEJAN 700 PESOS PARA QUE GOBIERNES TU MUNICIPIO - Los pol\u00edticos Veracruz","robots":{"index":"index","follow":"follow","max-snippet":"max-snippet:-1","max-image-preview":"max-image-preview:large","max-video-preview":"max-video-preview:-1"},"canonical":"https:\/\/lospoliticosveracruz.com\/?p=159690","og_locale":"es_ES","og_type":"article","og_title":"CUANDO TE DEJAN 700 PESOS PARA QUE GOBIERNES TU MUNICIPIO - Los pol\u00edticos Veracruz","og_description":"Bernardo Guti\u00e9rrez ParraDesde el Caf\u00e9Esto que a continuaci\u00f3n contar\u00e9 ya no sorprende a nadie porque se ha vuelto una escena costumbrista en nuestra entidad, aunque no por eso hay que dejar de se\u00f1alarla. As\u00ed que uno dos tres, arriba el tel\u00f3n y comenzamos. M\u00e1s chueco que derecho, la mayor\u00eda de los 212 mun\u00edcipes veracruzanos que [&hellip;]","og_url":"https:\/\/lospoliticosveracruz.com\/?p=159690","og_site_name":"Los pol\u00edticos Veracruz","article_publisher":"https:\/\/www.facebook.com\/people\/Notimemes-de-los-Polticos\/61565672886568\/","article_published_time":"2026-01-07T11:32:13+00:00","article_modified_time":"2026-01-07T11:32:14+00:00","og_image":[{"width":1250,"height":667,"url":"https:\/\/lospoliticosveracruz.com\/wp-content\/uploads\/2025\/04\/Bernardo-Gutierrez-Parra.jpg","type":"image\/jpeg"}],"author":"Lo viste en Los Pol\u00edticos","twitter_card":"summary_large_image","twitter_creator":"@LosPoliticosVer","twitter_site":"@LosPoliticosVer","twitter_misc":{"Escrito por":"Lo viste en Los Pol\u00edticos","Tiempo de lectura":"4 minutos"},"schema":{"@context":"https:\/\/schema.org","@graph":[{"@type":"Article","@id":"https:\/\/lospoliticosveracruz.com\/?p=159690#article","isPartOf":{"@id":"https:\/\/lospoliticosveracruz.com\/?p=159690"},"author":{"name":"Lo viste en Los Pol\u00edticos","@id":"https:\/\/lospoliticosveracruz.com\/#\/schema\/person\/b8702bb0e538456e6efd07080bf2a4a2"},"headline":"CUANDO TE DEJAN 700 PESOS PARA QUE GOBIERNES TU MUNICIPIO","datePublished":"2026-01-07T11:32:13+00:00","dateModified":"2026-01-07T11:32:14+00:00","mainEntityOfPage":{"@id":"https:\/\/lospoliticosveracruz.com\/?p=159690"},"wordCount":824,"publisher":{"@id":"https:\/\/lospoliticosveracruz.com\/#organization"},"image":{"@id":"https:\/\/lospoliticosveracruz.com\/?p=159690#primaryimage"},"thumbnailUrl":"https:\/\/lospoliticosveracruz.com\/wp-content\/uploads\/2025\/04\/Bernardo-Gutierrez-Parra.jpg","keywords":["Dora Ang\u00e9lica Galicia Contreras","Ixhuatl\u00e1n del Caf\u00e9","PT","Viridiana Bret\u00f3n Feito"],"articleSection":["De Opini\u00f3n"],"inLanguage":"es"},{"@type":"WebPage","@id":"https:\/\/lospoliticosveracruz.com\/?p=159690","url":"https:\/\/lospoliticosveracruz.com\/?p=159690","name":"CUANDO TE DEJAN 700 PESOS PARA QUE GOBIERNES TU MUNICIPIO - Los pol\u00edticos Veracruz","isPartOf":{"@id":"https:\/\/lospoliticosveracruz.com\/#website"},"primaryImageOfPage":{"@id":"https:\/\/lospoliticosveracruz.com\/?p=159690#primaryimage"},"image":{"@id":"https:\/\/lospoliticosveracruz.com\/?p=159690#primaryimage"},"thumbnailUrl":"https:\/\/lospoliticosveracruz.com\/wp-content\/uploads\/2025\/04\/Bernardo-Gutierrez-Parra.jpg","datePublished":"2026-01-07T11:32:13+00:00","dateModified":"2026-01-07T11:32:14+00:00","breadcrumb":{"@id":"https:\/\/lospoliticosveracruz.com\/?p=159690#breadcrumb"},"inLanguage":"es","potentialAction":[{"@type":"ReadAction","target":["https:\/\/lospoliticosveracruz.com\/?p=159690"]}]},{"@type":"ImageObject","inLanguage":"es","@id":"https:\/\/lospoliticosveracruz.com\/?p=159690#primaryimage","url":"https:\/\/lospoliticosveracruz.com\/wp-content\/uploads\/2025\/04\/Bernardo-Gutierrez-Parra.jpg","contentUrl":"https:\/\/lospoliticosveracruz.com\/wp-content\/uploads\/2025\/04\/Bernardo-Gutierrez-Parra.jpg","width":1250,"height":667},{"@type":"BreadcrumbList","@id":"https:\/\/lospoliticosveracruz.com\/?p=159690#breadcrumb","itemListElement":[{"@type":"ListItem","position":1,"name":"Portada","item":"https:\/\/lospoliticosveracruz.com\/"},{"@type":"ListItem","position":2,"name":"CUANDO TE DEJAN 700 PESOS PARA QUE GOBIERNES TU MUNICIPIO"}]},{"@type":"WebSite","@id":"https:\/\/lospoliticosveracruz.com\/#website","url":"https:\/\/lospoliticosveracruz.com\/","name":"Los pol\u00edticos Veracruz","description":"","publisher":{"@id":"https:\/\/lospoliticosveracruz.com\/#organization"},"potentialAction":[{"@type":"SearchAction","target":{"@type":"EntryPoint","urlTemplate":"https:\/\/lospoliticosveracruz.com\/?s={search_term_string}"},"query-input":{"@type":"PropertyValueSpecification","valueRequired":true,"valueName":"search_term_string"}}],"inLanguage":"es"},{"@type":"Organization","@id":"https:\/\/lospoliticosveracruz.com\/#organization","name":"Los pol\u00edticos Veracruz","url":"https:\/\/lospoliticosveracruz.com\/","logo":{"@type":"ImageObject","inLanguage":"es","@id":"https:\/\/lospoliticosveracruz.com\/#\/schema\/logo\/image\/","url":"https:\/\/lospoliticosveracruz.com\/wp-content\/uploads\/2025\/12\/Logo-Nuevo-LOS-POLITICOS-1.jpg","contentUrl":"https:\/\/lospoliticosveracruz.com\/wp-content\/uploads\/2025\/12\/Logo-Nuevo-LOS-POLITICOS-1.jpg","width":260,"height":70,"caption":"Los pol\u00edticos Veracruz"},"image":{"@id":"https:\/\/lospoliticosveracruz.com\/#\/schema\/logo\/image\/"},"sameAs":["https:\/\/www.facebook.com\/people\/Notimemes-de-los-Polticos\/61565672886568\/","https:\/\/x.com\/LosPoliticosVer"]},{"@type":"Person","@id":"https:\/\/lospoliticosveracruz.com\/#\/schema\/person\/b8702bb0e538456e6efd07080bf2a4a2","name":"Lo viste en Los Pol\u00edticos","image":{"@type":"ImageObject","inLanguage":"es","@id":"https:\/\/secure.gravatar.com\/avatar\/3a8de04a2656d44082be478bd6c086daa447c4651605818287b9532d3d0bd435?s=96&d=mm&r=g","url":"https:\/\/secure.gravatar.com\/avatar\/3a8de04a2656d44082be478bd6c086daa447c4651605818287b9532d3d0bd435?s=96&d=mm&r=g","contentUrl":"https:\/\/secure.gravatar.com\/avatar\/3a8de04a2656d44082be478bd6c086daa447c4651605818287b9532d3d0bd435?s=96&d=mm&r=g","caption":"Lo viste en Los Pol\u00edticos"},"url":"https:\/\/lospoliticosveracruz.com\/?author=2"}]}},"_links":{"self":[{"href":"https:\/\/lospoliticosveracruz.com\/index.php?rest_route=\/wp\/v2\/posts\/159690","targetHints":{"allow":["GET"]}}],"collection":[{"href":"https:\/\/lospoliticosveracruz.com\/index.php?rest_route=\/wp\/v2\/posts"}],"about":[{"href":"https:\/\/lospoliticosveracruz.com\/index.php?rest_route=\/wp\/v2\/types\/post"}],"author":[{"embeddable":true,"href":"https:\/\/lospoliticosveracruz.com\/index.php?rest_route=\/wp\/v2\/users\/2"}],"replies":[{"embeddable":true,"href":"https:\/\/lospoliticosveracruz.com\/index.php?rest_route=%2Fwp%2Fv2%2Fcomments&post=159690"}],"version-history":[{"count":1,"href":"https:\/\/lospoliticosveracruz.com\/index.php?rest_route=\/wp\/v2\/posts\/159690\/revisions"}],"predecessor-version":[{"id":159691,"href":"https:\/\/lospoliticosveracruz.com\/index.php?rest_route=\/wp\/v2\/posts\/159690\/revisions\/159691"}],"wp:featuredmedia":[{"embeddable":true,"href":"https:\/\/lospoliticosveracruz.com\/index.php?rest_route=\/wp\/v2\/media\/141479"}],"wp:attachment":[{"href":"https:\/\/lospoliticosveracruz.com\/index.php?rest_route=%2Fwp%2Fv2%2Fmedia&parent=159690"}],"wp:term":[{"taxonomy":"category","embeddable":true,"href":"https:\/\/lospoliticosveracruz.com\/index.php?rest_route=%2Fwp%2Fv2%2Fcategories&post=159690"},{"taxonomy":"post_tag","embeddable":true,"href":"https:\/\/lospoliticosveracruz.com\/index.php?rest_route=%2Fwp%2Fv2%2Ftags&post=159690"}],"curies":[{"name":"wp","href":"https:\/\/api.w.org\/{rel}","templated":true}]}}