{"id":159692,"date":"2026-01-07T06:31:21","date_gmt":"2026-01-07T12:31:21","guid":{"rendered":"https:\/\/lospoliticosveracruz.com\/?p=159692"},"modified":"2026-01-07T06:31:22","modified_gmt":"2026-01-07T12:31:22","slug":"campesinos-sin-justicia","status":"publish","type":"post","link":"https:\/\/lospoliticosveracruz.com\/?p=159692","title":{"rendered":"CAMPESINOS, SIN JUSTICIA"},"content":{"rendered":"\n<p><strong>Fanny Y\u00e9pez<\/strong><br><em>La Columna<\/em><\/p>\n\n\n\n<p>A 111 a\u00f1os de la promulgaci\u00f3n de La Ley Agraria de M\u00e9xico, promulgada el 6 de enero de 1915 por Venustiano Carranza, el campo mexicano presenta un panorama de contrastes, marcado por un sector agropecuario con crecimiento econ\u00f3mico y alta capacidad exportadora, pero que arrastra graves desaf\u00edos, como la pobreza, la crisis h\u00eddrica, el cambio clim\u00e1tico y la falta de pol\u00edticas p\u00fablicas efectivas para los peque\u00f1os productores.<br>Se estima que aproximadamente entre 185,000 hect\u00e1reas y m\u00e1s de un mill\u00f3n de hect\u00e1reas de tierras cultivables en Veracruz est\u00e1n abandonadas o sin sembrar, dependiendo de la fuente y el a\u00f1o del informe.<br>Aunque no existe una cifra exacta y oficial \u00fanica para 2025, varios reportes de organizaciones campesinas, como la Confederaci\u00f3n Nacional Campesina (CNC), han mantenido esta estimaci\u00f3n en a\u00f1os recientes, indicando un problema persistente de abandono del campo.<br>Fen\u00f3menos naturales como las sequ\u00edas, lluvias excesivas e inundaciones han siniestrado miles de hect\u00e1reas, con reportes de m\u00e1s de 24,000 hect\u00e1reas afectadas en el estado de Veracruz hasta mayo de 2025.<br>La crisis econ\u00f3mica, los bajos precios de comercializaci\u00f3n de productos agr\u00edcolas y los altos costos de producci\u00f3n, obligan a los productores a dejar perder sus cosechas o a abandonar la actividad.<br>La falta de oportunidades y la crisis en el campo han provocado la migraci\u00f3n de la mano de obra joven, dejando a las comunidades con una poblaci\u00f3n de adultos mayores y m\u00e1s de mill\u00f3n de hect\u00e1reas sin sembrar.<br>Hay que resaltar que persiste una gran deuda con los productores del campo, la revoluci\u00f3n no les ha hecho justicia, el campo enfrenta desaf\u00edos persistentes como el abandono rural, la falta de apoyos integrales y la necesidad de nuevas pol\u00edticas con organizaciones campesinas, se\u00f1alando que muchos beneficios de la legislaci\u00f3n agraria a\u00fan no se concretan, subsistiendo una gran brecha entre los ideales de justicia social y la realidad productiva y social de los ejidos y comunidades, a pesar de la Reforma Agraria de 1992 que modific\u00f3 el Art\u00edculo 27 constitucional.<br>Desaf\u00edos y Problem\u00e1ticas Principales<br>Nadie puede negar que la pobreza y desigualdad persisten en las comunidades ejidales, por ello varios campesinos han abandonado esta actividad, esto ha provocado un crecimiento de pueblo fantasmas, la actividad agraria no es rentable.<br>A pesar del crecimiento general del sector, persisten altos niveles de pobreza y desigualdad en las zonas rurales. La modernizaci\u00f3n del campo a menudo ha favorecido al sector industrializado, descuidando a los peque\u00f1os productores y comunidades ejidales que fueron el foco original de la Ley de 1915, en estas zonas rurales se siguen utilizando herramientas rudimentarias, lejos pero muy lejos est\u00e1n los financiamientos para la compra de tractores, fertilizantes y sistemas de riego.<br>Es necesario resaltar que este sector enfrenta una severa escasez de agua, con pr\u00e1cticas de riego deficientes y sobreexplotaci\u00f3n de acu\u00edferos. Los eventos clim\u00e1ticos extremos, como las sequ\u00edas, impactan negativamente en los rendimientos de cultivos b\u00e1sicos como el ma\u00edz, el sorgo y el trigo, poniendo en riesgo la seguridad alimentaria del pa\u00eds.<br><strong>Rentabilidad y Costos de Producci\u00f3n<\/strong><br>Los productores enfrentan un incremento constante en los costos de insumos agr\u00edcolas y transporte, mientras que los precios internacionales de los granos han ca\u00eddo, afectando gravemente su rentabilidad.<br>Falta de Apoyos y Financiamiento: Existe una percepci\u00f3n generalizada entre los agricultores de falta de pol\u00edticas p\u00fablicas y apoyos gubernamentales suficientes, lo que dificulta la inversi\u00f3n y el financiamiento necesario para mejorar la productividad,<br>Seguridad y Gobernabilidad: El campo tambi\u00e9n enfrenta problemas de inseguridad, extorsi\u00f3n y conflictos relacionados con el acaparamiento de tierras y agua, lo que a\u00f1ade una capa de complejidad social y pol\u00edtica a la producci\u00f3n agr\u00edcola.<br>Fortalezas y Oportunidades<br>En medio de todas esas cifras que impactan, el sector agropecuario ha mostrado un crecimiento econ\u00f3mico notable en los \u00faltimos a\u00f1os, con un repunte del 5.4% anual en algunas mediciones recientes y una importante atracci\u00f3n de inversi\u00f3n extranjera directa.<br><strong>Diversidad de Cultivos<\/strong><br>M\u00e9xico destaca en la producci\u00f3n de una amplia gama de productos, como aguacate hasta ma\u00edz y soya, muchos de los cuales tienen un mercado de exportaci\u00f3n consolidado.<br>Potencial Tecnol\u00f3gico: La adopci\u00f3n de tecnolog\u00eda y la agricultura sustentable se vislumbran como \u00e1reas de oportunidad, para mitigar los efectos del cambio clim\u00e1tico y aumentar la competitividad.<br>En resumen, el campo mexicano, a m\u00e1s de un siglo de la hist\u00f3rica Ley Agraria, que busc\u00f3 la justicia social y la redistribuci\u00f3n de la tierra, sigue siendo un pilar econ\u00f3mico, pero enfrenta una crisis estructural que requiere un reenfoque urgente de pol\u00edticas p\u00fablicas, para garantizar la sostenibilidad, la equidad y la seguridad alimentaria.<br><strong>Primer Aniversario Luctuoso del Dr. Carlos Garc\u00eda M\u00e9ndez<\/strong><br>El viernes 9 de enero en la Universidad de Xalapa, a las 16 horas, se rendir\u00e1n honores al Rector fundador de esta casa de estudios, el doctor Carlos Garc\u00eda M\u00e9ndez, al cumplirse un a\u00f1o de su fallecimiento.<br>Transcurri\u00f3 un a\u00f1o y el recuerdo de este singular maestro de tantas generaciones, no se borra, porque dej\u00f3 una huella que se manifiesta en las nuevas generaciones, que egresaron de esa Instituci\u00f3n que hoy goza de prestigio nacional e internacional.<br>Esos profesionistas son el testimonio del intenso trabajo que realiz\u00f3 Garc\u00eda M\u00e9ndez, porque la mayor\u00eda de esos egresados ocupa importantes cargos en la administraci\u00f3n p\u00fablica y en la iniciativa privada.<br>Adem\u00e1s de ser un ejemplar maestro y rector de la UX, fue un gran amigo, generoso y humilde en su trato, porque siempre supo reconocer el lugar donde se encontraba. Lo mismo se reun\u00eda con grandes empresarios que con peque\u00f1os comerciantes y emprendedores, a los que ayud\u00f3 en su paso como secretario de Desarrollo Econ\u00f3mico y Portuario del Gobierno del Estado.<br>Familiares y amigos nos vamos a reunir en esa ceremonia que se llevar\u00e1 a cabo el pr\u00f3ximo viernes, a las 4 de la tarde, en la Universidad de Xalapa y posteriormente se ofrecer\u00e1 una misa por su eterno descanso.<\/p>\n","protected":false},"excerpt":{"rendered":"<p>Fanny Y\u00e9pezLa Columna A 111 a\u00f1os de la promulgaci\u00f3n de La Ley Agraria de M\u00e9xico, promulgada el 6 de enero de 1915 por Venustiano Carranza, el campo mexicano presenta un panorama de contrastes, marcado por un sector agropecuario con crecimiento econ\u00f3mico y alta capacidad exportadora, pero que arrastra graves desaf\u00edos, como la pobreza, la crisis [&hellip;]<\/p>\n","protected":false},"author":2,"featured_media":141383,"comment_status":"closed","ping_status":"closed","sticky":false,"template":"","format":"standard","meta":{"tdm_status":"","tdm_grid_status":"","footnotes":""},"categories":[70],"tags":[5895,7808,3118,4465],"class_list":{"0":"post-159692","1":"post","2":"type-post","3":"status-publish","4":"format-standard","5":"has-post-thumbnail","7":"category-de-opinion","8":"tag-campesinos","9":"tag-carlos-garcia-mendez","10":"tag-cnc","11":"tag-ley-agraria"},"yoast_head":"<!-- This site is optimized with the Yoast SEO plugin v27.4 - https:\/\/yoast.com\/product\/yoast-seo-wordpress\/ -->\n<title>CAMPESINOS, SIN JUSTICIA - Los pol\u00edticos Veracruz<\/title>\n<meta name=\"robots\" content=\"index, follow, max-snippet:-1, max-image-preview:large, max-video-preview:-1\" \/>\n<link rel=\"canonical\" href=\"https:\/\/lospoliticosveracruz.com\/?p=159692\" \/>\n<meta property=\"og:locale\" content=\"es_ES\" \/>\n<meta property=\"og:type\" content=\"article\" \/>\n<meta property=\"og:title\" content=\"CAMPESINOS, SIN JUSTICIA - Los pol\u00edticos Veracruz\" \/>\n<meta property=\"og:description\" content=\"Fanny Y\u00e9pezLa Columna A 111 a\u00f1os de la promulgaci\u00f3n de La Ley Agraria de M\u00e9xico, promulgada el 6 de enero de 1915 por Venustiano Carranza, el campo mexicano presenta un panorama de contrastes, marcado por un sector agropecuario con crecimiento econ\u00f3mico y alta capacidad exportadora, pero que arrastra graves desaf\u00edos, como la pobreza, la crisis [&hellip;]\" \/>\n<meta property=\"og:url\" content=\"https:\/\/lospoliticosveracruz.com\/?p=159692\" \/>\n<meta property=\"og:site_name\" content=\"Los pol\u00edticos Veracruz\" \/>\n<meta property=\"article:publisher\" content=\"https:\/\/www.facebook.com\/people\/Notimemes-de-los-Polticos\/61565672886568\/\" \/>\n<meta property=\"article:published_time\" content=\"2026-01-07T12:31:21+00:00\" \/>\n<meta property=\"article:modified_time\" content=\"2026-01-07T12:31:22+00:00\" \/>\n<meta property=\"og:image\" content=\"https:\/\/lospoliticosveracruz.com\/wp-content\/uploads\/2025\/04\/Fanny-Yepez-Luna.jpg\" \/>\n\t<meta property=\"og:image:width\" content=\"1250\" \/>\n\t<meta property=\"og:image:height\" content=\"667\" \/>\n\t<meta property=\"og:image:type\" content=\"image\/jpeg\" \/>\n<meta name=\"author\" content=\"Lo viste en Los Pol\u00edticos\" \/>\n<meta name=\"twitter:card\" content=\"summary_large_image\" \/>\n<meta name=\"twitter:creator\" content=\"@LosPoliticosVer\" \/>\n<meta name=\"twitter:site\" content=\"@LosPoliticosVer\" \/>\n<meta name=\"twitter:label1\" content=\"Escrito por\" \/>\n\t<meta name=\"twitter:data1\" content=\"Lo viste en Los Pol\u00edticos\" \/>\n\t<meta name=\"twitter:label2\" content=\"Tiempo de lectura\" \/>\n\t<meta name=\"twitter:data2\" content=\"5 minutos\" \/>\n<script type=\"application\/ld+json\" class=\"yoast-schema-graph\">{\"@context\":\"https:\\\/\\\/schema.org\",\"@graph\":[{\"@type\":\"Article\",\"@id\":\"https:\\\/\\\/lospoliticosveracruz.com\\\/?p=159692#article\",\"isPartOf\":{\"@id\":\"https:\\\/\\\/lospoliticosveracruz.com\\\/?p=159692\"},\"author\":{\"name\":\"Lo viste en Los Pol\u00edticos\",\"@id\":\"https:\\\/\\\/lospoliticosveracruz.com\\\/#\\\/schema\\\/person\\\/b8702bb0e538456e6efd07080bf2a4a2\"},\"headline\":\"CAMPESINOS, SIN JUSTICIA\",\"datePublished\":\"2026-01-07T12:31:21+00:00\",\"dateModified\":\"2026-01-07T12:31:22+00:00\",\"mainEntityOfPage\":{\"@id\":\"https:\\\/\\\/lospoliticosveracruz.com\\\/?p=159692\"},\"wordCount\":1055,\"publisher\":{\"@id\":\"https:\\\/\\\/lospoliticosveracruz.com\\\/#organization\"},\"image\":{\"@id\":\"https:\\\/\\\/lospoliticosveracruz.com\\\/?p=159692#primaryimage\"},\"thumbnailUrl\":\"https:\\\/\\\/lospoliticosveracruz.com\\\/wp-content\\\/uploads\\\/2025\\\/04\\\/Fanny-Yepez-Luna-e1768657334923.jpg\",\"keywords\":[\"Campesinos\",\"Carlos Garc\u00eda M\u00e9ndez\",\"CNC\",\"Ley Agraria\"],\"articleSection\":[\"De Opini\u00f3n\"],\"inLanguage\":\"es\"},{\"@type\":\"WebPage\",\"@id\":\"https:\\\/\\\/lospoliticosveracruz.com\\\/?p=159692\",\"url\":\"https:\\\/\\\/lospoliticosveracruz.com\\\/?p=159692\",\"name\":\"CAMPESINOS, SIN JUSTICIA - Los pol\u00edticos Veracruz\",\"isPartOf\":{\"@id\":\"https:\\\/\\\/lospoliticosveracruz.com\\\/#website\"},\"primaryImageOfPage\":{\"@id\":\"https:\\\/\\\/lospoliticosveracruz.com\\\/?p=159692#primaryimage\"},\"image\":{\"@id\":\"https:\\\/\\\/lospoliticosveracruz.com\\\/?p=159692#primaryimage\"},\"thumbnailUrl\":\"https:\\\/\\\/lospoliticosveracruz.com\\\/wp-content\\\/uploads\\\/2025\\\/04\\\/Fanny-Yepez-Luna-e1768657334923.jpg\",\"datePublished\":\"2026-01-07T12:31:21+00:00\",\"dateModified\":\"2026-01-07T12:31:22+00:00\",\"breadcrumb\":{\"@id\":\"https:\\\/\\\/lospoliticosveracruz.com\\\/?p=159692#breadcrumb\"},\"inLanguage\":\"es\",\"potentialAction\":[{\"@type\":\"ReadAction\",\"target\":[\"https:\\\/\\\/lospoliticosveracruz.com\\\/?p=159692\"]}]},{\"@type\":\"ImageObject\",\"inLanguage\":\"es\",\"@id\":\"https:\\\/\\\/lospoliticosveracruz.com\\\/?p=159692#primaryimage\",\"url\":\"https:\\\/\\\/lospoliticosveracruz.com\\\/wp-content\\\/uploads\\\/2025\\\/04\\\/Fanny-Yepez-Luna-e1768657334923.jpg\",\"contentUrl\":\"https:\\\/\\\/lospoliticosveracruz.com\\\/wp-content\\\/uploads\\\/2025\\\/04\\\/Fanny-Yepez-Luna-e1768657334923.jpg\",\"width\":600,\"height\":320},{\"@type\":\"BreadcrumbList\",\"@id\":\"https:\\\/\\\/lospoliticosveracruz.com\\\/?p=159692#breadcrumb\",\"itemListElement\":[{\"@type\":\"ListItem\",\"position\":1,\"name\":\"Portada\",\"item\":\"https:\\\/\\\/lospoliticosveracruz.com\\\/\"},{\"@type\":\"ListItem\",\"position\":2,\"name\":\"CAMPESINOS, SIN JUSTICIA\"}]},{\"@type\":\"WebSite\",\"@id\":\"https:\\\/\\\/lospoliticosveracruz.com\\\/#website\",\"url\":\"https:\\\/\\\/lospoliticosveracruz.com\\\/\",\"name\":\"Los pol\u00edticos Veracruz\",\"description\":\"\",\"publisher\":{\"@id\":\"https:\\\/\\\/lospoliticosveracruz.com\\\/#organization\"},\"potentialAction\":[{\"@type\":\"SearchAction\",\"target\":{\"@type\":\"EntryPoint\",\"urlTemplate\":\"https:\\\/\\\/lospoliticosveracruz.com\\\/?s={search_term_string}\"},\"query-input\":{\"@type\":\"PropertyValueSpecification\",\"valueRequired\":true,\"valueName\":\"search_term_string\"}}],\"inLanguage\":\"es\"},{\"@type\":\"Organization\",\"@id\":\"https:\\\/\\\/lospoliticosveracruz.com\\\/#organization\",\"name\":\"Los pol\u00edticos Veracruz\",\"url\":\"https:\\\/\\\/lospoliticosveracruz.com\\\/\",\"logo\":{\"@type\":\"ImageObject\",\"inLanguage\":\"es\",\"@id\":\"https:\\\/\\\/lospoliticosveracruz.com\\\/#\\\/schema\\\/logo\\\/image\\\/\",\"url\":\"https:\\\/\\\/lospoliticosveracruz.com\\\/wp-content\\\/uploads\\\/2025\\\/12\\\/Logo-Nuevo-LOS-POLITICOS-1.jpg\",\"contentUrl\":\"https:\\\/\\\/lospoliticosveracruz.com\\\/wp-content\\\/uploads\\\/2025\\\/12\\\/Logo-Nuevo-LOS-POLITICOS-1.jpg\",\"width\":260,\"height\":70,\"caption\":\"Los pol\u00edticos Veracruz\"},\"image\":{\"@id\":\"https:\\\/\\\/lospoliticosveracruz.com\\\/#\\\/schema\\\/logo\\\/image\\\/\"},\"sameAs\":[\"https:\\\/\\\/www.facebook.com\\\/people\\\/Notimemes-de-los-Polticos\\\/61565672886568\\\/\",\"https:\\\/\\\/x.com\\\/LosPoliticosVer\"]},{\"@type\":\"Person\",\"@id\":\"https:\\\/\\\/lospoliticosveracruz.com\\\/#\\\/schema\\\/person\\\/b8702bb0e538456e6efd07080bf2a4a2\",\"name\":\"Lo viste en Los Pol\u00edticos\",\"image\":{\"@type\":\"ImageObject\",\"inLanguage\":\"es\",\"@id\":\"https:\\\/\\\/secure.gravatar.com\\\/avatar\\\/3a8de04a2656d44082be478bd6c086daa447c4651605818287b9532d3d0bd435?s=96&d=mm&r=g\",\"url\":\"https:\\\/\\\/secure.gravatar.com\\\/avatar\\\/3a8de04a2656d44082be478bd6c086daa447c4651605818287b9532d3d0bd435?s=96&d=mm&r=g\",\"contentUrl\":\"https:\\\/\\\/secure.gravatar.com\\\/avatar\\\/3a8de04a2656d44082be478bd6c086daa447c4651605818287b9532d3d0bd435?s=96&d=mm&r=g\",\"caption\":\"Lo viste en Los Pol\u00edticos\"},\"url\":\"https:\\\/\\\/lospoliticosveracruz.com\\\/?author=2\"}]}<\/script>\n<!-- \/ Yoast SEO plugin. -->","yoast_head_json":{"title":"CAMPESINOS, SIN JUSTICIA - Los pol\u00edticos Veracruz","robots":{"index":"index","follow":"follow","max-snippet":"max-snippet:-1","max-image-preview":"max-image-preview:large","max-video-preview":"max-video-preview:-1"},"canonical":"https:\/\/lospoliticosveracruz.com\/?p=159692","og_locale":"es_ES","og_type":"article","og_title":"CAMPESINOS, SIN JUSTICIA - Los pol\u00edticos Veracruz","og_description":"Fanny Y\u00e9pezLa Columna A 111 a\u00f1os de la promulgaci\u00f3n de La Ley Agraria de M\u00e9xico, promulgada el 6 de enero de 1915 por Venustiano Carranza, el campo mexicano presenta un panorama de contrastes, marcado por un sector agropecuario con crecimiento econ\u00f3mico y alta capacidad exportadora, pero que arrastra graves desaf\u00edos, como la pobreza, la crisis [&hellip;]","og_url":"https:\/\/lospoliticosveracruz.com\/?p=159692","og_site_name":"Los pol\u00edticos Veracruz","article_publisher":"https:\/\/www.facebook.com\/people\/Notimemes-de-los-Polticos\/61565672886568\/","article_published_time":"2026-01-07T12:31:21+00:00","article_modified_time":"2026-01-07T12:31:22+00:00","og_image":[{"width":1250,"height":667,"url":"https:\/\/lospoliticosveracruz.com\/wp-content\/uploads\/2025\/04\/Fanny-Yepez-Luna.jpg","type":"image\/jpeg"}],"author":"Lo viste en Los Pol\u00edticos","twitter_card":"summary_large_image","twitter_creator":"@LosPoliticosVer","twitter_site":"@LosPoliticosVer","twitter_misc":{"Escrito por":"Lo viste en Los Pol\u00edticos","Tiempo de lectura":"5 minutos"},"schema":{"@context":"https:\/\/schema.org","@graph":[{"@type":"Article","@id":"https:\/\/lospoliticosveracruz.com\/?p=159692#article","isPartOf":{"@id":"https:\/\/lospoliticosveracruz.com\/?p=159692"},"author":{"name":"Lo viste en Los Pol\u00edticos","@id":"https:\/\/lospoliticosveracruz.com\/#\/schema\/person\/b8702bb0e538456e6efd07080bf2a4a2"},"headline":"CAMPESINOS, SIN JUSTICIA","datePublished":"2026-01-07T12:31:21+00:00","dateModified":"2026-01-07T12:31:22+00:00","mainEntityOfPage":{"@id":"https:\/\/lospoliticosveracruz.com\/?p=159692"},"wordCount":1055,"publisher":{"@id":"https:\/\/lospoliticosveracruz.com\/#organization"},"image":{"@id":"https:\/\/lospoliticosveracruz.com\/?p=159692#primaryimage"},"thumbnailUrl":"https:\/\/lospoliticosveracruz.com\/wp-content\/uploads\/2025\/04\/Fanny-Yepez-Luna-e1768657334923.jpg","keywords":["Campesinos","Carlos Garc\u00eda M\u00e9ndez","CNC","Ley Agraria"],"articleSection":["De Opini\u00f3n"],"inLanguage":"es"},{"@type":"WebPage","@id":"https:\/\/lospoliticosveracruz.com\/?p=159692","url":"https:\/\/lospoliticosveracruz.com\/?p=159692","name":"CAMPESINOS, SIN JUSTICIA - Los pol\u00edticos Veracruz","isPartOf":{"@id":"https:\/\/lospoliticosveracruz.com\/#website"},"primaryImageOfPage":{"@id":"https:\/\/lospoliticosveracruz.com\/?p=159692#primaryimage"},"image":{"@id":"https:\/\/lospoliticosveracruz.com\/?p=159692#primaryimage"},"thumbnailUrl":"https:\/\/lospoliticosveracruz.com\/wp-content\/uploads\/2025\/04\/Fanny-Yepez-Luna-e1768657334923.jpg","datePublished":"2026-01-07T12:31:21+00:00","dateModified":"2026-01-07T12:31:22+00:00","breadcrumb":{"@id":"https:\/\/lospoliticosveracruz.com\/?p=159692#breadcrumb"},"inLanguage":"es","potentialAction":[{"@type":"ReadAction","target":["https:\/\/lospoliticosveracruz.com\/?p=159692"]}]},{"@type":"ImageObject","inLanguage":"es","@id":"https:\/\/lospoliticosveracruz.com\/?p=159692#primaryimage","url":"https:\/\/lospoliticosveracruz.com\/wp-content\/uploads\/2025\/04\/Fanny-Yepez-Luna-e1768657334923.jpg","contentUrl":"https:\/\/lospoliticosveracruz.com\/wp-content\/uploads\/2025\/04\/Fanny-Yepez-Luna-e1768657334923.jpg","width":600,"height":320},{"@type":"BreadcrumbList","@id":"https:\/\/lospoliticosveracruz.com\/?p=159692#breadcrumb","itemListElement":[{"@type":"ListItem","position":1,"name":"Portada","item":"https:\/\/lospoliticosveracruz.com\/"},{"@type":"ListItem","position":2,"name":"CAMPESINOS, SIN JUSTICIA"}]},{"@type":"WebSite","@id":"https:\/\/lospoliticosveracruz.com\/#website","url":"https:\/\/lospoliticosveracruz.com\/","name":"Los pol\u00edticos Veracruz","description":"","publisher":{"@id":"https:\/\/lospoliticosveracruz.com\/#organization"},"potentialAction":[{"@type":"SearchAction","target":{"@type":"EntryPoint","urlTemplate":"https:\/\/lospoliticosveracruz.com\/?s={search_term_string}"},"query-input":{"@type":"PropertyValueSpecification","valueRequired":true,"valueName":"search_term_string"}}],"inLanguage":"es"},{"@type":"Organization","@id":"https:\/\/lospoliticosveracruz.com\/#organization","name":"Los pol\u00edticos Veracruz","url":"https:\/\/lospoliticosveracruz.com\/","logo":{"@type":"ImageObject","inLanguage":"es","@id":"https:\/\/lospoliticosveracruz.com\/#\/schema\/logo\/image\/","url":"https:\/\/lospoliticosveracruz.com\/wp-content\/uploads\/2025\/12\/Logo-Nuevo-LOS-POLITICOS-1.jpg","contentUrl":"https:\/\/lospoliticosveracruz.com\/wp-content\/uploads\/2025\/12\/Logo-Nuevo-LOS-POLITICOS-1.jpg","width":260,"height":70,"caption":"Los pol\u00edticos Veracruz"},"image":{"@id":"https:\/\/lospoliticosveracruz.com\/#\/schema\/logo\/image\/"},"sameAs":["https:\/\/www.facebook.com\/people\/Notimemes-de-los-Polticos\/61565672886568\/","https:\/\/x.com\/LosPoliticosVer"]},{"@type":"Person","@id":"https:\/\/lospoliticosveracruz.com\/#\/schema\/person\/b8702bb0e538456e6efd07080bf2a4a2","name":"Lo viste en Los Pol\u00edticos","image":{"@type":"ImageObject","inLanguage":"es","@id":"https:\/\/secure.gravatar.com\/avatar\/3a8de04a2656d44082be478bd6c086daa447c4651605818287b9532d3d0bd435?s=96&d=mm&r=g","url":"https:\/\/secure.gravatar.com\/avatar\/3a8de04a2656d44082be478bd6c086daa447c4651605818287b9532d3d0bd435?s=96&d=mm&r=g","contentUrl":"https:\/\/secure.gravatar.com\/avatar\/3a8de04a2656d44082be478bd6c086daa447c4651605818287b9532d3d0bd435?s=96&d=mm&r=g","caption":"Lo viste en Los Pol\u00edticos"},"url":"https:\/\/lospoliticosveracruz.com\/?author=2"}]}},"_links":{"self":[{"href":"https:\/\/lospoliticosveracruz.com\/index.php?rest_route=\/wp\/v2\/posts\/159692","targetHints":{"allow":["GET"]}}],"collection":[{"href":"https:\/\/lospoliticosveracruz.com\/index.php?rest_route=\/wp\/v2\/posts"}],"about":[{"href":"https:\/\/lospoliticosveracruz.com\/index.php?rest_route=\/wp\/v2\/types\/post"}],"author":[{"embeddable":true,"href":"https:\/\/lospoliticosveracruz.com\/index.php?rest_route=\/wp\/v2\/users\/2"}],"replies":[{"embeddable":true,"href":"https:\/\/lospoliticosveracruz.com\/index.php?rest_route=%2Fwp%2Fv2%2Fcomments&post=159692"}],"version-history":[{"count":1,"href":"https:\/\/lospoliticosveracruz.com\/index.php?rest_route=\/wp\/v2\/posts\/159692\/revisions"}],"predecessor-version":[{"id":159693,"href":"https:\/\/lospoliticosveracruz.com\/index.php?rest_route=\/wp\/v2\/posts\/159692\/revisions\/159693"}],"wp:featuredmedia":[{"embeddable":true,"href":"https:\/\/lospoliticosveracruz.com\/index.php?rest_route=\/wp\/v2\/media\/141383"}],"wp:attachment":[{"href":"https:\/\/lospoliticosveracruz.com\/index.php?rest_route=%2Fwp%2Fv2%2Fmedia&parent=159692"}],"wp:term":[{"taxonomy":"category","embeddable":true,"href":"https:\/\/lospoliticosveracruz.com\/index.php?rest_route=%2Fwp%2Fv2%2Fcategories&post=159692"},{"taxonomy":"post_tag","embeddable":true,"href":"https:\/\/lospoliticosveracruz.com\/index.php?rest_route=%2Fwp%2Fv2%2Ftags&post=159692"}],"curies":[{"name":"wp","href":"https:\/\/api.w.org\/{rel}","templated":true}]}}