{"id":159697,"date":"2026-01-07T07:40:45","date_gmt":"2026-01-07T13:40:45","guid":{"rendered":"https:\/\/lospoliticosveracruz.com\/?p=159697"},"modified":"2026-01-07T07:43:36","modified_gmt":"2026-01-07T13:43:36","slug":"la-estrella-que-guia-el-amor-que-paga","status":"publish","type":"post","link":"https:\/\/lospoliticosveracruz.com\/?p=159697","title":{"rendered":"LA ESTRELLA QUE GU\u00cdA, EL AMOR QUE PAGA"},"content":{"rendered":"\n<p><strong>Julio Vallejo&nbsp;<\/strong><\/p>\n\n\n\n<p><em>La delgada l\u00ednea entre mi opini\u00f3n y la tuya&nbsp;<\/em><\/p>\n\n\n\n<p>No es la locura de Nochebuena, sino una fiebre de \u00faltima hora: la noche de Reyes Magos. A\u00fan recuerdo aquel d\u00eda donde mi hermano Alejandro, no quer\u00eda dormirse hasta que llegaran los reyes magos, la ansiedad no era por saber lo que le dejar\u00edan esa noche, si no&nbsp;&nbsp;hacer el reclamo de por qu\u00e9 nunca le tra\u00edan lo que el ped\u00eda; ese momento lleg\u00f3 a mi mente, mientras observaba a los padres y madres correr por las tiendas, cargando cajas, bicicletas y comparando precios, al mismo tiempo se me viene a la cabeza una reflexi\u00f3n que va m\u00e1s all\u00e1 de la ilusi\u00f3n infantil: \u00bfen qu\u00e9 momento la tradici\u00f3n de los Reyes magos se transform\u00f3 en un marat\u00f3n de consumo y estr\u00e9s adulto?<\/p>\n\n\n\n\n\n<p>La fotograf\u00eda se repite en cada centro comercial y jugueter\u00eda: filas interminables, carritos llenos y la preocupaci\u00f3n marcada en los rostros. Curiosamente, la mayor\u00eda de estos padres y madres solo piensan en dar, en llenar el vac\u00edo bajo el \u00e1rbol o junto al zapato, sin detenerse a pensar realmente en lo que quieren sus hijos o, m\u00e1s importante a\u00fan, lo que necesitan.<\/p>\n\n\n\n<p>Hemos adoptado un modelo de consumismo voraz que nos aleja de la esencia de la tradici\u00f3n. El oro, el incienso y la mirra han sido sustituidos por pl\u00e1sticos que pronto ser\u00e1n olvidados. La \u00abestrella que gu\u00eda a los Magos\u00bb, esa luz de esperanza y generosidad desinteresada, no ilumina a todos por igual.<\/p>\n\n\n\n<p>Es aqu\u00ed donde la polarizaci\u00f3n se hace dolorosamente visible. Contrastan los escaparates repletos de juguetes car\u00edsimos con las miradas de los ni\u00f1os que venden chicles en los cruceros, record\u00e1ndonos que el mejor regalo, a veces, es la empat\u00eda y la conciencia social.<\/p>\n\n\n\n<p>La tradici\u00f3n nos invitaba a la humildad y a la ofrenda significativa. Hoy, el mercado nos empuja a la competencia materialista.<\/p>\n\n\n\n<p>\u00bfY si este a\u00f1o el mejor regalo de Reyes no viniera envuelto en papel brillante?<\/p>\n\n\n\n<p>Propongo que recuperemos la estrella de Bel\u00e9n original. Que nos gu\u00ede hacia la reflexi\u00f3n de que el amor de los padres no se mide en el precio del juguete, sino en el tiempo de calidad, en la ense\u00f1anza de valores y en la capacidad de mirar m\u00e1s all\u00e1 de nuestro c\u00edrculo inmediato. El sacrificio de los padres es real y valioso, pero asegur\u00e9monos de que ese sacrificio est\u00e9 comprando memorias y no solo objetos.<\/p>\n\n\n\n<p>Que esta Noche de Reyes, en Xalapa y en todo M\u00e9xico, podamos regalar algo inmaterial, pero eterno: un poco m\u00e1s de tiempo, un poco m\u00e1s de conciencia, amor y, sobre todo, la esperanza de que podemos construir una sociedad donde la estrella de la generosidad brille para todos.<\/p>\n","protected":false},"excerpt":{"rendered":"<p>Julio Vallejo&nbsp; La delgada l\u00ednea entre mi opini\u00f3n y la tuya&nbsp; No es la locura de Nochebuena, sino una fiebre de \u00faltima hora: la noche de Reyes Magos. A\u00fan recuerdo aquel d\u00eda donde mi hermano Alejandro, no quer\u00eda dormirse hasta que llegaran los reyes magos, la ansiedad no era por saber lo que le dejar\u00edan [&hellip;]<\/p>\n","protected":false},"author":2,"featured_media":141394,"comment_status":"closed","ping_status":"closed","sticky":false,"template":"","format":"standard","meta":{"tdm_status":"","tdm_grid_status":"","footnotes":""},"categories":[75],"tags":[48878,48882,48879,48881,48880,48883],"class_list":{"0":"post-159697","1":"post","2":"type-post","3":"status-publish","4":"format-standard","5":"has-post-thumbnail","7":"category-cine-libros-y-mas","8":"tag-consumismo-en-el-dia-de-reyes","9":"tag-estres-de-padres-en-dia-de-reyes","10":"tag-julio-vallejo-la-delgada-linea","11":"tag-regalos-de-reyes-magos-xalapa-2026","12":"tag-significado-de-los-reyes-magos-reflexion","13":"tag-tradicion-de-reyes-magos-y-valores"},"yoast_head":"<!-- This site is optimized with the Yoast SEO plugin v27.4 - https:\/\/yoast.com\/product\/yoast-seo-wordpress\/ -->\n<title>LA ESTRELLA QUE GU\u00cdA, EL AMOR QUE PAGA - Los pol\u00edticos Veracruz<\/title>\n<meta name=\"robots\" content=\"index, follow, max-snippet:-1, max-image-preview:large, max-video-preview:-1\" \/>\n<link rel=\"canonical\" href=\"https:\/\/lospoliticosveracruz.com\/?p=159697\" \/>\n<meta property=\"og:locale\" content=\"es_ES\" \/>\n<meta property=\"og:type\" content=\"article\" \/>\n<meta property=\"og:title\" content=\"LA ESTRELLA QUE GU\u00cdA, EL AMOR QUE PAGA - Los pol\u00edticos Veracruz\" \/>\n<meta property=\"og:description\" content=\"Julio Vallejo&nbsp; La delgada l\u00ednea entre mi opini\u00f3n y la tuya&nbsp; No es la locura de Nochebuena, sino una fiebre de \u00faltima hora: la noche de Reyes Magos. A\u00fan recuerdo aquel d\u00eda donde mi hermano Alejandro, no quer\u00eda dormirse hasta que llegaran los reyes magos, la ansiedad no era por saber lo que le dejar\u00edan [&hellip;]\" \/>\n<meta property=\"og:url\" content=\"https:\/\/lospoliticosveracruz.com\/?p=159697\" \/>\n<meta property=\"og:site_name\" content=\"Los pol\u00edticos Veracruz\" \/>\n<meta property=\"article:publisher\" content=\"https:\/\/www.facebook.com\/people\/Notimemes-de-los-Polticos\/61565672886568\/\" \/>\n<meta property=\"article:published_time\" content=\"2026-01-07T13:40:45+00:00\" \/>\n<meta property=\"article:modified_time\" content=\"2026-01-07T13:43:36+00:00\" \/>\n<meta property=\"og:image\" content=\"https:\/\/lospoliticosveracruz.com\/wp-content\/uploads\/2025\/04\/Julio-Vallejo.jpg\" \/>\n\t<meta property=\"og:image:width\" content=\"1250\" \/>\n\t<meta property=\"og:image:height\" content=\"667\" \/>\n\t<meta property=\"og:image:type\" content=\"image\/jpeg\" \/>\n<meta name=\"author\" content=\"Lo viste en Los Pol\u00edticos\" \/>\n<meta name=\"twitter:card\" content=\"summary_large_image\" \/>\n<meta name=\"twitter:creator\" content=\"@LosPoliticosVer\" \/>\n<meta name=\"twitter:site\" content=\"@LosPoliticosVer\" \/>\n<meta name=\"twitter:label1\" content=\"Escrito por\" \/>\n\t<meta name=\"twitter:data1\" content=\"Lo viste en Los Pol\u00edticos\" \/>\n\t<meta name=\"twitter:label2\" content=\"Tiempo de lectura\" \/>\n\t<meta name=\"twitter:data2\" content=\"5 minutos\" \/>\n<script type=\"application\/ld+json\" class=\"yoast-schema-graph\">{\"@context\":\"https:\\\/\\\/schema.org\",\"@graph\":[{\"@type\":\"Article\",\"@id\":\"https:\\\/\\\/lospoliticosveracruz.com\\\/?p=159697#article\",\"isPartOf\":{\"@id\":\"https:\\\/\\\/lospoliticosveracruz.com\\\/?p=159697\"},\"author\":{\"name\":\"Lo viste en Los Pol\u00edticos\",\"@id\":\"https:\\\/\\\/lospoliticosveracruz.com\\\/#\\\/schema\\\/person\\\/b8702bb0e538456e6efd07080bf2a4a2\"},\"headline\":\"LA ESTRELLA QUE GU\u00cdA, EL AMOR QUE PAGA\",\"datePublished\":\"2026-01-07T13:40:45+00:00\",\"dateModified\":\"2026-01-07T13:43:36+00:00\",\"mainEntityOfPage\":{\"@id\":\"https:\\\/\\\/lospoliticosveracruz.com\\\/?p=159697\"},\"wordCount\":502,\"publisher\":{\"@id\":\"https:\\\/\\\/lospoliticosveracruz.com\\\/#organization\"},\"image\":{\"@id\":\"https:\\\/\\\/lospoliticosveracruz.com\\\/?p=159697#primaryimage\"},\"thumbnailUrl\":\"https:\\\/\\\/lospoliticosveracruz.com\\\/wp-content\\\/uploads\\\/2025\\\/04\\\/Julio-Vallejo.jpg\",\"keywords\":[\"Consumismo en el D\u00eda de Reyes\",\"Estr\u00e9s de padres en D\u00eda de Reyes\",\"Julio Vallejo La delgada l\u00ednea\",\"Regalos de Reyes Magos Xalapa 2026\",\"Significado de los Reyes Magos reflexi\u00f3n\",\"Tradici\u00f3n de Reyes Magos y valores\"],\"articleSection\":[\"Cine, Libros y m\u00e1s\"],\"inLanguage\":\"es\"},{\"@type\":\"WebPage\",\"@id\":\"https:\\\/\\\/lospoliticosveracruz.com\\\/?p=159697\",\"url\":\"https:\\\/\\\/lospoliticosveracruz.com\\\/?p=159697\",\"name\":\"LA ESTRELLA QUE GU\u00cdA, EL AMOR QUE PAGA - Los pol\u00edticos Veracruz\",\"isPartOf\":{\"@id\":\"https:\\\/\\\/lospoliticosveracruz.com\\\/#website\"},\"primaryImageOfPage\":{\"@id\":\"https:\\\/\\\/lospoliticosveracruz.com\\\/?p=159697#primaryimage\"},\"image\":{\"@id\":\"https:\\\/\\\/lospoliticosveracruz.com\\\/?p=159697#primaryimage\"},\"thumbnailUrl\":\"https:\\\/\\\/lospoliticosveracruz.com\\\/wp-content\\\/uploads\\\/2025\\\/04\\\/Julio-Vallejo.jpg\",\"datePublished\":\"2026-01-07T13:40:45+00:00\",\"dateModified\":\"2026-01-07T13:43:36+00:00\",\"breadcrumb\":{\"@id\":\"https:\\\/\\\/lospoliticosveracruz.com\\\/?p=159697#breadcrumb\"},\"inLanguage\":\"es\",\"potentialAction\":[{\"@type\":\"ReadAction\",\"target\":[\"https:\\\/\\\/lospoliticosveracruz.com\\\/?p=159697\"]}]},{\"@type\":\"ImageObject\",\"inLanguage\":\"es\",\"@id\":\"https:\\\/\\\/lospoliticosveracruz.com\\\/?p=159697#primaryimage\",\"url\":\"https:\\\/\\\/lospoliticosveracruz.com\\\/wp-content\\\/uploads\\\/2025\\\/04\\\/Julio-Vallejo.jpg\",\"contentUrl\":\"https:\\\/\\\/lospoliticosveracruz.com\\\/wp-content\\\/uploads\\\/2025\\\/04\\\/Julio-Vallejo.jpg\",\"width\":1250,\"height\":667},{\"@type\":\"BreadcrumbList\",\"@id\":\"https:\\\/\\\/lospoliticosveracruz.com\\\/?p=159697#breadcrumb\",\"itemListElement\":[{\"@type\":\"ListItem\",\"position\":1,\"name\":\"Portada\",\"item\":\"https:\\\/\\\/lospoliticosveracruz.com\\\/\"},{\"@type\":\"ListItem\",\"position\":2,\"name\":\"LA ESTRELLA QUE GU\u00cdA, EL AMOR QUE PAGA\"}]},{\"@type\":\"WebSite\",\"@id\":\"https:\\\/\\\/lospoliticosveracruz.com\\\/#website\",\"url\":\"https:\\\/\\\/lospoliticosveracruz.com\\\/\",\"name\":\"Los pol\u00edticos Veracruz\",\"description\":\"\",\"publisher\":{\"@id\":\"https:\\\/\\\/lospoliticosveracruz.com\\\/#organization\"},\"potentialAction\":[{\"@type\":\"SearchAction\",\"target\":{\"@type\":\"EntryPoint\",\"urlTemplate\":\"https:\\\/\\\/lospoliticosveracruz.com\\\/?s={search_term_string}\"},\"query-input\":{\"@type\":\"PropertyValueSpecification\",\"valueRequired\":true,\"valueName\":\"search_term_string\"}}],\"inLanguage\":\"es\"},{\"@type\":\"Organization\",\"@id\":\"https:\\\/\\\/lospoliticosveracruz.com\\\/#organization\",\"name\":\"Los pol\u00edticos Veracruz\",\"url\":\"https:\\\/\\\/lospoliticosveracruz.com\\\/\",\"logo\":{\"@type\":\"ImageObject\",\"inLanguage\":\"es\",\"@id\":\"https:\\\/\\\/lospoliticosveracruz.com\\\/#\\\/schema\\\/logo\\\/image\\\/\",\"url\":\"https:\\\/\\\/lospoliticosveracruz.com\\\/wp-content\\\/uploads\\\/2025\\\/12\\\/Logo-Nuevo-LOS-POLITICOS-1.jpg\",\"contentUrl\":\"https:\\\/\\\/lospoliticosveracruz.com\\\/wp-content\\\/uploads\\\/2025\\\/12\\\/Logo-Nuevo-LOS-POLITICOS-1.jpg\",\"width\":260,\"height\":70,\"caption\":\"Los pol\u00edticos Veracruz\"},\"image\":{\"@id\":\"https:\\\/\\\/lospoliticosveracruz.com\\\/#\\\/schema\\\/logo\\\/image\\\/\"},\"sameAs\":[\"https:\\\/\\\/www.facebook.com\\\/people\\\/Notimemes-de-los-Polticos\\\/61565672886568\\\/\",\"https:\\\/\\\/x.com\\\/LosPoliticosVer\"]},{\"@type\":\"Person\",\"@id\":\"https:\\\/\\\/lospoliticosveracruz.com\\\/#\\\/schema\\\/person\\\/b8702bb0e538456e6efd07080bf2a4a2\",\"name\":\"Lo viste en Los Pol\u00edticos\",\"image\":{\"@type\":\"ImageObject\",\"inLanguage\":\"es\",\"@id\":\"https:\\\/\\\/secure.gravatar.com\\\/avatar\\\/3a8de04a2656d44082be478bd6c086daa447c4651605818287b9532d3d0bd435?s=96&d=mm&r=g\",\"url\":\"https:\\\/\\\/secure.gravatar.com\\\/avatar\\\/3a8de04a2656d44082be478bd6c086daa447c4651605818287b9532d3d0bd435?s=96&d=mm&r=g\",\"contentUrl\":\"https:\\\/\\\/secure.gravatar.com\\\/avatar\\\/3a8de04a2656d44082be478bd6c086daa447c4651605818287b9532d3d0bd435?s=96&d=mm&r=g\",\"caption\":\"Lo viste en Los Pol\u00edticos\"},\"url\":\"https:\\\/\\\/lospoliticosveracruz.com\\\/?author=2\"}]}<\/script>\n<!-- \/ Yoast SEO plugin. -->","yoast_head_json":{"title":"LA ESTRELLA QUE GU\u00cdA, EL AMOR QUE PAGA - Los pol\u00edticos Veracruz","robots":{"index":"index","follow":"follow","max-snippet":"max-snippet:-1","max-image-preview":"max-image-preview:large","max-video-preview":"max-video-preview:-1"},"canonical":"https:\/\/lospoliticosveracruz.com\/?p=159697","og_locale":"es_ES","og_type":"article","og_title":"LA ESTRELLA QUE GU\u00cdA, EL AMOR QUE PAGA - Los pol\u00edticos Veracruz","og_description":"Julio Vallejo&nbsp; La delgada l\u00ednea entre mi opini\u00f3n y la tuya&nbsp; No es la locura de Nochebuena, sino una fiebre de \u00faltima hora: la noche de Reyes Magos. A\u00fan recuerdo aquel d\u00eda donde mi hermano Alejandro, no quer\u00eda dormirse hasta que llegaran los reyes magos, la ansiedad no era por saber lo que le dejar\u00edan [&hellip;]","og_url":"https:\/\/lospoliticosveracruz.com\/?p=159697","og_site_name":"Los pol\u00edticos Veracruz","article_publisher":"https:\/\/www.facebook.com\/people\/Notimemes-de-los-Polticos\/61565672886568\/","article_published_time":"2026-01-07T13:40:45+00:00","article_modified_time":"2026-01-07T13:43:36+00:00","og_image":[{"width":1250,"height":667,"url":"https:\/\/lospoliticosveracruz.com\/wp-content\/uploads\/2025\/04\/Julio-Vallejo.jpg","type":"image\/jpeg"}],"author":"Lo viste en Los Pol\u00edticos","twitter_card":"summary_large_image","twitter_creator":"@LosPoliticosVer","twitter_site":"@LosPoliticosVer","twitter_misc":{"Escrito por":"Lo viste en Los Pol\u00edticos","Tiempo de lectura":"5 minutos"},"schema":{"@context":"https:\/\/schema.org","@graph":[{"@type":"Article","@id":"https:\/\/lospoliticosveracruz.com\/?p=159697#article","isPartOf":{"@id":"https:\/\/lospoliticosveracruz.com\/?p=159697"},"author":{"name":"Lo viste en Los Pol\u00edticos","@id":"https:\/\/lospoliticosveracruz.com\/#\/schema\/person\/b8702bb0e538456e6efd07080bf2a4a2"},"headline":"LA ESTRELLA QUE GU\u00cdA, EL AMOR QUE PAGA","datePublished":"2026-01-07T13:40:45+00:00","dateModified":"2026-01-07T13:43:36+00:00","mainEntityOfPage":{"@id":"https:\/\/lospoliticosveracruz.com\/?p=159697"},"wordCount":502,"publisher":{"@id":"https:\/\/lospoliticosveracruz.com\/#organization"},"image":{"@id":"https:\/\/lospoliticosveracruz.com\/?p=159697#primaryimage"},"thumbnailUrl":"https:\/\/lospoliticosveracruz.com\/wp-content\/uploads\/2025\/04\/Julio-Vallejo.jpg","keywords":["Consumismo en el D\u00eda de Reyes","Estr\u00e9s de padres en D\u00eda de Reyes","Julio Vallejo La delgada l\u00ednea","Regalos de Reyes Magos Xalapa 2026","Significado de los Reyes Magos reflexi\u00f3n","Tradici\u00f3n de Reyes Magos y valores"],"articleSection":["Cine, Libros y m\u00e1s"],"inLanguage":"es"},{"@type":"WebPage","@id":"https:\/\/lospoliticosveracruz.com\/?p=159697","url":"https:\/\/lospoliticosveracruz.com\/?p=159697","name":"LA ESTRELLA QUE GU\u00cdA, EL AMOR QUE PAGA - Los pol\u00edticos Veracruz","isPartOf":{"@id":"https:\/\/lospoliticosveracruz.com\/#website"},"primaryImageOfPage":{"@id":"https:\/\/lospoliticosveracruz.com\/?p=159697#primaryimage"},"image":{"@id":"https:\/\/lospoliticosveracruz.com\/?p=159697#primaryimage"},"thumbnailUrl":"https:\/\/lospoliticosveracruz.com\/wp-content\/uploads\/2025\/04\/Julio-Vallejo.jpg","datePublished":"2026-01-07T13:40:45+00:00","dateModified":"2026-01-07T13:43:36+00:00","breadcrumb":{"@id":"https:\/\/lospoliticosveracruz.com\/?p=159697#breadcrumb"},"inLanguage":"es","potentialAction":[{"@type":"ReadAction","target":["https:\/\/lospoliticosveracruz.com\/?p=159697"]}]},{"@type":"ImageObject","inLanguage":"es","@id":"https:\/\/lospoliticosveracruz.com\/?p=159697#primaryimage","url":"https:\/\/lospoliticosveracruz.com\/wp-content\/uploads\/2025\/04\/Julio-Vallejo.jpg","contentUrl":"https:\/\/lospoliticosveracruz.com\/wp-content\/uploads\/2025\/04\/Julio-Vallejo.jpg","width":1250,"height":667},{"@type":"BreadcrumbList","@id":"https:\/\/lospoliticosveracruz.com\/?p=159697#breadcrumb","itemListElement":[{"@type":"ListItem","position":1,"name":"Portada","item":"https:\/\/lospoliticosveracruz.com\/"},{"@type":"ListItem","position":2,"name":"LA ESTRELLA QUE GU\u00cdA, EL AMOR QUE PAGA"}]},{"@type":"WebSite","@id":"https:\/\/lospoliticosveracruz.com\/#website","url":"https:\/\/lospoliticosveracruz.com\/","name":"Los pol\u00edticos Veracruz","description":"","publisher":{"@id":"https:\/\/lospoliticosveracruz.com\/#organization"},"potentialAction":[{"@type":"SearchAction","target":{"@type":"EntryPoint","urlTemplate":"https:\/\/lospoliticosveracruz.com\/?s={search_term_string}"},"query-input":{"@type":"PropertyValueSpecification","valueRequired":true,"valueName":"search_term_string"}}],"inLanguage":"es"},{"@type":"Organization","@id":"https:\/\/lospoliticosveracruz.com\/#organization","name":"Los pol\u00edticos Veracruz","url":"https:\/\/lospoliticosveracruz.com\/","logo":{"@type":"ImageObject","inLanguage":"es","@id":"https:\/\/lospoliticosveracruz.com\/#\/schema\/logo\/image\/","url":"https:\/\/lospoliticosveracruz.com\/wp-content\/uploads\/2025\/12\/Logo-Nuevo-LOS-POLITICOS-1.jpg","contentUrl":"https:\/\/lospoliticosveracruz.com\/wp-content\/uploads\/2025\/12\/Logo-Nuevo-LOS-POLITICOS-1.jpg","width":260,"height":70,"caption":"Los pol\u00edticos Veracruz"},"image":{"@id":"https:\/\/lospoliticosveracruz.com\/#\/schema\/logo\/image\/"},"sameAs":["https:\/\/www.facebook.com\/people\/Notimemes-de-los-Polticos\/61565672886568\/","https:\/\/x.com\/LosPoliticosVer"]},{"@type":"Person","@id":"https:\/\/lospoliticosveracruz.com\/#\/schema\/person\/b8702bb0e538456e6efd07080bf2a4a2","name":"Lo viste en Los Pol\u00edticos","image":{"@type":"ImageObject","inLanguage":"es","@id":"https:\/\/secure.gravatar.com\/avatar\/3a8de04a2656d44082be478bd6c086daa447c4651605818287b9532d3d0bd435?s=96&d=mm&r=g","url":"https:\/\/secure.gravatar.com\/avatar\/3a8de04a2656d44082be478bd6c086daa447c4651605818287b9532d3d0bd435?s=96&d=mm&r=g","contentUrl":"https:\/\/secure.gravatar.com\/avatar\/3a8de04a2656d44082be478bd6c086daa447c4651605818287b9532d3d0bd435?s=96&d=mm&r=g","caption":"Lo viste en Los Pol\u00edticos"},"url":"https:\/\/lospoliticosveracruz.com\/?author=2"}]}},"_links":{"self":[{"href":"https:\/\/lospoliticosveracruz.com\/index.php?rest_route=\/wp\/v2\/posts\/159697","targetHints":{"allow":["GET"]}}],"collection":[{"href":"https:\/\/lospoliticosveracruz.com\/index.php?rest_route=\/wp\/v2\/posts"}],"about":[{"href":"https:\/\/lospoliticosveracruz.com\/index.php?rest_route=\/wp\/v2\/types\/post"}],"author":[{"embeddable":true,"href":"https:\/\/lospoliticosveracruz.com\/index.php?rest_route=\/wp\/v2\/users\/2"}],"replies":[{"embeddable":true,"href":"https:\/\/lospoliticosveracruz.com\/index.php?rest_route=%2Fwp%2Fv2%2Fcomments&post=159697"}],"version-history":[{"count":2,"href":"https:\/\/lospoliticosveracruz.com\/index.php?rest_route=\/wp\/v2\/posts\/159697\/revisions"}],"predecessor-version":[{"id":159699,"href":"https:\/\/lospoliticosveracruz.com\/index.php?rest_route=\/wp\/v2\/posts\/159697\/revisions\/159699"}],"wp:featuredmedia":[{"embeddable":true,"href":"https:\/\/lospoliticosveracruz.com\/index.php?rest_route=\/wp\/v2\/media\/141394"}],"wp:attachment":[{"href":"https:\/\/lospoliticosveracruz.com\/index.php?rest_route=%2Fwp%2Fv2%2Fmedia&parent=159697"}],"wp:term":[{"taxonomy":"category","embeddable":true,"href":"https:\/\/lospoliticosveracruz.com\/index.php?rest_route=%2Fwp%2Fv2%2Fcategories&post=159697"},{"taxonomy":"post_tag","embeddable":true,"href":"https:\/\/lospoliticosveracruz.com\/index.php?rest_route=%2Fwp%2Fv2%2Ftags&post=159697"}],"curies":[{"name":"wp","href":"https:\/\/api.w.org\/{rel}","templated":true}]}}