{"id":159706,"date":"2026-01-07T09:29:50","date_gmt":"2026-01-07T15:29:50","guid":{"rendered":"https:\/\/lospoliticosveracruz.com\/?p=159706"},"modified":"2026-01-07T09:29:53","modified_gmt":"2026-01-07T15:29:53","slug":"trump-y-el-trato-con-alfileres-desde-palacio","status":"publish","type":"post","link":"https:\/\/lospoliticosveracruz.com\/?p=159706","title":{"rendered":"TRUMP Y EL TRATO \u00abCON ALFILERES\u00bb DESDE PALACIO"},"content":{"rendered":"\n<p><strong>Alejandro Aguirre Guerrero<\/strong><\/p>\n\n\n\n<p><em>Al respecto<\/em><\/p>\n\n\n\n<p>Y a pesar de todo, incluyendo los dichos de Trump sobre M\u00e9xico derivados de la captura de Nicol\u00e1s Maduro, la posici\u00f3n de nuestro pa\u00eds para lograr un buen acuerdo en el nuevo T-MEC contin\u00faa siendo una realidad.<\/p>\n\n\n\n<p>Apenas se enteraron en Palacio Nacional de la abducci\u00f3n del dictador venezolano, la otra preocupaci\u00f3n (adem\u00e1s de generar un posicionamiento ante el operativo militar gringo), eran las declaraciones que Trump pudiera soltar euf\u00f3rico por su logro.<\/p>\n\n\n\n<p>Y es que cuando el magnate se siente en la plenitud del poder, suele incrementar la acidez y contundencia de sus comentarios, y uno de los pa\u00edses con los que acostumbra irse m\u00e1s de la leng\u00fca (en los \u00faltimos tiempos), es justamente M\u00e9xico.<\/p>\n\n\n\n<p>De ah\u00ed que no solamente a la presidencia le ocupara posicionarse, de manera diplom\u00e1tica ante lo acontecido en Venezuela, sino evitar que esta diferencia con el actuar de Trump pudiera trastocar los avances en el T-MEC, aunque no deber\u00eda ser as\u00ed, por tratarse de temas distintos.<\/p>\n\n\n\n<p>Pero como Donald Trump dif\u00edcilmente puede separar rubros (dada su inestabilidad), desde presidencia se pidi\u00f3 tanto a la canciller\u00eda como a la secretar\u00eda de econom\u00eda observar alg\u00fan foco rojo al respecto, y atajar, de ser necesario, cualquier confusi\u00f3n derivada de este asunto.<\/p>\n\n\n\n<p>En Palacio Nacional se ocuparon, de inmediato, en dejar claro que se ha cooperado en el combate al fentanilo, situaci\u00f3n fundamental para que el T-MEC permanezca libre de obst\u00e1culos, al menos para M\u00e9xico.<\/p>\n\n\n\n<p>Por eso en Presidencia se mueven con \u201cpies de plomo\u201d, buscando dejar clara la postura mexicana hacia la intervenci\u00f3n en Venezuela, pero a la vez intentando quedarse en la misma postura positiva rumbo al T-MEC.<\/p>\n\n\n\n<p>Veremos qu\u00e9 ocurre, y si de verdad ocurre.<\/p>\n\n\n\n<p>X: @aaguirre_g<\/p>\n","protected":false},"excerpt":{"rendered":"<p>Alejandro Aguirre Guerrero Al respecto Y a pesar de todo, incluyendo los dichos de Trump sobre M\u00e9xico derivados de la captura de Nicol\u00e1s Maduro, la posici\u00f3n de nuestro pa\u00eds para lograr un buen acuerdo en el nuevo T-MEC contin\u00faa siendo una realidad. Apenas se enteraron en Palacio Nacional de la abducci\u00f3n del dictador venezolano, la [&hellip;]<\/p>\n","protected":false},"author":2,"featured_media":141373,"comment_status":"closed","ping_status":"closed","sticky":false,"template":"","format":"standard","meta":{"tdm_status":"","tdm_grid_status":"","footnotes":""},"categories":[70],"tags":[48895,9627,2846,8013,15966,48562],"class_list":{"0":"post-159706","1":"post","2":"type-post","3":"status-publish","4":"format-standard","5":"has-post-thumbnail","7":"category-de-opinion","8":"tag-alejandro-aguirre","9":"tag-claudia-sheinbaum","10":"tag-donald-trump","11":"tag-nicolas-maduro","12":"tag-t-mec","13":"tag-venezuela"},"yoast_head":"<!-- This site is optimized with the Yoast SEO plugin v27.4 - https:\/\/yoast.com\/product\/yoast-seo-wordpress\/ -->\n<title>TRUMP Y EL TRATO &quot;CON ALFILERES&quot; DESDE PALACIO - Los pol\u00edticos Veracruz<\/title>\n<meta name=\"robots\" content=\"index, follow, max-snippet:-1, max-image-preview:large, max-video-preview:-1\" \/>\n<link rel=\"canonical\" href=\"https:\/\/lospoliticosveracruz.com\/?p=159706\" \/>\n<meta property=\"og:locale\" content=\"es_ES\" \/>\n<meta property=\"og:type\" content=\"article\" \/>\n<meta property=\"og:title\" content=\"TRUMP Y EL TRATO &quot;CON ALFILERES&quot; DESDE PALACIO - Los pol\u00edticos Veracruz\" \/>\n<meta property=\"og:description\" content=\"Alejandro Aguirre Guerrero Al respecto Y a pesar de todo, incluyendo los dichos de Trump sobre M\u00e9xico derivados de la captura de Nicol\u00e1s Maduro, la posici\u00f3n de nuestro pa\u00eds para lograr un buen acuerdo en el nuevo T-MEC contin\u00faa siendo una realidad. Apenas se enteraron en Palacio Nacional de la abducci\u00f3n del dictador venezolano, la [&hellip;]\" \/>\n<meta property=\"og:url\" content=\"https:\/\/lospoliticosveracruz.com\/?p=159706\" \/>\n<meta property=\"og:site_name\" content=\"Los pol\u00edticos Veracruz\" \/>\n<meta property=\"article:publisher\" content=\"https:\/\/www.facebook.com\/people\/Notimemes-de-los-Polticos\/61565672886568\/\" \/>\n<meta property=\"article:published_time\" content=\"2026-01-07T15:29:50+00:00\" \/>\n<meta property=\"article:modified_time\" content=\"2026-01-07T15:29:53+00:00\" \/>\n<meta property=\"og:image\" content=\"https:\/\/lospoliticosveracruz.com\/wp-content\/uploads\/2025\/04\/Alejandro-Aguirre-Guerrero.jpg\" \/>\n\t<meta property=\"og:image:width\" content=\"1250\" \/>\n\t<meta property=\"og:image:height\" content=\"667\" \/>\n\t<meta property=\"og:image:type\" content=\"image\/jpeg\" \/>\n<meta name=\"author\" content=\"Lo viste en Los Pol\u00edticos\" \/>\n<meta name=\"twitter:card\" content=\"summary_large_image\" \/>\n<meta name=\"twitter:creator\" content=\"@LosPoliticosVer\" \/>\n<meta name=\"twitter:site\" content=\"@LosPoliticosVer\" \/>\n<meta name=\"twitter:label1\" content=\"Escrito por\" \/>\n\t<meta name=\"twitter:data1\" content=\"Lo viste en Los Pol\u00edticos\" \/>\n\t<meta name=\"twitter:label2\" content=\"Tiempo de lectura\" \/>\n\t<meta name=\"twitter:data2\" content=\"2 minutos\" \/>\n<script type=\"application\/ld+json\" class=\"yoast-schema-graph\">{\"@context\":\"https:\\\/\\\/schema.org\",\"@graph\":[{\"@type\":\"Article\",\"@id\":\"https:\\\/\\\/lospoliticosveracruz.com\\\/?p=159706#article\",\"isPartOf\":{\"@id\":\"https:\\\/\\\/lospoliticosveracruz.com\\\/?p=159706\"},\"author\":{\"name\":\"Lo viste en Los Pol\u00edticos\",\"@id\":\"https:\\\/\\\/lospoliticosveracruz.com\\\/#\\\/schema\\\/person\\\/b8702bb0e538456e6efd07080bf2a4a2\"},\"headline\":\"TRUMP Y EL TRATO \u00abCON ALFILERES\u00bb DESDE PALACIO\",\"datePublished\":\"2026-01-07T15:29:50+00:00\",\"dateModified\":\"2026-01-07T15:29:53+00:00\",\"mainEntityOfPage\":{\"@id\":\"https:\\\/\\\/lospoliticosveracruz.com\\\/?p=159706\"},\"wordCount\":321,\"publisher\":{\"@id\":\"https:\\\/\\\/lospoliticosveracruz.com\\\/#organization\"},\"image\":{\"@id\":\"https:\\\/\\\/lospoliticosveracruz.com\\\/?p=159706#primaryimage\"},\"thumbnailUrl\":\"https:\\\/\\\/lospoliticosveracruz.com\\\/wp-content\\\/uploads\\\/2025\\\/04\\\/Alejandro-Aguirre-Guerrero.jpg\",\"keywords\":[\"Alejandro Aguirre\",\"Claudia Sheinbaum\",\"Donald Trump\",\"Nicol\u00e1s Maduro\",\"T-MEC\",\"Venezuela\"],\"articleSection\":[\"De Opini\u00f3n\"],\"inLanguage\":\"es\"},{\"@type\":\"WebPage\",\"@id\":\"https:\\\/\\\/lospoliticosveracruz.com\\\/?p=159706\",\"url\":\"https:\\\/\\\/lospoliticosveracruz.com\\\/?p=159706\",\"name\":\"TRUMP Y EL TRATO \\\"CON ALFILERES\\\" DESDE PALACIO - Los pol\u00edticos Veracruz\",\"isPartOf\":{\"@id\":\"https:\\\/\\\/lospoliticosveracruz.com\\\/#website\"},\"primaryImageOfPage\":{\"@id\":\"https:\\\/\\\/lospoliticosveracruz.com\\\/?p=159706#primaryimage\"},\"image\":{\"@id\":\"https:\\\/\\\/lospoliticosveracruz.com\\\/?p=159706#primaryimage\"},\"thumbnailUrl\":\"https:\\\/\\\/lospoliticosveracruz.com\\\/wp-content\\\/uploads\\\/2025\\\/04\\\/Alejandro-Aguirre-Guerrero.jpg\",\"datePublished\":\"2026-01-07T15:29:50+00:00\",\"dateModified\":\"2026-01-07T15:29:53+00:00\",\"breadcrumb\":{\"@id\":\"https:\\\/\\\/lospoliticosveracruz.com\\\/?p=159706#breadcrumb\"},\"inLanguage\":\"es\",\"potentialAction\":[{\"@type\":\"ReadAction\",\"target\":[\"https:\\\/\\\/lospoliticosveracruz.com\\\/?p=159706\"]}]},{\"@type\":\"ImageObject\",\"inLanguage\":\"es\",\"@id\":\"https:\\\/\\\/lospoliticosveracruz.com\\\/?p=159706#primaryimage\",\"url\":\"https:\\\/\\\/lospoliticosveracruz.com\\\/wp-content\\\/uploads\\\/2025\\\/04\\\/Alejandro-Aguirre-Guerrero.jpg\",\"contentUrl\":\"https:\\\/\\\/lospoliticosveracruz.com\\\/wp-content\\\/uploads\\\/2025\\\/04\\\/Alejandro-Aguirre-Guerrero.jpg\",\"width\":1250,\"height\":667},{\"@type\":\"BreadcrumbList\",\"@id\":\"https:\\\/\\\/lospoliticosveracruz.com\\\/?p=159706#breadcrumb\",\"itemListElement\":[{\"@type\":\"ListItem\",\"position\":1,\"name\":\"Portada\",\"item\":\"https:\\\/\\\/lospoliticosveracruz.com\\\/\"},{\"@type\":\"ListItem\",\"position\":2,\"name\":\"TRUMP Y EL TRATO \u00abCON ALFILERES\u00bb DESDE PALACIO\"}]},{\"@type\":\"WebSite\",\"@id\":\"https:\\\/\\\/lospoliticosveracruz.com\\\/#website\",\"url\":\"https:\\\/\\\/lospoliticosveracruz.com\\\/\",\"name\":\"Los pol\u00edticos Veracruz\",\"description\":\"\",\"publisher\":{\"@id\":\"https:\\\/\\\/lospoliticosveracruz.com\\\/#organization\"},\"potentialAction\":[{\"@type\":\"SearchAction\",\"target\":{\"@type\":\"EntryPoint\",\"urlTemplate\":\"https:\\\/\\\/lospoliticosveracruz.com\\\/?s={search_term_string}\"},\"query-input\":{\"@type\":\"PropertyValueSpecification\",\"valueRequired\":true,\"valueName\":\"search_term_string\"}}],\"inLanguage\":\"es\"},{\"@type\":\"Organization\",\"@id\":\"https:\\\/\\\/lospoliticosveracruz.com\\\/#organization\",\"name\":\"Los pol\u00edticos Veracruz\",\"url\":\"https:\\\/\\\/lospoliticosveracruz.com\\\/\",\"logo\":{\"@type\":\"ImageObject\",\"inLanguage\":\"es\",\"@id\":\"https:\\\/\\\/lospoliticosveracruz.com\\\/#\\\/schema\\\/logo\\\/image\\\/\",\"url\":\"https:\\\/\\\/lospoliticosveracruz.com\\\/wp-content\\\/uploads\\\/2025\\\/12\\\/Logo-Nuevo-LOS-POLITICOS-1.jpg\",\"contentUrl\":\"https:\\\/\\\/lospoliticosveracruz.com\\\/wp-content\\\/uploads\\\/2025\\\/12\\\/Logo-Nuevo-LOS-POLITICOS-1.jpg\",\"width\":260,\"height\":70,\"caption\":\"Los pol\u00edticos Veracruz\"},\"image\":{\"@id\":\"https:\\\/\\\/lospoliticosveracruz.com\\\/#\\\/schema\\\/logo\\\/image\\\/\"},\"sameAs\":[\"https:\\\/\\\/www.facebook.com\\\/people\\\/Notimemes-de-los-Polticos\\\/61565672886568\\\/\",\"https:\\\/\\\/x.com\\\/LosPoliticosVer\"]},{\"@type\":\"Person\",\"@id\":\"https:\\\/\\\/lospoliticosveracruz.com\\\/#\\\/schema\\\/person\\\/b8702bb0e538456e6efd07080bf2a4a2\",\"name\":\"Lo viste en Los Pol\u00edticos\",\"image\":{\"@type\":\"ImageObject\",\"inLanguage\":\"es\",\"@id\":\"https:\\\/\\\/secure.gravatar.com\\\/avatar\\\/3a8de04a2656d44082be478bd6c086daa447c4651605818287b9532d3d0bd435?s=96&d=mm&r=g\",\"url\":\"https:\\\/\\\/secure.gravatar.com\\\/avatar\\\/3a8de04a2656d44082be478bd6c086daa447c4651605818287b9532d3d0bd435?s=96&d=mm&r=g\",\"contentUrl\":\"https:\\\/\\\/secure.gravatar.com\\\/avatar\\\/3a8de04a2656d44082be478bd6c086daa447c4651605818287b9532d3d0bd435?s=96&d=mm&r=g\",\"caption\":\"Lo viste en Los Pol\u00edticos\"},\"url\":\"https:\\\/\\\/lospoliticosveracruz.com\\\/?author=2\"}]}<\/script>\n<!-- \/ Yoast SEO plugin. -->","yoast_head_json":{"title":"TRUMP Y EL TRATO \"CON ALFILERES\" DESDE PALACIO - Los pol\u00edticos Veracruz","robots":{"index":"index","follow":"follow","max-snippet":"max-snippet:-1","max-image-preview":"max-image-preview:large","max-video-preview":"max-video-preview:-1"},"canonical":"https:\/\/lospoliticosveracruz.com\/?p=159706","og_locale":"es_ES","og_type":"article","og_title":"TRUMP Y EL TRATO \"CON ALFILERES\" DESDE PALACIO - Los pol\u00edticos Veracruz","og_description":"Alejandro Aguirre Guerrero Al respecto Y a pesar de todo, incluyendo los dichos de Trump sobre M\u00e9xico derivados de la captura de Nicol\u00e1s Maduro, la posici\u00f3n de nuestro pa\u00eds para lograr un buen acuerdo en el nuevo T-MEC contin\u00faa siendo una realidad. Apenas se enteraron en Palacio Nacional de la abducci\u00f3n del dictador venezolano, la [&hellip;]","og_url":"https:\/\/lospoliticosveracruz.com\/?p=159706","og_site_name":"Los pol\u00edticos Veracruz","article_publisher":"https:\/\/www.facebook.com\/people\/Notimemes-de-los-Polticos\/61565672886568\/","article_published_time":"2026-01-07T15:29:50+00:00","article_modified_time":"2026-01-07T15:29:53+00:00","og_image":[{"width":1250,"height":667,"url":"https:\/\/lospoliticosveracruz.com\/wp-content\/uploads\/2025\/04\/Alejandro-Aguirre-Guerrero.jpg","type":"image\/jpeg"}],"author":"Lo viste en Los Pol\u00edticos","twitter_card":"summary_large_image","twitter_creator":"@LosPoliticosVer","twitter_site":"@LosPoliticosVer","twitter_misc":{"Escrito por":"Lo viste en Los Pol\u00edticos","Tiempo de lectura":"2 minutos"},"schema":{"@context":"https:\/\/schema.org","@graph":[{"@type":"Article","@id":"https:\/\/lospoliticosveracruz.com\/?p=159706#article","isPartOf":{"@id":"https:\/\/lospoliticosveracruz.com\/?p=159706"},"author":{"name":"Lo viste en Los Pol\u00edticos","@id":"https:\/\/lospoliticosveracruz.com\/#\/schema\/person\/b8702bb0e538456e6efd07080bf2a4a2"},"headline":"TRUMP Y EL TRATO \u00abCON ALFILERES\u00bb DESDE PALACIO","datePublished":"2026-01-07T15:29:50+00:00","dateModified":"2026-01-07T15:29:53+00:00","mainEntityOfPage":{"@id":"https:\/\/lospoliticosveracruz.com\/?p=159706"},"wordCount":321,"publisher":{"@id":"https:\/\/lospoliticosveracruz.com\/#organization"},"image":{"@id":"https:\/\/lospoliticosveracruz.com\/?p=159706#primaryimage"},"thumbnailUrl":"https:\/\/lospoliticosveracruz.com\/wp-content\/uploads\/2025\/04\/Alejandro-Aguirre-Guerrero.jpg","keywords":["Alejandro Aguirre","Claudia Sheinbaum","Donald Trump","Nicol\u00e1s Maduro","T-MEC","Venezuela"],"articleSection":["De Opini\u00f3n"],"inLanguage":"es"},{"@type":"WebPage","@id":"https:\/\/lospoliticosveracruz.com\/?p=159706","url":"https:\/\/lospoliticosveracruz.com\/?p=159706","name":"TRUMP Y EL TRATO \"CON ALFILERES\" DESDE PALACIO - Los pol\u00edticos Veracruz","isPartOf":{"@id":"https:\/\/lospoliticosveracruz.com\/#website"},"primaryImageOfPage":{"@id":"https:\/\/lospoliticosveracruz.com\/?p=159706#primaryimage"},"image":{"@id":"https:\/\/lospoliticosveracruz.com\/?p=159706#primaryimage"},"thumbnailUrl":"https:\/\/lospoliticosveracruz.com\/wp-content\/uploads\/2025\/04\/Alejandro-Aguirre-Guerrero.jpg","datePublished":"2026-01-07T15:29:50+00:00","dateModified":"2026-01-07T15:29:53+00:00","breadcrumb":{"@id":"https:\/\/lospoliticosveracruz.com\/?p=159706#breadcrumb"},"inLanguage":"es","potentialAction":[{"@type":"ReadAction","target":["https:\/\/lospoliticosveracruz.com\/?p=159706"]}]},{"@type":"ImageObject","inLanguage":"es","@id":"https:\/\/lospoliticosveracruz.com\/?p=159706#primaryimage","url":"https:\/\/lospoliticosveracruz.com\/wp-content\/uploads\/2025\/04\/Alejandro-Aguirre-Guerrero.jpg","contentUrl":"https:\/\/lospoliticosveracruz.com\/wp-content\/uploads\/2025\/04\/Alejandro-Aguirre-Guerrero.jpg","width":1250,"height":667},{"@type":"BreadcrumbList","@id":"https:\/\/lospoliticosveracruz.com\/?p=159706#breadcrumb","itemListElement":[{"@type":"ListItem","position":1,"name":"Portada","item":"https:\/\/lospoliticosveracruz.com\/"},{"@type":"ListItem","position":2,"name":"TRUMP Y EL TRATO \u00abCON ALFILERES\u00bb DESDE PALACIO"}]},{"@type":"WebSite","@id":"https:\/\/lospoliticosveracruz.com\/#website","url":"https:\/\/lospoliticosveracruz.com\/","name":"Los pol\u00edticos Veracruz","description":"","publisher":{"@id":"https:\/\/lospoliticosveracruz.com\/#organization"},"potentialAction":[{"@type":"SearchAction","target":{"@type":"EntryPoint","urlTemplate":"https:\/\/lospoliticosveracruz.com\/?s={search_term_string}"},"query-input":{"@type":"PropertyValueSpecification","valueRequired":true,"valueName":"search_term_string"}}],"inLanguage":"es"},{"@type":"Organization","@id":"https:\/\/lospoliticosveracruz.com\/#organization","name":"Los pol\u00edticos Veracruz","url":"https:\/\/lospoliticosveracruz.com\/","logo":{"@type":"ImageObject","inLanguage":"es","@id":"https:\/\/lospoliticosveracruz.com\/#\/schema\/logo\/image\/","url":"https:\/\/lospoliticosveracruz.com\/wp-content\/uploads\/2025\/12\/Logo-Nuevo-LOS-POLITICOS-1.jpg","contentUrl":"https:\/\/lospoliticosveracruz.com\/wp-content\/uploads\/2025\/12\/Logo-Nuevo-LOS-POLITICOS-1.jpg","width":260,"height":70,"caption":"Los pol\u00edticos Veracruz"},"image":{"@id":"https:\/\/lospoliticosveracruz.com\/#\/schema\/logo\/image\/"},"sameAs":["https:\/\/www.facebook.com\/people\/Notimemes-de-los-Polticos\/61565672886568\/","https:\/\/x.com\/LosPoliticosVer"]},{"@type":"Person","@id":"https:\/\/lospoliticosveracruz.com\/#\/schema\/person\/b8702bb0e538456e6efd07080bf2a4a2","name":"Lo viste en Los Pol\u00edticos","image":{"@type":"ImageObject","inLanguage":"es","@id":"https:\/\/secure.gravatar.com\/avatar\/3a8de04a2656d44082be478bd6c086daa447c4651605818287b9532d3d0bd435?s=96&d=mm&r=g","url":"https:\/\/secure.gravatar.com\/avatar\/3a8de04a2656d44082be478bd6c086daa447c4651605818287b9532d3d0bd435?s=96&d=mm&r=g","contentUrl":"https:\/\/secure.gravatar.com\/avatar\/3a8de04a2656d44082be478bd6c086daa447c4651605818287b9532d3d0bd435?s=96&d=mm&r=g","caption":"Lo viste en Los Pol\u00edticos"},"url":"https:\/\/lospoliticosveracruz.com\/?author=2"}]}},"_links":{"self":[{"href":"https:\/\/lospoliticosveracruz.com\/index.php?rest_route=\/wp\/v2\/posts\/159706","targetHints":{"allow":["GET"]}}],"collection":[{"href":"https:\/\/lospoliticosveracruz.com\/index.php?rest_route=\/wp\/v2\/posts"}],"about":[{"href":"https:\/\/lospoliticosveracruz.com\/index.php?rest_route=\/wp\/v2\/types\/post"}],"author":[{"embeddable":true,"href":"https:\/\/lospoliticosveracruz.com\/index.php?rest_route=\/wp\/v2\/users\/2"}],"replies":[{"embeddable":true,"href":"https:\/\/lospoliticosveracruz.com\/index.php?rest_route=%2Fwp%2Fv2%2Fcomments&post=159706"}],"version-history":[{"count":1,"href":"https:\/\/lospoliticosveracruz.com\/index.php?rest_route=\/wp\/v2\/posts\/159706\/revisions"}],"predecessor-version":[{"id":159707,"href":"https:\/\/lospoliticosveracruz.com\/index.php?rest_route=\/wp\/v2\/posts\/159706\/revisions\/159707"}],"wp:featuredmedia":[{"embeddable":true,"href":"https:\/\/lospoliticosveracruz.com\/index.php?rest_route=\/wp\/v2\/media\/141373"}],"wp:attachment":[{"href":"https:\/\/lospoliticosveracruz.com\/index.php?rest_route=%2Fwp%2Fv2%2Fmedia&parent=159706"}],"wp:term":[{"taxonomy":"category","embeddable":true,"href":"https:\/\/lospoliticosveracruz.com\/index.php?rest_route=%2Fwp%2Fv2%2Fcategories&post=159706"},{"taxonomy":"post_tag","embeddable":true,"href":"https:\/\/lospoliticosveracruz.com\/index.php?rest_route=%2Fwp%2Fv2%2Ftags&post=159706"}],"curies":[{"name":"wp","href":"https:\/\/api.w.org\/{rel}","templated":true}]}}