{"id":159708,"date":"2026-01-07T09:37:30","date_gmt":"2026-01-07T15:37:30","guid":{"rendered":"https:\/\/lospoliticosveracruz.com\/?p=159708"},"modified":"2026-01-07T09:37:31","modified_gmt":"2026-01-07T15:37:31","slug":"la-familia-burocratica-esta-de-acuerdo","status":"publish","type":"post","link":"https:\/\/lospoliticosveracruz.com\/?p=159708","title":{"rendered":"LA FAMILIA (BUROCR\u00c1TICA) EST\u00c1 DE ACUERDO"},"content":{"rendered":"\n<p><strong>Manolo Victorio<\/strong><\/p>\n\n\n\n<p><em>Carpe Diem<\/em><\/p>\n\n\n\n<p>Circula en los pasillos e intersticios de las oficinas de la docena de titulares de secretar\u00edas del gobierno de Roc\u00edo Nahle Garc\u00eda la antiqu\u00edsima conseja popular que reza: \u00abde que lloren en mi casa a que lloren en la tuya\u00bb.<\/p>\n\n\n\n<p>En las postrimer\u00edas del primer ejercicio anual de la gobernadora, en el fat\u00eddico octubre, la barrancada pol\u00edtica que gener\u00f3 una crisis en la emergencia provocada por las lluvias tard\u00edas del oto\u00f1o, puso a caminar en el alambre de la incertidumbre a la titular de Protecci\u00f3n Civil, Guadalupe Osorno Maldonado.<\/p>\n\n\n\n<p>La l\u00f3gica pol\u00edtica indicaba que la \u00fanica sobreviviente del cuitlahuismo, no llegar\u00eda inmaculada como sus <em>Sneakers<\/em> blancos que resistieron hasta los lodos m\u00e1s necios de La Huasteca alta, a cobrar su aguinaldo.<\/p>\n\n\n\n<p>Las movilizaciones de una parte \u2013unos 8 mil a decir del titular de finanzas Miguel Santiago Reyes, que no hab\u00edan solicitado la modalidad de retiro de efectivo en los cajeros autom\u00e1ticos\u2013 de los 17 mil 715 trabajadores y trabajadoras de los Servicios de Salud del Estado de Veracruz (SESVER) que tienen derecho a bono navide\u00f1o, llevaron los barruntos de tormenta a otro escritorio, salvando la testa de Osorno Maldonado.<\/p>\n\n\n\n<p>La oscilante br\u00fajula pol\u00edtica tiene que ver con la repetici\u00f3n, en la v\u00edspera del D\u00eda de Reyes, mont\u00f3 otra crisis en la Secretar\u00eda de Salud porque la mayor\u00eda de la base trabajadora se inconform\u00f3 porque la tarjeta pl\u00e1stica <em>Toka<\/em> deb\u00eda utilizarse en el monto de 9 mil 900 pesos en las tiendas Chedraui y Palacio de Hierro, en un plazo no mayor a los diez d\u00edas.<\/p>\n\n\n\n<p>El rechazo de la clase trabajadora fue un\u00e1nime.<\/p>\n\n\n\n<p>Nunca hab\u00edan vivido esta nueva modalidad, parecida, exhibieron en pancartas de protesta en Xalapa, Veracruz y R\u00edo Blanco esta practica equiparada con las tiendas de raya en la \u00e9poca de la colonia.<\/p>\n\n\n\n<p>La tarjeta <em>Toka<\/em>, monedero electr\u00f3nico de vales despensa, combustible y dinero en efectivo, funcionaba como una tarjeta de d\u00e9bito, respaldada por Mastercard en algunos casos, permit\u00eda a la base trabajadora de Sesver pagar en comercios con terminal bancaria y administrando el saldo y movimientos a trav\u00e9s de la aplicaci\u00f3n m\u00f3vil Toka o Tokapay. Tambi\u00e9n les permit\u00eda disponer en efectivo una parte o la totalidad del bono de 9 mil 900 pesos.<\/p>\n\n\n\n<p>El bono navide\u00f1o se usaba para mejorar la econom\u00eda de los empleados, ofreciendo beneficios como descuentos y promociones en diversos establecimientos, desde supermercados hasta viajes y salud, pero, sobre todo, es una prestaci\u00f3n que esperan los trabajadores para cubrir gastos, pagar deudas adquiridas en el a\u00f1o y programar los gastos de las celebraciones decembrinas.<\/p>\n\n\n\n<p>El jueves 18 de diciembre, la base trabajadora de Sesver se moviliz\u00f3 en distintas unidades m\u00e9dicas ubicadas en Xalapa, Orizaba, Veracruz y Boca del R\u00edo, en exigencia del pago \u00edntegro del bono de fin de a\u00f1o, a libre disposici\u00f3n, a trav\u00e9s de las tarjetas Toka, repartidas por la empresa SET PAY que dispers\u00f3 los pl\u00e1sticos a los trabajadores, condicion\u00e1ndolos a realizar compras en Chedraui y Palacio de Hierro en un lapso no mayor los diez d\u00edas.<\/p>\n\n\n\n<p>Vinieron las vacaciones decembrinas y la crisis amain\u00f3, pero no desapareci\u00f3.<\/p>\n\n\n\n<p>Fue en el arranque del a\u00f1o laboral \u2013en esta semana corriente\u2013, cuando los trabadores de Sesver volvieron a la plaza publica a reclamar el pago de los bonos, ahora con la posibilidad de retirar todo el efectivo de los pl\u00e1sticos.<\/p>\n\n\n\n<p>La segunda ronda de reclamos enoj\u00f3 tanto a la gobernadora Nahle quien en su conferencia del lunes 05 de enero reconoci\u00f3 estar molesta por el tema de los vales decembrinos y desliz\u00f3 la posibilidad de ordenar cambios en la Secretaria de Salud.<\/p>\n\n\n\n<p>La rumorolog\u00eda, hermanastra de la verdad, que se mete sin permiso a las oficinas de los doce secretarios y secretarias de despacho que acompa\u00f1an a la gobernadora Roc\u00edo Nahle, se robusteci\u00f3 con la posible salida del cardi\u00f3logo Valent\u00edn Herrera Alarc\u00f3n, quien fue anunciado como titular de Sesver en junio del 2024 por la entonces gobernadora electa.<\/p>\n\n\n\n<p>Las filtraciones iniciaron desde hace un par de meses.<\/p>\n\n\n\n<p>El compromiso pol\u00edtico que trajo al cardi\u00f3logo Herrera Alarc\u00f3n a la fr\u00eda Xalapa, cumpli\u00f3 ya el lapso reglamentario de un a\u00f1o que marca el canon de las deudas o recomendaciones de los padrinos pol\u00edticos.<\/p>\n\n\n\n<p>La familia burocr\u00e1tica del primer c\u00edrculo de poder de la gobernadora parece estar de acuerdo con la salida del doctor Valent\u00edn Herrera Alarc\u00f3n despu\u00e9s de un primer a\u00f1o donde le reventaron al menos ocho episodios de crisis que terminar\u00e1n por infartar laboralmente al secretario de salud, seg\u00fan recuento de Isabel Ortega para La Silla Rota.<\/p>\n\n\n\n<p>La lectura a un a\u00f1o de distancia es que el doctor Valent\u00edn Herrera Alarc\u00f3n nunca pudo estabilizar a una Secretar\u00eda de Salud que padece muchos males ocasionados por acciones u omisiones que tienen que ver con los 12 mil millones 408 mil 208 pesos que ejercer\u00e1 presupuestalmente este 2026.<\/p>\n\n\n\n<p>La salida del titular de Sesver podr\u00eda ser un <em>out<\/em> cantado desde del <em>dogaut <\/em>donde se toman las decisiones, en la oficina principal del palacio de cantera rosa ubicado frente al parque Ju\u00e1rez<\/p>\n\n\n\n<p>Quien debi\u00f3 comer rosca con chocolate caliente desde la c\u00f3moda esfera de la impunidad, es el exadministrador de la Secretar\u00eda de Salud de Veracruz (SESVER), Jorge Eduardo Sisniega Fern\u00e1ndez, que enfrenta una investigaci\u00f3n por presuntas irregularidades cometidas durante su gesti\u00f3n por el orden de los 2 mil millones de pesos (El Noreste).<\/p>\n\n\n\n<p>Se presume que el da\u00f1o patrimonial asciende no a 200 mdp sino a 2 mil millones de pesos en los Servicios de Salud de Veracruz (Sesver), revelado tras una auditor\u00eda de la Federaci\u00f3n, informa el rotativo.<\/p>\n\n\n\n<p>La tormenta actual en Sesver relajar\u00e1 el largo brazo de la ley que no ha alcanzado aun al ex funcionario consentido de Cuitl\u00e1huac Garc\u00eda Jim\u00e9nez.<\/p>\n\n\n\n<p>Los d\u00edas de enero ser\u00e1n dif\u00edciles en los Servicios de Salud del Estado de Veracruz.<\/p>\n\n\n\n<p><strong><em>\u2026 de otro costal.<\/em><\/strong><\/p>\n\n\n\n<p>En an\u00e1lisis tempranero del arranque de las administraciones municipales, las tres alcaldesas que se sit\u00faan en el candelero pol\u00edtico administrativo del estado veracruzano, arrancaron con fuerza, con miras a reforzar los idearios pol\u00edticos que las llevaron a despachar en los palacios municipales de Veracruz, Xalapa y Boca del R\u00edo.<\/p>\n\n\n\n<p>A vuelo de p\u00e1jaro podr\u00eda decirse del desenvolvimiento eficaz de Rosa Mar\u00eda Hern\u00e1ndez Espejo, quien trata de navegar en el mar picado de la crisis de la basura en las calles, a las que hace frente con 91 camiones recolectores que levantan 950 toneladas diarias de desecho s\u00f3lidos. Ah\u00ed va, pian pianito, dir\u00edase en frase trillada.<\/p>\n\n\n\n<p>La basura no solo es una crisis heredada por el desorden de Patricia Lobeira Rodr\u00edguez a la que se anexa el robo de cables que alimentaban de fluido el\u00e9ctrico a los sem\u00e1foros de la ciudad, un hurto solapado en el vac\u00edo de la transici\u00f3n.<\/p>\n\n\n\n<p>Sin embargo, la comunicadora Rosa Mar\u00eda ha reunido multitudes, alrededor de diez mil personas en la partida de rosca el domingo 4 de enero y la presencia en colonias y fraccionamientos como Lomas de Rio Medio 4 y Santa Fe, donde el pretexto de la rosca de Reyes refuerza el mensaje de la cuatrote.<\/p>\n\n\n\n<p>En Boca del R\u00edo, Marijose Gamboa se ha echado en hombros el municipio, \u00fanico refugio panista en la conurbaci\u00f3n con la puesta en marcha de un gobierno digital y una comunicaci\u00f3n asertiva y efectiva.<\/p>\n\n\n\n<p>Se podr\u00e1 programar desde la comodidad virtual del WhatsApp una cita para pagar el predial y solicitar una audiencia a trav\u00e9s del tel\u00e9fono.<\/p>\n\n\n\n<p>Ah\u00ed va, parejera, la alcaldesa boque\u00f1a en un <em>t\u00eate-\u00e0-t\u00eate<\/em> con su hom\u00f3loga jarocha.<\/p>\n\n\n\n<p>En Xalapa, Daniela Griego Ceballos ofrece la impronta de un despegue m\u00e1s lento que sus colegas.<\/p>\n\n\n\n<p>La ex titular del Instituto de Pensiones dio su primer campanazo popular al partir una rosca monumental de 120 metros, que incluy\u00f3 adem\u00e1s rifas de bicicletas y juguetes, actividades recreativas y la presentaci\u00f3n de la Orquesta Pauta Nueva en la Feria Infantil del D\u00eda de Reyes en el parque Ju\u00e1rez, donde cientos de ni\u00f1as y ni\u00f1os disfrutaron de un festejo dedicado a fortalecer la convivencia y la alegr\u00eda de las infancias xalape\u00f1as, pero tambi\u00e9n signific\u00f3 un pase de lista de la alcaldesa con la ciudadan\u00eda xalape\u00f1a.<\/p>\n\n\n\n<p>Las tres alcaldesas conocen la g\u00e9nesis de que en gobierno lo que no se comunica, no existe.<\/p>\n\n\n\n<p>Ah\u00ed van, lidiando con los avatares de enero.<\/p>\n\n\n\n<p><em>columnacarpediem@gmail.com<\/em><\/p>\n","protected":false},"excerpt":{"rendered":"<p>Manolo Victorio Carpe Diem Circula en los pasillos e intersticios de las oficinas de la docena de titulares de secretar\u00edas del gobierno de Roc\u00edo Nahle Garc\u00eda la antiqu\u00edsima conseja popular que reza: \u00abde que lloren en mi casa a que lloren en la tuya\u00bb. En las postrimer\u00edas del primer ejercicio anual de la gobernadora, en [&hellip;]<\/p>\n","protected":false},"author":2,"featured_media":141399,"comment_status":"closed","ping_status":"closed","sticky":false,"template":"","format":"standard","meta":{"tdm_status":"","tdm_grid_status":"","footnotes":""},"categories":[70],"tags":[593,23485,41936,3578,41241,195],"class_list":{"0":"post-159708","1":"post","2":"type-post","3":"status-publish","4":"format-standard","5":"has-post-thumbnail","7":"category-de-opinion","8":"tag-chedraui","9":"tag-jorge-eduardo-sisniega-fernandez","10":"tag-miguel-santiago-reyes-hernandez","11":"tag-rocio-nahle","12":"tag-valentin-herrera-alarcon","13":"tag-veracruz"},"yoast_head":"<!-- This site is optimized with the Yoast SEO plugin v27.4 - https:\/\/yoast.com\/product\/yoast-seo-wordpress\/ -->\n<title>LA FAMILIA (BUROCR\u00c1TICA) EST\u00c1 DE ACUERDO - Los pol\u00edticos Veracruz<\/title>\n<meta name=\"robots\" content=\"index, follow, max-snippet:-1, max-image-preview:large, max-video-preview:-1\" \/>\n<link rel=\"canonical\" href=\"https:\/\/lospoliticosveracruz.com\/?p=159708\" \/>\n<meta property=\"og:locale\" content=\"es_ES\" \/>\n<meta property=\"og:type\" content=\"article\" \/>\n<meta property=\"og:title\" content=\"LA FAMILIA (BUROCR\u00c1TICA) EST\u00c1 DE ACUERDO - Los pol\u00edticos Veracruz\" \/>\n<meta property=\"og:description\" content=\"Manolo Victorio Carpe Diem Circula en los pasillos e intersticios de las oficinas de la docena de titulares de secretar\u00edas del gobierno de Roc\u00edo Nahle Garc\u00eda la antiqu\u00edsima conseja popular que reza: \u00abde que lloren en mi casa a que lloren en la tuya\u00bb. En las postrimer\u00edas del primer ejercicio anual de la gobernadora, en [&hellip;]\" \/>\n<meta property=\"og:url\" content=\"https:\/\/lospoliticosveracruz.com\/?p=159708\" \/>\n<meta property=\"og:site_name\" content=\"Los pol\u00edticos Veracruz\" \/>\n<meta property=\"article:publisher\" content=\"https:\/\/www.facebook.com\/people\/Notimemes-de-los-Polticos\/61565672886568\/\" \/>\n<meta property=\"article:published_time\" content=\"2026-01-07T15:37:30+00:00\" \/>\n<meta property=\"article:modified_time\" content=\"2026-01-07T15:37:31+00:00\" \/>\n<meta property=\"og:image\" content=\"https:\/\/lospoliticosveracruz.com\/wp-content\/uploads\/2025\/04\/Manolo-Victorio-Valle.jpg\" \/>\n\t<meta property=\"og:image:width\" content=\"1250\" \/>\n\t<meta property=\"og:image:height\" content=\"667\" \/>\n\t<meta property=\"og:image:type\" content=\"image\/jpeg\" \/>\n<meta name=\"author\" content=\"Lo viste en Los Pol\u00edticos\" \/>\n<meta name=\"twitter:card\" content=\"summary_large_image\" \/>\n<meta name=\"twitter:creator\" content=\"@LosPoliticosVer\" \/>\n<meta name=\"twitter:site\" content=\"@LosPoliticosVer\" \/>\n<meta name=\"twitter:label1\" content=\"Escrito por\" \/>\n\t<meta name=\"twitter:data1\" content=\"Lo viste en Los Pol\u00edticos\" \/>\n\t<meta name=\"twitter:label2\" content=\"Tiempo de lectura\" \/>\n\t<meta name=\"twitter:data2\" content=\"7 minutos\" \/>\n<script type=\"application\/ld+json\" class=\"yoast-schema-graph\">{\"@context\":\"https:\\\/\\\/schema.org\",\"@graph\":[{\"@type\":\"Article\",\"@id\":\"https:\\\/\\\/lospoliticosveracruz.com\\\/?p=159708#article\",\"isPartOf\":{\"@id\":\"https:\\\/\\\/lospoliticosveracruz.com\\\/?p=159708\"},\"author\":{\"name\":\"Lo viste en Los Pol\u00edticos\",\"@id\":\"https:\\\/\\\/lospoliticosveracruz.com\\\/#\\\/schema\\\/person\\\/b8702bb0e538456e6efd07080bf2a4a2\"},\"headline\":\"LA FAMILIA (BUROCR\u00c1TICA) EST\u00c1 DE ACUERDO\",\"datePublished\":\"2026-01-07T15:37:30+00:00\",\"dateModified\":\"2026-01-07T15:37:31+00:00\",\"mainEntityOfPage\":{\"@id\":\"https:\\\/\\\/lospoliticosveracruz.com\\\/?p=159708\"},\"wordCount\":1481,\"publisher\":{\"@id\":\"https:\\\/\\\/lospoliticosveracruz.com\\\/#organization\"},\"image\":{\"@id\":\"https:\\\/\\\/lospoliticosveracruz.com\\\/?p=159708#primaryimage\"},\"thumbnailUrl\":\"https:\\\/\\\/lospoliticosveracruz.com\\\/wp-content\\\/uploads\\\/2025\\\/04\\\/Manolo-Victorio-Valle.jpg\",\"keywords\":[\"Chedraui\",\"Jorge Eduardo Sisniega Fern\u00e1ndez\",\"Miguel Santiago Reyes Hern\u00e1ndez\",\"Roc\u00edo Nahle\",\"Valent\u00edn Herrera Alarc\u00f3n\",\"Veracruz\"],\"articleSection\":[\"De Opini\u00f3n\"],\"inLanguage\":\"es\"},{\"@type\":\"WebPage\",\"@id\":\"https:\\\/\\\/lospoliticosveracruz.com\\\/?p=159708\",\"url\":\"https:\\\/\\\/lospoliticosveracruz.com\\\/?p=159708\",\"name\":\"LA FAMILIA (BUROCR\u00c1TICA) EST\u00c1 DE ACUERDO - Los pol\u00edticos Veracruz\",\"isPartOf\":{\"@id\":\"https:\\\/\\\/lospoliticosveracruz.com\\\/#website\"},\"primaryImageOfPage\":{\"@id\":\"https:\\\/\\\/lospoliticosveracruz.com\\\/?p=159708#primaryimage\"},\"image\":{\"@id\":\"https:\\\/\\\/lospoliticosveracruz.com\\\/?p=159708#primaryimage\"},\"thumbnailUrl\":\"https:\\\/\\\/lospoliticosveracruz.com\\\/wp-content\\\/uploads\\\/2025\\\/04\\\/Manolo-Victorio-Valle.jpg\",\"datePublished\":\"2026-01-07T15:37:30+00:00\",\"dateModified\":\"2026-01-07T15:37:31+00:00\",\"breadcrumb\":{\"@id\":\"https:\\\/\\\/lospoliticosveracruz.com\\\/?p=159708#breadcrumb\"},\"inLanguage\":\"es\",\"potentialAction\":[{\"@type\":\"ReadAction\",\"target\":[\"https:\\\/\\\/lospoliticosveracruz.com\\\/?p=159708\"]}]},{\"@type\":\"ImageObject\",\"inLanguage\":\"es\",\"@id\":\"https:\\\/\\\/lospoliticosveracruz.com\\\/?p=159708#primaryimage\",\"url\":\"https:\\\/\\\/lospoliticosveracruz.com\\\/wp-content\\\/uploads\\\/2025\\\/04\\\/Manolo-Victorio-Valle.jpg\",\"contentUrl\":\"https:\\\/\\\/lospoliticosveracruz.com\\\/wp-content\\\/uploads\\\/2025\\\/04\\\/Manolo-Victorio-Valle.jpg\",\"width\":1250,\"height\":667},{\"@type\":\"BreadcrumbList\",\"@id\":\"https:\\\/\\\/lospoliticosveracruz.com\\\/?p=159708#breadcrumb\",\"itemListElement\":[{\"@type\":\"ListItem\",\"position\":1,\"name\":\"Portada\",\"item\":\"https:\\\/\\\/lospoliticosveracruz.com\\\/\"},{\"@type\":\"ListItem\",\"position\":2,\"name\":\"LA FAMILIA (BUROCR\u00c1TICA) EST\u00c1 DE ACUERDO\"}]},{\"@type\":\"WebSite\",\"@id\":\"https:\\\/\\\/lospoliticosveracruz.com\\\/#website\",\"url\":\"https:\\\/\\\/lospoliticosveracruz.com\\\/\",\"name\":\"Los pol\u00edticos Veracruz\",\"description\":\"\",\"publisher\":{\"@id\":\"https:\\\/\\\/lospoliticosveracruz.com\\\/#organization\"},\"potentialAction\":[{\"@type\":\"SearchAction\",\"target\":{\"@type\":\"EntryPoint\",\"urlTemplate\":\"https:\\\/\\\/lospoliticosveracruz.com\\\/?s={search_term_string}\"},\"query-input\":{\"@type\":\"PropertyValueSpecification\",\"valueRequired\":true,\"valueName\":\"search_term_string\"}}],\"inLanguage\":\"es\"},{\"@type\":\"Organization\",\"@id\":\"https:\\\/\\\/lospoliticosveracruz.com\\\/#organization\",\"name\":\"Los pol\u00edticos Veracruz\",\"url\":\"https:\\\/\\\/lospoliticosveracruz.com\\\/\",\"logo\":{\"@type\":\"ImageObject\",\"inLanguage\":\"es\",\"@id\":\"https:\\\/\\\/lospoliticosveracruz.com\\\/#\\\/schema\\\/logo\\\/image\\\/\",\"url\":\"https:\\\/\\\/lospoliticosveracruz.com\\\/wp-content\\\/uploads\\\/2025\\\/12\\\/Logo-Nuevo-LOS-POLITICOS-1.jpg\",\"contentUrl\":\"https:\\\/\\\/lospoliticosveracruz.com\\\/wp-content\\\/uploads\\\/2025\\\/12\\\/Logo-Nuevo-LOS-POLITICOS-1.jpg\",\"width\":260,\"height\":70,\"caption\":\"Los pol\u00edticos Veracruz\"},\"image\":{\"@id\":\"https:\\\/\\\/lospoliticosveracruz.com\\\/#\\\/schema\\\/logo\\\/image\\\/\"},\"sameAs\":[\"https:\\\/\\\/www.facebook.com\\\/people\\\/Notimemes-de-los-Polticos\\\/61565672886568\\\/\",\"https:\\\/\\\/x.com\\\/LosPoliticosVer\"]},{\"@type\":\"Person\",\"@id\":\"https:\\\/\\\/lospoliticosveracruz.com\\\/#\\\/schema\\\/person\\\/b8702bb0e538456e6efd07080bf2a4a2\",\"name\":\"Lo viste en Los Pol\u00edticos\",\"image\":{\"@type\":\"ImageObject\",\"inLanguage\":\"es\",\"@id\":\"https:\\\/\\\/secure.gravatar.com\\\/avatar\\\/3a8de04a2656d44082be478bd6c086daa447c4651605818287b9532d3d0bd435?s=96&d=mm&r=g\",\"url\":\"https:\\\/\\\/secure.gravatar.com\\\/avatar\\\/3a8de04a2656d44082be478bd6c086daa447c4651605818287b9532d3d0bd435?s=96&d=mm&r=g\",\"contentUrl\":\"https:\\\/\\\/secure.gravatar.com\\\/avatar\\\/3a8de04a2656d44082be478bd6c086daa447c4651605818287b9532d3d0bd435?s=96&d=mm&r=g\",\"caption\":\"Lo viste en Los Pol\u00edticos\"},\"url\":\"https:\\\/\\\/lospoliticosveracruz.com\\\/?author=2\"}]}<\/script>\n<!-- \/ Yoast SEO plugin. -->","yoast_head_json":{"title":"LA FAMILIA (BUROCR\u00c1TICA) EST\u00c1 DE ACUERDO - Los pol\u00edticos Veracruz","robots":{"index":"index","follow":"follow","max-snippet":"max-snippet:-1","max-image-preview":"max-image-preview:large","max-video-preview":"max-video-preview:-1"},"canonical":"https:\/\/lospoliticosveracruz.com\/?p=159708","og_locale":"es_ES","og_type":"article","og_title":"LA FAMILIA (BUROCR\u00c1TICA) EST\u00c1 DE ACUERDO - Los pol\u00edticos Veracruz","og_description":"Manolo Victorio Carpe Diem Circula en los pasillos e intersticios de las oficinas de la docena de titulares de secretar\u00edas del gobierno de Roc\u00edo Nahle Garc\u00eda la antiqu\u00edsima conseja popular que reza: \u00abde que lloren en mi casa a que lloren en la tuya\u00bb. En las postrimer\u00edas del primer ejercicio anual de la gobernadora, en [&hellip;]","og_url":"https:\/\/lospoliticosveracruz.com\/?p=159708","og_site_name":"Los pol\u00edticos Veracruz","article_publisher":"https:\/\/www.facebook.com\/people\/Notimemes-de-los-Polticos\/61565672886568\/","article_published_time":"2026-01-07T15:37:30+00:00","article_modified_time":"2026-01-07T15:37:31+00:00","og_image":[{"width":1250,"height":667,"url":"https:\/\/lospoliticosveracruz.com\/wp-content\/uploads\/2025\/04\/Manolo-Victorio-Valle.jpg","type":"image\/jpeg"}],"author":"Lo viste en Los Pol\u00edticos","twitter_card":"summary_large_image","twitter_creator":"@LosPoliticosVer","twitter_site":"@LosPoliticosVer","twitter_misc":{"Escrito por":"Lo viste en Los Pol\u00edticos","Tiempo de lectura":"7 minutos"},"schema":{"@context":"https:\/\/schema.org","@graph":[{"@type":"Article","@id":"https:\/\/lospoliticosveracruz.com\/?p=159708#article","isPartOf":{"@id":"https:\/\/lospoliticosveracruz.com\/?p=159708"},"author":{"name":"Lo viste en Los Pol\u00edticos","@id":"https:\/\/lospoliticosveracruz.com\/#\/schema\/person\/b8702bb0e538456e6efd07080bf2a4a2"},"headline":"LA FAMILIA (BUROCR\u00c1TICA) EST\u00c1 DE ACUERDO","datePublished":"2026-01-07T15:37:30+00:00","dateModified":"2026-01-07T15:37:31+00:00","mainEntityOfPage":{"@id":"https:\/\/lospoliticosveracruz.com\/?p=159708"},"wordCount":1481,"publisher":{"@id":"https:\/\/lospoliticosveracruz.com\/#organization"},"image":{"@id":"https:\/\/lospoliticosveracruz.com\/?p=159708#primaryimage"},"thumbnailUrl":"https:\/\/lospoliticosveracruz.com\/wp-content\/uploads\/2025\/04\/Manolo-Victorio-Valle.jpg","keywords":["Chedraui","Jorge Eduardo Sisniega Fern\u00e1ndez","Miguel Santiago Reyes Hern\u00e1ndez","Roc\u00edo Nahle","Valent\u00edn Herrera Alarc\u00f3n","Veracruz"],"articleSection":["De Opini\u00f3n"],"inLanguage":"es"},{"@type":"WebPage","@id":"https:\/\/lospoliticosveracruz.com\/?p=159708","url":"https:\/\/lospoliticosveracruz.com\/?p=159708","name":"LA FAMILIA (BUROCR\u00c1TICA) EST\u00c1 DE ACUERDO - Los pol\u00edticos Veracruz","isPartOf":{"@id":"https:\/\/lospoliticosveracruz.com\/#website"},"primaryImageOfPage":{"@id":"https:\/\/lospoliticosveracruz.com\/?p=159708#primaryimage"},"image":{"@id":"https:\/\/lospoliticosveracruz.com\/?p=159708#primaryimage"},"thumbnailUrl":"https:\/\/lospoliticosveracruz.com\/wp-content\/uploads\/2025\/04\/Manolo-Victorio-Valle.jpg","datePublished":"2026-01-07T15:37:30+00:00","dateModified":"2026-01-07T15:37:31+00:00","breadcrumb":{"@id":"https:\/\/lospoliticosveracruz.com\/?p=159708#breadcrumb"},"inLanguage":"es","potentialAction":[{"@type":"ReadAction","target":["https:\/\/lospoliticosveracruz.com\/?p=159708"]}]},{"@type":"ImageObject","inLanguage":"es","@id":"https:\/\/lospoliticosveracruz.com\/?p=159708#primaryimage","url":"https:\/\/lospoliticosveracruz.com\/wp-content\/uploads\/2025\/04\/Manolo-Victorio-Valle.jpg","contentUrl":"https:\/\/lospoliticosveracruz.com\/wp-content\/uploads\/2025\/04\/Manolo-Victorio-Valle.jpg","width":1250,"height":667},{"@type":"BreadcrumbList","@id":"https:\/\/lospoliticosveracruz.com\/?p=159708#breadcrumb","itemListElement":[{"@type":"ListItem","position":1,"name":"Portada","item":"https:\/\/lospoliticosveracruz.com\/"},{"@type":"ListItem","position":2,"name":"LA FAMILIA (BUROCR\u00c1TICA) EST\u00c1 DE ACUERDO"}]},{"@type":"WebSite","@id":"https:\/\/lospoliticosveracruz.com\/#website","url":"https:\/\/lospoliticosveracruz.com\/","name":"Los pol\u00edticos Veracruz","description":"","publisher":{"@id":"https:\/\/lospoliticosveracruz.com\/#organization"},"potentialAction":[{"@type":"SearchAction","target":{"@type":"EntryPoint","urlTemplate":"https:\/\/lospoliticosveracruz.com\/?s={search_term_string}"},"query-input":{"@type":"PropertyValueSpecification","valueRequired":true,"valueName":"search_term_string"}}],"inLanguage":"es"},{"@type":"Organization","@id":"https:\/\/lospoliticosveracruz.com\/#organization","name":"Los pol\u00edticos Veracruz","url":"https:\/\/lospoliticosveracruz.com\/","logo":{"@type":"ImageObject","inLanguage":"es","@id":"https:\/\/lospoliticosveracruz.com\/#\/schema\/logo\/image\/","url":"https:\/\/lospoliticosveracruz.com\/wp-content\/uploads\/2025\/12\/Logo-Nuevo-LOS-POLITICOS-1.jpg","contentUrl":"https:\/\/lospoliticosveracruz.com\/wp-content\/uploads\/2025\/12\/Logo-Nuevo-LOS-POLITICOS-1.jpg","width":260,"height":70,"caption":"Los pol\u00edticos Veracruz"},"image":{"@id":"https:\/\/lospoliticosveracruz.com\/#\/schema\/logo\/image\/"},"sameAs":["https:\/\/www.facebook.com\/people\/Notimemes-de-los-Polticos\/61565672886568\/","https:\/\/x.com\/LosPoliticosVer"]},{"@type":"Person","@id":"https:\/\/lospoliticosveracruz.com\/#\/schema\/person\/b8702bb0e538456e6efd07080bf2a4a2","name":"Lo viste en Los Pol\u00edticos","image":{"@type":"ImageObject","inLanguage":"es","@id":"https:\/\/secure.gravatar.com\/avatar\/3a8de04a2656d44082be478bd6c086daa447c4651605818287b9532d3d0bd435?s=96&d=mm&r=g","url":"https:\/\/secure.gravatar.com\/avatar\/3a8de04a2656d44082be478bd6c086daa447c4651605818287b9532d3d0bd435?s=96&d=mm&r=g","contentUrl":"https:\/\/secure.gravatar.com\/avatar\/3a8de04a2656d44082be478bd6c086daa447c4651605818287b9532d3d0bd435?s=96&d=mm&r=g","caption":"Lo viste en Los Pol\u00edticos"},"url":"https:\/\/lospoliticosveracruz.com\/?author=2"}]}},"_links":{"self":[{"href":"https:\/\/lospoliticosveracruz.com\/index.php?rest_route=\/wp\/v2\/posts\/159708","targetHints":{"allow":["GET"]}}],"collection":[{"href":"https:\/\/lospoliticosveracruz.com\/index.php?rest_route=\/wp\/v2\/posts"}],"about":[{"href":"https:\/\/lospoliticosveracruz.com\/index.php?rest_route=\/wp\/v2\/types\/post"}],"author":[{"embeddable":true,"href":"https:\/\/lospoliticosveracruz.com\/index.php?rest_route=\/wp\/v2\/users\/2"}],"replies":[{"embeddable":true,"href":"https:\/\/lospoliticosveracruz.com\/index.php?rest_route=%2Fwp%2Fv2%2Fcomments&post=159708"}],"version-history":[{"count":1,"href":"https:\/\/lospoliticosveracruz.com\/index.php?rest_route=\/wp\/v2\/posts\/159708\/revisions"}],"predecessor-version":[{"id":159709,"href":"https:\/\/lospoliticosveracruz.com\/index.php?rest_route=\/wp\/v2\/posts\/159708\/revisions\/159709"}],"wp:featuredmedia":[{"embeddable":true,"href":"https:\/\/lospoliticosveracruz.com\/index.php?rest_route=\/wp\/v2\/media\/141399"}],"wp:attachment":[{"href":"https:\/\/lospoliticosveracruz.com\/index.php?rest_route=%2Fwp%2Fv2%2Fmedia&parent=159708"}],"wp:term":[{"taxonomy":"category","embeddable":true,"href":"https:\/\/lospoliticosveracruz.com\/index.php?rest_route=%2Fwp%2Fv2%2Fcategories&post=159708"},{"taxonomy":"post_tag","embeddable":true,"href":"https:\/\/lospoliticosveracruz.com\/index.php?rest_route=%2Fwp%2Fv2%2Ftags&post=159708"}],"curies":[{"name":"wp","href":"https:\/\/api.w.org\/{rel}","templated":true}]}}