{"id":159711,"date":"2026-01-07T10:48:22","date_gmt":"2026-01-07T16:48:22","guid":{"rendered":"https:\/\/lospoliticosveracruz.com\/?p=159711"},"modified":"2026-01-07T10:48:24","modified_gmt":"2026-01-07T16:48:24","slug":"dalia-al-ompri","status":"publish","type":"post","link":"https:\/\/lospoliticosveracruz.com\/?p=159711","title":{"rendered":"DALIA, AL OMPRI!"},"content":{"rendered":"\n<p>Con el objetivo de fortalecer la estructura del Partido Revolucionario Institucional (PRI) en el estado, la maestra Dalia Edith P\u00e9rez Casta\u00f1eda rindi\u00f3 protesta formalmente como la nueva titular del Organismo Nacional de Mujeres Priistas (ONMPRI) en Veracruz, tras ser nombrada por la dirigente nacional de la organizaci\u00f3n, Dip. Ariana Rej\u00f3n Lara.<\/p>\n\n\n\n<p>Durante el acto protocolario, Rej\u00f3n Lara dio la bienvenida a P\u00e9rez Casta\u00f1eda, expresando su total confianza en que su gesti\u00f3n estar\u00e1 marcada por un compromiso inquebrantable con las mujeres veracruzanas.&nbsp;<\/p>\n\n\n\n<p>\u00abSeguimos reforzando el liderazgo de nuestras mujeres priistas con la certeza de que tu conducci\u00f3n ser\u00e1 clave para el partido\u00bb, afirm\u00f3 la dirigente nacional.<\/p>\n\n\n\n<p>Al asumir el cargo, Dalia Edith P\u00e9rez Casta\u00f1eda agradeci\u00f3 la encomienda y subray\u00f3 que su prioridad ser\u00e1 el trabajo de campo. Se comprometi\u00f3 a recorrer el territorio estatal para formar y consolidar nuevos cuadros femeninos que est\u00e9n listos para competir y representar dignamente al partido en los pr\u00f3ximos procesos electorales.<\/p>\n\n\n\n<p>Por su parte, la dirigencia estatal del PRI, encabezada por Adolfo Ram\u00edrez Arana y la secretaria general Carolina Gudi\u00f1o Corro, agradecieron la labor de Yolanda Lagunes, quien dej\u00f3 el cargo tras haber concluido su periodo estatutario, el cual ya se encontraba vencido.<\/p>\n\n\n\n<p>Los l\u00edderes estatales reconocieron los resultados obtenidos durante su gesti\u00f3n, especialmente en la pasada elecci\u00f3n, donde destacaron que una gran cantidad de mujeres fueron candidatas y lograron el triunfo en las urnas gracias al trabajo de movilizaci\u00f3n y organizaci\u00f3n.<\/p>\n\n\n\n<p>En representaci\u00f3n de Alejandro Moreno C\u00e1rdenas, presidente nacional del PRI, el secretario de Organizaci\u00f3n del CEN, Jorge Meade Ocaranza, celebr\u00f3 la participaci\u00f3n activa de las veracruzanas. Asegur\u00f3 que en el Revolucionario Institucional las mujeres tienen un lugar ganado por m\u00e9rito propio, siendo ellas quienes inciden de manera m\u00e1s directa y decisiva en los resultados electorales.<\/p>\n\n\n\n<p>Con este relevo, el ONMPRI busca dinamizar su estructura en Veracruz, apostando por la experiencia y el trabajo territorial para enfrentar los retos pol\u00edticos venideros.<\/p>\n","protected":false},"excerpt":{"rendered":"<p>Con el objetivo de fortalecer la estructura del Partido Revolucionario Institucional (PRI) en el estado, la maestra Dalia Edith P\u00e9rez Casta\u00f1eda rindi\u00f3 protesta formalmente como la nueva titular del Organismo Nacional de Mujeres Priistas (ONMPRI) en Veracruz, tras ser nombrada por la dirigente nacional de la organizaci\u00f3n, Dip. Ariana Rej\u00f3n Lara. Durante el acto protocolario, [&hellip;]<\/p>\n","protected":false},"author":2,"featured_media":159712,"comment_status":"closed","ping_status":"closed","sticky":false,"template":"","format":"standard","meta":{"tdm_status":"","tdm_grid_status":"","footnotes":""},"categories":[73],"tags":[48896,48899,48900,48897,48902,48901,48898],"class_list":{"0":"post-159711","1":"post","2":"type-post","3":"status-publish","4":"format-standard","5":"has-post-thumbnail","7":"category-de-boleto","8":"tag-adolfo-ramirez-arana-pri-veracruz","9":"tag-ariana-rejon-lara-veracruz","10":"tag-carolina-gudino-corro-pri","11":"tag-dalia-edith-perez-castaneda-onmpri","12":"tag-estructura-pri-veracruz-mujeres","13":"tag-mujeres-priistas-veracruz-2026","14":"tag-relevo-onmpri-veracruz-2026"},"yoast_head":"<!-- This site is optimized with the Yoast SEO plugin v27.4 - https:\/\/yoast.com\/product\/yoast-seo-wordpress\/ -->\n<title>DALIA, AL OMPRI! - Los pol\u00edticos Veracruz<\/title>\n<meta name=\"robots\" content=\"index, follow, max-snippet:-1, max-image-preview:large, max-video-preview:-1\" \/>\n<link rel=\"canonical\" href=\"https:\/\/lospoliticosveracruz.com\/?p=159711\" \/>\n<meta property=\"og:locale\" content=\"es_ES\" \/>\n<meta property=\"og:type\" content=\"article\" \/>\n<meta property=\"og:title\" content=\"DALIA, AL OMPRI! - Los pol\u00edticos Veracruz\" \/>\n<meta property=\"og:description\" content=\"Con el objetivo de fortalecer la estructura del Partido Revolucionario Institucional (PRI) en el estado, la maestra Dalia Edith P\u00e9rez Casta\u00f1eda rindi\u00f3 protesta formalmente como la nueva titular del Organismo Nacional de Mujeres Priistas (ONMPRI) en Veracruz, tras ser nombrada por la dirigente nacional de la organizaci\u00f3n, Dip. Ariana Rej\u00f3n Lara. Durante el acto protocolario, [&hellip;]\" \/>\n<meta property=\"og:url\" content=\"https:\/\/lospoliticosveracruz.com\/?p=159711\" \/>\n<meta property=\"og:site_name\" content=\"Los pol\u00edticos Veracruz\" \/>\n<meta property=\"article:publisher\" content=\"https:\/\/www.facebook.com\/people\/Notimemes-de-los-Polticos\/61565672886568\/\" \/>\n<meta property=\"article:published_time\" content=\"2026-01-07T16:48:22+00:00\" \/>\n<meta property=\"article:modified_time\" content=\"2026-01-07T16:48:24+00:00\" \/>\n<meta property=\"og:image\" content=\"https:\/\/lospoliticosveracruz.com\/wp-content\/uploads\/2026\/01\/Dalia.jpg\" \/>\n\t<meta property=\"og:image:width\" content=\"600\" \/>\n\t<meta property=\"og:image:height\" content=\"320\" \/>\n\t<meta property=\"og:image:type\" content=\"image\/jpeg\" \/>\n<meta name=\"author\" content=\"Lo viste en Los Pol\u00edticos\" \/>\n<meta name=\"twitter:card\" content=\"summary_large_image\" \/>\n<meta name=\"twitter:creator\" content=\"@LosPoliticosVer\" \/>\n<meta name=\"twitter:site\" content=\"@LosPoliticosVer\" \/>\n<meta name=\"twitter:label1\" content=\"Escrito por\" \/>\n\t<meta name=\"twitter:data1\" content=\"Lo viste en Los Pol\u00edticos\" \/>\n\t<meta name=\"twitter:label2\" content=\"Tiempo de lectura\" \/>\n\t<meta name=\"twitter:data2\" content=\"2 minutos\" \/>\n<script type=\"application\/ld+json\" class=\"yoast-schema-graph\">{\"@context\":\"https:\\\/\\\/schema.org\",\"@graph\":[{\"@type\":\"Article\",\"@id\":\"https:\\\/\\\/lospoliticosveracruz.com\\\/?p=159711#article\",\"isPartOf\":{\"@id\":\"https:\\\/\\\/lospoliticosveracruz.com\\\/?p=159711\"},\"author\":{\"name\":\"Lo viste en Los Pol\u00edticos\",\"@id\":\"https:\\\/\\\/lospoliticosveracruz.com\\\/#\\\/schema\\\/person\\\/b8702bb0e538456e6efd07080bf2a4a2\"},\"headline\":\"DALIA, AL OMPRI!\",\"datePublished\":\"2026-01-07T16:48:22+00:00\",\"dateModified\":\"2026-01-07T16:48:24+00:00\",\"mainEntityOfPage\":{\"@id\":\"https:\\\/\\\/lospoliticosveracruz.com\\\/?p=159711\"},\"wordCount\":347,\"publisher\":{\"@id\":\"https:\\\/\\\/lospoliticosveracruz.com\\\/#organization\"},\"image\":{\"@id\":\"https:\\\/\\\/lospoliticosveracruz.com\\\/?p=159711#primaryimage\"},\"thumbnailUrl\":\"https:\\\/\\\/lospoliticosveracruz.com\\\/wp-content\\\/uploads\\\/2026\\\/01\\\/Dalia.jpg\",\"keywords\":[\"Adolfo Ram\u00edrez Arana PRI Veracruz\",\"Ariana Rej\u00f3n Lara Veracruz\",\"Carolina Gudi\u00f1o Corro PRI\",\"Dalia Edith P\u00e9rez Casta\u00f1eda ONMPRI\",\"Estructura PRI Veracruz mujeres\",\"Mujeres priistas Veracruz 2026\",\"Relevo ONMPRI Veracruz 2026\"],\"articleSection\":[\"De Boleto\"],\"inLanguage\":\"es\"},{\"@type\":\"WebPage\",\"@id\":\"https:\\\/\\\/lospoliticosveracruz.com\\\/?p=159711\",\"url\":\"https:\\\/\\\/lospoliticosveracruz.com\\\/?p=159711\",\"name\":\"DALIA, AL OMPRI! - Los pol\u00edticos Veracruz\",\"isPartOf\":{\"@id\":\"https:\\\/\\\/lospoliticosveracruz.com\\\/#website\"},\"primaryImageOfPage\":{\"@id\":\"https:\\\/\\\/lospoliticosveracruz.com\\\/?p=159711#primaryimage\"},\"image\":{\"@id\":\"https:\\\/\\\/lospoliticosveracruz.com\\\/?p=159711#primaryimage\"},\"thumbnailUrl\":\"https:\\\/\\\/lospoliticosveracruz.com\\\/wp-content\\\/uploads\\\/2026\\\/01\\\/Dalia.jpg\",\"datePublished\":\"2026-01-07T16:48:22+00:00\",\"dateModified\":\"2026-01-07T16:48:24+00:00\",\"breadcrumb\":{\"@id\":\"https:\\\/\\\/lospoliticosveracruz.com\\\/?p=159711#breadcrumb\"},\"inLanguage\":\"es\",\"potentialAction\":[{\"@type\":\"ReadAction\",\"target\":[\"https:\\\/\\\/lospoliticosveracruz.com\\\/?p=159711\"]}]},{\"@type\":\"ImageObject\",\"inLanguage\":\"es\",\"@id\":\"https:\\\/\\\/lospoliticosveracruz.com\\\/?p=159711#primaryimage\",\"url\":\"https:\\\/\\\/lospoliticosveracruz.com\\\/wp-content\\\/uploads\\\/2026\\\/01\\\/Dalia.jpg\",\"contentUrl\":\"https:\\\/\\\/lospoliticosveracruz.com\\\/wp-content\\\/uploads\\\/2026\\\/01\\\/Dalia.jpg\",\"width\":600,\"height\":320},{\"@type\":\"BreadcrumbList\",\"@id\":\"https:\\\/\\\/lospoliticosveracruz.com\\\/?p=159711#breadcrumb\",\"itemListElement\":[{\"@type\":\"ListItem\",\"position\":1,\"name\":\"Portada\",\"item\":\"https:\\\/\\\/lospoliticosveracruz.com\\\/\"},{\"@type\":\"ListItem\",\"position\":2,\"name\":\"DALIA, AL OMPRI!\"}]},{\"@type\":\"WebSite\",\"@id\":\"https:\\\/\\\/lospoliticosveracruz.com\\\/#website\",\"url\":\"https:\\\/\\\/lospoliticosveracruz.com\\\/\",\"name\":\"Los pol\u00edticos Veracruz\",\"description\":\"\",\"publisher\":{\"@id\":\"https:\\\/\\\/lospoliticosveracruz.com\\\/#organization\"},\"potentialAction\":[{\"@type\":\"SearchAction\",\"target\":{\"@type\":\"EntryPoint\",\"urlTemplate\":\"https:\\\/\\\/lospoliticosveracruz.com\\\/?s={search_term_string}\"},\"query-input\":{\"@type\":\"PropertyValueSpecification\",\"valueRequired\":true,\"valueName\":\"search_term_string\"}}],\"inLanguage\":\"es\"},{\"@type\":\"Organization\",\"@id\":\"https:\\\/\\\/lospoliticosveracruz.com\\\/#organization\",\"name\":\"Los pol\u00edticos Veracruz\",\"url\":\"https:\\\/\\\/lospoliticosveracruz.com\\\/\",\"logo\":{\"@type\":\"ImageObject\",\"inLanguage\":\"es\",\"@id\":\"https:\\\/\\\/lospoliticosveracruz.com\\\/#\\\/schema\\\/logo\\\/image\\\/\",\"url\":\"https:\\\/\\\/lospoliticosveracruz.com\\\/wp-content\\\/uploads\\\/2025\\\/12\\\/Logo-Nuevo-LOS-POLITICOS-1.jpg\",\"contentUrl\":\"https:\\\/\\\/lospoliticosveracruz.com\\\/wp-content\\\/uploads\\\/2025\\\/12\\\/Logo-Nuevo-LOS-POLITICOS-1.jpg\",\"width\":260,\"height\":70,\"caption\":\"Los pol\u00edticos Veracruz\"},\"image\":{\"@id\":\"https:\\\/\\\/lospoliticosveracruz.com\\\/#\\\/schema\\\/logo\\\/image\\\/\"},\"sameAs\":[\"https:\\\/\\\/www.facebook.com\\\/people\\\/Notimemes-de-los-Polticos\\\/61565672886568\\\/\",\"https:\\\/\\\/x.com\\\/LosPoliticosVer\"]},{\"@type\":\"Person\",\"@id\":\"https:\\\/\\\/lospoliticosveracruz.com\\\/#\\\/schema\\\/person\\\/b8702bb0e538456e6efd07080bf2a4a2\",\"name\":\"Lo viste en Los Pol\u00edticos\",\"image\":{\"@type\":\"ImageObject\",\"inLanguage\":\"es\",\"@id\":\"https:\\\/\\\/secure.gravatar.com\\\/avatar\\\/3a8de04a2656d44082be478bd6c086daa447c4651605818287b9532d3d0bd435?s=96&d=mm&r=g\",\"url\":\"https:\\\/\\\/secure.gravatar.com\\\/avatar\\\/3a8de04a2656d44082be478bd6c086daa447c4651605818287b9532d3d0bd435?s=96&d=mm&r=g\",\"contentUrl\":\"https:\\\/\\\/secure.gravatar.com\\\/avatar\\\/3a8de04a2656d44082be478bd6c086daa447c4651605818287b9532d3d0bd435?s=96&d=mm&r=g\",\"caption\":\"Lo viste en Los Pol\u00edticos\"},\"url\":\"https:\\\/\\\/lospoliticosveracruz.com\\\/?author=2\"}]}<\/script>\n<!-- \/ Yoast SEO plugin. -->","yoast_head_json":{"title":"DALIA, AL OMPRI! - Los pol\u00edticos Veracruz","robots":{"index":"index","follow":"follow","max-snippet":"max-snippet:-1","max-image-preview":"max-image-preview:large","max-video-preview":"max-video-preview:-1"},"canonical":"https:\/\/lospoliticosveracruz.com\/?p=159711","og_locale":"es_ES","og_type":"article","og_title":"DALIA, AL OMPRI! - Los pol\u00edticos Veracruz","og_description":"Con el objetivo de fortalecer la estructura del Partido Revolucionario Institucional (PRI) en el estado, la maestra Dalia Edith P\u00e9rez Casta\u00f1eda rindi\u00f3 protesta formalmente como la nueva titular del Organismo Nacional de Mujeres Priistas (ONMPRI) en Veracruz, tras ser nombrada por la dirigente nacional de la organizaci\u00f3n, Dip. Ariana Rej\u00f3n Lara. Durante el acto protocolario, [&hellip;]","og_url":"https:\/\/lospoliticosveracruz.com\/?p=159711","og_site_name":"Los pol\u00edticos Veracruz","article_publisher":"https:\/\/www.facebook.com\/people\/Notimemes-de-los-Polticos\/61565672886568\/","article_published_time":"2026-01-07T16:48:22+00:00","article_modified_time":"2026-01-07T16:48:24+00:00","og_image":[{"width":600,"height":320,"url":"https:\/\/lospoliticosveracruz.com\/wp-content\/uploads\/2026\/01\/Dalia.jpg","type":"image\/jpeg"}],"author":"Lo viste en Los Pol\u00edticos","twitter_card":"summary_large_image","twitter_creator":"@LosPoliticosVer","twitter_site":"@LosPoliticosVer","twitter_misc":{"Escrito por":"Lo viste en Los Pol\u00edticos","Tiempo de lectura":"2 minutos"},"schema":{"@context":"https:\/\/schema.org","@graph":[{"@type":"Article","@id":"https:\/\/lospoliticosveracruz.com\/?p=159711#article","isPartOf":{"@id":"https:\/\/lospoliticosveracruz.com\/?p=159711"},"author":{"name":"Lo viste en Los Pol\u00edticos","@id":"https:\/\/lospoliticosveracruz.com\/#\/schema\/person\/b8702bb0e538456e6efd07080bf2a4a2"},"headline":"DALIA, AL OMPRI!","datePublished":"2026-01-07T16:48:22+00:00","dateModified":"2026-01-07T16:48:24+00:00","mainEntityOfPage":{"@id":"https:\/\/lospoliticosveracruz.com\/?p=159711"},"wordCount":347,"publisher":{"@id":"https:\/\/lospoliticosveracruz.com\/#organization"},"image":{"@id":"https:\/\/lospoliticosveracruz.com\/?p=159711#primaryimage"},"thumbnailUrl":"https:\/\/lospoliticosveracruz.com\/wp-content\/uploads\/2026\/01\/Dalia.jpg","keywords":["Adolfo Ram\u00edrez Arana PRI Veracruz","Ariana Rej\u00f3n Lara Veracruz","Carolina Gudi\u00f1o Corro PRI","Dalia Edith P\u00e9rez Casta\u00f1eda ONMPRI","Estructura PRI Veracruz mujeres","Mujeres priistas Veracruz 2026","Relevo ONMPRI Veracruz 2026"],"articleSection":["De Boleto"],"inLanguage":"es"},{"@type":"WebPage","@id":"https:\/\/lospoliticosveracruz.com\/?p=159711","url":"https:\/\/lospoliticosveracruz.com\/?p=159711","name":"DALIA, AL OMPRI! - Los pol\u00edticos Veracruz","isPartOf":{"@id":"https:\/\/lospoliticosveracruz.com\/#website"},"primaryImageOfPage":{"@id":"https:\/\/lospoliticosveracruz.com\/?p=159711#primaryimage"},"image":{"@id":"https:\/\/lospoliticosveracruz.com\/?p=159711#primaryimage"},"thumbnailUrl":"https:\/\/lospoliticosveracruz.com\/wp-content\/uploads\/2026\/01\/Dalia.jpg","datePublished":"2026-01-07T16:48:22+00:00","dateModified":"2026-01-07T16:48:24+00:00","breadcrumb":{"@id":"https:\/\/lospoliticosveracruz.com\/?p=159711#breadcrumb"},"inLanguage":"es","potentialAction":[{"@type":"ReadAction","target":["https:\/\/lospoliticosveracruz.com\/?p=159711"]}]},{"@type":"ImageObject","inLanguage":"es","@id":"https:\/\/lospoliticosveracruz.com\/?p=159711#primaryimage","url":"https:\/\/lospoliticosveracruz.com\/wp-content\/uploads\/2026\/01\/Dalia.jpg","contentUrl":"https:\/\/lospoliticosveracruz.com\/wp-content\/uploads\/2026\/01\/Dalia.jpg","width":600,"height":320},{"@type":"BreadcrumbList","@id":"https:\/\/lospoliticosveracruz.com\/?p=159711#breadcrumb","itemListElement":[{"@type":"ListItem","position":1,"name":"Portada","item":"https:\/\/lospoliticosveracruz.com\/"},{"@type":"ListItem","position":2,"name":"DALIA, AL OMPRI!"}]},{"@type":"WebSite","@id":"https:\/\/lospoliticosveracruz.com\/#website","url":"https:\/\/lospoliticosveracruz.com\/","name":"Los pol\u00edticos Veracruz","description":"","publisher":{"@id":"https:\/\/lospoliticosveracruz.com\/#organization"},"potentialAction":[{"@type":"SearchAction","target":{"@type":"EntryPoint","urlTemplate":"https:\/\/lospoliticosveracruz.com\/?s={search_term_string}"},"query-input":{"@type":"PropertyValueSpecification","valueRequired":true,"valueName":"search_term_string"}}],"inLanguage":"es"},{"@type":"Organization","@id":"https:\/\/lospoliticosveracruz.com\/#organization","name":"Los pol\u00edticos Veracruz","url":"https:\/\/lospoliticosveracruz.com\/","logo":{"@type":"ImageObject","inLanguage":"es","@id":"https:\/\/lospoliticosveracruz.com\/#\/schema\/logo\/image\/","url":"https:\/\/lospoliticosveracruz.com\/wp-content\/uploads\/2025\/12\/Logo-Nuevo-LOS-POLITICOS-1.jpg","contentUrl":"https:\/\/lospoliticosveracruz.com\/wp-content\/uploads\/2025\/12\/Logo-Nuevo-LOS-POLITICOS-1.jpg","width":260,"height":70,"caption":"Los pol\u00edticos Veracruz"},"image":{"@id":"https:\/\/lospoliticosveracruz.com\/#\/schema\/logo\/image\/"},"sameAs":["https:\/\/www.facebook.com\/people\/Notimemes-de-los-Polticos\/61565672886568\/","https:\/\/x.com\/LosPoliticosVer"]},{"@type":"Person","@id":"https:\/\/lospoliticosveracruz.com\/#\/schema\/person\/b8702bb0e538456e6efd07080bf2a4a2","name":"Lo viste en Los Pol\u00edticos","image":{"@type":"ImageObject","inLanguage":"es","@id":"https:\/\/secure.gravatar.com\/avatar\/3a8de04a2656d44082be478bd6c086daa447c4651605818287b9532d3d0bd435?s=96&d=mm&r=g","url":"https:\/\/secure.gravatar.com\/avatar\/3a8de04a2656d44082be478bd6c086daa447c4651605818287b9532d3d0bd435?s=96&d=mm&r=g","contentUrl":"https:\/\/secure.gravatar.com\/avatar\/3a8de04a2656d44082be478bd6c086daa447c4651605818287b9532d3d0bd435?s=96&d=mm&r=g","caption":"Lo viste en Los Pol\u00edticos"},"url":"https:\/\/lospoliticosveracruz.com\/?author=2"}]}},"_links":{"self":[{"href":"https:\/\/lospoliticosveracruz.com\/index.php?rest_route=\/wp\/v2\/posts\/159711","targetHints":{"allow":["GET"]}}],"collection":[{"href":"https:\/\/lospoliticosveracruz.com\/index.php?rest_route=\/wp\/v2\/posts"}],"about":[{"href":"https:\/\/lospoliticosveracruz.com\/index.php?rest_route=\/wp\/v2\/types\/post"}],"author":[{"embeddable":true,"href":"https:\/\/lospoliticosveracruz.com\/index.php?rest_route=\/wp\/v2\/users\/2"}],"replies":[{"embeddable":true,"href":"https:\/\/lospoliticosveracruz.com\/index.php?rest_route=%2Fwp%2Fv2%2Fcomments&post=159711"}],"version-history":[{"count":1,"href":"https:\/\/lospoliticosveracruz.com\/index.php?rest_route=\/wp\/v2\/posts\/159711\/revisions"}],"predecessor-version":[{"id":159713,"href":"https:\/\/lospoliticosveracruz.com\/index.php?rest_route=\/wp\/v2\/posts\/159711\/revisions\/159713"}],"wp:featuredmedia":[{"embeddable":true,"href":"https:\/\/lospoliticosveracruz.com\/index.php?rest_route=\/wp\/v2\/media\/159712"}],"wp:attachment":[{"href":"https:\/\/lospoliticosveracruz.com\/index.php?rest_route=%2Fwp%2Fv2%2Fmedia&parent=159711"}],"wp:term":[{"taxonomy":"category","embeddable":true,"href":"https:\/\/lospoliticosveracruz.com\/index.php?rest_route=%2Fwp%2Fv2%2Fcategories&post=159711"},{"taxonomy":"post_tag","embeddable":true,"href":"https:\/\/lospoliticosveracruz.com\/index.php?rest_route=%2Fwp%2Fv2%2Ftags&post=159711"}],"curies":[{"name":"wp","href":"https:\/\/api.w.org\/{rel}","templated":true}]}}