{"id":15972,"date":"2015-04-29T21:50:11","date_gmt":"2015-04-30T02:50:11","guid":{"rendered":"http:\/\/www.lospoliticosveracruz.com.mx\/?p=15972"},"modified":"2015-04-29T21:50:11","modified_gmt":"2015-04-30T02:50:11","slug":"lluvia-y-libros-binomio-xalapeno","status":"publish","type":"post","link":"https:\/\/lospoliticosveracruz.com\/?p=15972","title":{"rendered":"Lluvia y libros, binomio xalape\u00f1o"},"content":{"rendered":"<p><a href=\"http:\/\/www.lospoliticosveracruz.com.mx\/wp-content\/uploads\/2015\/04\/FILU.jpg\"><img loading=\"lazy\" decoding=\"async\" class=\"alignnone size-medium wp-image-15973\" src=\"http:\/\/www.lospoliticosveracruz.com.mx\/wp-content\/uploads\/2015\/04\/FILU-300x201.jpg\" alt=\"FILU\" width=\"300\" height=\"201\" \/><\/a><br \/>\n<strong>\u00c1lvaro Belin Andrade<\/strong><\/p>\n<p><em>Hora Libre<\/em><\/p>\n<p>Ya era raro que la Feria Internacional del Libro Universitario organizada por la UV se desarrollara en un ambiente c\u00e1lido y seco, cuando su sello principal siempre hab\u00edan sido las torrenciales lluvias.<br \/>\nTan inc\u00f3modas eran las tempestades y tan disuasivas de la tradicional asistencia, mermada penosamente por la ca\u00edda del cielo en forma de r\u00edos que en una ocasi\u00f3n amenazaron con llevarse en el torrente las costosas zapatillas de la entonces alcaldesa Elizabeth Morales, que no solo se cambiaron su escenario muchas veces sino tambi\u00e9n las fechas.<br \/>\nAgust\u00edn del Moral, entonces director de la Editorial de la UV y organizador de esta importante feria nacida en el rectorado de Emilio Gidi Villarreal y convertida en internacional con V\u00edctor Arredondo, vio migrar la FILU de septiembre a mayo, para evitar la perspicaz intrusa tra\u00edda por la temporada de \u2018nortes\u2019 o frentes fr\u00edos del declinante verano. Pero el clima \u2013cuyo car\u00e1cter voluble es proverbial\u2013, ante el intento de cerrarle la puerta, tom\u00f3 la decisi\u00f3n de extender inusualmente la temporada de frentes fr\u00edos.<br \/>\nEl coso construido con premura por el gobierno duartista cuando restaban horas para el inicio de los Juegos Centroamericanos y del Caribe (de infausta memoria) se convirti\u00f3, primero, en una cocina f\u00e1ustica para los amantes del papel impreso. Las altas temperaturas, inusuales en la fecha seg\u00fan los meteor\u00f3logos, hicieron que la palabra hablada y la palabra escrita estuvieran a punto de incendiarse, en medio de un espacio que hoy pareci\u00f3 tan vasto que debieron improvisarse \u00e1reas de confort para llenarlo.<br \/>\nPero no contaban con la h\u00fameda visitante que este martes lleg\u00f3 despu\u00e9s de una ma\u00f1ana caldeada por un sol que a todos les pareci\u00f3 propicio m\u00e1s para la playa y las cervezas fr\u00edas que para el caf\u00e9 y el amor por los libros. Como si solo tratara de esconder su car\u00e1cter travieso, la lluvia hizo de las suyas por toda la ciudad. Acompa\u00f1ada por su parafernalia de rayos y centellas, se desplom\u00f3 con furia cuando nadie la esperaba.<br \/>\nEl gimnasio convertido en sede de una de las mayores fiestas de los libros empez\u00f3 a hacer agua y gruesos goterones hicieron correr a los expositores que, con improvisados toldos, trataron de salvar su colorida mercader\u00eda.<br \/>\nDijo el alcalde que hac\u00eda m\u00e1s de 50 a\u00f1os que no se registraba una lluvia \u2018at\u00edpica\u2019 como la de este martes, que inund\u00f3 hasta los sitios m\u00e1s insospechados, dejando a la ciudad en riesgo de ser comida por los torrentes y los s\u00fabitos estuarios. Ayer mi\u00e9rcoles continu\u00f3 m\u00e1s clmada y trajo a la ciudad la a\u00f1orada neblina.<br \/>\nQuienes vivimos en la regi\u00f3n hace muchos a\u00f1os, poco podemos pedir al clima para que sea benevolente. La FILU se ha mantenido pese a las penurias financieras de la universidad y a la lluvia. El a\u00f1o pasado menos suerte tuvo, por ejemplo, el Festival JazzUV, y este a\u00f1o no contaremos con el Hay Festival.<\/p>\n<p>&nbsp;<\/p>\n<p><strong>No nos detendr\u00e1n amenazas de Arteaga Aponte<\/strong><\/p>\n<p>Como hoy, mi amigo Manuel Rosete Ch\u00e1vez y un servidor recibimos el acicate de las amenazas por nuestra labor period\u00edstica, el tiempo ha sido cruel con esta columna. Todo el d\u00eda hemos gestionado la protecci\u00f3n a nuestra integridad f\u00edsica, hemos respondido a la inquietud de innumerables amigos y de personas que no nos conocen personalmente pero que est\u00e1n muy sensibles a la situaci\u00f3n de Veracruz, con mucho el estado m\u00e1s peligroso para los periodistas.<br \/>\nNuestras denuncias sobre el clima de corrupci\u00f3n en el Colegio de Estudios Cient\u00edficos y Tecnol\u00f3gicos (CECyTEV), causado por su director Fernando Arteaga Aponte, molestaron tanto este personaje oscuro de la pol\u00edtica de las catacumbas en la entidad como a sus c\u00f3mplices, amantes y aviadores. A trav\u00e9s de ellos hicieron llegar amenazas que no pod\u00edamos menospreciar, particularmente las que ten\u00edan que ver con nuestras vidas.<br \/>\nContamos con nombres y n\u00fameros de celular desde donde se lanzaron las amenazas. No hemos querido llevar m\u00e1s lejos esta situaci\u00f3n, a la espera de que este individuo comprenda que la cr\u00edtica es necesaria en una sociedad democr\u00e1tica. Sin embargo, si persiste en su actitud amenazante acudiremos no solo a las instancias estatales sino a las nacionales, para llevar a tribunales un comportamiento que ha puesto en jaque a la comunicaci\u00f3n en la entidad.<br \/>\nSuena anecd\u00f3tico que en su \u00fanica alocuci\u00f3n ante la prensa, Arteaga Aponte solo haya negado que hubiera proferido amenazas contra nosotros y que tratase de probar su versi\u00f3n aduciendo que no tiene el gusto de conocernos, una verdad a medias sin lugar a dudas. En lo primero debe ser cierto, porque m\u00e1s bien tendr\u00eda el disgusto, pero de que nos conoce, por supuesto que s\u00ed. Y una cosa m\u00e1s, no es necesario conocerlo personalmente para poder denunciar sus flagrantes actos de corrupci\u00f3n, y tampoco es necesario que nos conozca para lanzarnos amenazas.<\/p>\n","protected":false},"excerpt":{"rendered":"<p>\u00c1lvaro Belin Andrade Hora Libre Ya era raro que la Feria Internacional del Libro Universitario organizada por la UV se desarrollara en un ambiente c\u00e1lido y seco, cuando su sello principal siempre hab\u00edan sido las torrenciales lluvias. Tan inc\u00f3modas eran las tempestades y tan disuasivas de la tradicional asistencia, mermada penosamente por la ca\u00edda del [&hellip;]<\/p>\n","protected":false},"author":2,"featured_media":0,"comment_status":"open","ping_status":"open","sticky":false,"template":"","format":"standard","meta":{"tdm_status":"","tdm_grid_status":"","footnotes":""},"categories":[70],"tags":[1182,2587,2585,1183,773],"class_list":{"0":"post-15972","1":"post","2":"type-post","3":"status-publish","4":"format-standard","6":"category-de-opinion","7":"tag-cecytev","8":"tag-emilio-gidi-villarreal","9":"tag-feria-internacional-del-libro-universitario","10":"tag-fernando-arteaga-aponte","11":"tag-manuel-rosete-chavez"},"yoast_head":"<!-- This site is optimized with the Yoast SEO plugin v27.4 - https:\/\/yoast.com\/product\/yoast-seo-wordpress\/ -->\n<title>Lluvia y libros, binomio xalape\u00f1o - Los pol\u00edticos Veracruz<\/title>\n<meta name=\"robots\" content=\"index, follow, max-snippet:-1, max-image-preview:large, max-video-preview:-1\" \/>\n<link rel=\"canonical\" href=\"https:\/\/lospoliticosveracruz.com\/?p=15972\" \/>\n<meta property=\"og:locale\" content=\"es_ES\" \/>\n<meta property=\"og:type\" content=\"article\" \/>\n<meta property=\"og:title\" content=\"Lluvia y libros, binomio xalape\u00f1o - Los pol\u00edticos Veracruz\" \/>\n<meta property=\"og:description\" content=\"\u00c1lvaro Belin Andrade Hora Libre Ya era raro que la Feria Internacional del Libro Universitario organizada por la UV se desarrollara en un ambiente c\u00e1lido y seco, cuando su sello principal siempre hab\u00edan sido las torrenciales lluvias. Tan inc\u00f3modas eran las tempestades y tan disuasivas de la tradicional asistencia, mermada penosamente por la ca\u00edda del [&hellip;]\" \/>\n<meta property=\"og:url\" content=\"https:\/\/lospoliticosveracruz.com\/?p=15972\" \/>\n<meta property=\"og:site_name\" content=\"Los pol\u00edticos Veracruz\" \/>\n<meta property=\"article:publisher\" content=\"https:\/\/www.facebook.com\/people\/Notimemes-de-los-Polticos\/61565672886568\/\" \/>\n<meta property=\"article:published_time\" content=\"2015-04-30T02:50:11+00:00\" \/>\n<meta property=\"og:image\" content=\"http:\/\/www.lospoliticosveracruz.com.mx\/wp-content\/uploads\/2015\/04\/FILU-300x201.jpg\" \/>\n<meta name=\"author\" content=\"Lo viste en Los Pol\u00edticos\" \/>\n<meta name=\"twitter:card\" content=\"summary_large_image\" \/>\n<meta name=\"twitter:creator\" content=\"@LosPoliticosVer\" \/>\n<meta name=\"twitter:site\" content=\"@LosPoliticosVer\" \/>\n<meta name=\"twitter:label1\" content=\"Escrito por\" \/>\n\t<meta name=\"twitter:data1\" content=\"Lo viste en Los Pol\u00edticos\" \/>\n\t<meta name=\"twitter:label2\" content=\"Tiempo de lectura\" \/>\n\t<meta name=\"twitter:data2\" content=\"4 minutos\" \/>\n<script type=\"application\/ld+json\" class=\"yoast-schema-graph\">{\"@context\":\"https:\\\/\\\/schema.org\",\"@graph\":[{\"@type\":\"Article\",\"@id\":\"https:\\\/\\\/lospoliticosveracruz.com\\\/?p=15972#article\",\"isPartOf\":{\"@id\":\"https:\\\/\\\/lospoliticosveracruz.com\\\/?p=15972\"},\"author\":{\"name\":\"Lo viste en Los Pol\u00edticos\",\"@id\":\"https:\\\/\\\/lospoliticosveracruz.com\\\/#\\\/schema\\\/person\\\/b8702bb0e538456e6efd07080bf2a4a2\"},\"headline\":\"Lluvia y libros, binomio xalape\u00f1o\",\"datePublished\":\"2015-04-30T02:50:11+00:00\",\"mainEntityOfPage\":{\"@id\":\"https:\\\/\\\/lospoliticosveracruz.com\\\/?p=15972\"},\"wordCount\":865,\"commentCount\":0,\"publisher\":{\"@id\":\"https:\\\/\\\/lospoliticosveracruz.com\\\/#organization\"},\"image\":{\"@id\":\"https:\\\/\\\/lospoliticosveracruz.com\\\/?p=15972#primaryimage\"},\"thumbnailUrl\":\"http:\\\/\\\/www.lospoliticosveracruz.com.mx\\\/wp-content\\\/uploads\\\/2015\\\/04\\\/FILU-300x201.jpg\",\"keywords\":[\"CECyTEV\",\"Emilio Gidi Villarreal\",\"Feria Internacional del Libro Universitario\",\"Fernando Arteaga Aponte\",\"Manuel Rosete Ch\u00e1vez\"],\"articleSection\":[\"De Opini\u00f3n\"],\"inLanguage\":\"es\",\"potentialAction\":[{\"@type\":\"CommentAction\",\"name\":\"Comment\",\"target\":[\"https:\\\/\\\/lospoliticosveracruz.com\\\/?p=15972#respond\"]}]},{\"@type\":\"WebPage\",\"@id\":\"https:\\\/\\\/lospoliticosveracruz.com\\\/?p=15972\",\"url\":\"https:\\\/\\\/lospoliticosveracruz.com\\\/?p=15972\",\"name\":\"Lluvia y libros, binomio xalape\u00f1o - Los pol\u00edticos Veracruz\",\"isPartOf\":{\"@id\":\"https:\\\/\\\/lospoliticosveracruz.com\\\/#website\"},\"primaryImageOfPage\":{\"@id\":\"https:\\\/\\\/lospoliticosveracruz.com\\\/?p=15972#primaryimage\"},\"image\":{\"@id\":\"https:\\\/\\\/lospoliticosveracruz.com\\\/?p=15972#primaryimage\"},\"thumbnailUrl\":\"http:\\\/\\\/www.lospoliticosveracruz.com.mx\\\/wp-content\\\/uploads\\\/2015\\\/04\\\/FILU-300x201.jpg\",\"datePublished\":\"2015-04-30T02:50:11+00:00\",\"breadcrumb\":{\"@id\":\"https:\\\/\\\/lospoliticosveracruz.com\\\/?p=15972#breadcrumb\"},\"inLanguage\":\"es\",\"potentialAction\":[{\"@type\":\"ReadAction\",\"target\":[\"https:\\\/\\\/lospoliticosveracruz.com\\\/?p=15972\"]}]},{\"@type\":\"ImageObject\",\"inLanguage\":\"es\",\"@id\":\"https:\\\/\\\/lospoliticosveracruz.com\\\/?p=15972#primaryimage\",\"url\":\"http:\\\/\\\/www.lospoliticosveracruz.com.mx\\\/wp-content\\\/uploads\\\/2015\\\/04\\\/FILU-300x201.jpg\",\"contentUrl\":\"http:\\\/\\\/www.lospoliticosveracruz.com.mx\\\/wp-content\\\/uploads\\\/2015\\\/04\\\/FILU-300x201.jpg\"},{\"@type\":\"BreadcrumbList\",\"@id\":\"https:\\\/\\\/lospoliticosveracruz.com\\\/?p=15972#breadcrumb\",\"itemListElement\":[{\"@type\":\"ListItem\",\"position\":1,\"name\":\"Portada\",\"item\":\"https:\\\/\\\/lospoliticosveracruz.com\\\/\"},{\"@type\":\"ListItem\",\"position\":2,\"name\":\"Lluvia y libros, binomio xalape\u00f1o\"}]},{\"@type\":\"WebSite\",\"@id\":\"https:\\\/\\\/lospoliticosveracruz.com\\\/#website\",\"url\":\"https:\\\/\\\/lospoliticosveracruz.com\\\/\",\"name\":\"Los pol\u00edticos Veracruz\",\"description\":\"\",\"publisher\":{\"@id\":\"https:\\\/\\\/lospoliticosveracruz.com\\\/#organization\"},\"potentialAction\":[{\"@type\":\"SearchAction\",\"target\":{\"@type\":\"EntryPoint\",\"urlTemplate\":\"https:\\\/\\\/lospoliticosveracruz.com\\\/?s={search_term_string}\"},\"query-input\":{\"@type\":\"PropertyValueSpecification\",\"valueRequired\":true,\"valueName\":\"search_term_string\"}}],\"inLanguage\":\"es\"},{\"@type\":\"Organization\",\"@id\":\"https:\\\/\\\/lospoliticosveracruz.com\\\/#organization\",\"name\":\"Los pol\u00edticos Veracruz\",\"url\":\"https:\\\/\\\/lospoliticosveracruz.com\\\/\",\"logo\":{\"@type\":\"ImageObject\",\"inLanguage\":\"es\",\"@id\":\"https:\\\/\\\/lospoliticosveracruz.com\\\/#\\\/schema\\\/logo\\\/image\\\/\",\"url\":\"https:\\\/\\\/lospoliticosveracruz.com\\\/wp-content\\\/uploads\\\/2025\\\/12\\\/Logo-Nuevo-LOS-POLITICOS-1.jpg\",\"contentUrl\":\"https:\\\/\\\/lospoliticosveracruz.com\\\/wp-content\\\/uploads\\\/2025\\\/12\\\/Logo-Nuevo-LOS-POLITICOS-1.jpg\",\"width\":260,\"height\":70,\"caption\":\"Los pol\u00edticos Veracruz\"},\"image\":{\"@id\":\"https:\\\/\\\/lospoliticosveracruz.com\\\/#\\\/schema\\\/logo\\\/image\\\/\"},\"sameAs\":[\"https:\\\/\\\/www.facebook.com\\\/people\\\/Notimemes-de-los-Polticos\\\/61565672886568\\\/\",\"https:\\\/\\\/x.com\\\/LosPoliticosVer\"]},{\"@type\":\"Person\",\"@id\":\"https:\\\/\\\/lospoliticosveracruz.com\\\/#\\\/schema\\\/person\\\/b8702bb0e538456e6efd07080bf2a4a2\",\"name\":\"Lo viste en Los Pol\u00edticos\",\"image\":{\"@type\":\"ImageObject\",\"inLanguage\":\"es\",\"@id\":\"https:\\\/\\\/secure.gravatar.com\\\/avatar\\\/3a8de04a2656d44082be478bd6c086daa447c4651605818287b9532d3d0bd435?s=96&d=mm&r=g\",\"url\":\"https:\\\/\\\/secure.gravatar.com\\\/avatar\\\/3a8de04a2656d44082be478bd6c086daa447c4651605818287b9532d3d0bd435?s=96&d=mm&r=g\",\"contentUrl\":\"https:\\\/\\\/secure.gravatar.com\\\/avatar\\\/3a8de04a2656d44082be478bd6c086daa447c4651605818287b9532d3d0bd435?s=96&d=mm&r=g\",\"caption\":\"Lo viste en Los Pol\u00edticos\"},\"url\":\"https:\\\/\\\/lospoliticosveracruz.com\\\/?author=2\"}]}<\/script>\n<!-- \/ Yoast SEO plugin. -->","yoast_head_json":{"title":"Lluvia y libros, binomio xalape\u00f1o - Los pol\u00edticos Veracruz","robots":{"index":"index","follow":"follow","max-snippet":"max-snippet:-1","max-image-preview":"max-image-preview:large","max-video-preview":"max-video-preview:-1"},"canonical":"https:\/\/lospoliticosveracruz.com\/?p=15972","og_locale":"es_ES","og_type":"article","og_title":"Lluvia y libros, binomio xalape\u00f1o - Los pol\u00edticos Veracruz","og_description":"\u00c1lvaro Belin Andrade Hora Libre Ya era raro que la Feria Internacional del Libro Universitario organizada por la UV se desarrollara en un ambiente c\u00e1lido y seco, cuando su sello principal siempre hab\u00edan sido las torrenciales lluvias. Tan inc\u00f3modas eran las tempestades y tan disuasivas de la tradicional asistencia, mermada penosamente por la ca\u00edda del [&hellip;]","og_url":"https:\/\/lospoliticosveracruz.com\/?p=15972","og_site_name":"Los pol\u00edticos Veracruz","article_publisher":"https:\/\/www.facebook.com\/people\/Notimemes-de-los-Polticos\/61565672886568\/","article_published_time":"2015-04-30T02:50:11+00:00","og_image":[{"url":"http:\/\/www.lospoliticosveracruz.com.mx\/wp-content\/uploads\/2015\/04\/FILU-300x201.jpg","type":"","width":"","height":""}],"author":"Lo viste en Los Pol\u00edticos","twitter_card":"summary_large_image","twitter_creator":"@LosPoliticosVer","twitter_site":"@LosPoliticosVer","twitter_misc":{"Escrito por":"Lo viste en Los Pol\u00edticos","Tiempo de lectura":"4 minutos"},"schema":{"@context":"https:\/\/schema.org","@graph":[{"@type":"Article","@id":"https:\/\/lospoliticosveracruz.com\/?p=15972#article","isPartOf":{"@id":"https:\/\/lospoliticosveracruz.com\/?p=15972"},"author":{"name":"Lo viste en Los Pol\u00edticos","@id":"https:\/\/lospoliticosveracruz.com\/#\/schema\/person\/b8702bb0e538456e6efd07080bf2a4a2"},"headline":"Lluvia y libros, binomio xalape\u00f1o","datePublished":"2015-04-30T02:50:11+00:00","mainEntityOfPage":{"@id":"https:\/\/lospoliticosveracruz.com\/?p=15972"},"wordCount":865,"commentCount":0,"publisher":{"@id":"https:\/\/lospoliticosveracruz.com\/#organization"},"image":{"@id":"https:\/\/lospoliticosveracruz.com\/?p=15972#primaryimage"},"thumbnailUrl":"http:\/\/www.lospoliticosveracruz.com.mx\/wp-content\/uploads\/2015\/04\/FILU-300x201.jpg","keywords":["CECyTEV","Emilio Gidi Villarreal","Feria Internacional del Libro Universitario","Fernando Arteaga Aponte","Manuel Rosete Ch\u00e1vez"],"articleSection":["De Opini\u00f3n"],"inLanguage":"es","potentialAction":[{"@type":"CommentAction","name":"Comment","target":["https:\/\/lospoliticosveracruz.com\/?p=15972#respond"]}]},{"@type":"WebPage","@id":"https:\/\/lospoliticosveracruz.com\/?p=15972","url":"https:\/\/lospoliticosveracruz.com\/?p=15972","name":"Lluvia y libros, binomio xalape\u00f1o - Los pol\u00edticos Veracruz","isPartOf":{"@id":"https:\/\/lospoliticosveracruz.com\/#website"},"primaryImageOfPage":{"@id":"https:\/\/lospoliticosveracruz.com\/?p=15972#primaryimage"},"image":{"@id":"https:\/\/lospoliticosveracruz.com\/?p=15972#primaryimage"},"thumbnailUrl":"http:\/\/www.lospoliticosveracruz.com.mx\/wp-content\/uploads\/2015\/04\/FILU-300x201.jpg","datePublished":"2015-04-30T02:50:11+00:00","breadcrumb":{"@id":"https:\/\/lospoliticosveracruz.com\/?p=15972#breadcrumb"},"inLanguage":"es","potentialAction":[{"@type":"ReadAction","target":["https:\/\/lospoliticosveracruz.com\/?p=15972"]}]},{"@type":"ImageObject","inLanguage":"es","@id":"https:\/\/lospoliticosveracruz.com\/?p=15972#primaryimage","url":"http:\/\/www.lospoliticosveracruz.com.mx\/wp-content\/uploads\/2015\/04\/FILU-300x201.jpg","contentUrl":"http:\/\/www.lospoliticosveracruz.com.mx\/wp-content\/uploads\/2015\/04\/FILU-300x201.jpg"},{"@type":"BreadcrumbList","@id":"https:\/\/lospoliticosveracruz.com\/?p=15972#breadcrumb","itemListElement":[{"@type":"ListItem","position":1,"name":"Portada","item":"https:\/\/lospoliticosveracruz.com\/"},{"@type":"ListItem","position":2,"name":"Lluvia y libros, binomio xalape\u00f1o"}]},{"@type":"WebSite","@id":"https:\/\/lospoliticosveracruz.com\/#website","url":"https:\/\/lospoliticosveracruz.com\/","name":"Los pol\u00edticos Veracruz","description":"","publisher":{"@id":"https:\/\/lospoliticosveracruz.com\/#organization"},"potentialAction":[{"@type":"SearchAction","target":{"@type":"EntryPoint","urlTemplate":"https:\/\/lospoliticosveracruz.com\/?s={search_term_string}"},"query-input":{"@type":"PropertyValueSpecification","valueRequired":true,"valueName":"search_term_string"}}],"inLanguage":"es"},{"@type":"Organization","@id":"https:\/\/lospoliticosveracruz.com\/#organization","name":"Los pol\u00edticos Veracruz","url":"https:\/\/lospoliticosveracruz.com\/","logo":{"@type":"ImageObject","inLanguage":"es","@id":"https:\/\/lospoliticosveracruz.com\/#\/schema\/logo\/image\/","url":"https:\/\/lospoliticosveracruz.com\/wp-content\/uploads\/2025\/12\/Logo-Nuevo-LOS-POLITICOS-1.jpg","contentUrl":"https:\/\/lospoliticosveracruz.com\/wp-content\/uploads\/2025\/12\/Logo-Nuevo-LOS-POLITICOS-1.jpg","width":260,"height":70,"caption":"Los pol\u00edticos Veracruz"},"image":{"@id":"https:\/\/lospoliticosveracruz.com\/#\/schema\/logo\/image\/"},"sameAs":["https:\/\/www.facebook.com\/people\/Notimemes-de-los-Polticos\/61565672886568\/","https:\/\/x.com\/LosPoliticosVer"]},{"@type":"Person","@id":"https:\/\/lospoliticosveracruz.com\/#\/schema\/person\/b8702bb0e538456e6efd07080bf2a4a2","name":"Lo viste en Los Pol\u00edticos","image":{"@type":"ImageObject","inLanguage":"es","@id":"https:\/\/secure.gravatar.com\/avatar\/3a8de04a2656d44082be478bd6c086daa447c4651605818287b9532d3d0bd435?s=96&d=mm&r=g","url":"https:\/\/secure.gravatar.com\/avatar\/3a8de04a2656d44082be478bd6c086daa447c4651605818287b9532d3d0bd435?s=96&d=mm&r=g","contentUrl":"https:\/\/secure.gravatar.com\/avatar\/3a8de04a2656d44082be478bd6c086daa447c4651605818287b9532d3d0bd435?s=96&d=mm&r=g","caption":"Lo viste en Los Pol\u00edticos"},"url":"https:\/\/lospoliticosveracruz.com\/?author=2"}]}},"_links":{"self":[{"href":"https:\/\/lospoliticosveracruz.com\/index.php?rest_route=\/wp\/v2\/posts\/15972","targetHints":{"allow":["GET"]}}],"collection":[{"href":"https:\/\/lospoliticosveracruz.com\/index.php?rest_route=\/wp\/v2\/posts"}],"about":[{"href":"https:\/\/lospoliticosveracruz.com\/index.php?rest_route=\/wp\/v2\/types\/post"}],"author":[{"embeddable":true,"href":"https:\/\/lospoliticosveracruz.com\/index.php?rest_route=\/wp\/v2\/users\/2"}],"replies":[{"embeddable":true,"href":"https:\/\/lospoliticosveracruz.com\/index.php?rest_route=%2Fwp%2Fv2%2Fcomments&post=15972"}],"version-history":[{"count":1,"href":"https:\/\/lospoliticosveracruz.com\/index.php?rest_route=\/wp\/v2\/posts\/15972\/revisions"}],"predecessor-version":[{"id":15974,"href":"https:\/\/lospoliticosveracruz.com\/index.php?rest_route=\/wp\/v2\/posts\/15972\/revisions\/15974"}],"wp:attachment":[{"href":"https:\/\/lospoliticosveracruz.com\/index.php?rest_route=%2Fwp%2Fv2%2Fmedia&parent=15972"}],"wp:term":[{"taxonomy":"category","embeddable":true,"href":"https:\/\/lospoliticosveracruz.com\/index.php?rest_route=%2Fwp%2Fv2%2Fcategories&post=15972"},{"taxonomy":"post_tag","embeddable":true,"href":"https:\/\/lospoliticosveracruz.com\/index.php?rest_route=%2Fwp%2Fv2%2Ftags&post=15972"}],"curies":[{"name":"wp","href":"https:\/\/api.w.org\/{rel}","templated":true}]}}