{"id":159801,"date":"2026-01-08T05:52:23","date_gmt":"2026-01-08T11:52:23","guid":{"rendered":"https:\/\/lospoliticosveracruz.com\/?p=159801"},"modified":"2026-01-08T05:52:24","modified_gmt":"2026-01-08T11:52:24","slug":"ahora-el-canje-de-placas","status":"publish","type":"post","link":"https:\/\/lospoliticosveracruz.com\/?p=159801","title":{"rendered":"AHORA, EL CANJE DE PLACAS!"},"content":{"rendered":"\n<p><strong>Fanny Y\u00e9pez<\/strong><br><em>La Columna<\/em><\/p>\n\n\n\n<p>Si usted es propietario de unidades automotoras con placas que datan de 2018 y a\u00f1os anteriores, le sugiero que se arme de paciencia y tolerancia porque, aunque haya obtenido una cita en el portal de la Secretaria de Finanzas, le informo que tendr\u00e1 que hacer una larga fila y esperar cuando menos unas ocho horas, para que le verifiquen sus documentos y si tiene suerte le entreguen sus laminas.<br>Tambi\u00e9n le recomiendo que antes de acudir a las oficinas de hacienda del estado de Veracruz, tome un t\u00e9 de tila, porque los empleados pondr\u00e1n a prueba su tolerancia y entereza, para soportar el burocratismo que impera en esas dependencias.<br>Cabe se\u00f1alar que, en Veracruz, durante 2026, deben canjear placas los veh\u00edculos con placas emitidas antes de diciembre de 2018, incluyendo placas antiguas (arco\u00edris, blancas con rojo, jarocho, Taj\u00edn) y motocicletas, as\u00ed como veh\u00edculos nuevos o for\u00e1neos registrados en el estado; el programa aplica a veh\u00edculos particulares y se realizar\u00e1n descuentos durante los primeros meses del a\u00f1o.<br>Este re emplacamiento es parte de un programa estatal para actualizar el padr\u00f3n vehicular, con beneficios fiscales y vencimiento de la vigencia de las placas emitidas antes de este a\u00f1o, como las de 2019 y anteriores que no se renovaron.<br>Puede comunicarse directamente a la l\u00ednea telef\u00f3nica de atenci\u00f3n ciudadana para reportar la irregularidad: 228 842 1400, Ext. 3250.<br>Oficinas de Hacienda del Estado: Puede acudir personalmente a cualquiera de las 79 oficinas habilitadas en el estado para presentar un documento impreso de queja o hablar con el personal encargado.<br>La p\u00e1gina oficial de Facebook de \u00abMi Hacienda Veracruz\u00bb sugiere enviar quejas o reportes de irregularidades por mensaje directo (Inbox). Lamentablemente no funcionan.<br>Contralor\u00eda General del Estado: Para quejas formales sobre el servicio p\u00fablico, puede dirigirse al portal de Quejas y Denuncias de la Contralor\u00eda General del Estado de Veracruz.<br>Informaci\u00f3n general sobre los retrasos<br>Se ha reportado que la tardanza en el canje de placas puede deberse a ca\u00eddas del sistema o problemas operativos en los m\u00f3dulos de atenci\u00f3n.<br>Las autoridades de la Oficina Virtual de Hacienda (OVH), recomiendan utilizar los tr\u00e1mites en l\u00ednea en su sitio web oficial para agilizar procesos y programar citas, aunque a veces persisten las fallas en el sistema o la falta de citas.<br>Presentar su queja por los canales oficiales ayudar\u00e1 a que su caso sea registrado y atendido por las autoridades competentes.<br>Varios de los conductores nos comentaron que pr\u00e1cticamente, fueron a acampar en las afueras de las oficinas a fin de ser los primeros en iniciar su tr\u00e1mite, en el canje de placas, aun as\u00ed, se tardaron varias horas en obtener sus laminas. \u201cEs agotador y agobiante y tortuoso el tr\u00e1mite\u201d se\u00f1alo uno de las personas que lleva varias horas en la fila.<br>El tiempo de espera en fila para el canje de placas en Veracruz, puede variar considerablemente, pero las autoridades han implementado un sistema de citas en l\u00ednea a trav\u00e9s de la Oficina Virtual de Hacienda (OVH) para agilizar el proceso y reducir las filas presenciales. Sin embargo, no funcionan porque de todas maneras hay que hacer varias horas de espera y en la mayor\u00eda de los casos el sistema se satura.<br>Este excesivo burocratismo molesta a los contribuyentes e inhibe su intenci\u00f3n de canjear sus placas, los propietarios se quejan de la ineficiencia y papeleo que les hace perder varias horas de trabajo.<br>Factores que influyen en el tiempo de espera<br>Uso del sistema de citas: El m\u00e9todo m\u00e1s eficiente es agendar una cita en l\u00ednea. Al hacerlo, el tiempo de espera en la oficina se limita principalmente a la validaci\u00f3n final de documentos y la entrega de las nuevas placas.<br>Si se acude sin cita o en periodos de alta demanda (cercanos a las fechas l\u00edmite de los programas de re emplacamiento), es posible experimentar largas filas que podr\u00edan durar varias horas. Reportes de usuarios en redes sociales han mencionado esperas significativas, especialmente si hay problemas con el sistema en las oficinas o si no se cuenta con la documentaci\u00f3n completa.<br>La SEFIPLAN en Veracruz cuenta con un n\u00famero considerable de oficinas de Hacienda, manejando alrededor de 80 o m\u00e1s a nivel estatal, incluyendo sedes regionales y oficinas locales, para tr\u00e1mites vehiculares y fiscales, con planes recientes para ampliar su cobertura, sumando nuevas sedes y extendiendo horarios para mejorar la atenci\u00f3n ciudadana en municipios clave.<br>Pero cabe resaltar que ninguna de ellas es eficiente y los empleados no ofrecen un trato amable a los usuarios, quienes en muchas ocasiones desconocen los pasos que hay que seguir para canjear sus placas.<\/p>\n","protected":false},"excerpt":{"rendered":"<p>Fanny Y\u00e9pezLa Columna Si usted es propietario de unidades automotoras con placas que datan de 2018 y a\u00f1os anteriores, le sugiero que se arme de paciencia y tolerancia porque, aunque haya obtenido una cita en el portal de la Secretaria de Finanzas, le informo que tendr\u00e1 que hacer una larga fila y esperar cuando menos [&hellip;]<\/p>\n","protected":false},"author":2,"featured_media":141383,"comment_status":"closed","ping_status":"closed","sticky":false,"template":"","format":"standard","meta":{"tdm_status":"","tdm_grid_status":"","footnotes":""},"categories":[70],"tags":[34685,14505,7969,640,195],"class_list":{"0":"post-159801","1":"post","2":"type-post","3":"status-publish","4":"format-standard","5":"has-post-thumbnail","7":"category-de-opinion","8":"tag-canje-de-placas","9":"tag-hacienda-del-estado","10":"tag-reemplacamiento","11":"tag-sefiplan","12":"tag-veracruz"},"yoast_head":"<!-- This site is optimized with the Yoast SEO plugin v27.4 - https:\/\/yoast.com\/product\/yoast-seo-wordpress\/ -->\n<title>AHORA, EL CANJE DE PLACAS! - Los pol\u00edticos Veracruz<\/title>\n<meta name=\"robots\" content=\"index, follow, max-snippet:-1, max-image-preview:large, max-video-preview:-1\" \/>\n<link rel=\"canonical\" href=\"https:\/\/lospoliticosveracruz.com\/?p=159801\" \/>\n<meta property=\"og:locale\" content=\"es_ES\" \/>\n<meta property=\"og:type\" content=\"article\" \/>\n<meta property=\"og:title\" content=\"AHORA, EL CANJE DE PLACAS! - Los pol\u00edticos Veracruz\" \/>\n<meta property=\"og:description\" content=\"Fanny Y\u00e9pezLa Columna Si usted es propietario de unidades automotoras con placas que datan de 2018 y a\u00f1os anteriores, le sugiero que se arme de paciencia y tolerancia porque, aunque haya obtenido una cita en el portal de la Secretaria de Finanzas, le informo que tendr\u00e1 que hacer una larga fila y esperar cuando menos [&hellip;]\" \/>\n<meta property=\"og:url\" content=\"https:\/\/lospoliticosveracruz.com\/?p=159801\" \/>\n<meta property=\"og:site_name\" content=\"Los pol\u00edticos Veracruz\" \/>\n<meta property=\"article:publisher\" content=\"https:\/\/www.facebook.com\/people\/Notimemes-de-los-Polticos\/61565672886568\/\" \/>\n<meta property=\"article:published_time\" content=\"2026-01-08T11:52:23+00:00\" \/>\n<meta property=\"article:modified_time\" content=\"2026-01-08T11:52:24+00:00\" \/>\n<meta property=\"og:image\" content=\"https:\/\/lospoliticosveracruz.com\/wp-content\/uploads\/2025\/04\/Fanny-Yepez-Luna.jpg\" \/>\n\t<meta property=\"og:image:width\" content=\"1250\" \/>\n\t<meta property=\"og:image:height\" content=\"667\" \/>\n\t<meta property=\"og:image:type\" content=\"image\/jpeg\" \/>\n<meta name=\"author\" content=\"Lo viste en Los Pol\u00edticos\" \/>\n<meta name=\"twitter:card\" content=\"summary_large_image\" \/>\n<meta name=\"twitter:creator\" content=\"@LosPoliticosVer\" \/>\n<meta name=\"twitter:site\" content=\"@LosPoliticosVer\" \/>\n<meta name=\"twitter:label1\" content=\"Escrito por\" \/>\n\t<meta name=\"twitter:data1\" content=\"Lo viste en Los Pol\u00edticos\" \/>\n\t<meta name=\"twitter:label2\" content=\"Tiempo de lectura\" \/>\n\t<meta name=\"twitter:data2\" content=\"4 minutos\" \/>\n<script type=\"application\/ld+json\" class=\"yoast-schema-graph\">{\"@context\":\"https:\\\/\\\/schema.org\",\"@graph\":[{\"@type\":\"Article\",\"@id\":\"https:\\\/\\\/lospoliticosveracruz.com\\\/?p=159801#article\",\"isPartOf\":{\"@id\":\"https:\\\/\\\/lospoliticosveracruz.com\\\/?p=159801\"},\"author\":{\"name\":\"Lo viste en Los Pol\u00edticos\",\"@id\":\"https:\\\/\\\/lospoliticosveracruz.com\\\/#\\\/schema\\\/person\\\/b8702bb0e538456e6efd07080bf2a4a2\"},\"headline\":\"AHORA, EL CANJE DE PLACAS!\",\"datePublished\":\"2026-01-08T11:52:23+00:00\",\"dateModified\":\"2026-01-08T11:52:24+00:00\",\"mainEntityOfPage\":{\"@id\":\"https:\\\/\\\/lospoliticosveracruz.com\\\/?p=159801\"},\"wordCount\":803,\"publisher\":{\"@id\":\"https:\\\/\\\/lospoliticosveracruz.com\\\/#organization\"},\"image\":{\"@id\":\"https:\\\/\\\/lospoliticosveracruz.com\\\/?p=159801#primaryimage\"},\"thumbnailUrl\":\"https:\\\/\\\/lospoliticosveracruz.com\\\/wp-content\\\/uploads\\\/2025\\\/04\\\/Fanny-Yepez-Luna-e1768657334923.jpg\",\"keywords\":[\"canje de placas\",\"Hacienda del Estado\",\"Reemplacamiento\",\"Sefiplan\",\"Veracruz\"],\"articleSection\":[\"De Opini\u00f3n\"],\"inLanguage\":\"es\"},{\"@type\":\"WebPage\",\"@id\":\"https:\\\/\\\/lospoliticosveracruz.com\\\/?p=159801\",\"url\":\"https:\\\/\\\/lospoliticosveracruz.com\\\/?p=159801\",\"name\":\"AHORA, EL CANJE DE PLACAS! - Los pol\u00edticos Veracruz\",\"isPartOf\":{\"@id\":\"https:\\\/\\\/lospoliticosveracruz.com\\\/#website\"},\"primaryImageOfPage\":{\"@id\":\"https:\\\/\\\/lospoliticosveracruz.com\\\/?p=159801#primaryimage\"},\"image\":{\"@id\":\"https:\\\/\\\/lospoliticosveracruz.com\\\/?p=159801#primaryimage\"},\"thumbnailUrl\":\"https:\\\/\\\/lospoliticosveracruz.com\\\/wp-content\\\/uploads\\\/2025\\\/04\\\/Fanny-Yepez-Luna-e1768657334923.jpg\",\"datePublished\":\"2026-01-08T11:52:23+00:00\",\"dateModified\":\"2026-01-08T11:52:24+00:00\",\"breadcrumb\":{\"@id\":\"https:\\\/\\\/lospoliticosveracruz.com\\\/?p=159801#breadcrumb\"},\"inLanguage\":\"es\",\"potentialAction\":[{\"@type\":\"ReadAction\",\"target\":[\"https:\\\/\\\/lospoliticosveracruz.com\\\/?p=159801\"]}]},{\"@type\":\"ImageObject\",\"inLanguage\":\"es\",\"@id\":\"https:\\\/\\\/lospoliticosveracruz.com\\\/?p=159801#primaryimage\",\"url\":\"https:\\\/\\\/lospoliticosveracruz.com\\\/wp-content\\\/uploads\\\/2025\\\/04\\\/Fanny-Yepez-Luna-e1768657334923.jpg\",\"contentUrl\":\"https:\\\/\\\/lospoliticosveracruz.com\\\/wp-content\\\/uploads\\\/2025\\\/04\\\/Fanny-Yepez-Luna-e1768657334923.jpg\",\"width\":600,\"height\":320},{\"@type\":\"BreadcrumbList\",\"@id\":\"https:\\\/\\\/lospoliticosveracruz.com\\\/?p=159801#breadcrumb\",\"itemListElement\":[{\"@type\":\"ListItem\",\"position\":1,\"name\":\"Portada\",\"item\":\"https:\\\/\\\/lospoliticosveracruz.com\\\/\"},{\"@type\":\"ListItem\",\"position\":2,\"name\":\"AHORA, EL CANJE DE PLACAS!\"}]},{\"@type\":\"WebSite\",\"@id\":\"https:\\\/\\\/lospoliticosveracruz.com\\\/#website\",\"url\":\"https:\\\/\\\/lospoliticosveracruz.com\\\/\",\"name\":\"Los pol\u00edticos Veracruz\",\"description\":\"\",\"publisher\":{\"@id\":\"https:\\\/\\\/lospoliticosveracruz.com\\\/#organization\"},\"potentialAction\":[{\"@type\":\"SearchAction\",\"target\":{\"@type\":\"EntryPoint\",\"urlTemplate\":\"https:\\\/\\\/lospoliticosveracruz.com\\\/?s={search_term_string}\"},\"query-input\":{\"@type\":\"PropertyValueSpecification\",\"valueRequired\":true,\"valueName\":\"search_term_string\"}}],\"inLanguage\":\"es\"},{\"@type\":\"Organization\",\"@id\":\"https:\\\/\\\/lospoliticosveracruz.com\\\/#organization\",\"name\":\"Los pol\u00edticos Veracruz\",\"url\":\"https:\\\/\\\/lospoliticosveracruz.com\\\/\",\"logo\":{\"@type\":\"ImageObject\",\"inLanguage\":\"es\",\"@id\":\"https:\\\/\\\/lospoliticosveracruz.com\\\/#\\\/schema\\\/logo\\\/image\\\/\",\"url\":\"https:\\\/\\\/lospoliticosveracruz.com\\\/wp-content\\\/uploads\\\/2025\\\/12\\\/Logo-Nuevo-LOS-POLITICOS-1.jpg\",\"contentUrl\":\"https:\\\/\\\/lospoliticosveracruz.com\\\/wp-content\\\/uploads\\\/2025\\\/12\\\/Logo-Nuevo-LOS-POLITICOS-1.jpg\",\"width\":260,\"height\":70,\"caption\":\"Los pol\u00edticos Veracruz\"},\"image\":{\"@id\":\"https:\\\/\\\/lospoliticosveracruz.com\\\/#\\\/schema\\\/logo\\\/image\\\/\"},\"sameAs\":[\"https:\\\/\\\/www.facebook.com\\\/people\\\/Notimemes-de-los-Polticos\\\/61565672886568\\\/\",\"https:\\\/\\\/x.com\\\/LosPoliticosVer\"]},{\"@type\":\"Person\",\"@id\":\"https:\\\/\\\/lospoliticosveracruz.com\\\/#\\\/schema\\\/person\\\/b8702bb0e538456e6efd07080bf2a4a2\",\"name\":\"Lo viste en Los Pol\u00edticos\",\"image\":{\"@type\":\"ImageObject\",\"inLanguage\":\"es\",\"@id\":\"https:\\\/\\\/secure.gravatar.com\\\/avatar\\\/3a8de04a2656d44082be478bd6c086daa447c4651605818287b9532d3d0bd435?s=96&d=mm&r=g\",\"url\":\"https:\\\/\\\/secure.gravatar.com\\\/avatar\\\/3a8de04a2656d44082be478bd6c086daa447c4651605818287b9532d3d0bd435?s=96&d=mm&r=g\",\"contentUrl\":\"https:\\\/\\\/secure.gravatar.com\\\/avatar\\\/3a8de04a2656d44082be478bd6c086daa447c4651605818287b9532d3d0bd435?s=96&d=mm&r=g\",\"caption\":\"Lo viste en Los Pol\u00edticos\"},\"url\":\"https:\\\/\\\/lospoliticosveracruz.com\\\/?author=2\"}]}<\/script>\n<!-- \/ Yoast SEO plugin. -->","yoast_head_json":{"title":"AHORA, EL CANJE DE PLACAS! - Los pol\u00edticos Veracruz","robots":{"index":"index","follow":"follow","max-snippet":"max-snippet:-1","max-image-preview":"max-image-preview:large","max-video-preview":"max-video-preview:-1"},"canonical":"https:\/\/lospoliticosveracruz.com\/?p=159801","og_locale":"es_ES","og_type":"article","og_title":"AHORA, EL CANJE DE PLACAS! - Los pol\u00edticos Veracruz","og_description":"Fanny Y\u00e9pezLa Columna Si usted es propietario de unidades automotoras con placas que datan de 2018 y a\u00f1os anteriores, le sugiero que se arme de paciencia y tolerancia porque, aunque haya obtenido una cita en el portal de la Secretaria de Finanzas, le informo que tendr\u00e1 que hacer una larga fila y esperar cuando menos [&hellip;]","og_url":"https:\/\/lospoliticosveracruz.com\/?p=159801","og_site_name":"Los pol\u00edticos Veracruz","article_publisher":"https:\/\/www.facebook.com\/people\/Notimemes-de-los-Polticos\/61565672886568\/","article_published_time":"2026-01-08T11:52:23+00:00","article_modified_time":"2026-01-08T11:52:24+00:00","og_image":[{"width":1250,"height":667,"url":"https:\/\/lospoliticosveracruz.com\/wp-content\/uploads\/2025\/04\/Fanny-Yepez-Luna.jpg","type":"image\/jpeg"}],"author":"Lo viste en Los Pol\u00edticos","twitter_card":"summary_large_image","twitter_creator":"@LosPoliticosVer","twitter_site":"@LosPoliticosVer","twitter_misc":{"Escrito por":"Lo viste en Los Pol\u00edticos","Tiempo de lectura":"4 minutos"},"schema":{"@context":"https:\/\/schema.org","@graph":[{"@type":"Article","@id":"https:\/\/lospoliticosveracruz.com\/?p=159801#article","isPartOf":{"@id":"https:\/\/lospoliticosveracruz.com\/?p=159801"},"author":{"name":"Lo viste en Los Pol\u00edticos","@id":"https:\/\/lospoliticosveracruz.com\/#\/schema\/person\/b8702bb0e538456e6efd07080bf2a4a2"},"headline":"AHORA, EL CANJE DE PLACAS!","datePublished":"2026-01-08T11:52:23+00:00","dateModified":"2026-01-08T11:52:24+00:00","mainEntityOfPage":{"@id":"https:\/\/lospoliticosveracruz.com\/?p=159801"},"wordCount":803,"publisher":{"@id":"https:\/\/lospoliticosveracruz.com\/#organization"},"image":{"@id":"https:\/\/lospoliticosveracruz.com\/?p=159801#primaryimage"},"thumbnailUrl":"https:\/\/lospoliticosveracruz.com\/wp-content\/uploads\/2025\/04\/Fanny-Yepez-Luna-e1768657334923.jpg","keywords":["canje de placas","Hacienda del Estado","Reemplacamiento","Sefiplan","Veracruz"],"articleSection":["De Opini\u00f3n"],"inLanguage":"es"},{"@type":"WebPage","@id":"https:\/\/lospoliticosveracruz.com\/?p=159801","url":"https:\/\/lospoliticosveracruz.com\/?p=159801","name":"AHORA, EL CANJE DE PLACAS! - Los pol\u00edticos Veracruz","isPartOf":{"@id":"https:\/\/lospoliticosveracruz.com\/#website"},"primaryImageOfPage":{"@id":"https:\/\/lospoliticosveracruz.com\/?p=159801#primaryimage"},"image":{"@id":"https:\/\/lospoliticosveracruz.com\/?p=159801#primaryimage"},"thumbnailUrl":"https:\/\/lospoliticosveracruz.com\/wp-content\/uploads\/2025\/04\/Fanny-Yepez-Luna-e1768657334923.jpg","datePublished":"2026-01-08T11:52:23+00:00","dateModified":"2026-01-08T11:52:24+00:00","breadcrumb":{"@id":"https:\/\/lospoliticosveracruz.com\/?p=159801#breadcrumb"},"inLanguage":"es","potentialAction":[{"@type":"ReadAction","target":["https:\/\/lospoliticosveracruz.com\/?p=159801"]}]},{"@type":"ImageObject","inLanguage":"es","@id":"https:\/\/lospoliticosveracruz.com\/?p=159801#primaryimage","url":"https:\/\/lospoliticosveracruz.com\/wp-content\/uploads\/2025\/04\/Fanny-Yepez-Luna-e1768657334923.jpg","contentUrl":"https:\/\/lospoliticosveracruz.com\/wp-content\/uploads\/2025\/04\/Fanny-Yepez-Luna-e1768657334923.jpg","width":600,"height":320},{"@type":"BreadcrumbList","@id":"https:\/\/lospoliticosveracruz.com\/?p=159801#breadcrumb","itemListElement":[{"@type":"ListItem","position":1,"name":"Portada","item":"https:\/\/lospoliticosveracruz.com\/"},{"@type":"ListItem","position":2,"name":"AHORA, EL CANJE DE PLACAS!"}]},{"@type":"WebSite","@id":"https:\/\/lospoliticosveracruz.com\/#website","url":"https:\/\/lospoliticosveracruz.com\/","name":"Los pol\u00edticos Veracruz","description":"","publisher":{"@id":"https:\/\/lospoliticosveracruz.com\/#organization"},"potentialAction":[{"@type":"SearchAction","target":{"@type":"EntryPoint","urlTemplate":"https:\/\/lospoliticosveracruz.com\/?s={search_term_string}"},"query-input":{"@type":"PropertyValueSpecification","valueRequired":true,"valueName":"search_term_string"}}],"inLanguage":"es"},{"@type":"Organization","@id":"https:\/\/lospoliticosveracruz.com\/#organization","name":"Los pol\u00edticos Veracruz","url":"https:\/\/lospoliticosveracruz.com\/","logo":{"@type":"ImageObject","inLanguage":"es","@id":"https:\/\/lospoliticosveracruz.com\/#\/schema\/logo\/image\/","url":"https:\/\/lospoliticosveracruz.com\/wp-content\/uploads\/2025\/12\/Logo-Nuevo-LOS-POLITICOS-1.jpg","contentUrl":"https:\/\/lospoliticosveracruz.com\/wp-content\/uploads\/2025\/12\/Logo-Nuevo-LOS-POLITICOS-1.jpg","width":260,"height":70,"caption":"Los pol\u00edticos Veracruz"},"image":{"@id":"https:\/\/lospoliticosveracruz.com\/#\/schema\/logo\/image\/"},"sameAs":["https:\/\/www.facebook.com\/people\/Notimemes-de-los-Polticos\/61565672886568\/","https:\/\/x.com\/LosPoliticosVer"]},{"@type":"Person","@id":"https:\/\/lospoliticosveracruz.com\/#\/schema\/person\/b8702bb0e538456e6efd07080bf2a4a2","name":"Lo viste en Los Pol\u00edticos","image":{"@type":"ImageObject","inLanguage":"es","@id":"https:\/\/secure.gravatar.com\/avatar\/3a8de04a2656d44082be478bd6c086daa447c4651605818287b9532d3d0bd435?s=96&d=mm&r=g","url":"https:\/\/secure.gravatar.com\/avatar\/3a8de04a2656d44082be478bd6c086daa447c4651605818287b9532d3d0bd435?s=96&d=mm&r=g","contentUrl":"https:\/\/secure.gravatar.com\/avatar\/3a8de04a2656d44082be478bd6c086daa447c4651605818287b9532d3d0bd435?s=96&d=mm&r=g","caption":"Lo viste en Los Pol\u00edticos"},"url":"https:\/\/lospoliticosveracruz.com\/?author=2"}]}},"_links":{"self":[{"href":"https:\/\/lospoliticosveracruz.com\/index.php?rest_route=\/wp\/v2\/posts\/159801","targetHints":{"allow":["GET"]}}],"collection":[{"href":"https:\/\/lospoliticosveracruz.com\/index.php?rest_route=\/wp\/v2\/posts"}],"about":[{"href":"https:\/\/lospoliticosveracruz.com\/index.php?rest_route=\/wp\/v2\/types\/post"}],"author":[{"embeddable":true,"href":"https:\/\/lospoliticosveracruz.com\/index.php?rest_route=\/wp\/v2\/users\/2"}],"replies":[{"embeddable":true,"href":"https:\/\/lospoliticosveracruz.com\/index.php?rest_route=%2Fwp%2Fv2%2Fcomments&post=159801"}],"version-history":[{"count":1,"href":"https:\/\/lospoliticosveracruz.com\/index.php?rest_route=\/wp\/v2\/posts\/159801\/revisions"}],"predecessor-version":[{"id":159802,"href":"https:\/\/lospoliticosveracruz.com\/index.php?rest_route=\/wp\/v2\/posts\/159801\/revisions\/159802"}],"wp:featuredmedia":[{"embeddable":true,"href":"https:\/\/lospoliticosveracruz.com\/index.php?rest_route=\/wp\/v2\/media\/141383"}],"wp:attachment":[{"href":"https:\/\/lospoliticosveracruz.com\/index.php?rest_route=%2Fwp%2Fv2%2Fmedia&parent=159801"}],"wp:term":[{"taxonomy":"category","embeddable":true,"href":"https:\/\/lospoliticosveracruz.com\/index.php?rest_route=%2Fwp%2Fv2%2Fcategories&post=159801"},{"taxonomy":"post_tag","embeddable":true,"href":"https:\/\/lospoliticosveracruz.com\/index.php?rest_route=%2Fwp%2Fv2%2Ftags&post=159801"}],"curies":[{"name":"wp","href":"https:\/\/api.w.org\/{rel}","templated":true}]}}