{"id":159918,"date":"2026-01-09T06:36:39","date_gmt":"2026-01-09T12:36:39","guid":{"rendered":"https:\/\/lospoliticosveracruz.com\/?p=159918"},"modified":"2026-01-09T07:52:50","modified_gmt":"2026-01-09T13:52:50","slug":"harfuch-su-posicionamiento-y-veracruz","status":"publish","type":"post","link":"https:\/\/lospoliticosveracruz.com\/?p=159918","title":{"rendered":"HARFUCH: SU POSICIONAMIENTO Y VERACRUZ"},"content":{"rendered":"\n<p>S\u00edguenos ahora tambi\u00e9n en WhatsApp.\u00a0\u00a1<a href=\"https:\/\/whatsapp.com\/channel\/0029Va8zRWlEKyZIP3Z1dF0e\"><strong>Da clic aqu\u00ed<\/strong><\/a><strong>!<\/strong><\/p>\n\n\n\n<p><strong>Fanny Y\u00e9pez<\/strong><br><em>La Columna<\/em><\/p>\n\n\n\n<p>Con el total apoyo y la absoluta confianza de la Presidenta, Claudia Sehinbaum Pardo, las acciones de Omar Garc\u00eda Harfuch, como Secretario de Seguridad, se centran en consolidar la Estrategia Nacional de Seguridad, con logros destacados en la reducci\u00f3n de homicidios dolosos (40% desde septiembre 2024), combate a la extorsi\u00f3n (frenando el 75% de intentos), incautaci\u00f3n de drogas y armas, y coordinaci\u00f3n interinstitucional, adem\u00e1s de planes para seguridad en el Mundial 2026 y la expansi\u00f3n de alertas celulares.<\/p>\n\n\n\n\n\n<p><br>Cabe se\u00f1alar que precisamente, este mi\u00e9rcoles, fuerzas federales y estatales asestaron un golpe significativo a la delincuencia organizada en Medell\u00edn de Bravo, Veracruz, al desmantelar un helipuerto clandestino.<br>El fuerte operativo abarc\u00f3 el aseguramiento de siete aeronaves en total, desglosadas en seis helic\u00f3pteros y un avi\u00f3n de ala fija.<br>Durante el cateo se asegur\u00f3 un arsenal que inclu\u00eda armas, cargadores, cartuchos de diversos calibres y equipo t\u00e1ctico.<br>Solo por darles un ejemplo, el costo de un helic\u00f3ptero var\u00eda desde unos 400,000 USD (aprox. $7.2 millones MXN), para modelos b\u00e1sicos nuevos (como un Robinson R22) hasta millones de d\u00f3lares para modelos m\u00e1s grandes o de lujo, con ejemplos de usados que van desde **200,000 USD (aprox. $3.6 millones MXN) hasta m\u00e1s de $1 mill\u00f3n USD (m\u00e1s de $18 millones MXN), dependiendo del modelo, a\u00f1o y equipamiento.<br>Con la incautaci\u00f3n de estas aeronaves, se desactiva la operaci\u00f3n de una importante c\u00e9lula criminal que operaba en esta zona sur del pa\u00eds, con ello se refuerza la paz y tranquilidad de la poblaci\u00f3n, con hechos no palabras.<br>Se confirm\u00f3 la detenci\u00f3n de una persona en el lugar de los hechos, quien fue puesta a disposici\u00f3n de la Fiscal\u00eda General de la Rep\u00fablica (FGR).<br>El operativo conjunto, incluy\u00f3 una acci\u00f3n que fue coordinada por el Gabinete de Seguridad del Gobierno de M\u00e9xico, con la participaci\u00f3n de la Secretar\u00eda de la Defensa Nacional (SEDENA), la Secretar\u00eda de Marina (SEMAR), la Guardia Nacional (GN) y la Secretar\u00eda de Seguridad P\u00fablica del Estado.<br>Este operativo form\u00f3 parte de una estrategia m\u00e1s amplia que tambi\u00e9n incluy\u00f3 cateos en el municipio de Tierra Blanca, donde se localizaron inmuebles adicionales con armamento vinculado a estructuras delictivas de la regi\u00f3n.<br>Omar Garc\u00eda Harfuch, con el firme liderazgo de la Jefa de las Fuerzas Armadas, se conduce sin aspavientos, pero con contundentes resultados, mismo que este mismo jueves en la conferencia ma\u00f1ana detall\u00f3.<br>Por ello, la aprobaci\u00f3n de Omar Garc\u00eda Harfuch, Secretario de Seguridad y Protecci\u00f3n Ciudadana de M\u00e9xico, es consistentemente alta ante la poblaci\u00f3n, superando el 70% en diversas encuestas desde que asumi\u00f3 el cargo, destac\u00e1ndose como uno de los funcionarios mejor evaluados del gabinete de Claudia Sheinbaum.<br>As\u00ed est\u00e1n esos resultados, con cifras que rondan el 79-80% de aprobaci\u00f3n, respaldado por una nueva Estrategia Nacional de Seguridad, aprobada legislativamente y enfocada en coordinar inteligencia y fortalecer instituciones, aunque enfrenta retos en la percepci\u00f3n de mejora de la seguridad en el pa\u00eds.<br>El Gobierno de M\u00e9xico, en coordinaci\u00f3n constante con las autoridades de los distintos \u00f3rdenes de gobierno y con la participaci\u00f3n de la ciudadan\u00eda, tiene como prioridad la preservaci\u00f3n de la paz y la seguridad de todos los hogares del pa\u00eds.<br>Para lograrlo, impulsa la Estrategia Nacional de Seguridad, basada en cuatro ejes:<\/p>\n\n\n\n<ul class=\"wp-block-list\">\n<li>Atenci\u00f3n a las causas<\/li>\n\n\n\n<li>Consolidaci\u00f3n de la Guardia Nacional<\/li>\n\n\n\n<li>Impulso a la inteligencia e investigaci\u00f3n<\/li>\n\n\n\n<li>Coordinaci\u00f3n entre el Gabinete de Seguridad y las entidades federativas<br>A pesar de los retos existentes, esta Estrategia contin\u00faa generando resultados<br>positivos. Como evidencia de ello, desde septiembre de 2024 se registra una reducci\u00f3n del 40% en los homicidios dolosos, lo que equivale a 34 casos menos diariamente.<br>La seguridad de los ciudadanos y la protecci\u00f3n de la salud p\u00fablica de las ni\u00f1as, ni\u00f1os y j\u00f3venes, constituye una prioridad estrat\u00e9gica del Estado. En este contexto, a partir de octubre de 2024 se ha realizado la detenci\u00f3n de 40,735 delincuentes, m\u00e1s de 21 mil armas de fuego, adem\u00e1s del aseguramiento de cantidades hist\u00f3ricas de sustancias il\u00edcitas, entre los que destacan: m\u00e1s de 1.8 toneladas y m\u00e1s de 4 millones de pastillas de fentanilo; 160 toneladas de metanfetaminas; 68 toneladas de coca\u00edna y m\u00e1s de 87 toneladas de marihuana, as\u00ed como el desmantelamiento de 1,887 laboratorios clandestinos destinados para la producci\u00f3n de metanfetaminas.<br>La estad\u00edstica de las diversas acciones que lleva a cabo el joven funcionario se tienen a la vista de todos los mexicanos que las busquen, lo que le ha dado ese nivel de importancia a la personalidad de Omar Garc\u00eda Harfuch.<br>40,735 delincuentes detenidos<br>21,357 armas de fuego<br>1,862 kg de fentanilo<br>4,348,860 pastillas de fentanilo<br>160,472 kg de metanfetaminas<br>68,065 kg de coca\u00edna<br>87,402 kg de marihuana<br>1,887 laboratorios clandestinos<br>En el mes anterior, con el objetivo de preservar la seguridad, el orden y la confianza de aproximadamente 12 millones de personas que acudieron a la Bas\u00edlica de Guadalupe, se implement\u00f3 el \u201cPlan de Operaciones Bas\u00edlica\u201d, del 6 al 15 de diciembre de 2025.<br>El dispositivo contempl\u00f3 el despliegue de 819 elementos y 420 veh\u00edculos en los principales tramos carreteros de acceso, como: M\u00e9xico-Toluca, M\u00e9xico-Quer\u00e9taro,<br>M\u00e9xico-Pachuca, M\u00e9xico-Puebla y M\u00e9xico-Cuernavaca, as\u00ed como la participaci\u00f3n<br>adicional de 360 elementos que realizaron labores de proximidad, orientaci\u00f3n y<br>prevenci\u00f3n en el interior y en las inmediaciones del recinto, con el fin de garantizar una estancia segura y ordenada para las y los peregrinos.<br>12 millones de personas<br>Plan de Operaciones Bas\u00edlica<br>819 efectivos<br>420 veh\u00edculos oficiales<br>360 elementos<br>Tambi\u00e9n, con el prop\u00f3sito de salvaguardar la tranquilidad y seguridad de los mexicanos, connacionales y visitantes extranjeros durante el periodo vacacional de<br>diciembre, la Guardia Nacional implementa el Plan de Operaciones de Seguridad Vacacional \u201cInvierno 2025\u201d, vigente del 15 de diciembre al 11 de enero de 2026. Como parte de este despliegue, m\u00e1s de 42,000 elementos fueron asignados a labores de prevenci\u00f3n, vigilancia y auxilio en carreteras federales, destinos tur\u00edsticos, zonas arqueol\u00f3gicas y aeropuertos, fortaleciendo la protecci\u00f3n de las personas y sus bienes.<br>Plan de operaciones de seguridad vacacional \u201cInvierno 2025\u201d<br>42,700 elementos<br>Por otra parte, desde el 19 de diciembre de 2025, Marina implement\u00f3 la \u201cOperaci\u00f3n<br>Salvavidas Invierno 2025\u201d en los principales destinos de playa del pa\u00eds, con el<br>despliegue de 3,035 elementos navales, 16 buques, 93 embarcaciones menores, 6 aeronaves, 144 veh\u00edculos terrestres y 39 ambulancias, realizando el rescate de 35<br>personas en la mar y brindando 608 atenciones m\u00e9dicas en playas.<br>3,035 elementos navales<br>16 buques<br>93 embarcaciones menores<br>6 aeronaves<br>144 veh\u00edculos terrestres<br>39 ambulancias<br>35 personas rescatadas<br>608 atenciones m\u00e9dicas<br>La participaci\u00f3n del gobierno federal en todo el pa\u00eds, ha permitido el combate frontal contra la delincuencia organizada y Veracruz no pod\u00eda ser la excepci\u00f3n, por lo que adem\u00e1s de contribuir a mejorar las condiciones de seguridad para los veracruzanos, el posicionamiento de Omar Garc\u00eda Harfuch se extendi\u00f3 hasta ac\u00e1, con ese operativo que llev\u00f3 a cabo el mi\u00e9rcoles pasado sin estridencias, con mucho profesionalismo y con excelentes resultados.<\/li>\n<\/ul>\n","protected":false},"excerpt":{"rendered":"<p>Fanny Y\u00e9pezLa Columna Con el total apoyo y la absoluta confianza de la Presidenta, Claudia Sehinbaum Pardo, las acciones de Omar Garc\u00eda Harfuch, como Secretario de Seguridad, se centran en consolidar la Estrategia Nacional de Seguridad, con logros destacados en la reducci\u00f3n de homicidios dolosos (40% desde septiembre 2024), combate a la extorsi\u00f3n (frenando el [&hellip;]<\/p>\n","protected":false},"author":2,"featured_media":141383,"comment_status":"closed","ping_status":"closed","sticky":false,"template":"","format":"standard","meta":{"tdm_status":"","tdm_grid_status":"","footnotes":""},"categories":[70],"tags":[9627,1420,14775,195],"class_list":{"0":"post-159918","1":"post","2":"type-post","3":"status-publish","4":"format-standard","5":"has-post-thumbnail","7":"category-de-opinion","8":"tag-claudia-sheinbaum","9":"tag-medellin-de-bravo","10":"tag-omar-garcia-harfuch","11":"tag-veracruz"},"yoast_head":"<!-- This site is optimized with the Yoast SEO plugin v27.4 - https:\/\/yoast.com\/product\/yoast-seo-wordpress\/ -->\n<title>HARFUCH: SU POSICIONAMIENTO Y VERACRUZ - Los pol\u00edticos Veracruz<\/title>\n<meta name=\"robots\" content=\"index, follow, max-snippet:-1, max-image-preview:large, max-video-preview:-1\" \/>\n<link rel=\"canonical\" href=\"https:\/\/lospoliticosveracruz.com\/?p=159918\" \/>\n<meta property=\"og:locale\" content=\"es_ES\" \/>\n<meta property=\"og:type\" content=\"article\" \/>\n<meta property=\"og:title\" content=\"HARFUCH: SU POSICIONAMIENTO Y VERACRUZ - Los pol\u00edticos Veracruz\" \/>\n<meta property=\"og:description\" content=\"Fanny Y\u00e9pezLa Columna Con el total apoyo y la absoluta confianza de la Presidenta, Claudia Sehinbaum Pardo, las acciones de Omar Garc\u00eda Harfuch, como Secretario de Seguridad, se centran en consolidar la Estrategia Nacional de Seguridad, con logros destacados en la reducci\u00f3n de homicidios dolosos (40% desde septiembre 2024), combate a la extorsi\u00f3n (frenando el [&hellip;]\" \/>\n<meta property=\"og:url\" content=\"https:\/\/lospoliticosveracruz.com\/?p=159918\" \/>\n<meta property=\"og:site_name\" content=\"Los pol\u00edticos Veracruz\" \/>\n<meta property=\"article:publisher\" content=\"https:\/\/www.facebook.com\/people\/Notimemes-de-los-Polticos\/61565672886568\/\" \/>\n<meta property=\"article:published_time\" content=\"2026-01-09T12:36:39+00:00\" \/>\n<meta property=\"article:modified_time\" content=\"2026-01-09T13:52:50+00:00\" \/>\n<meta property=\"og:image\" content=\"https:\/\/lospoliticosveracruz.com\/wp-content\/uploads\/2025\/04\/Fanny-Yepez-Luna.jpg\" \/>\n\t<meta property=\"og:image:width\" content=\"1250\" \/>\n\t<meta property=\"og:image:height\" content=\"667\" \/>\n\t<meta property=\"og:image:type\" content=\"image\/jpeg\" \/>\n<meta name=\"author\" content=\"Lo viste en Los Pol\u00edticos\" \/>\n<meta name=\"twitter:card\" content=\"summary_large_image\" \/>\n<meta name=\"twitter:creator\" content=\"@LosPoliticosVer\" \/>\n<meta name=\"twitter:site\" content=\"@LosPoliticosVer\" \/>\n<meta name=\"twitter:label1\" content=\"Escrito por\" \/>\n\t<meta name=\"twitter:data1\" content=\"Lo viste en Los Pol\u00edticos\" \/>\n\t<meta name=\"twitter:label2\" content=\"Tiempo de lectura\" \/>\n\t<meta name=\"twitter:data2\" content=\"6 minutos\" \/>\n<script type=\"application\/ld+json\" class=\"yoast-schema-graph\">{\"@context\":\"https:\\\/\\\/schema.org\",\"@graph\":[{\"@type\":\"Article\",\"@id\":\"https:\\\/\\\/lospoliticosveracruz.com\\\/?p=159918#article\",\"isPartOf\":{\"@id\":\"https:\\\/\\\/lospoliticosveracruz.com\\\/?p=159918\"},\"author\":{\"name\":\"Lo viste en Los Pol\u00edticos\",\"@id\":\"https:\\\/\\\/lospoliticosveracruz.com\\\/#\\\/schema\\\/person\\\/b8702bb0e538456e6efd07080bf2a4a2\"},\"headline\":\"HARFUCH: SU POSICIONAMIENTO Y VERACRUZ\",\"datePublished\":\"2026-01-09T12:36:39+00:00\",\"dateModified\":\"2026-01-09T13:52:50+00:00\",\"mainEntityOfPage\":{\"@id\":\"https:\\\/\\\/lospoliticosveracruz.com\\\/?p=159918\"},\"wordCount\":1184,\"publisher\":{\"@id\":\"https:\\\/\\\/lospoliticosveracruz.com\\\/#organization\"},\"image\":{\"@id\":\"https:\\\/\\\/lospoliticosveracruz.com\\\/?p=159918#primaryimage\"},\"thumbnailUrl\":\"https:\\\/\\\/lospoliticosveracruz.com\\\/wp-content\\\/uploads\\\/2025\\\/04\\\/Fanny-Yepez-Luna-e1768657334923.jpg\",\"keywords\":[\"Claudia Sheinbaum\",\"Medell\u00edn de Bravo\",\"Omar Garc\u00eda Harfuch\",\"Veracruz\"],\"articleSection\":[\"De Opini\u00f3n\"],\"inLanguage\":\"es\"},{\"@type\":\"WebPage\",\"@id\":\"https:\\\/\\\/lospoliticosveracruz.com\\\/?p=159918\",\"url\":\"https:\\\/\\\/lospoliticosveracruz.com\\\/?p=159918\",\"name\":\"HARFUCH: SU POSICIONAMIENTO Y VERACRUZ - Los pol\u00edticos Veracruz\",\"isPartOf\":{\"@id\":\"https:\\\/\\\/lospoliticosveracruz.com\\\/#website\"},\"primaryImageOfPage\":{\"@id\":\"https:\\\/\\\/lospoliticosveracruz.com\\\/?p=159918#primaryimage\"},\"image\":{\"@id\":\"https:\\\/\\\/lospoliticosveracruz.com\\\/?p=159918#primaryimage\"},\"thumbnailUrl\":\"https:\\\/\\\/lospoliticosveracruz.com\\\/wp-content\\\/uploads\\\/2025\\\/04\\\/Fanny-Yepez-Luna-e1768657334923.jpg\",\"datePublished\":\"2026-01-09T12:36:39+00:00\",\"dateModified\":\"2026-01-09T13:52:50+00:00\",\"breadcrumb\":{\"@id\":\"https:\\\/\\\/lospoliticosveracruz.com\\\/?p=159918#breadcrumb\"},\"inLanguage\":\"es\",\"potentialAction\":[{\"@type\":\"ReadAction\",\"target\":[\"https:\\\/\\\/lospoliticosveracruz.com\\\/?p=159918\"]}]},{\"@type\":\"ImageObject\",\"inLanguage\":\"es\",\"@id\":\"https:\\\/\\\/lospoliticosveracruz.com\\\/?p=159918#primaryimage\",\"url\":\"https:\\\/\\\/lospoliticosveracruz.com\\\/wp-content\\\/uploads\\\/2025\\\/04\\\/Fanny-Yepez-Luna-e1768657334923.jpg\",\"contentUrl\":\"https:\\\/\\\/lospoliticosveracruz.com\\\/wp-content\\\/uploads\\\/2025\\\/04\\\/Fanny-Yepez-Luna-e1768657334923.jpg\",\"width\":600,\"height\":320},{\"@type\":\"BreadcrumbList\",\"@id\":\"https:\\\/\\\/lospoliticosveracruz.com\\\/?p=159918#breadcrumb\",\"itemListElement\":[{\"@type\":\"ListItem\",\"position\":1,\"name\":\"Portada\",\"item\":\"https:\\\/\\\/lospoliticosveracruz.com\\\/\"},{\"@type\":\"ListItem\",\"position\":2,\"name\":\"HARFUCH: SU POSICIONAMIENTO Y VERACRUZ\"}]},{\"@type\":\"WebSite\",\"@id\":\"https:\\\/\\\/lospoliticosveracruz.com\\\/#website\",\"url\":\"https:\\\/\\\/lospoliticosveracruz.com\\\/\",\"name\":\"Los pol\u00edticos Veracruz\",\"description\":\"\",\"publisher\":{\"@id\":\"https:\\\/\\\/lospoliticosveracruz.com\\\/#organization\"},\"potentialAction\":[{\"@type\":\"SearchAction\",\"target\":{\"@type\":\"EntryPoint\",\"urlTemplate\":\"https:\\\/\\\/lospoliticosveracruz.com\\\/?s={search_term_string}\"},\"query-input\":{\"@type\":\"PropertyValueSpecification\",\"valueRequired\":true,\"valueName\":\"search_term_string\"}}],\"inLanguage\":\"es\"},{\"@type\":\"Organization\",\"@id\":\"https:\\\/\\\/lospoliticosveracruz.com\\\/#organization\",\"name\":\"Los pol\u00edticos Veracruz\",\"url\":\"https:\\\/\\\/lospoliticosveracruz.com\\\/\",\"logo\":{\"@type\":\"ImageObject\",\"inLanguage\":\"es\",\"@id\":\"https:\\\/\\\/lospoliticosveracruz.com\\\/#\\\/schema\\\/logo\\\/image\\\/\",\"url\":\"https:\\\/\\\/lospoliticosveracruz.com\\\/wp-content\\\/uploads\\\/2025\\\/12\\\/Logo-Nuevo-LOS-POLITICOS-1.jpg\",\"contentUrl\":\"https:\\\/\\\/lospoliticosveracruz.com\\\/wp-content\\\/uploads\\\/2025\\\/12\\\/Logo-Nuevo-LOS-POLITICOS-1.jpg\",\"width\":260,\"height\":70,\"caption\":\"Los pol\u00edticos Veracruz\"},\"image\":{\"@id\":\"https:\\\/\\\/lospoliticosveracruz.com\\\/#\\\/schema\\\/logo\\\/image\\\/\"},\"sameAs\":[\"https:\\\/\\\/www.facebook.com\\\/people\\\/Notimemes-de-los-Polticos\\\/61565672886568\\\/\",\"https:\\\/\\\/x.com\\\/LosPoliticosVer\"]},{\"@type\":\"Person\",\"@id\":\"https:\\\/\\\/lospoliticosveracruz.com\\\/#\\\/schema\\\/person\\\/b8702bb0e538456e6efd07080bf2a4a2\",\"name\":\"Lo viste en Los Pol\u00edticos\",\"image\":{\"@type\":\"ImageObject\",\"inLanguage\":\"es\",\"@id\":\"https:\\\/\\\/secure.gravatar.com\\\/avatar\\\/3a8de04a2656d44082be478bd6c086daa447c4651605818287b9532d3d0bd435?s=96&d=mm&r=g\",\"url\":\"https:\\\/\\\/secure.gravatar.com\\\/avatar\\\/3a8de04a2656d44082be478bd6c086daa447c4651605818287b9532d3d0bd435?s=96&d=mm&r=g\",\"contentUrl\":\"https:\\\/\\\/secure.gravatar.com\\\/avatar\\\/3a8de04a2656d44082be478bd6c086daa447c4651605818287b9532d3d0bd435?s=96&d=mm&r=g\",\"caption\":\"Lo viste en Los Pol\u00edticos\"},\"url\":\"https:\\\/\\\/lospoliticosveracruz.com\\\/?author=2\"}]}<\/script>\n<!-- \/ Yoast SEO plugin. -->","yoast_head_json":{"title":"HARFUCH: SU POSICIONAMIENTO Y VERACRUZ - Los pol\u00edticos Veracruz","robots":{"index":"index","follow":"follow","max-snippet":"max-snippet:-1","max-image-preview":"max-image-preview:large","max-video-preview":"max-video-preview:-1"},"canonical":"https:\/\/lospoliticosveracruz.com\/?p=159918","og_locale":"es_ES","og_type":"article","og_title":"HARFUCH: SU POSICIONAMIENTO Y VERACRUZ - Los pol\u00edticos Veracruz","og_description":"Fanny Y\u00e9pezLa Columna Con el total apoyo y la absoluta confianza de la Presidenta, Claudia Sehinbaum Pardo, las acciones de Omar Garc\u00eda Harfuch, como Secretario de Seguridad, se centran en consolidar la Estrategia Nacional de Seguridad, con logros destacados en la reducci\u00f3n de homicidios dolosos (40% desde septiembre 2024), combate a la extorsi\u00f3n (frenando el [&hellip;]","og_url":"https:\/\/lospoliticosveracruz.com\/?p=159918","og_site_name":"Los pol\u00edticos Veracruz","article_publisher":"https:\/\/www.facebook.com\/people\/Notimemes-de-los-Polticos\/61565672886568\/","article_published_time":"2026-01-09T12:36:39+00:00","article_modified_time":"2026-01-09T13:52:50+00:00","og_image":[{"width":1250,"height":667,"url":"https:\/\/lospoliticosveracruz.com\/wp-content\/uploads\/2025\/04\/Fanny-Yepez-Luna.jpg","type":"image\/jpeg"}],"author":"Lo viste en Los Pol\u00edticos","twitter_card":"summary_large_image","twitter_creator":"@LosPoliticosVer","twitter_site":"@LosPoliticosVer","twitter_misc":{"Escrito por":"Lo viste en Los Pol\u00edticos","Tiempo de lectura":"6 minutos"},"schema":{"@context":"https:\/\/schema.org","@graph":[{"@type":"Article","@id":"https:\/\/lospoliticosveracruz.com\/?p=159918#article","isPartOf":{"@id":"https:\/\/lospoliticosveracruz.com\/?p=159918"},"author":{"name":"Lo viste en Los Pol\u00edticos","@id":"https:\/\/lospoliticosveracruz.com\/#\/schema\/person\/b8702bb0e538456e6efd07080bf2a4a2"},"headline":"HARFUCH: SU POSICIONAMIENTO Y VERACRUZ","datePublished":"2026-01-09T12:36:39+00:00","dateModified":"2026-01-09T13:52:50+00:00","mainEntityOfPage":{"@id":"https:\/\/lospoliticosveracruz.com\/?p=159918"},"wordCount":1184,"publisher":{"@id":"https:\/\/lospoliticosveracruz.com\/#organization"},"image":{"@id":"https:\/\/lospoliticosveracruz.com\/?p=159918#primaryimage"},"thumbnailUrl":"https:\/\/lospoliticosveracruz.com\/wp-content\/uploads\/2025\/04\/Fanny-Yepez-Luna-e1768657334923.jpg","keywords":["Claudia Sheinbaum","Medell\u00edn de Bravo","Omar Garc\u00eda Harfuch","Veracruz"],"articleSection":["De Opini\u00f3n"],"inLanguage":"es"},{"@type":"WebPage","@id":"https:\/\/lospoliticosveracruz.com\/?p=159918","url":"https:\/\/lospoliticosveracruz.com\/?p=159918","name":"HARFUCH: SU POSICIONAMIENTO Y VERACRUZ - Los pol\u00edticos Veracruz","isPartOf":{"@id":"https:\/\/lospoliticosveracruz.com\/#website"},"primaryImageOfPage":{"@id":"https:\/\/lospoliticosveracruz.com\/?p=159918#primaryimage"},"image":{"@id":"https:\/\/lospoliticosveracruz.com\/?p=159918#primaryimage"},"thumbnailUrl":"https:\/\/lospoliticosveracruz.com\/wp-content\/uploads\/2025\/04\/Fanny-Yepez-Luna-e1768657334923.jpg","datePublished":"2026-01-09T12:36:39+00:00","dateModified":"2026-01-09T13:52:50+00:00","breadcrumb":{"@id":"https:\/\/lospoliticosveracruz.com\/?p=159918#breadcrumb"},"inLanguage":"es","potentialAction":[{"@type":"ReadAction","target":["https:\/\/lospoliticosveracruz.com\/?p=159918"]}]},{"@type":"ImageObject","inLanguage":"es","@id":"https:\/\/lospoliticosveracruz.com\/?p=159918#primaryimage","url":"https:\/\/lospoliticosveracruz.com\/wp-content\/uploads\/2025\/04\/Fanny-Yepez-Luna-e1768657334923.jpg","contentUrl":"https:\/\/lospoliticosveracruz.com\/wp-content\/uploads\/2025\/04\/Fanny-Yepez-Luna-e1768657334923.jpg","width":600,"height":320},{"@type":"BreadcrumbList","@id":"https:\/\/lospoliticosveracruz.com\/?p=159918#breadcrumb","itemListElement":[{"@type":"ListItem","position":1,"name":"Portada","item":"https:\/\/lospoliticosveracruz.com\/"},{"@type":"ListItem","position":2,"name":"HARFUCH: SU POSICIONAMIENTO Y VERACRUZ"}]},{"@type":"WebSite","@id":"https:\/\/lospoliticosveracruz.com\/#website","url":"https:\/\/lospoliticosveracruz.com\/","name":"Los pol\u00edticos Veracruz","description":"","publisher":{"@id":"https:\/\/lospoliticosveracruz.com\/#organization"},"potentialAction":[{"@type":"SearchAction","target":{"@type":"EntryPoint","urlTemplate":"https:\/\/lospoliticosveracruz.com\/?s={search_term_string}"},"query-input":{"@type":"PropertyValueSpecification","valueRequired":true,"valueName":"search_term_string"}}],"inLanguage":"es"},{"@type":"Organization","@id":"https:\/\/lospoliticosveracruz.com\/#organization","name":"Los pol\u00edticos Veracruz","url":"https:\/\/lospoliticosveracruz.com\/","logo":{"@type":"ImageObject","inLanguage":"es","@id":"https:\/\/lospoliticosveracruz.com\/#\/schema\/logo\/image\/","url":"https:\/\/lospoliticosveracruz.com\/wp-content\/uploads\/2025\/12\/Logo-Nuevo-LOS-POLITICOS-1.jpg","contentUrl":"https:\/\/lospoliticosveracruz.com\/wp-content\/uploads\/2025\/12\/Logo-Nuevo-LOS-POLITICOS-1.jpg","width":260,"height":70,"caption":"Los pol\u00edticos Veracruz"},"image":{"@id":"https:\/\/lospoliticosveracruz.com\/#\/schema\/logo\/image\/"},"sameAs":["https:\/\/www.facebook.com\/people\/Notimemes-de-los-Polticos\/61565672886568\/","https:\/\/x.com\/LosPoliticosVer"]},{"@type":"Person","@id":"https:\/\/lospoliticosveracruz.com\/#\/schema\/person\/b8702bb0e538456e6efd07080bf2a4a2","name":"Lo viste en Los Pol\u00edticos","image":{"@type":"ImageObject","inLanguage":"es","@id":"https:\/\/secure.gravatar.com\/avatar\/3a8de04a2656d44082be478bd6c086daa447c4651605818287b9532d3d0bd435?s=96&d=mm&r=g","url":"https:\/\/secure.gravatar.com\/avatar\/3a8de04a2656d44082be478bd6c086daa447c4651605818287b9532d3d0bd435?s=96&d=mm&r=g","contentUrl":"https:\/\/secure.gravatar.com\/avatar\/3a8de04a2656d44082be478bd6c086daa447c4651605818287b9532d3d0bd435?s=96&d=mm&r=g","caption":"Lo viste en Los Pol\u00edticos"},"url":"https:\/\/lospoliticosveracruz.com\/?author=2"}]}},"_links":{"self":[{"href":"https:\/\/lospoliticosveracruz.com\/index.php?rest_route=\/wp\/v2\/posts\/159918","targetHints":{"allow":["GET"]}}],"collection":[{"href":"https:\/\/lospoliticosveracruz.com\/index.php?rest_route=\/wp\/v2\/posts"}],"about":[{"href":"https:\/\/lospoliticosveracruz.com\/index.php?rest_route=\/wp\/v2\/types\/post"}],"author":[{"embeddable":true,"href":"https:\/\/lospoliticosveracruz.com\/index.php?rest_route=\/wp\/v2\/users\/2"}],"replies":[{"embeddable":true,"href":"https:\/\/lospoliticosveracruz.com\/index.php?rest_route=%2Fwp%2Fv2%2Fcomments&post=159918"}],"version-history":[{"count":2,"href":"https:\/\/lospoliticosveracruz.com\/index.php?rest_route=\/wp\/v2\/posts\/159918\/revisions"}],"predecessor-version":[{"id":159923,"href":"https:\/\/lospoliticosveracruz.com\/index.php?rest_route=\/wp\/v2\/posts\/159918\/revisions\/159923"}],"wp:featuredmedia":[{"embeddable":true,"href":"https:\/\/lospoliticosveracruz.com\/index.php?rest_route=\/wp\/v2\/media\/141383"}],"wp:attachment":[{"href":"https:\/\/lospoliticosveracruz.com\/index.php?rest_route=%2Fwp%2Fv2%2Fmedia&parent=159918"}],"wp:term":[{"taxonomy":"category","embeddable":true,"href":"https:\/\/lospoliticosveracruz.com\/index.php?rest_route=%2Fwp%2Fv2%2Fcategories&post=159918"},{"taxonomy":"post_tag","embeddable":true,"href":"https:\/\/lospoliticosveracruz.com\/index.php?rest_route=%2Fwp%2Fv2%2Ftags&post=159918"}],"curies":[{"name":"wp","href":"https:\/\/api.w.org\/{rel}","templated":true}]}}