{"id":159925,"date":"2026-01-09T08:03:17","date_gmt":"2026-01-09T14:03:17","guid":{"rendered":"https:\/\/lospoliticosveracruz.com\/?p=159925"},"modified":"2026-01-09T08:03:18","modified_gmt":"2026-01-09T14:03:18","slug":"ex-alcaldes-manosos","status":"publish","type":"post","link":"https:\/\/lospoliticosveracruz.com\/?p=159925","title":{"rendered":"EX ALCALDES MA\u00d1OSOS"},"content":{"rendered":"\n<p>S\u00edguenos ahora tambi\u00e9n en WhatsApp.\u00a0\u00a1<a href=\"https:\/\/whatsapp.com\/channel\/0029Va8zRWlEKyZIP3Z1dF0e\"><strong>Da clic aqu\u00ed<\/strong><\/a><strong>!<\/strong><\/p>\n\n\n\n<p><strong>Sergio Gonz\u00e1lez Levet<\/strong><\/p>\n\n\n\n<p><em>Sin tacto<\/em><\/p>\n\n\n\n<p>El inicio del a\u00f1o se ha nimbado con las quejas persistentes de muchos presidentes municipales entrantes en contra de sus antecesores, que hicieron de las suyas, quisieron exprimir hasta la \u00faltima raja en la transici\u00f3n y trataron de llevarse hasta la mano del metate\u2026 y el metate mismo.<\/p>\n\n\n\n<p>&nbsp;&nbsp;&nbsp;&nbsp; Queda en el registro de la ignominia la corrupci\u00f3n manifiesta de mun\u00edcipes emanados de todos los partidos, incluso del honest\u00edsimo partido oficial, y la larga cauda de tropel\u00edas que cometieron cuando ya era un cuarto para las 12 (y otros hasta pasados varios d\u00edas despu\u00e9s de que debieron haber entregado).<\/p>\n\n\n\n\n\n<p>&nbsp;&nbsp;&nbsp;&nbsp; Consigno en la lista a la alcaldesa saliente de Ixhuatl\u00e1n del Caf\u00e9, la morenista Dora Alicia Galicia Contreras, que le dej\u00f3 en la caja del Ayuntamiento a la panista entrante Viridiana Bret\u00f3n Feito apenas 700 pesos con la idea de que le hiciera a la Bartola y pagara de ah\u00ed los compromisos deudores que le hered\u00f3, m\u00e1s el gasto corriente de la comuna.<\/p>\n\n\n\n<p>&nbsp;&nbsp;&nbsp;&nbsp; Otra es la exalcaldesa de Mixtla de Altamirano, la morenista Norma Estela Hern\u00e1ndez S\u00e1nchez, quien es acusada de muchas irregularidades por la flamante presidenta priista Celia Garc\u00eda Rodr\u00edguez. Entre otras, le se\u00f1ala que remat\u00f3 como chatarra varios veh\u00edculos que estaban en perfectas condiciones, como la camioneta de cerca de un mill\u00f3n de pesos que ella tra\u00eda y que se adjudic\u00f3 por la irrisoria suma de 60 mil pesos. Adem\u00e1s, Celia lamenta que su antecesora no le quer\u00eda hacer la entrega de la administraci\u00f3n, no obstante que ya hab\u00eda terminado su periodo, y cuando por fin recibi\u00f3 las oficinas, las encontr\u00f3 en p\u00e9simo estado.<\/p>\n\n\n\n<p>&nbsp;&nbsp;&nbsp;&nbsp; En el Puerto de Veracruz, la maestra Rosa Mar\u00eda Hern\u00e1ndez Espejo se ha quejado con raz\u00f3n de que muchas oficinas le fueron entregadas en muy malas condiciones y que han subsistido zonas oscuras en la documentaci\u00f3n que ha recibido de parte de la anterior comuna.<\/p>\n\n\n\n<p>&nbsp;&nbsp;&nbsp;&nbsp; Y as\u00ed ha habido quejas en muchos ayuntamientos porque no ha habido orden en la entrega-recepci\u00f3n, de lo que ya est\u00e1 tomando nota el \u00d3rgano de Fiscalizaci\u00f3n Superior del Estado de Veracruz.<\/p>\n\n\n\n<p>&nbsp;&nbsp;&nbsp;&nbsp; Ha sido tal el margallate en la transici\u00f3n de muchos municipios que en la Legislatura local la bancada del Partido verde present\u00f3 una moci\u00f3n para que se endurezcan las sanciones a las autoridades salientes que no cumplan debidamente con la entrega de la informaci\u00f3n, la infraestructura y los recursos financieros a las administraciones entrantes.<\/p>\n\n\n\n<p>&nbsp;&nbsp;&nbsp;&nbsp; El propio titular de la Junta de Coordinaci\u00f3n Pol\u00edtica, profesor Esteban Bautista, ha manifestado su preocupaci\u00f3n por las irregularidades que se han estado presentando y est\u00e1 interviniendo para que se ponga orden en el verdadero relajo en que se convirti\u00f3 la trasmisi\u00f3n de poderes en muchos lugares.<\/p>\n\n\n\n<p>&nbsp;&nbsp;&nbsp;&nbsp; Dif\u00edcil el arranque de muchos presidentes municipales por las condiciones en que han recibido los ayuntamientos, lo que se suma a la ya de por s\u00ed dif\u00edcil situaci\u00f3n presupuestal que campea en todos ellos, en donde el dinero s\u00ed es problema.<\/p>\n\n\n\n<p>sglevet@gmail.com<\/p>\n\n\n\n<p><\/p>\n","protected":false},"excerpt":{"rendered":"<p>Sergio Gonz\u00e1lez Levet Sin tacto El inicio del a\u00f1o se ha nimbado con las quejas persistentes de muchos presidentes municipales entrantes en contra de sus antecesores, que hicieron de las suyas, quisieron exprimir hasta la \u00faltima raja en la transici\u00f3n y trataron de llevarse hasta la mano del metate\u2026 y el metate mismo. &nbsp;&nbsp;&nbsp;&nbsp; Queda [&hellip;]<\/p>\n","protected":false},"author":2,"featured_media":141432,"comment_status":"closed","ping_status":"closed","sticky":false,"template":"","format":"standard","meta":{"tdm_status":"","tdm_grid_status":"","footnotes":""},"categories":[70],"tags":[49249,49250,49245,49247,49248,49246,48671],"class_list":{"0":"post-159925","1":"post","2":"type-post","3":"status-publish","4":"format-standard","5":"has-post-thumbnail","7":"category-de-opinion","8":"tag-dora-alicia-galicia-contreras-ixhuatlan-del-cafe","9":"tag-estevan-bautista-hernandez-crisis-ayuntamientos","10":"tag-irregularidades-entrega-recepcion-municipios-veracruz","11":"tag-norma-estela-hernandez-sanchez-mixtla-altamirano","12":"tag-rosa-maria-hernandez-espejo-veracruz-oficinas","13":"tag-sanciones-autoridades-salientes-veracruz-2026","14":"tag-sergio-gonzalez-levet-sin-tacto"},"yoast_head":"<!-- This site is optimized with the Yoast SEO plugin v27.4 - https:\/\/yoast.com\/product\/yoast-seo-wordpress\/ -->\n<title>EX ALCALDES MA\u00d1OSOS - Los pol\u00edticos Veracruz<\/title>\n<meta name=\"robots\" content=\"index, follow, max-snippet:-1, max-image-preview:large, max-video-preview:-1\" \/>\n<link rel=\"canonical\" href=\"https:\/\/lospoliticosveracruz.com\/?p=159925\" \/>\n<meta property=\"og:locale\" content=\"es_ES\" \/>\n<meta property=\"og:type\" content=\"article\" \/>\n<meta property=\"og:title\" content=\"EX ALCALDES MA\u00d1OSOS - Los pol\u00edticos Veracruz\" \/>\n<meta property=\"og:description\" content=\"Sergio Gonz\u00e1lez Levet Sin tacto El inicio del a\u00f1o se ha nimbado con las quejas persistentes de muchos presidentes municipales entrantes en contra de sus antecesores, que hicieron de las suyas, quisieron exprimir hasta la \u00faltima raja en la transici\u00f3n y trataron de llevarse hasta la mano del metate\u2026 y el metate mismo. &nbsp;&nbsp;&nbsp;&nbsp; Queda [&hellip;]\" \/>\n<meta property=\"og:url\" content=\"https:\/\/lospoliticosveracruz.com\/?p=159925\" \/>\n<meta property=\"og:site_name\" content=\"Los pol\u00edticos Veracruz\" \/>\n<meta property=\"article:publisher\" content=\"https:\/\/www.facebook.com\/people\/Notimemes-de-los-Polticos\/61565672886568\/\" \/>\n<meta property=\"article:published_time\" content=\"2026-01-09T14:03:17+00:00\" \/>\n<meta property=\"article:modified_time\" content=\"2026-01-09T14:03:18+00:00\" \/>\n<meta property=\"og:image\" content=\"https:\/\/lospoliticosveracruz.com\/wp-content\/uploads\/2025\/04\/Levet.jpg\" \/>\n\t<meta property=\"og:image:width\" content=\"1250\" \/>\n\t<meta property=\"og:image:height\" content=\"667\" \/>\n\t<meta property=\"og:image:type\" content=\"image\/jpeg\" \/>\n<meta name=\"author\" content=\"Lo viste en Los Pol\u00edticos\" \/>\n<meta name=\"twitter:card\" content=\"summary_large_image\" \/>\n<meta name=\"twitter:creator\" content=\"@LosPoliticosVer\" \/>\n<meta name=\"twitter:site\" content=\"@LosPoliticosVer\" \/>\n<meta name=\"twitter:label1\" content=\"Escrito por\" \/>\n\t<meta name=\"twitter:data1\" content=\"Lo viste en Los Pol\u00edticos\" \/>\n\t<meta name=\"twitter:label2\" content=\"Tiempo de lectura\" \/>\n\t<meta name=\"twitter:data2\" content=\"3 minutos\" \/>\n<script type=\"application\/ld+json\" class=\"yoast-schema-graph\">{\"@context\":\"https:\\\/\\\/schema.org\",\"@graph\":[{\"@type\":\"Article\",\"@id\":\"https:\\\/\\\/lospoliticosveracruz.com\\\/?p=159925#article\",\"isPartOf\":{\"@id\":\"https:\\\/\\\/lospoliticosveracruz.com\\\/?p=159925\"},\"author\":{\"name\":\"Lo viste en Los Pol\u00edticos\",\"@id\":\"https:\\\/\\\/lospoliticosveracruz.com\\\/#\\\/schema\\\/person\\\/b8702bb0e538456e6efd07080bf2a4a2\"},\"headline\":\"EX ALCALDES MA\u00d1OSOS\",\"datePublished\":\"2026-01-09T14:03:17+00:00\",\"dateModified\":\"2026-01-09T14:03:18+00:00\",\"mainEntityOfPage\":{\"@id\":\"https:\\\/\\\/lospoliticosveracruz.com\\\/?p=159925\"},\"wordCount\":565,\"publisher\":{\"@id\":\"https:\\\/\\\/lospoliticosveracruz.com\\\/#organization\"},\"image\":{\"@id\":\"https:\\\/\\\/lospoliticosveracruz.com\\\/?p=159925#primaryimage\"},\"thumbnailUrl\":\"https:\\\/\\\/lospoliticosveracruz.com\\\/wp-content\\\/uploads\\\/2025\\\/04\\\/Levet-e1773931000156.jpg\",\"keywords\":[\"Dora Alicia Galicia Contreras Ixhuatl\u00e1n del Caf\u00e9\",\"Estevan Bautista Hern\u00e1ndez crisis ayuntamientos\",\"Irregularidades entrega recepci\u00f3n municipios Veracruz\",\"Norma Estela Hern\u00e1ndez S\u00e1nchez Mixtla Altamirano\",\"Rosa Mar\u00eda Hern\u00e1ndez Espejo Veracruz oficinas\",\"Sanciones autoridades salientes Veracruz 2026\",\"Sergio Gonz\u00e1lez Levet Sin Tacto\"],\"articleSection\":[\"De Opini\u00f3n\"],\"inLanguage\":\"es\"},{\"@type\":\"WebPage\",\"@id\":\"https:\\\/\\\/lospoliticosveracruz.com\\\/?p=159925\",\"url\":\"https:\\\/\\\/lospoliticosveracruz.com\\\/?p=159925\",\"name\":\"EX ALCALDES MA\u00d1OSOS - Los pol\u00edticos Veracruz\",\"isPartOf\":{\"@id\":\"https:\\\/\\\/lospoliticosveracruz.com\\\/#website\"},\"primaryImageOfPage\":{\"@id\":\"https:\\\/\\\/lospoliticosveracruz.com\\\/?p=159925#primaryimage\"},\"image\":{\"@id\":\"https:\\\/\\\/lospoliticosveracruz.com\\\/?p=159925#primaryimage\"},\"thumbnailUrl\":\"https:\\\/\\\/lospoliticosveracruz.com\\\/wp-content\\\/uploads\\\/2025\\\/04\\\/Levet-e1773931000156.jpg\",\"datePublished\":\"2026-01-09T14:03:17+00:00\",\"dateModified\":\"2026-01-09T14:03:18+00:00\",\"breadcrumb\":{\"@id\":\"https:\\\/\\\/lospoliticosveracruz.com\\\/?p=159925#breadcrumb\"},\"inLanguage\":\"es\",\"potentialAction\":[{\"@type\":\"ReadAction\",\"target\":[\"https:\\\/\\\/lospoliticosveracruz.com\\\/?p=159925\"]}]},{\"@type\":\"ImageObject\",\"inLanguage\":\"es\",\"@id\":\"https:\\\/\\\/lospoliticosveracruz.com\\\/?p=159925#primaryimage\",\"url\":\"https:\\\/\\\/lospoliticosveracruz.com\\\/wp-content\\\/uploads\\\/2025\\\/04\\\/Levet-e1773931000156.jpg\",\"contentUrl\":\"https:\\\/\\\/lospoliticosveracruz.com\\\/wp-content\\\/uploads\\\/2025\\\/04\\\/Levet-e1773931000156.jpg\",\"width\":600,\"height\":320},{\"@type\":\"BreadcrumbList\",\"@id\":\"https:\\\/\\\/lospoliticosveracruz.com\\\/?p=159925#breadcrumb\",\"itemListElement\":[{\"@type\":\"ListItem\",\"position\":1,\"name\":\"Portada\",\"item\":\"https:\\\/\\\/lospoliticosveracruz.com\\\/\"},{\"@type\":\"ListItem\",\"position\":2,\"name\":\"EX ALCALDES MA\u00d1OSOS\"}]},{\"@type\":\"WebSite\",\"@id\":\"https:\\\/\\\/lospoliticosveracruz.com\\\/#website\",\"url\":\"https:\\\/\\\/lospoliticosveracruz.com\\\/\",\"name\":\"Los pol\u00edticos Veracruz\",\"description\":\"\",\"publisher\":{\"@id\":\"https:\\\/\\\/lospoliticosveracruz.com\\\/#organization\"},\"potentialAction\":[{\"@type\":\"SearchAction\",\"target\":{\"@type\":\"EntryPoint\",\"urlTemplate\":\"https:\\\/\\\/lospoliticosveracruz.com\\\/?s={search_term_string}\"},\"query-input\":{\"@type\":\"PropertyValueSpecification\",\"valueRequired\":true,\"valueName\":\"search_term_string\"}}],\"inLanguage\":\"es\"},{\"@type\":\"Organization\",\"@id\":\"https:\\\/\\\/lospoliticosveracruz.com\\\/#organization\",\"name\":\"Los pol\u00edticos Veracruz\",\"url\":\"https:\\\/\\\/lospoliticosveracruz.com\\\/\",\"logo\":{\"@type\":\"ImageObject\",\"inLanguage\":\"es\",\"@id\":\"https:\\\/\\\/lospoliticosveracruz.com\\\/#\\\/schema\\\/logo\\\/image\\\/\",\"url\":\"https:\\\/\\\/lospoliticosveracruz.com\\\/wp-content\\\/uploads\\\/2025\\\/12\\\/Logo-Nuevo-LOS-POLITICOS-1.jpg\",\"contentUrl\":\"https:\\\/\\\/lospoliticosveracruz.com\\\/wp-content\\\/uploads\\\/2025\\\/12\\\/Logo-Nuevo-LOS-POLITICOS-1.jpg\",\"width\":260,\"height\":70,\"caption\":\"Los pol\u00edticos Veracruz\"},\"image\":{\"@id\":\"https:\\\/\\\/lospoliticosveracruz.com\\\/#\\\/schema\\\/logo\\\/image\\\/\"},\"sameAs\":[\"https:\\\/\\\/www.facebook.com\\\/people\\\/Notimemes-de-los-Polticos\\\/61565672886568\\\/\",\"https:\\\/\\\/x.com\\\/LosPoliticosVer\"]},{\"@type\":\"Person\",\"@id\":\"https:\\\/\\\/lospoliticosveracruz.com\\\/#\\\/schema\\\/person\\\/b8702bb0e538456e6efd07080bf2a4a2\",\"name\":\"Lo viste en Los Pol\u00edticos\",\"image\":{\"@type\":\"ImageObject\",\"inLanguage\":\"es\",\"@id\":\"https:\\\/\\\/secure.gravatar.com\\\/avatar\\\/3a8de04a2656d44082be478bd6c086daa447c4651605818287b9532d3d0bd435?s=96&d=mm&r=g\",\"url\":\"https:\\\/\\\/secure.gravatar.com\\\/avatar\\\/3a8de04a2656d44082be478bd6c086daa447c4651605818287b9532d3d0bd435?s=96&d=mm&r=g\",\"contentUrl\":\"https:\\\/\\\/secure.gravatar.com\\\/avatar\\\/3a8de04a2656d44082be478bd6c086daa447c4651605818287b9532d3d0bd435?s=96&d=mm&r=g\",\"caption\":\"Lo viste en Los Pol\u00edticos\"},\"url\":\"https:\\\/\\\/lospoliticosveracruz.com\\\/?author=2\"}]}<\/script>\n<!-- \/ Yoast SEO plugin. -->","yoast_head_json":{"title":"EX ALCALDES MA\u00d1OSOS - Los pol\u00edticos Veracruz","robots":{"index":"index","follow":"follow","max-snippet":"max-snippet:-1","max-image-preview":"max-image-preview:large","max-video-preview":"max-video-preview:-1"},"canonical":"https:\/\/lospoliticosveracruz.com\/?p=159925","og_locale":"es_ES","og_type":"article","og_title":"EX ALCALDES MA\u00d1OSOS - Los pol\u00edticos Veracruz","og_description":"Sergio Gonz\u00e1lez Levet Sin tacto El inicio del a\u00f1o se ha nimbado con las quejas persistentes de muchos presidentes municipales entrantes en contra de sus antecesores, que hicieron de las suyas, quisieron exprimir hasta la \u00faltima raja en la transici\u00f3n y trataron de llevarse hasta la mano del metate\u2026 y el metate mismo. &nbsp;&nbsp;&nbsp;&nbsp; Queda [&hellip;]","og_url":"https:\/\/lospoliticosveracruz.com\/?p=159925","og_site_name":"Los pol\u00edticos Veracruz","article_publisher":"https:\/\/www.facebook.com\/people\/Notimemes-de-los-Polticos\/61565672886568\/","article_published_time":"2026-01-09T14:03:17+00:00","article_modified_time":"2026-01-09T14:03:18+00:00","og_image":[{"width":1250,"height":667,"url":"https:\/\/lospoliticosveracruz.com\/wp-content\/uploads\/2025\/04\/Levet.jpg","type":"image\/jpeg"}],"author":"Lo viste en Los Pol\u00edticos","twitter_card":"summary_large_image","twitter_creator":"@LosPoliticosVer","twitter_site":"@LosPoliticosVer","twitter_misc":{"Escrito por":"Lo viste en Los Pol\u00edticos","Tiempo de lectura":"3 minutos"},"schema":{"@context":"https:\/\/schema.org","@graph":[{"@type":"Article","@id":"https:\/\/lospoliticosveracruz.com\/?p=159925#article","isPartOf":{"@id":"https:\/\/lospoliticosveracruz.com\/?p=159925"},"author":{"name":"Lo viste en Los Pol\u00edticos","@id":"https:\/\/lospoliticosveracruz.com\/#\/schema\/person\/b8702bb0e538456e6efd07080bf2a4a2"},"headline":"EX ALCALDES MA\u00d1OSOS","datePublished":"2026-01-09T14:03:17+00:00","dateModified":"2026-01-09T14:03:18+00:00","mainEntityOfPage":{"@id":"https:\/\/lospoliticosveracruz.com\/?p=159925"},"wordCount":565,"publisher":{"@id":"https:\/\/lospoliticosveracruz.com\/#organization"},"image":{"@id":"https:\/\/lospoliticosveracruz.com\/?p=159925#primaryimage"},"thumbnailUrl":"https:\/\/lospoliticosveracruz.com\/wp-content\/uploads\/2025\/04\/Levet-e1773931000156.jpg","keywords":["Dora Alicia Galicia Contreras Ixhuatl\u00e1n del Caf\u00e9","Estevan Bautista Hern\u00e1ndez crisis ayuntamientos","Irregularidades entrega recepci\u00f3n municipios Veracruz","Norma Estela Hern\u00e1ndez S\u00e1nchez Mixtla Altamirano","Rosa Mar\u00eda Hern\u00e1ndez Espejo Veracruz oficinas","Sanciones autoridades salientes Veracruz 2026","Sergio Gonz\u00e1lez Levet Sin Tacto"],"articleSection":["De Opini\u00f3n"],"inLanguage":"es"},{"@type":"WebPage","@id":"https:\/\/lospoliticosveracruz.com\/?p=159925","url":"https:\/\/lospoliticosveracruz.com\/?p=159925","name":"EX ALCALDES MA\u00d1OSOS - Los pol\u00edticos Veracruz","isPartOf":{"@id":"https:\/\/lospoliticosveracruz.com\/#website"},"primaryImageOfPage":{"@id":"https:\/\/lospoliticosveracruz.com\/?p=159925#primaryimage"},"image":{"@id":"https:\/\/lospoliticosveracruz.com\/?p=159925#primaryimage"},"thumbnailUrl":"https:\/\/lospoliticosveracruz.com\/wp-content\/uploads\/2025\/04\/Levet-e1773931000156.jpg","datePublished":"2026-01-09T14:03:17+00:00","dateModified":"2026-01-09T14:03:18+00:00","breadcrumb":{"@id":"https:\/\/lospoliticosveracruz.com\/?p=159925#breadcrumb"},"inLanguage":"es","potentialAction":[{"@type":"ReadAction","target":["https:\/\/lospoliticosveracruz.com\/?p=159925"]}]},{"@type":"ImageObject","inLanguage":"es","@id":"https:\/\/lospoliticosveracruz.com\/?p=159925#primaryimage","url":"https:\/\/lospoliticosveracruz.com\/wp-content\/uploads\/2025\/04\/Levet-e1773931000156.jpg","contentUrl":"https:\/\/lospoliticosveracruz.com\/wp-content\/uploads\/2025\/04\/Levet-e1773931000156.jpg","width":600,"height":320},{"@type":"BreadcrumbList","@id":"https:\/\/lospoliticosveracruz.com\/?p=159925#breadcrumb","itemListElement":[{"@type":"ListItem","position":1,"name":"Portada","item":"https:\/\/lospoliticosveracruz.com\/"},{"@type":"ListItem","position":2,"name":"EX ALCALDES MA\u00d1OSOS"}]},{"@type":"WebSite","@id":"https:\/\/lospoliticosveracruz.com\/#website","url":"https:\/\/lospoliticosveracruz.com\/","name":"Los pol\u00edticos Veracruz","description":"","publisher":{"@id":"https:\/\/lospoliticosveracruz.com\/#organization"},"potentialAction":[{"@type":"SearchAction","target":{"@type":"EntryPoint","urlTemplate":"https:\/\/lospoliticosveracruz.com\/?s={search_term_string}"},"query-input":{"@type":"PropertyValueSpecification","valueRequired":true,"valueName":"search_term_string"}}],"inLanguage":"es"},{"@type":"Organization","@id":"https:\/\/lospoliticosveracruz.com\/#organization","name":"Los pol\u00edticos Veracruz","url":"https:\/\/lospoliticosveracruz.com\/","logo":{"@type":"ImageObject","inLanguage":"es","@id":"https:\/\/lospoliticosveracruz.com\/#\/schema\/logo\/image\/","url":"https:\/\/lospoliticosveracruz.com\/wp-content\/uploads\/2025\/12\/Logo-Nuevo-LOS-POLITICOS-1.jpg","contentUrl":"https:\/\/lospoliticosveracruz.com\/wp-content\/uploads\/2025\/12\/Logo-Nuevo-LOS-POLITICOS-1.jpg","width":260,"height":70,"caption":"Los pol\u00edticos Veracruz"},"image":{"@id":"https:\/\/lospoliticosveracruz.com\/#\/schema\/logo\/image\/"},"sameAs":["https:\/\/www.facebook.com\/people\/Notimemes-de-los-Polticos\/61565672886568\/","https:\/\/x.com\/LosPoliticosVer"]},{"@type":"Person","@id":"https:\/\/lospoliticosveracruz.com\/#\/schema\/person\/b8702bb0e538456e6efd07080bf2a4a2","name":"Lo viste en Los Pol\u00edticos","image":{"@type":"ImageObject","inLanguage":"es","@id":"https:\/\/secure.gravatar.com\/avatar\/3a8de04a2656d44082be478bd6c086daa447c4651605818287b9532d3d0bd435?s=96&d=mm&r=g","url":"https:\/\/secure.gravatar.com\/avatar\/3a8de04a2656d44082be478bd6c086daa447c4651605818287b9532d3d0bd435?s=96&d=mm&r=g","contentUrl":"https:\/\/secure.gravatar.com\/avatar\/3a8de04a2656d44082be478bd6c086daa447c4651605818287b9532d3d0bd435?s=96&d=mm&r=g","caption":"Lo viste en Los Pol\u00edticos"},"url":"https:\/\/lospoliticosveracruz.com\/?author=2"}]}},"_links":{"self":[{"href":"https:\/\/lospoliticosveracruz.com\/index.php?rest_route=\/wp\/v2\/posts\/159925","targetHints":{"allow":["GET"]}}],"collection":[{"href":"https:\/\/lospoliticosveracruz.com\/index.php?rest_route=\/wp\/v2\/posts"}],"about":[{"href":"https:\/\/lospoliticosveracruz.com\/index.php?rest_route=\/wp\/v2\/types\/post"}],"author":[{"embeddable":true,"href":"https:\/\/lospoliticosveracruz.com\/index.php?rest_route=\/wp\/v2\/users\/2"}],"replies":[{"embeddable":true,"href":"https:\/\/lospoliticosveracruz.com\/index.php?rest_route=%2Fwp%2Fv2%2Fcomments&post=159925"}],"version-history":[{"count":1,"href":"https:\/\/lospoliticosveracruz.com\/index.php?rest_route=\/wp\/v2\/posts\/159925\/revisions"}],"predecessor-version":[{"id":159926,"href":"https:\/\/lospoliticosveracruz.com\/index.php?rest_route=\/wp\/v2\/posts\/159925\/revisions\/159926"}],"wp:featuredmedia":[{"embeddable":true,"href":"https:\/\/lospoliticosveracruz.com\/index.php?rest_route=\/wp\/v2\/media\/141432"}],"wp:attachment":[{"href":"https:\/\/lospoliticosveracruz.com\/index.php?rest_route=%2Fwp%2Fv2%2Fmedia&parent=159925"}],"wp:term":[{"taxonomy":"category","embeddable":true,"href":"https:\/\/lospoliticosveracruz.com\/index.php?rest_route=%2Fwp%2Fv2%2Fcategories&post=159925"},{"taxonomy":"post_tag","embeddable":true,"href":"https:\/\/lospoliticosveracruz.com\/index.php?rest_route=%2Fwp%2Fv2%2Ftags&post=159925"}],"curies":[{"name":"wp","href":"https:\/\/api.w.org\/{rel}","templated":true}]}}