{"id":160106,"date":"2026-01-11T21:42:42","date_gmt":"2026-01-12T03:42:42","guid":{"rendered":"https:\/\/lospoliticosveracruz.com\/?p=160106"},"modified":"2026-01-11T21:42:43","modified_gmt":"2026-01-12T03:42:43","slug":"no-somos-iguales","status":"publish","type":"post","link":"https:\/\/lospoliticosveracruz.com\/?p=160106","title":{"rendered":"NO SOMOS IGUALES"},"content":{"rendered":"\n<p>S\u00edguenos ahora tambi\u00e9n en WhatsApp.\u00a0\u00a1<a href=\"https:\/\/whatsapp.com\/channel\/0029Va8zRWlEKyZIP3Z1dF0e\"><strong>Da clic aqu\u00ed<\/strong><\/a><strong>!<\/strong><\/p>\n\n\n\n<p><strong>Jos\u00e9 Luis Ortega Vidal<br><\/strong><em>Claroscuros<\/em><\/p>\n\n\n\n<p>Sobre la calle R\u00e9bsamen casi esquina con Melchor Ocampo, ah\u00ed donde inicia el barrio Villalta de Acayucan, dos j\u00f3venes mujeres acompa\u00f1adas de su padre y familia velaron el cuerpo de su madre: Avisack Douglas Coronado, reportera, fot\u00f3grafa de PRENSA, editora.<\/p>\n\n\n\n\n\n<p><br><strong>(2)<br><\/strong>Los periodistas de a pie suelen tener una condici\u00f3n com\u00fan: surgen desde las clases econ\u00f3micamente desprotegidas y en ese \u00e1mbito desarrollan la mayor parte de su vida profesional y personal.<br>A unos m\u00e1s a otros menos, la clase media suele marcar un l\u00edmite de movilidad socioecon\u00f3mica; entre otras razones por la naturaleza de su trabajo: siempre en la calle, en la b\u00fasqueda de informaci\u00f3n que alimente su oficio junto a su esp\u00edritu.<br><strong>(3)<br><\/strong>El primero los conduce a trabajar para empresas que nunca pagan bien, o a conformar microempresas donde operan como tod\u00f3logos\u2026<br>Ellos mismos son sus patrones, sus directores, sus editores, sus reporteros, fot\u00f3grafos, vendedores de publicidad, firmantes de alg\u00fan contrato eventual en tiempos de campa\u00f1a electoral, correctores de estilo y \u2013si su aventura vital los llevase a crear un medio comunicaci\u00f3n impreso-, sus propios voceadores.<br><strong>(4)<br><\/strong>Esta condici\u00f3n no describe en esencia una b\u00fasqueda empresarial ni un ejercicio comercial; mucho menos una b\u00fasqueda intelectual o pol\u00edtica; estamos hablando de una vocaci\u00f3n; m\u00e1s a\u00fan: la referencia es a una vocaci\u00f3n de vida\u2026<br>El periodista es periodista porque decide ser periodista y luego es periodista de a pie porque su satisfacci\u00f3n personal se nutre de la calle donde en el d\u00eda a d\u00eda aparecen los profundos partos informativos de la realidad contradictoria, siempre contradictoria\u2026<br><strong>(5)<br><\/strong>Junto al de Avisack Douglas (+), en alguna rueda de prensa o en la cobertura de alg\u00fan hecho noticioso que bien puede ser de nota roja, convive el esp\u00edritu de Carlos Leonardo Ram\u00edrez Castro (*), el joven reportero reci\u00e9n sepultado en Poza Rica, al otro extremo del largo territorio veracruzano; luego de morir acribillado el pasado jueves en un restaurante de la avenida 20 de noviembre, a unos cien metros de las facultades de Pedagog\u00eda y Trabajo Social de la Universidad Veracruzana (UV).<br><strong>(6)<br><\/strong>Una en el sur, otro en el norte, a los dos periodistas asesinados en lo que va del actual gobierno de Roc\u00edo Nahle Garc\u00eda los une el hilo conductor de la violencia; de un ejercicio de muerte que ninguna vocaci\u00f3n busca porque los periodistas de a pie son idealistas, no suicidas.<br><strong>(7)<br><\/strong>En mayo del 2025 Avisack Douglas Coronado cubr\u00eda una campa\u00f1a electoral por la alcald\u00eda de Juan Rodr\u00edguez Clara, en la regi\u00f3n pi\u00f1era cercana a la cuenca del Papaloapan en direcci\u00f3n norte, pero tambi\u00e9n muy cerca de Acayucan \u2013llave del sureste- hacia el sur y colindante con la inefable zona de Playa Vicente, vecina de las \u00e1reas zapoteca y mixe de Oaxaca -pol\u00edticamente inestables por definici\u00f3n-\u2026<br>X\u00f3chitl Tress Rodr\u00edguez, viuda de Gregorio Barradas Miravete \u2013quien fue diputado federal por el PAN y luego alcalde electo de Juan Rodr\u00edguez Clara, de donde lo levantaron para asesinarlo, en noviembre del 2010-, compet\u00eda para ser alcaldesa.<br>Tress Rodr\u00edguez termin\u00f3 derrotada en las urnas pero antes de los comicios de junio se puso al frente del sepelio de quien fuera su jefa de prensa.<br>Avisack Douglas muri\u00f3 asesinada a tiros la noche del martes veinte de mayo.<br>Tras su entierro X\u00f3chitl Tress se march\u00f3 en una lujosa camioneta negra, rodeada de imponentes guaruras para volver al anonimato que s\u00f3lo se rompe cuando en las redes sociales brotan referencias a su relaci\u00f3n sentimental con el preso Javier Duarte de Ochoa, uno de los dos peores gobernadores que ha tenido Veracruz durante las d\u00e9cadas recientes; el otro es Cuitl\u00e1huac Garc\u00eda Jim\u00e9nez\u2026<br><strong>(8)<br><\/strong>En la zona pi\u00f1era de Juan Rodr\u00edguez Clara, Ciudad Isla y sus \u00e1reas vecinas del Papaloapan y Playa Vicente, un grupo delictivo identificado como Los Pi\u00f1as -en competencia o complicidad con otros delincuentes- marca el paso a paso de la muerte\u2026<br>En Poza Rica, Tuxpan de Rodr\u00edguez Cano, Papantla. \u00c1lamo, en la huasteca y parte de la zona totonaca del norte veracruzano, otros grupos delictivos hacen lo propio\u2026<br>Destaca el llamado Grupo Sombra; aquel que secuestr\u00f3 y ejecut\u00f3 a la profesora Irma Hern\u00e1ndez\u2026de quien hoy sabemos no muri\u00f3 de un infarto.<br><strong>(9)<br><\/strong>A la clase pol\u00edtica siempre le incomoda que los periodistas cuestionemos su papel como capitanes temporales del poder.<br>Ello es resultado de la droga de ego que el poder tiene entre sus elementos y suele inyectar en las venas de los reci\u00e9n instalados en alguna silla del Estado; ya sea chiquita o grande: a todos les da por sentirse seres humanos especiales, superiores, inmortales\u2026<br>Hijos favoritos de Zeus, patrones indiscutibles de T\u00e1natos, consejeros de Hades\u2026<br><strong>(10)<br><\/strong>Las atrocidades cometidas a partir del consumo de dicha droga incluyen, por ejemplo, acusar a un reportero de terrorista \u2013caso Rafael \u201cLafita\u201d Le\u00f3n Segovia, encarcelado en Coatzacoalcos en diciembre pasado-\u2026<br>Tambi\u00e9n suman la construcci\u00f3n de elementos de Estado fallido, lo que se traduce en periodistas asesinados e impunidad rampante a favor de la delincuencia organizada\u2026<br><strong>(11)<br><\/strong>\u00bfPor qu\u00e9 la confusi\u00f3n -desde el poder pol\u00edtico- sobre qui\u00e9nes son sus verdaderos enemigos?<br>Los periodistas no somos enemigos de nadie; simplemente somos periodistas.<br>Los delincuentes son enemigos de todos: del Estado y de la sociedad.<br>Hacia ellos deben dirigirse las bater\u00edas legales, jur\u00eddicas, as\u00ed como el ejercicio del monopolio de la violencia que define al Estado\u2026<br><strong>(12)<br><\/strong>La delincuencia mata periodistas porque afectan sus intereses oscuros y porque pueden hacerlo\u2026<br>Y pueden hacerlo porque el Estado se los permite\u2026<br>El monopolio de la violencia est\u00e1 en manos del Estado, no est\u00e1 en manos de la sociedad civil ni de los periodistas.<br><strong>(13)<br><\/strong>El Estado ataca a periodistas y los deja desprotegidos porque se confunde ante los l\u00edos existenciales producto de su ego y alguien debe pagarlos.<br>Tambi\u00e9n lo hace porque a menudo hay corrupci\u00f3n y complicidad entre delincuentes forajidos y delincuentes de cuello blanco\u2026<br><strong>(14)<br><\/strong>Cuando alguien ligado a los medios de comunicaci\u00f3n llega a vincularse con la delincuencia se aleja del ejercicio period\u00edstico y se convierte en delincuente; deja de ser periodista o nunca lo fue\u2026<br>No nos confundan; apliquen su poder de Estado, investiguen, cumplan con su deber y demuestren que su breve paso por las sillas malditas no les condujo a la locura del egocentrismo ni al ejercicio equivocado del poder\u2026<br>Parafraseo un cl\u00e1sico: El Estado, el crimen organizado y los periodistas no somos iguales.<br><strong>(15)<br><\/strong>Garantizar que no haya m\u00e1s acusados de terrorismo ni m\u00e1s asesinatos de periodistas ser\u00e1 la prueba profunda de un ejercicio de poder efectivo, garante de la democracia y el Estado de derecho\u2026<br>Las muertes de Avisack Douglas Coronado, Carlos Leonardo Ram\u00edrez Castro y el encarcelamiento de Rafael Le\u00f3n Segovia son garant\u00eda de todo lo contrario\u2026<\/p>\n","protected":false},"excerpt":{"rendered":"<p>Jos\u00e9 Luis Ortega VidalClaroscuros Sobre la calle R\u00e9bsamen casi esquina con Melchor Ocampo, ah\u00ed donde inicia el barrio Villalta de Acayucan, dos j\u00f3venes mujeres acompa\u00f1adas de su padre y familia velaron el cuerpo de su madre: Avisack Douglas Coronado, reportera, fot\u00f3grafa de PRENSA, editora. (2)Los periodistas de a pie suelen tener una condici\u00f3n com\u00fan: surgen [&hellip;]<\/p>\n","protected":false},"author":2,"featured_media":141392,"comment_status":"closed","ping_status":"closed","sticky":false,"template":"","format":"standard","meta":{"tdm_status":"","tdm_grid_status":"","footnotes":""},"categories":[70],"tags":[49517,49515,49521,49516,49518,49520,49519],"class_list":{"0":"post-160106","1":"post","2":"type-post","3":"status-publish","4":"format-standard","5":"has-post-thumbnail","7":"category-de-opinion","8":"tag-avisack-douglas-coronado-periodista-acayucan","9":"tag-carlos-leonardo-ramirez-castro-poza-rica","10":"tag-estado-de-derecho-y-violencia-prensa-veracruz","11":"tag-jose-luis-ortega-vidal-claroscuros-columnista","12":"tag-libertad-de-expresion-y-delincuencia-veracruz","13":"tag-periodistas-asesinados-veracruz-rocio-nahle","14":"tag-rafael-leon-segovia-periodista-coatzacoalcos-detenido"},"yoast_head":"<!-- This site is optimized with the Yoast SEO plugin v27.4 - https:\/\/yoast.com\/product\/yoast-seo-wordpress\/ -->\n<title>NO SOMOS IGUALES - Los pol\u00edticos Veracruz<\/title>\n<meta name=\"robots\" content=\"index, follow, max-snippet:-1, max-image-preview:large, max-video-preview:-1\" \/>\n<link rel=\"canonical\" href=\"https:\/\/lospoliticosveracruz.com\/?p=160106\" \/>\n<meta property=\"og:locale\" content=\"es_ES\" \/>\n<meta property=\"og:type\" content=\"article\" \/>\n<meta property=\"og:title\" content=\"NO SOMOS IGUALES - Los pol\u00edticos Veracruz\" \/>\n<meta property=\"og:description\" content=\"Jos\u00e9 Luis Ortega VidalClaroscuros Sobre la calle R\u00e9bsamen casi esquina con Melchor Ocampo, ah\u00ed donde inicia el barrio Villalta de Acayucan, dos j\u00f3venes mujeres acompa\u00f1adas de su padre y familia velaron el cuerpo de su madre: Avisack Douglas Coronado, reportera, fot\u00f3grafa de PRENSA, editora. (2)Los periodistas de a pie suelen tener una condici\u00f3n com\u00fan: surgen [&hellip;]\" \/>\n<meta property=\"og:url\" content=\"https:\/\/lospoliticosveracruz.com\/?p=160106\" \/>\n<meta property=\"og:site_name\" content=\"Los pol\u00edticos Veracruz\" \/>\n<meta property=\"article:publisher\" content=\"https:\/\/www.facebook.com\/people\/Notimemes-de-los-Polticos\/61565672886568\/\" \/>\n<meta property=\"article:published_time\" content=\"2026-01-12T03:42:42+00:00\" \/>\n<meta property=\"article:modified_time\" content=\"2026-01-12T03:42:43+00:00\" \/>\n<meta property=\"og:image\" content=\"https:\/\/lospoliticosveracruz.com\/wp-content\/uploads\/2025\/04\/Jose-Luis-Ortega-Vidal.jpg\" \/>\n\t<meta property=\"og:image:width\" content=\"1250\" \/>\n\t<meta property=\"og:image:height\" content=\"667\" \/>\n\t<meta property=\"og:image:type\" content=\"image\/jpeg\" \/>\n<meta name=\"author\" content=\"Lo viste en Los Pol\u00edticos\" \/>\n<meta name=\"twitter:card\" content=\"summary_large_image\" \/>\n<meta name=\"twitter:creator\" content=\"@LosPoliticosVer\" \/>\n<meta name=\"twitter:site\" content=\"@LosPoliticosVer\" \/>\n<meta name=\"twitter:label1\" content=\"Escrito por\" \/>\n\t<meta name=\"twitter:data1\" content=\"Lo viste en Los Pol\u00edticos\" \/>\n\t<meta name=\"twitter:label2\" content=\"Tiempo de lectura\" \/>\n\t<meta name=\"twitter:data2\" content=\"6 minutos\" \/>\n<script type=\"application\/ld+json\" class=\"yoast-schema-graph\">{\"@context\":\"https:\\\/\\\/schema.org\",\"@graph\":[{\"@type\":\"Article\",\"@id\":\"https:\\\/\\\/lospoliticosveracruz.com\\\/?p=160106#article\",\"isPartOf\":{\"@id\":\"https:\\\/\\\/lospoliticosveracruz.com\\\/?p=160106\"},\"author\":{\"name\":\"Lo viste en Los Pol\u00edticos\",\"@id\":\"https:\\\/\\\/lospoliticosveracruz.com\\\/#\\\/schema\\\/person\\\/b8702bb0e538456e6efd07080bf2a4a2\"},\"headline\":\"NO SOMOS IGUALES\",\"datePublished\":\"2026-01-12T03:42:42+00:00\",\"dateModified\":\"2026-01-12T03:42:43+00:00\",\"mainEntityOfPage\":{\"@id\":\"https:\\\/\\\/lospoliticosveracruz.com\\\/?p=160106\"},\"wordCount\":1183,\"publisher\":{\"@id\":\"https:\\\/\\\/lospoliticosveracruz.com\\\/#organization\"},\"image\":{\"@id\":\"https:\\\/\\\/lospoliticosveracruz.com\\\/?p=160106#primaryimage\"},\"thumbnailUrl\":\"https:\\\/\\\/lospoliticosveracruz.com\\\/wp-content\\\/uploads\\\/2025\\\/04\\\/Jose-Luis-Ortega-Vidal.jpg\",\"keywords\":[\"Avisack Douglas Coronado periodista Acayucan\",\"Carlos Leonardo Ram\u00edrez Castro Poza Rica\",\"Estado de Derecho y violencia prensa Veracruz\",\"Jos\u00e9 Luis Ortega Vidal Claroscuros columnista\",\"Libertad de expresi\u00f3n y delincuencia Veracruz\",\"Periodistas asesinados Veracruz Roc\u00edo Nahle\",\"Rafael Le\u00f3n Segovia periodista Coatzacoalcos detenido\"],\"articleSection\":[\"De Opini\u00f3n\"],\"inLanguage\":\"es\"},{\"@type\":\"WebPage\",\"@id\":\"https:\\\/\\\/lospoliticosveracruz.com\\\/?p=160106\",\"url\":\"https:\\\/\\\/lospoliticosveracruz.com\\\/?p=160106\",\"name\":\"NO SOMOS IGUALES - Los pol\u00edticos Veracruz\",\"isPartOf\":{\"@id\":\"https:\\\/\\\/lospoliticosveracruz.com\\\/#website\"},\"primaryImageOfPage\":{\"@id\":\"https:\\\/\\\/lospoliticosveracruz.com\\\/?p=160106#primaryimage\"},\"image\":{\"@id\":\"https:\\\/\\\/lospoliticosveracruz.com\\\/?p=160106#primaryimage\"},\"thumbnailUrl\":\"https:\\\/\\\/lospoliticosveracruz.com\\\/wp-content\\\/uploads\\\/2025\\\/04\\\/Jose-Luis-Ortega-Vidal.jpg\",\"datePublished\":\"2026-01-12T03:42:42+00:00\",\"dateModified\":\"2026-01-12T03:42:43+00:00\",\"breadcrumb\":{\"@id\":\"https:\\\/\\\/lospoliticosveracruz.com\\\/?p=160106#breadcrumb\"},\"inLanguage\":\"es\",\"potentialAction\":[{\"@type\":\"ReadAction\",\"target\":[\"https:\\\/\\\/lospoliticosveracruz.com\\\/?p=160106\"]}]},{\"@type\":\"ImageObject\",\"inLanguage\":\"es\",\"@id\":\"https:\\\/\\\/lospoliticosveracruz.com\\\/?p=160106#primaryimage\",\"url\":\"https:\\\/\\\/lospoliticosveracruz.com\\\/wp-content\\\/uploads\\\/2025\\\/04\\\/Jose-Luis-Ortega-Vidal.jpg\",\"contentUrl\":\"https:\\\/\\\/lospoliticosveracruz.com\\\/wp-content\\\/uploads\\\/2025\\\/04\\\/Jose-Luis-Ortega-Vidal.jpg\",\"width\":1250,\"height\":667},{\"@type\":\"BreadcrumbList\",\"@id\":\"https:\\\/\\\/lospoliticosveracruz.com\\\/?p=160106#breadcrumb\",\"itemListElement\":[{\"@type\":\"ListItem\",\"position\":1,\"name\":\"Portada\",\"item\":\"https:\\\/\\\/lospoliticosveracruz.com\\\/\"},{\"@type\":\"ListItem\",\"position\":2,\"name\":\"NO SOMOS IGUALES\"}]},{\"@type\":\"WebSite\",\"@id\":\"https:\\\/\\\/lospoliticosveracruz.com\\\/#website\",\"url\":\"https:\\\/\\\/lospoliticosveracruz.com\\\/\",\"name\":\"Los pol\u00edticos Veracruz\",\"description\":\"\",\"publisher\":{\"@id\":\"https:\\\/\\\/lospoliticosveracruz.com\\\/#organization\"},\"potentialAction\":[{\"@type\":\"SearchAction\",\"target\":{\"@type\":\"EntryPoint\",\"urlTemplate\":\"https:\\\/\\\/lospoliticosveracruz.com\\\/?s={search_term_string}\"},\"query-input\":{\"@type\":\"PropertyValueSpecification\",\"valueRequired\":true,\"valueName\":\"search_term_string\"}}],\"inLanguage\":\"es\"},{\"@type\":\"Organization\",\"@id\":\"https:\\\/\\\/lospoliticosveracruz.com\\\/#organization\",\"name\":\"Los pol\u00edticos Veracruz\",\"url\":\"https:\\\/\\\/lospoliticosveracruz.com\\\/\",\"logo\":{\"@type\":\"ImageObject\",\"inLanguage\":\"es\",\"@id\":\"https:\\\/\\\/lospoliticosveracruz.com\\\/#\\\/schema\\\/logo\\\/image\\\/\",\"url\":\"https:\\\/\\\/lospoliticosveracruz.com\\\/wp-content\\\/uploads\\\/2025\\\/12\\\/Logo-Nuevo-LOS-POLITICOS-1.jpg\",\"contentUrl\":\"https:\\\/\\\/lospoliticosveracruz.com\\\/wp-content\\\/uploads\\\/2025\\\/12\\\/Logo-Nuevo-LOS-POLITICOS-1.jpg\",\"width\":260,\"height\":70,\"caption\":\"Los pol\u00edticos Veracruz\"},\"image\":{\"@id\":\"https:\\\/\\\/lospoliticosveracruz.com\\\/#\\\/schema\\\/logo\\\/image\\\/\"},\"sameAs\":[\"https:\\\/\\\/www.facebook.com\\\/people\\\/Notimemes-de-los-Polticos\\\/61565672886568\\\/\",\"https:\\\/\\\/x.com\\\/LosPoliticosVer\"]},{\"@type\":\"Person\",\"@id\":\"https:\\\/\\\/lospoliticosveracruz.com\\\/#\\\/schema\\\/person\\\/b8702bb0e538456e6efd07080bf2a4a2\",\"name\":\"Lo viste en Los Pol\u00edticos\",\"image\":{\"@type\":\"ImageObject\",\"inLanguage\":\"es\",\"@id\":\"https:\\\/\\\/secure.gravatar.com\\\/avatar\\\/3a8de04a2656d44082be478bd6c086daa447c4651605818287b9532d3d0bd435?s=96&d=mm&r=g\",\"url\":\"https:\\\/\\\/secure.gravatar.com\\\/avatar\\\/3a8de04a2656d44082be478bd6c086daa447c4651605818287b9532d3d0bd435?s=96&d=mm&r=g\",\"contentUrl\":\"https:\\\/\\\/secure.gravatar.com\\\/avatar\\\/3a8de04a2656d44082be478bd6c086daa447c4651605818287b9532d3d0bd435?s=96&d=mm&r=g\",\"caption\":\"Lo viste en Los Pol\u00edticos\"},\"url\":\"https:\\\/\\\/lospoliticosveracruz.com\\\/?author=2\"}]}<\/script>\n<!-- \/ Yoast SEO plugin. -->","yoast_head_json":{"title":"NO SOMOS IGUALES - Los pol\u00edticos Veracruz","robots":{"index":"index","follow":"follow","max-snippet":"max-snippet:-1","max-image-preview":"max-image-preview:large","max-video-preview":"max-video-preview:-1"},"canonical":"https:\/\/lospoliticosveracruz.com\/?p=160106","og_locale":"es_ES","og_type":"article","og_title":"NO SOMOS IGUALES - Los pol\u00edticos Veracruz","og_description":"Jos\u00e9 Luis Ortega VidalClaroscuros Sobre la calle R\u00e9bsamen casi esquina con Melchor Ocampo, ah\u00ed donde inicia el barrio Villalta de Acayucan, dos j\u00f3venes mujeres acompa\u00f1adas de su padre y familia velaron el cuerpo de su madre: Avisack Douglas Coronado, reportera, fot\u00f3grafa de PRENSA, editora. (2)Los periodistas de a pie suelen tener una condici\u00f3n com\u00fan: surgen [&hellip;]","og_url":"https:\/\/lospoliticosveracruz.com\/?p=160106","og_site_name":"Los pol\u00edticos Veracruz","article_publisher":"https:\/\/www.facebook.com\/people\/Notimemes-de-los-Polticos\/61565672886568\/","article_published_time":"2026-01-12T03:42:42+00:00","article_modified_time":"2026-01-12T03:42:43+00:00","og_image":[{"width":1250,"height":667,"url":"https:\/\/lospoliticosveracruz.com\/wp-content\/uploads\/2025\/04\/Jose-Luis-Ortega-Vidal.jpg","type":"image\/jpeg"}],"author":"Lo viste en Los Pol\u00edticos","twitter_card":"summary_large_image","twitter_creator":"@LosPoliticosVer","twitter_site":"@LosPoliticosVer","twitter_misc":{"Escrito por":"Lo viste en Los Pol\u00edticos","Tiempo de lectura":"6 minutos"},"schema":{"@context":"https:\/\/schema.org","@graph":[{"@type":"Article","@id":"https:\/\/lospoliticosveracruz.com\/?p=160106#article","isPartOf":{"@id":"https:\/\/lospoliticosveracruz.com\/?p=160106"},"author":{"name":"Lo viste en Los Pol\u00edticos","@id":"https:\/\/lospoliticosveracruz.com\/#\/schema\/person\/b8702bb0e538456e6efd07080bf2a4a2"},"headline":"NO SOMOS IGUALES","datePublished":"2026-01-12T03:42:42+00:00","dateModified":"2026-01-12T03:42:43+00:00","mainEntityOfPage":{"@id":"https:\/\/lospoliticosveracruz.com\/?p=160106"},"wordCount":1183,"publisher":{"@id":"https:\/\/lospoliticosveracruz.com\/#organization"},"image":{"@id":"https:\/\/lospoliticosveracruz.com\/?p=160106#primaryimage"},"thumbnailUrl":"https:\/\/lospoliticosveracruz.com\/wp-content\/uploads\/2025\/04\/Jose-Luis-Ortega-Vidal.jpg","keywords":["Avisack Douglas Coronado periodista Acayucan","Carlos Leonardo Ram\u00edrez Castro Poza Rica","Estado de Derecho y violencia prensa Veracruz","Jos\u00e9 Luis Ortega Vidal Claroscuros columnista","Libertad de expresi\u00f3n y delincuencia Veracruz","Periodistas asesinados Veracruz Roc\u00edo Nahle","Rafael Le\u00f3n Segovia periodista Coatzacoalcos detenido"],"articleSection":["De Opini\u00f3n"],"inLanguage":"es"},{"@type":"WebPage","@id":"https:\/\/lospoliticosveracruz.com\/?p=160106","url":"https:\/\/lospoliticosveracruz.com\/?p=160106","name":"NO SOMOS IGUALES - Los pol\u00edticos Veracruz","isPartOf":{"@id":"https:\/\/lospoliticosveracruz.com\/#website"},"primaryImageOfPage":{"@id":"https:\/\/lospoliticosveracruz.com\/?p=160106#primaryimage"},"image":{"@id":"https:\/\/lospoliticosveracruz.com\/?p=160106#primaryimage"},"thumbnailUrl":"https:\/\/lospoliticosveracruz.com\/wp-content\/uploads\/2025\/04\/Jose-Luis-Ortega-Vidal.jpg","datePublished":"2026-01-12T03:42:42+00:00","dateModified":"2026-01-12T03:42:43+00:00","breadcrumb":{"@id":"https:\/\/lospoliticosveracruz.com\/?p=160106#breadcrumb"},"inLanguage":"es","potentialAction":[{"@type":"ReadAction","target":["https:\/\/lospoliticosveracruz.com\/?p=160106"]}]},{"@type":"ImageObject","inLanguage":"es","@id":"https:\/\/lospoliticosveracruz.com\/?p=160106#primaryimage","url":"https:\/\/lospoliticosveracruz.com\/wp-content\/uploads\/2025\/04\/Jose-Luis-Ortega-Vidal.jpg","contentUrl":"https:\/\/lospoliticosveracruz.com\/wp-content\/uploads\/2025\/04\/Jose-Luis-Ortega-Vidal.jpg","width":1250,"height":667},{"@type":"BreadcrumbList","@id":"https:\/\/lospoliticosveracruz.com\/?p=160106#breadcrumb","itemListElement":[{"@type":"ListItem","position":1,"name":"Portada","item":"https:\/\/lospoliticosveracruz.com\/"},{"@type":"ListItem","position":2,"name":"NO SOMOS IGUALES"}]},{"@type":"WebSite","@id":"https:\/\/lospoliticosveracruz.com\/#website","url":"https:\/\/lospoliticosveracruz.com\/","name":"Los pol\u00edticos Veracruz","description":"","publisher":{"@id":"https:\/\/lospoliticosveracruz.com\/#organization"},"potentialAction":[{"@type":"SearchAction","target":{"@type":"EntryPoint","urlTemplate":"https:\/\/lospoliticosveracruz.com\/?s={search_term_string}"},"query-input":{"@type":"PropertyValueSpecification","valueRequired":true,"valueName":"search_term_string"}}],"inLanguage":"es"},{"@type":"Organization","@id":"https:\/\/lospoliticosveracruz.com\/#organization","name":"Los pol\u00edticos Veracruz","url":"https:\/\/lospoliticosveracruz.com\/","logo":{"@type":"ImageObject","inLanguage":"es","@id":"https:\/\/lospoliticosveracruz.com\/#\/schema\/logo\/image\/","url":"https:\/\/lospoliticosveracruz.com\/wp-content\/uploads\/2025\/12\/Logo-Nuevo-LOS-POLITICOS-1.jpg","contentUrl":"https:\/\/lospoliticosveracruz.com\/wp-content\/uploads\/2025\/12\/Logo-Nuevo-LOS-POLITICOS-1.jpg","width":260,"height":70,"caption":"Los pol\u00edticos Veracruz"},"image":{"@id":"https:\/\/lospoliticosveracruz.com\/#\/schema\/logo\/image\/"},"sameAs":["https:\/\/www.facebook.com\/people\/Notimemes-de-los-Polticos\/61565672886568\/","https:\/\/x.com\/LosPoliticosVer"]},{"@type":"Person","@id":"https:\/\/lospoliticosveracruz.com\/#\/schema\/person\/b8702bb0e538456e6efd07080bf2a4a2","name":"Lo viste en Los Pol\u00edticos","image":{"@type":"ImageObject","inLanguage":"es","@id":"https:\/\/secure.gravatar.com\/avatar\/3a8de04a2656d44082be478bd6c086daa447c4651605818287b9532d3d0bd435?s=96&d=mm&r=g","url":"https:\/\/secure.gravatar.com\/avatar\/3a8de04a2656d44082be478bd6c086daa447c4651605818287b9532d3d0bd435?s=96&d=mm&r=g","contentUrl":"https:\/\/secure.gravatar.com\/avatar\/3a8de04a2656d44082be478bd6c086daa447c4651605818287b9532d3d0bd435?s=96&d=mm&r=g","caption":"Lo viste en Los Pol\u00edticos"},"url":"https:\/\/lospoliticosveracruz.com\/?author=2"}]}},"_links":{"self":[{"href":"https:\/\/lospoliticosveracruz.com\/index.php?rest_route=\/wp\/v2\/posts\/160106","targetHints":{"allow":["GET"]}}],"collection":[{"href":"https:\/\/lospoliticosveracruz.com\/index.php?rest_route=\/wp\/v2\/posts"}],"about":[{"href":"https:\/\/lospoliticosveracruz.com\/index.php?rest_route=\/wp\/v2\/types\/post"}],"author":[{"embeddable":true,"href":"https:\/\/lospoliticosveracruz.com\/index.php?rest_route=\/wp\/v2\/users\/2"}],"replies":[{"embeddable":true,"href":"https:\/\/lospoliticosveracruz.com\/index.php?rest_route=%2Fwp%2Fv2%2Fcomments&post=160106"}],"version-history":[{"count":1,"href":"https:\/\/lospoliticosveracruz.com\/index.php?rest_route=\/wp\/v2\/posts\/160106\/revisions"}],"predecessor-version":[{"id":160107,"href":"https:\/\/lospoliticosveracruz.com\/index.php?rest_route=\/wp\/v2\/posts\/160106\/revisions\/160107"}],"wp:featuredmedia":[{"embeddable":true,"href":"https:\/\/lospoliticosveracruz.com\/index.php?rest_route=\/wp\/v2\/media\/141392"}],"wp:attachment":[{"href":"https:\/\/lospoliticosveracruz.com\/index.php?rest_route=%2Fwp%2Fv2%2Fmedia&parent=160106"}],"wp:term":[{"taxonomy":"category","embeddable":true,"href":"https:\/\/lospoliticosveracruz.com\/index.php?rest_route=%2Fwp%2Fv2%2Fcategories&post=160106"},{"taxonomy":"post_tag","embeddable":true,"href":"https:\/\/lospoliticosveracruz.com\/index.php?rest_route=%2Fwp%2Fv2%2Ftags&post=160106"}],"curies":[{"name":"wp","href":"https:\/\/api.w.org\/{rel}","templated":true}]}}