{"id":160111,"date":"2026-01-12T06:25:25","date_gmt":"2026-01-12T12:25:25","guid":{"rendered":"https:\/\/lospoliticosveracruz.com\/?p=160111"},"modified":"2026-01-12T06:25:26","modified_gmt":"2026-01-12T12:25:26","slug":"un-herrera-en-la-carrera","status":"publish","type":"post","link":"https:\/\/lospoliticosveracruz.com\/?p=160111","title":{"rendered":"UN HERRERA EN LA CARRERA"},"content":{"rendered":"\n<p><strong>Omar Z\u00fa\u00f1iga<\/strong><br><em>De Primera Mano<\/em><\/p>\n\n\n\n<p>La carrera por el 2027, a\u00f1o en que se renovar\u00e1n los diputados&nbsp;a los&nbsp;congresos local y federal, empez\u00f3 desde el a\u00f1o pasado,&nbsp;de hecho&nbsp;al otro d\u00eda de la&nbsp;jornada&nbsp;en que se eligieron las autoridades municipales que entraron en funciones el pasado 1 de enero.<\/p>\n\n\n\n<p>Sin embargo, muchos actores importantes esperaron a estabilizar embarcaciones para poder&nbsp;zarpar&nbsp;y decir&nbsp;\u201cesta boca es m\u00eda\u201d; este es precisamente el contexto en que en el Partido Verde ya se han puesto a chambear en serio.<\/p>\n\n\n\n<p><strong>Edgar Herrera Lendechy<\/strong>, l\u00edder del PVEM en Veracruz, ser\u00e1 el encargado de llevar la selecci\u00f3n de candidatos y negociar una eventual alianza con Morena, sin embargo,&nbsp;<strong>Herrera Lendechy<\/strong>&nbsp;dista mucho de ser el joven imberbe e inexperto que tom\u00f3 el PVEM como encargado.<\/p>\n\n\n\n<p>Edgar, sobrino de ese linaje cuenque\u00f1o que ha tenido en&nbsp;<strong>Fidel Herrera&nbsp;<\/strong><strong><em>T\u00edo Fide<\/em><\/strong>&nbsp;su m\u00e1ximo exponente, sabe muy bien c\u00f3mo jugar sus cartas.<\/p>\n\n\n\n<p>*****<\/p>\n\n\n\n<p>En esa claridad, sabe y lo dice sin cortapisas: \u00a1habr\u00e1 un Herrera en la carrera!<\/p>\n\n\n\n<p>As\u00ed sin m\u00e1s.<\/p>\n\n\n\n<p>Lo que a\u00fan no se sabe es si la candidatura ser\u00e1 federal o local.<\/p>\n\n\n\n<p>En esa claridad, tambi\u00e9n sabe tambi\u00e9n que&nbsp;<strong>Javier Herrera Borunda<\/strong>, hijo de T\u00edo Fide y Rosita, que juega en las grandes ligas del PVEM, lleva mano en la elecci\u00f3n de candidatos y ser\u00e1 \u00e9l quien decida si va o no a la elecci\u00f3n en la Cuenca del Papaloapan.<\/p>\n\n\n\n<p>Sin embargo, si Javier decide no ir&nbsp;a las urnas, Edgar&nbsp;s\u00ed&nbsp;lo har\u00e1&nbsp;y&nbsp;ser\u00e1 el candidato.<\/p>\n\n\n\n<p>Sabe que es el momento de&nbsp;aprovechar ese capital pol\u00edtico que a\u00fan existe, sobre todo en esa zona&nbsp;y va a actuar en ese sentido, aprovechando tambi\u00e9n la fuerza que ha tomado el PVEM en Veracruz.<\/p>\n\n\n\n<p>*****<\/p>\n\n\n\n<p>De la mano,&nbsp;en esta incipiente estrategia, est\u00e1 la conformaci\u00f3n de la Fundaci\u00f3n T\u00edo Fide que est\u00e1 a cargo de&nbsp;<strong>Rosa Herrera Borunda<\/strong>&nbsp;y que ha sumado a otrora personajes destacados del priismo veracruzano, como&nbsp;<strong>Tom\u00e1s Carrillo<\/strong>, tambi\u00e9n cuenque\u00f1o y que se ha desempe\u00f1ado en varios puestos de la funci\u00f3n p\u00fablica.<\/p>\n\n\n\n<p>*****<\/p>\n\n\n\n<p>En resumen,&nbsp;<strong>Edgar&nbsp;<\/strong><strong>Herrera<\/strong>&nbsp;se ech\u00f3 a cuestas la chamba de reactivar la fuerza pol\u00edtica del apellido que lleva encima, sin tenerlo como una carga, sino por el contrario, aprovecharlo como la&nbsp;gran oportunidad que representa y demostrar que la&nbsp;fuerza&nbsp;pol\u00edtica s\u00ed&nbsp;se puede heredar.<\/p>\n\n\n\n<p>\u00a1Qu\u00e9 barbaridad!<\/p>\n\n\n\n<p>deprimera.mano2020@gmail.com<\/p>\n","protected":false},"excerpt":{"rendered":"<p>Omar Z\u00fa\u00f1igaDe Primera Mano La carrera por el 2027, a\u00f1o en que se renovar\u00e1n los diputados&nbsp;a los&nbsp;congresos local y federal, empez\u00f3 desde el a\u00f1o pasado,&nbsp;de hecho&nbsp;al otro d\u00eda de la&nbsp;jornada&nbsp;en que se eligieron las autoridades municipales que entraron en funciones el pasado 1 de enero. Sin embargo, muchos actores importantes esperaron a estabilizar embarcaciones para [&hellip;]<\/p>\n","protected":false},"author":2,"featured_media":141427,"comment_status":"closed","ping_status":"closed","sticky":false,"template":"","format":"standard","meta":{"tdm_status":"","tdm_grid_status":"","footnotes":""},"categories":[70],"tags":[41751,1124,264,43158,2884],"class_list":{"0":"post-160111","1":"post","2":"type-post","3":"status-publish","4":"format-standard","5":"has-post-thumbnail","7":"category-de-opinion","8":"tag-edgar-herrera-lendechy","9":"tag-javier-herrera-borunda","10":"tag-pvem","11":"tag-rosa-herrera-borunda","12":"tag-tomas-carrillo-sanchez"},"yoast_head":"<!-- This site is optimized with the Yoast SEO plugin v27.4 - https:\/\/yoast.com\/product\/yoast-seo-wordpress\/ -->\n<title>UN HERRERA EN LA CARRERA - Los pol\u00edticos Veracruz<\/title>\n<meta name=\"robots\" content=\"index, follow, max-snippet:-1, max-image-preview:large, max-video-preview:-1\" \/>\n<link rel=\"canonical\" href=\"https:\/\/lospoliticosveracruz.com\/?p=160111\" \/>\n<meta property=\"og:locale\" content=\"es_ES\" \/>\n<meta property=\"og:type\" content=\"article\" \/>\n<meta property=\"og:title\" content=\"UN HERRERA EN LA CARRERA - Los pol\u00edticos Veracruz\" \/>\n<meta property=\"og:description\" content=\"Omar Z\u00fa\u00f1igaDe Primera Mano La carrera por el 2027, a\u00f1o en que se renovar\u00e1n los diputados&nbsp;a los&nbsp;congresos local y federal, empez\u00f3 desde el a\u00f1o pasado,&nbsp;de hecho&nbsp;al otro d\u00eda de la&nbsp;jornada&nbsp;en que se eligieron las autoridades municipales que entraron en funciones el pasado 1 de enero. Sin embargo, muchos actores importantes esperaron a estabilizar embarcaciones para [&hellip;]\" \/>\n<meta property=\"og:url\" content=\"https:\/\/lospoliticosveracruz.com\/?p=160111\" \/>\n<meta property=\"og:site_name\" content=\"Los pol\u00edticos Veracruz\" \/>\n<meta property=\"article:publisher\" content=\"https:\/\/www.facebook.com\/people\/Notimemes-de-los-Polticos\/61565672886568\/\" \/>\n<meta property=\"article:published_time\" content=\"2026-01-12T12:25:25+00:00\" \/>\n<meta property=\"article:modified_time\" content=\"2026-01-12T12:25:26+00:00\" \/>\n<meta property=\"og:image\" content=\"https:\/\/lospoliticosveracruz.com\/wp-content\/uploads\/2025\/04\/Omar-Zuniga.jpg\" \/>\n\t<meta property=\"og:image:width\" content=\"1250\" \/>\n\t<meta property=\"og:image:height\" content=\"667\" \/>\n\t<meta property=\"og:image:type\" content=\"image\/jpeg\" \/>\n<meta name=\"author\" content=\"Lo viste en Los Pol\u00edticos\" \/>\n<meta name=\"twitter:card\" content=\"summary_large_image\" \/>\n<meta name=\"twitter:creator\" content=\"@LosPoliticosVer\" \/>\n<meta name=\"twitter:site\" content=\"@LosPoliticosVer\" \/>\n<meta name=\"twitter:label1\" content=\"Escrito por\" \/>\n\t<meta name=\"twitter:data1\" content=\"Lo viste en Los Pol\u00edticos\" \/>\n\t<meta name=\"twitter:label2\" content=\"Tiempo de lectura\" \/>\n\t<meta name=\"twitter:data2\" content=\"3 minutos\" \/>\n<script type=\"application\/ld+json\" class=\"yoast-schema-graph\">{\"@context\":\"https:\\\/\\\/schema.org\",\"@graph\":[{\"@type\":\"Article\",\"@id\":\"https:\\\/\\\/lospoliticosveracruz.com\\\/?p=160111#article\",\"isPartOf\":{\"@id\":\"https:\\\/\\\/lospoliticosveracruz.com\\\/?p=160111\"},\"author\":{\"name\":\"Lo viste en Los Pol\u00edticos\",\"@id\":\"https:\\\/\\\/lospoliticosveracruz.com\\\/#\\\/schema\\\/person\\\/b8702bb0e538456e6efd07080bf2a4a2\"},\"headline\":\"UN HERRERA EN LA CARRERA\",\"datePublished\":\"2026-01-12T12:25:25+00:00\",\"dateModified\":\"2026-01-12T12:25:26+00:00\",\"mainEntityOfPage\":{\"@id\":\"https:\\\/\\\/lospoliticosveracruz.com\\\/?p=160111\"},\"wordCount\":462,\"publisher\":{\"@id\":\"https:\\\/\\\/lospoliticosveracruz.com\\\/#organization\"},\"image\":{\"@id\":\"https:\\\/\\\/lospoliticosveracruz.com\\\/?p=160111#primaryimage\"},\"thumbnailUrl\":\"https:\\\/\\\/lospoliticosveracruz.com\\\/wp-content\\\/uploads\\\/2025\\\/04\\\/Omar-Zuniga.jpg\",\"keywords\":[\"Edgar Herrera Lendechy\",\"Javier Herrera Borunda\",\"PVEM\",\"Rosa Herrera Borunda\",\"Tom\u00e1s Carrillo S\u00e1nchez\"],\"articleSection\":[\"De Opini\u00f3n\"],\"inLanguage\":\"es\"},{\"@type\":\"WebPage\",\"@id\":\"https:\\\/\\\/lospoliticosveracruz.com\\\/?p=160111\",\"url\":\"https:\\\/\\\/lospoliticosveracruz.com\\\/?p=160111\",\"name\":\"UN HERRERA EN LA CARRERA - Los pol\u00edticos Veracruz\",\"isPartOf\":{\"@id\":\"https:\\\/\\\/lospoliticosveracruz.com\\\/#website\"},\"primaryImageOfPage\":{\"@id\":\"https:\\\/\\\/lospoliticosveracruz.com\\\/?p=160111#primaryimage\"},\"image\":{\"@id\":\"https:\\\/\\\/lospoliticosveracruz.com\\\/?p=160111#primaryimage\"},\"thumbnailUrl\":\"https:\\\/\\\/lospoliticosveracruz.com\\\/wp-content\\\/uploads\\\/2025\\\/04\\\/Omar-Zuniga.jpg\",\"datePublished\":\"2026-01-12T12:25:25+00:00\",\"dateModified\":\"2026-01-12T12:25:26+00:00\",\"breadcrumb\":{\"@id\":\"https:\\\/\\\/lospoliticosveracruz.com\\\/?p=160111#breadcrumb\"},\"inLanguage\":\"es\",\"potentialAction\":[{\"@type\":\"ReadAction\",\"target\":[\"https:\\\/\\\/lospoliticosveracruz.com\\\/?p=160111\"]}]},{\"@type\":\"ImageObject\",\"inLanguage\":\"es\",\"@id\":\"https:\\\/\\\/lospoliticosveracruz.com\\\/?p=160111#primaryimage\",\"url\":\"https:\\\/\\\/lospoliticosveracruz.com\\\/wp-content\\\/uploads\\\/2025\\\/04\\\/Omar-Zuniga.jpg\",\"contentUrl\":\"https:\\\/\\\/lospoliticosveracruz.com\\\/wp-content\\\/uploads\\\/2025\\\/04\\\/Omar-Zuniga.jpg\",\"width\":1250,\"height\":667},{\"@type\":\"BreadcrumbList\",\"@id\":\"https:\\\/\\\/lospoliticosveracruz.com\\\/?p=160111#breadcrumb\",\"itemListElement\":[{\"@type\":\"ListItem\",\"position\":1,\"name\":\"Portada\",\"item\":\"https:\\\/\\\/lospoliticosveracruz.com\\\/\"},{\"@type\":\"ListItem\",\"position\":2,\"name\":\"UN HERRERA EN LA CARRERA\"}]},{\"@type\":\"WebSite\",\"@id\":\"https:\\\/\\\/lospoliticosveracruz.com\\\/#website\",\"url\":\"https:\\\/\\\/lospoliticosveracruz.com\\\/\",\"name\":\"Los pol\u00edticos Veracruz\",\"description\":\"\",\"publisher\":{\"@id\":\"https:\\\/\\\/lospoliticosveracruz.com\\\/#organization\"},\"potentialAction\":[{\"@type\":\"SearchAction\",\"target\":{\"@type\":\"EntryPoint\",\"urlTemplate\":\"https:\\\/\\\/lospoliticosveracruz.com\\\/?s={search_term_string}\"},\"query-input\":{\"@type\":\"PropertyValueSpecification\",\"valueRequired\":true,\"valueName\":\"search_term_string\"}}],\"inLanguage\":\"es\"},{\"@type\":\"Organization\",\"@id\":\"https:\\\/\\\/lospoliticosveracruz.com\\\/#organization\",\"name\":\"Los pol\u00edticos Veracruz\",\"url\":\"https:\\\/\\\/lospoliticosveracruz.com\\\/\",\"logo\":{\"@type\":\"ImageObject\",\"inLanguage\":\"es\",\"@id\":\"https:\\\/\\\/lospoliticosveracruz.com\\\/#\\\/schema\\\/logo\\\/image\\\/\",\"url\":\"https:\\\/\\\/lospoliticosveracruz.com\\\/wp-content\\\/uploads\\\/2025\\\/12\\\/Logo-Nuevo-LOS-POLITICOS-1.jpg\",\"contentUrl\":\"https:\\\/\\\/lospoliticosveracruz.com\\\/wp-content\\\/uploads\\\/2025\\\/12\\\/Logo-Nuevo-LOS-POLITICOS-1.jpg\",\"width\":260,\"height\":70,\"caption\":\"Los pol\u00edticos Veracruz\"},\"image\":{\"@id\":\"https:\\\/\\\/lospoliticosveracruz.com\\\/#\\\/schema\\\/logo\\\/image\\\/\"},\"sameAs\":[\"https:\\\/\\\/www.facebook.com\\\/people\\\/Notimemes-de-los-Polticos\\\/61565672886568\\\/\",\"https:\\\/\\\/x.com\\\/LosPoliticosVer\"]},{\"@type\":\"Person\",\"@id\":\"https:\\\/\\\/lospoliticosveracruz.com\\\/#\\\/schema\\\/person\\\/b8702bb0e538456e6efd07080bf2a4a2\",\"name\":\"Lo viste en Los Pol\u00edticos\",\"image\":{\"@type\":\"ImageObject\",\"inLanguage\":\"es\",\"@id\":\"https:\\\/\\\/secure.gravatar.com\\\/avatar\\\/3a8de04a2656d44082be478bd6c086daa447c4651605818287b9532d3d0bd435?s=96&d=mm&r=g\",\"url\":\"https:\\\/\\\/secure.gravatar.com\\\/avatar\\\/3a8de04a2656d44082be478bd6c086daa447c4651605818287b9532d3d0bd435?s=96&d=mm&r=g\",\"contentUrl\":\"https:\\\/\\\/secure.gravatar.com\\\/avatar\\\/3a8de04a2656d44082be478bd6c086daa447c4651605818287b9532d3d0bd435?s=96&d=mm&r=g\",\"caption\":\"Lo viste en Los Pol\u00edticos\"},\"url\":\"https:\\\/\\\/lospoliticosveracruz.com\\\/?author=2\"}]}<\/script>\n<!-- \/ Yoast SEO plugin. -->","yoast_head_json":{"title":"UN HERRERA EN LA CARRERA - Los pol\u00edticos Veracruz","robots":{"index":"index","follow":"follow","max-snippet":"max-snippet:-1","max-image-preview":"max-image-preview:large","max-video-preview":"max-video-preview:-1"},"canonical":"https:\/\/lospoliticosveracruz.com\/?p=160111","og_locale":"es_ES","og_type":"article","og_title":"UN HERRERA EN LA CARRERA - Los pol\u00edticos Veracruz","og_description":"Omar Z\u00fa\u00f1igaDe Primera Mano La carrera por el 2027, a\u00f1o en que se renovar\u00e1n los diputados&nbsp;a los&nbsp;congresos local y federal, empez\u00f3 desde el a\u00f1o pasado,&nbsp;de hecho&nbsp;al otro d\u00eda de la&nbsp;jornada&nbsp;en que se eligieron las autoridades municipales que entraron en funciones el pasado 1 de enero. Sin embargo, muchos actores importantes esperaron a estabilizar embarcaciones para [&hellip;]","og_url":"https:\/\/lospoliticosveracruz.com\/?p=160111","og_site_name":"Los pol\u00edticos Veracruz","article_publisher":"https:\/\/www.facebook.com\/people\/Notimemes-de-los-Polticos\/61565672886568\/","article_published_time":"2026-01-12T12:25:25+00:00","article_modified_time":"2026-01-12T12:25:26+00:00","og_image":[{"width":1250,"height":667,"url":"https:\/\/lospoliticosveracruz.com\/wp-content\/uploads\/2025\/04\/Omar-Zuniga.jpg","type":"image\/jpeg"}],"author":"Lo viste en Los Pol\u00edticos","twitter_card":"summary_large_image","twitter_creator":"@LosPoliticosVer","twitter_site":"@LosPoliticosVer","twitter_misc":{"Escrito por":"Lo viste en Los Pol\u00edticos","Tiempo de lectura":"3 minutos"},"schema":{"@context":"https:\/\/schema.org","@graph":[{"@type":"Article","@id":"https:\/\/lospoliticosveracruz.com\/?p=160111#article","isPartOf":{"@id":"https:\/\/lospoliticosveracruz.com\/?p=160111"},"author":{"name":"Lo viste en Los Pol\u00edticos","@id":"https:\/\/lospoliticosveracruz.com\/#\/schema\/person\/b8702bb0e538456e6efd07080bf2a4a2"},"headline":"UN HERRERA EN LA CARRERA","datePublished":"2026-01-12T12:25:25+00:00","dateModified":"2026-01-12T12:25:26+00:00","mainEntityOfPage":{"@id":"https:\/\/lospoliticosveracruz.com\/?p=160111"},"wordCount":462,"publisher":{"@id":"https:\/\/lospoliticosveracruz.com\/#organization"},"image":{"@id":"https:\/\/lospoliticosveracruz.com\/?p=160111#primaryimage"},"thumbnailUrl":"https:\/\/lospoliticosveracruz.com\/wp-content\/uploads\/2025\/04\/Omar-Zuniga.jpg","keywords":["Edgar Herrera Lendechy","Javier Herrera Borunda","PVEM","Rosa Herrera Borunda","Tom\u00e1s Carrillo S\u00e1nchez"],"articleSection":["De Opini\u00f3n"],"inLanguage":"es"},{"@type":"WebPage","@id":"https:\/\/lospoliticosveracruz.com\/?p=160111","url":"https:\/\/lospoliticosveracruz.com\/?p=160111","name":"UN HERRERA EN LA CARRERA - Los pol\u00edticos Veracruz","isPartOf":{"@id":"https:\/\/lospoliticosveracruz.com\/#website"},"primaryImageOfPage":{"@id":"https:\/\/lospoliticosveracruz.com\/?p=160111#primaryimage"},"image":{"@id":"https:\/\/lospoliticosveracruz.com\/?p=160111#primaryimage"},"thumbnailUrl":"https:\/\/lospoliticosveracruz.com\/wp-content\/uploads\/2025\/04\/Omar-Zuniga.jpg","datePublished":"2026-01-12T12:25:25+00:00","dateModified":"2026-01-12T12:25:26+00:00","breadcrumb":{"@id":"https:\/\/lospoliticosveracruz.com\/?p=160111#breadcrumb"},"inLanguage":"es","potentialAction":[{"@type":"ReadAction","target":["https:\/\/lospoliticosveracruz.com\/?p=160111"]}]},{"@type":"ImageObject","inLanguage":"es","@id":"https:\/\/lospoliticosveracruz.com\/?p=160111#primaryimage","url":"https:\/\/lospoliticosveracruz.com\/wp-content\/uploads\/2025\/04\/Omar-Zuniga.jpg","contentUrl":"https:\/\/lospoliticosveracruz.com\/wp-content\/uploads\/2025\/04\/Omar-Zuniga.jpg","width":1250,"height":667},{"@type":"BreadcrumbList","@id":"https:\/\/lospoliticosveracruz.com\/?p=160111#breadcrumb","itemListElement":[{"@type":"ListItem","position":1,"name":"Portada","item":"https:\/\/lospoliticosveracruz.com\/"},{"@type":"ListItem","position":2,"name":"UN HERRERA EN LA CARRERA"}]},{"@type":"WebSite","@id":"https:\/\/lospoliticosveracruz.com\/#website","url":"https:\/\/lospoliticosveracruz.com\/","name":"Los pol\u00edticos Veracruz","description":"","publisher":{"@id":"https:\/\/lospoliticosveracruz.com\/#organization"},"potentialAction":[{"@type":"SearchAction","target":{"@type":"EntryPoint","urlTemplate":"https:\/\/lospoliticosveracruz.com\/?s={search_term_string}"},"query-input":{"@type":"PropertyValueSpecification","valueRequired":true,"valueName":"search_term_string"}}],"inLanguage":"es"},{"@type":"Organization","@id":"https:\/\/lospoliticosveracruz.com\/#organization","name":"Los pol\u00edticos Veracruz","url":"https:\/\/lospoliticosveracruz.com\/","logo":{"@type":"ImageObject","inLanguage":"es","@id":"https:\/\/lospoliticosveracruz.com\/#\/schema\/logo\/image\/","url":"https:\/\/lospoliticosveracruz.com\/wp-content\/uploads\/2025\/12\/Logo-Nuevo-LOS-POLITICOS-1.jpg","contentUrl":"https:\/\/lospoliticosveracruz.com\/wp-content\/uploads\/2025\/12\/Logo-Nuevo-LOS-POLITICOS-1.jpg","width":260,"height":70,"caption":"Los pol\u00edticos Veracruz"},"image":{"@id":"https:\/\/lospoliticosveracruz.com\/#\/schema\/logo\/image\/"},"sameAs":["https:\/\/www.facebook.com\/people\/Notimemes-de-los-Polticos\/61565672886568\/","https:\/\/x.com\/LosPoliticosVer"]},{"@type":"Person","@id":"https:\/\/lospoliticosveracruz.com\/#\/schema\/person\/b8702bb0e538456e6efd07080bf2a4a2","name":"Lo viste en Los Pol\u00edticos","image":{"@type":"ImageObject","inLanguage":"es","@id":"https:\/\/secure.gravatar.com\/avatar\/3a8de04a2656d44082be478bd6c086daa447c4651605818287b9532d3d0bd435?s=96&d=mm&r=g","url":"https:\/\/secure.gravatar.com\/avatar\/3a8de04a2656d44082be478bd6c086daa447c4651605818287b9532d3d0bd435?s=96&d=mm&r=g","contentUrl":"https:\/\/secure.gravatar.com\/avatar\/3a8de04a2656d44082be478bd6c086daa447c4651605818287b9532d3d0bd435?s=96&d=mm&r=g","caption":"Lo viste en Los Pol\u00edticos"},"url":"https:\/\/lospoliticosveracruz.com\/?author=2"}]}},"_links":{"self":[{"href":"https:\/\/lospoliticosveracruz.com\/index.php?rest_route=\/wp\/v2\/posts\/160111","targetHints":{"allow":["GET"]}}],"collection":[{"href":"https:\/\/lospoliticosveracruz.com\/index.php?rest_route=\/wp\/v2\/posts"}],"about":[{"href":"https:\/\/lospoliticosveracruz.com\/index.php?rest_route=\/wp\/v2\/types\/post"}],"author":[{"embeddable":true,"href":"https:\/\/lospoliticosveracruz.com\/index.php?rest_route=\/wp\/v2\/users\/2"}],"replies":[{"embeddable":true,"href":"https:\/\/lospoliticosveracruz.com\/index.php?rest_route=%2Fwp%2Fv2%2Fcomments&post=160111"}],"version-history":[{"count":1,"href":"https:\/\/lospoliticosveracruz.com\/index.php?rest_route=\/wp\/v2\/posts\/160111\/revisions"}],"predecessor-version":[{"id":160112,"href":"https:\/\/lospoliticosveracruz.com\/index.php?rest_route=\/wp\/v2\/posts\/160111\/revisions\/160112"}],"wp:featuredmedia":[{"embeddable":true,"href":"https:\/\/lospoliticosveracruz.com\/index.php?rest_route=\/wp\/v2\/media\/141427"}],"wp:attachment":[{"href":"https:\/\/lospoliticosveracruz.com\/index.php?rest_route=%2Fwp%2Fv2%2Fmedia&parent=160111"}],"wp:term":[{"taxonomy":"category","embeddable":true,"href":"https:\/\/lospoliticosveracruz.com\/index.php?rest_route=%2Fwp%2Fv2%2Fcategories&post=160111"},{"taxonomy":"post_tag","embeddable":true,"href":"https:\/\/lospoliticosveracruz.com\/index.php?rest_route=%2Fwp%2Fv2%2Ftags&post=160111"}],"curies":[{"name":"wp","href":"https:\/\/api.w.org\/{rel}","templated":true}]}}