{"id":160149,"date":"2026-01-12T11:30:29","date_gmt":"2026-01-12T17:30:29","guid":{"rendered":"https:\/\/lospoliticosveracruz.com\/?p=160149"},"modified":"2026-01-12T11:30:30","modified_gmt":"2026-01-12T17:30:30","slug":"los-negrean","status":"publish","type":"post","link":"https:\/\/lospoliticosveracruz.com\/?p=160149","title":{"rendered":"LOS NEGREAN!"},"content":{"rendered":"\n<p>S\u00edguenos ahora tambi\u00e9n en WhatsApp.\u00a0\u00a1<a href=\"https:\/\/whatsapp.com\/channel\/0029Va8zRWlEKyZIP3Z1dF0e\"><strong>Da clic aqu\u00ed<\/strong><\/a><strong>!<\/strong><\/p>\n\n\n\n<p><\/p>\n\n\n\n<p><strong>\u00c1ngeles Gonz\u00e1lez Ceballos<\/strong><\/p>\n\n\n\n<p>Educadores comunitarios del Consejo Nacional de Fomento Educativo (CONAFE), quienes atienden comunidades de alta y muy alta marginaci\u00f3n en distintas regiones de la Entidad, protestaron este lunes afuera del Teatro del Estado, por las precarias condiciones labores y la falta de prestaciones justas.<\/p>\n\n\n\n<p>Si bien llegaron s\u00f3lo de comunidades de la regi\u00f3n de Xalapa, aseguraron que la movilizaci\u00f3n es de car\u00e1cter estatal, con paros simult\u00e1neos en las regiones norte, centro y sur de la Entidad.<\/p>\n\n\n\n<p>\u00c1ngel Daniel Cuevas Flores, uno de los inconformes, explic\u00f3 que desde diciembre del a\u00f1o pasado nivel nacional se les prometi\u00f3 un bono navide\u00f1o equivalente a un aguinaldo, pero no fue pagado conforme a lo esperado.<\/p>\n\n\n\n<p>Refiri\u00f3 que se estableci\u00f3 un convenio de apoyo dependiente del presupuesto federal, pero \u00e9ste fue recortado de manera considerable, generando inconformidad entre los educadores.<\/p>\n\n\n\n<p>Sostuvo que los ingresos que perciben actualmente son insuficientes para cubrir sus necesidades b\u00e1sicas, a pesar de que su labor es catalogada oficialmente como \u201cservicio social voluntario\u201d.<\/p>\n\n\n\n<p>\u201cEn la pr\u00e1ctica no puede llamarse servicio social cuando realizamos jornadas de 13 o 14 horas diarias, incluso fines de semana, adem\u00e1s de una fuerte carga administrativa y trabajo directo con las comunidades, escuelas y padres de familia\u201d, se\u00f1al\u00f3.<\/p>\n\n\n\n<p>Expuso que ellos atienden comunidades de alta y muy alta marginaci\u00f3n en distintas regiones del Estado, por lo que es necesaria la revaloraci\u00f3n de su trabajo y una remuneraci\u00f3n justa acorde a las responsabilidades que desempe\u00f1an.<\/p>\n\n\n\n<p>Por otra parte, solicitaron de respaldo de las coordinaciones regionales y de la gobernadora Roc\u00edo Nahle Garc\u00eda para que se les garantice por escrito que no habr\u00e1 represalias por la protesta.<\/p>\n\n\n\n<p>Y es que sus convenios permite rescindir el contrato en cualquier momento al considerarse una labor voluntaria y tienen miedo de perder su trabajo.<\/p>\n","protected":false},"excerpt":{"rendered":"<p>\u00c1ngeles Gonz\u00e1lez Ceballos Educadores comunitarios del Consejo Nacional de Fomento Educativo (CONAFE), quienes atienden comunidades de alta y muy alta marginaci\u00f3n en distintas regiones de la Entidad, protestaron este lunes afuera del Teatro del Estado, por las precarias condiciones labores y la falta de prestaciones justas. Si bien llegaron s\u00f3lo de comunidades de la regi\u00f3n [&hellip;]<\/p>\n","protected":false},"author":2,"featured_media":160146,"comment_status":"closed","ping_status":"closed","sticky":false,"template":"","format":"standard","meta":{"tdm_status":"","tdm_grid_status":"","footnotes":""},"categories":[6446],"tags":[49589,49588,49585,49586,49584,49587,49590],"class_list":{"0":"post-160149","1":"post","2":"type-post","3":"status-publish","4":"format-standard","5":"has-post-thumbnail","7":"category-la-nota","8":"tag-angel-daniel-cuevas-flores-conafe-xalapa","9":"tag-condiciones-laborales-conafe-alta-marginacion","10":"tag-exigencia-aguinaldo-conafe-2026","11":"tag-paros-conafe-veracruz-regiones-norte-sur","12":"tag-protesta-educadores-comunitarios-conafe-veracruz","13":"tag-rocio-nahle-apoyo-educadores-comunitarios","14":"tag-servicio-social-voluntario-conafe-salarios-justos"},"yoast_head":"<!-- This site is optimized with the Yoast SEO plugin v27.4 - https:\/\/yoast.com\/product\/yoast-seo-wordpress\/ -->\n<title>LOS NEGREAN! - Los pol\u00edticos Veracruz<\/title>\n<meta name=\"robots\" content=\"index, follow, max-snippet:-1, max-image-preview:large, max-video-preview:-1\" \/>\n<link rel=\"canonical\" href=\"https:\/\/lospoliticosveracruz.com\/?p=160149\" \/>\n<meta property=\"og:locale\" content=\"es_ES\" \/>\n<meta property=\"og:type\" content=\"article\" \/>\n<meta property=\"og:title\" content=\"LOS NEGREAN! - Los pol\u00edticos Veracruz\" \/>\n<meta property=\"og:description\" content=\"\u00c1ngeles Gonz\u00e1lez Ceballos Educadores comunitarios del Consejo Nacional de Fomento Educativo (CONAFE), quienes atienden comunidades de alta y muy alta marginaci\u00f3n en distintas regiones de la Entidad, protestaron este lunes afuera del Teatro del Estado, por las precarias condiciones labores y la falta de prestaciones justas. Si bien llegaron s\u00f3lo de comunidades de la regi\u00f3n [&hellip;]\" \/>\n<meta property=\"og:url\" content=\"https:\/\/lospoliticosveracruz.com\/?p=160149\" \/>\n<meta property=\"og:site_name\" content=\"Los pol\u00edticos Veracruz\" \/>\n<meta property=\"article:publisher\" content=\"https:\/\/www.facebook.com\/people\/Notimemes-de-los-Polticos\/61565672886568\/\" \/>\n<meta property=\"article:published_time\" content=\"2026-01-12T17:30:29+00:00\" \/>\n<meta property=\"article:modified_time\" content=\"2026-01-12T17:30:30+00:00\" \/>\n<meta property=\"og:image\" content=\"https:\/\/lospoliticosveracruz.com\/wp-content\/uploads\/2026\/01\/educadores-comunitarios.jpeg\" \/>\n\t<meta property=\"og:image:width\" content=\"600\" \/>\n\t<meta property=\"og:image:height\" content=\"320\" \/>\n\t<meta property=\"og:image:type\" content=\"image\/jpeg\" \/>\n<meta name=\"author\" content=\"Lo viste en Los Pol\u00edticos\" \/>\n<meta name=\"twitter:card\" content=\"summary_large_image\" \/>\n<meta name=\"twitter:creator\" content=\"@LosPoliticosVer\" \/>\n<meta name=\"twitter:site\" content=\"@LosPoliticosVer\" \/>\n<meta name=\"twitter:label1\" content=\"Escrito por\" \/>\n\t<meta name=\"twitter:data1\" content=\"Lo viste en Los Pol\u00edticos\" \/>\n\t<meta name=\"twitter:label2\" content=\"Tiempo de lectura\" \/>\n\t<meta name=\"twitter:data2\" content=\"2 minutos\" \/>\n<script type=\"application\/ld+json\" class=\"yoast-schema-graph\">{\"@context\":\"https:\\\/\\\/schema.org\",\"@graph\":[{\"@type\":\"Article\",\"@id\":\"https:\\\/\\\/lospoliticosveracruz.com\\\/?p=160149#article\",\"isPartOf\":{\"@id\":\"https:\\\/\\\/lospoliticosveracruz.com\\\/?p=160149\"},\"author\":{\"name\":\"Lo viste en Los Pol\u00edticos\",\"@id\":\"https:\\\/\\\/lospoliticosveracruz.com\\\/#\\\/schema\\\/person\\\/b8702bb0e538456e6efd07080bf2a4a2\"},\"headline\":\"LOS NEGREAN!\",\"datePublished\":\"2026-01-12T17:30:29+00:00\",\"dateModified\":\"2026-01-12T17:30:30+00:00\",\"mainEntityOfPage\":{\"@id\":\"https:\\\/\\\/lospoliticosveracruz.com\\\/?p=160149\"},\"wordCount\":313,\"publisher\":{\"@id\":\"https:\\\/\\\/lospoliticosveracruz.com\\\/#organization\"},\"image\":{\"@id\":\"https:\\\/\\\/lospoliticosveracruz.com\\\/?p=160149#primaryimage\"},\"thumbnailUrl\":\"https:\\\/\\\/lospoliticosveracruz.com\\\/wp-content\\\/uploads\\\/2026\\\/01\\\/educadores-comunitarios.jpeg\",\"keywords\":[\"\u00c1ngel Daniel Cuevas Flores CONAFE Xalapa\",\"Condiciones laborales CONAFE alta marginaci\u00f3n\",\"Exigencia aguinaldo CONAFE 2026\",\"Paros CONAFE Veracruz regiones norte sur\",\"Protesta educadores comunitarios CONAFE Veracruz\",\"Roc\u00edo Nahle apoyo educadores comunitarios\",\"Servicio social voluntario CONAFE salarios justos\"],\"articleSection\":[\"La Nota\"],\"inLanguage\":\"es\"},{\"@type\":\"WebPage\",\"@id\":\"https:\\\/\\\/lospoliticosveracruz.com\\\/?p=160149\",\"url\":\"https:\\\/\\\/lospoliticosveracruz.com\\\/?p=160149\",\"name\":\"LOS NEGREAN! - Los pol\u00edticos Veracruz\",\"isPartOf\":{\"@id\":\"https:\\\/\\\/lospoliticosveracruz.com\\\/#website\"},\"primaryImageOfPage\":{\"@id\":\"https:\\\/\\\/lospoliticosveracruz.com\\\/?p=160149#primaryimage\"},\"image\":{\"@id\":\"https:\\\/\\\/lospoliticosveracruz.com\\\/?p=160149#primaryimage\"},\"thumbnailUrl\":\"https:\\\/\\\/lospoliticosveracruz.com\\\/wp-content\\\/uploads\\\/2026\\\/01\\\/educadores-comunitarios.jpeg\",\"datePublished\":\"2026-01-12T17:30:29+00:00\",\"dateModified\":\"2026-01-12T17:30:30+00:00\",\"breadcrumb\":{\"@id\":\"https:\\\/\\\/lospoliticosveracruz.com\\\/?p=160149#breadcrumb\"},\"inLanguage\":\"es\",\"potentialAction\":[{\"@type\":\"ReadAction\",\"target\":[\"https:\\\/\\\/lospoliticosveracruz.com\\\/?p=160149\"]}]},{\"@type\":\"ImageObject\",\"inLanguage\":\"es\",\"@id\":\"https:\\\/\\\/lospoliticosveracruz.com\\\/?p=160149#primaryimage\",\"url\":\"https:\\\/\\\/lospoliticosveracruz.com\\\/wp-content\\\/uploads\\\/2026\\\/01\\\/educadores-comunitarios.jpeg\",\"contentUrl\":\"https:\\\/\\\/lospoliticosveracruz.com\\\/wp-content\\\/uploads\\\/2026\\\/01\\\/educadores-comunitarios.jpeg\",\"width\":600,\"height\":320},{\"@type\":\"BreadcrumbList\",\"@id\":\"https:\\\/\\\/lospoliticosveracruz.com\\\/?p=160149#breadcrumb\",\"itemListElement\":[{\"@type\":\"ListItem\",\"position\":1,\"name\":\"Portada\",\"item\":\"https:\\\/\\\/lospoliticosveracruz.com\\\/\"},{\"@type\":\"ListItem\",\"position\":2,\"name\":\"LOS NEGREAN!\"}]},{\"@type\":\"WebSite\",\"@id\":\"https:\\\/\\\/lospoliticosveracruz.com\\\/#website\",\"url\":\"https:\\\/\\\/lospoliticosveracruz.com\\\/\",\"name\":\"Los pol\u00edticos Veracruz\",\"description\":\"\",\"publisher\":{\"@id\":\"https:\\\/\\\/lospoliticosveracruz.com\\\/#organization\"},\"potentialAction\":[{\"@type\":\"SearchAction\",\"target\":{\"@type\":\"EntryPoint\",\"urlTemplate\":\"https:\\\/\\\/lospoliticosveracruz.com\\\/?s={search_term_string}\"},\"query-input\":{\"@type\":\"PropertyValueSpecification\",\"valueRequired\":true,\"valueName\":\"search_term_string\"}}],\"inLanguage\":\"es\"},{\"@type\":\"Organization\",\"@id\":\"https:\\\/\\\/lospoliticosveracruz.com\\\/#organization\",\"name\":\"Los pol\u00edticos Veracruz\",\"url\":\"https:\\\/\\\/lospoliticosveracruz.com\\\/\",\"logo\":{\"@type\":\"ImageObject\",\"inLanguage\":\"es\",\"@id\":\"https:\\\/\\\/lospoliticosveracruz.com\\\/#\\\/schema\\\/logo\\\/image\\\/\",\"url\":\"https:\\\/\\\/lospoliticosveracruz.com\\\/wp-content\\\/uploads\\\/2025\\\/12\\\/Logo-Nuevo-LOS-POLITICOS-1.jpg\",\"contentUrl\":\"https:\\\/\\\/lospoliticosveracruz.com\\\/wp-content\\\/uploads\\\/2025\\\/12\\\/Logo-Nuevo-LOS-POLITICOS-1.jpg\",\"width\":260,\"height\":70,\"caption\":\"Los pol\u00edticos Veracruz\"},\"image\":{\"@id\":\"https:\\\/\\\/lospoliticosveracruz.com\\\/#\\\/schema\\\/logo\\\/image\\\/\"},\"sameAs\":[\"https:\\\/\\\/www.facebook.com\\\/people\\\/Notimemes-de-los-Polticos\\\/61565672886568\\\/\",\"https:\\\/\\\/x.com\\\/LosPoliticosVer\"]},{\"@type\":\"Person\",\"@id\":\"https:\\\/\\\/lospoliticosveracruz.com\\\/#\\\/schema\\\/person\\\/b8702bb0e538456e6efd07080bf2a4a2\",\"name\":\"Lo viste en Los Pol\u00edticos\",\"image\":{\"@type\":\"ImageObject\",\"inLanguage\":\"es\",\"@id\":\"https:\\\/\\\/secure.gravatar.com\\\/avatar\\\/3a8de04a2656d44082be478bd6c086daa447c4651605818287b9532d3d0bd435?s=96&d=mm&r=g\",\"url\":\"https:\\\/\\\/secure.gravatar.com\\\/avatar\\\/3a8de04a2656d44082be478bd6c086daa447c4651605818287b9532d3d0bd435?s=96&d=mm&r=g\",\"contentUrl\":\"https:\\\/\\\/secure.gravatar.com\\\/avatar\\\/3a8de04a2656d44082be478bd6c086daa447c4651605818287b9532d3d0bd435?s=96&d=mm&r=g\",\"caption\":\"Lo viste en Los Pol\u00edticos\"},\"url\":\"https:\\\/\\\/lospoliticosveracruz.com\\\/?author=2\"}]}<\/script>\n<!-- \/ Yoast SEO plugin. -->","yoast_head_json":{"title":"LOS NEGREAN! - Los pol\u00edticos Veracruz","robots":{"index":"index","follow":"follow","max-snippet":"max-snippet:-1","max-image-preview":"max-image-preview:large","max-video-preview":"max-video-preview:-1"},"canonical":"https:\/\/lospoliticosveracruz.com\/?p=160149","og_locale":"es_ES","og_type":"article","og_title":"LOS NEGREAN! - Los pol\u00edticos Veracruz","og_description":"\u00c1ngeles Gonz\u00e1lez Ceballos Educadores comunitarios del Consejo Nacional de Fomento Educativo (CONAFE), quienes atienden comunidades de alta y muy alta marginaci\u00f3n en distintas regiones de la Entidad, protestaron este lunes afuera del Teatro del Estado, por las precarias condiciones labores y la falta de prestaciones justas. Si bien llegaron s\u00f3lo de comunidades de la regi\u00f3n [&hellip;]","og_url":"https:\/\/lospoliticosveracruz.com\/?p=160149","og_site_name":"Los pol\u00edticos Veracruz","article_publisher":"https:\/\/www.facebook.com\/people\/Notimemes-de-los-Polticos\/61565672886568\/","article_published_time":"2026-01-12T17:30:29+00:00","article_modified_time":"2026-01-12T17:30:30+00:00","og_image":[{"width":600,"height":320,"url":"https:\/\/lospoliticosveracruz.com\/wp-content\/uploads\/2026\/01\/educadores-comunitarios.jpeg","type":"image\/jpeg"}],"author":"Lo viste en Los Pol\u00edticos","twitter_card":"summary_large_image","twitter_creator":"@LosPoliticosVer","twitter_site":"@LosPoliticosVer","twitter_misc":{"Escrito por":"Lo viste en Los Pol\u00edticos","Tiempo de lectura":"2 minutos"},"schema":{"@context":"https:\/\/schema.org","@graph":[{"@type":"Article","@id":"https:\/\/lospoliticosveracruz.com\/?p=160149#article","isPartOf":{"@id":"https:\/\/lospoliticosveracruz.com\/?p=160149"},"author":{"name":"Lo viste en Los Pol\u00edticos","@id":"https:\/\/lospoliticosveracruz.com\/#\/schema\/person\/b8702bb0e538456e6efd07080bf2a4a2"},"headline":"LOS NEGREAN!","datePublished":"2026-01-12T17:30:29+00:00","dateModified":"2026-01-12T17:30:30+00:00","mainEntityOfPage":{"@id":"https:\/\/lospoliticosveracruz.com\/?p=160149"},"wordCount":313,"publisher":{"@id":"https:\/\/lospoliticosveracruz.com\/#organization"},"image":{"@id":"https:\/\/lospoliticosveracruz.com\/?p=160149#primaryimage"},"thumbnailUrl":"https:\/\/lospoliticosveracruz.com\/wp-content\/uploads\/2026\/01\/educadores-comunitarios.jpeg","keywords":["\u00c1ngel Daniel Cuevas Flores CONAFE Xalapa","Condiciones laborales CONAFE alta marginaci\u00f3n","Exigencia aguinaldo CONAFE 2026","Paros CONAFE Veracruz regiones norte sur","Protesta educadores comunitarios CONAFE Veracruz","Roc\u00edo Nahle apoyo educadores comunitarios","Servicio social voluntario CONAFE salarios justos"],"articleSection":["La Nota"],"inLanguage":"es"},{"@type":"WebPage","@id":"https:\/\/lospoliticosveracruz.com\/?p=160149","url":"https:\/\/lospoliticosveracruz.com\/?p=160149","name":"LOS NEGREAN! - Los pol\u00edticos Veracruz","isPartOf":{"@id":"https:\/\/lospoliticosveracruz.com\/#website"},"primaryImageOfPage":{"@id":"https:\/\/lospoliticosveracruz.com\/?p=160149#primaryimage"},"image":{"@id":"https:\/\/lospoliticosveracruz.com\/?p=160149#primaryimage"},"thumbnailUrl":"https:\/\/lospoliticosveracruz.com\/wp-content\/uploads\/2026\/01\/educadores-comunitarios.jpeg","datePublished":"2026-01-12T17:30:29+00:00","dateModified":"2026-01-12T17:30:30+00:00","breadcrumb":{"@id":"https:\/\/lospoliticosveracruz.com\/?p=160149#breadcrumb"},"inLanguage":"es","potentialAction":[{"@type":"ReadAction","target":["https:\/\/lospoliticosveracruz.com\/?p=160149"]}]},{"@type":"ImageObject","inLanguage":"es","@id":"https:\/\/lospoliticosveracruz.com\/?p=160149#primaryimage","url":"https:\/\/lospoliticosveracruz.com\/wp-content\/uploads\/2026\/01\/educadores-comunitarios.jpeg","contentUrl":"https:\/\/lospoliticosveracruz.com\/wp-content\/uploads\/2026\/01\/educadores-comunitarios.jpeg","width":600,"height":320},{"@type":"BreadcrumbList","@id":"https:\/\/lospoliticosveracruz.com\/?p=160149#breadcrumb","itemListElement":[{"@type":"ListItem","position":1,"name":"Portada","item":"https:\/\/lospoliticosveracruz.com\/"},{"@type":"ListItem","position":2,"name":"LOS NEGREAN!"}]},{"@type":"WebSite","@id":"https:\/\/lospoliticosveracruz.com\/#website","url":"https:\/\/lospoliticosveracruz.com\/","name":"Los pol\u00edticos Veracruz","description":"","publisher":{"@id":"https:\/\/lospoliticosveracruz.com\/#organization"},"potentialAction":[{"@type":"SearchAction","target":{"@type":"EntryPoint","urlTemplate":"https:\/\/lospoliticosveracruz.com\/?s={search_term_string}"},"query-input":{"@type":"PropertyValueSpecification","valueRequired":true,"valueName":"search_term_string"}}],"inLanguage":"es"},{"@type":"Organization","@id":"https:\/\/lospoliticosveracruz.com\/#organization","name":"Los pol\u00edticos Veracruz","url":"https:\/\/lospoliticosveracruz.com\/","logo":{"@type":"ImageObject","inLanguage":"es","@id":"https:\/\/lospoliticosveracruz.com\/#\/schema\/logo\/image\/","url":"https:\/\/lospoliticosveracruz.com\/wp-content\/uploads\/2025\/12\/Logo-Nuevo-LOS-POLITICOS-1.jpg","contentUrl":"https:\/\/lospoliticosveracruz.com\/wp-content\/uploads\/2025\/12\/Logo-Nuevo-LOS-POLITICOS-1.jpg","width":260,"height":70,"caption":"Los pol\u00edticos Veracruz"},"image":{"@id":"https:\/\/lospoliticosveracruz.com\/#\/schema\/logo\/image\/"},"sameAs":["https:\/\/www.facebook.com\/people\/Notimemes-de-los-Polticos\/61565672886568\/","https:\/\/x.com\/LosPoliticosVer"]},{"@type":"Person","@id":"https:\/\/lospoliticosveracruz.com\/#\/schema\/person\/b8702bb0e538456e6efd07080bf2a4a2","name":"Lo viste en Los Pol\u00edticos","image":{"@type":"ImageObject","inLanguage":"es","@id":"https:\/\/secure.gravatar.com\/avatar\/3a8de04a2656d44082be478bd6c086daa447c4651605818287b9532d3d0bd435?s=96&d=mm&r=g","url":"https:\/\/secure.gravatar.com\/avatar\/3a8de04a2656d44082be478bd6c086daa447c4651605818287b9532d3d0bd435?s=96&d=mm&r=g","contentUrl":"https:\/\/secure.gravatar.com\/avatar\/3a8de04a2656d44082be478bd6c086daa447c4651605818287b9532d3d0bd435?s=96&d=mm&r=g","caption":"Lo viste en Los Pol\u00edticos"},"url":"https:\/\/lospoliticosveracruz.com\/?author=2"}]}},"_links":{"self":[{"href":"https:\/\/lospoliticosveracruz.com\/index.php?rest_route=\/wp\/v2\/posts\/160149","targetHints":{"allow":["GET"]}}],"collection":[{"href":"https:\/\/lospoliticosveracruz.com\/index.php?rest_route=\/wp\/v2\/posts"}],"about":[{"href":"https:\/\/lospoliticosveracruz.com\/index.php?rest_route=\/wp\/v2\/types\/post"}],"author":[{"embeddable":true,"href":"https:\/\/lospoliticosveracruz.com\/index.php?rest_route=\/wp\/v2\/users\/2"}],"replies":[{"embeddable":true,"href":"https:\/\/lospoliticosveracruz.com\/index.php?rest_route=%2Fwp%2Fv2%2Fcomments&post=160149"}],"version-history":[{"count":1,"href":"https:\/\/lospoliticosveracruz.com\/index.php?rest_route=\/wp\/v2\/posts\/160149\/revisions"}],"predecessor-version":[{"id":160150,"href":"https:\/\/lospoliticosveracruz.com\/index.php?rest_route=\/wp\/v2\/posts\/160149\/revisions\/160150"}],"wp:featuredmedia":[{"embeddable":true,"href":"https:\/\/lospoliticosveracruz.com\/index.php?rest_route=\/wp\/v2\/media\/160146"}],"wp:attachment":[{"href":"https:\/\/lospoliticosveracruz.com\/index.php?rest_route=%2Fwp%2Fv2%2Fmedia&parent=160149"}],"wp:term":[{"taxonomy":"category","embeddable":true,"href":"https:\/\/lospoliticosveracruz.com\/index.php?rest_route=%2Fwp%2Fv2%2Fcategories&post=160149"},{"taxonomy":"post_tag","embeddable":true,"href":"https:\/\/lospoliticosveracruz.com\/index.php?rest_route=%2Fwp%2Fv2%2Ftags&post=160149"}],"curies":[{"name":"wp","href":"https:\/\/api.w.org\/{rel}","templated":true}]}}