{"id":160158,"date":"2026-01-12T12:14:36","date_gmt":"2026-01-12T18:14:36","guid":{"rendered":"https:\/\/lospoliticosveracruz.com\/?p=160158"},"modified":"2026-01-12T12:14:37","modified_gmt":"2026-01-12T18:14:37","slug":"no-habra-reestructuracion-de-la-deuda","status":"publish","type":"post","link":"https:\/\/lospoliticosveracruz.com\/?p=160158","title":{"rendered":"NO HABR\u00c1 REESTRUCTURACI\u00d3N DE LA DEUDA"},"content":{"rendered":"\n<p>S\u00edguenos ahora tambi\u00e9n en WhatsApp.\u00a0\u00a1<a href=\"https:\/\/whatsapp.com\/channel\/0029Va8zRWlEKyZIP3Z1dF0e\"><strong>Da clic aqu\u00ed<\/strong><\/a><strong>!<\/strong><\/p>\n\n\n\n<p><strong>\u00c1ngeles Gonz\u00e1lez Ceballos<\/strong><\/p>\n\n\n\n<p>El secretario de Finanzas y Planeaci\u00f3n, Miguel Reyes Hern\u00e1ndez, inform\u00f3 que en 2025 lograron pagar dos de los 19 cr\u00e9ditos bancarios que tiene el Estado y, esperan que este a\u00f1o puedan pagar otros dos m\u00e1s.<\/p>\n\n\n\n<p>Sostuvo que no har\u00e1n una reestructuraci\u00f3n de la deuda como se ven\u00eda haciendo en otras administraciones, gracias a los ahorros y la mejora en las condiciones con las instituciones bancarias, por lo que estim\u00f3 que pudieran lograr una meta de liquidaci\u00f3n de entre 5 y 6 mil millones de pesos de la deuda bancaria este 2026.<\/p>\n\n\n\n<p>Puntualiz\u00f3 que el a\u00f1o pasado pagaron dos cr\u00e9ditos bancarios o bonos cup\u00f3n cero, que se adquirieron en la \u00ab\u00e9poca neoliberal\u00bb a trav\u00e9s de Banobras, para una supuesta ayuda al medio ambiente.<\/p>\n\n\n\n<p>\u00abRealmente los intereses eran bastante elevados, eran condiciones bastante leoninas consideramos nosotros, pagamos casi 700 millones de un saldo de mil 200, por una negociaci\u00f3n que hicimos con Banobras y nos permiti\u00f3 ahorrar, en los pr\u00f3ximos seis a\u00f1os, casi 6 mil millones de pesos, porque nos iban a estar descontando participaciones de casi 800 millones de pesos por a\u00f1o\u00bb, puntualiz\u00f3.<\/p>\n\n\n\n<p>Agreg\u00f3 que adem\u00e1s de ese cr\u00e9dito, que era del Programa de Financiamiento para Infraestructura y la Seguridad en los. Estados (PROFISE), pagaron otro a finales de diciembre del 2025, tambi\u00e9n de Banobras por casi 500 millones de pesos.<\/p>\n\n\n\n<p>Por lo que en los pr\u00f3ximos meses lo terminar\u00e1n de pagar y con eso terminar\u00e1n de pagar tres de los 19 cr\u00e9ditos que originalmente ten\u00eda el Estado y con lo cual podr\u00e1n llegar al 16.<\/p>\n\n\n\n<p>Manifest\u00f3 que la instrucci\u00f3n de la gobernadora Roc\u00edo Nahle Garc\u00eda es que sin descuidar el gasto de salud, educaci\u00f3n, obra p\u00fablica, con los ahorros que vayan obteniendo y el manejo financiero que se tiene, puedan destinar pagos.<\/p>\n\n\n\n<p>\u00abNo vamos a hacer una reestructura como normalmente se hac\u00eda, contratar un despacho. Cuando contratas un despacho te dice voy a reestructurar, pero realmente lo que est\u00e1 haciendo es que est\u00e1 pateando la deuda hacia m\u00e1s a\u00f1os, porque te lo va a bajar en los primeros a\u00f1os, pero luego te lo va a empezar a subir en los \u00faltimos a\u00f1os y adem\u00e1s si tu deuda terminaba en 20240, te la va a pasar a 2060.<\/p>\n\n\n\n<p>La Gobernadora no quiere eso, quiere que vayamos pagando los cr\u00e9ditos que al Estado le son m\u00e1s pesados en t\u00e9rminos de intereses o descuento de participaciones. Vamos a estudiar, vamos a presentar el plan para hacer toda esta mejora de comisiones\u00bb, manifest\u00f3.<\/p>\n\n\n\n<p>Agreg\u00f3 que el banco con el que tienen convenio, al pagar tres cr\u00e9ditos bancarios, les mejoraron casi 5 mil millones de pesos en las condiciones y este 2026, les mejorar\u00e1n dos cr\u00e9ditos m\u00e1s, por lo que esperan pagar otros dos cr\u00e9ditos bancarios este a\u00f1o.<\/p>\n\n\n\n<p>Ah\u00ed, Miguel Reyes enfatiz\u00f3 que ir\u00e1n poco a poco, sin contratar despachos, sin hacer reestructura que deja a las futuras generaciones el peso.<\/p>\n\n\n\n<p>Finalmente, el Secretario defini\u00f3 que la meta de liquidaci\u00f3n para este a\u00f1o es que al menos, con base en sus previsiones, es que sea entre 4 y 5 mil millones de pesos de la deuda bancaria, aunque dijo que lo puedan hacer porque tienen muchas presiones al finalizar el a\u00f1o en materia de n\u00f3mina y aguinaldos.<\/p>\n\n\n\n<p>\u00abLo que no queremos, en una planeaci\u00f3n financiera, quedarnos sin recursos de lo que tenemos que pagar. Nuestra primera preocupaci\u00f3n son las personas y son los trabajadores del Estado, entonces cubriendo eso, los fideicomisos para los seguros, tanto de desastres como del tema de educaci\u00f3n, nos enfocar\u00edamos en pagar la deuda anticipada\u00bb, adelant\u00f3.<\/p>\n","protected":false},"excerpt":{"rendered":"<p>\u00c1ngeles Gonz\u00e1lez Ceballos El secretario de Finanzas y Planeaci\u00f3n, Miguel Reyes Hern\u00e1ndez, inform\u00f3 que en 2025 lograron pagar dos de los 19 cr\u00e9ditos bancarios que tiene el Estado y, esperan que este a\u00f1o puedan pagar otros dos m\u00e1s. Sostuvo que no har\u00e1n una reestructuraci\u00f3n de la deuda como se ven\u00eda haciendo en otras administraciones, gracias [&hellip;]<\/p>\n","protected":false},"author":2,"featured_media":160156,"comment_status":"closed","ping_status":"closed","sticky":false,"template":"","format":"standard","meta":{"tdm_status":"","tdm_grid_status":"","footnotes":""},"categories":[6446],"tags":[49609,49610,49608,49611,49606,49605,49607],"class_list":{"0":"post-160158","1":"post","2":"type-post","3":"status-publish","4":"format-standard","5":"has-post-thumbnail","7":"category-la-nota","8":"tag-ahorro-intereses-deuda-publica-veracruz","9":"tag-finanzas-publicas-veracruz-2026-metas","10":"tag-liquidacion-creditos-banobras-veracruz","11":"tag-miguel-reyes-hernandez-secretario-de-finanzas","12":"tag-miguel-reyes-hernandez-sefiplan-deuda-veracruz","13":"tag-pago-de-deuda-bancaria-veracruz-2026","14":"tag-rocio-nahle-no-reestructuracion-deuda"},"yoast_head":"<!-- This site is optimized with the Yoast SEO plugin v27.4 - https:\/\/yoast.com\/product\/yoast-seo-wordpress\/ -->\n<title>NO HABR\u00c1 REESTRUCTURACI\u00d3N DE LA DEUDA - Los pol\u00edticos Veracruz<\/title>\n<meta name=\"robots\" content=\"index, follow, max-snippet:-1, max-image-preview:large, max-video-preview:-1\" \/>\n<link rel=\"canonical\" href=\"https:\/\/lospoliticosveracruz.com\/?p=160158\" \/>\n<meta property=\"og:locale\" content=\"es_ES\" \/>\n<meta property=\"og:type\" content=\"article\" \/>\n<meta property=\"og:title\" content=\"NO HABR\u00c1 REESTRUCTURACI\u00d3N DE LA DEUDA - Los pol\u00edticos Veracruz\" \/>\n<meta property=\"og:description\" content=\"\u00c1ngeles Gonz\u00e1lez Ceballos El secretario de Finanzas y Planeaci\u00f3n, Miguel Reyes Hern\u00e1ndez, inform\u00f3 que en 2025 lograron pagar dos de los 19 cr\u00e9ditos bancarios que tiene el Estado y, esperan que este a\u00f1o puedan pagar otros dos m\u00e1s. Sostuvo que no har\u00e1n una reestructuraci\u00f3n de la deuda como se ven\u00eda haciendo en otras administraciones, gracias [&hellip;]\" \/>\n<meta property=\"og:url\" content=\"https:\/\/lospoliticosveracruz.com\/?p=160158\" \/>\n<meta property=\"og:site_name\" content=\"Los pol\u00edticos Veracruz\" \/>\n<meta property=\"article:publisher\" content=\"https:\/\/www.facebook.com\/people\/Notimemes-de-los-Polticos\/61565672886568\/\" \/>\n<meta property=\"article:published_time\" content=\"2026-01-12T18:14:36+00:00\" \/>\n<meta property=\"article:modified_time\" content=\"2026-01-12T18:14:37+00:00\" \/>\n<meta property=\"og:image\" content=\"https:\/\/lospoliticosveracruz.com\/wp-content\/uploads\/2026\/01\/Miguel-Reyes-Hernandez.jpeg\" \/>\n\t<meta property=\"og:image:width\" content=\"600\" \/>\n\t<meta property=\"og:image:height\" content=\"320\" \/>\n\t<meta property=\"og:image:type\" content=\"image\/jpeg\" \/>\n<meta name=\"author\" content=\"Lo viste en Los Pol\u00edticos\" \/>\n<meta name=\"twitter:card\" content=\"summary_large_image\" \/>\n<meta name=\"twitter:creator\" content=\"@LosPoliticosVer\" \/>\n<meta name=\"twitter:site\" content=\"@LosPoliticosVer\" \/>\n<meta name=\"twitter:label1\" content=\"Escrito por\" \/>\n\t<meta name=\"twitter:data1\" content=\"Lo viste en Los Pol\u00edticos\" \/>\n\t<meta name=\"twitter:label2\" content=\"Tiempo de lectura\" \/>\n\t<meta name=\"twitter:data2\" content=\"3 minutos\" \/>\n<script type=\"application\/ld+json\" class=\"yoast-schema-graph\">{\"@context\":\"https:\\\/\\\/schema.org\",\"@graph\":[{\"@type\":\"Article\",\"@id\":\"https:\\\/\\\/lospoliticosveracruz.com\\\/?p=160158#article\",\"isPartOf\":{\"@id\":\"https:\\\/\\\/lospoliticosveracruz.com\\\/?p=160158\"},\"author\":{\"name\":\"Lo viste en Los Pol\u00edticos\",\"@id\":\"https:\\\/\\\/lospoliticosveracruz.com\\\/#\\\/schema\\\/person\\\/b8702bb0e538456e6efd07080bf2a4a2\"},\"headline\":\"NO HABR\u00c1 REESTRUCTURACI\u00d3N DE LA DEUDA\",\"datePublished\":\"2026-01-12T18:14:36+00:00\",\"dateModified\":\"2026-01-12T18:14:37+00:00\",\"mainEntityOfPage\":{\"@id\":\"https:\\\/\\\/lospoliticosveracruz.com\\\/?p=160158\"},\"wordCount\":632,\"publisher\":{\"@id\":\"https:\\\/\\\/lospoliticosveracruz.com\\\/#organization\"},\"image\":{\"@id\":\"https:\\\/\\\/lospoliticosveracruz.com\\\/?p=160158#primaryimage\"},\"thumbnailUrl\":\"https:\\\/\\\/lospoliticosveracruz.com\\\/wp-content\\\/uploads\\\/2026\\\/01\\\/Miguel-Reyes-Hernandez.jpeg\",\"keywords\":[\"Ahorro intereses deuda p\u00fablica Veracruz\",\"Finanzas p\u00fablicas Veracruz 2026 metas\",\"Liquidaci\u00f3n cr\u00e9ditos Banobras Veracruz\",\"Miguel Reyes Hern\u00e1ndez Secretario de Finanzas\",\"Miguel Reyes Hern\u00e1ndez SEFIPLAN deuda Veracruz\",\"Pago de deuda bancaria Veracruz 2026\",\"Roc\u00edo Nahle no reestructuraci\u00f3n deuda\"],\"articleSection\":[\"La Nota\"],\"inLanguage\":\"es\"},{\"@type\":\"WebPage\",\"@id\":\"https:\\\/\\\/lospoliticosveracruz.com\\\/?p=160158\",\"url\":\"https:\\\/\\\/lospoliticosveracruz.com\\\/?p=160158\",\"name\":\"NO HABR\u00c1 REESTRUCTURACI\u00d3N DE LA DEUDA - Los pol\u00edticos Veracruz\",\"isPartOf\":{\"@id\":\"https:\\\/\\\/lospoliticosveracruz.com\\\/#website\"},\"primaryImageOfPage\":{\"@id\":\"https:\\\/\\\/lospoliticosveracruz.com\\\/?p=160158#primaryimage\"},\"image\":{\"@id\":\"https:\\\/\\\/lospoliticosveracruz.com\\\/?p=160158#primaryimage\"},\"thumbnailUrl\":\"https:\\\/\\\/lospoliticosveracruz.com\\\/wp-content\\\/uploads\\\/2026\\\/01\\\/Miguel-Reyes-Hernandez.jpeg\",\"datePublished\":\"2026-01-12T18:14:36+00:00\",\"dateModified\":\"2026-01-12T18:14:37+00:00\",\"breadcrumb\":{\"@id\":\"https:\\\/\\\/lospoliticosveracruz.com\\\/?p=160158#breadcrumb\"},\"inLanguage\":\"es\",\"potentialAction\":[{\"@type\":\"ReadAction\",\"target\":[\"https:\\\/\\\/lospoliticosveracruz.com\\\/?p=160158\"]}]},{\"@type\":\"ImageObject\",\"inLanguage\":\"es\",\"@id\":\"https:\\\/\\\/lospoliticosveracruz.com\\\/?p=160158#primaryimage\",\"url\":\"https:\\\/\\\/lospoliticosveracruz.com\\\/wp-content\\\/uploads\\\/2026\\\/01\\\/Miguel-Reyes-Hernandez.jpeg\",\"contentUrl\":\"https:\\\/\\\/lospoliticosveracruz.com\\\/wp-content\\\/uploads\\\/2026\\\/01\\\/Miguel-Reyes-Hernandez.jpeg\",\"width\":600,\"height\":320},{\"@type\":\"BreadcrumbList\",\"@id\":\"https:\\\/\\\/lospoliticosveracruz.com\\\/?p=160158#breadcrumb\",\"itemListElement\":[{\"@type\":\"ListItem\",\"position\":1,\"name\":\"Portada\",\"item\":\"https:\\\/\\\/lospoliticosveracruz.com\\\/\"},{\"@type\":\"ListItem\",\"position\":2,\"name\":\"NO HABR\u00c1 REESTRUCTURACI\u00d3N DE LA DEUDA\"}]},{\"@type\":\"WebSite\",\"@id\":\"https:\\\/\\\/lospoliticosveracruz.com\\\/#website\",\"url\":\"https:\\\/\\\/lospoliticosveracruz.com\\\/\",\"name\":\"Los pol\u00edticos Veracruz\",\"description\":\"\",\"publisher\":{\"@id\":\"https:\\\/\\\/lospoliticosveracruz.com\\\/#organization\"},\"potentialAction\":[{\"@type\":\"SearchAction\",\"target\":{\"@type\":\"EntryPoint\",\"urlTemplate\":\"https:\\\/\\\/lospoliticosveracruz.com\\\/?s={search_term_string}\"},\"query-input\":{\"@type\":\"PropertyValueSpecification\",\"valueRequired\":true,\"valueName\":\"search_term_string\"}}],\"inLanguage\":\"es\"},{\"@type\":\"Organization\",\"@id\":\"https:\\\/\\\/lospoliticosveracruz.com\\\/#organization\",\"name\":\"Los pol\u00edticos Veracruz\",\"url\":\"https:\\\/\\\/lospoliticosveracruz.com\\\/\",\"logo\":{\"@type\":\"ImageObject\",\"inLanguage\":\"es\",\"@id\":\"https:\\\/\\\/lospoliticosveracruz.com\\\/#\\\/schema\\\/logo\\\/image\\\/\",\"url\":\"https:\\\/\\\/lospoliticosveracruz.com\\\/wp-content\\\/uploads\\\/2025\\\/12\\\/Logo-Nuevo-LOS-POLITICOS-1.jpg\",\"contentUrl\":\"https:\\\/\\\/lospoliticosveracruz.com\\\/wp-content\\\/uploads\\\/2025\\\/12\\\/Logo-Nuevo-LOS-POLITICOS-1.jpg\",\"width\":260,\"height\":70,\"caption\":\"Los pol\u00edticos Veracruz\"},\"image\":{\"@id\":\"https:\\\/\\\/lospoliticosveracruz.com\\\/#\\\/schema\\\/logo\\\/image\\\/\"},\"sameAs\":[\"https:\\\/\\\/www.facebook.com\\\/people\\\/Notimemes-de-los-Polticos\\\/61565672886568\\\/\",\"https:\\\/\\\/x.com\\\/LosPoliticosVer\"]},{\"@type\":\"Person\",\"@id\":\"https:\\\/\\\/lospoliticosveracruz.com\\\/#\\\/schema\\\/person\\\/b8702bb0e538456e6efd07080bf2a4a2\",\"name\":\"Lo viste en Los Pol\u00edticos\",\"image\":{\"@type\":\"ImageObject\",\"inLanguage\":\"es\",\"@id\":\"https:\\\/\\\/secure.gravatar.com\\\/avatar\\\/3a8de04a2656d44082be478bd6c086daa447c4651605818287b9532d3d0bd435?s=96&d=mm&r=g\",\"url\":\"https:\\\/\\\/secure.gravatar.com\\\/avatar\\\/3a8de04a2656d44082be478bd6c086daa447c4651605818287b9532d3d0bd435?s=96&d=mm&r=g\",\"contentUrl\":\"https:\\\/\\\/secure.gravatar.com\\\/avatar\\\/3a8de04a2656d44082be478bd6c086daa447c4651605818287b9532d3d0bd435?s=96&d=mm&r=g\",\"caption\":\"Lo viste en Los Pol\u00edticos\"},\"url\":\"https:\\\/\\\/lospoliticosveracruz.com\\\/?author=2\"}]}<\/script>\n<!-- \/ Yoast SEO plugin. -->","yoast_head_json":{"title":"NO HABR\u00c1 REESTRUCTURACI\u00d3N DE LA DEUDA - Los pol\u00edticos Veracruz","robots":{"index":"index","follow":"follow","max-snippet":"max-snippet:-1","max-image-preview":"max-image-preview:large","max-video-preview":"max-video-preview:-1"},"canonical":"https:\/\/lospoliticosveracruz.com\/?p=160158","og_locale":"es_ES","og_type":"article","og_title":"NO HABR\u00c1 REESTRUCTURACI\u00d3N DE LA DEUDA - Los pol\u00edticos Veracruz","og_description":"\u00c1ngeles Gonz\u00e1lez Ceballos El secretario de Finanzas y Planeaci\u00f3n, Miguel Reyes Hern\u00e1ndez, inform\u00f3 que en 2025 lograron pagar dos de los 19 cr\u00e9ditos bancarios que tiene el Estado y, esperan que este a\u00f1o puedan pagar otros dos m\u00e1s. Sostuvo que no har\u00e1n una reestructuraci\u00f3n de la deuda como se ven\u00eda haciendo en otras administraciones, gracias [&hellip;]","og_url":"https:\/\/lospoliticosveracruz.com\/?p=160158","og_site_name":"Los pol\u00edticos Veracruz","article_publisher":"https:\/\/www.facebook.com\/people\/Notimemes-de-los-Polticos\/61565672886568\/","article_published_time":"2026-01-12T18:14:36+00:00","article_modified_time":"2026-01-12T18:14:37+00:00","og_image":[{"width":600,"height":320,"url":"https:\/\/lospoliticosveracruz.com\/wp-content\/uploads\/2026\/01\/Miguel-Reyes-Hernandez.jpeg","type":"image\/jpeg"}],"author":"Lo viste en Los Pol\u00edticos","twitter_card":"summary_large_image","twitter_creator":"@LosPoliticosVer","twitter_site":"@LosPoliticosVer","twitter_misc":{"Escrito por":"Lo viste en Los Pol\u00edticos","Tiempo de lectura":"3 minutos"},"schema":{"@context":"https:\/\/schema.org","@graph":[{"@type":"Article","@id":"https:\/\/lospoliticosveracruz.com\/?p=160158#article","isPartOf":{"@id":"https:\/\/lospoliticosveracruz.com\/?p=160158"},"author":{"name":"Lo viste en Los Pol\u00edticos","@id":"https:\/\/lospoliticosveracruz.com\/#\/schema\/person\/b8702bb0e538456e6efd07080bf2a4a2"},"headline":"NO HABR\u00c1 REESTRUCTURACI\u00d3N DE LA DEUDA","datePublished":"2026-01-12T18:14:36+00:00","dateModified":"2026-01-12T18:14:37+00:00","mainEntityOfPage":{"@id":"https:\/\/lospoliticosveracruz.com\/?p=160158"},"wordCount":632,"publisher":{"@id":"https:\/\/lospoliticosveracruz.com\/#organization"},"image":{"@id":"https:\/\/lospoliticosveracruz.com\/?p=160158#primaryimage"},"thumbnailUrl":"https:\/\/lospoliticosveracruz.com\/wp-content\/uploads\/2026\/01\/Miguel-Reyes-Hernandez.jpeg","keywords":["Ahorro intereses deuda p\u00fablica Veracruz","Finanzas p\u00fablicas Veracruz 2026 metas","Liquidaci\u00f3n cr\u00e9ditos Banobras Veracruz","Miguel Reyes Hern\u00e1ndez Secretario de Finanzas","Miguel Reyes Hern\u00e1ndez SEFIPLAN deuda Veracruz","Pago de deuda bancaria Veracruz 2026","Roc\u00edo Nahle no reestructuraci\u00f3n deuda"],"articleSection":["La Nota"],"inLanguage":"es"},{"@type":"WebPage","@id":"https:\/\/lospoliticosveracruz.com\/?p=160158","url":"https:\/\/lospoliticosveracruz.com\/?p=160158","name":"NO HABR\u00c1 REESTRUCTURACI\u00d3N DE LA DEUDA - Los pol\u00edticos Veracruz","isPartOf":{"@id":"https:\/\/lospoliticosveracruz.com\/#website"},"primaryImageOfPage":{"@id":"https:\/\/lospoliticosveracruz.com\/?p=160158#primaryimage"},"image":{"@id":"https:\/\/lospoliticosveracruz.com\/?p=160158#primaryimage"},"thumbnailUrl":"https:\/\/lospoliticosveracruz.com\/wp-content\/uploads\/2026\/01\/Miguel-Reyes-Hernandez.jpeg","datePublished":"2026-01-12T18:14:36+00:00","dateModified":"2026-01-12T18:14:37+00:00","breadcrumb":{"@id":"https:\/\/lospoliticosveracruz.com\/?p=160158#breadcrumb"},"inLanguage":"es","potentialAction":[{"@type":"ReadAction","target":["https:\/\/lospoliticosveracruz.com\/?p=160158"]}]},{"@type":"ImageObject","inLanguage":"es","@id":"https:\/\/lospoliticosveracruz.com\/?p=160158#primaryimage","url":"https:\/\/lospoliticosveracruz.com\/wp-content\/uploads\/2026\/01\/Miguel-Reyes-Hernandez.jpeg","contentUrl":"https:\/\/lospoliticosveracruz.com\/wp-content\/uploads\/2026\/01\/Miguel-Reyes-Hernandez.jpeg","width":600,"height":320},{"@type":"BreadcrumbList","@id":"https:\/\/lospoliticosveracruz.com\/?p=160158#breadcrumb","itemListElement":[{"@type":"ListItem","position":1,"name":"Portada","item":"https:\/\/lospoliticosveracruz.com\/"},{"@type":"ListItem","position":2,"name":"NO HABR\u00c1 REESTRUCTURACI\u00d3N DE LA DEUDA"}]},{"@type":"WebSite","@id":"https:\/\/lospoliticosveracruz.com\/#website","url":"https:\/\/lospoliticosveracruz.com\/","name":"Los pol\u00edticos Veracruz","description":"","publisher":{"@id":"https:\/\/lospoliticosveracruz.com\/#organization"},"potentialAction":[{"@type":"SearchAction","target":{"@type":"EntryPoint","urlTemplate":"https:\/\/lospoliticosveracruz.com\/?s={search_term_string}"},"query-input":{"@type":"PropertyValueSpecification","valueRequired":true,"valueName":"search_term_string"}}],"inLanguage":"es"},{"@type":"Organization","@id":"https:\/\/lospoliticosveracruz.com\/#organization","name":"Los pol\u00edticos Veracruz","url":"https:\/\/lospoliticosveracruz.com\/","logo":{"@type":"ImageObject","inLanguage":"es","@id":"https:\/\/lospoliticosveracruz.com\/#\/schema\/logo\/image\/","url":"https:\/\/lospoliticosveracruz.com\/wp-content\/uploads\/2025\/12\/Logo-Nuevo-LOS-POLITICOS-1.jpg","contentUrl":"https:\/\/lospoliticosveracruz.com\/wp-content\/uploads\/2025\/12\/Logo-Nuevo-LOS-POLITICOS-1.jpg","width":260,"height":70,"caption":"Los pol\u00edticos Veracruz"},"image":{"@id":"https:\/\/lospoliticosveracruz.com\/#\/schema\/logo\/image\/"},"sameAs":["https:\/\/www.facebook.com\/people\/Notimemes-de-los-Polticos\/61565672886568\/","https:\/\/x.com\/LosPoliticosVer"]},{"@type":"Person","@id":"https:\/\/lospoliticosveracruz.com\/#\/schema\/person\/b8702bb0e538456e6efd07080bf2a4a2","name":"Lo viste en Los Pol\u00edticos","image":{"@type":"ImageObject","inLanguage":"es","@id":"https:\/\/secure.gravatar.com\/avatar\/3a8de04a2656d44082be478bd6c086daa447c4651605818287b9532d3d0bd435?s=96&d=mm&r=g","url":"https:\/\/secure.gravatar.com\/avatar\/3a8de04a2656d44082be478bd6c086daa447c4651605818287b9532d3d0bd435?s=96&d=mm&r=g","contentUrl":"https:\/\/secure.gravatar.com\/avatar\/3a8de04a2656d44082be478bd6c086daa447c4651605818287b9532d3d0bd435?s=96&d=mm&r=g","caption":"Lo viste en Los Pol\u00edticos"},"url":"https:\/\/lospoliticosveracruz.com\/?author=2"}]}},"_links":{"self":[{"href":"https:\/\/lospoliticosveracruz.com\/index.php?rest_route=\/wp\/v2\/posts\/160158","targetHints":{"allow":["GET"]}}],"collection":[{"href":"https:\/\/lospoliticosveracruz.com\/index.php?rest_route=\/wp\/v2\/posts"}],"about":[{"href":"https:\/\/lospoliticosveracruz.com\/index.php?rest_route=\/wp\/v2\/types\/post"}],"author":[{"embeddable":true,"href":"https:\/\/lospoliticosveracruz.com\/index.php?rest_route=\/wp\/v2\/users\/2"}],"replies":[{"embeddable":true,"href":"https:\/\/lospoliticosveracruz.com\/index.php?rest_route=%2Fwp%2Fv2%2Fcomments&post=160158"}],"version-history":[{"count":1,"href":"https:\/\/lospoliticosveracruz.com\/index.php?rest_route=\/wp\/v2\/posts\/160158\/revisions"}],"predecessor-version":[{"id":160159,"href":"https:\/\/lospoliticosveracruz.com\/index.php?rest_route=\/wp\/v2\/posts\/160158\/revisions\/160159"}],"wp:featuredmedia":[{"embeddable":true,"href":"https:\/\/lospoliticosveracruz.com\/index.php?rest_route=\/wp\/v2\/media\/160156"}],"wp:attachment":[{"href":"https:\/\/lospoliticosveracruz.com\/index.php?rest_route=%2Fwp%2Fv2%2Fmedia&parent=160158"}],"wp:term":[{"taxonomy":"category","embeddable":true,"href":"https:\/\/lospoliticosveracruz.com\/index.php?rest_route=%2Fwp%2Fv2%2Fcategories&post=160158"},{"taxonomy":"post_tag","embeddable":true,"href":"https:\/\/lospoliticosveracruz.com\/index.php?rest_route=%2Fwp%2Fv2%2Ftags&post=160158"}],"curies":[{"name":"wp","href":"https:\/\/api.w.org\/{rel}","templated":true}]}}