{"id":160192,"date":"2026-01-12T16:09:54","date_gmt":"2026-01-12T22:09:54","guid":{"rendered":"https:\/\/lospoliticosveracruz.com\/?p=160192"},"modified":"2026-01-12T16:09:55","modified_gmt":"2026-01-12T22:09:55","slug":"de-nada-sirve-la-violencia-otra-barbaridad","status":"publish","type":"post","link":"https:\/\/lospoliticosveracruz.com\/?p=160192","title":{"rendered":"\u201cDE NADA SIRVE LA VIOLENCIA\u201d\u2026 OTRA BARBARIDAD!"},"content":{"rendered":"\n<p><strong>Inocencio Y\u00e1\u00f1ez Vicencio<\/strong><\/p>\n\n\n\n<p>Qu\u00e9 es la ley civil sin espada?&nbsp;&nbsp;Por qu\u00e9 define Max Weber al Estado c\u00f3mo el monopolizador de la violencia leg\u00edtima? C\u00f3mo se vigila que los acuerdos y mandatos de la sociedad se convierten en leyes?<\/p>\n\n\n\n\n\n<p>C\u00f3mo se pas\u00f3 del pecado al delito?<\/p>\n\n\n\n<p>Podr\u00e1 el Estado disciplinar a sus ciudadanos con homil\u00edas y sermonea? Qui\u00e9n har\u00eda posible que las normas que salen de mentes iluminadas y las naturales y divinas se cumplieran sin positivizarse y fuerza que las respalde?<\/p>\n\n\n\n<p>El Estado surge cuando el derecho a hacerse Justicia de propia mano se transfiere a un tercero, sea este uno, pocos o muchos. Fundamental el Estado llev\u00f3 a Thomas Hobbes a decir que para salir de una guerra de todos contra todos, los hombres pactan uno a uno producir un ente que les d\u00e9 protecci\u00f3n a sus vidas y bienes. Aunque John Locke, en su concepci\u00f3n contractualista ve que hay derechos y no ve al hombre lobo del hombre, concibe al Estado c\u00f3mo la fuerza organizada que debe darle fuerza vinculante al conjunto de reglas.<\/p>\n\n\n\n<p>Las tesis Paulinas ense\u00f1an que todo poder viene de Dios, unas veces como premio y otras como castigo. Fundar el poder en la expulsi\u00f3n de Ad\u00e1n del Para\u00edso, sirve para concebir la pol\u00edtica como un mal necesario.<\/p>\n\n\n\n<p>El problema es que la fuerza no es suficiente para ser obedecido, por eso se tiene que valer de un conjunto de ideas, creencias, doctrinas y supersticiones que justifiquen el mando y la obediencia.&nbsp;<\/p>\n\n\n\n<p>Cuando el mando se separ\u00f3 de la sociedad y no fue suficiente la fuerza ni los m\u00e9ritos personales ni los linajes, para obtener la obediencia se traslad\u00f3 la fuente del poder de la divinidad y la sangre a la elecci\u00f3n popular, para que la violencia que ejerce la representaci\u00f3n fuera vista como propia y autoimpuesta.<\/p>\n\n\n\n<p>Detr\u00e1s del Estado impersonal, aparentemente neutral, como de todos, hay una violencia autorizada y reconocida como justa, por una ley que expresa la voluntad de la correlaci\u00f3n de fuerzas, pero esa ley, no ser\u00eda m\u00e1s que manojo de buenos deseos, si no tuviera tras de s\u00ed, la fuerza que amenace la pena correspondiente en caso que no se observe o se trasgreda.<\/p>\n\n\n\n<p>Decir que: \u00bb De nada sirve la violencia\u00bb, muestra a Claudia Sheinbaum, como es ignorante e irresponsable, por decir lo menos , porque es inconcebible que desconozca que fue electa, no para escoger entre aplicar o no la ley. No Presidenta. Es cierto que usted prolonga un r\u00e9gimen que inscribi\u00f3 con letras de oro la liquidaci\u00f3n del Estado de derecho, al declarar su antecesor Andr\u00e9s Manuel L\u00f3pez Obrador: \u00bb A mi no me vengas con que la ley es la ley \u00ab; pero usted jur\u00f3 respetar la Ley Suprema y hacerla cumplir, y da la casualidad que se hace cumplir por la violencia leg\u00edtima que Ejerce el Estado a trav\u00e9s de la Fiscal\u00eda General, de los Tribunales, las c\u00e1rceles, la polic\u00eda, la Guardia Nacional, el Ej\u00e9rcito, la Marina&#8230;al no hacerlo ha ca\u00eddo en prevaricacion y perjurio, pasando a ser una Presidenta de facto, pero no de derecho, por lo que todo lo haga su gobierno es ilegal e ileg\u00edtimo.&nbsp;<\/p>\n\n\n\n<p>No es raro que el Gobierno que encabeza Morena, que ha utilizado \u00fanicamente el n\u00famero para modificar a su capricho nuestras leyes y destruir la Rep\u00fablica y la democracia, c\u00ednicamente, condene el recurso de la violencia, que le aplica a sus competidores, pero que&nbsp;&nbsp;ahora se arrodilla ante Trump, para que no&nbsp;&nbsp;haga lo mismo.<\/p>\n\n\n\n<p>Claudia Sheinbaum, no s\u00f3lo no le aplica la ley a los grupos criminales sino que consciente que desde el Estado se forme La Barredora y halla gobernadores y funcionarios de Morena, se\u00f1alados de tener ligas con los carteles, sin ser llevados ante la Justicia, que es precisamente eso, la impunidad lo que est\u00e1 desafiando al fascismo norteamericano.<\/p>\n\n\n\n<p>Ante Trump, nada le va a valer sus encuestas ni sus chayoteros. Ya se lo dijeron quieren resultados tangibles. Quieren que les aplique la violencia leg\u00edtima al narco. Podr\u00e1?<\/p>\n","protected":false},"excerpt":{"rendered":"<p>Inocencio Y\u00e1\u00f1ez Vicencio Qu\u00e9 es la ley civil sin espada?&nbsp;&nbsp;Por qu\u00e9 define Max Weber al Estado c\u00f3mo el monopolizador de la violencia leg\u00edtima? C\u00f3mo se vigila que los acuerdos y mandatos de la sociedad se convierten en leyes? C\u00f3mo se pas\u00f3 del pecado al delito? Podr\u00e1 el Estado disciplinar a sus ciudadanos con homil\u00edas y [&hellip;]<\/p>\n","protected":false},"author":2,"featured_media":141387,"comment_status":"closed","ping_status":"closed","sticky":false,"template":"","format":"standard","meta":{"tdm_status":"","tdm_grid_status":"","footnotes":""},"categories":[70],"tags":[49695,49698,49697,49694,49696,49700,49699],"class_list":{"0":"post-160192","1":"post","2":"type-post","3":"status-publish","4":"format-standard","5":"has-post-thumbnail","7":"category-de-opinion","8":"tag-analisis-politico-trump-mexico-morena-2026","9":"tag-claudia-sheinbaum-estado-de-derecho-criticas","10":"tag-inocencio-yanez-critica-claudia-sheinbaum","11":"tag-inocencio-yanez-vicencio-columna-opinion-veracruz","12":"tag-max-weber-monopolio-de-la-violencia-legitima","13":"tag-teoria-del-estado-y-soberania-nacional-mexico","14":"tag-violencia-legitima-del-estado-vs-impunidad"},"yoast_head":"<!-- This site is optimized with the Yoast SEO plugin v27.4 - https:\/\/yoast.com\/product\/yoast-seo-wordpress\/ -->\n<title>\u201cDE NADA SIRVE LA VIOLENCIA\u201d\u2026 OTRA BARBARIDAD! - Los pol\u00edticos Veracruz<\/title>\n<meta name=\"robots\" content=\"index, follow, max-snippet:-1, max-image-preview:large, max-video-preview:-1\" \/>\n<link rel=\"canonical\" href=\"https:\/\/lospoliticosveracruz.com\/?p=160192\" \/>\n<meta property=\"og:locale\" content=\"es_ES\" \/>\n<meta property=\"og:type\" content=\"article\" \/>\n<meta property=\"og:title\" content=\"\u201cDE NADA SIRVE LA VIOLENCIA\u201d\u2026 OTRA BARBARIDAD! - Los pol\u00edticos Veracruz\" \/>\n<meta property=\"og:description\" content=\"Inocencio Y\u00e1\u00f1ez Vicencio Qu\u00e9 es la ley civil sin espada?&nbsp;&nbsp;Por qu\u00e9 define Max Weber al Estado c\u00f3mo el monopolizador de la violencia leg\u00edtima? C\u00f3mo se vigila que los acuerdos y mandatos de la sociedad se convierten en leyes? C\u00f3mo se pas\u00f3 del pecado al delito? Podr\u00e1 el Estado disciplinar a sus ciudadanos con homil\u00edas y [&hellip;]\" \/>\n<meta property=\"og:url\" content=\"https:\/\/lospoliticosveracruz.com\/?p=160192\" \/>\n<meta property=\"og:site_name\" content=\"Los pol\u00edticos Veracruz\" \/>\n<meta property=\"article:publisher\" content=\"https:\/\/www.facebook.com\/people\/Notimemes-de-los-Polticos\/61565672886568\/\" \/>\n<meta property=\"article:published_time\" content=\"2026-01-12T22:09:54+00:00\" \/>\n<meta property=\"article:modified_time\" content=\"2026-01-12T22:09:55+00:00\" \/>\n<meta property=\"og:image\" content=\"https:\/\/lospoliticosveracruz.com\/wp-content\/uploads\/2025\/04\/Inocencio-Yanez-Vicencio.jpg\" \/>\n\t<meta property=\"og:image:width\" content=\"1250\" \/>\n\t<meta property=\"og:image:height\" content=\"667\" \/>\n\t<meta property=\"og:image:type\" content=\"image\/jpeg\" \/>\n<meta name=\"author\" content=\"Lo viste en Los Pol\u00edticos\" \/>\n<meta name=\"twitter:card\" content=\"summary_large_image\" \/>\n<meta name=\"twitter:creator\" content=\"@LosPoliticosVer\" \/>\n<meta name=\"twitter:site\" content=\"@LosPoliticosVer\" \/>\n<meta name=\"twitter:label1\" content=\"Escrito por\" \/>\n\t<meta name=\"twitter:data1\" content=\"Lo viste en Los Pol\u00edticos\" \/>\n\t<meta name=\"twitter:label2\" content=\"Tiempo de lectura\" \/>\n\t<meta name=\"twitter:data2\" content=\"4 minutos\" \/>\n<script type=\"application\/ld+json\" class=\"yoast-schema-graph\">{\"@context\":\"https:\\\/\\\/schema.org\",\"@graph\":[{\"@type\":\"Article\",\"@id\":\"https:\\\/\\\/lospoliticosveracruz.com\\\/?p=160192#article\",\"isPartOf\":{\"@id\":\"https:\\\/\\\/lospoliticosveracruz.com\\\/?p=160192\"},\"author\":{\"name\":\"Lo viste en Los Pol\u00edticos\",\"@id\":\"https:\\\/\\\/lospoliticosveracruz.com\\\/#\\\/schema\\\/person\\\/b8702bb0e538456e6efd07080bf2a4a2\"},\"headline\":\"\u201cDE NADA SIRVE LA VIOLENCIA\u201d\u2026 OTRA BARBARIDAD!\",\"datePublished\":\"2026-01-12T22:09:54+00:00\",\"dateModified\":\"2026-01-12T22:09:55+00:00\",\"mainEntityOfPage\":{\"@id\":\"https:\\\/\\\/lospoliticosveracruz.com\\\/?p=160192\"},\"wordCount\":718,\"publisher\":{\"@id\":\"https:\\\/\\\/lospoliticosveracruz.com\\\/#organization\"},\"image\":{\"@id\":\"https:\\\/\\\/lospoliticosveracruz.com\\\/?p=160192#primaryimage\"},\"thumbnailUrl\":\"https:\\\/\\\/lospoliticosveracruz.com\\\/wp-content\\\/uploads\\\/2025\\\/04\\\/Inocencio-Yanez-Vicencio.jpg\",\"keywords\":[\"An\u00e1lisis pol\u00edtico Trump M\u00e9xico Morena 2026\",\"Claudia Sheinbaum Estado de Derecho cr\u00edticas\",\"Inocencio Y\u00e1\u00f1ez cr\u00edtica Claudia Sheinbaum\",\"Inocencio Y\u00e1\u00f1ez Vicencio columna opini\u00f3n Veracruz\",\"Max Weber monopolio de la violencia leg\u00edtima\",\"Teor\u00eda del Estado y soberan\u00eda nacional M\u00e9xico\",\"Violencia leg\u00edtima del Estado vs impunidad\"],\"articleSection\":[\"De Opini\u00f3n\"],\"inLanguage\":\"es\"},{\"@type\":\"WebPage\",\"@id\":\"https:\\\/\\\/lospoliticosveracruz.com\\\/?p=160192\",\"url\":\"https:\\\/\\\/lospoliticosveracruz.com\\\/?p=160192\",\"name\":\"\u201cDE NADA SIRVE LA VIOLENCIA\u201d\u2026 OTRA BARBARIDAD! - Los pol\u00edticos Veracruz\",\"isPartOf\":{\"@id\":\"https:\\\/\\\/lospoliticosveracruz.com\\\/#website\"},\"primaryImageOfPage\":{\"@id\":\"https:\\\/\\\/lospoliticosveracruz.com\\\/?p=160192#primaryimage\"},\"image\":{\"@id\":\"https:\\\/\\\/lospoliticosveracruz.com\\\/?p=160192#primaryimage\"},\"thumbnailUrl\":\"https:\\\/\\\/lospoliticosveracruz.com\\\/wp-content\\\/uploads\\\/2025\\\/04\\\/Inocencio-Yanez-Vicencio.jpg\",\"datePublished\":\"2026-01-12T22:09:54+00:00\",\"dateModified\":\"2026-01-12T22:09:55+00:00\",\"breadcrumb\":{\"@id\":\"https:\\\/\\\/lospoliticosveracruz.com\\\/?p=160192#breadcrumb\"},\"inLanguage\":\"es\",\"potentialAction\":[{\"@type\":\"ReadAction\",\"target\":[\"https:\\\/\\\/lospoliticosveracruz.com\\\/?p=160192\"]}]},{\"@type\":\"ImageObject\",\"inLanguage\":\"es\",\"@id\":\"https:\\\/\\\/lospoliticosveracruz.com\\\/?p=160192#primaryimage\",\"url\":\"https:\\\/\\\/lospoliticosveracruz.com\\\/wp-content\\\/uploads\\\/2025\\\/04\\\/Inocencio-Yanez-Vicencio.jpg\",\"contentUrl\":\"https:\\\/\\\/lospoliticosveracruz.com\\\/wp-content\\\/uploads\\\/2025\\\/04\\\/Inocencio-Yanez-Vicencio.jpg\",\"width\":1250,\"height\":667},{\"@type\":\"BreadcrumbList\",\"@id\":\"https:\\\/\\\/lospoliticosveracruz.com\\\/?p=160192#breadcrumb\",\"itemListElement\":[{\"@type\":\"ListItem\",\"position\":1,\"name\":\"Portada\",\"item\":\"https:\\\/\\\/lospoliticosveracruz.com\\\/\"},{\"@type\":\"ListItem\",\"position\":2,\"name\":\"\u201cDE NADA SIRVE LA VIOLENCIA\u201d\u2026 OTRA BARBARIDAD!\"}]},{\"@type\":\"WebSite\",\"@id\":\"https:\\\/\\\/lospoliticosveracruz.com\\\/#website\",\"url\":\"https:\\\/\\\/lospoliticosveracruz.com\\\/\",\"name\":\"Los pol\u00edticos Veracruz\",\"description\":\"\",\"publisher\":{\"@id\":\"https:\\\/\\\/lospoliticosveracruz.com\\\/#organization\"},\"potentialAction\":[{\"@type\":\"SearchAction\",\"target\":{\"@type\":\"EntryPoint\",\"urlTemplate\":\"https:\\\/\\\/lospoliticosveracruz.com\\\/?s={search_term_string}\"},\"query-input\":{\"@type\":\"PropertyValueSpecification\",\"valueRequired\":true,\"valueName\":\"search_term_string\"}}],\"inLanguage\":\"es\"},{\"@type\":\"Organization\",\"@id\":\"https:\\\/\\\/lospoliticosveracruz.com\\\/#organization\",\"name\":\"Los pol\u00edticos Veracruz\",\"url\":\"https:\\\/\\\/lospoliticosveracruz.com\\\/\",\"logo\":{\"@type\":\"ImageObject\",\"inLanguage\":\"es\",\"@id\":\"https:\\\/\\\/lospoliticosveracruz.com\\\/#\\\/schema\\\/logo\\\/image\\\/\",\"url\":\"https:\\\/\\\/lospoliticosveracruz.com\\\/wp-content\\\/uploads\\\/2025\\\/12\\\/Logo-Nuevo-LOS-POLITICOS-1.jpg\",\"contentUrl\":\"https:\\\/\\\/lospoliticosveracruz.com\\\/wp-content\\\/uploads\\\/2025\\\/12\\\/Logo-Nuevo-LOS-POLITICOS-1.jpg\",\"width\":260,\"height\":70,\"caption\":\"Los pol\u00edticos Veracruz\"},\"image\":{\"@id\":\"https:\\\/\\\/lospoliticosveracruz.com\\\/#\\\/schema\\\/logo\\\/image\\\/\"},\"sameAs\":[\"https:\\\/\\\/www.facebook.com\\\/people\\\/Notimemes-de-los-Polticos\\\/61565672886568\\\/\",\"https:\\\/\\\/x.com\\\/LosPoliticosVer\"]},{\"@type\":\"Person\",\"@id\":\"https:\\\/\\\/lospoliticosveracruz.com\\\/#\\\/schema\\\/person\\\/b8702bb0e538456e6efd07080bf2a4a2\",\"name\":\"Lo viste en Los Pol\u00edticos\",\"image\":{\"@type\":\"ImageObject\",\"inLanguage\":\"es\",\"@id\":\"https:\\\/\\\/secure.gravatar.com\\\/avatar\\\/3a8de04a2656d44082be478bd6c086daa447c4651605818287b9532d3d0bd435?s=96&d=mm&r=g\",\"url\":\"https:\\\/\\\/secure.gravatar.com\\\/avatar\\\/3a8de04a2656d44082be478bd6c086daa447c4651605818287b9532d3d0bd435?s=96&d=mm&r=g\",\"contentUrl\":\"https:\\\/\\\/secure.gravatar.com\\\/avatar\\\/3a8de04a2656d44082be478bd6c086daa447c4651605818287b9532d3d0bd435?s=96&d=mm&r=g\",\"caption\":\"Lo viste en Los Pol\u00edticos\"},\"url\":\"https:\\\/\\\/lospoliticosveracruz.com\\\/?author=2\"}]}<\/script>\n<!-- \/ Yoast SEO plugin. -->","yoast_head_json":{"title":"\u201cDE NADA SIRVE LA VIOLENCIA\u201d\u2026 OTRA BARBARIDAD! - Los pol\u00edticos Veracruz","robots":{"index":"index","follow":"follow","max-snippet":"max-snippet:-1","max-image-preview":"max-image-preview:large","max-video-preview":"max-video-preview:-1"},"canonical":"https:\/\/lospoliticosveracruz.com\/?p=160192","og_locale":"es_ES","og_type":"article","og_title":"\u201cDE NADA SIRVE LA VIOLENCIA\u201d\u2026 OTRA BARBARIDAD! - Los pol\u00edticos Veracruz","og_description":"Inocencio Y\u00e1\u00f1ez Vicencio Qu\u00e9 es la ley civil sin espada?&nbsp;&nbsp;Por qu\u00e9 define Max Weber al Estado c\u00f3mo el monopolizador de la violencia leg\u00edtima? C\u00f3mo se vigila que los acuerdos y mandatos de la sociedad se convierten en leyes? C\u00f3mo se pas\u00f3 del pecado al delito? Podr\u00e1 el Estado disciplinar a sus ciudadanos con homil\u00edas y [&hellip;]","og_url":"https:\/\/lospoliticosveracruz.com\/?p=160192","og_site_name":"Los pol\u00edticos Veracruz","article_publisher":"https:\/\/www.facebook.com\/people\/Notimemes-de-los-Polticos\/61565672886568\/","article_published_time":"2026-01-12T22:09:54+00:00","article_modified_time":"2026-01-12T22:09:55+00:00","og_image":[{"width":1250,"height":667,"url":"https:\/\/lospoliticosveracruz.com\/wp-content\/uploads\/2025\/04\/Inocencio-Yanez-Vicencio.jpg","type":"image\/jpeg"}],"author":"Lo viste en Los Pol\u00edticos","twitter_card":"summary_large_image","twitter_creator":"@LosPoliticosVer","twitter_site":"@LosPoliticosVer","twitter_misc":{"Escrito por":"Lo viste en Los Pol\u00edticos","Tiempo de lectura":"4 minutos"},"schema":{"@context":"https:\/\/schema.org","@graph":[{"@type":"Article","@id":"https:\/\/lospoliticosveracruz.com\/?p=160192#article","isPartOf":{"@id":"https:\/\/lospoliticosveracruz.com\/?p=160192"},"author":{"name":"Lo viste en Los Pol\u00edticos","@id":"https:\/\/lospoliticosveracruz.com\/#\/schema\/person\/b8702bb0e538456e6efd07080bf2a4a2"},"headline":"\u201cDE NADA SIRVE LA VIOLENCIA\u201d\u2026 OTRA BARBARIDAD!","datePublished":"2026-01-12T22:09:54+00:00","dateModified":"2026-01-12T22:09:55+00:00","mainEntityOfPage":{"@id":"https:\/\/lospoliticosveracruz.com\/?p=160192"},"wordCount":718,"publisher":{"@id":"https:\/\/lospoliticosveracruz.com\/#organization"},"image":{"@id":"https:\/\/lospoliticosveracruz.com\/?p=160192#primaryimage"},"thumbnailUrl":"https:\/\/lospoliticosveracruz.com\/wp-content\/uploads\/2025\/04\/Inocencio-Yanez-Vicencio.jpg","keywords":["An\u00e1lisis pol\u00edtico Trump M\u00e9xico Morena 2026","Claudia Sheinbaum Estado de Derecho cr\u00edticas","Inocencio Y\u00e1\u00f1ez cr\u00edtica Claudia Sheinbaum","Inocencio Y\u00e1\u00f1ez Vicencio columna opini\u00f3n Veracruz","Max Weber monopolio de la violencia leg\u00edtima","Teor\u00eda del Estado y soberan\u00eda nacional M\u00e9xico","Violencia leg\u00edtima del Estado vs impunidad"],"articleSection":["De Opini\u00f3n"],"inLanguage":"es"},{"@type":"WebPage","@id":"https:\/\/lospoliticosveracruz.com\/?p=160192","url":"https:\/\/lospoliticosveracruz.com\/?p=160192","name":"\u201cDE NADA SIRVE LA VIOLENCIA\u201d\u2026 OTRA BARBARIDAD! - Los pol\u00edticos Veracruz","isPartOf":{"@id":"https:\/\/lospoliticosveracruz.com\/#website"},"primaryImageOfPage":{"@id":"https:\/\/lospoliticosveracruz.com\/?p=160192#primaryimage"},"image":{"@id":"https:\/\/lospoliticosveracruz.com\/?p=160192#primaryimage"},"thumbnailUrl":"https:\/\/lospoliticosveracruz.com\/wp-content\/uploads\/2025\/04\/Inocencio-Yanez-Vicencio.jpg","datePublished":"2026-01-12T22:09:54+00:00","dateModified":"2026-01-12T22:09:55+00:00","breadcrumb":{"@id":"https:\/\/lospoliticosveracruz.com\/?p=160192#breadcrumb"},"inLanguage":"es","potentialAction":[{"@type":"ReadAction","target":["https:\/\/lospoliticosveracruz.com\/?p=160192"]}]},{"@type":"ImageObject","inLanguage":"es","@id":"https:\/\/lospoliticosveracruz.com\/?p=160192#primaryimage","url":"https:\/\/lospoliticosveracruz.com\/wp-content\/uploads\/2025\/04\/Inocencio-Yanez-Vicencio.jpg","contentUrl":"https:\/\/lospoliticosveracruz.com\/wp-content\/uploads\/2025\/04\/Inocencio-Yanez-Vicencio.jpg","width":1250,"height":667},{"@type":"BreadcrumbList","@id":"https:\/\/lospoliticosveracruz.com\/?p=160192#breadcrumb","itemListElement":[{"@type":"ListItem","position":1,"name":"Portada","item":"https:\/\/lospoliticosveracruz.com\/"},{"@type":"ListItem","position":2,"name":"\u201cDE NADA SIRVE LA VIOLENCIA\u201d\u2026 OTRA BARBARIDAD!"}]},{"@type":"WebSite","@id":"https:\/\/lospoliticosveracruz.com\/#website","url":"https:\/\/lospoliticosveracruz.com\/","name":"Los pol\u00edticos Veracruz","description":"","publisher":{"@id":"https:\/\/lospoliticosveracruz.com\/#organization"},"potentialAction":[{"@type":"SearchAction","target":{"@type":"EntryPoint","urlTemplate":"https:\/\/lospoliticosveracruz.com\/?s={search_term_string}"},"query-input":{"@type":"PropertyValueSpecification","valueRequired":true,"valueName":"search_term_string"}}],"inLanguage":"es"},{"@type":"Organization","@id":"https:\/\/lospoliticosveracruz.com\/#organization","name":"Los pol\u00edticos Veracruz","url":"https:\/\/lospoliticosveracruz.com\/","logo":{"@type":"ImageObject","inLanguage":"es","@id":"https:\/\/lospoliticosveracruz.com\/#\/schema\/logo\/image\/","url":"https:\/\/lospoliticosveracruz.com\/wp-content\/uploads\/2025\/12\/Logo-Nuevo-LOS-POLITICOS-1.jpg","contentUrl":"https:\/\/lospoliticosveracruz.com\/wp-content\/uploads\/2025\/12\/Logo-Nuevo-LOS-POLITICOS-1.jpg","width":260,"height":70,"caption":"Los pol\u00edticos Veracruz"},"image":{"@id":"https:\/\/lospoliticosveracruz.com\/#\/schema\/logo\/image\/"},"sameAs":["https:\/\/www.facebook.com\/people\/Notimemes-de-los-Polticos\/61565672886568\/","https:\/\/x.com\/LosPoliticosVer"]},{"@type":"Person","@id":"https:\/\/lospoliticosveracruz.com\/#\/schema\/person\/b8702bb0e538456e6efd07080bf2a4a2","name":"Lo viste en Los Pol\u00edticos","image":{"@type":"ImageObject","inLanguage":"es","@id":"https:\/\/secure.gravatar.com\/avatar\/3a8de04a2656d44082be478bd6c086daa447c4651605818287b9532d3d0bd435?s=96&d=mm&r=g","url":"https:\/\/secure.gravatar.com\/avatar\/3a8de04a2656d44082be478bd6c086daa447c4651605818287b9532d3d0bd435?s=96&d=mm&r=g","contentUrl":"https:\/\/secure.gravatar.com\/avatar\/3a8de04a2656d44082be478bd6c086daa447c4651605818287b9532d3d0bd435?s=96&d=mm&r=g","caption":"Lo viste en Los Pol\u00edticos"},"url":"https:\/\/lospoliticosveracruz.com\/?author=2"}]}},"_links":{"self":[{"href":"https:\/\/lospoliticosveracruz.com\/index.php?rest_route=\/wp\/v2\/posts\/160192","targetHints":{"allow":["GET"]}}],"collection":[{"href":"https:\/\/lospoliticosveracruz.com\/index.php?rest_route=\/wp\/v2\/posts"}],"about":[{"href":"https:\/\/lospoliticosveracruz.com\/index.php?rest_route=\/wp\/v2\/types\/post"}],"author":[{"embeddable":true,"href":"https:\/\/lospoliticosveracruz.com\/index.php?rest_route=\/wp\/v2\/users\/2"}],"replies":[{"embeddable":true,"href":"https:\/\/lospoliticosveracruz.com\/index.php?rest_route=%2Fwp%2Fv2%2Fcomments&post=160192"}],"version-history":[{"count":1,"href":"https:\/\/lospoliticosveracruz.com\/index.php?rest_route=\/wp\/v2\/posts\/160192\/revisions"}],"predecessor-version":[{"id":160193,"href":"https:\/\/lospoliticosveracruz.com\/index.php?rest_route=\/wp\/v2\/posts\/160192\/revisions\/160193"}],"wp:featuredmedia":[{"embeddable":true,"href":"https:\/\/lospoliticosveracruz.com\/index.php?rest_route=\/wp\/v2\/media\/141387"}],"wp:attachment":[{"href":"https:\/\/lospoliticosveracruz.com\/index.php?rest_route=%2Fwp%2Fv2%2Fmedia&parent=160192"}],"wp:term":[{"taxonomy":"category","embeddable":true,"href":"https:\/\/lospoliticosveracruz.com\/index.php?rest_route=%2Fwp%2Fv2%2Fcategories&post=160192"},{"taxonomy":"post_tag","embeddable":true,"href":"https:\/\/lospoliticosveracruz.com\/index.php?rest_route=%2Fwp%2Fv2%2Ftags&post=160192"}],"curies":[{"name":"wp","href":"https:\/\/api.w.org\/{rel}","templated":true}]}}