{"id":160206,"date":"2026-01-12T17:35:50","date_gmt":"2026-01-12T23:35:50","guid":{"rendered":"https:\/\/lospoliticosveracruz.com\/?p=160206"},"modified":"2026-01-12T17:35:51","modified_gmt":"2026-01-12T23:35:51","slug":"para-consolidar-a-la-upav","status":"publish","type":"post","link":"https:\/\/lospoliticosveracruz.com\/?p=160206","title":{"rendered":"PARA CONSOLIDAR A LA UPAV"},"content":{"rendered":"\n<p>Con 39 votos a favor, ocho en contra y cero abstenciones, el Pleno de la LXVII Legislatura aval\u00f3 las reformas a la Ley que crea la Universidad Popular Aut\u00f3noma de Veracruz presentadas a esta Soberan\u00eda por la gobernadora del estado, Roc\u00edo Nahle Garc\u00eda, a fin de establecer procedimientos claros de recaudaci\u00f3n, administraci\u00f3n y vigilancia del patrimonio universitario, con el fin de asegurar su integridad y aplicaci\u00f3n estricta al sostenimiento, mejora y expansi\u00f3n de los programas educativos de la casa de estudios.<\/p>\n\n\n\n<p>En la Segunda Sesi\u00f3n Extraordinaria del Primer Receso del segundo a\u00f1o de labores, la Mesa Directiva, presidida por la diputada Naomi Edith G\u00f3mez Santos, puso a consideraci\u00f3n del Pleno el dictamen emitido por la Comisi\u00f3n Permanente de Educaci\u00f3n y Cultura, derivado de la Iniciativa con Proyecto de Decreto que reforma diversas disposiciones del ordenamiento mencionado.<\/p>\n\n\n\n<p>La reforma aprobada establece que la Universidad Popular Aut\u00f3noma de Veracruz (UPAV) es una \u201cInstituci\u00f3n P\u00fablica de Educaci\u00f3n con car\u00e1cter de organismo p\u00fablico descentralizado de la administraci\u00f3n p\u00fablica del Estado de Veracruz de Ignacio de la Llave, que gozar\u00e1 de personalidad jur\u00eddica y patrimonio propios y estar\u00e1 sectorizada a la Secretar\u00eda de Educaci\u00f3n del Poder Ejecutivo Estatal\u201d.<\/p>\n\n\n\n<p>Para dar cumplimiento a su objeto legal y fines, la Universidad \u201cse apoyar\u00e1 en el personal administrativo y acad\u00e9mico, y sus egresados\u201d. El servicio social y el combate a la pobreza siguen siendo tareas de todos los integrantes de la Universidad.<\/p>\n\n\n\n<p>En cuanto a su patrimonio, a los rendimientos, recuperaciones y dem\u00e1s ingresos que obtenga de la inversi\u00f3n de los recursos referidos en el art\u00edculo 7, la UPAV deber\u00e1 cumplir con el marco legal en la materia.<\/p>\n\n\n\n<p>Adem\u00e1s, podr\u00e1 convenir acciones de coordinaci\u00f3n, colaboraci\u00f3n y participaci\u00f3n acad\u00e9mica con personas f\u00edsicas o morales, p\u00fablicas o privadas, nacionales o extranjeras, en t\u00e9rminos de la legislaci\u00f3n aplicable.<\/p>\n\n\n\n<p>El dictamen detalla que los derechos y dem\u00e1s ingresos, que por cualquier t\u00edtulo legal sea bienes y valores de la Universidad, ser\u00e1n recaudados exclusivamente a trav\u00e9s de los mecanismos electr\u00f3nicos dispuestos por la Oficina Virtual de Hacienda (OVH) del Gobierno del Estado de Veracruz.<\/p>\n\n\n\n<p>Para la disposici\u00f3n de estos recursos, precisa el documento, el Rector deber\u00e1 integrar anualmente un proyecto de presupuesto espec\u00edfico y someterlo a la aprobaci\u00f3n de la Junta de Gobierno de la Universidad.<\/p>\n\n\n\n<p>Respecto de los bienes muebles, inmuebles, recursos econ\u00f3micos y todo lo que forme parte del patrimonio de la Universidad, se equiparan al dominio p\u00fablico del Estado, por lo que \u201ctienen el car\u00e1cter de inalienables, inembargables e imprescriptibles y sobre los mismos no podr\u00e1 constituirse gravamen alguno\u201d.<\/p>\n\n\n\n<p>Corresponder\u00e1 al titular de la Secretar\u00eda de Finanzas y Planeaci\u00f3n (Sefiplan) dictar las normas en materia de control presupuestal de la Universidad.<\/p>\n\n\n\n<p>Tambi\u00e9n se determina que el presupuesto de cada ejercicio deber\u00e1 contener indicadores de gesti\u00f3n, desempe\u00f1o y financieros.<\/p>\n\n\n\n<p>De acuerdo con el Art\u00edculo Tercero Transitorio, la Universidad deber\u00e1 expedir, en un t\u00e9rmino no mayor a 90 d\u00edas naturales, las normas en materia de planeaci\u00f3n y mecanismos de control del ciclo presupuestal en relaci\u00f3n con la aplicaci\u00f3n de los recursos p\u00fablicos que sean patrimonio propio de la UPAV; el Rector tiene la obligaci\u00f3n de ejercer sus atribuciones en materia de control y coordinaci\u00f3n y generar elementos que permitan la evaluaci\u00f3n del desempe\u00f1o de resultados, de la medici\u00f3n a la gesti\u00f3n financiera y en su caso, las alertas cuando exista un uso indebido de los recursos propios de la Universidad<\/p>\n\n\n\n<p>El Cuarto Transitorio indica que los recursos provenientes de los derechos y dem\u00e1s ingresos que hayan sido recibidos antes de la entrada en vigor del Decreto deber\u00e1n ser conciliados, registrados e integrados al patrimonio de la UPAV.<\/p>\n\n\n\n<p>Por \u00faltimo, el Quinto Transitorio establece que la Sefiplan deber\u00e1 expedir en un t\u00e9rmino no mayor a 60 d\u00edas naturales las normas en materia control presupuestal de la instituci\u00f3n.<\/p>\n\n\n\n<p>Las reformas, propuestas por la gobernadora y aprobadas por este Congreso, permitir\u00e1n generar beneficios inmediatos en materia de control presupuestal, consolidar en el mediano plazo una gesti\u00f3n financiera responsable y, en el largo plazo, fortalecer la estabilidad institucional y el uso estrat\u00e9gico de los bienes y recursos que conforman el patrimonio de la UPAV.<\/p>\n\n\n\n<p><strong>Discusi\u00f3n del dictamen<\/strong><\/p>\n\n\n\n<p>El diputado Jos\u00e9 Reveriano Mar\u00edn Hern\u00e1ndez adelant\u00f3 el voto decidido del Grupo Legislativo de Morena, que ha asumido \u201cel compromiso irrenunciable de combatir la corrupci\u00f3n y el derroche, priorizando el bienestar del pueblo veracruzano\u201d.<\/p>\n\n\n\n<p>Esta reforma, asever\u00f3, no solo asegura la integridad del patrimonio de la UPAV, sino que fortalece su capacidad para expandir programas educativos accesibles y, adem\u00e1s, representa un paso adelante en la modernizaci\u00f3n de la gesti\u00f3n educativa p\u00fablica, asegurando que los recursos se destinen estrictamente a educar, investigar y difundir la cultura, respetando la autonom\u00eda universitaria y las relaciones laborales.<\/p>\n\n\n\n<p>A su vez, el diputado H\u00e9ctor Yunes Landa, del Grupo Legislativo Mixto Veracruz Nos Une, centr\u00f3 su posicionamiento en la autonom\u00eda presupuestal de la Universidad y su financiamiento, derechos laborales de docentes y personal, administraci\u00f3n y destino de los bienes muebles e inmuebles y recursos de la instituci\u00f3n.<\/p>\n\n\n\n<p>Por el Grupo Legislativo del Partido Acci\u00f3n Nacional (PAN), la diputada Indira de Jes\u00fas Rosales San Rom\u00e1n habl\u00f3 de la necesidad de actuar con honradez, responsabilidad, orden y congruencia, y que las medidas que se tomen a partir de esta reforma redunden en favor tanto de las y los estudiantes como de las y los docentes, en justicia y con respeto a sus derechos.<\/p>\n\n\n\n<p>La legisladora Elizabeth Morales Garc\u00eda, del Partido del Trabajo (PT), reconoci\u00f3 que la gobernadora Roc\u00edo Nahle Garc\u00eda actu\u00f3 con sensibilidad y visi\u00f3n institucional al impulsar una actualizaci\u00f3n del marco legal de la UPAV que atiende problemas estructurales y, sobre todo, busca fortalecer a la Universidad, dotarla de reglas claras, proteger su patrimonio y asegurar que los recursos p\u00fablicos sean administrados con transparencia, legalidad y responsabilidad.<\/p>\n\n\n\n<p>Por \u00faltimo, el legislador Adri\u00e1n Sigfrido \u00c1vila Estrada, del partido Movimiento Ciudadano (MC), adelant\u00f3 su voto a favor del dictamen \u201cporque consideramos que este nuevo marco institucional puede sentar las bases para reconstruir la integridad, transparencia y credibilidad de esta casa de estudios, sin embargo, no basta con reorganizar la estructura administrativa\u201d.<\/p>\n","protected":false},"excerpt":{"rendered":"<p>Con 39 votos a favor, ocho en contra y cero abstenciones, el Pleno de la LXVII Legislatura aval\u00f3 las reformas a la Ley que crea la Universidad Popular Aut\u00f3noma de Veracruz presentadas a esta Soberan\u00eda por la gobernadora del estado, Roc\u00edo Nahle Garc\u00eda, a fin de establecer procedimientos claros de recaudaci\u00f3n, administraci\u00f3n y vigilancia del [&hellip;]<\/p>\n","protected":false},"author":2,"featured_media":160207,"comment_status":"closed","ping_status":"closed","sticky":false,"template":"","format":"standard","meta":{"tdm_status":"","tdm_grid_status":"","footnotes":""},"categories":[43718],"tags":[49734,49735,49732,49731,49733,49730,49729],"class_list":{"0":"post-160206","1":"post","2":"type-post","3":"status-publish","4":"format-standard","5":"has-post-thumbnail","7":"category-elpalaciodeencanto","8":"tag-control-presupuestal-sefiplan-upav","9":"tag-junta-de-gobierno-upav-presupuesto-2026","10":"tag-modernizacion-gestion-educativa-upav","11":"tag-oficina-virtual-de-hacienda-upav-pagos","12":"tag-patrimonio-universitario-inalienable-veracruz","13":"tag-reforma-ley-upav-rocio-nahle-2026","14":"tag-upav-organismo-publico-descentralizado-veracruz"},"yoast_head":"<!-- This site is optimized with the Yoast SEO plugin v27.4 - https:\/\/yoast.com\/product\/yoast-seo-wordpress\/ -->\n<title>PARA CONSOLIDAR A LA UPAV - Los pol\u00edticos Veracruz<\/title>\n<meta name=\"robots\" content=\"index, follow, max-snippet:-1, max-image-preview:large, max-video-preview:-1\" \/>\n<link rel=\"canonical\" href=\"https:\/\/lospoliticosveracruz.com\/?p=160206\" \/>\n<meta property=\"og:locale\" content=\"es_ES\" \/>\n<meta property=\"og:type\" content=\"article\" \/>\n<meta property=\"og:title\" content=\"PARA CONSOLIDAR A LA UPAV - Los pol\u00edticos Veracruz\" \/>\n<meta property=\"og:description\" content=\"Con 39 votos a favor, ocho en contra y cero abstenciones, el Pleno de la LXVII Legislatura aval\u00f3 las reformas a la Ley que crea la Universidad Popular Aut\u00f3noma de Veracruz presentadas a esta Soberan\u00eda por la gobernadora del estado, Roc\u00edo Nahle Garc\u00eda, a fin de establecer procedimientos claros de recaudaci\u00f3n, administraci\u00f3n y vigilancia del [&hellip;]\" \/>\n<meta property=\"og:url\" content=\"https:\/\/lospoliticosveracruz.com\/?p=160206\" \/>\n<meta property=\"og:site_name\" content=\"Los pol\u00edticos Veracruz\" \/>\n<meta property=\"article:publisher\" content=\"https:\/\/www.facebook.com\/people\/Notimemes-de-los-Polticos\/61565672886568\/\" \/>\n<meta property=\"article:published_time\" content=\"2026-01-12T23:35:50+00:00\" \/>\n<meta property=\"article:modified_time\" content=\"2026-01-12T23:35:51+00:00\" \/>\n<meta property=\"og:image\" content=\"https:\/\/lospoliticosveracruz.com\/wp-content\/uploads\/2026\/01\/Adrian-Elizabeth-Indira-Hector.jpg\" \/>\n\t<meta property=\"og:image:width\" content=\"600\" \/>\n\t<meta property=\"og:image:height\" content=\"320\" \/>\n\t<meta property=\"og:image:type\" content=\"image\/jpeg\" \/>\n<meta name=\"author\" content=\"Lo viste en Los Pol\u00edticos\" \/>\n<meta name=\"twitter:card\" content=\"summary_large_image\" \/>\n<meta name=\"twitter:creator\" content=\"@LosPoliticosVer\" \/>\n<meta name=\"twitter:site\" content=\"@LosPoliticosVer\" \/>\n<meta name=\"twitter:label1\" content=\"Escrito por\" \/>\n\t<meta name=\"twitter:data1\" content=\"Lo viste en Los Pol\u00edticos\" \/>\n\t<meta name=\"twitter:label2\" content=\"Tiempo de lectura\" \/>\n\t<meta name=\"twitter:data2\" content=\"5 minutos\" \/>\n<script type=\"application\/ld+json\" class=\"yoast-schema-graph\">{\"@context\":\"https:\\\/\\\/schema.org\",\"@graph\":[{\"@type\":\"Article\",\"@id\":\"https:\\\/\\\/lospoliticosveracruz.com\\\/?p=160206#article\",\"isPartOf\":{\"@id\":\"https:\\\/\\\/lospoliticosveracruz.com\\\/?p=160206\"},\"author\":{\"name\":\"Lo viste en Los Pol\u00edticos\",\"@id\":\"https:\\\/\\\/lospoliticosveracruz.com\\\/#\\\/schema\\\/person\\\/b8702bb0e538456e6efd07080bf2a4a2\"},\"headline\":\"PARA CONSOLIDAR A LA UPAV\",\"datePublished\":\"2026-01-12T23:35:50+00:00\",\"dateModified\":\"2026-01-12T23:35:51+00:00\",\"mainEntityOfPage\":{\"@id\":\"https:\\\/\\\/lospoliticosveracruz.com\\\/?p=160206\"},\"wordCount\":1102,\"publisher\":{\"@id\":\"https:\\\/\\\/lospoliticosveracruz.com\\\/#organization\"},\"image\":{\"@id\":\"https:\\\/\\\/lospoliticosveracruz.com\\\/?p=160206#primaryimage\"},\"thumbnailUrl\":\"https:\\\/\\\/lospoliticosveracruz.com\\\/wp-content\\\/uploads\\\/2026\\\/01\\\/Adrian-Elizabeth-Indira-Hector.jpg\",\"keywords\":[\"Control presupuestal SEFIPLAN UPAV\",\"Junta de Gobierno UPAV presupuesto 2026\",\"Modernizaci\u00f3n gesti\u00f3n educativa UPAV\",\"Oficina Virtual de Hacienda UPAV pagos\",\"Patrimonio universitario inalienable Veracruz\",\"Reforma Ley UPAV Roc\u00edo Nahle 2026\",\"UPAV Organismo P\u00fablico Descentralizado Veracruz\"],\"articleSection\":[\"EL PALACIO DE ENCANTO\"],\"inLanguage\":\"es\"},{\"@type\":\"WebPage\",\"@id\":\"https:\\\/\\\/lospoliticosveracruz.com\\\/?p=160206\",\"url\":\"https:\\\/\\\/lospoliticosveracruz.com\\\/?p=160206\",\"name\":\"PARA CONSOLIDAR A LA UPAV - Los pol\u00edticos Veracruz\",\"isPartOf\":{\"@id\":\"https:\\\/\\\/lospoliticosveracruz.com\\\/#website\"},\"primaryImageOfPage\":{\"@id\":\"https:\\\/\\\/lospoliticosveracruz.com\\\/?p=160206#primaryimage\"},\"image\":{\"@id\":\"https:\\\/\\\/lospoliticosveracruz.com\\\/?p=160206#primaryimage\"},\"thumbnailUrl\":\"https:\\\/\\\/lospoliticosveracruz.com\\\/wp-content\\\/uploads\\\/2026\\\/01\\\/Adrian-Elizabeth-Indira-Hector.jpg\",\"datePublished\":\"2026-01-12T23:35:50+00:00\",\"dateModified\":\"2026-01-12T23:35:51+00:00\",\"breadcrumb\":{\"@id\":\"https:\\\/\\\/lospoliticosveracruz.com\\\/?p=160206#breadcrumb\"},\"inLanguage\":\"es\",\"potentialAction\":[{\"@type\":\"ReadAction\",\"target\":[\"https:\\\/\\\/lospoliticosveracruz.com\\\/?p=160206\"]}]},{\"@type\":\"ImageObject\",\"inLanguage\":\"es\",\"@id\":\"https:\\\/\\\/lospoliticosveracruz.com\\\/?p=160206#primaryimage\",\"url\":\"https:\\\/\\\/lospoliticosveracruz.com\\\/wp-content\\\/uploads\\\/2026\\\/01\\\/Adrian-Elizabeth-Indira-Hector.jpg\",\"contentUrl\":\"https:\\\/\\\/lospoliticosveracruz.com\\\/wp-content\\\/uploads\\\/2026\\\/01\\\/Adrian-Elizabeth-Indira-Hector.jpg\",\"width\":600,\"height\":320},{\"@type\":\"BreadcrumbList\",\"@id\":\"https:\\\/\\\/lospoliticosveracruz.com\\\/?p=160206#breadcrumb\",\"itemListElement\":[{\"@type\":\"ListItem\",\"position\":1,\"name\":\"Portada\",\"item\":\"https:\\\/\\\/lospoliticosveracruz.com\\\/\"},{\"@type\":\"ListItem\",\"position\":2,\"name\":\"PARA CONSOLIDAR A LA UPAV\"}]},{\"@type\":\"WebSite\",\"@id\":\"https:\\\/\\\/lospoliticosveracruz.com\\\/#website\",\"url\":\"https:\\\/\\\/lospoliticosveracruz.com\\\/\",\"name\":\"Los pol\u00edticos Veracruz\",\"description\":\"\",\"publisher\":{\"@id\":\"https:\\\/\\\/lospoliticosveracruz.com\\\/#organization\"},\"potentialAction\":[{\"@type\":\"SearchAction\",\"target\":{\"@type\":\"EntryPoint\",\"urlTemplate\":\"https:\\\/\\\/lospoliticosveracruz.com\\\/?s={search_term_string}\"},\"query-input\":{\"@type\":\"PropertyValueSpecification\",\"valueRequired\":true,\"valueName\":\"search_term_string\"}}],\"inLanguage\":\"es\"},{\"@type\":\"Organization\",\"@id\":\"https:\\\/\\\/lospoliticosveracruz.com\\\/#organization\",\"name\":\"Los pol\u00edticos Veracruz\",\"url\":\"https:\\\/\\\/lospoliticosveracruz.com\\\/\",\"logo\":{\"@type\":\"ImageObject\",\"inLanguage\":\"es\",\"@id\":\"https:\\\/\\\/lospoliticosveracruz.com\\\/#\\\/schema\\\/logo\\\/image\\\/\",\"url\":\"https:\\\/\\\/lospoliticosveracruz.com\\\/wp-content\\\/uploads\\\/2025\\\/12\\\/Logo-Nuevo-LOS-POLITICOS-1.jpg\",\"contentUrl\":\"https:\\\/\\\/lospoliticosveracruz.com\\\/wp-content\\\/uploads\\\/2025\\\/12\\\/Logo-Nuevo-LOS-POLITICOS-1.jpg\",\"width\":260,\"height\":70,\"caption\":\"Los pol\u00edticos Veracruz\"},\"image\":{\"@id\":\"https:\\\/\\\/lospoliticosveracruz.com\\\/#\\\/schema\\\/logo\\\/image\\\/\"},\"sameAs\":[\"https:\\\/\\\/www.facebook.com\\\/people\\\/Notimemes-de-los-Polticos\\\/61565672886568\\\/\",\"https:\\\/\\\/x.com\\\/LosPoliticosVer\"]},{\"@type\":\"Person\",\"@id\":\"https:\\\/\\\/lospoliticosveracruz.com\\\/#\\\/schema\\\/person\\\/b8702bb0e538456e6efd07080bf2a4a2\",\"name\":\"Lo viste en Los Pol\u00edticos\",\"image\":{\"@type\":\"ImageObject\",\"inLanguage\":\"es\",\"@id\":\"https:\\\/\\\/secure.gravatar.com\\\/avatar\\\/3a8de04a2656d44082be478bd6c086daa447c4651605818287b9532d3d0bd435?s=96&d=mm&r=g\",\"url\":\"https:\\\/\\\/secure.gravatar.com\\\/avatar\\\/3a8de04a2656d44082be478bd6c086daa447c4651605818287b9532d3d0bd435?s=96&d=mm&r=g\",\"contentUrl\":\"https:\\\/\\\/secure.gravatar.com\\\/avatar\\\/3a8de04a2656d44082be478bd6c086daa447c4651605818287b9532d3d0bd435?s=96&d=mm&r=g\",\"caption\":\"Lo viste en Los Pol\u00edticos\"},\"url\":\"https:\\\/\\\/lospoliticosveracruz.com\\\/?author=2\"}]}<\/script>\n<!-- \/ Yoast SEO plugin. -->","yoast_head_json":{"title":"PARA CONSOLIDAR A LA UPAV - Los pol\u00edticos Veracruz","robots":{"index":"index","follow":"follow","max-snippet":"max-snippet:-1","max-image-preview":"max-image-preview:large","max-video-preview":"max-video-preview:-1"},"canonical":"https:\/\/lospoliticosveracruz.com\/?p=160206","og_locale":"es_ES","og_type":"article","og_title":"PARA CONSOLIDAR A LA UPAV - Los pol\u00edticos Veracruz","og_description":"Con 39 votos a favor, ocho en contra y cero abstenciones, el Pleno de la LXVII Legislatura aval\u00f3 las reformas a la Ley que crea la Universidad Popular Aut\u00f3noma de Veracruz presentadas a esta Soberan\u00eda por la gobernadora del estado, Roc\u00edo Nahle Garc\u00eda, a fin de establecer procedimientos claros de recaudaci\u00f3n, administraci\u00f3n y vigilancia del [&hellip;]","og_url":"https:\/\/lospoliticosveracruz.com\/?p=160206","og_site_name":"Los pol\u00edticos Veracruz","article_publisher":"https:\/\/www.facebook.com\/people\/Notimemes-de-los-Polticos\/61565672886568\/","article_published_time":"2026-01-12T23:35:50+00:00","article_modified_time":"2026-01-12T23:35:51+00:00","og_image":[{"width":600,"height":320,"url":"https:\/\/lospoliticosveracruz.com\/wp-content\/uploads\/2026\/01\/Adrian-Elizabeth-Indira-Hector.jpg","type":"image\/jpeg"}],"author":"Lo viste en Los Pol\u00edticos","twitter_card":"summary_large_image","twitter_creator":"@LosPoliticosVer","twitter_site":"@LosPoliticosVer","twitter_misc":{"Escrito por":"Lo viste en Los Pol\u00edticos","Tiempo de lectura":"5 minutos"},"schema":{"@context":"https:\/\/schema.org","@graph":[{"@type":"Article","@id":"https:\/\/lospoliticosveracruz.com\/?p=160206#article","isPartOf":{"@id":"https:\/\/lospoliticosveracruz.com\/?p=160206"},"author":{"name":"Lo viste en Los Pol\u00edticos","@id":"https:\/\/lospoliticosveracruz.com\/#\/schema\/person\/b8702bb0e538456e6efd07080bf2a4a2"},"headline":"PARA CONSOLIDAR A LA UPAV","datePublished":"2026-01-12T23:35:50+00:00","dateModified":"2026-01-12T23:35:51+00:00","mainEntityOfPage":{"@id":"https:\/\/lospoliticosveracruz.com\/?p=160206"},"wordCount":1102,"publisher":{"@id":"https:\/\/lospoliticosveracruz.com\/#organization"},"image":{"@id":"https:\/\/lospoliticosveracruz.com\/?p=160206#primaryimage"},"thumbnailUrl":"https:\/\/lospoliticosveracruz.com\/wp-content\/uploads\/2026\/01\/Adrian-Elizabeth-Indira-Hector.jpg","keywords":["Control presupuestal SEFIPLAN UPAV","Junta de Gobierno UPAV presupuesto 2026","Modernizaci\u00f3n gesti\u00f3n educativa UPAV","Oficina Virtual de Hacienda UPAV pagos","Patrimonio universitario inalienable Veracruz","Reforma Ley UPAV Roc\u00edo Nahle 2026","UPAV Organismo P\u00fablico Descentralizado Veracruz"],"articleSection":["EL PALACIO DE ENCANTO"],"inLanguage":"es"},{"@type":"WebPage","@id":"https:\/\/lospoliticosveracruz.com\/?p=160206","url":"https:\/\/lospoliticosveracruz.com\/?p=160206","name":"PARA CONSOLIDAR A LA UPAV - Los pol\u00edticos Veracruz","isPartOf":{"@id":"https:\/\/lospoliticosveracruz.com\/#website"},"primaryImageOfPage":{"@id":"https:\/\/lospoliticosveracruz.com\/?p=160206#primaryimage"},"image":{"@id":"https:\/\/lospoliticosveracruz.com\/?p=160206#primaryimage"},"thumbnailUrl":"https:\/\/lospoliticosveracruz.com\/wp-content\/uploads\/2026\/01\/Adrian-Elizabeth-Indira-Hector.jpg","datePublished":"2026-01-12T23:35:50+00:00","dateModified":"2026-01-12T23:35:51+00:00","breadcrumb":{"@id":"https:\/\/lospoliticosveracruz.com\/?p=160206#breadcrumb"},"inLanguage":"es","potentialAction":[{"@type":"ReadAction","target":["https:\/\/lospoliticosveracruz.com\/?p=160206"]}]},{"@type":"ImageObject","inLanguage":"es","@id":"https:\/\/lospoliticosveracruz.com\/?p=160206#primaryimage","url":"https:\/\/lospoliticosveracruz.com\/wp-content\/uploads\/2026\/01\/Adrian-Elizabeth-Indira-Hector.jpg","contentUrl":"https:\/\/lospoliticosveracruz.com\/wp-content\/uploads\/2026\/01\/Adrian-Elizabeth-Indira-Hector.jpg","width":600,"height":320},{"@type":"BreadcrumbList","@id":"https:\/\/lospoliticosveracruz.com\/?p=160206#breadcrumb","itemListElement":[{"@type":"ListItem","position":1,"name":"Portada","item":"https:\/\/lospoliticosveracruz.com\/"},{"@type":"ListItem","position":2,"name":"PARA CONSOLIDAR A LA UPAV"}]},{"@type":"WebSite","@id":"https:\/\/lospoliticosveracruz.com\/#website","url":"https:\/\/lospoliticosveracruz.com\/","name":"Los pol\u00edticos Veracruz","description":"","publisher":{"@id":"https:\/\/lospoliticosveracruz.com\/#organization"},"potentialAction":[{"@type":"SearchAction","target":{"@type":"EntryPoint","urlTemplate":"https:\/\/lospoliticosveracruz.com\/?s={search_term_string}"},"query-input":{"@type":"PropertyValueSpecification","valueRequired":true,"valueName":"search_term_string"}}],"inLanguage":"es"},{"@type":"Organization","@id":"https:\/\/lospoliticosveracruz.com\/#organization","name":"Los pol\u00edticos Veracruz","url":"https:\/\/lospoliticosveracruz.com\/","logo":{"@type":"ImageObject","inLanguage":"es","@id":"https:\/\/lospoliticosveracruz.com\/#\/schema\/logo\/image\/","url":"https:\/\/lospoliticosveracruz.com\/wp-content\/uploads\/2025\/12\/Logo-Nuevo-LOS-POLITICOS-1.jpg","contentUrl":"https:\/\/lospoliticosveracruz.com\/wp-content\/uploads\/2025\/12\/Logo-Nuevo-LOS-POLITICOS-1.jpg","width":260,"height":70,"caption":"Los pol\u00edticos Veracruz"},"image":{"@id":"https:\/\/lospoliticosveracruz.com\/#\/schema\/logo\/image\/"},"sameAs":["https:\/\/www.facebook.com\/people\/Notimemes-de-los-Polticos\/61565672886568\/","https:\/\/x.com\/LosPoliticosVer"]},{"@type":"Person","@id":"https:\/\/lospoliticosveracruz.com\/#\/schema\/person\/b8702bb0e538456e6efd07080bf2a4a2","name":"Lo viste en Los Pol\u00edticos","image":{"@type":"ImageObject","inLanguage":"es","@id":"https:\/\/secure.gravatar.com\/avatar\/3a8de04a2656d44082be478bd6c086daa447c4651605818287b9532d3d0bd435?s=96&d=mm&r=g","url":"https:\/\/secure.gravatar.com\/avatar\/3a8de04a2656d44082be478bd6c086daa447c4651605818287b9532d3d0bd435?s=96&d=mm&r=g","contentUrl":"https:\/\/secure.gravatar.com\/avatar\/3a8de04a2656d44082be478bd6c086daa447c4651605818287b9532d3d0bd435?s=96&d=mm&r=g","caption":"Lo viste en Los Pol\u00edticos"},"url":"https:\/\/lospoliticosveracruz.com\/?author=2"}]}},"_links":{"self":[{"href":"https:\/\/lospoliticosveracruz.com\/index.php?rest_route=\/wp\/v2\/posts\/160206","targetHints":{"allow":["GET"]}}],"collection":[{"href":"https:\/\/lospoliticosveracruz.com\/index.php?rest_route=\/wp\/v2\/posts"}],"about":[{"href":"https:\/\/lospoliticosveracruz.com\/index.php?rest_route=\/wp\/v2\/types\/post"}],"author":[{"embeddable":true,"href":"https:\/\/lospoliticosveracruz.com\/index.php?rest_route=\/wp\/v2\/users\/2"}],"replies":[{"embeddable":true,"href":"https:\/\/lospoliticosveracruz.com\/index.php?rest_route=%2Fwp%2Fv2%2Fcomments&post=160206"}],"version-history":[{"count":1,"href":"https:\/\/lospoliticosveracruz.com\/index.php?rest_route=\/wp\/v2\/posts\/160206\/revisions"}],"predecessor-version":[{"id":160208,"href":"https:\/\/lospoliticosveracruz.com\/index.php?rest_route=\/wp\/v2\/posts\/160206\/revisions\/160208"}],"wp:featuredmedia":[{"embeddable":true,"href":"https:\/\/lospoliticosveracruz.com\/index.php?rest_route=\/wp\/v2\/media\/160207"}],"wp:attachment":[{"href":"https:\/\/lospoliticosveracruz.com\/index.php?rest_route=%2Fwp%2Fv2%2Fmedia&parent=160206"}],"wp:term":[{"taxonomy":"category","embeddable":true,"href":"https:\/\/lospoliticosveracruz.com\/index.php?rest_route=%2Fwp%2Fv2%2Fcategories&post=160206"},{"taxonomy":"post_tag","embeddable":true,"href":"https:\/\/lospoliticosveracruz.com\/index.php?rest_route=%2Fwp%2Fv2%2Ftags&post=160206"}],"curies":[{"name":"wp","href":"https:\/\/api.w.org\/{rel}","templated":true}]}}