{"id":160259,"date":"2026-01-13T10:39:38","date_gmt":"2026-01-13T16:39:38","guid":{"rendered":"https:\/\/lospoliticosveracruz.com\/?p=160259"},"modified":"2026-01-13T10:39:39","modified_gmt":"2026-01-13T16:39:39","slug":"cuando-los-problemas-se-quedan-en-el-cajon","status":"publish","type":"post","link":"https:\/\/lospoliticosveracruz.com\/?p=160259","title":{"rendered":"CUANDO LOS PROBLEMAS SE QUEDAN EN EL CAJ\u00d3N"},"content":{"rendered":"\n<p><strong>Elena C\u00f3rdova Molina<\/strong><\/p>\n\n\n\n<p><em>Legislando Contigo<\/em><\/p>\n\n\n\n<p>\u00bfA qui\u00e9n no le ha tocado hacer fila para un tr\u00e1mite?<\/p>\n\n\n\n<p>Pero no una fila normal.<\/p>\n\n\n\n<p>Una de esas donde llegas de madrugada, con su\u00e9ter porque hace fr\u00edo, con un caf\u00e9 en la mano, esperando que te toque ficha.<\/p>\n\n\n\n\n\n<p>Hay personas que se forman desde las cuatro o cinco de la ma\u00f1ana.<\/p>\n\n\n\n<p>Adultos mayores, madres con ni\u00f1as y ni\u00f1os, personas que pidieron permiso en el trabajo y cruzan los dedos para que el tr\u00e1mite s\u00ed se pueda hacer ese d\u00eda.<\/p>\n\n\n\n<p>Y uno se pregunta: \u00bfde verdad no hay otra forma?<\/p>\n\n\n\n<p>Cuando cosas as\u00ed pasan, alguien tiene que decirlo en voz alta.<\/p>\n\n\n\n<p>Alguien tiene que levantar la mano y decir:<\/p>\n\n\n\n<p>\u201cEsto no est\u00e1 bien\u201d.<\/p>\n\n\n\n<p>Eso es lo que yo he hecho muchas veces:<\/p>\n\n\n\n<p>decirlo, pedir que se corrija, poner sobre la mesa lo que la gente vive todos los d\u00edas.<\/p>\n\n\n\n<p>Tambi\u00e9n pas\u00f3 con las casetas de las Altas Monta\u00f1as.<\/p>\n\n\n\n<p>Ya hab\u00edan quitado una\u2026<\/p>\n\n\n\n<p>y luego quer\u00edan poner dos.<\/p>\n\n\n\n<p>Dos casetas significaban m\u00e1s gasto, m\u00e1s tiempo perdido, m\u00e1s corajes para quienes usan esa carretera a diario para trabajar, estudiar o llegar a casa.<\/p>\n\n\n\n<p>Se dijo, se se\u00f1al\u00f3, se pidi\u00f3 que no se hiciera.<\/p>\n\n\n\n<p>Al final, no se pusieron. Y qu\u00e9 bueno.<\/p>\n\n\n\n<p>Pero hay algo que casi nadie vio: esa petici\u00f3n, como muchas otras, se qued\u00f3 guardada.<\/p>\n\n\n\n<p>No porque no tuviera sentido.<\/p>\n\n\n\n<p>No porque estuviera mal.<\/p>\n\n\n\n<p>Simplemente porque nadie estaba obligado a revisarla.<\/p>\n\n\n\n<p>Y eso tambi\u00e9n pasa con temas de salud.<\/p>\n\n\n\n<p>Con el dengue, por ejemplo.<\/p>\n\n\n\n<p>Con problemas que necesitan atenci\u00f3n r\u00e1pida, no despu\u00e9s, no cuando ya es tarde.<\/p>\n\n\n\n<p>Cuando una petici\u00f3n se queda en el caj\u00f3n, el mensaje que se manda es muy duro: \u201ctu problema puede esperar\u201d.<\/p>\n\n\n\n<p>Y la verdad es que no deber\u00eda.<\/p>\n\n\n\n<p>Por eso decid\u00ed proponer algo muy sencillo:<\/p>\n\n\n\n<p>que las cosas no se queden guardadas.<\/p>\n\n\n\n<p>Que cuando se levante la voz por un problema real, se atienda.<\/p>\n\n\n\n<p>Que no se deje pasar el tiempo como si nada.<\/p>\n\n\n\n<p>No se trata de pleitos ni de partidos.<\/p>\n\n\n\n<p>Se trata de sentido com\u00fan.<\/p>\n\n\n\n<p>Porque los problemas no se archivan solos.<\/p>\n\n\n\n<p>Los vive la gente.<\/p>\n\n\n\n<p>Los vive quien hace fila.<\/p>\n\n\n\n<p>Quien paga m\u00e1s.<\/p>\n\n\n\n<p>Quien se enferma.<\/p>\n\n\n\n<p>Quien espera una respuesta.<\/p>\n\n\n\n<p>Y por eso, desde el lugar que hoy me toca, propuse una iniciativa para que esas peticiones tengan tiempos claros, para que no se queden olvidadas y para que los problemas que se se\u00f1alan s\u00ed tengan que revisarse y resolverse.<\/p>\n\n\n\n<p>Porque cuando las cosas se hacen bien, cuando se corrige a tiempo, la vida se vuelve un poquito m\u00e1s f\u00e1cil.<\/p>\n\n\n\n<p>Eso es lo que busco: que las decisiones no se queden en el caj\u00f3n, que se conviertan en soluciones.<\/p>\n\n\n\n<p>Porque los cajones son para papeles.<\/p>\n\n\n\n<p>No para los problemas de la gente.<\/p>\n","protected":false},"excerpt":{"rendered":"<p>Elena C\u00f3rdova Molina Legislando Contigo \u00bfA qui\u00e9n no le ha tocado hacer fila para un tr\u00e1mite? Pero no una fila normal. Una de esas donde llegas de madrugada, con su\u00e9ter porque hace fr\u00edo, con un caf\u00e9 en la mano, esperando que te toque ficha. Hay personas que se forman desde las cuatro o cinco de [&hellip;]<\/p>\n","protected":false},"author":2,"featured_media":141382,"comment_status":"closed","ping_status":"closed","sticky":false,"template":"","format":"standard","meta":{"tdm_status":"","tdm_grid_status":"","footnotes":""},"categories":[70],"tags":[49831,49828,49827,49826,49832,49829,49830],"class_list":{"0":"post-160259","1":"post","2":"type-post","3":"status-publish","4":"format-standard","5":"has-post-thumbnail","7":"category-de-opinion","8":"tag-atencion-ciudadana-y-sentido-comun-politica","9":"tag-eficiencia-en-tramites-gubernamentales-veracruz","10":"tag-elena-cordova-molina-casetas-altas-montanas","11":"tag-elena-cordova-molina-legislando-contigo","12":"tag-elena-cordova-molina-soluciones-cajon","13":"tag-iniciativa-contra-rezago-legislativo-veracruz","14":"tag-propuesta-para-reducir-tiempos-de-respuesta-gubernamental"},"yoast_head":"<!-- This site is optimized with the Yoast SEO plugin v27.4 - https:\/\/yoast.com\/product\/yoast-seo-wordpress\/ -->\n<title>CUANDO LOS PROBLEMAS SE QUEDAN EN EL CAJ\u00d3N - Los pol\u00edticos Veracruz<\/title>\n<meta name=\"robots\" content=\"index, follow, max-snippet:-1, max-image-preview:large, max-video-preview:-1\" \/>\n<link rel=\"canonical\" href=\"https:\/\/lospoliticosveracruz.com\/?p=160259\" \/>\n<meta property=\"og:locale\" content=\"es_ES\" \/>\n<meta property=\"og:type\" content=\"article\" \/>\n<meta property=\"og:title\" content=\"CUANDO LOS PROBLEMAS SE QUEDAN EN EL CAJ\u00d3N - Los pol\u00edticos Veracruz\" \/>\n<meta property=\"og:description\" content=\"Elena C\u00f3rdova Molina Legislando Contigo \u00bfA qui\u00e9n no le ha tocado hacer fila para un tr\u00e1mite? Pero no una fila normal. Una de esas donde llegas de madrugada, con su\u00e9ter porque hace fr\u00edo, con un caf\u00e9 en la mano, esperando que te toque ficha. Hay personas que se forman desde las cuatro o cinco de [&hellip;]\" \/>\n<meta property=\"og:url\" content=\"https:\/\/lospoliticosveracruz.com\/?p=160259\" \/>\n<meta property=\"og:site_name\" content=\"Los pol\u00edticos Veracruz\" \/>\n<meta property=\"article:publisher\" content=\"https:\/\/www.facebook.com\/people\/Notimemes-de-los-Polticos\/61565672886568\/\" \/>\n<meta property=\"article:published_time\" content=\"2026-01-13T16:39:38+00:00\" \/>\n<meta property=\"article:modified_time\" content=\"2026-01-13T16:39:39+00:00\" \/>\n<meta property=\"og:image\" content=\"https:\/\/lospoliticosveracruz.com\/wp-content\/uploads\/2025\/04\/Elena-Cordova-Molina.jpg\" \/>\n\t<meta property=\"og:image:width\" content=\"1250\" \/>\n\t<meta property=\"og:image:height\" content=\"667\" \/>\n\t<meta property=\"og:image:type\" content=\"image\/jpeg\" \/>\n<meta name=\"author\" content=\"Lo viste en Los Pol\u00edticos\" \/>\n<meta name=\"twitter:card\" content=\"summary_large_image\" \/>\n<meta name=\"twitter:creator\" content=\"@LosPoliticosVer\" \/>\n<meta name=\"twitter:site\" content=\"@LosPoliticosVer\" \/>\n<meta name=\"twitter:label1\" content=\"Escrito por\" \/>\n\t<meta name=\"twitter:data1\" content=\"Lo viste en Los Pol\u00edticos\" \/>\n\t<meta name=\"twitter:label2\" content=\"Tiempo de lectura\" \/>\n\t<meta name=\"twitter:data2\" content=\"3 minutos\" \/>\n<script type=\"application\/ld+json\" class=\"yoast-schema-graph\">{\"@context\":\"https:\\\/\\\/schema.org\",\"@graph\":[{\"@type\":\"Article\",\"@id\":\"https:\\\/\\\/lospoliticosveracruz.com\\\/?p=160259#article\",\"isPartOf\":{\"@id\":\"https:\\\/\\\/lospoliticosveracruz.com\\\/?p=160259\"},\"author\":{\"name\":\"Lo viste en Los Pol\u00edticos\",\"@id\":\"https:\\\/\\\/lospoliticosveracruz.com\\\/#\\\/schema\\\/person\\\/b8702bb0e538456e6efd07080bf2a4a2\"},\"headline\":\"CUANDO LOS PROBLEMAS SE QUEDAN EN EL CAJ\u00d3N\",\"datePublished\":\"2026-01-13T16:39:38+00:00\",\"dateModified\":\"2026-01-13T16:39:39+00:00\",\"mainEntityOfPage\":{\"@id\":\"https:\\\/\\\/lospoliticosveracruz.com\\\/?p=160259\"},\"wordCount\":497,\"publisher\":{\"@id\":\"https:\\\/\\\/lospoliticosveracruz.com\\\/#organization\"},\"image\":{\"@id\":\"https:\\\/\\\/lospoliticosveracruz.com\\\/?p=160259#primaryimage\"},\"thumbnailUrl\":\"https:\\\/\\\/lospoliticosveracruz.com\\\/wp-content\\\/uploads\\\/2025\\\/04\\\/Elena-Cordova-Molina.jpg\",\"keywords\":[\"Atenci\u00f3n ciudadana y sentido com\u00fan pol\u00edtica\",\"Eficiencia en tr\u00e1mites gubernamentales Veracruz\",\"Elena C\u00f3rdova Molina casetas Altas Monta\u00f1as\",\"Elena C\u00f3rdova Molina Legislando Contigo\",\"Elena C\u00f3rdova Molina soluciones caj\u00f3n\",\"Iniciativa contra rezago legislativo Veracruz\",\"Propuesta para reducir tiempos de respuesta gubernamental\"],\"articleSection\":[\"De Opini\u00f3n\"],\"inLanguage\":\"es\"},{\"@type\":\"WebPage\",\"@id\":\"https:\\\/\\\/lospoliticosveracruz.com\\\/?p=160259\",\"url\":\"https:\\\/\\\/lospoliticosveracruz.com\\\/?p=160259\",\"name\":\"CUANDO LOS PROBLEMAS SE QUEDAN EN EL CAJ\u00d3N - Los pol\u00edticos Veracruz\",\"isPartOf\":{\"@id\":\"https:\\\/\\\/lospoliticosveracruz.com\\\/#website\"},\"primaryImageOfPage\":{\"@id\":\"https:\\\/\\\/lospoliticosveracruz.com\\\/?p=160259#primaryimage\"},\"image\":{\"@id\":\"https:\\\/\\\/lospoliticosveracruz.com\\\/?p=160259#primaryimage\"},\"thumbnailUrl\":\"https:\\\/\\\/lospoliticosveracruz.com\\\/wp-content\\\/uploads\\\/2025\\\/04\\\/Elena-Cordova-Molina.jpg\",\"datePublished\":\"2026-01-13T16:39:38+00:00\",\"dateModified\":\"2026-01-13T16:39:39+00:00\",\"breadcrumb\":{\"@id\":\"https:\\\/\\\/lospoliticosveracruz.com\\\/?p=160259#breadcrumb\"},\"inLanguage\":\"es\",\"potentialAction\":[{\"@type\":\"ReadAction\",\"target\":[\"https:\\\/\\\/lospoliticosveracruz.com\\\/?p=160259\"]}]},{\"@type\":\"ImageObject\",\"inLanguage\":\"es\",\"@id\":\"https:\\\/\\\/lospoliticosveracruz.com\\\/?p=160259#primaryimage\",\"url\":\"https:\\\/\\\/lospoliticosveracruz.com\\\/wp-content\\\/uploads\\\/2025\\\/04\\\/Elena-Cordova-Molina.jpg\",\"contentUrl\":\"https:\\\/\\\/lospoliticosveracruz.com\\\/wp-content\\\/uploads\\\/2025\\\/04\\\/Elena-Cordova-Molina.jpg\",\"width\":1250,\"height\":667},{\"@type\":\"BreadcrumbList\",\"@id\":\"https:\\\/\\\/lospoliticosveracruz.com\\\/?p=160259#breadcrumb\",\"itemListElement\":[{\"@type\":\"ListItem\",\"position\":1,\"name\":\"Portada\",\"item\":\"https:\\\/\\\/lospoliticosveracruz.com\\\/\"},{\"@type\":\"ListItem\",\"position\":2,\"name\":\"CUANDO LOS PROBLEMAS SE QUEDAN EN EL CAJ\u00d3N\"}]},{\"@type\":\"WebSite\",\"@id\":\"https:\\\/\\\/lospoliticosveracruz.com\\\/#website\",\"url\":\"https:\\\/\\\/lospoliticosveracruz.com\\\/\",\"name\":\"Los pol\u00edticos Veracruz\",\"description\":\"\",\"publisher\":{\"@id\":\"https:\\\/\\\/lospoliticosveracruz.com\\\/#organization\"},\"potentialAction\":[{\"@type\":\"SearchAction\",\"target\":{\"@type\":\"EntryPoint\",\"urlTemplate\":\"https:\\\/\\\/lospoliticosveracruz.com\\\/?s={search_term_string}\"},\"query-input\":{\"@type\":\"PropertyValueSpecification\",\"valueRequired\":true,\"valueName\":\"search_term_string\"}}],\"inLanguage\":\"es\"},{\"@type\":\"Organization\",\"@id\":\"https:\\\/\\\/lospoliticosveracruz.com\\\/#organization\",\"name\":\"Los pol\u00edticos Veracruz\",\"url\":\"https:\\\/\\\/lospoliticosveracruz.com\\\/\",\"logo\":{\"@type\":\"ImageObject\",\"inLanguage\":\"es\",\"@id\":\"https:\\\/\\\/lospoliticosveracruz.com\\\/#\\\/schema\\\/logo\\\/image\\\/\",\"url\":\"https:\\\/\\\/lospoliticosveracruz.com\\\/wp-content\\\/uploads\\\/2025\\\/12\\\/Logo-Nuevo-LOS-POLITICOS-1.jpg\",\"contentUrl\":\"https:\\\/\\\/lospoliticosveracruz.com\\\/wp-content\\\/uploads\\\/2025\\\/12\\\/Logo-Nuevo-LOS-POLITICOS-1.jpg\",\"width\":260,\"height\":70,\"caption\":\"Los pol\u00edticos Veracruz\"},\"image\":{\"@id\":\"https:\\\/\\\/lospoliticosveracruz.com\\\/#\\\/schema\\\/logo\\\/image\\\/\"},\"sameAs\":[\"https:\\\/\\\/www.facebook.com\\\/people\\\/Notimemes-de-los-Polticos\\\/61565672886568\\\/\",\"https:\\\/\\\/x.com\\\/LosPoliticosVer\"]},{\"@type\":\"Person\",\"@id\":\"https:\\\/\\\/lospoliticosveracruz.com\\\/#\\\/schema\\\/person\\\/b8702bb0e538456e6efd07080bf2a4a2\",\"name\":\"Lo viste en Los Pol\u00edticos\",\"image\":{\"@type\":\"ImageObject\",\"inLanguage\":\"es\",\"@id\":\"https:\\\/\\\/secure.gravatar.com\\\/avatar\\\/3a8de04a2656d44082be478bd6c086daa447c4651605818287b9532d3d0bd435?s=96&d=mm&r=g\",\"url\":\"https:\\\/\\\/secure.gravatar.com\\\/avatar\\\/3a8de04a2656d44082be478bd6c086daa447c4651605818287b9532d3d0bd435?s=96&d=mm&r=g\",\"contentUrl\":\"https:\\\/\\\/secure.gravatar.com\\\/avatar\\\/3a8de04a2656d44082be478bd6c086daa447c4651605818287b9532d3d0bd435?s=96&d=mm&r=g\",\"caption\":\"Lo viste en Los Pol\u00edticos\"},\"url\":\"https:\\\/\\\/lospoliticosveracruz.com\\\/?author=2\"}]}<\/script>\n<!-- \/ Yoast SEO plugin. -->","yoast_head_json":{"title":"CUANDO LOS PROBLEMAS SE QUEDAN EN EL CAJ\u00d3N - Los pol\u00edticos Veracruz","robots":{"index":"index","follow":"follow","max-snippet":"max-snippet:-1","max-image-preview":"max-image-preview:large","max-video-preview":"max-video-preview:-1"},"canonical":"https:\/\/lospoliticosveracruz.com\/?p=160259","og_locale":"es_ES","og_type":"article","og_title":"CUANDO LOS PROBLEMAS SE QUEDAN EN EL CAJ\u00d3N - Los pol\u00edticos Veracruz","og_description":"Elena C\u00f3rdova Molina Legislando Contigo \u00bfA qui\u00e9n no le ha tocado hacer fila para un tr\u00e1mite? Pero no una fila normal. Una de esas donde llegas de madrugada, con su\u00e9ter porque hace fr\u00edo, con un caf\u00e9 en la mano, esperando que te toque ficha. Hay personas que se forman desde las cuatro o cinco de [&hellip;]","og_url":"https:\/\/lospoliticosveracruz.com\/?p=160259","og_site_name":"Los pol\u00edticos Veracruz","article_publisher":"https:\/\/www.facebook.com\/people\/Notimemes-de-los-Polticos\/61565672886568\/","article_published_time":"2026-01-13T16:39:38+00:00","article_modified_time":"2026-01-13T16:39:39+00:00","og_image":[{"width":1250,"height":667,"url":"https:\/\/lospoliticosveracruz.com\/wp-content\/uploads\/2025\/04\/Elena-Cordova-Molina.jpg","type":"image\/jpeg"}],"author":"Lo viste en Los Pol\u00edticos","twitter_card":"summary_large_image","twitter_creator":"@LosPoliticosVer","twitter_site":"@LosPoliticosVer","twitter_misc":{"Escrito por":"Lo viste en Los Pol\u00edticos","Tiempo de lectura":"3 minutos"},"schema":{"@context":"https:\/\/schema.org","@graph":[{"@type":"Article","@id":"https:\/\/lospoliticosveracruz.com\/?p=160259#article","isPartOf":{"@id":"https:\/\/lospoliticosveracruz.com\/?p=160259"},"author":{"name":"Lo viste en Los Pol\u00edticos","@id":"https:\/\/lospoliticosveracruz.com\/#\/schema\/person\/b8702bb0e538456e6efd07080bf2a4a2"},"headline":"CUANDO LOS PROBLEMAS SE QUEDAN EN EL CAJ\u00d3N","datePublished":"2026-01-13T16:39:38+00:00","dateModified":"2026-01-13T16:39:39+00:00","mainEntityOfPage":{"@id":"https:\/\/lospoliticosveracruz.com\/?p=160259"},"wordCount":497,"publisher":{"@id":"https:\/\/lospoliticosveracruz.com\/#organization"},"image":{"@id":"https:\/\/lospoliticosveracruz.com\/?p=160259#primaryimage"},"thumbnailUrl":"https:\/\/lospoliticosveracruz.com\/wp-content\/uploads\/2025\/04\/Elena-Cordova-Molina.jpg","keywords":["Atenci\u00f3n ciudadana y sentido com\u00fan pol\u00edtica","Eficiencia en tr\u00e1mites gubernamentales Veracruz","Elena C\u00f3rdova Molina casetas Altas Monta\u00f1as","Elena C\u00f3rdova Molina Legislando Contigo","Elena C\u00f3rdova Molina soluciones caj\u00f3n","Iniciativa contra rezago legislativo Veracruz","Propuesta para reducir tiempos de respuesta gubernamental"],"articleSection":["De Opini\u00f3n"],"inLanguage":"es"},{"@type":"WebPage","@id":"https:\/\/lospoliticosveracruz.com\/?p=160259","url":"https:\/\/lospoliticosveracruz.com\/?p=160259","name":"CUANDO LOS PROBLEMAS SE QUEDAN EN EL CAJ\u00d3N - Los pol\u00edticos Veracruz","isPartOf":{"@id":"https:\/\/lospoliticosveracruz.com\/#website"},"primaryImageOfPage":{"@id":"https:\/\/lospoliticosveracruz.com\/?p=160259#primaryimage"},"image":{"@id":"https:\/\/lospoliticosveracruz.com\/?p=160259#primaryimage"},"thumbnailUrl":"https:\/\/lospoliticosveracruz.com\/wp-content\/uploads\/2025\/04\/Elena-Cordova-Molina.jpg","datePublished":"2026-01-13T16:39:38+00:00","dateModified":"2026-01-13T16:39:39+00:00","breadcrumb":{"@id":"https:\/\/lospoliticosveracruz.com\/?p=160259#breadcrumb"},"inLanguage":"es","potentialAction":[{"@type":"ReadAction","target":["https:\/\/lospoliticosveracruz.com\/?p=160259"]}]},{"@type":"ImageObject","inLanguage":"es","@id":"https:\/\/lospoliticosveracruz.com\/?p=160259#primaryimage","url":"https:\/\/lospoliticosveracruz.com\/wp-content\/uploads\/2025\/04\/Elena-Cordova-Molina.jpg","contentUrl":"https:\/\/lospoliticosveracruz.com\/wp-content\/uploads\/2025\/04\/Elena-Cordova-Molina.jpg","width":1250,"height":667},{"@type":"BreadcrumbList","@id":"https:\/\/lospoliticosveracruz.com\/?p=160259#breadcrumb","itemListElement":[{"@type":"ListItem","position":1,"name":"Portada","item":"https:\/\/lospoliticosveracruz.com\/"},{"@type":"ListItem","position":2,"name":"CUANDO LOS PROBLEMAS SE QUEDAN EN EL CAJ\u00d3N"}]},{"@type":"WebSite","@id":"https:\/\/lospoliticosveracruz.com\/#website","url":"https:\/\/lospoliticosveracruz.com\/","name":"Los pol\u00edticos Veracruz","description":"","publisher":{"@id":"https:\/\/lospoliticosveracruz.com\/#organization"},"potentialAction":[{"@type":"SearchAction","target":{"@type":"EntryPoint","urlTemplate":"https:\/\/lospoliticosveracruz.com\/?s={search_term_string}"},"query-input":{"@type":"PropertyValueSpecification","valueRequired":true,"valueName":"search_term_string"}}],"inLanguage":"es"},{"@type":"Organization","@id":"https:\/\/lospoliticosveracruz.com\/#organization","name":"Los pol\u00edticos Veracruz","url":"https:\/\/lospoliticosveracruz.com\/","logo":{"@type":"ImageObject","inLanguage":"es","@id":"https:\/\/lospoliticosveracruz.com\/#\/schema\/logo\/image\/","url":"https:\/\/lospoliticosveracruz.com\/wp-content\/uploads\/2025\/12\/Logo-Nuevo-LOS-POLITICOS-1.jpg","contentUrl":"https:\/\/lospoliticosveracruz.com\/wp-content\/uploads\/2025\/12\/Logo-Nuevo-LOS-POLITICOS-1.jpg","width":260,"height":70,"caption":"Los pol\u00edticos Veracruz"},"image":{"@id":"https:\/\/lospoliticosveracruz.com\/#\/schema\/logo\/image\/"},"sameAs":["https:\/\/www.facebook.com\/people\/Notimemes-de-los-Polticos\/61565672886568\/","https:\/\/x.com\/LosPoliticosVer"]},{"@type":"Person","@id":"https:\/\/lospoliticosveracruz.com\/#\/schema\/person\/b8702bb0e538456e6efd07080bf2a4a2","name":"Lo viste en Los Pol\u00edticos","image":{"@type":"ImageObject","inLanguage":"es","@id":"https:\/\/secure.gravatar.com\/avatar\/3a8de04a2656d44082be478bd6c086daa447c4651605818287b9532d3d0bd435?s=96&d=mm&r=g","url":"https:\/\/secure.gravatar.com\/avatar\/3a8de04a2656d44082be478bd6c086daa447c4651605818287b9532d3d0bd435?s=96&d=mm&r=g","contentUrl":"https:\/\/secure.gravatar.com\/avatar\/3a8de04a2656d44082be478bd6c086daa447c4651605818287b9532d3d0bd435?s=96&d=mm&r=g","caption":"Lo viste en Los Pol\u00edticos"},"url":"https:\/\/lospoliticosveracruz.com\/?author=2"}]}},"_links":{"self":[{"href":"https:\/\/lospoliticosveracruz.com\/index.php?rest_route=\/wp\/v2\/posts\/160259","targetHints":{"allow":["GET"]}}],"collection":[{"href":"https:\/\/lospoliticosveracruz.com\/index.php?rest_route=\/wp\/v2\/posts"}],"about":[{"href":"https:\/\/lospoliticosveracruz.com\/index.php?rest_route=\/wp\/v2\/types\/post"}],"author":[{"embeddable":true,"href":"https:\/\/lospoliticosveracruz.com\/index.php?rest_route=\/wp\/v2\/users\/2"}],"replies":[{"embeddable":true,"href":"https:\/\/lospoliticosveracruz.com\/index.php?rest_route=%2Fwp%2Fv2%2Fcomments&post=160259"}],"version-history":[{"count":1,"href":"https:\/\/lospoliticosveracruz.com\/index.php?rest_route=\/wp\/v2\/posts\/160259\/revisions"}],"predecessor-version":[{"id":160260,"href":"https:\/\/lospoliticosveracruz.com\/index.php?rest_route=\/wp\/v2\/posts\/160259\/revisions\/160260"}],"wp:featuredmedia":[{"embeddable":true,"href":"https:\/\/lospoliticosveracruz.com\/index.php?rest_route=\/wp\/v2\/media\/141382"}],"wp:attachment":[{"href":"https:\/\/lospoliticosveracruz.com\/index.php?rest_route=%2Fwp%2Fv2%2Fmedia&parent=160259"}],"wp:term":[{"taxonomy":"category","embeddable":true,"href":"https:\/\/lospoliticosveracruz.com\/index.php?rest_route=%2Fwp%2Fv2%2Fcategories&post=160259"},{"taxonomy":"post_tag","embeddable":true,"href":"https:\/\/lospoliticosveracruz.com\/index.php?rest_route=%2Fwp%2Fv2%2Ftags&post=160259"}],"curies":[{"name":"wp","href":"https:\/\/api.w.org\/{rel}","templated":true}]}}