{"id":160261,"date":"2026-01-13T11:22:24","date_gmt":"2026-01-13T17:22:24","guid":{"rendered":"https:\/\/lospoliticosveracruz.com\/?p=160261"},"modified":"2026-01-13T11:22:25","modified_gmt":"2026-01-13T17:22:25","slug":"les-deben-dos-quincenas-hacen-paro","status":"publish","type":"post","link":"https:\/\/lospoliticosveracruz.com\/?p=160261","title":{"rendered":"LES DEBEN DOS QUINCENAS! HACEN PARO!"},"content":{"rendered":"\n<p><strong>\u00c1ngeles Gonz\u00e1lez Ceballos<\/strong>&nbsp;<\/p>\n\n\n\n<p>Trabajadores de la empresa Limpieza Especializada Industrial y Hospitalaria (LEIH) que brinda sus servicios en los hospitales del Estado, hicieron paro de labores en protesta por la falta de pago desde hace dos quincenas.<\/p>\n\n\n\n<p>Los inconformes cerraron la avenida Ruiz Cortines, afuera del Centro de Alta Especialidad \u201cDoctor Rafael Lucio\u201d (CAE), as\u00ed como la calle Aguascalientes, afuera del hospital de salud mental.<\/p>\n\n\n\n<p>\u00abNo se nos ha pagado en muchos hospitales. En el Hospital Civil y en el Cecan se les pag\u00f3 porque se manifestaron en la plaza Lerdo, entonces como se manifestaron, les pagaron y a nosotros no nos han pagado nada.<\/p>\n\n\n\n<p>Apenas ayer nos dijeron que no hay fecha de pago, que la empresa no tiene dinero que el IMSS Bienestar no les ha pagado y que por eso no nos han pagado a nosotros\u00bb, expres\u00f3 Sagrario Guzm\u00e1n Dur\u00e1n.<\/p>\n\n\n\n<p>Refiri\u00f3 que la gobernadora Roc\u00edo Nahle Garc\u00eda dio a conocer que se crear\u00eda una empresa de Veracruz para poder pagarles, pero no les han dicho nada.<\/p>\n\n\n\n<p>\u00abNo se nos paga el d\u00eda que son, ya van muchos d\u00edas de atraso, ma\u00f1ana ya ser\u00e1n dos quincenas\u00bb, se\u00f1al\u00f3 y denunci\u00f3 que tampoco les brindan los insumos necesarios para hacer la limpieza.<\/p>\n\n\n\n<p>Carecen de jab\u00f3n suficiente, bolsas, guantes, fibras, entre muchos otros, pero a\u00fan as\u00ed trabajan.<\/p>\n\n\n\n<p>Detall\u00f3 que tan s\u00f3lo en el CAE son alrededor de 120 trabajadores de la limpieza a los que se les adeuda su prestaci\u00f3n.<\/p>\n\n\n\n<p>\u00abPero est\u00e1n los de Coatepec, Teocelo, Naolinco, todo Veracruz no se les ha pagado, han sido muy pocos a los que se les ha pagado y eso porque se han manifestado\u00bb, se\u00f1al\u00f3.<\/p>\n\n\n\n<p>Sagrario Guzm\u00e1n expuso que debido a que se han inconformado, los han cambiado de sede o de horarios, por lo que trataron de pedir ayuda al Centro Federal de Conciliaci\u00f3n y Arbitraje, pero no obtuvieron una respuesta a sus demandas.<\/p>\n\n\n\n<p>La afectada abund\u00f3 que ha habido casos en los que hasta les descuentan y aunque no les pagan puntualmente, cuando les llega su dinero, resulta que tienen descuentos.<\/p>\n\n\n\n<p>Denunci\u00f3 que desde abril del a\u00f1o pasado comenzaron a haber problemas al mover las fechas de pago.<\/p>\n\n\n\n<p>Asimismo, sostuvo que no son objeto de ning\u00fan tipo de prestaci\u00f3n laboral, mientras que les pagan apenas el salario m\u00ednimo.<\/p>\n","protected":false},"excerpt":{"rendered":"<p>\u00c1ngeles Gonz\u00e1lez Ceballos&nbsp; Trabajadores de la empresa Limpieza Especializada Industrial y Hospitalaria (LEIH) que brinda sus servicios en los hospitales del Estado, hicieron paro de labores en protesta por la falta de pago desde hace dos quincenas. Los inconformes cerraron la avenida Ruiz Cortines, afuera del Centro de Alta Especialidad \u201cDoctor Rafael Lucio\u201d (CAE), as\u00ed [&hellip;]<\/p>\n","protected":false},"author":2,"featured_media":160262,"comment_status":"closed","ping_status":"closed","sticky":false,"template":"","format":"standard","meta":{"tdm_status":"","tdm_grid_status":"","footnotes":""},"categories":[6446],"tags":[49837,49839,49838,49836,49834,49835,49833],"class_list":{"0":"post-160261","1":"post","2":"type-post","3":"status-publish","4":"format-standard","5":"has-post-thumbnail","7":"category-la-nota","8":"tag-bloqueo-avenida-ruiz-cortines-xalapa-cae","9":"tag-conflicto-laboral-limpieza-industrial-y-hospitalaria-leih","10":"tag-empresa-leih-falta-de-pago-trabajadores","11":"tag-imss-bienestar-adeudo-empresa-limpieza-veracruz","12":"tag-paro-de-labores-cae-xalapa-hoy","13":"tag-protesta-trabajadores-limpieza-hospitales-veracruz-leih","14":"tag-sagrario-guzman-duran-protesta-limpieza-salud"},"yoast_head":"<!-- This site is optimized with the Yoast SEO plugin v27.4 - https:\/\/yoast.com\/product\/yoast-seo-wordpress\/ -->\n<title>LES DEBEN DOS QUINCENAS! HACEN PARO! - Los pol\u00edticos Veracruz<\/title>\n<meta name=\"robots\" content=\"index, follow, max-snippet:-1, max-image-preview:large, max-video-preview:-1\" \/>\n<link rel=\"canonical\" href=\"https:\/\/lospoliticosveracruz.com\/?p=160261\" \/>\n<meta property=\"og:locale\" content=\"es_ES\" \/>\n<meta property=\"og:type\" content=\"article\" \/>\n<meta property=\"og:title\" content=\"LES DEBEN DOS QUINCENAS! HACEN PARO! - Los pol\u00edticos Veracruz\" \/>\n<meta property=\"og:description\" content=\"\u00c1ngeles Gonz\u00e1lez Ceballos&nbsp; Trabajadores de la empresa Limpieza Especializada Industrial y Hospitalaria (LEIH) que brinda sus servicios en los hospitales del Estado, hicieron paro de labores en protesta por la falta de pago desde hace dos quincenas. Los inconformes cerraron la avenida Ruiz Cortines, afuera del Centro de Alta Especialidad \u201cDoctor Rafael Lucio\u201d (CAE), as\u00ed [&hellip;]\" \/>\n<meta property=\"og:url\" content=\"https:\/\/lospoliticosveracruz.com\/?p=160261\" \/>\n<meta property=\"og:site_name\" content=\"Los pol\u00edticos Veracruz\" \/>\n<meta property=\"article:publisher\" content=\"https:\/\/www.facebook.com\/people\/Notimemes-de-los-Polticos\/61565672886568\/\" \/>\n<meta property=\"article:published_time\" content=\"2026-01-13T17:22:24+00:00\" \/>\n<meta property=\"article:modified_time\" content=\"2026-01-13T17:22:25+00:00\" \/>\n<meta property=\"og:image\" content=\"https:\/\/lospoliticosveracruz.com\/wp-content\/uploads\/2026\/01\/Protesta.jpg\" \/>\n\t<meta property=\"og:image:width\" content=\"600\" \/>\n\t<meta property=\"og:image:height\" content=\"320\" \/>\n\t<meta property=\"og:image:type\" content=\"image\/jpeg\" \/>\n<meta name=\"author\" content=\"Lo viste en Los Pol\u00edticos\" \/>\n<meta name=\"twitter:card\" content=\"summary_large_image\" \/>\n<meta name=\"twitter:creator\" content=\"@LosPoliticosVer\" \/>\n<meta name=\"twitter:site\" content=\"@LosPoliticosVer\" \/>\n<meta name=\"twitter:label1\" content=\"Escrito por\" \/>\n\t<meta name=\"twitter:data1\" content=\"Lo viste en Los Pol\u00edticos\" \/>\n\t<meta name=\"twitter:label2\" content=\"Tiempo de lectura\" \/>\n\t<meta name=\"twitter:data2\" content=\"2 minutos\" \/>\n<script type=\"application\/ld+json\" class=\"yoast-schema-graph\">{\"@context\":\"https:\\\/\\\/schema.org\",\"@graph\":[{\"@type\":\"Article\",\"@id\":\"https:\\\/\\\/lospoliticosveracruz.com\\\/?p=160261#article\",\"isPartOf\":{\"@id\":\"https:\\\/\\\/lospoliticosveracruz.com\\\/?p=160261\"},\"author\":{\"name\":\"Lo viste en Los Pol\u00edticos\",\"@id\":\"https:\\\/\\\/lospoliticosveracruz.com\\\/#\\\/schema\\\/person\\\/b8702bb0e538456e6efd07080bf2a4a2\"},\"headline\":\"LES DEBEN DOS QUINCENAS! HACEN PARO!\",\"datePublished\":\"2026-01-13T17:22:24+00:00\",\"dateModified\":\"2026-01-13T17:22:25+00:00\",\"mainEntityOfPage\":{\"@id\":\"https:\\\/\\\/lospoliticosveracruz.com\\\/?p=160261\"},\"wordCount\":405,\"publisher\":{\"@id\":\"https:\\\/\\\/lospoliticosveracruz.com\\\/#organization\"},\"image\":{\"@id\":\"https:\\\/\\\/lospoliticosveracruz.com\\\/?p=160261#primaryimage\"},\"thumbnailUrl\":\"https:\\\/\\\/lospoliticosveracruz.com\\\/wp-content\\\/uploads\\\/2026\\\/01\\\/Protesta.jpg\",\"keywords\":[\"Bloqueo avenida Ruiz Cortines Xalapa CAE\",\"Conflicto laboral limpieza industrial y hospitalaria LEIH\",\"Empresa LEIH falta de pago trabajadores\",\"IMSS Bienestar adeudo empresa limpieza Veracruz\",\"Paro de labores CAE Xalapa hoy\",\"Protesta trabajadores limpieza hospitales Veracruz LEIH\",\"Sagrario Guzm\u00e1n Dur\u00e1n protesta limpieza salud\"],\"articleSection\":[\"La Nota\"],\"inLanguage\":\"es\"},{\"@type\":\"WebPage\",\"@id\":\"https:\\\/\\\/lospoliticosveracruz.com\\\/?p=160261\",\"url\":\"https:\\\/\\\/lospoliticosveracruz.com\\\/?p=160261\",\"name\":\"LES DEBEN DOS QUINCENAS! HACEN PARO! - Los pol\u00edticos Veracruz\",\"isPartOf\":{\"@id\":\"https:\\\/\\\/lospoliticosveracruz.com\\\/#website\"},\"primaryImageOfPage\":{\"@id\":\"https:\\\/\\\/lospoliticosveracruz.com\\\/?p=160261#primaryimage\"},\"image\":{\"@id\":\"https:\\\/\\\/lospoliticosveracruz.com\\\/?p=160261#primaryimage\"},\"thumbnailUrl\":\"https:\\\/\\\/lospoliticosveracruz.com\\\/wp-content\\\/uploads\\\/2026\\\/01\\\/Protesta.jpg\",\"datePublished\":\"2026-01-13T17:22:24+00:00\",\"dateModified\":\"2026-01-13T17:22:25+00:00\",\"breadcrumb\":{\"@id\":\"https:\\\/\\\/lospoliticosveracruz.com\\\/?p=160261#breadcrumb\"},\"inLanguage\":\"es\",\"potentialAction\":[{\"@type\":\"ReadAction\",\"target\":[\"https:\\\/\\\/lospoliticosveracruz.com\\\/?p=160261\"]}]},{\"@type\":\"ImageObject\",\"inLanguage\":\"es\",\"@id\":\"https:\\\/\\\/lospoliticosveracruz.com\\\/?p=160261#primaryimage\",\"url\":\"https:\\\/\\\/lospoliticosveracruz.com\\\/wp-content\\\/uploads\\\/2026\\\/01\\\/Protesta.jpg\",\"contentUrl\":\"https:\\\/\\\/lospoliticosveracruz.com\\\/wp-content\\\/uploads\\\/2026\\\/01\\\/Protesta.jpg\",\"width\":600,\"height\":320},{\"@type\":\"BreadcrumbList\",\"@id\":\"https:\\\/\\\/lospoliticosveracruz.com\\\/?p=160261#breadcrumb\",\"itemListElement\":[{\"@type\":\"ListItem\",\"position\":1,\"name\":\"Portada\",\"item\":\"https:\\\/\\\/lospoliticosveracruz.com\\\/\"},{\"@type\":\"ListItem\",\"position\":2,\"name\":\"LES DEBEN DOS QUINCENAS! HACEN PARO!\"}]},{\"@type\":\"WebSite\",\"@id\":\"https:\\\/\\\/lospoliticosveracruz.com\\\/#website\",\"url\":\"https:\\\/\\\/lospoliticosveracruz.com\\\/\",\"name\":\"Los pol\u00edticos Veracruz\",\"description\":\"\",\"publisher\":{\"@id\":\"https:\\\/\\\/lospoliticosveracruz.com\\\/#organization\"},\"potentialAction\":[{\"@type\":\"SearchAction\",\"target\":{\"@type\":\"EntryPoint\",\"urlTemplate\":\"https:\\\/\\\/lospoliticosveracruz.com\\\/?s={search_term_string}\"},\"query-input\":{\"@type\":\"PropertyValueSpecification\",\"valueRequired\":true,\"valueName\":\"search_term_string\"}}],\"inLanguage\":\"es\"},{\"@type\":\"Organization\",\"@id\":\"https:\\\/\\\/lospoliticosveracruz.com\\\/#organization\",\"name\":\"Los pol\u00edticos Veracruz\",\"url\":\"https:\\\/\\\/lospoliticosveracruz.com\\\/\",\"logo\":{\"@type\":\"ImageObject\",\"inLanguage\":\"es\",\"@id\":\"https:\\\/\\\/lospoliticosveracruz.com\\\/#\\\/schema\\\/logo\\\/image\\\/\",\"url\":\"https:\\\/\\\/lospoliticosveracruz.com\\\/wp-content\\\/uploads\\\/2025\\\/12\\\/Logo-Nuevo-LOS-POLITICOS-1.jpg\",\"contentUrl\":\"https:\\\/\\\/lospoliticosveracruz.com\\\/wp-content\\\/uploads\\\/2025\\\/12\\\/Logo-Nuevo-LOS-POLITICOS-1.jpg\",\"width\":260,\"height\":70,\"caption\":\"Los pol\u00edticos Veracruz\"},\"image\":{\"@id\":\"https:\\\/\\\/lospoliticosveracruz.com\\\/#\\\/schema\\\/logo\\\/image\\\/\"},\"sameAs\":[\"https:\\\/\\\/www.facebook.com\\\/people\\\/Notimemes-de-los-Polticos\\\/61565672886568\\\/\",\"https:\\\/\\\/x.com\\\/LosPoliticosVer\"]},{\"@type\":\"Person\",\"@id\":\"https:\\\/\\\/lospoliticosveracruz.com\\\/#\\\/schema\\\/person\\\/b8702bb0e538456e6efd07080bf2a4a2\",\"name\":\"Lo viste en Los Pol\u00edticos\",\"image\":{\"@type\":\"ImageObject\",\"inLanguage\":\"es\",\"@id\":\"https:\\\/\\\/secure.gravatar.com\\\/avatar\\\/3a8de04a2656d44082be478bd6c086daa447c4651605818287b9532d3d0bd435?s=96&d=mm&r=g\",\"url\":\"https:\\\/\\\/secure.gravatar.com\\\/avatar\\\/3a8de04a2656d44082be478bd6c086daa447c4651605818287b9532d3d0bd435?s=96&d=mm&r=g\",\"contentUrl\":\"https:\\\/\\\/secure.gravatar.com\\\/avatar\\\/3a8de04a2656d44082be478bd6c086daa447c4651605818287b9532d3d0bd435?s=96&d=mm&r=g\",\"caption\":\"Lo viste en Los Pol\u00edticos\"},\"url\":\"https:\\\/\\\/lospoliticosveracruz.com\\\/?author=2\"}]}<\/script>\n<!-- \/ Yoast SEO plugin. -->","yoast_head_json":{"title":"LES DEBEN DOS QUINCENAS! HACEN PARO! - Los pol\u00edticos Veracruz","robots":{"index":"index","follow":"follow","max-snippet":"max-snippet:-1","max-image-preview":"max-image-preview:large","max-video-preview":"max-video-preview:-1"},"canonical":"https:\/\/lospoliticosveracruz.com\/?p=160261","og_locale":"es_ES","og_type":"article","og_title":"LES DEBEN DOS QUINCENAS! HACEN PARO! - Los pol\u00edticos Veracruz","og_description":"\u00c1ngeles Gonz\u00e1lez Ceballos&nbsp; Trabajadores de la empresa Limpieza Especializada Industrial y Hospitalaria (LEIH) que brinda sus servicios en los hospitales del Estado, hicieron paro de labores en protesta por la falta de pago desde hace dos quincenas. Los inconformes cerraron la avenida Ruiz Cortines, afuera del Centro de Alta Especialidad \u201cDoctor Rafael Lucio\u201d (CAE), as\u00ed [&hellip;]","og_url":"https:\/\/lospoliticosveracruz.com\/?p=160261","og_site_name":"Los pol\u00edticos Veracruz","article_publisher":"https:\/\/www.facebook.com\/people\/Notimemes-de-los-Polticos\/61565672886568\/","article_published_time":"2026-01-13T17:22:24+00:00","article_modified_time":"2026-01-13T17:22:25+00:00","og_image":[{"width":600,"height":320,"url":"https:\/\/lospoliticosveracruz.com\/wp-content\/uploads\/2026\/01\/Protesta.jpg","type":"image\/jpeg"}],"author":"Lo viste en Los Pol\u00edticos","twitter_card":"summary_large_image","twitter_creator":"@LosPoliticosVer","twitter_site":"@LosPoliticosVer","twitter_misc":{"Escrito por":"Lo viste en Los Pol\u00edticos","Tiempo de lectura":"2 minutos"},"schema":{"@context":"https:\/\/schema.org","@graph":[{"@type":"Article","@id":"https:\/\/lospoliticosveracruz.com\/?p=160261#article","isPartOf":{"@id":"https:\/\/lospoliticosveracruz.com\/?p=160261"},"author":{"name":"Lo viste en Los Pol\u00edticos","@id":"https:\/\/lospoliticosveracruz.com\/#\/schema\/person\/b8702bb0e538456e6efd07080bf2a4a2"},"headline":"LES DEBEN DOS QUINCENAS! HACEN PARO!","datePublished":"2026-01-13T17:22:24+00:00","dateModified":"2026-01-13T17:22:25+00:00","mainEntityOfPage":{"@id":"https:\/\/lospoliticosveracruz.com\/?p=160261"},"wordCount":405,"publisher":{"@id":"https:\/\/lospoliticosveracruz.com\/#organization"},"image":{"@id":"https:\/\/lospoliticosveracruz.com\/?p=160261#primaryimage"},"thumbnailUrl":"https:\/\/lospoliticosveracruz.com\/wp-content\/uploads\/2026\/01\/Protesta.jpg","keywords":["Bloqueo avenida Ruiz Cortines Xalapa CAE","Conflicto laboral limpieza industrial y hospitalaria LEIH","Empresa LEIH falta de pago trabajadores","IMSS Bienestar adeudo empresa limpieza Veracruz","Paro de labores CAE Xalapa hoy","Protesta trabajadores limpieza hospitales Veracruz LEIH","Sagrario Guzm\u00e1n Dur\u00e1n protesta limpieza salud"],"articleSection":["La Nota"],"inLanguage":"es"},{"@type":"WebPage","@id":"https:\/\/lospoliticosveracruz.com\/?p=160261","url":"https:\/\/lospoliticosveracruz.com\/?p=160261","name":"LES DEBEN DOS QUINCENAS! HACEN PARO! - Los pol\u00edticos Veracruz","isPartOf":{"@id":"https:\/\/lospoliticosveracruz.com\/#website"},"primaryImageOfPage":{"@id":"https:\/\/lospoliticosveracruz.com\/?p=160261#primaryimage"},"image":{"@id":"https:\/\/lospoliticosveracruz.com\/?p=160261#primaryimage"},"thumbnailUrl":"https:\/\/lospoliticosveracruz.com\/wp-content\/uploads\/2026\/01\/Protesta.jpg","datePublished":"2026-01-13T17:22:24+00:00","dateModified":"2026-01-13T17:22:25+00:00","breadcrumb":{"@id":"https:\/\/lospoliticosveracruz.com\/?p=160261#breadcrumb"},"inLanguage":"es","potentialAction":[{"@type":"ReadAction","target":["https:\/\/lospoliticosveracruz.com\/?p=160261"]}]},{"@type":"ImageObject","inLanguage":"es","@id":"https:\/\/lospoliticosveracruz.com\/?p=160261#primaryimage","url":"https:\/\/lospoliticosveracruz.com\/wp-content\/uploads\/2026\/01\/Protesta.jpg","contentUrl":"https:\/\/lospoliticosveracruz.com\/wp-content\/uploads\/2026\/01\/Protesta.jpg","width":600,"height":320},{"@type":"BreadcrumbList","@id":"https:\/\/lospoliticosveracruz.com\/?p=160261#breadcrumb","itemListElement":[{"@type":"ListItem","position":1,"name":"Portada","item":"https:\/\/lospoliticosveracruz.com\/"},{"@type":"ListItem","position":2,"name":"LES DEBEN DOS QUINCENAS! HACEN PARO!"}]},{"@type":"WebSite","@id":"https:\/\/lospoliticosveracruz.com\/#website","url":"https:\/\/lospoliticosveracruz.com\/","name":"Los pol\u00edticos Veracruz","description":"","publisher":{"@id":"https:\/\/lospoliticosveracruz.com\/#organization"},"potentialAction":[{"@type":"SearchAction","target":{"@type":"EntryPoint","urlTemplate":"https:\/\/lospoliticosveracruz.com\/?s={search_term_string}"},"query-input":{"@type":"PropertyValueSpecification","valueRequired":true,"valueName":"search_term_string"}}],"inLanguage":"es"},{"@type":"Organization","@id":"https:\/\/lospoliticosveracruz.com\/#organization","name":"Los pol\u00edticos Veracruz","url":"https:\/\/lospoliticosveracruz.com\/","logo":{"@type":"ImageObject","inLanguage":"es","@id":"https:\/\/lospoliticosveracruz.com\/#\/schema\/logo\/image\/","url":"https:\/\/lospoliticosveracruz.com\/wp-content\/uploads\/2025\/12\/Logo-Nuevo-LOS-POLITICOS-1.jpg","contentUrl":"https:\/\/lospoliticosveracruz.com\/wp-content\/uploads\/2025\/12\/Logo-Nuevo-LOS-POLITICOS-1.jpg","width":260,"height":70,"caption":"Los pol\u00edticos Veracruz"},"image":{"@id":"https:\/\/lospoliticosveracruz.com\/#\/schema\/logo\/image\/"},"sameAs":["https:\/\/www.facebook.com\/people\/Notimemes-de-los-Polticos\/61565672886568\/","https:\/\/x.com\/LosPoliticosVer"]},{"@type":"Person","@id":"https:\/\/lospoliticosveracruz.com\/#\/schema\/person\/b8702bb0e538456e6efd07080bf2a4a2","name":"Lo viste en Los Pol\u00edticos","image":{"@type":"ImageObject","inLanguage":"es","@id":"https:\/\/secure.gravatar.com\/avatar\/3a8de04a2656d44082be478bd6c086daa447c4651605818287b9532d3d0bd435?s=96&d=mm&r=g","url":"https:\/\/secure.gravatar.com\/avatar\/3a8de04a2656d44082be478bd6c086daa447c4651605818287b9532d3d0bd435?s=96&d=mm&r=g","contentUrl":"https:\/\/secure.gravatar.com\/avatar\/3a8de04a2656d44082be478bd6c086daa447c4651605818287b9532d3d0bd435?s=96&d=mm&r=g","caption":"Lo viste en Los Pol\u00edticos"},"url":"https:\/\/lospoliticosveracruz.com\/?author=2"}]}},"_links":{"self":[{"href":"https:\/\/lospoliticosveracruz.com\/index.php?rest_route=\/wp\/v2\/posts\/160261","targetHints":{"allow":["GET"]}}],"collection":[{"href":"https:\/\/lospoliticosveracruz.com\/index.php?rest_route=\/wp\/v2\/posts"}],"about":[{"href":"https:\/\/lospoliticosveracruz.com\/index.php?rest_route=\/wp\/v2\/types\/post"}],"author":[{"embeddable":true,"href":"https:\/\/lospoliticosveracruz.com\/index.php?rest_route=\/wp\/v2\/users\/2"}],"replies":[{"embeddable":true,"href":"https:\/\/lospoliticosveracruz.com\/index.php?rest_route=%2Fwp%2Fv2%2Fcomments&post=160261"}],"version-history":[{"count":1,"href":"https:\/\/lospoliticosveracruz.com\/index.php?rest_route=\/wp\/v2\/posts\/160261\/revisions"}],"predecessor-version":[{"id":160263,"href":"https:\/\/lospoliticosveracruz.com\/index.php?rest_route=\/wp\/v2\/posts\/160261\/revisions\/160263"}],"wp:featuredmedia":[{"embeddable":true,"href":"https:\/\/lospoliticosveracruz.com\/index.php?rest_route=\/wp\/v2\/media\/160262"}],"wp:attachment":[{"href":"https:\/\/lospoliticosveracruz.com\/index.php?rest_route=%2Fwp%2Fv2%2Fmedia&parent=160261"}],"wp:term":[{"taxonomy":"category","embeddable":true,"href":"https:\/\/lospoliticosveracruz.com\/index.php?rest_route=%2Fwp%2Fv2%2Fcategories&post=160261"},{"taxonomy":"post_tag","embeddable":true,"href":"https:\/\/lospoliticosveracruz.com\/index.php?rest_route=%2Fwp%2Fv2%2Ftags&post=160261"}],"curies":[{"name":"wp","href":"https:\/\/api.w.org\/{rel}","templated":true}]}}