{"id":160264,"date":"2026-01-13T11:36:05","date_gmt":"2026-01-13T17:36:05","guid":{"rendered":"https:\/\/lospoliticosveracruz.com\/?p=160264"},"modified":"2026-01-28T19:44:14","modified_gmt":"2026-01-29T01:44:14","slug":"reactivan-quirofano-movil-para-michis-y-lomitos","status":"publish","type":"post","link":"https:\/\/lospoliticosveracruz.com\/?p=160264","title":{"rendered":"REACTIVAN QUIR\u00d3FANO M\u00d3VIL PARA MICHIS Y LOMITOS!"},"content":{"rendered":"\n<p><strong>Por el bienestar animal,<\/strong><\/p>\n\n\n\n<p>Con el prop\u00f3sito de fomentar la salud y el bienestar animal, evitar la sobrepoblaci\u00f3n de perros y gatos en la v\u00eda p\u00fablica y mejorar el entorno comunitario, la Direcci\u00f3n de Salud llev\u00f3 a cabo, en la localidad de San Antonio Paso del Toro, una jornada de esterilizaci\u00f3n canina y felina.<\/p>\n\n\n\n\n\n<p>Lo anterior, como parte de los compromisos de la Alcaldesa, Lic. Daniela Griego Ceballos, para impulsar un gobierno sensible y responsable en el cuidado animal.<\/p>\n\n\n\n<p>Es as\u00ed como, derivado de los recorridos en territorio realizados y de las peticiones que se reciben en el Departamento de Salud Animal, se efectu\u00f3 esta actividad mediante la que se realizaron 41 intervenciones, de las cuales 6 fueron machos y 15 hembras felinas, as\u00ed como 5 machos y 15 hembras caninas.<\/p>\n\n\n\n<p>De esta forma se brinda una atenci\u00f3n adecuada directamente en las colonias y localidades; una de las primeras acciones de esta Administraci\u00f3n al respecto es la reactivaci\u00f3n del quir\u00f3fano m\u00f3vil del Departamento de Salud Animal, el cual se encontraba en desuso.<\/p>\n\n\n\n<p>Con base en un cronograma de trabajo, se tiene el objetivo de realizar jornadas de esterilizaci\u00f3n cada 15 d\u00edas durante todo el a\u00f1o, por lo que se trabajar\u00e1 en las colonias de la ciudad para atender a los animales de compa\u00f1\u00eda, mejorar su calidad de vida y su salud, as\u00ed como disminuir la sobrepoblaci\u00f3n.<\/p>\n\n\n\n<p>La esterilizaci\u00f3n no s\u00f3lo previene enfermedades e infecciones en los perros y gatos, tambi\u00e9n evita que las camadas acaben en la v\u00eda p\u00fablica, donde pueden sufrir atropellamientos o maltrato.<\/p>\n\n\n\n<p>Durante estas jornadas tambi\u00e9n se ofrece informaci\u00f3n a las personas sobre los beneficios de estos procedimientos quir\u00fargicos, los cuidados que requieren los animales de compa\u00f1\u00eda y se les invita a evitar situaciones de maltrato.<\/p>\n\n\n\n<p>Como parte de las acciones en favor del bienestar animal, adem\u00e1s de esta actividad, se tienen programadas jornadas de vacunaci\u00f3n antirr\u00e1bica, pasarelas de adopci\u00f3n y consultas m\u00e9dicas.<\/p>\n","protected":false},"excerpt":{"rendered":"<p>Por el bienestar animal, Con el prop\u00f3sito de fomentar la salud y el bienestar animal, evitar la sobrepoblaci\u00f3n de perros y gatos en la v\u00eda p\u00fablica y mejorar el entorno comunitario, la Direcci\u00f3n de Salud llev\u00f3 a cabo, en la localidad de San Antonio Paso del Toro, una jornada de esterilizaci\u00f3n canina y felina. Lo [&hellip;]<\/p>\n","protected":false},"author":2,"featured_media":160265,"comment_status":"closed","ping_status":"closed","sticky":false,"template":"","format":"standard","meta":{"tdm_status":"","tdm_grid_status":"","footnotes":""},"categories":[73],"tags":[49842,49844,49840,49843,49841,49845,49846],"class_list":{"0":"post-160264","1":"post","2":"type-post","3":"status-publish","4":"format-standard","5":"has-post-thumbnail","7":"category-de-boleto","8":"tag-bienestar-animal-ayuntamiento-de-xalapa-daniela-griego","9":"tag-control-de-sobrepoblacion-canina-y-felina-xalapa","10":"tag-daniela-griego-ceballos-esterilizacion-animal-xalapa","11":"tag-esterilizacion-gratuita-perros-y-gatos-xalapa-2026","12":"tag-jornada-de-salud-animal-san-antonio-paso-del-toro","13":"tag-reactivacion-quirofano-movil-salud-animal-xalapa","14":"tag-vacunacion-antirrabica-y-adopcion-xalapa-2026"},"yoast_head":"<!-- This site is optimized with the Yoast SEO plugin v27.4 - https:\/\/yoast.com\/product\/yoast-seo-wordpress\/ -->\n<title>REACTIVAN QUIR\u00d3FANO M\u00d3VIL PARA MICHIS Y LOMITOS! - Los pol\u00edticos Veracruz<\/title>\n<meta name=\"robots\" content=\"index, follow, max-snippet:-1, max-image-preview:large, max-video-preview:-1\" \/>\n<link rel=\"canonical\" href=\"https:\/\/lospoliticosveracruz.com\/?p=160264\" \/>\n<meta property=\"og:locale\" content=\"es_ES\" \/>\n<meta property=\"og:type\" content=\"article\" \/>\n<meta property=\"og:title\" content=\"REACTIVAN QUIR\u00d3FANO M\u00d3VIL PARA MICHIS Y LOMITOS! - Los pol\u00edticos Veracruz\" \/>\n<meta property=\"og:description\" content=\"Por el bienestar animal, Con el prop\u00f3sito de fomentar la salud y el bienestar animal, evitar la sobrepoblaci\u00f3n de perros y gatos en la v\u00eda p\u00fablica y mejorar el entorno comunitario, la Direcci\u00f3n de Salud llev\u00f3 a cabo, en la localidad de San Antonio Paso del Toro, una jornada de esterilizaci\u00f3n canina y felina. Lo [&hellip;]\" \/>\n<meta property=\"og:url\" content=\"https:\/\/lospoliticosveracruz.com\/?p=160264\" \/>\n<meta property=\"og:site_name\" content=\"Los pol\u00edticos Veracruz\" \/>\n<meta property=\"article:publisher\" content=\"https:\/\/www.facebook.com\/people\/Notimemes-de-los-Polticos\/61565672886568\/\" \/>\n<meta property=\"article:published_time\" content=\"2026-01-13T17:36:05+00:00\" \/>\n<meta property=\"article:modified_time\" content=\"2026-01-29T01:44:14+00:00\" \/>\n<meta property=\"og:image\" content=\"https:\/\/lospoliticosveracruz.com\/wp-content\/uploads\/2026\/01\/QUIROFANO-MOVIL-Xalapa.jpg\" \/>\n\t<meta property=\"og:image:width\" content=\"600\" \/>\n\t<meta property=\"og:image:height\" content=\"320\" \/>\n\t<meta property=\"og:image:type\" content=\"image\/jpeg\" \/>\n<meta name=\"author\" content=\"Lo viste en Los Pol\u00edticos\" \/>\n<meta name=\"twitter:card\" content=\"summary_large_image\" \/>\n<meta name=\"twitter:creator\" content=\"@LosPoliticosVer\" \/>\n<meta name=\"twitter:site\" content=\"@LosPoliticosVer\" \/>\n<meta name=\"twitter:label1\" content=\"Escrito por\" \/>\n\t<meta name=\"twitter:data1\" content=\"Lo viste en Los Pol\u00edticos\" \/>\n\t<meta name=\"twitter:label2\" content=\"Tiempo de lectura\" \/>\n\t<meta name=\"twitter:data2\" content=\"2 minutos\" \/>\n<script type=\"application\/ld+json\" class=\"yoast-schema-graph\">{\"@context\":\"https:\\\/\\\/schema.org\",\"@graph\":[{\"@type\":\"Article\",\"@id\":\"https:\\\/\\\/lospoliticosveracruz.com\\\/?p=160264#article\",\"isPartOf\":{\"@id\":\"https:\\\/\\\/lospoliticosveracruz.com\\\/?p=160264\"},\"author\":{\"name\":\"Lo viste en Los Pol\u00edticos\",\"@id\":\"https:\\\/\\\/lospoliticosveracruz.com\\\/#\\\/schema\\\/person\\\/b8702bb0e538456e6efd07080bf2a4a2\"},\"headline\":\"REACTIVAN QUIR\u00d3FANO M\u00d3VIL PARA MICHIS Y LOMITOS!\",\"datePublished\":\"2026-01-13T17:36:05+00:00\",\"dateModified\":\"2026-01-29T01:44:14+00:00\",\"mainEntityOfPage\":{\"@id\":\"https:\\\/\\\/lospoliticosveracruz.com\\\/?p=160264\"},\"wordCount\":349,\"publisher\":{\"@id\":\"https:\\\/\\\/lospoliticosveracruz.com\\\/#organization\"},\"image\":{\"@id\":\"https:\\\/\\\/lospoliticosveracruz.com\\\/?p=160264#primaryimage\"},\"thumbnailUrl\":\"https:\\\/\\\/lospoliticosveracruz.com\\\/wp-content\\\/uploads\\\/2026\\\/01\\\/QUIROFANO-MOVIL-Xalapa.jpg\",\"keywords\":[\"Bienestar animal Ayuntamiento de Xalapa Daniela Griego\",\"Control de sobrepoblaci\u00f3n canina y felina Xalapa\",\"Daniela Griego Ceballos esterilizaci\u00f3n animal Xalapa\",\"Esterilizaci\u00f3n gratuita perros y gatos Xalapa 2026\",\"Jornada de salud animal San Antonio Paso del Toro\",\"Reactivaci\u00f3n quir\u00f3fano m\u00f3vil salud animal Xalapa\",\"Vacunaci\u00f3n antirr\u00e1bica y adopci\u00f3n Xalapa 2026\"],\"articleSection\":[\"De Boleto\"],\"inLanguage\":\"es\"},{\"@type\":\"WebPage\",\"@id\":\"https:\\\/\\\/lospoliticosveracruz.com\\\/?p=160264\",\"url\":\"https:\\\/\\\/lospoliticosveracruz.com\\\/?p=160264\",\"name\":\"REACTIVAN QUIR\u00d3FANO M\u00d3VIL PARA MICHIS Y LOMITOS! - Los pol\u00edticos Veracruz\",\"isPartOf\":{\"@id\":\"https:\\\/\\\/lospoliticosveracruz.com\\\/#website\"},\"primaryImageOfPage\":{\"@id\":\"https:\\\/\\\/lospoliticosveracruz.com\\\/?p=160264#primaryimage\"},\"image\":{\"@id\":\"https:\\\/\\\/lospoliticosveracruz.com\\\/?p=160264#primaryimage\"},\"thumbnailUrl\":\"https:\\\/\\\/lospoliticosveracruz.com\\\/wp-content\\\/uploads\\\/2026\\\/01\\\/QUIROFANO-MOVIL-Xalapa.jpg\",\"datePublished\":\"2026-01-13T17:36:05+00:00\",\"dateModified\":\"2026-01-29T01:44:14+00:00\",\"breadcrumb\":{\"@id\":\"https:\\\/\\\/lospoliticosveracruz.com\\\/?p=160264#breadcrumb\"},\"inLanguage\":\"es\",\"potentialAction\":[{\"@type\":\"ReadAction\",\"target\":[\"https:\\\/\\\/lospoliticosveracruz.com\\\/?p=160264\"]}]},{\"@type\":\"ImageObject\",\"inLanguage\":\"es\",\"@id\":\"https:\\\/\\\/lospoliticosveracruz.com\\\/?p=160264#primaryimage\",\"url\":\"https:\\\/\\\/lospoliticosveracruz.com\\\/wp-content\\\/uploads\\\/2026\\\/01\\\/QUIROFANO-MOVIL-Xalapa.jpg\",\"contentUrl\":\"https:\\\/\\\/lospoliticosveracruz.com\\\/wp-content\\\/uploads\\\/2026\\\/01\\\/QUIROFANO-MOVIL-Xalapa.jpg\",\"width\":600,\"height\":320},{\"@type\":\"BreadcrumbList\",\"@id\":\"https:\\\/\\\/lospoliticosveracruz.com\\\/?p=160264#breadcrumb\",\"itemListElement\":[{\"@type\":\"ListItem\",\"position\":1,\"name\":\"Portada\",\"item\":\"https:\\\/\\\/lospoliticosveracruz.com\\\/\"},{\"@type\":\"ListItem\",\"position\":2,\"name\":\"REACTIVAN QUIR\u00d3FANO M\u00d3VIL PARA MICHIS Y LOMITOS!\"}]},{\"@type\":\"WebSite\",\"@id\":\"https:\\\/\\\/lospoliticosveracruz.com\\\/#website\",\"url\":\"https:\\\/\\\/lospoliticosveracruz.com\\\/\",\"name\":\"Los pol\u00edticos Veracruz\",\"description\":\"\",\"publisher\":{\"@id\":\"https:\\\/\\\/lospoliticosveracruz.com\\\/#organization\"},\"potentialAction\":[{\"@type\":\"SearchAction\",\"target\":{\"@type\":\"EntryPoint\",\"urlTemplate\":\"https:\\\/\\\/lospoliticosveracruz.com\\\/?s={search_term_string}\"},\"query-input\":{\"@type\":\"PropertyValueSpecification\",\"valueRequired\":true,\"valueName\":\"search_term_string\"}}],\"inLanguage\":\"es\"},{\"@type\":\"Organization\",\"@id\":\"https:\\\/\\\/lospoliticosveracruz.com\\\/#organization\",\"name\":\"Los pol\u00edticos Veracruz\",\"url\":\"https:\\\/\\\/lospoliticosveracruz.com\\\/\",\"logo\":{\"@type\":\"ImageObject\",\"inLanguage\":\"es\",\"@id\":\"https:\\\/\\\/lospoliticosveracruz.com\\\/#\\\/schema\\\/logo\\\/image\\\/\",\"url\":\"https:\\\/\\\/lospoliticosveracruz.com\\\/wp-content\\\/uploads\\\/2025\\\/12\\\/Logo-Nuevo-LOS-POLITICOS-1.jpg\",\"contentUrl\":\"https:\\\/\\\/lospoliticosveracruz.com\\\/wp-content\\\/uploads\\\/2025\\\/12\\\/Logo-Nuevo-LOS-POLITICOS-1.jpg\",\"width\":260,\"height\":70,\"caption\":\"Los pol\u00edticos Veracruz\"},\"image\":{\"@id\":\"https:\\\/\\\/lospoliticosveracruz.com\\\/#\\\/schema\\\/logo\\\/image\\\/\"},\"sameAs\":[\"https:\\\/\\\/www.facebook.com\\\/people\\\/Notimemes-de-los-Polticos\\\/61565672886568\\\/\",\"https:\\\/\\\/x.com\\\/LosPoliticosVer\"]},{\"@type\":\"Person\",\"@id\":\"https:\\\/\\\/lospoliticosveracruz.com\\\/#\\\/schema\\\/person\\\/b8702bb0e538456e6efd07080bf2a4a2\",\"name\":\"Lo viste en Los Pol\u00edticos\",\"image\":{\"@type\":\"ImageObject\",\"inLanguage\":\"es\",\"@id\":\"https:\\\/\\\/secure.gravatar.com\\\/avatar\\\/3a8de04a2656d44082be478bd6c086daa447c4651605818287b9532d3d0bd435?s=96&d=mm&r=g\",\"url\":\"https:\\\/\\\/secure.gravatar.com\\\/avatar\\\/3a8de04a2656d44082be478bd6c086daa447c4651605818287b9532d3d0bd435?s=96&d=mm&r=g\",\"contentUrl\":\"https:\\\/\\\/secure.gravatar.com\\\/avatar\\\/3a8de04a2656d44082be478bd6c086daa447c4651605818287b9532d3d0bd435?s=96&d=mm&r=g\",\"caption\":\"Lo viste en Los Pol\u00edticos\"},\"url\":\"https:\\\/\\\/lospoliticosveracruz.com\\\/?author=2\"}]}<\/script>\n<!-- \/ Yoast SEO plugin. -->","yoast_head_json":{"title":"REACTIVAN QUIR\u00d3FANO M\u00d3VIL PARA MICHIS Y LOMITOS! - Los pol\u00edticos Veracruz","robots":{"index":"index","follow":"follow","max-snippet":"max-snippet:-1","max-image-preview":"max-image-preview:large","max-video-preview":"max-video-preview:-1"},"canonical":"https:\/\/lospoliticosveracruz.com\/?p=160264","og_locale":"es_ES","og_type":"article","og_title":"REACTIVAN QUIR\u00d3FANO M\u00d3VIL PARA MICHIS Y LOMITOS! - Los pol\u00edticos Veracruz","og_description":"Por el bienestar animal, Con el prop\u00f3sito de fomentar la salud y el bienestar animal, evitar la sobrepoblaci\u00f3n de perros y gatos en la v\u00eda p\u00fablica y mejorar el entorno comunitario, la Direcci\u00f3n de Salud llev\u00f3 a cabo, en la localidad de San Antonio Paso del Toro, una jornada de esterilizaci\u00f3n canina y felina. Lo [&hellip;]","og_url":"https:\/\/lospoliticosveracruz.com\/?p=160264","og_site_name":"Los pol\u00edticos Veracruz","article_publisher":"https:\/\/www.facebook.com\/people\/Notimemes-de-los-Polticos\/61565672886568\/","article_published_time":"2026-01-13T17:36:05+00:00","article_modified_time":"2026-01-29T01:44:14+00:00","og_image":[{"width":600,"height":320,"url":"https:\/\/lospoliticosveracruz.com\/wp-content\/uploads\/2026\/01\/QUIROFANO-MOVIL-Xalapa.jpg","type":"image\/jpeg"}],"author":"Lo viste en Los Pol\u00edticos","twitter_card":"summary_large_image","twitter_creator":"@LosPoliticosVer","twitter_site":"@LosPoliticosVer","twitter_misc":{"Escrito por":"Lo viste en Los Pol\u00edticos","Tiempo de lectura":"2 minutos"},"schema":{"@context":"https:\/\/schema.org","@graph":[{"@type":"Article","@id":"https:\/\/lospoliticosveracruz.com\/?p=160264#article","isPartOf":{"@id":"https:\/\/lospoliticosveracruz.com\/?p=160264"},"author":{"name":"Lo viste en Los Pol\u00edticos","@id":"https:\/\/lospoliticosveracruz.com\/#\/schema\/person\/b8702bb0e538456e6efd07080bf2a4a2"},"headline":"REACTIVAN QUIR\u00d3FANO M\u00d3VIL PARA MICHIS Y LOMITOS!","datePublished":"2026-01-13T17:36:05+00:00","dateModified":"2026-01-29T01:44:14+00:00","mainEntityOfPage":{"@id":"https:\/\/lospoliticosveracruz.com\/?p=160264"},"wordCount":349,"publisher":{"@id":"https:\/\/lospoliticosveracruz.com\/#organization"},"image":{"@id":"https:\/\/lospoliticosveracruz.com\/?p=160264#primaryimage"},"thumbnailUrl":"https:\/\/lospoliticosveracruz.com\/wp-content\/uploads\/2026\/01\/QUIROFANO-MOVIL-Xalapa.jpg","keywords":["Bienestar animal Ayuntamiento de Xalapa Daniela Griego","Control de sobrepoblaci\u00f3n canina y felina Xalapa","Daniela Griego Ceballos esterilizaci\u00f3n animal Xalapa","Esterilizaci\u00f3n gratuita perros y gatos Xalapa 2026","Jornada de salud animal San Antonio Paso del Toro","Reactivaci\u00f3n quir\u00f3fano m\u00f3vil salud animal Xalapa","Vacunaci\u00f3n antirr\u00e1bica y adopci\u00f3n Xalapa 2026"],"articleSection":["De Boleto"],"inLanguage":"es"},{"@type":"WebPage","@id":"https:\/\/lospoliticosveracruz.com\/?p=160264","url":"https:\/\/lospoliticosveracruz.com\/?p=160264","name":"REACTIVAN QUIR\u00d3FANO M\u00d3VIL PARA MICHIS Y LOMITOS! - Los pol\u00edticos Veracruz","isPartOf":{"@id":"https:\/\/lospoliticosveracruz.com\/#website"},"primaryImageOfPage":{"@id":"https:\/\/lospoliticosveracruz.com\/?p=160264#primaryimage"},"image":{"@id":"https:\/\/lospoliticosveracruz.com\/?p=160264#primaryimage"},"thumbnailUrl":"https:\/\/lospoliticosveracruz.com\/wp-content\/uploads\/2026\/01\/QUIROFANO-MOVIL-Xalapa.jpg","datePublished":"2026-01-13T17:36:05+00:00","dateModified":"2026-01-29T01:44:14+00:00","breadcrumb":{"@id":"https:\/\/lospoliticosveracruz.com\/?p=160264#breadcrumb"},"inLanguage":"es","potentialAction":[{"@type":"ReadAction","target":["https:\/\/lospoliticosveracruz.com\/?p=160264"]}]},{"@type":"ImageObject","inLanguage":"es","@id":"https:\/\/lospoliticosveracruz.com\/?p=160264#primaryimage","url":"https:\/\/lospoliticosveracruz.com\/wp-content\/uploads\/2026\/01\/QUIROFANO-MOVIL-Xalapa.jpg","contentUrl":"https:\/\/lospoliticosveracruz.com\/wp-content\/uploads\/2026\/01\/QUIROFANO-MOVIL-Xalapa.jpg","width":600,"height":320},{"@type":"BreadcrumbList","@id":"https:\/\/lospoliticosveracruz.com\/?p=160264#breadcrumb","itemListElement":[{"@type":"ListItem","position":1,"name":"Portada","item":"https:\/\/lospoliticosveracruz.com\/"},{"@type":"ListItem","position":2,"name":"REACTIVAN QUIR\u00d3FANO M\u00d3VIL PARA MICHIS Y LOMITOS!"}]},{"@type":"WebSite","@id":"https:\/\/lospoliticosveracruz.com\/#website","url":"https:\/\/lospoliticosveracruz.com\/","name":"Los pol\u00edticos Veracruz","description":"","publisher":{"@id":"https:\/\/lospoliticosveracruz.com\/#organization"},"potentialAction":[{"@type":"SearchAction","target":{"@type":"EntryPoint","urlTemplate":"https:\/\/lospoliticosveracruz.com\/?s={search_term_string}"},"query-input":{"@type":"PropertyValueSpecification","valueRequired":true,"valueName":"search_term_string"}}],"inLanguage":"es"},{"@type":"Organization","@id":"https:\/\/lospoliticosveracruz.com\/#organization","name":"Los pol\u00edticos Veracruz","url":"https:\/\/lospoliticosveracruz.com\/","logo":{"@type":"ImageObject","inLanguage":"es","@id":"https:\/\/lospoliticosveracruz.com\/#\/schema\/logo\/image\/","url":"https:\/\/lospoliticosveracruz.com\/wp-content\/uploads\/2025\/12\/Logo-Nuevo-LOS-POLITICOS-1.jpg","contentUrl":"https:\/\/lospoliticosveracruz.com\/wp-content\/uploads\/2025\/12\/Logo-Nuevo-LOS-POLITICOS-1.jpg","width":260,"height":70,"caption":"Los pol\u00edticos Veracruz"},"image":{"@id":"https:\/\/lospoliticosveracruz.com\/#\/schema\/logo\/image\/"},"sameAs":["https:\/\/www.facebook.com\/people\/Notimemes-de-los-Polticos\/61565672886568\/","https:\/\/x.com\/LosPoliticosVer"]},{"@type":"Person","@id":"https:\/\/lospoliticosveracruz.com\/#\/schema\/person\/b8702bb0e538456e6efd07080bf2a4a2","name":"Lo viste en Los Pol\u00edticos","image":{"@type":"ImageObject","inLanguage":"es","@id":"https:\/\/secure.gravatar.com\/avatar\/3a8de04a2656d44082be478bd6c086daa447c4651605818287b9532d3d0bd435?s=96&d=mm&r=g","url":"https:\/\/secure.gravatar.com\/avatar\/3a8de04a2656d44082be478bd6c086daa447c4651605818287b9532d3d0bd435?s=96&d=mm&r=g","contentUrl":"https:\/\/secure.gravatar.com\/avatar\/3a8de04a2656d44082be478bd6c086daa447c4651605818287b9532d3d0bd435?s=96&d=mm&r=g","caption":"Lo viste en Los Pol\u00edticos"},"url":"https:\/\/lospoliticosveracruz.com\/?author=2"}]}},"_links":{"self":[{"href":"https:\/\/lospoliticosveracruz.com\/index.php?rest_route=\/wp\/v2\/posts\/160264","targetHints":{"allow":["GET"]}}],"collection":[{"href":"https:\/\/lospoliticosveracruz.com\/index.php?rest_route=\/wp\/v2\/posts"}],"about":[{"href":"https:\/\/lospoliticosveracruz.com\/index.php?rest_route=\/wp\/v2\/types\/post"}],"author":[{"embeddable":true,"href":"https:\/\/lospoliticosveracruz.com\/index.php?rest_route=\/wp\/v2\/users\/2"}],"replies":[{"embeddable":true,"href":"https:\/\/lospoliticosveracruz.com\/index.php?rest_route=%2Fwp%2Fv2%2Fcomments&post=160264"}],"version-history":[{"count":2,"href":"https:\/\/lospoliticosveracruz.com\/index.php?rest_route=\/wp\/v2\/posts\/160264\/revisions"}],"predecessor-version":[{"id":161972,"href":"https:\/\/lospoliticosveracruz.com\/index.php?rest_route=\/wp\/v2\/posts\/160264\/revisions\/161972"}],"wp:featuredmedia":[{"embeddable":true,"href":"https:\/\/lospoliticosveracruz.com\/index.php?rest_route=\/wp\/v2\/media\/160265"}],"wp:attachment":[{"href":"https:\/\/lospoliticosveracruz.com\/index.php?rest_route=%2Fwp%2Fv2%2Fmedia&parent=160264"}],"wp:term":[{"taxonomy":"category","embeddable":true,"href":"https:\/\/lospoliticosveracruz.com\/index.php?rest_route=%2Fwp%2Fv2%2Fcategories&post=160264"},{"taxonomy":"post_tag","embeddable":true,"href":"https:\/\/lospoliticosveracruz.com\/index.php?rest_route=%2Fwp%2Fv2%2Ftags&post=160264"}],"curies":[{"name":"wp","href":"https:\/\/api.w.org\/{rel}","templated":true}]}}