{"id":160270,"date":"2026-01-13T12:06:41","date_gmt":"2026-01-13T18:06:41","guid":{"rendered":"https:\/\/lospoliticosveracruz.com\/?p=160270"},"modified":"2026-01-13T12:06:42","modified_gmt":"2026-01-13T18:06:42","slug":"saca-tu-pasaporte","status":"publish","type":"post","link":"https:\/\/lospoliticosveracruz.com\/?p=160270","title":{"rendered":"SACA TU PASAPORTE!"},"content":{"rendered":"\n<p>S\u00edguenos ahora tambi\u00e9n en WhatsApp.\u00a0\u00a1<a href=\"https:\/\/whatsapp.com\/channel\/0029Va8zRWlEKyZIP3Z1dF0e\"><strong>Da clic aqu\u00ed<\/strong><\/a><strong>!<\/strong><\/p>\n\n\n\n<p>Con el objetivo de facilitar el acceso de la ciudadan\u00eda a un tr\u00e1mite federal de gran demanda, este martes 13 de enero se reanuda en la Ciudad Heroica de Veracruz el Sistema de Citas para el tr\u00e1mite del Pasaporte Ordinario Mexicano, a trav\u00e9s de la Oficina Municipal de Enlace (OME) con la Secretar\u00eda de Relaciones Exteriores (SRE).<\/p>\n\n\n\n<p>Las citas podr\u00e1n solicitarse a partir de esta fecha mediante Call Center o WhatsApp al n\u00famero 55 89 32 48 27, lo que permitir\u00e1 una atenci\u00f3n ordenada y eficiente para la realizaci\u00f3n del tr\u00e1mite correspondiente.<\/p>\n\n\n\n<p>A partir de la generaci\u00f3n de la cita, la atenci\u00f3n en la OME permitir\u00e1 concluir el tr\u00e1mite y obtener el pasaporte en un plazo de hasta tres d\u00edas, una vez cumplidos los requisitos establecidos por la SRE.<\/p>\n\n\n\n<p>La Oficina Municipal de Enlace se ubica en Calle Ignacio L\u00f3pez Ray\u00f3n #462, colonia Centro, con horario de atenci\u00f3n de lunes a viernes, de 8:00 a 15:00 horas.<\/p>\n\n\n\n<p>Adem\u00e1s de esta gesti\u00f3n, la oficina brinda asesor\u00eda en materia de Protecci\u00f3n Consular y atiende solicitudes internacionales OP7, para el tr\u00e1mite de pasaportes de menores de edad cuyos padres o tutores se encuentran en el extranjero.<\/p>\n\n\n\n<p>Costos del tr\u00e1mite:<\/p>\n\n\n\n<p>\u2022\u2060 \u2060Costo por gesti\u00f3n municipal: 400 pesos<\/p>\n\n\n\n<p>Costo del pasaporte seg\u00fan vigencia:<\/p>\n\n\n\n<p>\u2022\u2060 \u206010 a\u00f1os: 4,280 pesos<br>\u2022\u2060 \u20606 a\u00f1os: 2,440 pesos<br>\u2022\u2060 \u20603 a\u00f1os: 1,795 pesos<br>\u2022\u2060 \u20601 a\u00f1o: 920 pesos (solo para menores de 3 a\u00f1os)<\/p>\n\n\n\n<p>Descuento del 50% para personas mayores de 60 a\u00f1os, personas con discapacidad y trabajadores agr\u00edcolas, quedando los costos seg\u00fan vigencia:<\/p>\n\n\n\n<p>\u2022\u2060 \u206010 a\u00f1os: 2,140 pesos<br>\u2022\u2060 \u20606 a\u00f1os: 1,220 pesos<br>\u2022\u2060 \u20603 a\u00f1os: 900 pesos<br>\u2022\u2060 \u20601 a\u00f1o: 460 pesos<\/p>\n","protected":false},"excerpt":{"rendered":"<p>Con el objetivo de facilitar el acceso de la ciudadan\u00eda a un tr\u00e1mite federal de gran demanda, este martes 13 de enero se reanuda en la Ciudad Heroica de Veracruz el Sistema de Citas para el tr\u00e1mite del Pasaporte Ordinario Mexicano, a trav\u00e9s de la Oficina Municipal de Enlace (OME) con la Secretar\u00eda de Relaciones [&hellip;]<\/p>\n","protected":false},"author":2,"featured_media":160272,"comment_status":"closed","ping_status":"closed","sticky":false,"template":"","format":"standard","meta":{"tdm_status":"","tdm_grid_status":"","footnotes":""},"categories":[73],"tags":[49854,49858,49860,49859,49855,49857,49856],"class_list":{"0":"post-160270","1":"post","2":"type-post","3":"status-publish","4":"format-standard","5":"has-post-thumbnail","7":"category-de-boleto","8":"tag-citas-pasaporte-veracruz-2026-sre","9":"tag-costo-pasaporte-mexicano-2026-veracruz","10":"tag-horario-oficina-enlace-relaciones-exteriores-veracruz","11":"tag-oficina-de-enlace-pasaportes-veracruz-centro","12":"tag-requisitos-pasaporte-mexicano-veracruz-2026","13":"tag-tramite-de-pasaporte-menores-op7-veracruz","14":"tag-whatsapp-citas-pasaporte-sre-5589324827"},"yoast_head":"<!-- This site is optimized with the Yoast SEO plugin v27.4 - https:\/\/yoast.com\/product\/yoast-seo-wordpress\/ -->\n<title>SACA TU PASAPORTE! - Los pol\u00edticos Veracruz<\/title>\n<meta name=\"robots\" content=\"index, follow, max-snippet:-1, max-image-preview:large, max-video-preview:-1\" \/>\n<link rel=\"canonical\" href=\"https:\/\/lospoliticosveracruz.com\/?p=160270\" \/>\n<meta property=\"og:locale\" content=\"es_ES\" \/>\n<meta property=\"og:type\" content=\"article\" \/>\n<meta property=\"og:title\" content=\"SACA TU PASAPORTE! - Los pol\u00edticos Veracruz\" \/>\n<meta property=\"og:description\" content=\"Con el objetivo de facilitar el acceso de la ciudadan\u00eda a un tr\u00e1mite federal de gran demanda, este martes 13 de enero se reanuda en la Ciudad Heroica de Veracruz el Sistema de Citas para el tr\u00e1mite del Pasaporte Ordinario Mexicano, a trav\u00e9s de la Oficina Municipal de Enlace (OME) con la Secretar\u00eda de Relaciones [&hellip;]\" \/>\n<meta property=\"og:url\" content=\"https:\/\/lospoliticosveracruz.com\/?p=160270\" \/>\n<meta property=\"og:site_name\" content=\"Los pol\u00edticos Veracruz\" \/>\n<meta property=\"article:publisher\" content=\"https:\/\/www.facebook.com\/people\/Notimemes-de-los-Polticos\/61565672886568\/\" \/>\n<meta property=\"article:published_time\" content=\"2026-01-13T18:06:41+00:00\" \/>\n<meta property=\"article:modified_time\" content=\"2026-01-13T18:06:42+00:00\" \/>\n<meta property=\"og:image\" content=\"https:\/\/lospoliticosveracruz.com\/wp-content\/uploads\/2026\/01\/Secretaria-de-Relaciones-Exteriores.jpeg\" \/>\n\t<meta property=\"og:image:width\" content=\"600\" \/>\n\t<meta property=\"og:image:height\" content=\"320\" \/>\n\t<meta property=\"og:image:type\" content=\"image\/jpeg\" \/>\n<meta name=\"author\" content=\"Lo viste en Los Pol\u00edticos\" \/>\n<meta name=\"twitter:card\" content=\"summary_large_image\" \/>\n<meta name=\"twitter:creator\" content=\"@LosPoliticosVer\" \/>\n<meta name=\"twitter:site\" content=\"@LosPoliticosVer\" \/>\n<meta name=\"twitter:label1\" content=\"Escrito por\" \/>\n\t<meta name=\"twitter:data1\" content=\"Lo viste en Los Pol\u00edticos\" \/>\n\t<meta name=\"twitter:label2\" content=\"Tiempo de lectura\" \/>\n\t<meta name=\"twitter:data2\" content=\"3 minutos\" \/>\n<script type=\"application\/ld+json\" class=\"yoast-schema-graph\">{\"@context\":\"https:\\\/\\\/schema.org\",\"@graph\":[{\"@type\":\"Article\",\"@id\":\"https:\\\/\\\/lospoliticosveracruz.com\\\/?p=160270#article\",\"isPartOf\":{\"@id\":\"https:\\\/\\\/lospoliticosveracruz.com\\\/?p=160270\"},\"author\":{\"name\":\"Lo viste en Los Pol\u00edticos\",\"@id\":\"https:\\\/\\\/lospoliticosveracruz.com\\\/#\\\/schema\\\/person\\\/b8702bb0e538456e6efd07080bf2a4a2\"},\"headline\":\"SACA TU PASAPORTE!\",\"datePublished\":\"2026-01-13T18:06:41+00:00\",\"dateModified\":\"2026-01-13T18:06:42+00:00\",\"mainEntityOfPage\":{\"@id\":\"https:\\\/\\\/lospoliticosveracruz.com\\\/?p=160270\"},\"wordCount\":276,\"publisher\":{\"@id\":\"https:\\\/\\\/lospoliticosveracruz.com\\\/#organization\"},\"image\":{\"@id\":\"https:\\\/\\\/lospoliticosveracruz.com\\\/?p=160270#primaryimage\"},\"thumbnailUrl\":\"https:\\\/\\\/lospoliticosveracruz.com\\\/wp-content\\\/uploads\\\/2026\\\/01\\\/Secretaria-de-Relaciones-Exteriores.jpeg\",\"keywords\":[\"Citas pasaporte Veracruz 2026 SRE\",\"Costo pasaporte mexicano 2026 Veracruz\",\"Horario Oficina Enlace Relaciones Exteriores Veracruz\",\"Oficina de Enlace Pasaportes Veracruz Centro\",\"Requisitos pasaporte mexicano Veracruz 2026\",\"Tr\u00e1mite de pasaporte menores OP7 Veracruz\",\"WhatsApp citas pasaporte SRE 5589324827\"],\"articleSection\":[\"De Boleto\"],\"inLanguage\":\"es\"},{\"@type\":\"WebPage\",\"@id\":\"https:\\\/\\\/lospoliticosveracruz.com\\\/?p=160270\",\"url\":\"https:\\\/\\\/lospoliticosveracruz.com\\\/?p=160270\",\"name\":\"SACA TU PASAPORTE! - Los pol\u00edticos Veracruz\",\"isPartOf\":{\"@id\":\"https:\\\/\\\/lospoliticosveracruz.com\\\/#website\"},\"primaryImageOfPage\":{\"@id\":\"https:\\\/\\\/lospoliticosveracruz.com\\\/?p=160270#primaryimage\"},\"image\":{\"@id\":\"https:\\\/\\\/lospoliticosveracruz.com\\\/?p=160270#primaryimage\"},\"thumbnailUrl\":\"https:\\\/\\\/lospoliticosveracruz.com\\\/wp-content\\\/uploads\\\/2026\\\/01\\\/Secretaria-de-Relaciones-Exteriores.jpeg\",\"datePublished\":\"2026-01-13T18:06:41+00:00\",\"dateModified\":\"2026-01-13T18:06:42+00:00\",\"breadcrumb\":{\"@id\":\"https:\\\/\\\/lospoliticosveracruz.com\\\/?p=160270#breadcrumb\"},\"inLanguage\":\"es\",\"potentialAction\":[{\"@type\":\"ReadAction\",\"target\":[\"https:\\\/\\\/lospoliticosveracruz.com\\\/?p=160270\"]}]},{\"@type\":\"ImageObject\",\"inLanguage\":\"es\",\"@id\":\"https:\\\/\\\/lospoliticosveracruz.com\\\/?p=160270#primaryimage\",\"url\":\"https:\\\/\\\/lospoliticosveracruz.com\\\/wp-content\\\/uploads\\\/2026\\\/01\\\/Secretaria-de-Relaciones-Exteriores.jpeg\",\"contentUrl\":\"https:\\\/\\\/lospoliticosveracruz.com\\\/wp-content\\\/uploads\\\/2026\\\/01\\\/Secretaria-de-Relaciones-Exteriores.jpeg\",\"width\":600,\"height\":320},{\"@type\":\"BreadcrumbList\",\"@id\":\"https:\\\/\\\/lospoliticosveracruz.com\\\/?p=160270#breadcrumb\",\"itemListElement\":[{\"@type\":\"ListItem\",\"position\":1,\"name\":\"Portada\",\"item\":\"https:\\\/\\\/lospoliticosveracruz.com\\\/\"},{\"@type\":\"ListItem\",\"position\":2,\"name\":\"SACA TU PASAPORTE!\"}]},{\"@type\":\"WebSite\",\"@id\":\"https:\\\/\\\/lospoliticosveracruz.com\\\/#website\",\"url\":\"https:\\\/\\\/lospoliticosveracruz.com\\\/\",\"name\":\"Los pol\u00edticos Veracruz\",\"description\":\"\",\"publisher\":{\"@id\":\"https:\\\/\\\/lospoliticosveracruz.com\\\/#organization\"},\"potentialAction\":[{\"@type\":\"SearchAction\",\"target\":{\"@type\":\"EntryPoint\",\"urlTemplate\":\"https:\\\/\\\/lospoliticosveracruz.com\\\/?s={search_term_string}\"},\"query-input\":{\"@type\":\"PropertyValueSpecification\",\"valueRequired\":true,\"valueName\":\"search_term_string\"}}],\"inLanguage\":\"es\"},{\"@type\":\"Organization\",\"@id\":\"https:\\\/\\\/lospoliticosveracruz.com\\\/#organization\",\"name\":\"Los pol\u00edticos Veracruz\",\"url\":\"https:\\\/\\\/lospoliticosveracruz.com\\\/\",\"logo\":{\"@type\":\"ImageObject\",\"inLanguage\":\"es\",\"@id\":\"https:\\\/\\\/lospoliticosveracruz.com\\\/#\\\/schema\\\/logo\\\/image\\\/\",\"url\":\"https:\\\/\\\/lospoliticosveracruz.com\\\/wp-content\\\/uploads\\\/2025\\\/12\\\/Logo-Nuevo-LOS-POLITICOS-1.jpg\",\"contentUrl\":\"https:\\\/\\\/lospoliticosveracruz.com\\\/wp-content\\\/uploads\\\/2025\\\/12\\\/Logo-Nuevo-LOS-POLITICOS-1.jpg\",\"width\":260,\"height\":70,\"caption\":\"Los pol\u00edticos Veracruz\"},\"image\":{\"@id\":\"https:\\\/\\\/lospoliticosveracruz.com\\\/#\\\/schema\\\/logo\\\/image\\\/\"},\"sameAs\":[\"https:\\\/\\\/www.facebook.com\\\/people\\\/Notimemes-de-los-Polticos\\\/61565672886568\\\/\",\"https:\\\/\\\/x.com\\\/LosPoliticosVer\"]},{\"@type\":\"Person\",\"@id\":\"https:\\\/\\\/lospoliticosveracruz.com\\\/#\\\/schema\\\/person\\\/b8702bb0e538456e6efd07080bf2a4a2\",\"name\":\"Lo viste en Los Pol\u00edticos\",\"image\":{\"@type\":\"ImageObject\",\"inLanguage\":\"es\",\"@id\":\"https:\\\/\\\/secure.gravatar.com\\\/avatar\\\/3a8de04a2656d44082be478bd6c086daa447c4651605818287b9532d3d0bd435?s=96&d=mm&r=g\",\"url\":\"https:\\\/\\\/secure.gravatar.com\\\/avatar\\\/3a8de04a2656d44082be478bd6c086daa447c4651605818287b9532d3d0bd435?s=96&d=mm&r=g\",\"contentUrl\":\"https:\\\/\\\/secure.gravatar.com\\\/avatar\\\/3a8de04a2656d44082be478bd6c086daa447c4651605818287b9532d3d0bd435?s=96&d=mm&r=g\",\"caption\":\"Lo viste en Los Pol\u00edticos\"},\"url\":\"https:\\\/\\\/lospoliticosveracruz.com\\\/?author=2\"}]}<\/script>\n<!-- \/ Yoast SEO plugin. -->","yoast_head_json":{"title":"SACA TU PASAPORTE! - Los pol\u00edticos Veracruz","robots":{"index":"index","follow":"follow","max-snippet":"max-snippet:-1","max-image-preview":"max-image-preview:large","max-video-preview":"max-video-preview:-1"},"canonical":"https:\/\/lospoliticosveracruz.com\/?p=160270","og_locale":"es_ES","og_type":"article","og_title":"SACA TU PASAPORTE! - Los pol\u00edticos Veracruz","og_description":"Con el objetivo de facilitar el acceso de la ciudadan\u00eda a un tr\u00e1mite federal de gran demanda, este martes 13 de enero se reanuda en la Ciudad Heroica de Veracruz el Sistema de Citas para el tr\u00e1mite del Pasaporte Ordinario Mexicano, a trav\u00e9s de la Oficina Municipal de Enlace (OME) con la Secretar\u00eda de Relaciones [&hellip;]","og_url":"https:\/\/lospoliticosveracruz.com\/?p=160270","og_site_name":"Los pol\u00edticos Veracruz","article_publisher":"https:\/\/www.facebook.com\/people\/Notimemes-de-los-Polticos\/61565672886568\/","article_published_time":"2026-01-13T18:06:41+00:00","article_modified_time":"2026-01-13T18:06:42+00:00","og_image":[{"width":600,"height":320,"url":"https:\/\/lospoliticosveracruz.com\/wp-content\/uploads\/2026\/01\/Secretaria-de-Relaciones-Exteriores.jpeg","type":"image\/jpeg"}],"author":"Lo viste en Los Pol\u00edticos","twitter_card":"summary_large_image","twitter_creator":"@LosPoliticosVer","twitter_site":"@LosPoliticosVer","twitter_misc":{"Escrito por":"Lo viste en Los Pol\u00edticos","Tiempo de lectura":"3 minutos"},"schema":{"@context":"https:\/\/schema.org","@graph":[{"@type":"Article","@id":"https:\/\/lospoliticosveracruz.com\/?p=160270#article","isPartOf":{"@id":"https:\/\/lospoliticosveracruz.com\/?p=160270"},"author":{"name":"Lo viste en Los Pol\u00edticos","@id":"https:\/\/lospoliticosveracruz.com\/#\/schema\/person\/b8702bb0e538456e6efd07080bf2a4a2"},"headline":"SACA TU PASAPORTE!","datePublished":"2026-01-13T18:06:41+00:00","dateModified":"2026-01-13T18:06:42+00:00","mainEntityOfPage":{"@id":"https:\/\/lospoliticosveracruz.com\/?p=160270"},"wordCount":276,"publisher":{"@id":"https:\/\/lospoliticosveracruz.com\/#organization"},"image":{"@id":"https:\/\/lospoliticosveracruz.com\/?p=160270#primaryimage"},"thumbnailUrl":"https:\/\/lospoliticosveracruz.com\/wp-content\/uploads\/2026\/01\/Secretaria-de-Relaciones-Exteriores.jpeg","keywords":["Citas pasaporte Veracruz 2026 SRE","Costo pasaporte mexicano 2026 Veracruz","Horario Oficina Enlace Relaciones Exteriores Veracruz","Oficina de Enlace Pasaportes Veracruz Centro","Requisitos pasaporte mexicano Veracruz 2026","Tr\u00e1mite de pasaporte menores OP7 Veracruz","WhatsApp citas pasaporte SRE 5589324827"],"articleSection":["De Boleto"],"inLanguage":"es"},{"@type":"WebPage","@id":"https:\/\/lospoliticosveracruz.com\/?p=160270","url":"https:\/\/lospoliticosveracruz.com\/?p=160270","name":"SACA TU PASAPORTE! - Los pol\u00edticos Veracruz","isPartOf":{"@id":"https:\/\/lospoliticosveracruz.com\/#website"},"primaryImageOfPage":{"@id":"https:\/\/lospoliticosveracruz.com\/?p=160270#primaryimage"},"image":{"@id":"https:\/\/lospoliticosveracruz.com\/?p=160270#primaryimage"},"thumbnailUrl":"https:\/\/lospoliticosveracruz.com\/wp-content\/uploads\/2026\/01\/Secretaria-de-Relaciones-Exteriores.jpeg","datePublished":"2026-01-13T18:06:41+00:00","dateModified":"2026-01-13T18:06:42+00:00","breadcrumb":{"@id":"https:\/\/lospoliticosveracruz.com\/?p=160270#breadcrumb"},"inLanguage":"es","potentialAction":[{"@type":"ReadAction","target":["https:\/\/lospoliticosveracruz.com\/?p=160270"]}]},{"@type":"ImageObject","inLanguage":"es","@id":"https:\/\/lospoliticosveracruz.com\/?p=160270#primaryimage","url":"https:\/\/lospoliticosveracruz.com\/wp-content\/uploads\/2026\/01\/Secretaria-de-Relaciones-Exteriores.jpeg","contentUrl":"https:\/\/lospoliticosveracruz.com\/wp-content\/uploads\/2026\/01\/Secretaria-de-Relaciones-Exteriores.jpeg","width":600,"height":320},{"@type":"BreadcrumbList","@id":"https:\/\/lospoliticosveracruz.com\/?p=160270#breadcrumb","itemListElement":[{"@type":"ListItem","position":1,"name":"Portada","item":"https:\/\/lospoliticosveracruz.com\/"},{"@type":"ListItem","position":2,"name":"SACA TU PASAPORTE!"}]},{"@type":"WebSite","@id":"https:\/\/lospoliticosveracruz.com\/#website","url":"https:\/\/lospoliticosveracruz.com\/","name":"Los pol\u00edticos Veracruz","description":"","publisher":{"@id":"https:\/\/lospoliticosveracruz.com\/#organization"},"potentialAction":[{"@type":"SearchAction","target":{"@type":"EntryPoint","urlTemplate":"https:\/\/lospoliticosveracruz.com\/?s={search_term_string}"},"query-input":{"@type":"PropertyValueSpecification","valueRequired":true,"valueName":"search_term_string"}}],"inLanguage":"es"},{"@type":"Organization","@id":"https:\/\/lospoliticosveracruz.com\/#organization","name":"Los pol\u00edticos Veracruz","url":"https:\/\/lospoliticosveracruz.com\/","logo":{"@type":"ImageObject","inLanguage":"es","@id":"https:\/\/lospoliticosveracruz.com\/#\/schema\/logo\/image\/","url":"https:\/\/lospoliticosveracruz.com\/wp-content\/uploads\/2025\/12\/Logo-Nuevo-LOS-POLITICOS-1.jpg","contentUrl":"https:\/\/lospoliticosveracruz.com\/wp-content\/uploads\/2025\/12\/Logo-Nuevo-LOS-POLITICOS-1.jpg","width":260,"height":70,"caption":"Los pol\u00edticos Veracruz"},"image":{"@id":"https:\/\/lospoliticosveracruz.com\/#\/schema\/logo\/image\/"},"sameAs":["https:\/\/www.facebook.com\/people\/Notimemes-de-los-Polticos\/61565672886568\/","https:\/\/x.com\/LosPoliticosVer"]},{"@type":"Person","@id":"https:\/\/lospoliticosveracruz.com\/#\/schema\/person\/b8702bb0e538456e6efd07080bf2a4a2","name":"Lo viste en Los Pol\u00edticos","image":{"@type":"ImageObject","inLanguage":"es","@id":"https:\/\/secure.gravatar.com\/avatar\/3a8de04a2656d44082be478bd6c086daa447c4651605818287b9532d3d0bd435?s=96&d=mm&r=g","url":"https:\/\/secure.gravatar.com\/avatar\/3a8de04a2656d44082be478bd6c086daa447c4651605818287b9532d3d0bd435?s=96&d=mm&r=g","contentUrl":"https:\/\/secure.gravatar.com\/avatar\/3a8de04a2656d44082be478bd6c086daa447c4651605818287b9532d3d0bd435?s=96&d=mm&r=g","caption":"Lo viste en Los Pol\u00edticos"},"url":"https:\/\/lospoliticosveracruz.com\/?author=2"}]}},"_links":{"self":[{"href":"https:\/\/lospoliticosveracruz.com\/index.php?rest_route=\/wp\/v2\/posts\/160270","targetHints":{"allow":["GET"]}}],"collection":[{"href":"https:\/\/lospoliticosveracruz.com\/index.php?rest_route=\/wp\/v2\/posts"}],"about":[{"href":"https:\/\/lospoliticosveracruz.com\/index.php?rest_route=\/wp\/v2\/types\/post"}],"author":[{"embeddable":true,"href":"https:\/\/lospoliticosveracruz.com\/index.php?rest_route=\/wp\/v2\/users\/2"}],"replies":[{"embeddable":true,"href":"https:\/\/lospoliticosveracruz.com\/index.php?rest_route=%2Fwp%2Fv2%2Fcomments&post=160270"}],"version-history":[{"count":1,"href":"https:\/\/lospoliticosveracruz.com\/index.php?rest_route=\/wp\/v2\/posts\/160270\/revisions"}],"predecessor-version":[{"id":160273,"href":"https:\/\/lospoliticosveracruz.com\/index.php?rest_route=\/wp\/v2\/posts\/160270\/revisions\/160273"}],"wp:featuredmedia":[{"embeddable":true,"href":"https:\/\/lospoliticosveracruz.com\/index.php?rest_route=\/wp\/v2\/media\/160272"}],"wp:attachment":[{"href":"https:\/\/lospoliticosveracruz.com\/index.php?rest_route=%2Fwp%2Fv2%2Fmedia&parent=160270"}],"wp:term":[{"taxonomy":"category","embeddable":true,"href":"https:\/\/lospoliticosveracruz.com\/index.php?rest_route=%2Fwp%2Fv2%2Fcategories&post=160270"},{"taxonomy":"post_tag","embeddable":true,"href":"https:\/\/lospoliticosveracruz.com\/index.php?rest_route=%2Fwp%2Fv2%2Ftags&post=160270"}],"curies":[{"name":"wp","href":"https:\/\/api.w.org\/{rel}","templated":true}]}}