{"id":160279,"date":"2026-01-13T13:18:44","date_gmt":"2026-01-13T19:18:44","guid":{"rendered":"https:\/\/lospoliticosveracruz.com\/?p=160279"},"modified":"2026-01-13T13:18:45","modified_gmt":"2026-01-13T19:18:45","slug":"bien-carinoso-el-menu","status":"publish","type":"post","link":"https:\/\/lospoliticosveracruz.com\/?p=160279","title":{"rendered":"BIEN CARI\u00d1OSO EL MEN\u00da!"},"content":{"rendered":"\n<p>S\u00edguenos ahora tambi\u00e9n en WhatsApp.\u00a0\u00a1<a href=\"https:\/\/whatsapp.com\/channel\/0029Va8zRWlEKyZIP3Z1dF0e\"><strong>Da clic aqu\u00ed<\/strong><\/a><strong>!<\/strong><\/p>\n\n\n\n<p><strong>Alejandro \u00c1vila<br><\/strong>Veracruz<br>Hasta de un 20% ser\u00e1 el aumento de precios en las cartas de los restaurantes de Veracruz a partir del segundo trimestre del 2026, dio a conocer Abigail Guzm\u00e1n Hern\u00e1ndez, presidenta de CANIRAC delegaci\u00f3n Veracruz.<\/p>\n\n\n\n<p>Este aumento bien podr\u00eda impactar en la clientela que reciban ya que podr\u00eda disminuir la presencia de personas en cierto restaurantes.<\/p>\n\n\n\n<p>Dijo que Veracruz es un destino tur\u00edstico atractivo precisamente por los precios que ofrece a los visitantes en comparaci\u00f3n a otros lugares del pa\u00eds.<\/p>\n\n\n\n<p>A\u00f1adi\u00f3 que el motivo principal para incrementar los costos en restaurantes y bares son las modificaciones en leyes e impuestos que se han realizado desde el gobierno federal.<\/p>\n\n\n\n<p>\u201cLo vemos con el tema dependiendo los impuestos a los saborizantes, la modificaci\u00f3n del salario m\u00ednimo y el tema de las leyes que se est\u00e1n aplicando y todas las modificaciones que se est\u00e1n haciendo\u201d, expres\u00f3.<\/p>\n\n\n\n<p>Asimismo, coment\u00f3 que existe una carencia de personal para trabajar en restaurantes, pus dijo que muchas personas no est\u00e1n dispuestas a trabajar bajo las exigencias que hacen los due\u00f1os de dichos negocios.<\/p>\n\n\n\n<p>Dijo que a pesar de que la propina es opcional, es un importante porcentaje de los ingresos de las y los trabajadores de restaurantes, sin embargo estos a veces no son suficientes para sus empleados y por ello renuncian constantemente.<\/p>\n","protected":false},"excerpt":{"rendered":"<p>Alejandro \u00c1vilaVeracruzHasta de un 20% ser\u00e1 el aumento de precios en las cartas de los restaurantes de Veracruz a partir del segundo trimestre del 2026, dio a conocer Abigail Guzm\u00e1n Hern\u00e1ndez, presidenta de CANIRAC delegaci\u00f3n Veracruz. Este aumento bien podr\u00eda impactar en la clientela que reciban ya que podr\u00eda disminuir la presencia de personas en [&hellip;]<\/p>\n","protected":false},"author":2,"featured_media":160280,"comment_status":"closed","ping_status":"closed","sticky":false,"template":"","format":"standard","meta":{"tdm_status":"","tdm_grid_status":"","footnotes":""},"categories":[6446],"tags":[49875,49877,49876,49878,49879,49881,49880],"class_list":{"0":"post-160279","1":"post","2":"type-post","3":"status-publish","4":"format-standard","5":"has-post-thumbnail","7":"category-la-nota","8":"tag-abigail-guzman-hernandez-canirac-veracruz","9":"tag-aumento-precios-restaurantes-veracruz-2026","10":"tag-costo-menu-veracruz-segundo-trimestre","11":"tag-crisis-personal-restaurantes-veracruz-2026","12":"tag-impacto-salario-minimo-sector-restaurantero","13":"tag-impuesto-a-saborizantes-impacto-restaurantes","14":"tag-turismo-veracruz-precios-vs-competencia"},"yoast_head":"<!-- This site is optimized with the Yoast SEO plugin v27.4 - https:\/\/yoast.com\/product\/yoast-seo-wordpress\/ -->\n<title>BIEN CARI\u00d1OSO EL MEN\u00da! - Los pol\u00edticos Veracruz<\/title>\n<meta name=\"robots\" content=\"index, follow, max-snippet:-1, max-image-preview:large, max-video-preview:-1\" \/>\n<link rel=\"canonical\" href=\"https:\/\/lospoliticosveracruz.com\/?p=160279\" \/>\n<meta property=\"og:locale\" content=\"es_ES\" \/>\n<meta property=\"og:type\" content=\"article\" \/>\n<meta property=\"og:title\" content=\"BIEN CARI\u00d1OSO EL MEN\u00da! - Los pol\u00edticos Veracruz\" \/>\n<meta property=\"og:description\" content=\"Alejandro \u00c1vilaVeracruzHasta de un 20% ser\u00e1 el aumento de precios en las cartas de los restaurantes de Veracruz a partir del segundo trimestre del 2026, dio a conocer Abigail Guzm\u00e1n Hern\u00e1ndez, presidenta de CANIRAC delegaci\u00f3n Veracruz. Este aumento bien podr\u00eda impactar en la clientela que reciban ya que podr\u00eda disminuir la presencia de personas en [&hellip;]\" \/>\n<meta property=\"og:url\" content=\"https:\/\/lospoliticosveracruz.com\/?p=160279\" \/>\n<meta property=\"og:site_name\" content=\"Los pol\u00edticos Veracruz\" \/>\n<meta property=\"article:publisher\" content=\"https:\/\/www.facebook.com\/people\/Notimemes-de-los-Polticos\/61565672886568\/\" \/>\n<meta property=\"article:published_time\" content=\"2026-01-13T19:18:44+00:00\" \/>\n<meta property=\"article:modified_time\" content=\"2026-01-13T19:18:45+00:00\" \/>\n<meta property=\"og:image\" content=\"https:\/\/lospoliticosveracruz.com\/wp-content\/uploads\/2026\/01\/Abigail-Guzman-Hernandez-CANIRAC.jpeg\" \/>\n\t<meta property=\"og:image:width\" content=\"600\" \/>\n\t<meta property=\"og:image:height\" content=\"320\" \/>\n\t<meta property=\"og:image:type\" content=\"image\/jpeg\" \/>\n<meta name=\"author\" content=\"Lo viste en Los Pol\u00edticos\" \/>\n<meta name=\"twitter:card\" content=\"summary_large_image\" \/>\n<meta name=\"twitter:creator\" content=\"@LosPoliticosVer\" \/>\n<meta name=\"twitter:site\" content=\"@LosPoliticosVer\" \/>\n<meta name=\"twitter:label1\" content=\"Escrito por\" \/>\n\t<meta name=\"twitter:data1\" content=\"Lo viste en Los Pol\u00edticos\" \/>\n\t<meta name=\"twitter:label2\" content=\"Tiempo de lectura\" \/>\n\t<meta name=\"twitter:data2\" content=\"2 minutos\" \/>\n<script type=\"application\/ld+json\" class=\"yoast-schema-graph\">{\"@context\":\"https:\\\/\\\/schema.org\",\"@graph\":[{\"@type\":\"Article\",\"@id\":\"https:\\\/\\\/lospoliticosveracruz.com\\\/?p=160279#article\",\"isPartOf\":{\"@id\":\"https:\\\/\\\/lospoliticosveracruz.com\\\/?p=160279\"},\"author\":{\"name\":\"Lo viste en Los Pol\u00edticos\",\"@id\":\"https:\\\/\\\/lospoliticosveracruz.com\\\/#\\\/schema\\\/person\\\/b8702bb0e538456e6efd07080bf2a4a2\"},\"headline\":\"BIEN CARI\u00d1OSO EL MEN\u00da!\",\"datePublished\":\"2026-01-13T19:18:44+00:00\",\"dateModified\":\"2026-01-13T19:18:45+00:00\",\"mainEntityOfPage\":{\"@id\":\"https:\\\/\\\/lospoliticosveracruz.com\\\/?p=160279\"},\"wordCount\":235,\"publisher\":{\"@id\":\"https:\\\/\\\/lospoliticosveracruz.com\\\/#organization\"},\"image\":{\"@id\":\"https:\\\/\\\/lospoliticosveracruz.com\\\/?p=160279#primaryimage\"},\"thumbnailUrl\":\"https:\\\/\\\/lospoliticosveracruz.com\\\/wp-content\\\/uploads\\\/2026\\\/01\\\/Abigail-Guzman-Hernandez-CANIRAC.jpeg\",\"keywords\":[\"Abigail Guzm\u00e1n Hern\u00e1ndez CANIRAC Veracruz\",\"Aumento precios restaurantes Veracruz 2026\",\"Costo men\u00fa Veracruz segundo trimestre\",\"Crisis personal restaurantes Veracruz 2026\",\"Impacto salario m\u00ednimo sector restaurantero\",\"Impuesto a saborizantes impacto restaurantes\",\"Turismo Veracruz precios vs competencia\"],\"articleSection\":[\"La Nota\"],\"inLanguage\":\"es\"},{\"@type\":\"WebPage\",\"@id\":\"https:\\\/\\\/lospoliticosveracruz.com\\\/?p=160279\",\"url\":\"https:\\\/\\\/lospoliticosveracruz.com\\\/?p=160279\",\"name\":\"BIEN CARI\u00d1OSO EL MEN\u00da! - Los pol\u00edticos Veracruz\",\"isPartOf\":{\"@id\":\"https:\\\/\\\/lospoliticosveracruz.com\\\/#website\"},\"primaryImageOfPage\":{\"@id\":\"https:\\\/\\\/lospoliticosveracruz.com\\\/?p=160279#primaryimage\"},\"image\":{\"@id\":\"https:\\\/\\\/lospoliticosveracruz.com\\\/?p=160279#primaryimage\"},\"thumbnailUrl\":\"https:\\\/\\\/lospoliticosveracruz.com\\\/wp-content\\\/uploads\\\/2026\\\/01\\\/Abigail-Guzman-Hernandez-CANIRAC.jpeg\",\"datePublished\":\"2026-01-13T19:18:44+00:00\",\"dateModified\":\"2026-01-13T19:18:45+00:00\",\"breadcrumb\":{\"@id\":\"https:\\\/\\\/lospoliticosveracruz.com\\\/?p=160279#breadcrumb\"},\"inLanguage\":\"es\",\"potentialAction\":[{\"@type\":\"ReadAction\",\"target\":[\"https:\\\/\\\/lospoliticosveracruz.com\\\/?p=160279\"]}]},{\"@type\":\"ImageObject\",\"inLanguage\":\"es\",\"@id\":\"https:\\\/\\\/lospoliticosveracruz.com\\\/?p=160279#primaryimage\",\"url\":\"https:\\\/\\\/lospoliticosveracruz.com\\\/wp-content\\\/uploads\\\/2026\\\/01\\\/Abigail-Guzman-Hernandez-CANIRAC.jpeg\",\"contentUrl\":\"https:\\\/\\\/lospoliticosveracruz.com\\\/wp-content\\\/uploads\\\/2026\\\/01\\\/Abigail-Guzman-Hernandez-CANIRAC.jpeg\",\"width\":600,\"height\":320},{\"@type\":\"BreadcrumbList\",\"@id\":\"https:\\\/\\\/lospoliticosveracruz.com\\\/?p=160279#breadcrumb\",\"itemListElement\":[{\"@type\":\"ListItem\",\"position\":1,\"name\":\"Portada\",\"item\":\"https:\\\/\\\/lospoliticosveracruz.com\\\/\"},{\"@type\":\"ListItem\",\"position\":2,\"name\":\"BIEN CARI\u00d1OSO EL MEN\u00da!\"}]},{\"@type\":\"WebSite\",\"@id\":\"https:\\\/\\\/lospoliticosveracruz.com\\\/#website\",\"url\":\"https:\\\/\\\/lospoliticosveracruz.com\\\/\",\"name\":\"Los pol\u00edticos Veracruz\",\"description\":\"\",\"publisher\":{\"@id\":\"https:\\\/\\\/lospoliticosveracruz.com\\\/#organization\"},\"potentialAction\":[{\"@type\":\"SearchAction\",\"target\":{\"@type\":\"EntryPoint\",\"urlTemplate\":\"https:\\\/\\\/lospoliticosveracruz.com\\\/?s={search_term_string}\"},\"query-input\":{\"@type\":\"PropertyValueSpecification\",\"valueRequired\":true,\"valueName\":\"search_term_string\"}}],\"inLanguage\":\"es\"},{\"@type\":\"Organization\",\"@id\":\"https:\\\/\\\/lospoliticosveracruz.com\\\/#organization\",\"name\":\"Los pol\u00edticos Veracruz\",\"url\":\"https:\\\/\\\/lospoliticosveracruz.com\\\/\",\"logo\":{\"@type\":\"ImageObject\",\"inLanguage\":\"es\",\"@id\":\"https:\\\/\\\/lospoliticosveracruz.com\\\/#\\\/schema\\\/logo\\\/image\\\/\",\"url\":\"https:\\\/\\\/lospoliticosveracruz.com\\\/wp-content\\\/uploads\\\/2025\\\/12\\\/Logo-Nuevo-LOS-POLITICOS-1.jpg\",\"contentUrl\":\"https:\\\/\\\/lospoliticosveracruz.com\\\/wp-content\\\/uploads\\\/2025\\\/12\\\/Logo-Nuevo-LOS-POLITICOS-1.jpg\",\"width\":260,\"height\":70,\"caption\":\"Los pol\u00edticos Veracruz\"},\"image\":{\"@id\":\"https:\\\/\\\/lospoliticosveracruz.com\\\/#\\\/schema\\\/logo\\\/image\\\/\"},\"sameAs\":[\"https:\\\/\\\/www.facebook.com\\\/people\\\/Notimemes-de-los-Polticos\\\/61565672886568\\\/\",\"https:\\\/\\\/x.com\\\/LosPoliticosVer\"]},{\"@type\":\"Person\",\"@id\":\"https:\\\/\\\/lospoliticosveracruz.com\\\/#\\\/schema\\\/person\\\/b8702bb0e538456e6efd07080bf2a4a2\",\"name\":\"Lo viste en Los Pol\u00edticos\",\"image\":{\"@type\":\"ImageObject\",\"inLanguage\":\"es\",\"@id\":\"https:\\\/\\\/secure.gravatar.com\\\/avatar\\\/3a8de04a2656d44082be478bd6c086daa447c4651605818287b9532d3d0bd435?s=96&d=mm&r=g\",\"url\":\"https:\\\/\\\/secure.gravatar.com\\\/avatar\\\/3a8de04a2656d44082be478bd6c086daa447c4651605818287b9532d3d0bd435?s=96&d=mm&r=g\",\"contentUrl\":\"https:\\\/\\\/secure.gravatar.com\\\/avatar\\\/3a8de04a2656d44082be478bd6c086daa447c4651605818287b9532d3d0bd435?s=96&d=mm&r=g\",\"caption\":\"Lo viste en Los Pol\u00edticos\"},\"url\":\"https:\\\/\\\/lospoliticosveracruz.com\\\/?author=2\"}]}<\/script>\n<!-- \/ Yoast SEO plugin. -->","yoast_head_json":{"title":"BIEN CARI\u00d1OSO EL MEN\u00da! - Los pol\u00edticos Veracruz","robots":{"index":"index","follow":"follow","max-snippet":"max-snippet:-1","max-image-preview":"max-image-preview:large","max-video-preview":"max-video-preview:-1"},"canonical":"https:\/\/lospoliticosveracruz.com\/?p=160279","og_locale":"es_ES","og_type":"article","og_title":"BIEN CARI\u00d1OSO EL MEN\u00da! - Los pol\u00edticos Veracruz","og_description":"Alejandro \u00c1vilaVeracruzHasta de un 20% ser\u00e1 el aumento de precios en las cartas de los restaurantes de Veracruz a partir del segundo trimestre del 2026, dio a conocer Abigail Guzm\u00e1n Hern\u00e1ndez, presidenta de CANIRAC delegaci\u00f3n Veracruz. Este aumento bien podr\u00eda impactar en la clientela que reciban ya que podr\u00eda disminuir la presencia de personas en [&hellip;]","og_url":"https:\/\/lospoliticosveracruz.com\/?p=160279","og_site_name":"Los pol\u00edticos Veracruz","article_publisher":"https:\/\/www.facebook.com\/people\/Notimemes-de-los-Polticos\/61565672886568\/","article_published_time":"2026-01-13T19:18:44+00:00","article_modified_time":"2026-01-13T19:18:45+00:00","og_image":[{"width":600,"height":320,"url":"https:\/\/lospoliticosveracruz.com\/wp-content\/uploads\/2026\/01\/Abigail-Guzman-Hernandez-CANIRAC.jpeg","type":"image\/jpeg"}],"author":"Lo viste en Los Pol\u00edticos","twitter_card":"summary_large_image","twitter_creator":"@LosPoliticosVer","twitter_site":"@LosPoliticosVer","twitter_misc":{"Escrito por":"Lo viste en Los Pol\u00edticos","Tiempo de lectura":"2 minutos"},"schema":{"@context":"https:\/\/schema.org","@graph":[{"@type":"Article","@id":"https:\/\/lospoliticosveracruz.com\/?p=160279#article","isPartOf":{"@id":"https:\/\/lospoliticosveracruz.com\/?p=160279"},"author":{"name":"Lo viste en Los Pol\u00edticos","@id":"https:\/\/lospoliticosveracruz.com\/#\/schema\/person\/b8702bb0e538456e6efd07080bf2a4a2"},"headline":"BIEN CARI\u00d1OSO EL MEN\u00da!","datePublished":"2026-01-13T19:18:44+00:00","dateModified":"2026-01-13T19:18:45+00:00","mainEntityOfPage":{"@id":"https:\/\/lospoliticosveracruz.com\/?p=160279"},"wordCount":235,"publisher":{"@id":"https:\/\/lospoliticosveracruz.com\/#organization"},"image":{"@id":"https:\/\/lospoliticosveracruz.com\/?p=160279#primaryimage"},"thumbnailUrl":"https:\/\/lospoliticosveracruz.com\/wp-content\/uploads\/2026\/01\/Abigail-Guzman-Hernandez-CANIRAC.jpeg","keywords":["Abigail Guzm\u00e1n Hern\u00e1ndez CANIRAC Veracruz","Aumento precios restaurantes Veracruz 2026","Costo men\u00fa Veracruz segundo trimestre","Crisis personal restaurantes Veracruz 2026","Impacto salario m\u00ednimo sector restaurantero","Impuesto a saborizantes impacto restaurantes","Turismo Veracruz precios vs competencia"],"articleSection":["La Nota"],"inLanguage":"es"},{"@type":"WebPage","@id":"https:\/\/lospoliticosveracruz.com\/?p=160279","url":"https:\/\/lospoliticosveracruz.com\/?p=160279","name":"BIEN CARI\u00d1OSO EL MEN\u00da! - Los pol\u00edticos Veracruz","isPartOf":{"@id":"https:\/\/lospoliticosveracruz.com\/#website"},"primaryImageOfPage":{"@id":"https:\/\/lospoliticosveracruz.com\/?p=160279#primaryimage"},"image":{"@id":"https:\/\/lospoliticosveracruz.com\/?p=160279#primaryimage"},"thumbnailUrl":"https:\/\/lospoliticosveracruz.com\/wp-content\/uploads\/2026\/01\/Abigail-Guzman-Hernandez-CANIRAC.jpeg","datePublished":"2026-01-13T19:18:44+00:00","dateModified":"2026-01-13T19:18:45+00:00","breadcrumb":{"@id":"https:\/\/lospoliticosveracruz.com\/?p=160279#breadcrumb"},"inLanguage":"es","potentialAction":[{"@type":"ReadAction","target":["https:\/\/lospoliticosveracruz.com\/?p=160279"]}]},{"@type":"ImageObject","inLanguage":"es","@id":"https:\/\/lospoliticosveracruz.com\/?p=160279#primaryimage","url":"https:\/\/lospoliticosveracruz.com\/wp-content\/uploads\/2026\/01\/Abigail-Guzman-Hernandez-CANIRAC.jpeg","contentUrl":"https:\/\/lospoliticosveracruz.com\/wp-content\/uploads\/2026\/01\/Abigail-Guzman-Hernandez-CANIRAC.jpeg","width":600,"height":320},{"@type":"BreadcrumbList","@id":"https:\/\/lospoliticosveracruz.com\/?p=160279#breadcrumb","itemListElement":[{"@type":"ListItem","position":1,"name":"Portada","item":"https:\/\/lospoliticosveracruz.com\/"},{"@type":"ListItem","position":2,"name":"BIEN CARI\u00d1OSO EL MEN\u00da!"}]},{"@type":"WebSite","@id":"https:\/\/lospoliticosveracruz.com\/#website","url":"https:\/\/lospoliticosveracruz.com\/","name":"Los pol\u00edticos Veracruz","description":"","publisher":{"@id":"https:\/\/lospoliticosveracruz.com\/#organization"},"potentialAction":[{"@type":"SearchAction","target":{"@type":"EntryPoint","urlTemplate":"https:\/\/lospoliticosveracruz.com\/?s={search_term_string}"},"query-input":{"@type":"PropertyValueSpecification","valueRequired":true,"valueName":"search_term_string"}}],"inLanguage":"es"},{"@type":"Organization","@id":"https:\/\/lospoliticosveracruz.com\/#organization","name":"Los pol\u00edticos Veracruz","url":"https:\/\/lospoliticosveracruz.com\/","logo":{"@type":"ImageObject","inLanguage":"es","@id":"https:\/\/lospoliticosveracruz.com\/#\/schema\/logo\/image\/","url":"https:\/\/lospoliticosveracruz.com\/wp-content\/uploads\/2025\/12\/Logo-Nuevo-LOS-POLITICOS-1.jpg","contentUrl":"https:\/\/lospoliticosveracruz.com\/wp-content\/uploads\/2025\/12\/Logo-Nuevo-LOS-POLITICOS-1.jpg","width":260,"height":70,"caption":"Los pol\u00edticos Veracruz"},"image":{"@id":"https:\/\/lospoliticosveracruz.com\/#\/schema\/logo\/image\/"},"sameAs":["https:\/\/www.facebook.com\/people\/Notimemes-de-los-Polticos\/61565672886568\/","https:\/\/x.com\/LosPoliticosVer"]},{"@type":"Person","@id":"https:\/\/lospoliticosveracruz.com\/#\/schema\/person\/b8702bb0e538456e6efd07080bf2a4a2","name":"Lo viste en Los Pol\u00edticos","image":{"@type":"ImageObject","inLanguage":"es","@id":"https:\/\/secure.gravatar.com\/avatar\/3a8de04a2656d44082be478bd6c086daa447c4651605818287b9532d3d0bd435?s=96&d=mm&r=g","url":"https:\/\/secure.gravatar.com\/avatar\/3a8de04a2656d44082be478bd6c086daa447c4651605818287b9532d3d0bd435?s=96&d=mm&r=g","contentUrl":"https:\/\/secure.gravatar.com\/avatar\/3a8de04a2656d44082be478bd6c086daa447c4651605818287b9532d3d0bd435?s=96&d=mm&r=g","caption":"Lo viste en Los Pol\u00edticos"},"url":"https:\/\/lospoliticosveracruz.com\/?author=2"}]}},"_links":{"self":[{"href":"https:\/\/lospoliticosveracruz.com\/index.php?rest_route=\/wp\/v2\/posts\/160279","targetHints":{"allow":["GET"]}}],"collection":[{"href":"https:\/\/lospoliticosveracruz.com\/index.php?rest_route=\/wp\/v2\/posts"}],"about":[{"href":"https:\/\/lospoliticosveracruz.com\/index.php?rest_route=\/wp\/v2\/types\/post"}],"author":[{"embeddable":true,"href":"https:\/\/lospoliticosveracruz.com\/index.php?rest_route=\/wp\/v2\/users\/2"}],"replies":[{"embeddable":true,"href":"https:\/\/lospoliticosveracruz.com\/index.php?rest_route=%2Fwp%2Fv2%2Fcomments&post=160279"}],"version-history":[{"count":1,"href":"https:\/\/lospoliticosveracruz.com\/index.php?rest_route=\/wp\/v2\/posts\/160279\/revisions"}],"predecessor-version":[{"id":160281,"href":"https:\/\/lospoliticosveracruz.com\/index.php?rest_route=\/wp\/v2\/posts\/160279\/revisions\/160281"}],"wp:featuredmedia":[{"embeddable":true,"href":"https:\/\/lospoliticosveracruz.com\/index.php?rest_route=\/wp\/v2\/media\/160280"}],"wp:attachment":[{"href":"https:\/\/lospoliticosveracruz.com\/index.php?rest_route=%2Fwp%2Fv2%2Fmedia&parent=160279"}],"wp:term":[{"taxonomy":"category","embeddable":true,"href":"https:\/\/lospoliticosveracruz.com\/index.php?rest_route=%2Fwp%2Fv2%2Fcategories&post=160279"},{"taxonomy":"post_tag","embeddable":true,"href":"https:\/\/lospoliticosveracruz.com\/index.php?rest_route=%2Fwp%2Fv2%2Ftags&post=160279"}],"curies":[{"name":"wp","href":"https:\/\/api.w.org\/{rel}","templated":true}]}}