{"id":160287,"date":"2026-01-13T18:37:02","date_gmt":"2026-01-14T00:37:02","guid":{"rendered":"https:\/\/lospoliticosveracruz.com\/?p=160287"},"modified":"2026-01-13T18:37:03","modified_gmt":"2026-01-14T00:37:03","slug":"pacabar-con-los-truncos-maclovios","status":"publish","type":"post","link":"https:\/\/lospoliticosveracruz.com\/?p=160287","title":{"rendered":"P\u2019ACABAR CON LOS \u201cTRUNCOS MACLOVIOS\u201d"},"content":{"rendered":"\n<p>Este a\u00f1o, la Secretar\u00eda de Educaci\u00f3n de Veracruz dar\u00e1 continuidad al fortalecimiento y la consolidaci\u00f3n de programas acad\u00e9micos para garantizar una educaci\u00f3n de excelencia, as\u00ed como al reforzamiento de las estrategias enfocadas en la reducci\u00f3n del analfabetismo y la deserci\u00f3n escolar.<\/p>\n\n\n\n<p>Para ello, la titular de la dependencia, Claudia Tello Espinosa, destac\u00f3 el trabajo que desarrolla la Secretar\u00eda, en coordinaci\u00f3n con el Gobierno federal, para alcanzar las metas trazadas, entre ellas la consolidaci\u00f3n de la digitalizaci\u00f3n de procesos y el uso de las plataformas Mi alumno, Mi docente y Mi escuela, a fin de simplificar tr\u00e1mites, eliminar la discrecionalidad y erradicar la corrupci\u00f3n.<\/p>\n\n\n\n<p>En materia de alfabetizaci\u00f3n, continuar\u00e1n los trayectos formativos en todos los niveles educativos, as\u00ed como las acciones para disminuir el abandono escolar a trav\u00e9s de las becas federales y estatales \u2014uno de los principales v\u00ednculos de permanencia\u2014 y la ampliaci\u00f3n de la cobertura en educaci\u00f3n media superior en todas las regiones.<\/p>\n\n\n\n<p>Asimismo, se mantendr\u00e1 de manera permanente la entrega de mobiliario, pintura y materiales did\u00e1cticos en los planteles educativos, y se avanzar\u00e1 en su regularizaci\u00f3n. En coordinaci\u00f3n con la Secretar\u00eda de Infraestructura y Obras P\u00fablicas, se continuar\u00e1 trabajando en la mejora de la infraestructura escolar.<\/p>\n\n\n\n<p>Tambi\u00e9n se dar\u00e1 prioridad a la revalorizaci\u00f3n del magisterio, garantizando el pleno respeto a sus derechos laborales y la reducci\u00f3n de la carga administrativa, mediante el uso de herramientas tecnol\u00f3gicas y procesos m\u00e1s eficientes.<\/p>\n","protected":false},"excerpt":{"rendered":"<p>Este a\u00f1o, la Secretar\u00eda de Educaci\u00f3n de Veracruz dar\u00e1 continuidad al fortalecimiento y la consolidaci\u00f3n de programas acad\u00e9micos para garantizar una educaci\u00f3n de excelencia, as\u00ed como al reforzamiento de las estrategias enfocadas en la reducci\u00f3n del analfabetismo y la deserci\u00f3n escolar. Para ello, la titular de la dependencia, Claudia Tello Espinosa, destac\u00f3 el trabajo que [&hellip;]<\/p>\n","protected":false},"author":2,"featured_media":160285,"comment_status":"closed","ping_status":"closed","sticky":false,"template":"","format":"standard","meta":{"tdm_status":"","tdm_grid_status":"","footnotes":""},"categories":[73],"tags":[49893,49890,49889,49892,49891,49894],"class_list":{"0":"post-160287","1":"post","2":"type-post","3":"status-publish","4":"format-standard","5":"has-post-thumbnail","7":"category-de-boleto","8":"tag-alfabetizacion-y-rezago-educativo-veracruz","9":"tag-becas-benito-juarez-veracruz-permanencia-escolar","10":"tag-claudia-tello-espinosa-sev-veracruz-2026","11":"tag-estrategias-contra-desercion-escolar-veracruz","12":"tag-infraestructura-escolar-y-regularizacion-veracruz","13":"tag-plataformas-mi-alumno-mi-docente-sev"},"yoast_head":"<!-- This site is optimized with the Yoast SEO plugin v27.4 - https:\/\/yoast.com\/product\/yoast-seo-wordpress\/ -->\n<title>P\u2019ACABAR CON LOS \u201cTRUNCOS MACLOVIOS\u201d - Los pol\u00edticos Veracruz<\/title>\n<meta name=\"robots\" content=\"index, follow, max-snippet:-1, max-image-preview:large, max-video-preview:-1\" \/>\n<link rel=\"canonical\" href=\"https:\/\/lospoliticosveracruz.com\/?p=160287\" \/>\n<meta property=\"og:locale\" content=\"es_ES\" \/>\n<meta property=\"og:type\" content=\"article\" \/>\n<meta property=\"og:title\" content=\"P\u2019ACABAR CON LOS \u201cTRUNCOS MACLOVIOS\u201d - Los pol\u00edticos Veracruz\" \/>\n<meta property=\"og:description\" content=\"Este a\u00f1o, la Secretar\u00eda de Educaci\u00f3n de Veracruz dar\u00e1 continuidad al fortalecimiento y la consolidaci\u00f3n de programas acad\u00e9micos para garantizar una educaci\u00f3n de excelencia, as\u00ed como al reforzamiento de las estrategias enfocadas en la reducci\u00f3n del analfabetismo y la deserci\u00f3n escolar. Para ello, la titular de la dependencia, Claudia Tello Espinosa, destac\u00f3 el trabajo que [&hellip;]\" \/>\n<meta property=\"og:url\" content=\"https:\/\/lospoliticosveracruz.com\/?p=160287\" \/>\n<meta property=\"og:site_name\" content=\"Los pol\u00edticos Veracruz\" \/>\n<meta property=\"article:publisher\" content=\"https:\/\/www.facebook.com\/people\/Notimemes-de-los-Polticos\/61565672886568\/\" \/>\n<meta property=\"article:published_time\" content=\"2026-01-14T00:37:02+00:00\" \/>\n<meta property=\"article:modified_time\" content=\"2026-01-14T00:37:03+00:00\" \/>\n<meta property=\"og:image\" content=\"https:\/\/lospoliticosveracruz.com\/wp-content\/uploads\/2026\/01\/Claudia-Tello.jpg\" \/>\n\t<meta property=\"og:image:width\" content=\"600\" \/>\n\t<meta property=\"og:image:height\" content=\"320\" \/>\n\t<meta property=\"og:image:type\" content=\"image\/jpeg\" \/>\n<meta name=\"author\" content=\"Lo viste en Los Pol\u00edticos\" \/>\n<meta name=\"twitter:card\" content=\"summary_large_image\" \/>\n<meta name=\"twitter:creator\" content=\"@LosPoliticosVer\" \/>\n<meta name=\"twitter:site\" content=\"@LosPoliticosVer\" \/>\n<meta name=\"twitter:label1\" content=\"Escrito por\" \/>\n\t<meta name=\"twitter:data1\" content=\"Lo viste en Los Pol\u00edticos\" \/>\n\t<meta name=\"twitter:label2\" content=\"Tiempo de lectura\" \/>\n\t<meta name=\"twitter:data2\" content=\"2 minutos\" \/>\n<script type=\"application\/ld+json\" class=\"yoast-schema-graph\">{\"@context\":\"https:\\\/\\\/schema.org\",\"@graph\":[{\"@type\":\"Article\",\"@id\":\"https:\\\/\\\/lospoliticosveracruz.com\\\/?p=160287#article\",\"isPartOf\":{\"@id\":\"https:\\\/\\\/lospoliticosveracruz.com\\\/?p=160287\"},\"author\":{\"name\":\"Lo viste en Los Pol\u00edticos\",\"@id\":\"https:\\\/\\\/lospoliticosveracruz.com\\\/#\\\/schema\\\/person\\\/b8702bb0e538456e6efd07080bf2a4a2\"},\"headline\":\"P\u2019ACABAR CON LOS \u201cTRUNCOS MACLOVIOS\u201d\",\"datePublished\":\"2026-01-14T00:37:02+00:00\",\"dateModified\":\"2026-01-14T00:37:03+00:00\",\"mainEntityOfPage\":{\"@id\":\"https:\\\/\\\/lospoliticosveracruz.com\\\/?p=160287\"},\"wordCount\":268,\"publisher\":{\"@id\":\"https:\\\/\\\/lospoliticosveracruz.com\\\/#organization\"},\"image\":{\"@id\":\"https:\\\/\\\/lospoliticosveracruz.com\\\/?p=160287#primaryimage\"},\"thumbnailUrl\":\"https:\\\/\\\/lospoliticosveracruz.com\\\/wp-content\\\/uploads\\\/2026\\\/01\\\/Claudia-Tello.jpg\",\"keywords\":[\"Alfabetizaci\u00f3n y rezago educativo Veracruz\",\"Becas Benito Ju\u00e1rez Veracruz permanencia escolar\",\"Claudia Tello Espinosa SEV Veracruz 2026\",\"Estrategias contra deserci\u00f3n escolar Veracruz\",\"Infraestructura escolar y regularizaci\u00f3n Veracruz\",\"Plataformas Mi alumno Mi docente SEV\"],\"articleSection\":[\"De Boleto\"],\"inLanguage\":\"es\"},{\"@type\":\"WebPage\",\"@id\":\"https:\\\/\\\/lospoliticosveracruz.com\\\/?p=160287\",\"url\":\"https:\\\/\\\/lospoliticosveracruz.com\\\/?p=160287\",\"name\":\"P\u2019ACABAR CON LOS \u201cTRUNCOS MACLOVIOS\u201d - Los pol\u00edticos Veracruz\",\"isPartOf\":{\"@id\":\"https:\\\/\\\/lospoliticosveracruz.com\\\/#website\"},\"primaryImageOfPage\":{\"@id\":\"https:\\\/\\\/lospoliticosveracruz.com\\\/?p=160287#primaryimage\"},\"image\":{\"@id\":\"https:\\\/\\\/lospoliticosveracruz.com\\\/?p=160287#primaryimage\"},\"thumbnailUrl\":\"https:\\\/\\\/lospoliticosveracruz.com\\\/wp-content\\\/uploads\\\/2026\\\/01\\\/Claudia-Tello.jpg\",\"datePublished\":\"2026-01-14T00:37:02+00:00\",\"dateModified\":\"2026-01-14T00:37:03+00:00\",\"breadcrumb\":{\"@id\":\"https:\\\/\\\/lospoliticosveracruz.com\\\/?p=160287#breadcrumb\"},\"inLanguage\":\"es\",\"potentialAction\":[{\"@type\":\"ReadAction\",\"target\":[\"https:\\\/\\\/lospoliticosveracruz.com\\\/?p=160287\"]}]},{\"@type\":\"ImageObject\",\"inLanguage\":\"es\",\"@id\":\"https:\\\/\\\/lospoliticosveracruz.com\\\/?p=160287#primaryimage\",\"url\":\"https:\\\/\\\/lospoliticosveracruz.com\\\/wp-content\\\/uploads\\\/2026\\\/01\\\/Claudia-Tello.jpg\",\"contentUrl\":\"https:\\\/\\\/lospoliticosveracruz.com\\\/wp-content\\\/uploads\\\/2026\\\/01\\\/Claudia-Tello.jpg\",\"width\":600,\"height\":320},{\"@type\":\"BreadcrumbList\",\"@id\":\"https:\\\/\\\/lospoliticosveracruz.com\\\/?p=160287#breadcrumb\",\"itemListElement\":[{\"@type\":\"ListItem\",\"position\":1,\"name\":\"Portada\",\"item\":\"https:\\\/\\\/lospoliticosveracruz.com\\\/\"},{\"@type\":\"ListItem\",\"position\":2,\"name\":\"P\u2019ACABAR CON LOS \u201cTRUNCOS MACLOVIOS\u201d\"}]},{\"@type\":\"WebSite\",\"@id\":\"https:\\\/\\\/lospoliticosveracruz.com\\\/#website\",\"url\":\"https:\\\/\\\/lospoliticosveracruz.com\\\/\",\"name\":\"Los pol\u00edticos Veracruz\",\"description\":\"\",\"publisher\":{\"@id\":\"https:\\\/\\\/lospoliticosveracruz.com\\\/#organization\"},\"potentialAction\":[{\"@type\":\"SearchAction\",\"target\":{\"@type\":\"EntryPoint\",\"urlTemplate\":\"https:\\\/\\\/lospoliticosveracruz.com\\\/?s={search_term_string}\"},\"query-input\":{\"@type\":\"PropertyValueSpecification\",\"valueRequired\":true,\"valueName\":\"search_term_string\"}}],\"inLanguage\":\"es\"},{\"@type\":\"Organization\",\"@id\":\"https:\\\/\\\/lospoliticosveracruz.com\\\/#organization\",\"name\":\"Los pol\u00edticos Veracruz\",\"url\":\"https:\\\/\\\/lospoliticosveracruz.com\\\/\",\"logo\":{\"@type\":\"ImageObject\",\"inLanguage\":\"es\",\"@id\":\"https:\\\/\\\/lospoliticosveracruz.com\\\/#\\\/schema\\\/logo\\\/image\\\/\",\"url\":\"https:\\\/\\\/lospoliticosveracruz.com\\\/wp-content\\\/uploads\\\/2025\\\/12\\\/Logo-Nuevo-LOS-POLITICOS-1.jpg\",\"contentUrl\":\"https:\\\/\\\/lospoliticosveracruz.com\\\/wp-content\\\/uploads\\\/2025\\\/12\\\/Logo-Nuevo-LOS-POLITICOS-1.jpg\",\"width\":260,\"height\":70,\"caption\":\"Los pol\u00edticos Veracruz\"},\"image\":{\"@id\":\"https:\\\/\\\/lospoliticosveracruz.com\\\/#\\\/schema\\\/logo\\\/image\\\/\"},\"sameAs\":[\"https:\\\/\\\/www.facebook.com\\\/people\\\/Notimemes-de-los-Polticos\\\/61565672886568\\\/\",\"https:\\\/\\\/x.com\\\/LosPoliticosVer\"]},{\"@type\":\"Person\",\"@id\":\"https:\\\/\\\/lospoliticosveracruz.com\\\/#\\\/schema\\\/person\\\/b8702bb0e538456e6efd07080bf2a4a2\",\"name\":\"Lo viste en Los Pol\u00edticos\",\"image\":{\"@type\":\"ImageObject\",\"inLanguage\":\"es\",\"@id\":\"https:\\\/\\\/secure.gravatar.com\\\/avatar\\\/3a8de04a2656d44082be478bd6c086daa447c4651605818287b9532d3d0bd435?s=96&d=mm&r=g\",\"url\":\"https:\\\/\\\/secure.gravatar.com\\\/avatar\\\/3a8de04a2656d44082be478bd6c086daa447c4651605818287b9532d3d0bd435?s=96&d=mm&r=g\",\"contentUrl\":\"https:\\\/\\\/secure.gravatar.com\\\/avatar\\\/3a8de04a2656d44082be478bd6c086daa447c4651605818287b9532d3d0bd435?s=96&d=mm&r=g\",\"caption\":\"Lo viste en Los Pol\u00edticos\"},\"url\":\"https:\\\/\\\/lospoliticosveracruz.com\\\/?author=2\"}]}<\/script>\n<!-- \/ Yoast SEO plugin. -->","yoast_head_json":{"title":"P\u2019ACABAR CON LOS \u201cTRUNCOS MACLOVIOS\u201d - Los pol\u00edticos Veracruz","robots":{"index":"index","follow":"follow","max-snippet":"max-snippet:-1","max-image-preview":"max-image-preview:large","max-video-preview":"max-video-preview:-1"},"canonical":"https:\/\/lospoliticosveracruz.com\/?p=160287","og_locale":"es_ES","og_type":"article","og_title":"P\u2019ACABAR CON LOS \u201cTRUNCOS MACLOVIOS\u201d - Los pol\u00edticos Veracruz","og_description":"Este a\u00f1o, la Secretar\u00eda de Educaci\u00f3n de Veracruz dar\u00e1 continuidad al fortalecimiento y la consolidaci\u00f3n de programas acad\u00e9micos para garantizar una educaci\u00f3n de excelencia, as\u00ed como al reforzamiento de las estrategias enfocadas en la reducci\u00f3n del analfabetismo y la deserci\u00f3n escolar. Para ello, la titular de la dependencia, Claudia Tello Espinosa, destac\u00f3 el trabajo que [&hellip;]","og_url":"https:\/\/lospoliticosveracruz.com\/?p=160287","og_site_name":"Los pol\u00edticos Veracruz","article_publisher":"https:\/\/www.facebook.com\/people\/Notimemes-de-los-Polticos\/61565672886568\/","article_published_time":"2026-01-14T00:37:02+00:00","article_modified_time":"2026-01-14T00:37:03+00:00","og_image":[{"width":600,"height":320,"url":"https:\/\/lospoliticosveracruz.com\/wp-content\/uploads\/2026\/01\/Claudia-Tello.jpg","type":"image\/jpeg"}],"author":"Lo viste en Los Pol\u00edticos","twitter_card":"summary_large_image","twitter_creator":"@LosPoliticosVer","twitter_site":"@LosPoliticosVer","twitter_misc":{"Escrito por":"Lo viste en Los Pol\u00edticos","Tiempo de lectura":"2 minutos"},"schema":{"@context":"https:\/\/schema.org","@graph":[{"@type":"Article","@id":"https:\/\/lospoliticosveracruz.com\/?p=160287#article","isPartOf":{"@id":"https:\/\/lospoliticosveracruz.com\/?p=160287"},"author":{"name":"Lo viste en Los Pol\u00edticos","@id":"https:\/\/lospoliticosveracruz.com\/#\/schema\/person\/b8702bb0e538456e6efd07080bf2a4a2"},"headline":"P\u2019ACABAR CON LOS \u201cTRUNCOS MACLOVIOS\u201d","datePublished":"2026-01-14T00:37:02+00:00","dateModified":"2026-01-14T00:37:03+00:00","mainEntityOfPage":{"@id":"https:\/\/lospoliticosveracruz.com\/?p=160287"},"wordCount":268,"publisher":{"@id":"https:\/\/lospoliticosveracruz.com\/#organization"},"image":{"@id":"https:\/\/lospoliticosveracruz.com\/?p=160287#primaryimage"},"thumbnailUrl":"https:\/\/lospoliticosveracruz.com\/wp-content\/uploads\/2026\/01\/Claudia-Tello.jpg","keywords":["Alfabetizaci\u00f3n y rezago educativo Veracruz","Becas Benito Ju\u00e1rez Veracruz permanencia escolar","Claudia Tello Espinosa SEV Veracruz 2026","Estrategias contra deserci\u00f3n escolar Veracruz","Infraestructura escolar y regularizaci\u00f3n Veracruz","Plataformas Mi alumno Mi docente SEV"],"articleSection":["De Boleto"],"inLanguage":"es"},{"@type":"WebPage","@id":"https:\/\/lospoliticosveracruz.com\/?p=160287","url":"https:\/\/lospoliticosveracruz.com\/?p=160287","name":"P\u2019ACABAR CON LOS \u201cTRUNCOS MACLOVIOS\u201d - Los pol\u00edticos Veracruz","isPartOf":{"@id":"https:\/\/lospoliticosveracruz.com\/#website"},"primaryImageOfPage":{"@id":"https:\/\/lospoliticosveracruz.com\/?p=160287#primaryimage"},"image":{"@id":"https:\/\/lospoliticosveracruz.com\/?p=160287#primaryimage"},"thumbnailUrl":"https:\/\/lospoliticosveracruz.com\/wp-content\/uploads\/2026\/01\/Claudia-Tello.jpg","datePublished":"2026-01-14T00:37:02+00:00","dateModified":"2026-01-14T00:37:03+00:00","breadcrumb":{"@id":"https:\/\/lospoliticosveracruz.com\/?p=160287#breadcrumb"},"inLanguage":"es","potentialAction":[{"@type":"ReadAction","target":["https:\/\/lospoliticosveracruz.com\/?p=160287"]}]},{"@type":"ImageObject","inLanguage":"es","@id":"https:\/\/lospoliticosveracruz.com\/?p=160287#primaryimage","url":"https:\/\/lospoliticosveracruz.com\/wp-content\/uploads\/2026\/01\/Claudia-Tello.jpg","contentUrl":"https:\/\/lospoliticosveracruz.com\/wp-content\/uploads\/2026\/01\/Claudia-Tello.jpg","width":600,"height":320},{"@type":"BreadcrumbList","@id":"https:\/\/lospoliticosveracruz.com\/?p=160287#breadcrumb","itemListElement":[{"@type":"ListItem","position":1,"name":"Portada","item":"https:\/\/lospoliticosveracruz.com\/"},{"@type":"ListItem","position":2,"name":"P\u2019ACABAR CON LOS \u201cTRUNCOS MACLOVIOS\u201d"}]},{"@type":"WebSite","@id":"https:\/\/lospoliticosveracruz.com\/#website","url":"https:\/\/lospoliticosveracruz.com\/","name":"Los pol\u00edticos Veracruz","description":"","publisher":{"@id":"https:\/\/lospoliticosveracruz.com\/#organization"},"potentialAction":[{"@type":"SearchAction","target":{"@type":"EntryPoint","urlTemplate":"https:\/\/lospoliticosveracruz.com\/?s={search_term_string}"},"query-input":{"@type":"PropertyValueSpecification","valueRequired":true,"valueName":"search_term_string"}}],"inLanguage":"es"},{"@type":"Organization","@id":"https:\/\/lospoliticosveracruz.com\/#organization","name":"Los pol\u00edticos Veracruz","url":"https:\/\/lospoliticosveracruz.com\/","logo":{"@type":"ImageObject","inLanguage":"es","@id":"https:\/\/lospoliticosveracruz.com\/#\/schema\/logo\/image\/","url":"https:\/\/lospoliticosveracruz.com\/wp-content\/uploads\/2025\/12\/Logo-Nuevo-LOS-POLITICOS-1.jpg","contentUrl":"https:\/\/lospoliticosveracruz.com\/wp-content\/uploads\/2025\/12\/Logo-Nuevo-LOS-POLITICOS-1.jpg","width":260,"height":70,"caption":"Los pol\u00edticos Veracruz"},"image":{"@id":"https:\/\/lospoliticosveracruz.com\/#\/schema\/logo\/image\/"},"sameAs":["https:\/\/www.facebook.com\/people\/Notimemes-de-los-Polticos\/61565672886568\/","https:\/\/x.com\/LosPoliticosVer"]},{"@type":"Person","@id":"https:\/\/lospoliticosveracruz.com\/#\/schema\/person\/b8702bb0e538456e6efd07080bf2a4a2","name":"Lo viste en Los Pol\u00edticos","image":{"@type":"ImageObject","inLanguage":"es","@id":"https:\/\/secure.gravatar.com\/avatar\/3a8de04a2656d44082be478bd6c086daa447c4651605818287b9532d3d0bd435?s=96&d=mm&r=g","url":"https:\/\/secure.gravatar.com\/avatar\/3a8de04a2656d44082be478bd6c086daa447c4651605818287b9532d3d0bd435?s=96&d=mm&r=g","contentUrl":"https:\/\/secure.gravatar.com\/avatar\/3a8de04a2656d44082be478bd6c086daa447c4651605818287b9532d3d0bd435?s=96&d=mm&r=g","caption":"Lo viste en Los Pol\u00edticos"},"url":"https:\/\/lospoliticosveracruz.com\/?author=2"}]}},"_links":{"self":[{"href":"https:\/\/lospoliticosveracruz.com\/index.php?rest_route=\/wp\/v2\/posts\/160287","targetHints":{"allow":["GET"]}}],"collection":[{"href":"https:\/\/lospoliticosveracruz.com\/index.php?rest_route=\/wp\/v2\/posts"}],"about":[{"href":"https:\/\/lospoliticosveracruz.com\/index.php?rest_route=\/wp\/v2\/types\/post"}],"author":[{"embeddable":true,"href":"https:\/\/lospoliticosveracruz.com\/index.php?rest_route=\/wp\/v2\/users\/2"}],"replies":[{"embeddable":true,"href":"https:\/\/lospoliticosveracruz.com\/index.php?rest_route=%2Fwp%2Fv2%2Fcomments&post=160287"}],"version-history":[{"count":1,"href":"https:\/\/lospoliticosveracruz.com\/index.php?rest_route=\/wp\/v2\/posts\/160287\/revisions"}],"predecessor-version":[{"id":160288,"href":"https:\/\/lospoliticosveracruz.com\/index.php?rest_route=\/wp\/v2\/posts\/160287\/revisions\/160288"}],"wp:featuredmedia":[{"embeddable":true,"href":"https:\/\/lospoliticosveracruz.com\/index.php?rest_route=\/wp\/v2\/media\/160285"}],"wp:attachment":[{"href":"https:\/\/lospoliticosveracruz.com\/index.php?rest_route=%2Fwp%2Fv2%2Fmedia&parent=160287"}],"wp:term":[{"taxonomy":"category","embeddable":true,"href":"https:\/\/lospoliticosveracruz.com\/index.php?rest_route=%2Fwp%2Fv2%2Fcategories&post=160287"},{"taxonomy":"post_tag","embeddable":true,"href":"https:\/\/lospoliticosveracruz.com\/index.php?rest_route=%2Fwp%2Fv2%2Ftags&post=160287"}],"curies":[{"name":"wp","href":"https:\/\/api.w.org\/{rel}","templated":true}]}}