{"id":160340,"date":"2026-01-14T07:17:53","date_gmt":"2026-01-14T13:17:53","guid":{"rendered":"https:\/\/lospoliticosveracruz.com\/?p=160340"},"modified":"2026-01-14T07:17:54","modified_gmt":"2026-01-14T13:17:54","slug":"manuel-alonso-el-nuevo-emperador-de-cordoba","status":"publish","type":"post","link":"https:\/\/lospoliticosveracruz.com\/?p=160340","title":{"rendered":"MANUEL ALONSO, \u00bfEL NUEVO \u00abEMPERADOR\u00bb DE C\u00d3RDOBA?"},"content":{"rendered":"\n<p><strong>Ricardo Chua<\/strong><\/p>\n\n\n\n<p><em>Sale y Vale<\/em><\/p>\n\n\n\n<p>Cuenta \u00abGarganta Profunda\u00bb que de todos los nuevos alcaldes que tomaron el poder en Veracruz, hace menos de 15 d\u00edas, el que m\u00e1s est\u00e1 teniendo conflictos pol\u00edticos, laborales y hasta medi\u00e1ticos, es el de C\u00f3rdoba, Manuel Alonso Cerezo.. Si bien es cierto todos los municipios en la entidad tienen problemas y muy diversos con las nuevas autoridades locales.. El nuevo presidente municipal cordob\u00e9s tiene ese \u00abdesgaste\u00bb, cuando no lleva ni dos semanas de alcalde, por las luchas internas de poder entre los grupos de MORENA, que lo impulsaron a ganar, con el grupo empresarial que \u00e9l representa y que fu\u00e9 qui\u00e9n lo puso como candidato en ese sitio para que el Movimiento de la 4T, le sacara el triunfo..<\/p>\n\n\n\n<p>La informaci\u00f3n obtenida por \u00abGarganta Profunda\u00bb es que Alonso Cerezo fue el \u00fanico candidato a alcalde en el Estado, que fue impuesto desde el Comit\u00e9 Nacional de MORENA por un poderoso personaje y que en Veracruz, nadie se opuso a ello, es m\u00e1s, se apuraron a impulsarlo y ocuparon la figura del diputado federal, Zenyazen Escobar y del diputado local, Juan Tress, para que hacer el \u00abjuego\u00bb pol\u00edtico de que era un aspirante cercano a su grupo pol\u00edtico.. Al principio esa idea la \u00abcompraron\u00bb en MORENA y en C\u00f3rdoba.. Pero la realidad es otra.. El empresario y ahora alcalde era parte de la \u00abmadeja\u00bb de un poderoso grupo empresarial cordob\u00e9s con grandes ligas nacionales..<\/p>\n\n\n\n<p>Por eso, nadie en C\u00f3rdoba tuvo la oportunidad de ser candidato a la alcald\u00eda.. Por m\u00e1s esfuerzos que hac\u00edan, la decisi\u00f3n ya estaba dada a favor de Manuel Alonso.. Hasta la c\u00fapula nacional del PVEM aval\u00f3 est\u00e1 decisi\u00f3n.. Todos estuvieron de acuerdo y Alonso Cerezo fue candidato.. Y el Movimiento de la 4T se encarg\u00f3 del resto, lo hizo ganar la elecci\u00f3n.. Al principio como alcalde electo tra\u00eda a Zenyazen para todos lados y \u00e9l legislador lo met\u00eda con los grupos pol\u00edticos de MORENA y Javier Herrera Borunda con los del PVEM.. Junto con ese grupo empresarial ligado a los \u00abVerdes\u00bb que son los que estaban detr\u00e1s del hoy alcalde.. Y as\u00ed fueron esos primeros meses despu\u00e9s del triunfo..<\/p>\n\n\n\n<p>Sin embargo, al paso del tiempo y unas semanas antes de tomar el poder, en C\u00f3rdoba, se\u00f1alan que Alonso Cerezo cambi\u00f3 todo lo acordado pol\u00edticamente.. Desconoci\u00f3 a los grupos de MORENA que presuntamente lo hab\u00edan ayudado a ganar.. Hizo a pol\u00edticos que lo respaldaron y s\u00f3lo operaba en reuniones con el grupo empresarial que lo apoy\u00f3 a ganar.. Obvio todo lo reportaban con el poderoso personaje de MORENA nacional, que lo hab\u00eda apoyado para llegar ah\u00ed.. Esas reuniones con sus ahora aliados, no se hac\u00edan en C\u00f3rdoba.. Eran en Puebla o Veracruz puerto-Boca del R\u00edo.. Para evitar ser vistos o molestados.. Ya que Zenyazen y los dem\u00e1s estaban muy enojados con ese cambio de actitud..<\/p>\n\n\n\n<p>Ya que Manuel Alonso, sin decir nada a nadie, empez\u00f3 a operar desde semanas antes de enero, todo lo relacionado con lo que ser\u00eda su gobierno.. Con personajes allegados a \u00e9l y al grupo empresarial al que pertenec\u00eda antes de entrar a la pol\u00edtica.. Ellos manejaban todo y ellos dec\u00edan a los que ser\u00edan los nuevos funcionarios, a qu\u00e9 cargo ir\u00edan en este ayuntamiento en C\u00f3rdoba.. Por eso, todo aquellos pol\u00edticos que deseaban ver a Cerezo para ver que les iba a tocar, \u00e9l ya no les pon\u00eda atenci\u00f3n.. Y en aquel municipio empez\u00f3 a correr el rumor.. Que si no eran llamados por ese \u00abpetit comit\u00e9\u00bb de empresarios, entonces, no tendr\u00edan cabida en el nuevo gobierno municipal.. Y as\u00ed pas\u00f3..<\/p>\n\n\n\n<p>Despu\u00e9s de todos estos hechos y mensajes entre l\u00edneas de sus grupos pol\u00edticos de la 4T local.. En C\u00f3rdoba, dentro del Palacio Municipal, el partido MORENA, PVEM y sus actores pol\u00edticos, empezaron a comentar que a unas semanas de tomar posesi\u00f3n como alcalde a Manuel Alonso.. Se le hab\u00eda \u00absubido el poder\u00bb ante la poca fuerza pol\u00edtica que ten\u00eda el alcalde hasta hace unos d\u00edas Juan Mart\u00ednez y por ello, no hab\u00eda nadie que le hiciera frente.. Porque ya se sent\u00eda empoderado y porque su grupos de empresarios de \u00abelite\u00bb tomaban las decisiones del ayuntamiento por \u00e9l.. Lo cual provoc\u00f3 muchas molest\u00edas y el antagonismo en su contra inici\u00f3 de inmediato en MORENA local..<\/p>\n\n\n\n<p>Sin embargo, cuentan los que saben y cercanos a Cerezo, que al \u00absubirse\u00bb el poder.. Sinti\u00f3 que dej\u00f3 de ser \u00abt\u00edtere\u00bb de Zenyazen y se dej\u00f3 manejar por los intereses empresariales que represent\u00f3 hasta hace un tiempo en aquella regi\u00f3n.. Pero, al parecer, tampoco todo ser\u00e1 \u00abmiel sobre hojuelas\u00bb para el nuevo alcalde de la ciudad de \u00abLos 30 Caballeros\u00bb\u2026 Ya que hay tambi\u00e9n inconformidad de sus acciones en Xalapa y en algunas oficinas de Palacio de Gobierno y en otras dependencias m\u00e1s.. Ya que no s\u00f3lo \u00abpate\u00f3\u00bb a Zenyazen y Juan Tress.. Sino a otros personajes con fuertes intereses pol\u00edticos y econ\u00f3micos en esa regi\u00f3n de la zona centro.. Tambi\u00e9n muy bien conectados con la 4T a nivel nacional..<\/p>\n\n\n\n<p>Adem\u00e1s de que presuntamente desconoci\u00f3 acuerdos pol\u00edticos con el PVEM y con el propio diputado federal Javier Herrera Borunda.. Pese a que los \u00abVerdes\u00bb desde el Senado fueron uno de sus impulsores de Cerezo para que fuera candidato en C\u00f3rdoba.. Toco muchos intereses ese cambio de actitud y ahora el tema C\u00f3rdoba y sus nuevas autoridades es un ASUNTO NACIONAL, no s\u00f3lo en MORENA sino tambi\u00e9n con esa c\u00fapula del PVEM, muy ligados a Palacio Nacional de CDMX.. Es decir, que todos esos \u00abjaloneos\u00bb que tienen en el ayuntamiento de C\u00f3rdoba, son apenas el principio.. Y Javier es un precandidato a gobernador al 2030..<\/p>\n\n\n\n<p>El asunto, argument\u00f3 \u00abGarganta Profunda\u00bb, no es tanto Manuel Alonso, al cual en MORENA y PVEM lo consideran un inexperto en pol\u00edtica y en la administraci\u00f3n p\u00fablica municipal.. El tema para sus ahora adversarios son el grupo empresarial que est\u00e1 detr\u00e1s de \u00e9l y que, dicen en C\u00f3rdoba, son los que est\u00e1n manejando el ayuntamiento en estos primeros d\u00edas de enero.. Son los que han puesto y despedido funcionarios y quienes no respetaron los compromisos contra\u00eddos.. Es el grupo empresarial que estaba ligado al PAN Yunes \u00abazul\u00bb y que despu\u00e9s se volvieron \u00abVerdes\u00bb.. Pero ahora desconocieron a todos y el \u00abjuego\u00bb es de ellos.. Y eso es algo que en pol\u00edtica no se perdona..<\/p>\n\n\n\n<p>Dicen, que esos empresarios.. Quiere hacer un grupo pol\u00edtico de poder, al estilo Orizaba, tal como lo form\u00f3, hizo crecer y mantiene Juan Manuel D\u00edez Francos.. Y, Cerezo lo har\u00e1n el \u00abNuevo Emperador\u00bb, por hasta su imagen la empatan con la de Agust\u00edn de Iturbide.. El problema es que a diferencia de D\u00edez Francos, ese grupo de cordobeses no tiene ese \u00abtalento\u00bb y relaciones con grupos de poder pol\u00edtico para mantenerse fuertes.. Como lo hace el orizabe\u00f1o desde el 2004.. En C\u00f3rdoba, apenas llevan 15 d\u00edas y Cerezo tiene a muchos grupos pol\u00edticos encima.. As\u00ed no se puede.. \u00bfHabr\u00e1 que ver si cuenta con el apoyo de Palacio de Gobierno en Xalapa?.. Y si a\u00fan tiene respaldo de MORENA y PVEM..\u00bb\u00a1Gran Dios! no suceda que yo olvide jam\u00e1s que el Pr\u00edncipe es para el Pueblo y no el Pueblo para el Pr\u00edncipe\u00bb, es la frase que pronunci\u00f3 Agust\u00edn de Iturbide, al tomar protesta como Emperador ante el Congreso de M\u00e9xico en 1822.. EL QUE ENTENDI\u00d3, LO ENTENDI\u00d3..<\/p>\n","protected":false},"excerpt":{"rendered":"<p>Ricardo Chua Sale y Vale Cuenta \u00abGarganta Profunda\u00bb que de todos los nuevos alcaldes que tomaron el poder en Veracruz, hace menos de 15 d\u00edas, el que m\u00e1s est\u00e1 teniendo conflictos pol\u00edticos, laborales y hasta medi\u00e1ticos, es el de C\u00f3rdoba, Manuel Alonso Cerezo.. Si bien es cierto todos los municipios en la entidad tienen problemas [&hellip;]<\/p>\n","protected":false},"author":2,"featured_media":158947,"comment_status":"closed","ping_status":"closed","sticky":false,"template":"","format":"standard","meta":{"tdm_status":"","tdm_grid_status":"","footnotes":""},"categories":[70],"tags":[751,17053,43282,1026],"class_list":{"0":"post-160340","1":"post","2":"type-post","3":"status-publish","4":"format-standard","5":"has-post-thumbnail","7":"category-de-opinion","8":"tag-cordoba","9":"tag-esteban-ramirez-zepeta","10":"tag-manuel-alonso-cerezo","11":"tag-morena"},"yoast_head":"<!-- This site is optimized with the Yoast SEO plugin v27.4 - https:\/\/yoast.com\/product\/yoast-seo-wordpress\/ -->\n<title>MANUEL ALONSO, \u00bfEL NUEVO &quot;EMPERADOR&quot; DE C\u00d3RDOBA? - Los pol\u00edticos Veracruz<\/title>\n<meta name=\"robots\" content=\"index, follow, max-snippet:-1, max-image-preview:large, max-video-preview:-1\" \/>\n<link rel=\"canonical\" href=\"https:\/\/lospoliticosveracruz.com\/?p=160340\" \/>\n<meta property=\"og:locale\" content=\"es_ES\" \/>\n<meta property=\"og:type\" content=\"article\" \/>\n<meta property=\"og:title\" content=\"MANUEL ALONSO, \u00bfEL NUEVO &quot;EMPERADOR&quot; DE C\u00d3RDOBA? - Los pol\u00edticos Veracruz\" \/>\n<meta property=\"og:description\" content=\"Ricardo Chua Sale y Vale Cuenta \u00abGarganta Profunda\u00bb que de todos los nuevos alcaldes que tomaron el poder en Veracruz, hace menos de 15 d\u00edas, el que m\u00e1s est\u00e1 teniendo conflictos pol\u00edticos, laborales y hasta medi\u00e1ticos, es el de C\u00f3rdoba, Manuel Alonso Cerezo.. Si bien es cierto todos los municipios en la entidad tienen problemas [&hellip;]\" \/>\n<meta property=\"og:url\" content=\"https:\/\/lospoliticosveracruz.com\/?p=160340\" \/>\n<meta property=\"og:site_name\" content=\"Los pol\u00edticos Veracruz\" \/>\n<meta property=\"article:publisher\" content=\"https:\/\/www.facebook.com\/people\/Notimemes-de-los-Polticos\/61565672886568\/\" \/>\n<meta property=\"article:published_time\" content=\"2026-01-14T13:17:53+00:00\" \/>\n<meta property=\"article:modified_time\" content=\"2026-01-14T13:17:54+00:00\" \/>\n<meta property=\"og:image\" content=\"https:\/\/lospoliticosveracruz.com\/wp-content\/uploads\/2025\/12\/Chua-Nueva.jpg\" \/>\n\t<meta property=\"og:image:width\" content=\"1200\" \/>\n\t<meta property=\"og:image:height\" content=\"630\" \/>\n\t<meta property=\"og:image:type\" content=\"image\/jpeg\" \/>\n<meta name=\"author\" content=\"Lo viste en Los Pol\u00edticos\" \/>\n<meta name=\"twitter:card\" content=\"summary_large_image\" \/>\n<meta name=\"twitter:creator\" content=\"@LosPoliticosVer\" \/>\n<meta name=\"twitter:site\" content=\"@LosPoliticosVer\" \/>\n<meta name=\"twitter:label1\" content=\"Escrito por\" \/>\n\t<meta name=\"twitter:data1\" content=\"Lo viste en Los Pol\u00edticos\" \/>\n\t<meta name=\"twitter:label2\" content=\"Tiempo de lectura\" \/>\n\t<meta name=\"twitter:data2\" content=\"6 minutos\" \/>\n<script type=\"application\/ld+json\" class=\"yoast-schema-graph\">{\"@context\":\"https:\\\/\\\/schema.org\",\"@graph\":[{\"@type\":\"Article\",\"@id\":\"https:\\\/\\\/lospoliticosveracruz.com\\\/?p=160340#article\",\"isPartOf\":{\"@id\":\"https:\\\/\\\/lospoliticosveracruz.com\\\/?p=160340\"},\"author\":{\"name\":\"Lo viste en Los Pol\u00edticos\",\"@id\":\"https:\\\/\\\/lospoliticosveracruz.com\\\/#\\\/schema\\\/person\\\/b8702bb0e538456e6efd07080bf2a4a2\"},\"headline\":\"MANUEL ALONSO, \u00bfEL NUEVO \u00abEMPERADOR\u00bb DE C\u00d3RDOBA?\",\"datePublished\":\"2026-01-14T13:17:53+00:00\",\"dateModified\":\"2026-01-14T13:17:54+00:00\",\"mainEntityOfPage\":{\"@id\":\"https:\\\/\\\/lospoliticosveracruz.com\\\/?p=160340\"},\"wordCount\":1320,\"publisher\":{\"@id\":\"https:\\\/\\\/lospoliticosveracruz.com\\\/#organization\"},\"image\":{\"@id\":\"https:\\\/\\\/lospoliticosveracruz.com\\\/?p=160340#primaryimage\"},\"thumbnailUrl\":\"https:\\\/\\\/lospoliticosveracruz.com\\\/wp-content\\\/uploads\\\/2025\\\/12\\\/Chua-Nueva.jpg\",\"keywords\":[\"C\u00f3rdoba\",\"Esteban Ram\u00edrez Zepeta\",\"Manuel Alonso Cerezo\",\"Morena\"],\"articleSection\":[\"De Opini\u00f3n\"],\"inLanguage\":\"es\"},{\"@type\":\"WebPage\",\"@id\":\"https:\\\/\\\/lospoliticosveracruz.com\\\/?p=160340\",\"url\":\"https:\\\/\\\/lospoliticosveracruz.com\\\/?p=160340\",\"name\":\"MANUEL ALONSO, \u00bfEL NUEVO \\\"EMPERADOR\\\" DE C\u00d3RDOBA? - Los pol\u00edticos Veracruz\",\"isPartOf\":{\"@id\":\"https:\\\/\\\/lospoliticosveracruz.com\\\/#website\"},\"primaryImageOfPage\":{\"@id\":\"https:\\\/\\\/lospoliticosveracruz.com\\\/?p=160340#primaryimage\"},\"image\":{\"@id\":\"https:\\\/\\\/lospoliticosveracruz.com\\\/?p=160340#primaryimage\"},\"thumbnailUrl\":\"https:\\\/\\\/lospoliticosveracruz.com\\\/wp-content\\\/uploads\\\/2025\\\/12\\\/Chua-Nueva.jpg\",\"datePublished\":\"2026-01-14T13:17:53+00:00\",\"dateModified\":\"2026-01-14T13:17:54+00:00\",\"breadcrumb\":{\"@id\":\"https:\\\/\\\/lospoliticosveracruz.com\\\/?p=160340#breadcrumb\"},\"inLanguage\":\"es\",\"potentialAction\":[{\"@type\":\"ReadAction\",\"target\":[\"https:\\\/\\\/lospoliticosveracruz.com\\\/?p=160340\"]}]},{\"@type\":\"ImageObject\",\"inLanguage\":\"es\",\"@id\":\"https:\\\/\\\/lospoliticosveracruz.com\\\/?p=160340#primaryimage\",\"url\":\"https:\\\/\\\/lospoliticosveracruz.com\\\/wp-content\\\/uploads\\\/2025\\\/12\\\/Chua-Nueva.jpg\",\"contentUrl\":\"https:\\\/\\\/lospoliticosveracruz.com\\\/wp-content\\\/uploads\\\/2025\\\/12\\\/Chua-Nueva.jpg\",\"width\":1200,\"height\":630},{\"@type\":\"BreadcrumbList\",\"@id\":\"https:\\\/\\\/lospoliticosveracruz.com\\\/?p=160340#breadcrumb\",\"itemListElement\":[{\"@type\":\"ListItem\",\"position\":1,\"name\":\"Portada\",\"item\":\"https:\\\/\\\/lospoliticosveracruz.com\\\/\"},{\"@type\":\"ListItem\",\"position\":2,\"name\":\"MANUEL ALONSO, \u00bfEL NUEVO \u00abEMPERADOR\u00bb DE C\u00d3RDOBA?\"}]},{\"@type\":\"WebSite\",\"@id\":\"https:\\\/\\\/lospoliticosveracruz.com\\\/#website\",\"url\":\"https:\\\/\\\/lospoliticosveracruz.com\\\/\",\"name\":\"Los pol\u00edticos Veracruz\",\"description\":\"\",\"publisher\":{\"@id\":\"https:\\\/\\\/lospoliticosveracruz.com\\\/#organization\"},\"potentialAction\":[{\"@type\":\"SearchAction\",\"target\":{\"@type\":\"EntryPoint\",\"urlTemplate\":\"https:\\\/\\\/lospoliticosveracruz.com\\\/?s={search_term_string}\"},\"query-input\":{\"@type\":\"PropertyValueSpecification\",\"valueRequired\":true,\"valueName\":\"search_term_string\"}}],\"inLanguage\":\"es\"},{\"@type\":\"Organization\",\"@id\":\"https:\\\/\\\/lospoliticosveracruz.com\\\/#organization\",\"name\":\"Los pol\u00edticos Veracruz\",\"url\":\"https:\\\/\\\/lospoliticosveracruz.com\\\/\",\"logo\":{\"@type\":\"ImageObject\",\"inLanguage\":\"es\",\"@id\":\"https:\\\/\\\/lospoliticosveracruz.com\\\/#\\\/schema\\\/logo\\\/image\\\/\",\"url\":\"https:\\\/\\\/lospoliticosveracruz.com\\\/wp-content\\\/uploads\\\/2025\\\/12\\\/Logo-Nuevo-LOS-POLITICOS-1.jpg\",\"contentUrl\":\"https:\\\/\\\/lospoliticosveracruz.com\\\/wp-content\\\/uploads\\\/2025\\\/12\\\/Logo-Nuevo-LOS-POLITICOS-1.jpg\",\"width\":260,\"height\":70,\"caption\":\"Los pol\u00edticos Veracruz\"},\"image\":{\"@id\":\"https:\\\/\\\/lospoliticosveracruz.com\\\/#\\\/schema\\\/logo\\\/image\\\/\"},\"sameAs\":[\"https:\\\/\\\/www.facebook.com\\\/people\\\/Notimemes-de-los-Polticos\\\/61565672886568\\\/\",\"https:\\\/\\\/x.com\\\/LosPoliticosVer\"]},{\"@type\":\"Person\",\"@id\":\"https:\\\/\\\/lospoliticosveracruz.com\\\/#\\\/schema\\\/person\\\/b8702bb0e538456e6efd07080bf2a4a2\",\"name\":\"Lo viste en Los Pol\u00edticos\",\"image\":{\"@type\":\"ImageObject\",\"inLanguage\":\"es\",\"@id\":\"https:\\\/\\\/secure.gravatar.com\\\/avatar\\\/3a8de04a2656d44082be478bd6c086daa447c4651605818287b9532d3d0bd435?s=96&d=mm&r=g\",\"url\":\"https:\\\/\\\/secure.gravatar.com\\\/avatar\\\/3a8de04a2656d44082be478bd6c086daa447c4651605818287b9532d3d0bd435?s=96&d=mm&r=g\",\"contentUrl\":\"https:\\\/\\\/secure.gravatar.com\\\/avatar\\\/3a8de04a2656d44082be478bd6c086daa447c4651605818287b9532d3d0bd435?s=96&d=mm&r=g\",\"caption\":\"Lo viste en Los Pol\u00edticos\"},\"url\":\"https:\\\/\\\/lospoliticosveracruz.com\\\/?author=2\"}]}<\/script>\n<!-- \/ Yoast SEO plugin. -->","yoast_head_json":{"title":"MANUEL ALONSO, \u00bfEL NUEVO \"EMPERADOR\" DE C\u00d3RDOBA? - Los pol\u00edticos Veracruz","robots":{"index":"index","follow":"follow","max-snippet":"max-snippet:-1","max-image-preview":"max-image-preview:large","max-video-preview":"max-video-preview:-1"},"canonical":"https:\/\/lospoliticosveracruz.com\/?p=160340","og_locale":"es_ES","og_type":"article","og_title":"MANUEL ALONSO, \u00bfEL NUEVO \"EMPERADOR\" DE C\u00d3RDOBA? - Los pol\u00edticos Veracruz","og_description":"Ricardo Chua Sale y Vale Cuenta \u00abGarganta Profunda\u00bb que de todos los nuevos alcaldes que tomaron el poder en Veracruz, hace menos de 15 d\u00edas, el que m\u00e1s est\u00e1 teniendo conflictos pol\u00edticos, laborales y hasta medi\u00e1ticos, es el de C\u00f3rdoba, Manuel Alonso Cerezo.. Si bien es cierto todos los municipios en la entidad tienen problemas [&hellip;]","og_url":"https:\/\/lospoliticosveracruz.com\/?p=160340","og_site_name":"Los pol\u00edticos Veracruz","article_publisher":"https:\/\/www.facebook.com\/people\/Notimemes-de-los-Polticos\/61565672886568\/","article_published_time":"2026-01-14T13:17:53+00:00","article_modified_time":"2026-01-14T13:17:54+00:00","og_image":[{"width":1200,"height":630,"url":"https:\/\/lospoliticosveracruz.com\/wp-content\/uploads\/2025\/12\/Chua-Nueva.jpg","type":"image\/jpeg"}],"author":"Lo viste en Los Pol\u00edticos","twitter_card":"summary_large_image","twitter_creator":"@LosPoliticosVer","twitter_site":"@LosPoliticosVer","twitter_misc":{"Escrito por":"Lo viste en Los Pol\u00edticos","Tiempo de lectura":"6 minutos"},"schema":{"@context":"https:\/\/schema.org","@graph":[{"@type":"Article","@id":"https:\/\/lospoliticosveracruz.com\/?p=160340#article","isPartOf":{"@id":"https:\/\/lospoliticosveracruz.com\/?p=160340"},"author":{"name":"Lo viste en Los Pol\u00edticos","@id":"https:\/\/lospoliticosveracruz.com\/#\/schema\/person\/b8702bb0e538456e6efd07080bf2a4a2"},"headline":"MANUEL ALONSO, \u00bfEL NUEVO \u00abEMPERADOR\u00bb DE C\u00d3RDOBA?","datePublished":"2026-01-14T13:17:53+00:00","dateModified":"2026-01-14T13:17:54+00:00","mainEntityOfPage":{"@id":"https:\/\/lospoliticosveracruz.com\/?p=160340"},"wordCount":1320,"publisher":{"@id":"https:\/\/lospoliticosveracruz.com\/#organization"},"image":{"@id":"https:\/\/lospoliticosveracruz.com\/?p=160340#primaryimage"},"thumbnailUrl":"https:\/\/lospoliticosveracruz.com\/wp-content\/uploads\/2025\/12\/Chua-Nueva.jpg","keywords":["C\u00f3rdoba","Esteban Ram\u00edrez Zepeta","Manuel Alonso Cerezo","Morena"],"articleSection":["De Opini\u00f3n"],"inLanguage":"es"},{"@type":"WebPage","@id":"https:\/\/lospoliticosveracruz.com\/?p=160340","url":"https:\/\/lospoliticosveracruz.com\/?p=160340","name":"MANUEL ALONSO, \u00bfEL NUEVO \"EMPERADOR\" DE C\u00d3RDOBA? - Los pol\u00edticos Veracruz","isPartOf":{"@id":"https:\/\/lospoliticosveracruz.com\/#website"},"primaryImageOfPage":{"@id":"https:\/\/lospoliticosveracruz.com\/?p=160340#primaryimage"},"image":{"@id":"https:\/\/lospoliticosveracruz.com\/?p=160340#primaryimage"},"thumbnailUrl":"https:\/\/lospoliticosveracruz.com\/wp-content\/uploads\/2025\/12\/Chua-Nueva.jpg","datePublished":"2026-01-14T13:17:53+00:00","dateModified":"2026-01-14T13:17:54+00:00","breadcrumb":{"@id":"https:\/\/lospoliticosveracruz.com\/?p=160340#breadcrumb"},"inLanguage":"es","potentialAction":[{"@type":"ReadAction","target":["https:\/\/lospoliticosveracruz.com\/?p=160340"]}]},{"@type":"ImageObject","inLanguage":"es","@id":"https:\/\/lospoliticosveracruz.com\/?p=160340#primaryimage","url":"https:\/\/lospoliticosveracruz.com\/wp-content\/uploads\/2025\/12\/Chua-Nueva.jpg","contentUrl":"https:\/\/lospoliticosveracruz.com\/wp-content\/uploads\/2025\/12\/Chua-Nueva.jpg","width":1200,"height":630},{"@type":"BreadcrumbList","@id":"https:\/\/lospoliticosveracruz.com\/?p=160340#breadcrumb","itemListElement":[{"@type":"ListItem","position":1,"name":"Portada","item":"https:\/\/lospoliticosveracruz.com\/"},{"@type":"ListItem","position":2,"name":"MANUEL ALONSO, \u00bfEL NUEVO \u00abEMPERADOR\u00bb DE C\u00d3RDOBA?"}]},{"@type":"WebSite","@id":"https:\/\/lospoliticosveracruz.com\/#website","url":"https:\/\/lospoliticosveracruz.com\/","name":"Los pol\u00edticos Veracruz","description":"","publisher":{"@id":"https:\/\/lospoliticosveracruz.com\/#organization"},"potentialAction":[{"@type":"SearchAction","target":{"@type":"EntryPoint","urlTemplate":"https:\/\/lospoliticosveracruz.com\/?s={search_term_string}"},"query-input":{"@type":"PropertyValueSpecification","valueRequired":true,"valueName":"search_term_string"}}],"inLanguage":"es"},{"@type":"Organization","@id":"https:\/\/lospoliticosveracruz.com\/#organization","name":"Los pol\u00edticos Veracruz","url":"https:\/\/lospoliticosveracruz.com\/","logo":{"@type":"ImageObject","inLanguage":"es","@id":"https:\/\/lospoliticosveracruz.com\/#\/schema\/logo\/image\/","url":"https:\/\/lospoliticosveracruz.com\/wp-content\/uploads\/2025\/12\/Logo-Nuevo-LOS-POLITICOS-1.jpg","contentUrl":"https:\/\/lospoliticosveracruz.com\/wp-content\/uploads\/2025\/12\/Logo-Nuevo-LOS-POLITICOS-1.jpg","width":260,"height":70,"caption":"Los pol\u00edticos Veracruz"},"image":{"@id":"https:\/\/lospoliticosveracruz.com\/#\/schema\/logo\/image\/"},"sameAs":["https:\/\/www.facebook.com\/people\/Notimemes-de-los-Polticos\/61565672886568\/","https:\/\/x.com\/LosPoliticosVer"]},{"@type":"Person","@id":"https:\/\/lospoliticosveracruz.com\/#\/schema\/person\/b8702bb0e538456e6efd07080bf2a4a2","name":"Lo viste en Los Pol\u00edticos","image":{"@type":"ImageObject","inLanguage":"es","@id":"https:\/\/secure.gravatar.com\/avatar\/3a8de04a2656d44082be478bd6c086daa447c4651605818287b9532d3d0bd435?s=96&d=mm&r=g","url":"https:\/\/secure.gravatar.com\/avatar\/3a8de04a2656d44082be478bd6c086daa447c4651605818287b9532d3d0bd435?s=96&d=mm&r=g","contentUrl":"https:\/\/secure.gravatar.com\/avatar\/3a8de04a2656d44082be478bd6c086daa447c4651605818287b9532d3d0bd435?s=96&d=mm&r=g","caption":"Lo viste en Los Pol\u00edticos"},"url":"https:\/\/lospoliticosveracruz.com\/?author=2"}]}},"_links":{"self":[{"href":"https:\/\/lospoliticosveracruz.com\/index.php?rest_route=\/wp\/v2\/posts\/160340","targetHints":{"allow":["GET"]}}],"collection":[{"href":"https:\/\/lospoliticosveracruz.com\/index.php?rest_route=\/wp\/v2\/posts"}],"about":[{"href":"https:\/\/lospoliticosveracruz.com\/index.php?rest_route=\/wp\/v2\/types\/post"}],"author":[{"embeddable":true,"href":"https:\/\/lospoliticosveracruz.com\/index.php?rest_route=\/wp\/v2\/users\/2"}],"replies":[{"embeddable":true,"href":"https:\/\/lospoliticosveracruz.com\/index.php?rest_route=%2Fwp%2Fv2%2Fcomments&post=160340"}],"version-history":[{"count":1,"href":"https:\/\/lospoliticosveracruz.com\/index.php?rest_route=\/wp\/v2\/posts\/160340\/revisions"}],"predecessor-version":[{"id":160341,"href":"https:\/\/lospoliticosveracruz.com\/index.php?rest_route=\/wp\/v2\/posts\/160340\/revisions\/160341"}],"wp:featuredmedia":[{"embeddable":true,"href":"https:\/\/lospoliticosveracruz.com\/index.php?rest_route=\/wp\/v2\/media\/158947"}],"wp:attachment":[{"href":"https:\/\/lospoliticosveracruz.com\/index.php?rest_route=%2Fwp%2Fv2%2Fmedia&parent=160340"}],"wp:term":[{"taxonomy":"category","embeddable":true,"href":"https:\/\/lospoliticosveracruz.com\/index.php?rest_route=%2Fwp%2Fv2%2Fcategories&post=160340"},{"taxonomy":"post_tag","embeddable":true,"href":"https:\/\/lospoliticosveracruz.com\/index.php?rest_route=%2Fwp%2Fv2%2Ftags&post=160340"}],"curies":[{"name":"wp","href":"https:\/\/api.w.org\/{rel}","templated":true}]}}