{"id":160388,"date":"2026-01-14T13:21:10","date_gmt":"2026-01-14T19:21:10","guid":{"rendered":"https:\/\/lospoliticosveracruz.com\/?p=160388"},"modified":"2026-01-14T13:21:11","modified_gmt":"2026-01-14T19:21:11","slug":"unen-fuerzas-y-esfuerzos","status":"publish","type":"post","link":"https:\/\/lospoliticosveracruz.com\/?p=160388","title":{"rendered":"UNEN FUERZAS Y ESFUERZOS!"},"content":{"rendered":"\n<p>S\u00edguenos ahora tambi\u00e9n en WhatsApp.\u00a0\u00a1<a href=\"https:\/\/whatsapp.com\/channel\/0029Va8zRWlEKyZIP3Z1dF0e\"><strong>Da clic aqu\u00ed<\/strong><\/a><strong>!<\/strong><\/p>\n\n\n\n<p>La Fiscal General del Estado, Lisbeth Aurelia Jim\u00e9nez Aguirre, particip\u00f3 en la firma del Convenio Marco de Coordinaci\u00f3n con el \u00d3rgano de Administraci\u00f3n Judicial del Poder Judicial del Estado de Veracruz, representado por su presidenta, Alma Rosa Flores Ceballos.<\/p>\n\n\n\n<p>Este acuerdo establece las bases para el dise\u00f1o e implementaci\u00f3n de instrumentos espec\u00edficos que permitir\u00e1n el desarrollo de actividades conjuntas, programas de capacitaci\u00f3n e intercambio de informaci\u00f3n, con el objetivo de optimizar los procesos de procuraci\u00f3n y administraci\u00f3n de justicia en la entidad.<\/p>\n\n\n\n<p>Con esta firma, la Fiscal\u00eda General del Estado reafirma su compromiso con una justicia eficiente, coordinada y transparente, que responda con profesionalismo a las necesidades de la sociedad veracruzana.<\/p>\n","protected":false},"excerpt":{"rendered":"<p>La Fiscal General del Estado, Lisbeth Aurelia Jim\u00e9nez Aguirre, particip\u00f3 en la firma del Convenio Marco de Coordinaci\u00f3n con el \u00d3rgano de Administraci\u00f3n Judicial del Poder Judicial del Estado de Veracruz, representado por su presidenta, Alma Rosa Flores Ceballos. Este acuerdo establece las bases para el dise\u00f1o e implementaci\u00f3n de instrumentos espec\u00edficos que permitir\u00e1n el [&hellip;]<\/p>\n","protected":false},"author":2,"featured_media":160389,"comment_status":"closed","ping_status":"closed","sticky":false,"template":"","format":"standard","meta":{"tdm_status":"","tdm_grid_status":"","footnotes":""},"categories":[48940],"tags":[50079,50083,50084,50078,50080,50081,50082],"class_list":{"0":"post-160388","1":"post","2":"type-post","3":"status-publish","4":"format-standard","5":"has-post-thumbnail","7":"category-la-ley-y-el-orden","8":"tag-alma-rosa-flores-ceballos-poder-judicial","9":"tag-capacitacion-judicial-e-intercambio-de-informacion-veracruz","10":"tag-colaboracion-fge-y-poder-judicial-del-estado","11":"tag-fge-veracruz-poder-judicial-convenio-marco","12":"tag-justicia-eficiente-y-transparente-veracruz-2026","13":"tag-lisbeth-aurelia-jimenez-aguirre-fiscal-general","14":"tag-procuracion-y-administracion-de-justicia-veracruz-2026"},"yoast_head":"<!-- This site is optimized with the Yoast SEO plugin v27.4 - https:\/\/yoast.com\/product\/yoast-seo-wordpress\/ -->\n<title>UNEN FUERZAS Y ESFUERZOS! - Los pol\u00edticos Veracruz<\/title>\n<meta name=\"robots\" content=\"index, follow, max-snippet:-1, max-image-preview:large, max-video-preview:-1\" \/>\n<link rel=\"canonical\" href=\"https:\/\/lospoliticosveracruz.com\/?p=160388\" \/>\n<meta property=\"og:locale\" content=\"es_ES\" \/>\n<meta property=\"og:type\" content=\"article\" \/>\n<meta property=\"og:title\" content=\"UNEN FUERZAS Y ESFUERZOS! - Los pol\u00edticos Veracruz\" \/>\n<meta property=\"og:description\" content=\"La Fiscal General del Estado, Lisbeth Aurelia Jim\u00e9nez Aguirre, particip\u00f3 en la firma del Convenio Marco de Coordinaci\u00f3n con el \u00d3rgano de Administraci\u00f3n Judicial del Poder Judicial del Estado de Veracruz, representado por su presidenta, Alma Rosa Flores Ceballos. Este acuerdo establece las bases para el dise\u00f1o e implementaci\u00f3n de instrumentos espec\u00edficos que permitir\u00e1n el [&hellip;]\" \/>\n<meta property=\"og:url\" content=\"https:\/\/lospoliticosveracruz.com\/?p=160388\" \/>\n<meta property=\"og:site_name\" content=\"Los pol\u00edticos Veracruz\" \/>\n<meta property=\"article:publisher\" content=\"https:\/\/www.facebook.com\/people\/Notimemes-de-los-Polticos\/61565672886568\/\" \/>\n<meta property=\"article:published_time\" content=\"2026-01-14T19:21:10+00:00\" \/>\n<meta property=\"article:modified_time\" content=\"2026-01-14T19:21:11+00:00\" \/>\n<meta property=\"og:image\" content=\"https:\/\/lospoliticosveracruz.com\/wp-content\/uploads\/2026\/01\/Lisbeth-Aurelia-Jimenez-Aguirre-Fiscal-General-Alma-Rosa-Flores-Ceballos-Poder-Judicial.jpeg\" \/>\n\t<meta property=\"og:image:width\" content=\"600\" \/>\n\t<meta property=\"og:image:height\" content=\"320\" \/>\n\t<meta property=\"og:image:type\" content=\"image\/jpeg\" \/>\n<meta name=\"author\" content=\"Lo viste en Los Pol\u00edticos\" \/>\n<meta name=\"twitter:card\" content=\"summary_large_image\" \/>\n<meta name=\"twitter:creator\" content=\"@LosPoliticosVer\" \/>\n<meta name=\"twitter:site\" content=\"@LosPoliticosVer\" \/>\n<meta name=\"twitter:label1\" content=\"Escrito por\" \/>\n\t<meta name=\"twitter:data1\" content=\"Lo viste en Los Pol\u00edticos\" \/>\n\t<meta name=\"twitter:label2\" content=\"Tiempo de lectura\" \/>\n\t<meta name=\"twitter:data2\" content=\"1 minuto\" \/>\n<script type=\"application\/ld+json\" class=\"yoast-schema-graph\">{\"@context\":\"https:\\\/\\\/schema.org\",\"@graph\":[{\"@type\":\"Article\",\"@id\":\"https:\\\/\\\/lospoliticosveracruz.com\\\/?p=160388#article\",\"isPartOf\":{\"@id\":\"https:\\\/\\\/lospoliticosveracruz.com\\\/?p=160388\"},\"author\":{\"name\":\"Lo viste en Los Pol\u00edticos\",\"@id\":\"https:\\\/\\\/lospoliticosveracruz.com\\\/#\\\/schema\\\/person\\\/b8702bb0e538456e6efd07080bf2a4a2\"},\"headline\":\"UNEN FUERZAS Y ESFUERZOS!\",\"datePublished\":\"2026-01-14T19:21:10+00:00\",\"dateModified\":\"2026-01-14T19:21:11+00:00\",\"mainEntityOfPage\":{\"@id\":\"https:\\\/\\\/lospoliticosveracruz.com\\\/?p=160388\"},\"wordCount\":127,\"publisher\":{\"@id\":\"https:\\\/\\\/lospoliticosveracruz.com\\\/#organization\"},\"image\":{\"@id\":\"https:\\\/\\\/lospoliticosveracruz.com\\\/?p=160388#primaryimage\"},\"thumbnailUrl\":\"https:\\\/\\\/lospoliticosveracruz.com\\\/wp-content\\\/uploads\\\/2026\\\/01\\\/Lisbeth-Aurelia-Jimenez-Aguirre-Fiscal-General-Alma-Rosa-Flores-Ceballos-Poder-Judicial.jpeg\",\"keywords\":[\"Alma Rosa Flores Ceballos Poder Judicial\",\"Capacitaci\u00f3n judicial e intercambio de informaci\u00f3n Veracruz\",\"Colaboraci\u00f3n FGE y Poder Judicial del Estado\",\"FGE Veracruz Poder Judicial Convenio Marco\",\"Justicia eficiente y transparente Veracruz 2026\",\"Lisbeth Aurelia Jim\u00e9nez Aguirre Fiscal General\",\"Procuraci\u00f3n y administraci\u00f3n de justicia Veracruz 2026\"],\"articleSection\":[\"La Ley y el Orden\"],\"inLanguage\":\"es\"},{\"@type\":\"WebPage\",\"@id\":\"https:\\\/\\\/lospoliticosveracruz.com\\\/?p=160388\",\"url\":\"https:\\\/\\\/lospoliticosveracruz.com\\\/?p=160388\",\"name\":\"UNEN FUERZAS Y ESFUERZOS! - Los pol\u00edticos Veracruz\",\"isPartOf\":{\"@id\":\"https:\\\/\\\/lospoliticosveracruz.com\\\/#website\"},\"primaryImageOfPage\":{\"@id\":\"https:\\\/\\\/lospoliticosveracruz.com\\\/?p=160388#primaryimage\"},\"image\":{\"@id\":\"https:\\\/\\\/lospoliticosveracruz.com\\\/?p=160388#primaryimage\"},\"thumbnailUrl\":\"https:\\\/\\\/lospoliticosveracruz.com\\\/wp-content\\\/uploads\\\/2026\\\/01\\\/Lisbeth-Aurelia-Jimenez-Aguirre-Fiscal-General-Alma-Rosa-Flores-Ceballos-Poder-Judicial.jpeg\",\"datePublished\":\"2026-01-14T19:21:10+00:00\",\"dateModified\":\"2026-01-14T19:21:11+00:00\",\"breadcrumb\":{\"@id\":\"https:\\\/\\\/lospoliticosveracruz.com\\\/?p=160388#breadcrumb\"},\"inLanguage\":\"es\",\"potentialAction\":[{\"@type\":\"ReadAction\",\"target\":[\"https:\\\/\\\/lospoliticosveracruz.com\\\/?p=160388\"]}]},{\"@type\":\"ImageObject\",\"inLanguage\":\"es\",\"@id\":\"https:\\\/\\\/lospoliticosveracruz.com\\\/?p=160388#primaryimage\",\"url\":\"https:\\\/\\\/lospoliticosveracruz.com\\\/wp-content\\\/uploads\\\/2026\\\/01\\\/Lisbeth-Aurelia-Jimenez-Aguirre-Fiscal-General-Alma-Rosa-Flores-Ceballos-Poder-Judicial.jpeg\",\"contentUrl\":\"https:\\\/\\\/lospoliticosveracruz.com\\\/wp-content\\\/uploads\\\/2026\\\/01\\\/Lisbeth-Aurelia-Jimenez-Aguirre-Fiscal-General-Alma-Rosa-Flores-Ceballos-Poder-Judicial.jpeg\",\"width\":600,\"height\":320},{\"@type\":\"BreadcrumbList\",\"@id\":\"https:\\\/\\\/lospoliticosveracruz.com\\\/?p=160388#breadcrumb\",\"itemListElement\":[{\"@type\":\"ListItem\",\"position\":1,\"name\":\"Portada\",\"item\":\"https:\\\/\\\/lospoliticosveracruz.com\\\/\"},{\"@type\":\"ListItem\",\"position\":2,\"name\":\"UNEN FUERZAS Y ESFUERZOS!\"}]},{\"@type\":\"WebSite\",\"@id\":\"https:\\\/\\\/lospoliticosveracruz.com\\\/#website\",\"url\":\"https:\\\/\\\/lospoliticosveracruz.com\\\/\",\"name\":\"Los pol\u00edticos Veracruz\",\"description\":\"\",\"publisher\":{\"@id\":\"https:\\\/\\\/lospoliticosveracruz.com\\\/#organization\"},\"potentialAction\":[{\"@type\":\"SearchAction\",\"target\":{\"@type\":\"EntryPoint\",\"urlTemplate\":\"https:\\\/\\\/lospoliticosveracruz.com\\\/?s={search_term_string}\"},\"query-input\":{\"@type\":\"PropertyValueSpecification\",\"valueRequired\":true,\"valueName\":\"search_term_string\"}}],\"inLanguage\":\"es\"},{\"@type\":\"Organization\",\"@id\":\"https:\\\/\\\/lospoliticosveracruz.com\\\/#organization\",\"name\":\"Los pol\u00edticos Veracruz\",\"url\":\"https:\\\/\\\/lospoliticosveracruz.com\\\/\",\"logo\":{\"@type\":\"ImageObject\",\"inLanguage\":\"es\",\"@id\":\"https:\\\/\\\/lospoliticosveracruz.com\\\/#\\\/schema\\\/logo\\\/image\\\/\",\"url\":\"https:\\\/\\\/lospoliticosveracruz.com\\\/wp-content\\\/uploads\\\/2025\\\/12\\\/Logo-Nuevo-LOS-POLITICOS-1.jpg\",\"contentUrl\":\"https:\\\/\\\/lospoliticosveracruz.com\\\/wp-content\\\/uploads\\\/2025\\\/12\\\/Logo-Nuevo-LOS-POLITICOS-1.jpg\",\"width\":260,\"height\":70,\"caption\":\"Los pol\u00edticos Veracruz\"},\"image\":{\"@id\":\"https:\\\/\\\/lospoliticosveracruz.com\\\/#\\\/schema\\\/logo\\\/image\\\/\"},\"sameAs\":[\"https:\\\/\\\/www.facebook.com\\\/people\\\/Notimemes-de-los-Polticos\\\/61565672886568\\\/\",\"https:\\\/\\\/x.com\\\/LosPoliticosVer\"]},{\"@type\":\"Person\",\"@id\":\"https:\\\/\\\/lospoliticosveracruz.com\\\/#\\\/schema\\\/person\\\/b8702bb0e538456e6efd07080bf2a4a2\",\"name\":\"Lo viste en Los Pol\u00edticos\",\"image\":{\"@type\":\"ImageObject\",\"inLanguage\":\"es\",\"@id\":\"https:\\\/\\\/secure.gravatar.com\\\/avatar\\\/3a8de04a2656d44082be478bd6c086daa447c4651605818287b9532d3d0bd435?s=96&d=mm&r=g\",\"url\":\"https:\\\/\\\/secure.gravatar.com\\\/avatar\\\/3a8de04a2656d44082be478bd6c086daa447c4651605818287b9532d3d0bd435?s=96&d=mm&r=g\",\"contentUrl\":\"https:\\\/\\\/secure.gravatar.com\\\/avatar\\\/3a8de04a2656d44082be478bd6c086daa447c4651605818287b9532d3d0bd435?s=96&d=mm&r=g\",\"caption\":\"Lo viste en Los Pol\u00edticos\"},\"url\":\"https:\\\/\\\/lospoliticosveracruz.com\\\/?author=2\"}]}<\/script>\n<!-- \/ Yoast SEO plugin. -->","yoast_head_json":{"title":"UNEN FUERZAS Y ESFUERZOS! - Los pol\u00edticos Veracruz","robots":{"index":"index","follow":"follow","max-snippet":"max-snippet:-1","max-image-preview":"max-image-preview:large","max-video-preview":"max-video-preview:-1"},"canonical":"https:\/\/lospoliticosveracruz.com\/?p=160388","og_locale":"es_ES","og_type":"article","og_title":"UNEN FUERZAS Y ESFUERZOS! - Los pol\u00edticos Veracruz","og_description":"La Fiscal General del Estado, Lisbeth Aurelia Jim\u00e9nez Aguirre, particip\u00f3 en la firma del Convenio Marco de Coordinaci\u00f3n con el \u00d3rgano de Administraci\u00f3n Judicial del Poder Judicial del Estado de Veracruz, representado por su presidenta, Alma Rosa Flores Ceballos. Este acuerdo establece las bases para el dise\u00f1o e implementaci\u00f3n de instrumentos espec\u00edficos que permitir\u00e1n el [&hellip;]","og_url":"https:\/\/lospoliticosveracruz.com\/?p=160388","og_site_name":"Los pol\u00edticos Veracruz","article_publisher":"https:\/\/www.facebook.com\/people\/Notimemes-de-los-Polticos\/61565672886568\/","article_published_time":"2026-01-14T19:21:10+00:00","article_modified_time":"2026-01-14T19:21:11+00:00","og_image":[{"width":600,"height":320,"url":"https:\/\/lospoliticosveracruz.com\/wp-content\/uploads\/2026\/01\/Lisbeth-Aurelia-Jimenez-Aguirre-Fiscal-General-Alma-Rosa-Flores-Ceballos-Poder-Judicial.jpeg","type":"image\/jpeg"}],"author":"Lo viste en Los Pol\u00edticos","twitter_card":"summary_large_image","twitter_creator":"@LosPoliticosVer","twitter_site":"@LosPoliticosVer","twitter_misc":{"Escrito por":"Lo viste en Los Pol\u00edticos","Tiempo de lectura":"1 minuto"},"schema":{"@context":"https:\/\/schema.org","@graph":[{"@type":"Article","@id":"https:\/\/lospoliticosveracruz.com\/?p=160388#article","isPartOf":{"@id":"https:\/\/lospoliticosveracruz.com\/?p=160388"},"author":{"name":"Lo viste en Los Pol\u00edticos","@id":"https:\/\/lospoliticosveracruz.com\/#\/schema\/person\/b8702bb0e538456e6efd07080bf2a4a2"},"headline":"UNEN FUERZAS Y ESFUERZOS!","datePublished":"2026-01-14T19:21:10+00:00","dateModified":"2026-01-14T19:21:11+00:00","mainEntityOfPage":{"@id":"https:\/\/lospoliticosveracruz.com\/?p=160388"},"wordCount":127,"publisher":{"@id":"https:\/\/lospoliticosveracruz.com\/#organization"},"image":{"@id":"https:\/\/lospoliticosveracruz.com\/?p=160388#primaryimage"},"thumbnailUrl":"https:\/\/lospoliticosveracruz.com\/wp-content\/uploads\/2026\/01\/Lisbeth-Aurelia-Jimenez-Aguirre-Fiscal-General-Alma-Rosa-Flores-Ceballos-Poder-Judicial.jpeg","keywords":["Alma Rosa Flores Ceballos Poder Judicial","Capacitaci\u00f3n judicial e intercambio de informaci\u00f3n Veracruz","Colaboraci\u00f3n FGE y Poder Judicial del Estado","FGE Veracruz Poder Judicial Convenio Marco","Justicia eficiente y transparente Veracruz 2026","Lisbeth Aurelia Jim\u00e9nez Aguirre Fiscal General","Procuraci\u00f3n y administraci\u00f3n de justicia Veracruz 2026"],"articleSection":["La Ley y el Orden"],"inLanguage":"es"},{"@type":"WebPage","@id":"https:\/\/lospoliticosveracruz.com\/?p=160388","url":"https:\/\/lospoliticosveracruz.com\/?p=160388","name":"UNEN FUERZAS Y ESFUERZOS! - Los pol\u00edticos Veracruz","isPartOf":{"@id":"https:\/\/lospoliticosveracruz.com\/#website"},"primaryImageOfPage":{"@id":"https:\/\/lospoliticosveracruz.com\/?p=160388#primaryimage"},"image":{"@id":"https:\/\/lospoliticosveracruz.com\/?p=160388#primaryimage"},"thumbnailUrl":"https:\/\/lospoliticosveracruz.com\/wp-content\/uploads\/2026\/01\/Lisbeth-Aurelia-Jimenez-Aguirre-Fiscal-General-Alma-Rosa-Flores-Ceballos-Poder-Judicial.jpeg","datePublished":"2026-01-14T19:21:10+00:00","dateModified":"2026-01-14T19:21:11+00:00","breadcrumb":{"@id":"https:\/\/lospoliticosveracruz.com\/?p=160388#breadcrumb"},"inLanguage":"es","potentialAction":[{"@type":"ReadAction","target":["https:\/\/lospoliticosveracruz.com\/?p=160388"]}]},{"@type":"ImageObject","inLanguage":"es","@id":"https:\/\/lospoliticosveracruz.com\/?p=160388#primaryimage","url":"https:\/\/lospoliticosveracruz.com\/wp-content\/uploads\/2026\/01\/Lisbeth-Aurelia-Jimenez-Aguirre-Fiscal-General-Alma-Rosa-Flores-Ceballos-Poder-Judicial.jpeg","contentUrl":"https:\/\/lospoliticosveracruz.com\/wp-content\/uploads\/2026\/01\/Lisbeth-Aurelia-Jimenez-Aguirre-Fiscal-General-Alma-Rosa-Flores-Ceballos-Poder-Judicial.jpeg","width":600,"height":320},{"@type":"BreadcrumbList","@id":"https:\/\/lospoliticosveracruz.com\/?p=160388#breadcrumb","itemListElement":[{"@type":"ListItem","position":1,"name":"Portada","item":"https:\/\/lospoliticosveracruz.com\/"},{"@type":"ListItem","position":2,"name":"UNEN FUERZAS Y ESFUERZOS!"}]},{"@type":"WebSite","@id":"https:\/\/lospoliticosveracruz.com\/#website","url":"https:\/\/lospoliticosveracruz.com\/","name":"Los pol\u00edticos Veracruz","description":"","publisher":{"@id":"https:\/\/lospoliticosveracruz.com\/#organization"},"potentialAction":[{"@type":"SearchAction","target":{"@type":"EntryPoint","urlTemplate":"https:\/\/lospoliticosveracruz.com\/?s={search_term_string}"},"query-input":{"@type":"PropertyValueSpecification","valueRequired":true,"valueName":"search_term_string"}}],"inLanguage":"es"},{"@type":"Organization","@id":"https:\/\/lospoliticosveracruz.com\/#organization","name":"Los pol\u00edticos Veracruz","url":"https:\/\/lospoliticosveracruz.com\/","logo":{"@type":"ImageObject","inLanguage":"es","@id":"https:\/\/lospoliticosveracruz.com\/#\/schema\/logo\/image\/","url":"https:\/\/lospoliticosveracruz.com\/wp-content\/uploads\/2025\/12\/Logo-Nuevo-LOS-POLITICOS-1.jpg","contentUrl":"https:\/\/lospoliticosveracruz.com\/wp-content\/uploads\/2025\/12\/Logo-Nuevo-LOS-POLITICOS-1.jpg","width":260,"height":70,"caption":"Los pol\u00edticos Veracruz"},"image":{"@id":"https:\/\/lospoliticosveracruz.com\/#\/schema\/logo\/image\/"},"sameAs":["https:\/\/www.facebook.com\/people\/Notimemes-de-los-Polticos\/61565672886568\/","https:\/\/x.com\/LosPoliticosVer"]},{"@type":"Person","@id":"https:\/\/lospoliticosveracruz.com\/#\/schema\/person\/b8702bb0e538456e6efd07080bf2a4a2","name":"Lo viste en Los Pol\u00edticos","image":{"@type":"ImageObject","inLanguage":"es","@id":"https:\/\/secure.gravatar.com\/avatar\/3a8de04a2656d44082be478bd6c086daa447c4651605818287b9532d3d0bd435?s=96&d=mm&r=g","url":"https:\/\/secure.gravatar.com\/avatar\/3a8de04a2656d44082be478bd6c086daa447c4651605818287b9532d3d0bd435?s=96&d=mm&r=g","contentUrl":"https:\/\/secure.gravatar.com\/avatar\/3a8de04a2656d44082be478bd6c086daa447c4651605818287b9532d3d0bd435?s=96&d=mm&r=g","caption":"Lo viste en Los Pol\u00edticos"},"url":"https:\/\/lospoliticosveracruz.com\/?author=2"}]}},"_links":{"self":[{"href":"https:\/\/lospoliticosveracruz.com\/index.php?rest_route=\/wp\/v2\/posts\/160388","targetHints":{"allow":["GET"]}}],"collection":[{"href":"https:\/\/lospoliticosveracruz.com\/index.php?rest_route=\/wp\/v2\/posts"}],"about":[{"href":"https:\/\/lospoliticosveracruz.com\/index.php?rest_route=\/wp\/v2\/types\/post"}],"author":[{"embeddable":true,"href":"https:\/\/lospoliticosveracruz.com\/index.php?rest_route=\/wp\/v2\/users\/2"}],"replies":[{"embeddable":true,"href":"https:\/\/lospoliticosveracruz.com\/index.php?rest_route=%2Fwp%2Fv2%2Fcomments&post=160388"}],"version-history":[{"count":1,"href":"https:\/\/lospoliticosveracruz.com\/index.php?rest_route=\/wp\/v2\/posts\/160388\/revisions"}],"predecessor-version":[{"id":160390,"href":"https:\/\/lospoliticosveracruz.com\/index.php?rest_route=\/wp\/v2\/posts\/160388\/revisions\/160390"}],"wp:featuredmedia":[{"embeddable":true,"href":"https:\/\/lospoliticosveracruz.com\/index.php?rest_route=\/wp\/v2\/media\/160389"}],"wp:attachment":[{"href":"https:\/\/lospoliticosveracruz.com\/index.php?rest_route=%2Fwp%2Fv2%2Fmedia&parent=160388"}],"wp:term":[{"taxonomy":"category","embeddable":true,"href":"https:\/\/lospoliticosveracruz.com\/index.php?rest_route=%2Fwp%2Fv2%2Fcategories&post=160388"},{"taxonomy":"post_tag","embeddable":true,"href":"https:\/\/lospoliticosveracruz.com\/index.php?rest_route=%2Fwp%2Fv2%2Ftags&post=160388"}],"curies":[{"name":"wp","href":"https:\/\/api.w.org\/{rel}","templated":true}]}}