{"id":160447,"date":"2026-01-14T20:58:13","date_gmt":"2026-01-15T02:58:13","guid":{"rendered":"https:\/\/lospoliticosveracruz.com\/?p=160447"},"modified":"2026-01-14T20:58:14","modified_gmt":"2026-01-15T02:58:14","slug":"presidenta-en-la-boleta-para-ganar","status":"publish","type":"post","link":"https:\/\/lospoliticosveracruz.com\/?p=160447","title":{"rendered":"PRESIDENTA EN LA BOLETA PARA GANAR"},"content":{"rendered":"\n<p>S\u00edguenos ahora tambi\u00e9n en WhatsApp.\u00a0\u00a1<a href=\"https:\/\/whatsapp.com\/channel\/0029Va8zRWlEKyZIP3Z1dF0e\"><strong>Da clic aqu\u00ed<\/strong><\/a><strong>!<\/strong><\/p>\n\n\n\n<p><strong>Carlos Miguel Acosta Bravo*<br><\/strong><em>Impronta<\/em><\/p>\n\n\n\n<p>Incluir la revocaci\u00f3n de mandato de la presidenta Claudia Sheinbaum en la boleta de las elecciones intermedias de 2027 \u2014junto a la eliminaci\u00f3n del fuero para diputados federales, senadores, locales y gobernadores, y la elecci\u00f3n de 17 gobernadores\u2014 generar\u00eda una jornada electoral masiva que podr\u00eda consolidar el poder de Morena, pero con altos riesgos de polarizaci\u00f3n y judicializaci\u00f3n. La Reforma Electoral, en an\u00e1lisis de Ricardo Monreal, reformar\u00eda los arts. 35, 61, 108, 111, 116 y 122 constitucionales para empatar estos elementos, elevando la participaci\u00f3n v\u00eda \u00abefecto arrastre\u00bb de Sheinbaum, pues cuenta con una alta aprobaci\u00f3n ciudadana superior al 70%.<\/p>\n\n\n\n\n\n<p><br>Las implicaciones econ\u00f3micas, podr\u00edan ser una mayor volatilidad por incertidumbre pol\u00edtica, pues una concentraci\u00f3n de poder en Morena, quien contin\u00faa acelerando importantes y controvertidas reformas como la segunda parte de integrantes del poder judicial, as\u00ed como la reforma energ\u00e9tica, misma que podr\u00eda seguir desincentivando la inversi\u00f3n extranjera directa y elevando las primas de riesgo por la incertidumbre para invertir, que a juicio riesgo de la Consultora Integralia, continuar\u00eda increment\u00e1ndose. Con 17 gubernaturas en juego, las disputas locales podr\u00edan frenar proyectos regionales, impactando el crecimiento econ\u00f3mico de hasta 1% PIB en el bienio 2027-28.<br>Las implicaciones pol\u00edticas dan una ventaja importante a Morena, en consideraci\u00f3n a que Sheinbaum act\u00faa como \u00abmotor\u00bb para arrasar en la elecci\u00f3n de diputados, gobernadores, as\u00ed como en comicios judiciales, legitimando hegemon\u00eda y debilitando a\u00fan m\u00e1s a la casi inexistente oposici\u00f3n.<br>Los riesgos podr\u00edan significar una baja participaci\u00f3n, incluso menor al 10% como lo fue la elecci\u00f3n del poder judicial en 2024, si la revocaci\u00f3n se percibe como ratificatoria\u00bb, podr\u00eda significar fracturas en los partidos aliados como el Partido del Trabajo y el Verde Ecologista, lo cual podr\u00eda llevar incluso a la judicializaci\u00f3n que ser\u00eda presentada por la oposici\u00f3n.<br>El efecto eliminaci\u00f3n del fuero constitucional podr\u00eda incluir\/afectar hasta a 1,000 funcionarios. Sin embargo, la selectividad percibida podr\u00eda erosionar a\u00fan m\u00e1s la confianza institucional. En el caso particular de los gobernadores (17 en elecci\u00f3n) podr\u00eda colocarlos en una situaci\u00f3n de mayor vigilancia e incluso fr\u00e1gilidad, pues estar\u00edan enfrentando mayor vulnerabilidad, potenciando litigios post-electorales.<br>El impacto en confianza al reafirmarse un hiperpresidencialismo que polariza, eleva el riesgo pol\u00edtico, uno de los 10 puntos m\u00e1s importantes considerados por Integralia para el a\u00f1o 2026, reduce certidumbre para inversionistas y frena contrapesos democr\u00e1ticos. Los partidos de oposici\u00f3n: PAN, PRI y MC rechazan como \u00absupervivencia pol\u00edtica\u00bb, previendo la pulverizaci\u00f3n de la oposici\u00f3n.<br>La propuesta de Reforma Electoral 2026, que incluye revocaci\u00f3n de mandato de Sheinbaum, eliminaci\u00f3n de fuero y superelecci\u00f3n en 2027 (17 gobernadores, 31 congresos locales, alcald\u00edas en 30 estados), genera cr\u00edticas por inoportunidad ante tensiones EE.UU.-M\u00e9xico, en medio de la negociaci\u00f3n comercial del TMEC. Con declaraciones del presidente Donald Trump, en el sentido de que a EU no le importa el acuerdo y por otro lado, la detenci\u00f3n del presidente Nicol\u00e1s Maduro (14 enero 2026), mismo que ha sido interpretado como se\u00f1al contra autoritarismos. Los partidos opositores ven retroceso democr\u00e1tico al eliminar autonom\u00eda INE, convirtiendo consejeros en funcionarios dependientes de Morena.<br>La inoportunidad geopol\u00edtica refleja tensiones bilaterales (aranceles impuestos por Trump por temas como muertes por fentanilo, migraci\u00f3n ilegal, y el bloqueo a Cuba) en donde incluso le est\u00e1n solicitando a M\u00e9xico suspender la ministraci\u00f3n de petr\u00f3leo y combustibles a la Isla. Tambi\u00e9n destaca la \u00abadvertencia estrat\u00e9gica\u00bb post-Maduro, que elevan la percepci\u00f3n de debilidad institucional; reforma percibida como \u00abLey Maduro\u00bb que agrava riesgos para la continuidad del TMEC y calificaciones soberanas, que pueden sonar bien en el discurso, pero que no agradan al poderoso presidente estadounidense Donald Trump.<br>En cuanto al retroceso por la p\u00e9rdida de la autonom\u00eda del INE, el coordinador Presidencial Pablo G\u00f3mez y a la vez coordinador del partido oficial Morena, quien rechaz\u00f3 continuar con la autonom\u00eda plena del INE, ha estado proponiendo un presupuesto atado al PIB y que los Consejeros sean nombrados por el Poder Ejecutivo y por el poder Legislativo con mayor\u00eda oficialista, subordin\u00e1ndolos as\u00ed al gobierno de Morena y facilitando elecciones \u00abcontroladas\u00bb. Esto pulverizar\u00eda contrapesos, afectando elecciones libres en superelecci\u00f3n 2027 lo cual significar\u00eda una mayor complejidad log\u00edstica, tan solo por el n\u00famero de boletas electorales.La Reforma acelera la incertidumbre en los pr\u00f3ximos a\u00f1os 2026-27, y la inoportuna reforma electoral estar\u00eda priorizando la ideolog\u00eda y el control sobre la estabilidad y el desarrollo del pa\u00eds.<\/p>\n\n\n\n<p>Comente u opine a:<br>cacostabravo@yahoo.com.mx<\/p>\n\n\n\n<p>*Maestro en comunicaci\u00f3n por la Universidad Iberoamericana, de la cual form\u00f3 parte del cuerpo acad\u00e9mico de la Licenciatura en comunicaci\u00f3n, as\u00ed como de la Universidad An\u00e1huac, camp\u00fas norte de CDMX.<\/p>\n","protected":false},"excerpt":{"rendered":"<p>Carlos Miguel Acosta Bravo*Impronta Incluir la revocaci\u00f3n de mandato de la presidenta Claudia Sheinbaum en la boleta de las elecciones intermedias de 2027 \u2014junto a la eliminaci\u00f3n del fuero para diputados federales, senadores, locales y gobernadores, y la elecci\u00f3n de 17 gobernadores\u2014 generar\u00eda una jornada electoral masiva que podr\u00eda consolidar el poder de Morena, pero [&hellip;]<\/p>\n","protected":false},"author":2,"featured_media":141377,"comment_status":"closed","ping_status":"closed","sticky":false,"template":"","format":"standard","meta":{"tdm_status":"","tdm_grid_status":"","footnotes":""},"categories":[70],"tags":[50214,50217,50215,50218,50212,50216,50213],"class_list":{"0":"post-160447","1":"post","2":"type-post","3":"status-publish","4":"format-standard","5":"has-post-thumbnail","7":"category-de-opinion","8":"tag-autonomia-del-ine-reforma-2026-morena","9":"tag-carlos-miguel-acosta-bravo-impronta-columna","10":"tag-eliminacion-de-fuero-constitucional-legisladores-mexico","11":"tag-impacto-economico-elecciones-intermedias-2027-mexico","12":"tag-reforma-electoral-mexico-2026-sheinbaum","13":"tag-revocacion-de-mandato-claudia-sheinbaum-2027","14":"tag-riesgos-politicos-integralia-mexico-2026"},"yoast_head":"<!-- This site is optimized with the Yoast SEO plugin v27.4 - https:\/\/yoast.com\/product\/yoast-seo-wordpress\/ -->\n<title>PRESIDENTA EN LA BOLETA PARA GANAR - Los pol\u00edticos Veracruz<\/title>\n<meta name=\"robots\" content=\"index, follow, max-snippet:-1, max-image-preview:large, max-video-preview:-1\" \/>\n<link rel=\"canonical\" href=\"https:\/\/lospoliticosveracruz.com\/?p=160447\" \/>\n<meta property=\"og:locale\" content=\"es_ES\" \/>\n<meta property=\"og:type\" content=\"article\" \/>\n<meta property=\"og:title\" content=\"PRESIDENTA EN LA BOLETA PARA GANAR - Los pol\u00edticos Veracruz\" \/>\n<meta property=\"og:description\" content=\"Carlos Miguel Acosta Bravo*Impronta Incluir la revocaci\u00f3n de mandato de la presidenta Claudia Sheinbaum en la boleta de las elecciones intermedias de 2027 \u2014junto a la eliminaci\u00f3n del fuero para diputados federales, senadores, locales y gobernadores, y la elecci\u00f3n de 17 gobernadores\u2014 generar\u00eda una jornada electoral masiva que podr\u00eda consolidar el poder de Morena, pero [&hellip;]\" \/>\n<meta property=\"og:url\" content=\"https:\/\/lospoliticosveracruz.com\/?p=160447\" \/>\n<meta property=\"og:site_name\" content=\"Los pol\u00edticos Veracruz\" \/>\n<meta property=\"article:publisher\" content=\"https:\/\/www.facebook.com\/people\/Notimemes-de-los-Polticos\/61565672886568\/\" \/>\n<meta property=\"article:published_time\" content=\"2026-01-15T02:58:13+00:00\" \/>\n<meta property=\"article:modified_time\" content=\"2026-01-15T02:58:14+00:00\" \/>\n<meta property=\"og:image\" content=\"https:\/\/lospoliticosveracruz.com\/wp-content\/uploads\/2025\/04\/Carlos-Miguel-Acosta-Bravo.jpg\" \/>\n\t<meta property=\"og:image:width\" content=\"1250\" \/>\n\t<meta property=\"og:image:height\" content=\"667\" \/>\n\t<meta property=\"og:image:type\" content=\"image\/jpeg\" \/>\n<meta name=\"author\" content=\"Lo viste en Los Pol\u00edticos\" \/>\n<meta name=\"twitter:card\" content=\"summary_large_image\" \/>\n<meta name=\"twitter:creator\" content=\"@LosPoliticosVer\" \/>\n<meta name=\"twitter:site\" content=\"@LosPoliticosVer\" \/>\n<meta name=\"twitter:label1\" content=\"Escrito por\" \/>\n\t<meta name=\"twitter:data1\" content=\"Lo viste en Los Pol\u00edticos\" \/>\n\t<meta name=\"twitter:label2\" content=\"Tiempo de lectura\" \/>\n\t<meta name=\"twitter:data2\" content=\"4 minutos\" \/>\n<script type=\"application\/ld+json\" class=\"yoast-schema-graph\">{\"@context\":\"https:\\\/\\\/schema.org\",\"@graph\":[{\"@type\":\"Article\",\"@id\":\"https:\\\/\\\/lospoliticosveracruz.com\\\/?p=160447#article\",\"isPartOf\":{\"@id\":\"https:\\\/\\\/lospoliticosveracruz.com\\\/?p=160447\"},\"author\":{\"name\":\"Lo viste en Los Pol\u00edticos\",\"@id\":\"https:\\\/\\\/lospoliticosveracruz.com\\\/#\\\/schema\\\/person\\\/b8702bb0e538456e6efd07080bf2a4a2\"},\"headline\":\"PRESIDENTA EN LA BOLETA PARA GANAR\",\"datePublished\":\"2026-01-15T02:58:13+00:00\",\"dateModified\":\"2026-01-15T02:58:14+00:00\",\"mainEntityOfPage\":{\"@id\":\"https:\\\/\\\/lospoliticosveracruz.com\\\/?p=160447\"},\"wordCount\":839,\"publisher\":{\"@id\":\"https:\\\/\\\/lospoliticosveracruz.com\\\/#organization\"},\"image\":{\"@id\":\"https:\\\/\\\/lospoliticosveracruz.com\\\/?p=160447#primaryimage\"},\"thumbnailUrl\":\"https:\\\/\\\/lospoliticosveracruz.com\\\/wp-content\\\/uploads\\\/2025\\\/04\\\/Carlos-Miguel-Acosta-Bravo.jpg\",\"keywords\":[\"Autonom\u00eda del INE reforma 2026 Morena\",\"Carlos Miguel Acosta Bravo Impronta columna\",\"Eliminaci\u00f3n de fuero constitucional legisladores M\u00e9xico\",\"Impacto econ\u00f3mico elecciones intermedias 2027 M\u00e9xico\",\"Reforma Electoral M\u00e9xico 2026 Sheinbaum\",\"Revocaci\u00f3n de mandato Claudia Sheinbaum 2027\",\"Riesgos pol\u00edticos Integralia M\u00e9xico 2026\"],\"articleSection\":[\"De Opini\u00f3n\"],\"inLanguage\":\"es\"},{\"@type\":\"WebPage\",\"@id\":\"https:\\\/\\\/lospoliticosveracruz.com\\\/?p=160447\",\"url\":\"https:\\\/\\\/lospoliticosveracruz.com\\\/?p=160447\",\"name\":\"PRESIDENTA EN LA BOLETA PARA GANAR - Los pol\u00edticos Veracruz\",\"isPartOf\":{\"@id\":\"https:\\\/\\\/lospoliticosveracruz.com\\\/#website\"},\"primaryImageOfPage\":{\"@id\":\"https:\\\/\\\/lospoliticosveracruz.com\\\/?p=160447#primaryimage\"},\"image\":{\"@id\":\"https:\\\/\\\/lospoliticosveracruz.com\\\/?p=160447#primaryimage\"},\"thumbnailUrl\":\"https:\\\/\\\/lospoliticosveracruz.com\\\/wp-content\\\/uploads\\\/2025\\\/04\\\/Carlos-Miguel-Acosta-Bravo.jpg\",\"datePublished\":\"2026-01-15T02:58:13+00:00\",\"dateModified\":\"2026-01-15T02:58:14+00:00\",\"breadcrumb\":{\"@id\":\"https:\\\/\\\/lospoliticosveracruz.com\\\/?p=160447#breadcrumb\"},\"inLanguage\":\"es\",\"potentialAction\":[{\"@type\":\"ReadAction\",\"target\":[\"https:\\\/\\\/lospoliticosveracruz.com\\\/?p=160447\"]}]},{\"@type\":\"ImageObject\",\"inLanguage\":\"es\",\"@id\":\"https:\\\/\\\/lospoliticosveracruz.com\\\/?p=160447#primaryimage\",\"url\":\"https:\\\/\\\/lospoliticosveracruz.com\\\/wp-content\\\/uploads\\\/2025\\\/04\\\/Carlos-Miguel-Acosta-Bravo.jpg\",\"contentUrl\":\"https:\\\/\\\/lospoliticosveracruz.com\\\/wp-content\\\/uploads\\\/2025\\\/04\\\/Carlos-Miguel-Acosta-Bravo.jpg\",\"width\":1250,\"height\":667},{\"@type\":\"BreadcrumbList\",\"@id\":\"https:\\\/\\\/lospoliticosveracruz.com\\\/?p=160447#breadcrumb\",\"itemListElement\":[{\"@type\":\"ListItem\",\"position\":1,\"name\":\"Portada\",\"item\":\"https:\\\/\\\/lospoliticosveracruz.com\\\/\"},{\"@type\":\"ListItem\",\"position\":2,\"name\":\"PRESIDENTA EN LA BOLETA PARA GANAR\"}]},{\"@type\":\"WebSite\",\"@id\":\"https:\\\/\\\/lospoliticosveracruz.com\\\/#website\",\"url\":\"https:\\\/\\\/lospoliticosveracruz.com\\\/\",\"name\":\"Los pol\u00edticos Veracruz\",\"description\":\"\",\"publisher\":{\"@id\":\"https:\\\/\\\/lospoliticosveracruz.com\\\/#organization\"},\"potentialAction\":[{\"@type\":\"SearchAction\",\"target\":{\"@type\":\"EntryPoint\",\"urlTemplate\":\"https:\\\/\\\/lospoliticosveracruz.com\\\/?s={search_term_string}\"},\"query-input\":{\"@type\":\"PropertyValueSpecification\",\"valueRequired\":true,\"valueName\":\"search_term_string\"}}],\"inLanguage\":\"es\"},{\"@type\":\"Organization\",\"@id\":\"https:\\\/\\\/lospoliticosveracruz.com\\\/#organization\",\"name\":\"Los pol\u00edticos Veracruz\",\"url\":\"https:\\\/\\\/lospoliticosveracruz.com\\\/\",\"logo\":{\"@type\":\"ImageObject\",\"inLanguage\":\"es\",\"@id\":\"https:\\\/\\\/lospoliticosveracruz.com\\\/#\\\/schema\\\/logo\\\/image\\\/\",\"url\":\"https:\\\/\\\/lospoliticosveracruz.com\\\/wp-content\\\/uploads\\\/2025\\\/12\\\/Logo-Nuevo-LOS-POLITICOS-1.jpg\",\"contentUrl\":\"https:\\\/\\\/lospoliticosveracruz.com\\\/wp-content\\\/uploads\\\/2025\\\/12\\\/Logo-Nuevo-LOS-POLITICOS-1.jpg\",\"width\":260,\"height\":70,\"caption\":\"Los pol\u00edticos Veracruz\"},\"image\":{\"@id\":\"https:\\\/\\\/lospoliticosveracruz.com\\\/#\\\/schema\\\/logo\\\/image\\\/\"},\"sameAs\":[\"https:\\\/\\\/www.facebook.com\\\/people\\\/Notimemes-de-los-Polticos\\\/61565672886568\\\/\",\"https:\\\/\\\/x.com\\\/LosPoliticosVer\"]},{\"@type\":\"Person\",\"@id\":\"https:\\\/\\\/lospoliticosveracruz.com\\\/#\\\/schema\\\/person\\\/b8702bb0e538456e6efd07080bf2a4a2\",\"name\":\"Lo viste en Los Pol\u00edticos\",\"image\":{\"@type\":\"ImageObject\",\"inLanguage\":\"es\",\"@id\":\"https:\\\/\\\/secure.gravatar.com\\\/avatar\\\/3a8de04a2656d44082be478bd6c086daa447c4651605818287b9532d3d0bd435?s=96&d=mm&r=g\",\"url\":\"https:\\\/\\\/secure.gravatar.com\\\/avatar\\\/3a8de04a2656d44082be478bd6c086daa447c4651605818287b9532d3d0bd435?s=96&d=mm&r=g\",\"contentUrl\":\"https:\\\/\\\/secure.gravatar.com\\\/avatar\\\/3a8de04a2656d44082be478bd6c086daa447c4651605818287b9532d3d0bd435?s=96&d=mm&r=g\",\"caption\":\"Lo viste en Los Pol\u00edticos\"},\"url\":\"https:\\\/\\\/lospoliticosveracruz.com\\\/?author=2\"}]}<\/script>\n<!-- \/ Yoast SEO plugin. -->","yoast_head_json":{"title":"PRESIDENTA EN LA BOLETA PARA GANAR - Los pol\u00edticos Veracruz","robots":{"index":"index","follow":"follow","max-snippet":"max-snippet:-1","max-image-preview":"max-image-preview:large","max-video-preview":"max-video-preview:-1"},"canonical":"https:\/\/lospoliticosveracruz.com\/?p=160447","og_locale":"es_ES","og_type":"article","og_title":"PRESIDENTA EN LA BOLETA PARA GANAR - Los pol\u00edticos Veracruz","og_description":"Carlos Miguel Acosta Bravo*Impronta Incluir la revocaci\u00f3n de mandato de la presidenta Claudia Sheinbaum en la boleta de las elecciones intermedias de 2027 \u2014junto a la eliminaci\u00f3n del fuero para diputados federales, senadores, locales y gobernadores, y la elecci\u00f3n de 17 gobernadores\u2014 generar\u00eda una jornada electoral masiva que podr\u00eda consolidar el poder de Morena, pero [&hellip;]","og_url":"https:\/\/lospoliticosveracruz.com\/?p=160447","og_site_name":"Los pol\u00edticos Veracruz","article_publisher":"https:\/\/www.facebook.com\/people\/Notimemes-de-los-Polticos\/61565672886568\/","article_published_time":"2026-01-15T02:58:13+00:00","article_modified_time":"2026-01-15T02:58:14+00:00","og_image":[{"width":1250,"height":667,"url":"https:\/\/lospoliticosveracruz.com\/wp-content\/uploads\/2025\/04\/Carlos-Miguel-Acosta-Bravo.jpg","type":"image\/jpeg"}],"author":"Lo viste en Los Pol\u00edticos","twitter_card":"summary_large_image","twitter_creator":"@LosPoliticosVer","twitter_site":"@LosPoliticosVer","twitter_misc":{"Escrito por":"Lo viste en Los Pol\u00edticos","Tiempo de lectura":"4 minutos"},"schema":{"@context":"https:\/\/schema.org","@graph":[{"@type":"Article","@id":"https:\/\/lospoliticosveracruz.com\/?p=160447#article","isPartOf":{"@id":"https:\/\/lospoliticosveracruz.com\/?p=160447"},"author":{"name":"Lo viste en Los Pol\u00edticos","@id":"https:\/\/lospoliticosveracruz.com\/#\/schema\/person\/b8702bb0e538456e6efd07080bf2a4a2"},"headline":"PRESIDENTA EN LA BOLETA PARA GANAR","datePublished":"2026-01-15T02:58:13+00:00","dateModified":"2026-01-15T02:58:14+00:00","mainEntityOfPage":{"@id":"https:\/\/lospoliticosveracruz.com\/?p=160447"},"wordCount":839,"publisher":{"@id":"https:\/\/lospoliticosveracruz.com\/#organization"},"image":{"@id":"https:\/\/lospoliticosveracruz.com\/?p=160447#primaryimage"},"thumbnailUrl":"https:\/\/lospoliticosveracruz.com\/wp-content\/uploads\/2025\/04\/Carlos-Miguel-Acosta-Bravo.jpg","keywords":["Autonom\u00eda del INE reforma 2026 Morena","Carlos Miguel Acosta Bravo Impronta columna","Eliminaci\u00f3n de fuero constitucional legisladores M\u00e9xico","Impacto econ\u00f3mico elecciones intermedias 2027 M\u00e9xico","Reforma Electoral M\u00e9xico 2026 Sheinbaum","Revocaci\u00f3n de mandato Claudia Sheinbaum 2027","Riesgos pol\u00edticos Integralia M\u00e9xico 2026"],"articleSection":["De Opini\u00f3n"],"inLanguage":"es"},{"@type":"WebPage","@id":"https:\/\/lospoliticosveracruz.com\/?p=160447","url":"https:\/\/lospoliticosveracruz.com\/?p=160447","name":"PRESIDENTA EN LA BOLETA PARA GANAR - Los pol\u00edticos Veracruz","isPartOf":{"@id":"https:\/\/lospoliticosveracruz.com\/#website"},"primaryImageOfPage":{"@id":"https:\/\/lospoliticosveracruz.com\/?p=160447#primaryimage"},"image":{"@id":"https:\/\/lospoliticosveracruz.com\/?p=160447#primaryimage"},"thumbnailUrl":"https:\/\/lospoliticosveracruz.com\/wp-content\/uploads\/2025\/04\/Carlos-Miguel-Acosta-Bravo.jpg","datePublished":"2026-01-15T02:58:13+00:00","dateModified":"2026-01-15T02:58:14+00:00","breadcrumb":{"@id":"https:\/\/lospoliticosveracruz.com\/?p=160447#breadcrumb"},"inLanguage":"es","potentialAction":[{"@type":"ReadAction","target":["https:\/\/lospoliticosveracruz.com\/?p=160447"]}]},{"@type":"ImageObject","inLanguage":"es","@id":"https:\/\/lospoliticosveracruz.com\/?p=160447#primaryimage","url":"https:\/\/lospoliticosveracruz.com\/wp-content\/uploads\/2025\/04\/Carlos-Miguel-Acosta-Bravo.jpg","contentUrl":"https:\/\/lospoliticosveracruz.com\/wp-content\/uploads\/2025\/04\/Carlos-Miguel-Acosta-Bravo.jpg","width":1250,"height":667},{"@type":"BreadcrumbList","@id":"https:\/\/lospoliticosveracruz.com\/?p=160447#breadcrumb","itemListElement":[{"@type":"ListItem","position":1,"name":"Portada","item":"https:\/\/lospoliticosveracruz.com\/"},{"@type":"ListItem","position":2,"name":"PRESIDENTA EN LA BOLETA PARA GANAR"}]},{"@type":"WebSite","@id":"https:\/\/lospoliticosveracruz.com\/#website","url":"https:\/\/lospoliticosveracruz.com\/","name":"Los pol\u00edticos Veracruz","description":"","publisher":{"@id":"https:\/\/lospoliticosveracruz.com\/#organization"},"potentialAction":[{"@type":"SearchAction","target":{"@type":"EntryPoint","urlTemplate":"https:\/\/lospoliticosveracruz.com\/?s={search_term_string}"},"query-input":{"@type":"PropertyValueSpecification","valueRequired":true,"valueName":"search_term_string"}}],"inLanguage":"es"},{"@type":"Organization","@id":"https:\/\/lospoliticosveracruz.com\/#organization","name":"Los pol\u00edticos Veracruz","url":"https:\/\/lospoliticosveracruz.com\/","logo":{"@type":"ImageObject","inLanguage":"es","@id":"https:\/\/lospoliticosveracruz.com\/#\/schema\/logo\/image\/","url":"https:\/\/lospoliticosveracruz.com\/wp-content\/uploads\/2025\/12\/Logo-Nuevo-LOS-POLITICOS-1.jpg","contentUrl":"https:\/\/lospoliticosveracruz.com\/wp-content\/uploads\/2025\/12\/Logo-Nuevo-LOS-POLITICOS-1.jpg","width":260,"height":70,"caption":"Los pol\u00edticos Veracruz"},"image":{"@id":"https:\/\/lospoliticosveracruz.com\/#\/schema\/logo\/image\/"},"sameAs":["https:\/\/www.facebook.com\/people\/Notimemes-de-los-Polticos\/61565672886568\/","https:\/\/x.com\/LosPoliticosVer"]},{"@type":"Person","@id":"https:\/\/lospoliticosveracruz.com\/#\/schema\/person\/b8702bb0e538456e6efd07080bf2a4a2","name":"Lo viste en Los Pol\u00edticos","image":{"@type":"ImageObject","inLanguage":"es","@id":"https:\/\/secure.gravatar.com\/avatar\/3a8de04a2656d44082be478bd6c086daa447c4651605818287b9532d3d0bd435?s=96&d=mm&r=g","url":"https:\/\/secure.gravatar.com\/avatar\/3a8de04a2656d44082be478bd6c086daa447c4651605818287b9532d3d0bd435?s=96&d=mm&r=g","contentUrl":"https:\/\/secure.gravatar.com\/avatar\/3a8de04a2656d44082be478bd6c086daa447c4651605818287b9532d3d0bd435?s=96&d=mm&r=g","caption":"Lo viste en Los Pol\u00edticos"},"url":"https:\/\/lospoliticosveracruz.com\/?author=2"}]}},"_links":{"self":[{"href":"https:\/\/lospoliticosveracruz.com\/index.php?rest_route=\/wp\/v2\/posts\/160447","targetHints":{"allow":["GET"]}}],"collection":[{"href":"https:\/\/lospoliticosveracruz.com\/index.php?rest_route=\/wp\/v2\/posts"}],"about":[{"href":"https:\/\/lospoliticosveracruz.com\/index.php?rest_route=\/wp\/v2\/types\/post"}],"author":[{"embeddable":true,"href":"https:\/\/lospoliticosveracruz.com\/index.php?rest_route=\/wp\/v2\/users\/2"}],"replies":[{"embeddable":true,"href":"https:\/\/lospoliticosveracruz.com\/index.php?rest_route=%2Fwp%2Fv2%2Fcomments&post=160447"}],"version-history":[{"count":1,"href":"https:\/\/lospoliticosveracruz.com\/index.php?rest_route=\/wp\/v2\/posts\/160447\/revisions"}],"predecessor-version":[{"id":160448,"href":"https:\/\/lospoliticosveracruz.com\/index.php?rest_route=\/wp\/v2\/posts\/160447\/revisions\/160448"}],"wp:featuredmedia":[{"embeddable":true,"href":"https:\/\/lospoliticosveracruz.com\/index.php?rest_route=\/wp\/v2\/media\/141377"}],"wp:attachment":[{"href":"https:\/\/lospoliticosveracruz.com\/index.php?rest_route=%2Fwp%2Fv2%2Fmedia&parent=160447"}],"wp:term":[{"taxonomy":"category","embeddable":true,"href":"https:\/\/lospoliticosveracruz.com\/index.php?rest_route=%2Fwp%2Fv2%2Fcategories&post=160447"},{"taxonomy":"post_tag","embeddable":true,"href":"https:\/\/lospoliticosveracruz.com\/index.php?rest_route=%2Fwp%2Fv2%2Ftags&post=160447"}],"curies":[{"name":"wp","href":"https:\/\/api.w.org\/{rel}","templated":true}]}}