{"id":160449,"date":"2026-01-14T21:07:28","date_gmt":"2026-01-15T03:07:28","guid":{"rendered":"https:\/\/lospoliticosveracruz.com\/?p=160449"},"modified":"2026-01-14T21:07:29","modified_gmt":"2026-01-15T03:07:29","slug":"los-chapulines-saltan-en-veracruz","status":"publish","type":"post","link":"https:\/\/lospoliticosveracruz.com\/?p=160449","title":{"rendered":"LOS CHAPULINES SALTAN EN VERACRUZ"},"content":{"rendered":"\n<p>S\u00edguenos ahora tambi\u00e9n en WhatsApp.\u00a0\u00a1<a href=\"https:\/\/whatsapp.com\/channel\/0029Va8zRWlEKyZIP3Z1dF0e\"><strong>Da clic aqu\u00ed<\/strong><\/a><strong>!<\/strong><\/p>\n\n\n\n<p><strong>Jos\u00e9 Luis Enr\u00edquez Ambell<br><\/strong><em>Caf\u00e9 de Ma\u00f1ana<\/em><\/p>\n\n\n\n<p><\/p>\n\n\n\n<p>La serie de mayor \u00e9xito internacional de la televisi\u00f3n mexicana de comedia, creada y protagonizada por don Roberto G\u00f3mez Bola\u00f1os \u2014Chespirito y El Chavo del 8\u2014 en la poblaci\u00f3n de habla hispana y hasta en otros idiomas, viene a la memoria por aquello del Chapul\u00edn Colorado.<\/p>\n\n\n\n<p>Y es que pareciera que, al inicio de las recientes administraciones municipales y en t\u00e9rminos de los cuerpos edilicios, muy pronto apareci\u00f3 una especie de transfuguismo: algunos alcaldes, alcaldesas y ediles que obtuvieron el voto popular y el triunfo electoral a trav\u00e9s de un partido pol\u00edtico ahora pretenden cambiar de afiliaci\u00f3n partidista.<\/p>\n\n\n\n\n\n<p>En materia pol\u00edtico-partidista, como en la parlamentaria, el chapulineo tarde o temprano suele aparecer. Dir\u00eda don Porfirio Mu\u00f1oz Ledo (QEPD): \u201cDon Chaquetas en la pol\u00edtica siempre anda rondando y de buenas a primeras se hace el parecido\u201d, en clara referencia al acto en el que un pol\u00edtico cambia de partido o de ideolog\u00eda \u2014chaqueteo pol\u00edtico\u2014, generalmente por conveniencia personal o grupal, o en busca de mejores cargos p\u00fablicos o candidaturas en el presente o a futuro. Para muchos, esta pr\u00e1ctica representa una especie de traici\u00f3n a los electores, que no votaron solo por una persona, sino por una agenda pol\u00edtica espec\u00edfica.<\/p>\n\n\n\n<p>Casi siempre, el com\u00fan denominador de estos hechos son los berrinches y, en otras ocasiones, los intereses \u2014individuales o colectivos\u2014, pero tambi\u00e9n destaca la negaci\u00f3n a seguir sometidos a determinados liderazgos sociales o pol\u00edticos que ya no les representan inter\u00e9s, respeto o jerarqu\u00eda.<\/p>\n\n\n\n<p>Los tiempos electorales que ya est\u00e1n en la agenda de los partidos, frente a la inminente reforma electoral, favorecen que el chapulineo se active. Adem\u00e1s, genera morbo e inter\u00e9s en el tablero de la democracia al estilo de la pol\u00edtica jarocha, ahora que est\u00e1 en juego la prevalencia o desaparici\u00f3n de alianzas y coaliciones del pasado reciente frente a un devenir no lejano.<\/p>\n\n\n\n<p>En la arena pol\u00edtico-electoral, y tambi\u00e9n con las autoridades ya instaladas en los ayuntamientos veracruzanos, los chapulines se hacen presentes \u2014a veces por voluntad propia y otras por invitaci\u00f3n\u2014 con la idea de \u201cbajar\u201d cuadros de un lado para sumarlos al otro, aparentando fortalecer m\u00fasculo y debilitar al rival, aunque muchas veces eso no sea del todo cierto.<\/p>\n\n\n\n<p>No es lo mismo el chapulineo en campa\u00f1a que el chapulineo ya electos. En el Congreso y en los ayuntamientos ha ido en aumento el cambio de camiseta partidista: se gana por un partido y despu\u00e9s se integra a otra fracci\u00f3n o bancada.<\/p>\n\n\n\n<p>En resumen, esta metamorfosis llamada chapulineo es hoy una pr\u00e1ctica propia de la \u00e9poca que transita Veracruz, tanto en el gobierno como en el Congreso, rumbo a la autopista electoral de 2027 y 2030.<\/p>\n\n\n\n<p><strong>DE SOBREMESA<\/strong><\/p>\n\n\n\n<p>El chapulineo y los cambios de partido en torno a los nuevos ediles \u2014presidentes, s\u00edndicos y regidores\u2014 ser\u00e1n, en el arranque de 2026, objeto de debate, combate y golpeteo entre las fuerzas pol\u00edticas en Veracruz.<\/p>\n\n\n\n<p>Las acusaciones \u2014ciertas o falsas\u2014 sobre supuestas traiciones al voto ciudadano estar\u00e1n presentes en la agenda pol\u00edtica por distintos rumbos del estado. Ojal\u00e1 que el malestar social no se desborde en t\u00e9rminos de gobernabilidad.<\/p>\n\n\n\n<p><strong>UN CAF\u00c9 CON DOBLE CARGA<\/strong><\/p>\n\n\n\n<p>Los intercambios \u201camistosos\u201d entre partidos, derivados del chapulineo pol\u00edtico, caminar\u00e1n entre abrir y cerrar espacios con pr\u00e9stamos que fortalecen alianzas.<\/p>\n\n\n\n<p>Por lo pronto, no hay inter\u00e9s ni es prioridad legislar para evitar el chapulineo.<\/p>\n\n\n\n<p><strong>UN CAF\u00c9 LECHERO LIGHT<\/strong><\/p>\n\n\n\n<p>Desde el viernes pasado se escribi\u00f3 aqu\u00ed que se estaba dando el relevo del subsecretario en la SIOP, Marcos Beltr\u00e1n. Ahora se estar\u00eda por designar a su relevo esta misma semana y, quiz\u00e1, como en Espacios Educativos, llegue un exedil a la Subsecretar\u00eda de Infraestructura Carretera.<\/p>\n\n\n\n<p>En ese mismo sentido, se advierte que en la Secretar\u00eda de Salud se est\u00e1n dando cambios y ajustes, que estar\u00eda por incluir la llegada a otra persona que recientemente entreg\u00f3 un ayuntamiento.<\/p>\n\n\n\n<p>Queda claro que la gobernadora Nahle no permitir\u00e1 berrinches ni mal humor de nadie.<\/p>\n\n\n\n<p><strong>UN CAF\u00c9 CON PILONCILLO<\/strong><\/p>\n\n\n\n<p>El secretario ejecutivo de la CEAPP, Tulio Moreno, en rueda de prensa realizada en Poza Rica \u2014transmitida en vivo por un medio\u2014 present\u00f3 el relevo de Javier Jair Heredia River\u00f3n en la Direcci\u00f3n de Atenci\u00f3n y Protecci\u00f3n a Periodistas, quedando como encargado Bladimir Ram\u00edrez Ronquillo. Asimismo, dej\u00f3 la Direcci\u00f3n Jur\u00eddica \u00c1ngel Javier Casas Ramos y qued\u00f3 como encargado Luis Jorge Mendoza Mart\u00ednez.<\/p>\n\n\n\n<p>\u00a1ES CUANTO!<\/p>\n\n\n\n<p>enamjl62@gmail.com<br>enriquezambell@gmail.com<\/p>\n","protected":false},"excerpt":{"rendered":"<p>Jos\u00e9 Luis Enr\u00edquez AmbellCaf\u00e9 de Ma\u00f1ana La serie de mayor \u00e9xito internacional de la televisi\u00f3n mexicana de comedia, creada y protagonizada por don Roberto G\u00f3mez Bola\u00f1os \u2014Chespirito y El Chavo del 8\u2014 en la poblaci\u00f3n de habla hispana y hasta en otros idiomas, viene a la memoria por aquello del Chapul\u00edn Colorado. Y es que [&hellip;]<\/p>\n","protected":false},"author":2,"featured_media":141435,"comment_status":"closed","ping_status":"closed","sticky":false,"template":"","format":"standard","meta":{"tdm_status":"","tdm_grid_status":"","footnotes":""},"categories":[70],"tags":[50219,50222,8383,49022,50223,50224,50220,50221],"class_list":{"0":"post-160449","1":"post","2":"type-post","3":"status-publish","4":"format-standard","5":"has-post-thumbnail","7":"category-de-opinion","8":"tag-chapulineo-politico-veracruz-2026","9":"tag-gobernabilidad-y-traicion-al-voto-veracruz","10":"tag-jose-luis-enriquez-ambell","11":"tag-jose-luis-enriquez-ambell-cafe-de-manana","12":"tag-marcos-beltran-relevo-siop-veracruz","13":"tag-reforma-electoral-veracruz-2026-analisis","14":"tag-transfuguismo-alcaldes-veracruz-morena-pri","15":"tag-tulio-moreno-ceapp-poza-rica-cambios"},"yoast_head":"<!-- This site is optimized with the Yoast SEO plugin v27.4 - https:\/\/yoast.com\/product\/yoast-seo-wordpress\/ -->\n<title>LOS CHAPULINES SALTAN EN VERACRUZ - Los pol\u00edticos Veracruz<\/title>\n<meta name=\"robots\" content=\"index, follow, max-snippet:-1, max-image-preview:large, max-video-preview:-1\" \/>\n<link rel=\"canonical\" href=\"https:\/\/lospoliticosveracruz.com\/?p=160449\" \/>\n<meta property=\"og:locale\" content=\"es_ES\" \/>\n<meta property=\"og:type\" content=\"article\" \/>\n<meta property=\"og:title\" content=\"LOS CHAPULINES SALTAN EN VERACRUZ - Los pol\u00edticos Veracruz\" \/>\n<meta property=\"og:description\" content=\"Jos\u00e9 Luis Enr\u00edquez AmbellCaf\u00e9 de Ma\u00f1ana La serie de mayor \u00e9xito internacional de la televisi\u00f3n mexicana de comedia, creada y protagonizada por don Roberto G\u00f3mez Bola\u00f1os \u2014Chespirito y El Chavo del 8\u2014 en la poblaci\u00f3n de habla hispana y hasta en otros idiomas, viene a la memoria por aquello del Chapul\u00edn Colorado. Y es que [&hellip;]\" \/>\n<meta property=\"og:url\" content=\"https:\/\/lospoliticosveracruz.com\/?p=160449\" \/>\n<meta property=\"og:site_name\" content=\"Los pol\u00edticos Veracruz\" \/>\n<meta property=\"article:publisher\" content=\"https:\/\/www.facebook.com\/people\/Notimemes-de-los-Polticos\/61565672886568\/\" \/>\n<meta property=\"article:published_time\" content=\"2026-01-15T03:07:28+00:00\" \/>\n<meta property=\"article:modified_time\" content=\"2026-01-15T03:07:29+00:00\" \/>\n<meta property=\"og:image\" content=\"https:\/\/lospoliticosveracruz.com\/wp-content\/uploads\/2025\/04\/Ambell.jpg\" \/>\n\t<meta property=\"og:image:width\" content=\"1250\" \/>\n\t<meta property=\"og:image:height\" content=\"667\" \/>\n\t<meta property=\"og:image:type\" content=\"image\/jpeg\" \/>\n<meta name=\"author\" content=\"Lo viste en Los Pol\u00edticos\" \/>\n<meta name=\"twitter:card\" content=\"summary_large_image\" \/>\n<meta name=\"twitter:creator\" content=\"@LosPoliticosVer\" \/>\n<meta name=\"twitter:site\" content=\"@LosPoliticosVer\" \/>\n<meta name=\"twitter:label1\" content=\"Escrito por\" \/>\n\t<meta name=\"twitter:data1\" content=\"Lo viste en Los Pol\u00edticos\" \/>\n\t<meta name=\"twitter:label2\" content=\"Tiempo de lectura\" \/>\n\t<meta name=\"twitter:data2\" content=\"4 minutos\" \/>\n<script type=\"application\/ld+json\" class=\"yoast-schema-graph\">{\"@context\":\"https:\\\/\\\/schema.org\",\"@graph\":[{\"@type\":\"Article\",\"@id\":\"https:\\\/\\\/lospoliticosveracruz.com\\\/?p=160449#article\",\"isPartOf\":{\"@id\":\"https:\\\/\\\/lospoliticosveracruz.com\\\/?p=160449\"},\"author\":{\"name\":\"Lo viste en Los Pol\u00edticos\",\"@id\":\"https:\\\/\\\/lospoliticosveracruz.com\\\/#\\\/schema\\\/person\\\/b8702bb0e538456e6efd07080bf2a4a2\"},\"headline\":\"LOS CHAPULINES SALTAN EN VERACRUZ\",\"datePublished\":\"2026-01-15T03:07:28+00:00\",\"dateModified\":\"2026-01-15T03:07:29+00:00\",\"mainEntityOfPage\":{\"@id\":\"https:\\\/\\\/lospoliticosveracruz.com\\\/?p=160449\"},\"wordCount\":793,\"publisher\":{\"@id\":\"https:\\\/\\\/lospoliticosveracruz.com\\\/#organization\"},\"image\":{\"@id\":\"https:\\\/\\\/lospoliticosveracruz.com\\\/?p=160449#primaryimage\"},\"thumbnailUrl\":\"https:\\\/\\\/lospoliticosveracruz.com\\\/wp-content\\\/uploads\\\/2025\\\/04\\\/Ambell.jpg\",\"keywords\":[\"Chapulineo pol\u00edtico Veracruz 2026\",\"Gobernabilidad y traici\u00f3n al voto Veracruz\",\"Jos\u00e9 Luis Enr\u00edquez Ambell\",\"Jos\u00e9 Luis Enr\u00edquez Ambell Caf\u00e9 de Ma\u00f1ana\",\"Marcos Beltr\u00e1n relevo SIOP Veracruz\",\"Reforma electoral Veracruz 2026 an\u00e1lisis\",\"Transfuguismo alcaldes Veracruz Morena PRI\",\"Tulio Moreno CEAPP Poza Rica cambios\"],\"articleSection\":[\"De Opini\u00f3n\"],\"inLanguage\":\"es\"},{\"@type\":\"WebPage\",\"@id\":\"https:\\\/\\\/lospoliticosveracruz.com\\\/?p=160449\",\"url\":\"https:\\\/\\\/lospoliticosveracruz.com\\\/?p=160449\",\"name\":\"LOS CHAPULINES SALTAN EN VERACRUZ - Los pol\u00edticos Veracruz\",\"isPartOf\":{\"@id\":\"https:\\\/\\\/lospoliticosveracruz.com\\\/#website\"},\"primaryImageOfPage\":{\"@id\":\"https:\\\/\\\/lospoliticosveracruz.com\\\/?p=160449#primaryimage\"},\"image\":{\"@id\":\"https:\\\/\\\/lospoliticosveracruz.com\\\/?p=160449#primaryimage\"},\"thumbnailUrl\":\"https:\\\/\\\/lospoliticosveracruz.com\\\/wp-content\\\/uploads\\\/2025\\\/04\\\/Ambell.jpg\",\"datePublished\":\"2026-01-15T03:07:28+00:00\",\"dateModified\":\"2026-01-15T03:07:29+00:00\",\"breadcrumb\":{\"@id\":\"https:\\\/\\\/lospoliticosveracruz.com\\\/?p=160449#breadcrumb\"},\"inLanguage\":\"es\",\"potentialAction\":[{\"@type\":\"ReadAction\",\"target\":[\"https:\\\/\\\/lospoliticosveracruz.com\\\/?p=160449\"]}]},{\"@type\":\"ImageObject\",\"inLanguage\":\"es\",\"@id\":\"https:\\\/\\\/lospoliticosveracruz.com\\\/?p=160449#primaryimage\",\"url\":\"https:\\\/\\\/lospoliticosveracruz.com\\\/wp-content\\\/uploads\\\/2025\\\/04\\\/Ambell.jpg\",\"contentUrl\":\"https:\\\/\\\/lospoliticosveracruz.com\\\/wp-content\\\/uploads\\\/2025\\\/04\\\/Ambell.jpg\",\"width\":1250,\"height\":667},{\"@type\":\"BreadcrumbList\",\"@id\":\"https:\\\/\\\/lospoliticosveracruz.com\\\/?p=160449#breadcrumb\",\"itemListElement\":[{\"@type\":\"ListItem\",\"position\":1,\"name\":\"Portada\",\"item\":\"https:\\\/\\\/lospoliticosveracruz.com\\\/\"},{\"@type\":\"ListItem\",\"position\":2,\"name\":\"LOS CHAPULINES SALTAN EN VERACRUZ\"}]},{\"@type\":\"WebSite\",\"@id\":\"https:\\\/\\\/lospoliticosveracruz.com\\\/#website\",\"url\":\"https:\\\/\\\/lospoliticosveracruz.com\\\/\",\"name\":\"Los pol\u00edticos Veracruz\",\"description\":\"\",\"publisher\":{\"@id\":\"https:\\\/\\\/lospoliticosveracruz.com\\\/#organization\"},\"potentialAction\":[{\"@type\":\"SearchAction\",\"target\":{\"@type\":\"EntryPoint\",\"urlTemplate\":\"https:\\\/\\\/lospoliticosveracruz.com\\\/?s={search_term_string}\"},\"query-input\":{\"@type\":\"PropertyValueSpecification\",\"valueRequired\":true,\"valueName\":\"search_term_string\"}}],\"inLanguage\":\"es\"},{\"@type\":\"Organization\",\"@id\":\"https:\\\/\\\/lospoliticosveracruz.com\\\/#organization\",\"name\":\"Los pol\u00edticos Veracruz\",\"url\":\"https:\\\/\\\/lospoliticosveracruz.com\\\/\",\"logo\":{\"@type\":\"ImageObject\",\"inLanguage\":\"es\",\"@id\":\"https:\\\/\\\/lospoliticosveracruz.com\\\/#\\\/schema\\\/logo\\\/image\\\/\",\"url\":\"https:\\\/\\\/lospoliticosveracruz.com\\\/wp-content\\\/uploads\\\/2025\\\/12\\\/Logo-Nuevo-LOS-POLITICOS-1.jpg\",\"contentUrl\":\"https:\\\/\\\/lospoliticosveracruz.com\\\/wp-content\\\/uploads\\\/2025\\\/12\\\/Logo-Nuevo-LOS-POLITICOS-1.jpg\",\"width\":260,\"height\":70,\"caption\":\"Los pol\u00edticos Veracruz\"},\"image\":{\"@id\":\"https:\\\/\\\/lospoliticosveracruz.com\\\/#\\\/schema\\\/logo\\\/image\\\/\"},\"sameAs\":[\"https:\\\/\\\/www.facebook.com\\\/people\\\/Notimemes-de-los-Polticos\\\/61565672886568\\\/\",\"https:\\\/\\\/x.com\\\/LosPoliticosVer\"]},{\"@type\":\"Person\",\"@id\":\"https:\\\/\\\/lospoliticosveracruz.com\\\/#\\\/schema\\\/person\\\/b8702bb0e538456e6efd07080bf2a4a2\",\"name\":\"Lo viste en Los Pol\u00edticos\",\"image\":{\"@type\":\"ImageObject\",\"inLanguage\":\"es\",\"@id\":\"https:\\\/\\\/secure.gravatar.com\\\/avatar\\\/3a8de04a2656d44082be478bd6c086daa447c4651605818287b9532d3d0bd435?s=96&d=mm&r=g\",\"url\":\"https:\\\/\\\/secure.gravatar.com\\\/avatar\\\/3a8de04a2656d44082be478bd6c086daa447c4651605818287b9532d3d0bd435?s=96&d=mm&r=g\",\"contentUrl\":\"https:\\\/\\\/secure.gravatar.com\\\/avatar\\\/3a8de04a2656d44082be478bd6c086daa447c4651605818287b9532d3d0bd435?s=96&d=mm&r=g\",\"caption\":\"Lo viste en Los Pol\u00edticos\"},\"url\":\"https:\\\/\\\/lospoliticosveracruz.com\\\/?author=2\"}]}<\/script>\n<!-- \/ Yoast SEO plugin. -->","yoast_head_json":{"title":"LOS CHAPULINES SALTAN EN VERACRUZ - Los pol\u00edticos Veracruz","robots":{"index":"index","follow":"follow","max-snippet":"max-snippet:-1","max-image-preview":"max-image-preview:large","max-video-preview":"max-video-preview:-1"},"canonical":"https:\/\/lospoliticosveracruz.com\/?p=160449","og_locale":"es_ES","og_type":"article","og_title":"LOS CHAPULINES SALTAN EN VERACRUZ - Los pol\u00edticos Veracruz","og_description":"Jos\u00e9 Luis Enr\u00edquez AmbellCaf\u00e9 de Ma\u00f1ana La serie de mayor \u00e9xito internacional de la televisi\u00f3n mexicana de comedia, creada y protagonizada por don Roberto G\u00f3mez Bola\u00f1os \u2014Chespirito y El Chavo del 8\u2014 en la poblaci\u00f3n de habla hispana y hasta en otros idiomas, viene a la memoria por aquello del Chapul\u00edn Colorado. Y es que [&hellip;]","og_url":"https:\/\/lospoliticosveracruz.com\/?p=160449","og_site_name":"Los pol\u00edticos Veracruz","article_publisher":"https:\/\/www.facebook.com\/people\/Notimemes-de-los-Polticos\/61565672886568\/","article_published_time":"2026-01-15T03:07:28+00:00","article_modified_time":"2026-01-15T03:07:29+00:00","og_image":[{"width":1250,"height":667,"url":"https:\/\/lospoliticosveracruz.com\/wp-content\/uploads\/2025\/04\/Ambell.jpg","type":"image\/jpeg"}],"author":"Lo viste en Los Pol\u00edticos","twitter_card":"summary_large_image","twitter_creator":"@LosPoliticosVer","twitter_site":"@LosPoliticosVer","twitter_misc":{"Escrito por":"Lo viste en Los Pol\u00edticos","Tiempo de lectura":"4 minutos"},"schema":{"@context":"https:\/\/schema.org","@graph":[{"@type":"Article","@id":"https:\/\/lospoliticosveracruz.com\/?p=160449#article","isPartOf":{"@id":"https:\/\/lospoliticosveracruz.com\/?p=160449"},"author":{"name":"Lo viste en Los Pol\u00edticos","@id":"https:\/\/lospoliticosveracruz.com\/#\/schema\/person\/b8702bb0e538456e6efd07080bf2a4a2"},"headline":"LOS CHAPULINES SALTAN EN VERACRUZ","datePublished":"2026-01-15T03:07:28+00:00","dateModified":"2026-01-15T03:07:29+00:00","mainEntityOfPage":{"@id":"https:\/\/lospoliticosveracruz.com\/?p=160449"},"wordCount":793,"publisher":{"@id":"https:\/\/lospoliticosveracruz.com\/#organization"},"image":{"@id":"https:\/\/lospoliticosveracruz.com\/?p=160449#primaryimage"},"thumbnailUrl":"https:\/\/lospoliticosveracruz.com\/wp-content\/uploads\/2025\/04\/Ambell.jpg","keywords":["Chapulineo pol\u00edtico Veracruz 2026","Gobernabilidad y traici\u00f3n al voto Veracruz","Jos\u00e9 Luis Enr\u00edquez Ambell","Jos\u00e9 Luis Enr\u00edquez Ambell Caf\u00e9 de Ma\u00f1ana","Marcos Beltr\u00e1n relevo SIOP Veracruz","Reforma electoral Veracruz 2026 an\u00e1lisis","Transfuguismo alcaldes Veracruz Morena PRI","Tulio Moreno CEAPP Poza Rica cambios"],"articleSection":["De Opini\u00f3n"],"inLanguage":"es"},{"@type":"WebPage","@id":"https:\/\/lospoliticosveracruz.com\/?p=160449","url":"https:\/\/lospoliticosveracruz.com\/?p=160449","name":"LOS CHAPULINES SALTAN EN VERACRUZ - Los pol\u00edticos Veracruz","isPartOf":{"@id":"https:\/\/lospoliticosveracruz.com\/#website"},"primaryImageOfPage":{"@id":"https:\/\/lospoliticosveracruz.com\/?p=160449#primaryimage"},"image":{"@id":"https:\/\/lospoliticosveracruz.com\/?p=160449#primaryimage"},"thumbnailUrl":"https:\/\/lospoliticosveracruz.com\/wp-content\/uploads\/2025\/04\/Ambell.jpg","datePublished":"2026-01-15T03:07:28+00:00","dateModified":"2026-01-15T03:07:29+00:00","breadcrumb":{"@id":"https:\/\/lospoliticosveracruz.com\/?p=160449#breadcrumb"},"inLanguage":"es","potentialAction":[{"@type":"ReadAction","target":["https:\/\/lospoliticosveracruz.com\/?p=160449"]}]},{"@type":"ImageObject","inLanguage":"es","@id":"https:\/\/lospoliticosveracruz.com\/?p=160449#primaryimage","url":"https:\/\/lospoliticosveracruz.com\/wp-content\/uploads\/2025\/04\/Ambell.jpg","contentUrl":"https:\/\/lospoliticosveracruz.com\/wp-content\/uploads\/2025\/04\/Ambell.jpg","width":1250,"height":667},{"@type":"BreadcrumbList","@id":"https:\/\/lospoliticosveracruz.com\/?p=160449#breadcrumb","itemListElement":[{"@type":"ListItem","position":1,"name":"Portada","item":"https:\/\/lospoliticosveracruz.com\/"},{"@type":"ListItem","position":2,"name":"LOS CHAPULINES SALTAN EN VERACRUZ"}]},{"@type":"WebSite","@id":"https:\/\/lospoliticosveracruz.com\/#website","url":"https:\/\/lospoliticosveracruz.com\/","name":"Los pol\u00edticos Veracruz","description":"","publisher":{"@id":"https:\/\/lospoliticosveracruz.com\/#organization"},"potentialAction":[{"@type":"SearchAction","target":{"@type":"EntryPoint","urlTemplate":"https:\/\/lospoliticosveracruz.com\/?s={search_term_string}"},"query-input":{"@type":"PropertyValueSpecification","valueRequired":true,"valueName":"search_term_string"}}],"inLanguage":"es"},{"@type":"Organization","@id":"https:\/\/lospoliticosveracruz.com\/#organization","name":"Los pol\u00edticos Veracruz","url":"https:\/\/lospoliticosveracruz.com\/","logo":{"@type":"ImageObject","inLanguage":"es","@id":"https:\/\/lospoliticosveracruz.com\/#\/schema\/logo\/image\/","url":"https:\/\/lospoliticosveracruz.com\/wp-content\/uploads\/2025\/12\/Logo-Nuevo-LOS-POLITICOS-1.jpg","contentUrl":"https:\/\/lospoliticosveracruz.com\/wp-content\/uploads\/2025\/12\/Logo-Nuevo-LOS-POLITICOS-1.jpg","width":260,"height":70,"caption":"Los pol\u00edticos Veracruz"},"image":{"@id":"https:\/\/lospoliticosveracruz.com\/#\/schema\/logo\/image\/"},"sameAs":["https:\/\/www.facebook.com\/people\/Notimemes-de-los-Polticos\/61565672886568\/","https:\/\/x.com\/LosPoliticosVer"]},{"@type":"Person","@id":"https:\/\/lospoliticosveracruz.com\/#\/schema\/person\/b8702bb0e538456e6efd07080bf2a4a2","name":"Lo viste en Los Pol\u00edticos","image":{"@type":"ImageObject","inLanguage":"es","@id":"https:\/\/secure.gravatar.com\/avatar\/3a8de04a2656d44082be478bd6c086daa447c4651605818287b9532d3d0bd435?s=96&d=mm&r=g","url":"https:\/\/secure.gravatar.com\/avatar\/3a8de04a2656d44082be478bd6c086daa447c4651605818287b9532d3d0bd435?s=96&d=mm&r=g","contentUrl":"https:\/\/secure.gravatar.com\/avatar\/3a8de04a2656d44082be478bd6c086daa447c4651605818287b9532d3d0bd435?s=96&d=mm&r=g","caption":"Lo viste en Los Pol\u00edticos"},"url":"https:\/\/lospoliticosveracruz.com\/?author=2"}]}},"_links":{"self":[{"href":"https:\/\/lospoliticosveracruz.com\/index.php?rest_route=\/wp\/v2\/posts\/160449","targetHints":{"allow":["GET"]}}],"collection":[{"href":"https:\/\/lospoliticosveracruz.com\/index.php?rest_route=\/wp\/v2\/posts"}],"about":[{"href":"https:\/\/lospoliticosveracruz.com\/index.php?rest_route=\/wp\/v2\/types\/post"}],"author":[{"embeddable":true,"href":"https:\/\/lospoliticosveracruz.com\/index.php?rest_route=\/wp\/v2\/users\/2"}],"replies":[{"embeddable":true,"href":"https:\/\/lospoliticosveracruz.com\/index.php?rest_route=%2Fwp%2Fv2%2Fcomments&post=160449"}],"version-history":[{"count":1,"href":"https:\/\/lospoliticosveracruz.com\/index.php?rest_route=\/wp\/v2\/posts\/160449\/revisions"}],"predecessor-version":[{"id":160450,"href":"https:\/\/lospoliticosveracruz.com\/index.php?rest_route=\/wp\/v2\/posts\/160449\/revisions\/160450"}],"wp:featuredmedia":[{"embeddable":true,"href":"https:\/\/lospoliticosveracruz.com\/index.php?rest_route=\/wp\/v2\/media\/141435"}],"wp:attachment":[{"href":"https:\/\/lospoliticosveracruz.com\/index.php?rest_route=%2Fwp%2Fv2%2Fmedia&parent=160449"}],"wp:term":[{"taxonomy":"category","embeddable":true,"href":"https:\/\/lospoliticosveracruz.com\/index.php?rest_route=%2Fwp%2Fv2%2Fcategories&post=160449"},{"taxonomy":"post_tag","embeddable":true,"href":"https:\/\/lospoliticosveracruz.com\/index.php?rest_route=%2Fwp%2Fv2%2Ftags&post=160449"}],"curies":[{"name":"wp","href":"https:\/\/api.w.org\/{rel}","templated":true}]}}