{"id":160454,"date":"2026-01-14T22:57:49","date_gmt":"2026-01-15T04:57:49","guid":{"rendered":"https:\/\/lospoliticosveracruz.com\/?p=160454"},"modified":"2026-01-14T22:57:50","modified_gmt":"2026-01-15T04:57:50","slug":"del-nefasto-remes-a-la-pragmatica-adanely","status":"publish","type":"post","link":"https:\/\/lospoliticosveracruz.com\/?p=160454","title":{"rendered":"DEL NEFASTO REMES A LA PRAGM\u00c1TICA ADANELY"},"content":{"rendered":"\n<p><strong>Jos\u00e9 Luis Ortega Vidal<\/strong><br><em>Claroscuros<\/em><br>Durante la segunda quincena de diciembre pasado tuve la oportunidad de dialogar con ciudadanos de Poza Rica, tristes y a\u00fan con afectaciones en sus viviendas por el desbordamiento del r\u00edo Cazones aquella tr\u00e1gica jornada del diez de octubre del 2025.<br>Meses despu\u00e9s, los drenajes tapados en varias colonias como las Morelos, Gaviotas, Granjas, entre otras, representan unas de las secuelas graves despu\u00e9s de la inundaci\u00f3n que cobr\u00f3 m\u00e1s de tres decenas de vidas en la entidad veracruzana.<br>Los casi cuarenta municipios afectados enfrentan sus diferentes dramas y en el caso pozarricense brot\u00f3 un dato importante desde la perspectiva pol\u00edtica.<br>Un grupo de vecinos narr\u00f3 al reportero: \u201cnos organizamos para cooperar y arreglar el drenaje colectivo de nuestra cuadra; avanzamos con la ubicaci\u00f3n del problema y la lista de materiales necesarios para liberar el paso de las aguas negras; en eso est\u00e1bamos cuando nos sorprendi\u00f3 la presencia de la alcaldesa electa Adanely Rodr\u00edguez Rodr\u00edguez, pues el presidente era alcalde Fernando Remes\u201d (El pulpo).<br>En concreto los entrevistados contaron que Adanely Rodr\u00edguez arrib\u00f3 con su equipo de colaboradores, tom\u00f3 nota del tema y le dio soluci\u00f3n; al d\u00eda siguiente de su visita a esa colonia en particular, en la zona poniente de Poza Rica -en direcci\u00f3n al vecino municipio de Cazones de Herrera- lleg\u00f3 el material y el equipo humano necesarios sin que los vecinos debieran pagar un peso.<br>La parte pol\u00edtica de esta historia estriba en la operatividad de una alcaldesa electa frente a la irresponsabilidad de un alcalde en funciones; ambos del mismo partido, por cierto: MORENA.<br>Otro comentario compartido por los vecinos incluy\u00f3 una petici\u00f3n de Adanely Rodr\u00edguez \u2013quien tom\u00f3 protesta como presidenta municipal el mi\u00e9rcoles 31 de diciembre acompa\u00f1ada por la gobernadora Roc\u00edo Nahle Garc\u00eda-: \u201cno me digan nada sobre Fernando Remes (El Pulpo), su papel (y sus fallas) es asunto suyo; mi trabajo es de aqu\u00ed en adelante\u2026\u201d<br>(2)<br>A Fernando \u201cEl Pulpo\u201d Remes, un hombre nativo de Nuevo Le\u00f3n que fue jugador profesional en la Liga Mexicana de B\u00e9isbol, lo hizo alcalde de Poza Rica su amigo el expresidente Andr\u00e9s Manuel L\u00f3pez Obrador.<br>Brillante parador en corto con los Tigres de M\u00e9xico \u2013logr\u00f3 dos campeonatos con ellos en las temporadas 1965 y 1966- Remes fue admirado por un joven L\u00f3pez Obrador; ello fue suficiente para nombrarlo candidato de MORENA a la alcald\u00eda y demostrar \u2013una vez m\u00e1s, de cara a la historia- que la pol\u00edtica no es para improvisados, ni para gente cuya inteligencia, vocaci\u00f3n y talento se decantan hacia \u00e1reas distintas al ejercicio del poder.<br>Para un sector de pozarricenses, Fernando Remes ha sido el peor alcalde que hayan tenido; lo cual me recuerda una de las ense\u00f1anzas del gran maestro y pol\u00edtico Joel Vargas Cruz (+), quien afirmaba: \u00abSi la sabidur\u00eda llegara con la vejez, no habr\u00eda tanto viejo tarugo\u2026\u00bb<br>De hecho los ciudadanos de Poza Rica demostraron su concepto de Fernando Remes durante la tragedia de octubre pasado, cuando lo corrieron con bolas de lodo dirigidas a su cuerpo, salvado por viajar en una lujosa camioneta de la que nunca baj\u00f3 ni para ayudar a damnificados a librar algo del drama\u2026<br>(3)<br>Adanely Rodr\u00edguez Rodr\u00edguez mostr\u00f3 capacidad operativa y acceso a recursos econ\u00f3micos y humanos antes de acceder formalmente al poder.<br>\u00bfDe d\u00f3nde sac\u00f3 el dinero y los recursos?<br>Parte del equipo humano pudo ser del Ayuntamiento porque trabajadores municipales ya estaban atendiendo a los vecinos en cuesti\u00f3n pero les aclaraban que no ten\u00edan materiales ni dinero para solucionar la grave y extendida problem\u00e1tica de los drenajes en la ciudad petrolera.<br>La parte financiera debi\u00f3 ser sencilla: o la gobernadora le dio dinero a Adanely Rodr\u00edguez, o como alcaldesa electa pudo ir a una ferreter\u00eda y pedir un cr\u00e9dito que cualquiera le dar\u00eda ante su inminente entrada en operaci\u00f3n.<br>(4)<br>\u00bfEs complejo actuar as\u00ed?<br>Realmente no, cuando se cuenta con vocaci\u00f3n, compromiso, inteligencia, audacia, relaciones, equipo, liderazgo y talento pol\u00edtico.<br>Resulta interesante esta narraci\u00f3n porque he recorrido una cantidad importante de municipios donde ya operan nuevos alcaldes y algunos lucen envueltos en una situaci\u00f3n lastimosa; no superan la queja diaria sobre lo mal que le dejaron la administraci\u00f3n los ediles anteriores.<br>Y s\u00ed, hay municipios donde los ex presidentes y sus personeros se llevaron hasta las llantas de los carros de la basura, o los focos de los pasillos del palacio municipal, e incluso \u2013caso de Sayula de Alem\u00e1n- hasta las computadoras y documentos con informaci\u00f3n oficial para el cobro del predial, por ejemplo\u2026<br>El punto, al respecto, es que todas esas quejas deben documentarse en los expedientes jur\u00eddicos respectivos y acudir ante las instancias legales correspondientes para que se haga lo que se tenga que hacer contra los saqueadores\u2026<br>Lo que no puede ocurrir es quedarse en la posici\u00f3n de magdalenas pol\u00edticas y frenar el funcionamiento del nuevo Ayuntamiento de que se trate\u2026<br>(5)<br>En Sayula, el alcalde Juan Manuel Mu\u00f1oz Murrieta act\u00faa como Adanely Rodr\u00edguez Rodr\u00edguez en Poza Rica: \u201cA Dios rogando y con el mazo dando\u2026\u201d<br>Ya estamos solucionando el problema y pronto empezaremos a cobrar el predial, coment\u00f3 el edil sayule\u00f1o\u2026<br>Se avanza con el tema del drenaje desde el nuevo gobierno municipal, cuentan en Poza Rica\u2026<\/p>\n","protected":false},"excerpt":{"rendered":"<p>Jos\u00e9 Luis Ortega VidalClaroscurosDurante la segunda quincena de diciembre pasado tuve la oportunidad de dialogar con ciudadanos de Poza Rica, tristes y a\u00fan con afectaciones en sus viviendas por el desbordamiento del r\u00edo Cazones aquella tr\u00e1gica jornada del diez de octubre del 2025.Meses despu\u00e9s, los drenajes tapados en varias colonias como las Morelos, Gaviotas, Granjas, [&hellip;]<\/p>\n","protected":false},"author":2,"featured_media":141392,"comment_status":"closed","ping_status":"closed","sticky":false,"template":"","format":"standard","meta":{"tdm_status":"","tdm_grid_status":"","footnotes":""},"categories":[70],"tags":[47880,33744,1026,1267,195],"class_list":{"0":"post-160454","1":"post","2":"type-post","3":"status-publish","4":"format-standard","5":"has-post-thumbnail","7":"category-de-opinion","8":"tag-adanely-rodriguez","9":"tag-fernando-remes","10":"tag-morena","11":"tag-poza-rica","12":"tag-veracruz"},"yoast_head":"<!-- This site is optimized with the Yoast SEO plugin v27.4 - https:\/\/yoast.com\/product\/yoast-seo-wordpress\/ -->\n<title>DEL NEFASTO REMES A LA PRAGM\u00c1TICA ADANELY - Los pol\u00edticos Veracruz<\/title>\n<meta name=\"robots\" content=\"index, follow, max-snippet:-1, max-image-preview:large, max-video-preview:-1\" \/>\n<link rel=\"canonical\" href=\"https:\/\/lospoliticosveracruz.com\/?p=160454\" \/>\n<meta property=\"og:locale\" content=\"es_ES\" \/>\n<meta property=\"og:type\" content=\"article\" \/>\n<meta property=\"og:title\" content=\"DEL NEFASTO REMES A LA PRAGM\u00c1TICA ADANELY - Los pol\u00edticos Veracruz\" \/>\n<meta property=\"og:description\" content=\"Jos\u00e9 Luis Ortega VidalClaroscurosDurante la segunda quincena de diciembre pasado tuve la oportunidad de dialogar con ciudadanos de Poza Rica, tristes y a\u00fan con afectaciones en sus viviendas por el desbordamiento del r\u00edo Cazones aquella tr\u00e1gica jornada del diez de octubre del 2025.Meses despu\u00e9s, los drenajes tapados en varias colonias como las Morelos, Gaviotas, Granjas, [&hellip;]\" \/>\n<meta property=\"og:url\" content=\"https:\/\/lospoliticosveracruz.com\/?p=160454\" \/>\n<meta property=\"og:site_name\" content=\"Los pol\u00edticos Veracruz\" \/>\n<meta property=\"article:publisher\" content=\"https:\/\/www.facebook.com\/people\/Notimemes-de-los-Polticos\/61565672886568\/\" \/>\n<meta property=\"article:published_time\" content=\"2026-01-15T04:57:49+00:00\" \/>\n<meta property=\"article:modified_time\" content=\"2026-01-15T04:57:50+00:00\" \/>\n<meta property=\"og:image\" content=\"https:\/\/lospoliticosveracruz.com\/wp-content\/uploads\/2025\/04\/Jose-Luis-Ortega-Vidal.jpg\" \/>\n\t<meta property=\"og:image:width\" content=\"1250\" \/>\n\t<meta property=\"og:image:height\" content=\"667\" \/>\n\t<meta property=\"og:image:type\" content=\"image\/jpeg\" \/>\n<meta name=\"author\" content=\"Lo viste en Los Pol\u00edticos\" \/>\n<meta name=\"twitter:card\" content=\"summary_large_image\" \/>\n<meta name=\"twitter:creator\" content=\"@LosPoliticosVer\" \/>\n<meta name=\"twitter:site\" content=\"@LosPoliticosVer\" \/>\n<meta name=\"twitter:label1\" content=\"Escrito por\" \/>\n\t<meta name=\"twitter:data1\" content=\"Lo viste en Los Pol\u00edticos\" \/>\n\t<meta name=\"twitter:label2\" content=\"Tiempo de lectura\" \/>\n\t<meta name=\"twitter:data2\" content=\"5 minutos\" \/>\n<script type=\"application\/ld+json\" class=\"yoast-schema-graph\">{\"@context\":\"https:\\\/\\\/schema.org\",\"@graph\":[{\"@type\":\"Article\",\"@id\":\"https:\\\/\\\/lospoliticosveracruz.com\\\/?p=160454#article\",\"isPartOf\":{\"@id\":\"https:\\\/\\\/lospoliticosveracruz.com\\\/?p=160454\"},\"author\":{\"name\":\"Lo viste en Los Pol\u00edticos\",\"@id\":\"https:\\\/\\\/lospoliticosveracruz.com\\\/#\\\/schema\\\/person\\\/b8702bb0e538456e6efd07080bf2a4a2\"},\"headline\":\"DEL NEFASTO REMES A LA PRAGM\u00c1TICA ADANELY\",\"datePublished\":\"2026-01-15T04:57:49+00:00\",\"dateModified\":\"2026-01-15T04:57:50+00:00\",\"mainEntityOfPage\":{\"@id\":\"https:\\\/\\\/lospoliticosveracruz.com\\\/?p=160454\"},\"wordCount\":927,\"publisher\":{\"@id\":\"https:\\\/\\\/lospoliticosveracruz.com\\\/#organization\"},\"image\":{\"@id\":\"https:\\\/\\\/lospoliticosveracruz.com\\\/?p=160454#primaryimage\"},\"thumbnailUrl\":\"https:\\\/\\\/lospoliticosveracruz.com\\\/wp-content\\\/uploads\\\/2025\\\/04\\\/Jose-Luis-Ortega-Vidal.jpg\",\"keywords\":[\"Adanely Rodr\u00edguez\",\"Fernando Remes\",\"Morena\",\"Poza Rica\",\"Veracruz\"],\"articleSection\":[\"De Opini\u00f3n\"],\"inLanguage\":\"es\"},{\"@type\":\"WebPage\",\"@id\":\"https:\\\/\\\/lospoliticosveracruz.com\\\/?p=160454\",\"url\":\"https:\\\/\\\/lospoliticosveracruz.com\\\/?p=160454\",\"name\":\"DEL NEFASTO REMES A LA PRAGM\u00c1TICA ADANELY - Los pol\u00edticos Veracruz\",\"isPartOf\":{\"@id\":\"https:\\\/\\\/lospoliticosveracruz.com\\\/#website\"},\"primaryImageOfPage\":{\"@id\":\"https:\\\/\\\/lospoliticosveracruz.com\\\/?p=160454#primaryimage\"},\"image\":{\"@id\":\"https:\\\/\\\/lospoliticosveracruz.com\\\/?p=160454#primaryimage\"},\"thumbnailUrl\":\"https:\\\/\\\/lospoliticosveracruz.com\\\/wp-content\\\/uploads\\\/2025\\\/04\\\/Jose-Luis-Ortega-Vidal.jpg\",\"datePublished\":\"2026-01-15T04:57:49+00:00\",\"dateModified\":\"2026-01-15T04:57:50+00:00\",\"breadcrumb\":{\"@id\":\"https:\\\/\\\/lospoliticosveracruz.com\\\/?p=160454#breadcrumb\"},\"inLanguage\":\"es\",\"potentialAction\":[{\"@type\":\"ReadAction\",\"target\":[\"https:\\\/\\\/lospoliticosveracruz.com\\\/?p=160454\"]}]},{\"@type\":\"ImageObject\",\"inLanguage\":\"es\",\"@id\":\"https:\\\/\\\/lospoliticosveracruz.com\\\/?p=160454#primaryimage\",\"url\":\"https:\\\/\\\/lospoliticosveracruz.com\\\/wp-content\\\/uploads\\\/2025\\\/04\\\/Jose-Luis-Ortega-Vidal.jpg\",\"contentUrl\":\"https:\\\/\\\/lospoliticosveracruz.com\\\/wp-content\\\/uploads\\\/2025\\\/04\\\/Jose-Luis-Ortega-Vidal.jpg\",\"width\":1250,\"height\":667},{\"@type\":\"BreadcrumbList\",\"@id\":\"https:\\\/\\\/lospoliticosveracruz.com\\\/?p=160454#breadcrumb\",\"itemListElement\":[{\"@type\":\"ListItem\",\"position\":1,\"name\":\"Portada\",\"item\":\"https:\\\/\\\/lospoliticosveracruz.com\\\/\"},{\"@type\":\"ListItem\",\"position\":2,\"name\":\"DEL NEFASTO REMES A LA PRAGM\u00c1TICA ADANELY\"}]},{\"@type\":\"WebSite\",\"@id\":\"https:\\\/\\\/lospoliticosveracruz.com\\\/#website\",\"url\":\"https:\\\/\\\/lospoliticosveracruz.com\\\/\",\"name\":\"Los pol\u00edticos Veracruz\",\"description\":\"\",\"publisher\":{\"@id\":\"https:\\\/\\\/lospoliticosveracruz.com\\\/#organization\"},\"potentialAction\":[{\"@type\":\"SearchAction\",\"target\":{\"@type\":\"EntryPoint\",\"urlTemplate\":\"https:\\\/\\\/lospoliticosveracruz.com\\\/?s={search_term_string}\"},\"query-input\":{\"@type\":\"PropertyValueSpecification\",\"valueRequired\":true,\"valueName\":\"search_term_string\"}}],\"inLanguage\":\"es\"},{\"@type\":\"Organization\",\"@id\":\"https:\\\/\\\/lospoliticosveracruz.com\\\/#organization\",\"name\":\"Los pol\u00edticos Veracruz\",\"url\":\"https:\\\/\\\/lospoliticosveracruz.com\\\/\",\"logo\":{\"@type\":\"ImageObject\",\"inLanguage\":\"es\",\"@id\":\"https:\\\/\\\/lospoliticosveracruz.com\\\/#\\\/schema\\\/logo\\\/image\\\/\",\"url\":\"https:\\\/\\\/lospoliticosveracruz.com\\\/wp-content\\\/uploads\\\/2025\\\/12\\\/Logo-Nuevo-LOS-POLITICOS-1.jpg\",\"contentUrl\":\"https:\\\/\\\/lospoliticosveracruz.com\\\/wp-content\\\/uploads\\\/2025\\\/12\\\/Logo-Nuevo-LOS-POLITICOS-1.jpg\",\"width\":260,\"height\":70,\"caption\":\"Los pol\u00edticos Veracruz\"},\"image\":{\"@id\":\"https:\\\/\\\/lospoliticosveracruz.com\\\/#\\\/schema\\\/logo\\\/image\\\/\"},\"sameAs\":[\"https:\\\/\\\/www.facebook.com\\\/people\\\/Notimemes-de-los-Polticos\\\/61565672886568\\\/\",\"https:\\\/\\\/x.com\\\/LosPoliticosVer\"]},{\"@type\":\"Person\",\"@id\":\"https:\\\/\\\/lospoliticosveracruz.com\\\/#\\\/schema\\\/person\\\/b8702bb0e538456e6efd07080bf2a4a2\",\"name\":\"Lo viste en Los Pol\u00edticos\",\"image\":{\"@type\":\"ImageObject\",\"inLanguage\":\"es\",\"@id\":\"https:\\\/\\\/secure.gravatar.com\\\/avatar\\\/3a8de04a2656d44082be478bd6c086daa447c4651605818287b9532d3d0bd435?s=96&d=mm&r=g\",\"url\":\"https:\\\/\\\/secure.gravatar.com\\\/avatar\\\/3a8de04a2656d44082be478bd6c086daa447c4651605818287b9532d3d0bd435?s=96&d=mm&r=g\",\"contentUrl\":\"https:\\\/\\\/secure.gravatar.com\\\/avatar\\\/3a8de04a2656d44082be478bd6c086daa447c4651605818287b9532d3d0bd435?s=96&d=mm&r=g\",\"caption\":\"Lo viste en Los Pol\u00edticos\"},\"url\":\"https:\\\/\\\/lospoliticosveracruz.com\\\/?author=2\"}]}<\/script>\n<!-- \/ Yoast SEO plugin. -->","yoast_head_json":{"title":"DEL NEFASTO REMES A LA PRAGM\u00c1TICA ADANELY - Los pol\u00edticos Veracruz","robots":{"index":"index","follow":"follow","max-snippet":"max-snippet:-1","max-image-preview":"max-image-preview:large","max-video-preview":"max-video-preview:-1"},"canonical":"https:\/\/lospoliticosveracruz.com\/?p=160454","og_locale":"es_ES","og_type":"article","og_title":"DEL NEFASTO REMES A LA PRAGM\u00c1TICA ADANELY - Los pol\u00edticos Veracruz","og_description":"Jos\u00e9 Luis Ortega VidalClaroscurosDurante la segunda quincena de diciembre pasado tuve la oportunidad de dialogar con ciudadanos de Poza Rica, tristes y a\u00fan con afectaciones en sus viviendas por el desbordamiento del r\u00edo Cazones aquella tr\u00e1gica jornada del diez de octubre del 2025.Meses despu\u00e9s, los drenajes tapados en varias colonias como las Morelos, Gaviotas, Granjas, [&hellip;]","og_url":"https:\/\/lospoliticosveracruz.com\/?p=160454","og_site_name":"Los pol\u00edticos Veracruz","article_publisher":"https:\/\/www.facebook.com\/people\/Notimemes-de-los-Polticos\/61565672886568\/","article_published_time":"2026-01-15T04:57:49+00:00","article_modified_time":"2026-01-15T04:57:50+00:00","og_image":[{"width":1250,"height":667,"url":"https:\/\/lospoliticosveracruz.com\/wp-content\/uploads\/2025\/04\/Jose-Luis-Ortega-Vidal.jpg","type":"image\/jpeg"}],"author":"Lo viste en Los Pol\u00edticos","twitter_card":"summary_large_image","twitter_creator":"@LosPoliticosVer","twitter_site":"@LosPoliticosVer","twitter_misc":{"Escrito por":"Lo viste en Los Pol\u00edticos","Tiempo de lectura":"5 minutos"},"schema":{"@context":"https:\/\/schema.org","@graph":[{"@type":"Article","@id":"https:\/\/lospoliticosveracruz.com\/?p=160454#article","isPartOf":{"@id":"https:\/\/lospoliticosveracruz.com\/?p=160454"},"author":{"name":"Lo viste en Los Pol\u00edticos","@id":"https:\/\/lospoliticosveracruz.com\/#\/schema\/person\/b8702bb0e538456e6efd07080bf2a4a2"},"headline":"DEL NEFASTO REMES A LA PRAGM\u00c1TICA ADANELY","datePublished":"2026-01-15T04:57:49+00:00","dateModified":"2026-01-15T04:57:50+00:00","mainEntityOfPage":{"@id":"https:\/\/lospoliticosveracruz.com\/?p=160454"},"wordCount":927,"publisher":{"@id":"https:\/\/lospoliticosveracruz.com\/#organization"},"image":{"@id":"https:\/\/lospoliticosveracruz.com\/?p=160454#primaryimage"},"thumbnailUrl":"https:\/\/lospoliticosveracruz.com\/wp-content\/uploads\/2025\/04\/Jose-Luis-Ortega-Vidal.jpg","keywords":["Adanely Rodr\u00edguez","Fernando Remes","Morena","Poza Rica","Veracruz"],"articleSection":["De Opini\u00f3n"],"inLanguage":"es"},{"@type":"WebPage","@id":"https:\/\/lospoliticosveracruz.com\/?p=160454","url":"https:\/\/lospoliticosveracruz.com\/?p=160454","name":"DEL NEFASTO REMES A LA PRAGM\u00c1TICA ADANELY - Los pol\u00edticos Veracruz","isPartOf":{"@id":"https:\/\/lospoliticosveracruz.com\/#website"},"primaryImageOfPage":{"@id":"https:\/\/lospoliticosveracruz.com\/?p=160454#primaryimage"},"image":{"@id":"https:\/\/lospoliticosveracruz.com\/?p=160454#primaryimage"},"thumbnailUrl":"https:\/\/lospoliticosveracruz.com\/wp-content\/uploads\/2025\/04\/Jose-Luis-Ortega-Vidal.jpg","datePublished":"2026-01-15T04:57:49+00:00","dateModified":"2026-01-15T04:57:50+00:00","breadcrumb":{"@id":"https:\/\/lospoliticosveracruz.com\/?p=160454#breadcrumb"},"inLanguage":"es","potentialAction":[{"@type":"ReadAction","target":["https:\/\/lospoliticosveracruz.com\/?p=160454"]}]},{"@type":"ImageObject","inLanguage":"es","@id":"https:\/\/lospoliticosveracruz.com\/?p=160454#primaryimage","url":"https:\/\/lospoliticosveracruz.com\/wp-content\/uploads\/2025\/04\/Jose-Luis-Ortega-Vidal.jpg","contentUrl":"https:\/\/lospoliticosveracruz.com\/wp-content\/uploads\/2025\/04\/Jose-Luis-Ortega-Vidal.jpg","width":1250,"height":667},{"@type":"BreadcrumbList","@id":"https:\/\/lospoliticosveracruz.com\/?p=160454#breadcrumb","itemListElement":[{"@type":"ListItem","position":1,"name":"Portada","item":"https:\/\/lospoliticosveracruz.com\/"},{"@type":"ListItem","position":2,"name":"DEL NEFASTO REMES A LA PRAGM\u00c1TICA ADANELY"}]},{"@type":"WebSite","@id":"https:\/\/lospoliticosveracruz.com\/#website","url":"https:\/\/lospoliticosveracruz.com\/","name":"Los pol\u00edticos Veracruz","description":"","publisher":{"@id":"https:\/\/lospoliticosveracruz.com\/#organization"},"potentialAction":[{"@type":"SearchAction","target":{"@type":"EntryPoint","urlTemplate":"https:\/\/lospoliticosveracruz.com\/?s={search_term_string}"},"query-input":{"@type":"PropertyValueSpecification","valueRequired":true,"valueName":"search_term_string"}}],"inLanguage":"es"},{"@type":"Organization","@id":"https:\/\/lospoliticosveracruz.com\/#organization","name":"Los pol\u00edticos Veracruz","url":"https:\/\/lospoliticosveracruz.com\/","logo":{"@type":"ImageObject","inLanguage":"es","@id":"https:\/\/lospoliticosveracruz.com\/#\/schema\/logo\/image\/","url":"https:\/\/lospoliticosveracruz.com\/wp-content\/uploads\/2025\/12\/Logo-Nuevo-LOS-POLITICOS-1.jpg","contentUrl":"https:\/\/lospoliticosveracruz.com\/wp-content\/uploads\/2025\/12\/Logo-Nuevo-LOS-POLITICOS-1.jpg","width":260,"height":70,"caption":"Los pol\u00edticos Veracruz"},"image":{"@id":"https:\/\/lospoliticosveracruz.com\/#\/schema\/logo\/image\/"},"sameAs":["https:\/\/www.facebook.com\/people\/Notimemes-de-los-Polticos\/61565672886568\/","https:\/\/x.com\/LosPoliticosVer"]},{"@type":"Person","@id":"https:\/\/lospoliticosveracruz.com\/#\/schema\/person\/b8702bb0e538456e6efd07080bf2a4a2","name":"Lo viste en Los Pol\u00edticos","image":{"@type":"ImageObject","inLanguage":"es","@id":"https:\/\/secure.gravatar.com\/avatar\/3a8de04a2656d44082be478bd6c086daa447c4651605818287b9532d3d0bd435?s=96&d=mm&r=g","url":"https:\/\/secure.gravatar.com\/avatar\/3a8de04a2656d44082be478bd6c086daa447c4651605818287b9532d3d0bd435?s=96&d=mm&r=g","contentUrl":"https:\/\/secure.gravatar.com\/avatar\/3a8de04a2656d44082be478bd6c086daa447c4651605818287b9532d3d0bd435?s=96&d=mm&r=g","caption":"Lo viste en Los Pol\u00edticos"},"url":"https:\/\/lospoliticosveracruz.com\/?author=2"}]}},"_links":{"self":[{"href":"https:\/\/lospoliticosveracruz.com\/index.php?rest_route=\/wp\/v2\/posts\/160454","targetHints":{"allow":["GET"]}}],"collection":[{"href":"https:\/\/lospoliticosveracruz.com\/index.php?rest_route=\/wp\/v2\/posts"}],"about":[{"href":"https:\/\/lospoliticosveracruz.com\/index.php?rest_route=\/wp\/v2\/types\/post"}],"author":[{"embeddable":true,"href":"https:\/\/lospoliticosveracruz.com\/index.php?rest_route=\/wp\/v2\/users\/2"}],"replies":[{"embeddable":true,"href":"https:\/\/lospoliticosveracruz.com\/index.php?rest_route=%2Fwp%2Fv2%2Fcomments&post=160454"}],"version-history":[{"count":1,"href":"https:\/\/lospoliticosveracruz.com\/index.php?rest_route=\/wp\/v2\/posts\/160454\/revisions"}],"predecessor-version":[{"id":160455,"href":"https:\/\/lospoliticosveracruz.com\/index.php?rest_route=\/wp\/v2\/posts\/160454\/revisions\/160455"}],"wp:featuredmedia":[{"embeddable":true,"href":"https:\/\/lospoliticosveracruz.com\/index.php?rest_route=\/wp\/v2\/media\/141392"}],"wp:attachment":[{"href":"https:\/\/lospoliticosveracruz.com\/index.php?rest_route=%2Fwp%2Fv2%2Fmedia&parent=160454"}],"wp:term":[{"taxonomy":"category","embeddable":true,"href":"https:\/\/lospoliticosveracruz.com\/index.php?rest_route=%2Fwp%2Fv2%2Fcategories&post=160454"},{"taxonomy":"post_tag","embeddable":true,"href":"https:\/\/lospoliticosveracruz.com\/index.php?rest_route=%2Fwp%2Fv2%2Ftags&post=160454"}],"curies":[{"name":"wp","href":"https:\/\/api.w.org\/{rel}","templated":true}]}}