{"id":160473,"date":"2026-01-15T10:23:53","date_gmt":"2026-01-15T16:23:53","guid":{"rendered":"https:\/\/lospoliticosveracruz.com\/?p=160473"},"modified":"2026-01-15T10:23:54","modified_gmt":"2026-01-15T16:23:54","slug":"por-amor-a-la-familia","status":"publish","type":"post","link":"https:\/\/lospoliticosveracruz.com\/?p=160473","title":{"rendered":"POR AMOR A LA FAMILIA!"},"content":{"rendered":"\n<p>Del 19 de enero al 13 de febrero, el&nbsp;<strong>H. Ayuntamiento de Veracruz<\/strong>, a trav\u00e9s del&nbsp;<strong>DIF Municipal<\/strong>, abre la inscripci\u00f3n para participar en las&nbsp;<strong>Bodas Colectivas 2026 \u201cPor amor a la familia\u201d<\/strong>, un evento gratuito que permite a cada pareja formalizar legalmente su uni\u00f3n, garantizar sus derechos y obligaciones legales y celebrar su compromiso familiar ante la sociedad.<\/p>\n\n\n\n<p>La&nbsp;<strong>alcaldesa Rosa Mar\u00eda Hern\u00e1ndez Espejo<\/strong>&nbsp;destac\u00f3 que esta iniciativa reafirma el compromiso del gobierno municipal con la inclusi\u00f3n, la legalidad y la familia como base de la sociedad.<\/p>\n\n\n\n<p>Por su parte, la&nbsp;<strong>presidenta del DIF Municipal, Daniela Lily Hern\u00e1ndez<\/strong>, se\u00f1al\u00f3 que el programa busca tambi\u00e9n fortalecer los lazos familiares y apoyar a la comunidad veracruzana.<\/p>\n\n\n\n<p><strong>Requisitos para participar (ambos contrayentes):<\/strong><\/p>\n\n\n\n<p>\u2022 Acta de nacimiento<\/p>\n\n\n\n<p>\u2022 Credencial de elector<\/p>\n\n\n\n<p>\u2022 CURP certificada (descargada)<\/p>\n\n\n\n<p><strong>Recepci\u00f3n de documentos:<\/strong><\/p>\n\n\n\n<p>\u2022 <strong>Lugar:<\/strong>&nbsp;Registro Civil de Veracruz (Ju\u00e1rez esquina Zaragoza, colonia Centro)<\/p>\n\n\n\n<p>\u2022 <strong>Horario:<\/strong>&nbsp;a partir de las 16:00 horas, hasta entregar 60 fichas.<\/p>\n\n\n\n<p>\u2022 <strong>Del 19 de enero al 13 de febrero<\/strong><\/p>\n\n\n\n<p><strong>Ceremonia:<\/strong><\/p>\n\n\n\n<p>\u2022 <strong>Fecha:<\/strong>&nbsp;Jueves 20 de febrero de 2026<\/p>\n\n\n\n<p>\u2022 <strong>Hora:<\/strong>&nbsp;17:00 horas<\/p>\n\n\n\n<p>\u2022 <strong>Lugar:<\/strong>&nbsp;<strong>Auditorio Benito Ju\u00e1rez<\/strong><\/p>\n","protected":false},"excerpt":{"rendered":"<p>Del 19 de enero al 13 de febrero, el&nbsp;H. Ayuntamiento de Veracruz, a trav\u00e9s del&nbsp;DIF Municipal, abre la inscripci\u00f3n para participar en las&nbsp;Bodas Colectivas 2026 \u201cPor amor a la familia\u201d, un evento gratuito que permite a cada pareja formalizar legalmente su uni\u00f3n, garantizar sus derechos y obligaciones legales y celebrar su compromiso familiar ante la [&hellip;]<\/p>\n","protected":false},"author":2,"featured_media":160474,"comment_status":"closed","ping_status":"closed","sticky":false,"template":"","format":"standard","meta":{"tdm_status":"","tdm_grid_status":"","footnotes":""},"categories":[73],"tags":[50259,50262,50261,11445,29124,50260],"class_list":{"0":"post-160473","1":"post","2":"type-post","3":"status-publish","4":"format-standard","5":"has-post-thumbnail","7":"category-de-boleto","8":"tag-bodas-colectivas-veracruz","9":"tag-ceremonia-gratuita","10":"tag-derechos-familiares-veracruz","11":"tag-dif-municipal-veracruz","12":"tag-rosa-maria-hernandez","13":"tag-union-legal-parejas"},"yoast_head":"<!-- This site is optimized with the Yoast SEO plugin v27.4 - https:\/\/yoast.com\/product\/yoast-seo-wordpress\/ -->\n<title>POR AMOR A LA FAMILIA! - Los pol\u00edticos Veracruz<\/title>\n<meta name=\"robots\" content=\"index, follow, max-snippet:-1, max-image-preview:large, max-video-preview:-1\" \/>\n<link rel=\"canonical\" href=\"https:\/\/lospoliticosveracruz.com\/?p=160473\" \/>\n<meta property=\"og:locale\" content=\"es_ES\" \/>\n<meta property=\"og:type\" content=\"article\" \/>\n<meta property=\"og:title\" content=\"POR AMOR A LA FAMILIA! - Los pol\u00edticos Veracruz\" \/>\n<meta property=\"og:description\" content=\"Del 19 de enero al 13 de febrero, el&nbsp;H. Ayuntamiento de Veracruz, a trav\u00e9s del&nbsp;DIF Municipal, abre la inscripci\u00f3n para participar en las&nbsp;Bodas Colectivas 2026 \u201cPor amor a la familia\u201d, un evento gratuito que permite a cada pareja formalizar legalmente su uni\u00f3n, garantizar sus derechos y obligaciones legales y celebrar su compromiso familiar ante la [&hellip;]\" \/>\n<meta property=\"og:url\" content=\"https:\/\/lospoliticosveracruz.com\/?p=160473\" \/>\n<meta property=\"og:site_name\" content=\"Los pol\u00edticos Veracruz\" \/>\n<meta property=\"article:publisher\" content=\"https:\/\/www.facebook.com\/people\/Notimemes-de-los-Polticos\/61565672886568\/\" \/>\n<meta property=\"article:published_time\" content=\"2026-01-15T16:23:53+00:00\" \/>\n<meta property=\"article:modified_time\" content=\"2026-01-15T16:23:54+00:00\" \/>\n<meta property=\"og:image\" content=\"https:\/\/lospoliticosveracruz.com\/wp-content\/uploads\/2026\/01\/IMG_8500.png\" \/>\n\t<meta property=\"og:image:width\" content=\"600\" \/>\n\t<meta property=\"og:image:height\" content=\"320\" \/>\n\t<meta property=\"og:image:type\" content=\"image\/png\" \/>\n<meta name=\"author\" content=\"Lo viste en Los Pol\u00edticos\" \/>\n<meta name=\"twitter:card\" content=\"summary_large_image\" \/>\n<meta name=\"twitter:creator\" content=\"@LosPoliticosVer\" \/>\n<meta name=\"twitter:site\" content=\"@LosPoliticosVer\" \/>\n<meta name=\"twitter:label1\" content=\"Escrito por\" \/>\n\t<meta name=\"twitter:data1\" content=\"Lo viste en Los Pol\u00edticos\" \/>\n\t<meta name=\"twitter:label2\" content=\"Tiempo de lectura\" \/>\n\t<meta name=\"twitter:data2\" content=\"2 minutos\" \/>\n<script type=\"application\/ld+json\" class=\"yoast-schema-graph\">{\"@context\":\"https:\\\/\\\/schema.org\",\"@graph\":[{\"@type\":\"Article\",\"@id\":\"https:\\\/\\\/lospoliticosveracruz.com\\\/?p=160473#article\",\"isPartOf\":{\"@id\":\"https:\\\/\\\/lospoliticosveracruz.com\\\/?p=160473\"},\"author\":{\"name\":\"Lo viste en Los Pol\u00edticos\",\"@id\":\"https:\\\/\\\/lospoliticosveracruz.com\\\/#\\\/schema\\\/person\\\/b8702bb0e538456e6efd07080bf2a4a2\"},\"headline\":\"POR AMOR A LA FAMILIA!\",\"datePublished\":\"2026-01-15T16:23:53+00:00\",\"dateModified\":\"2026-01-15T16:23:54+00:00\",\"mainEntityOfPage\":{\"@id\":\"https:\\\/\\\/lospoliticosveracruz.com\\\/?p=160473\"},\"wordCount\":194,\"publisher\":{\"@id\":\"https:\\\/\\\/lospoliticosveracruz.com\\\/#organization\"},\"image\":{\"@id\":\"https:\\\/\\\/lospoliticosveracruz.com\\\/?p=160473#primaryimage\"},\"thumbnailUrl\":\"https:\\\/\\\/lospoliticosveracruz.com\\\/wp-content\\\/uploads\\\/2026\\\/01\\\/IMG_8500.png\",\"keywords\":[\"Bodas colectivas Veracruz\",\"ceremonia gratuita\",\"derechos familiares Veracruz\",\"DIF municipal Veracruz\",\"Rosa Mar\u00eda Hern\u00e1ndez\",\"uni\u00f3n legal parejas\"],\"articleSection\":[\"De Boleto\"],\"inLanguage\":\"es\"},{\"@type\":\"WebPage\",\"@id\":\"https:\\\/\\\/lospoliticosveracruz.com\\\/?p=160473\",\"url\":\"https:\\\/\\\/lospoliticosveracruz.com\\\/?p=160473\",\"name\":\"POR AMOR A LA FAMILIA! - Los pol\u00edticos Veracruz\",\"isPartOf\":{\"@id\":\"https:\\\/\\\/lospoliticosveracruz.com\\\/#website\"},\"primaryImageOfPage\":{\"@id\":\"https:\\\/\\\/lospoliticosveracruz.com\\\/?p=160473#primaryimage\"},\"image\":{\"@id\":\"https:\\\/\\\/lospoliticosveracruz.com\\\/?p=160473#primaryimage\"},\"thumbnailUrl\":\"https:\\\/\\\/lospoliticosveracruz.com\\\/wp-content\\\/uploads\\\/2026\\\/01\\\/IMG_8500.png\",\"datePublished\":\"2026-01-15T16:23:53+00:00\",\"dateModified\":\"2026-01-15T16:23:54+00:00\",\"breadcrumb\":{\"@id\":\"https:\\\/\\\/lospoliticosveracruz.com\\\/?p=160473#breadcrumb\"},\"inLanguage\":\"es\",\"potentialAction\":[{\"@type\":\"ReadAction\",\"target\":[\"https:\\\/\\\/lospoliticosveracruz.com\\\/?p=160473\"]}]},{\"@type\":\"ImageObject\",\"inLanguage\":\"es\",\"@id\":\"https:\\\/\\\/lospoliticosveracruz.com\\\/?p=160473#primaryimage\",\"url\":\"https:\\\/\\\/lospoliticosveracruz.com\\\/wp-content\\\/uploads\\\/2026\\\/01\\\/IMG_8500.png\",\"contentUrl\":\"https:\\\/\\\/lospoliticosveracruz.com\\\/wp-content\\\/uploads\\\/2026\\\/01\\\/IMG_8500.png\",\"width\":600,\"height\":320},{\"@type\":\"BreadcrumbList\",\"@id\":\"https:\\\/\\\/lospoliticosveracruz.com\\\/?p=160473#breadcrumb\",\"itemListElement\":[{\"@type\":\"ListItem\",\"position\":1,\"name\":\"Portada\",\"item\":\"https:\\\/\\\/lospoliticosveracruz.com\\\/\"},{\"@type\":\"ListItem\",\"position\":2,\"name\":\"POR AMOR A LA FAMILIA!\"}]},{\"@type\":\"WebSite\",\"@id\":\"https:\\\/\\\/lospoliticosveracruz.com\\\/#website\",\"url\":\"https:\\\/\\\/lospoliticosveracruz.com\\\/\",\"name\":\"Los pol\u00edticos Veracruz\",\"description\":\"\",\"publisher\":{\"@id\":\"https:\\\/\\\/lospoliticosveracruz.com\\\/#organization\"},\"potentialAction\":[{\"@type\":\"SearchAction\",\"target\":{\"@type\":\"EntryPoint\",\"urlTemplate\":\"https:\\\/\\\/lospoliticosveracruz.com\\\/?s={search_term_string}\"},\"query-input\":{\"@type\":\"PropertyValueSpecification\",\"valueRequired\":true,\"valueName\":\"search_term_string\"}}],\"inLanguage\":\"es\"},{\"@type\":\"Organization\",\"@id\":\"https:\\\/\\\/lospoliticosveracruz.com\\\/#organization\",\"name\":\"Los pol\u00edticos Veracruz\",\"url\":\"https:\\\/\\\/lospoliticosveracruz.com\\\/\",\"logo\":{\"@type\":\"ImageObject\",\"inLanguage\":\"es\",\"@id\":\"https:\\\/\\\/lospoliticosveracruz.com\\\/#\\\/schema\\\/logo\\\/image\\\/\",\"url\":\"https:\\\/\\\/lospoliticosveracruz.com\\\/wp-content\\\/uploads\\\/2025\\\/12\\\/Logo-Nuevo-LOS-POLITICOS-1.jpg\",\"contentUrl\":\"https:\\\/\\\/lospoliticosveracruz.com\\\/wp-content\\\/uploads\\\/2025\\\/12\\\/Logo-Nuevo-LOS-POLITICOS-1.jpg\",\"width\":260,\"height\":70,\"caption\":\"Los pol\u00edticos Veracruz\"},\"image\":{\"@id\":\"https:\\\/\\\/lospoliticosveracruz.com\\\/#\\\/schema\\\/logo\\\/image\\\/\"},\"sameAs\":[\"https:\\\/\\\/www.facebook.com\\\/people\\\/Notimemes-de-los-Polticos\\\/61565672886568\\\/\",\"https:\\\/\\\/x.com\\\/LosPoliticosVer\"]},{\"@type\":\"Person\",\"@id\":\"https:\\\/\\\/lospoliticosveracruz.com\\\/#\\\/schema\\\/person\\\/b8702bb0e538456e6efd07080bf2a4a2\",\"name\":\"Lo viste en Los Pol\u00edticos\",\"image\":{\"@type\":\"ImageObject\",\"inLanguage\":\"es\",\"@id\":\"https:\\\/\\\/secure.gravatar.com\\\/avatar\\\/3a8de04a2656d44082be478bd6c086daa447c4651605818287b9532d3d0bd435?s=96&d=mm&r=g\",\"url\":\"https:\\\/\\\/secure.gravatar.com\\\/avatar\\\/3a8de04a2656d44082be478bd6c086daa447c4651605818287b9532d3d0bd435?s=96&d=mm&r=g\",\"contentUrl\":\"https:\\\/\\\/secure.gravatar.com\\\/avatar\\\/3a8de04a2656d44082be478bd6c086daa447c4651605818287b9532d3d0bd435?s=96&d=mm&r=g\",\"caption\":\"Lo viste en Los Pol\u00edticos\"},\"url\":\"https:\\\/\\\/lospoliticosveracruz.com\\\/?author=2\"}]}<\/script>\n<!-- \/ Yoast SEO plugin. -->","yoast_head_json":{"title":"POR AMOR A LA FAMILIA! - Los pol\u00edticos Veracruz","robots":{"index":"index","follow":"follow","max-snippet":"max-snippet:-1","max-image-preview":"max-image-preview:large","max-video-preview":"max-video-preview:-1"},"canonical":"https:\/\/lospoliticosveracruz.com\/?p=160473","og_locale":"es_ES","og_type":"article","og_title":"POR AMOR A LA FAMILIA! - Los pol\u00edticos Veracruz","og_description":"Del 19 de enero al 13 de febrero, el&nbsp;H. Ayuntamiento de Veracruz, a trav\u00e9s del&nbsp;DIF Municipal, abre la inscripci\u00f3n para participar en las&nbsp;Bodas Colectivas 2026 \u201cPor amor a la familia\u201d, un evento gratuito que permite a cada pareja formalizar legalmente su uni\u00f3n, garantizar sus derechos y obligaciones legales y celebrar su compromiso familiar ante la [&hellip;]","og_url":"https:\/\/lospoliticosveracruz.com\/?p=160473","og_site_name":"Los pol\u00edticos Veracruz","article_publisher":"https:\/\/www.facebook.com\/people\/Notimemes-de-los-Polticos\/61565672886568\/","article_published_time":"2026-01-15T16:23:53+00:00","article_modified_time":"2026-01-15T16:23:54+00:00","og_image":[{"width":600,"height":320,"url":"https:\/\/lospoliticosveracruz.com\/wp-content\/uploads\/2026\/01\/IMG_8500.png","type":"image\/png"}],"author":"Lo viste en Los Pol\u00edticos","twitter_card":"summary_large_image","twitter_creator":"@LosPoliticosVer","twitter_site":"@LosPoliticosVer","twitter_misc":{"Escrito por":"Lo viste en Los Pol\u00edticos","Tiempo de lectura":"2 minutos"},"schema":{"@context":"https:\/\/schema.org","@graph":[{"@type":"Article","@id":"https:\/\/lospoliticosveracruz.com\/?p=160473#article","isPartOf":{"@id":"https:\/\/lospoliticosveracruz.com\/?p=160473"},"author":{"name":"Lo viste en Los Pol\u00edticos","@id":"https:\/\/lospoliticosveracruz.com\/#\/schema\/person\/b8702bb0e538456e6efd07080bf2a4a2"},"headline":"POR AMOR A LA FAMILIA!","datePublished":"2026-01-15T16:23:53+00:00","dateModified":"2026-01-15T16:23:54+00:00","mainEntityOfPage":{"@id":"https:\/\/lospoliticosveracruz.com\/?p=160473"},"wordCount":194,"publisher":{"@id":"https:\/\/lospoliticosveracruz.com\/#organization"},"image":{"@id":"https:\/\/lospoliticosveracruz.com\/?p=160473#primaryimage"},"thumbnailUrl":"https:\/\/lospoliticosveracruz.com\/wp-content\/uploads\/2026\/01\/IMG_8500.png","keywords":["Bodas colectivas Veracruz","ceremonia gratuita","derechos familiares Veracruz","DIF municipal Veracruz","Rosa Mar\u00eda Hern\u00e1ndez","uni\u00f3n legal parejas"],"articleSection":["De Boleto"],"inLanguage":"es"},{"@type":"WebPage","@id":"https:\/\/lospoliticosveracruz.com\/?p=160473","url":"https:\/\/lospoliticosveracruz.com\/?p=160473","name":"POR AMOR A LA FAMILIA! - Los pol\u00edticos Veracruz","isPartOf":{"@id":"https:\/\/lospoliticosveracruz.com\/#website"},"primaryImageOfPage":{"@id":"https:\/\/lospoliticosveracruz.com\/?p=160473#primaryimage"},"image":{"@id":"https:\/\/lospoliticosveracruz.com\/?p=160473#primaryimage"},"thumbnailUrl":"https:\/\/lospoliticosveracruz.com\/wp-content\/uploads\/2026\/01\/IMG_8500.png","datePublished":"2026-01-15T16:23:53+00:00","dateModified":"2026-01-15T16:23:54+00:00","breadcrumb":{"@id":"https:\/\/lospoliticosveracruz.com\/?p=160473#breadcrumb"},"inLanguage":"es","potentialAction":[{"@type":"ReadAction","target":["https:\/\/lospoliticosveracruz.com\/?p=160473"]}]},{"@type":"ImageObject","inLanguage":"es","@id":"https:\/\/lospoliticosveracruz.com\/?p=160473#primaryimage","url":"https:\/\/lospoliticosveracruz.com\/wp-content\/uploads\/2026\/01\/IMG_8500.png","contentUrl":"https:\/\/lospoliticosveracruz.com\/wp-content\/uploads\/2026\/01\/IMG_8500.png","width":600,"height":320},{"@type":"BreadcrumbList","@id":"https:\/\/lospoliticosveracruz.com\/?p=160473#breadcrumb","itemListElement":[{"@type":"ListItem","position":1,"name":"Portada","item":"https:\/\/lospoliticosveracruz.com\/"},{"@type":"ListItem","position":2,"name":"POR AMOR A LA FAMILIA!"}]},{"@type":"WebSite","@id":"https:\/\/lospoliticosveracruz.com\/#website","url":"https:\/\/lospoliticosveracruz.com\/","name":"Los pol\u00edticos Veracruz","description":"","publisher":{"@id":"https:\/\/lospoliticosveracruz.com\/#organization"},"potentialAction":[{"@type":"SearchAction","target":{"@type":"EntryPoint","urlTemplate":"https:\/\/lospoliticosveracruz.com\/?s={search_term_string}"},"query-input":{"@type":"PropertyValueSpecification","valueRequired":true,"valueName":"search_term_string"}}],"inLanguage":"es"},{"@type":"Organization","@id":"https:\/\/lospoliticosveracruz.com\/#organization","name":"Los pol\u00edticos Veracruz","url":"https:\/\/lospoliticosveracruz.com\/","logo":{"@type":"ImageObject","inLanguage":"es","@id":"https:\/\/lospoliticosveracruz.com\/#\/schema\/logo\/image\/","url":"https:\/\/lospoliticosveracruz.com\/wp-content\/uploads\/2025\/12\/Logo-Nuevo-LOS-POLITICOS-1.jpg","contentUrl":"https:\/\/lospoliticosveracruz.com\/wp-content\/uploads\/2025\/12\/Logo-Nuevo-LOS-POLITICOS-1.jpg","width":260,"height":70,"caption":"Los pol\u00edticos Veracruz"},"image":{"@id":"https:\/\/lospoliticosveracruz.com\/#\/schema\/logo\/image\/"},"sameAs":["https:\/\/www.facebook.com\/people\/Notimemes-de-los-Polticos\/61565672886568\/","https:\/\/x.com\/LosPoliticosVer"]},{"@type":"Person","@id":"https:\/\/lospoliticosveracruz.com\/#\/schema\/person\/b8702bb0e538456e6efd07080bf2a4a2","name":"Lo viste en Los Pol\u00edticos","image":{"@type":"ImageObject","inLanguage":"es","@id":"https:\/\/secure.gravatar.com\/avatar\/3a8de04a2656d44082be478bd6c086daa447c4651605818287b9532d3d0bd435?s=96&d=mm&r=g","url":"https:\/\/secure.gravatar.com\/avatar\/3a8de04a2656d44082be478bd6c086daa447c4651605818287b9532d3d0bd435?s=96&d=mm&r=g","contentUrl":"https:\/\/secure.gravatar.com\/avatar\/3a8de04a2656d44082be478bd6c086daa447c4651605818287b9532d3d0bd435?s=96&d=mm&r=g","caption":"Lo viste en Los Pol\u00edticos"},"url":"https:\/\/lospoliticosveracruz.com\/?author=2"}]}},"_links":{"self":[{"href":"https:\/\/lospoliticosveracruz.com\/index.php?rest_route=\/wp\/v2\/posts\/160473","targetHints":{"allow":["GET"]}}],"collection":[{"href":"https:\/\/lospoliticosveracruz.com\/index.php?rest_route=\/wp\/v2\/posts"}],"about":[{"href":"https:\/\/lospoliticosveracruz.com\/index.php?rest_route=\/wp\/v2\/types\/post"}],"author":[{"embeddable":true,"href":"https:\/\/lospoliticosveracruz.com\/index.php?rest_route=\/wp\/v2\/users\/2"}],"replies":[{"embeddable":true,"href":"https:\/\/lospoliticosveracruz.com\/index.php?rest_route=%2Fwp%2Fv2%2Fcomments&post=160473"}],"version-history":[{"count":1,"href":"https:\/\/lospoliticosveracruz.com\/index.php?rest_route=\/wp\/v2\/posts\/160473\/revisions"}],"predecessor-version":[{"id":160475,"href":"https:\/\/lospoliticosveracruz.com\/index.php?rest_route=\/wp\/v2\/posts\/160473\/revisions\/160475"}],"wp:featuredmedia":[{"embeddable":true,"href":"https:\/\/lospoliticosveracruz.com\/index.php?rest_route=\/wp\/v2\/media\/160474"}],"wp:attachment":[{"href":"https:\/\/lospoliticosveracruz.com\/index.php?rest_route=%2Fwp%2Fv2%2Fmedia&parent=160473"}],"wp:term":[{"taxonomy":"category","embeddable":true,"href":"https:\/\/lospoliticosveracruz.com\/index.php?rest_route=%2Fwp%2Fv2%2Fcategories&post=160473"},{"taxonomy":"post_tag","embeddable":true,"href":"https:\/\/lospoliticosveracruz.com\/index.php?rest_route=%2Fwp%2Fv2%2Ftags&post=160473"}],"curies":[{"name":"wp","href":"https:\/\/api.w.org\/{rel}","templated":true}]}}