{"id":160476,"date":"2026-01-15T10:30:12","date_gmt":"2026-01-15T16:30:12","guid":{"rendered":"https:\/\/lospoliticosveracruz.com\/?p=160476"},"modified":"2026-01-15T10:30:13","modified_gmt":"2026-01-15T16:30:13","slug":"mc-hara-una-gran-alianza-promete-carbonell","status":"publish","type":"post","link":"https:\/\/lospoliticosveracruz.com\/?p=160476","title":{"rendered":"MC HAR\u00c1 UNA GRAN ALIANZA, PROMETE CARBONELL"},"content":{"rendered":"\n<p><strong>Bernardo Guti\u00e9rrez Parra<\/strong><\/p>\n\n\n\n<p>Desde el Caf\u00e9<\/p>\n\n\n\n<p>El a\u00f1o anterior, despu\u00e9s de las elecciones municipales en Veracruz, se cometi\u00f3 uno de los atracos m\u00e1s ruines de los que se tenga memoria. Apenas se hab\u00edan cerrado las casillas la tarde del 1 de junio, Morena aleg\u00f3 que el partido Movimiento Ciudadano hab\u00eda ganado de manera fraudulenta en Poza Rica y Papantla. La dirigencia del guinda jam\u00e1s present\u00f3 una sola prueba del presunto fraude, pero a\u00fan as\u00ed y en contubernio con las autoridades electorales, obtuvo en la mesa lo que no pudo ganar en las urnas.<\/p>\n\n\n\n\n\n<p>\u00bfHay enojo por ese par de robos?, le pregunt\u00e9 al l\u00edder estatal de MC, Luis Carbonell.<\/p>\n\n\n\n<p>\u201cLo que hay son m\u00e1s ganas de servirle a Veracruz -me contest\u00f3-, debemos redoblar esfuerzos porque MC demostr\u00f3 que es su alternativa, la opci\u00f3n de gobierno y de futuro. Y quiero decir a los 600 mil veracruzanos que votaron por nosotros, que vamos a trabajar con m\u00e1s ganas, con m\u00e1s fuerza, con m\u00e1s \u00e1nimo y que la sociedad no se equivoc\u00f3 al confiar en nosotros.<\/p>\n\n\n\n<p>\u201cDesde luego que en su momento hubo impotencia, un sentimiento de robo por lo que sucedi\u00f3. Pero hoy la confianza de los veracruzanos nos lleva a trabajar m\u00e1s duro por la gente de Papantla, Poza Rica y de todo el norte del estado, pero el sentimiento es de construcci\u00f3n. Y nuestra contestaci\u00f3n a esos actos de barbarie pol\u00edtica y de violaci\u00f3n al estado democr\u00e1tico, ser\u00e1 darle resultados a la ciudadan\u00eda y sobre todo, acreditar que somos la nueva fuerza pol\u00edtica para tener en el 2027 la mayor\u00eda en el Congreso local\u201d.<\/p>\n\n\n\n<p>En Movimiento Ciudadano saben que la clave para que el partido siga creciendo est\u00e1 en el trabajo que realicen sus alcaldes y regidores, de ah\u00ed que los primeros d\u00edas de este 2026 Luis Carbonell los ocup\u00f3 para visitar Las Choapas, Ixhuatl\u00e1n del Sureste, Mecayapan y J\u00e1ltipan, donde impuls\u00f3 a alcaldes y regidores a trabajar con ah\u00ednco para dar otro campanazo en el 2027.<\/p>\n\n\n\n<p>M\u00e1s adelante ir\u00e1 a Puente Nacional, Paso de Ovejas, Jalcomulco, La Antigua y \u00darsulo Galv\u00e1n, municipios que ya son conocidos como \u201cEl corredor naranja\u201d. Pero pondr\u00e1 especial \u00e9nfasis en los municipios del norte como Poza Rica, Papantla, Tuxpan, \u00c1lamo, P\u00e1nuco y Tempoal.<\/p>\n\n\n\n<p>En entrevista realizada en las oficinas de su partido, Luis Carbonell dijo que en el 2027 esperan consolidarse como lo que ya son: la segunda fuerza pol\u00edtica en el estado. Pero en breve piensan ser la primera. \u201cQueremos dar buenos resultados con los gobiernos municipales, queremos que nuestros regidores y regidoras marquen la diferencia en cada municipio y desde luego seguir fortaleci\u00e9ndonos para tener la mayor\u00eda en ambos congresos (el estatal y el federal), y pelear en el 2030 la gubernatura con alguna mujer o un hombre emanados de Movimiento Ciudadano\u201d.<\/p>\n\n\n\n<p>Y a prop\u00f3sito de la gubernatura, \u00bfc\u00f3mo ves el 2030 para Movimiento Ciudadano en Veracruz?<\/p>\n\n\n\n<p>\u201cAlentador -contest\u00f3 al botepronto-, hay que seguir trabajando todos los d\u00edas, hay muchos perfiles y ciudadanos valiosos que pueden aspirar a la gubernatura. Como dirigente estatal que soy, lo \u00fanico que puedo hacer es alentarlos a participar. En este momento estoy concentrado en el 2027 para darle a mi partido la mayor votaci\u00f3n en la historia porque Movimiento Ciudadano ya est\u00e1 consolidado. A pesar de que tenemos cuadros propios en los 212 municipios, seguiremos abriendo el partido para que haya una mayor participaci\u00f3n\u201d.<\/p>\n\n\n\n<p>\u00bfNada de alianzas?, le pregunt\u00e9.<\/p>\n\n\n\n<p>\u201cS\u00ed por supuesto: una gran alianza con la sociedad civil, con el pueblo y con lo m\u00e1s representativo de Veracruz. A quienes piensan que las alianzas con los membretes del pasado son las que valen, yo les digo que las personas valen m\u00e1s que los partidos y que Movimiento Ciudadano seguir\u00e1 siendo congruente yendo en una gran alianza con la sociedad\u201d fue su respuesta.<\/p>\n\n\n\n<p>bernagup28@gmail.com<\/p>\n","protected":false},"excerpt":{"rendered":"<p>Bernardo Guti\u00e9rrez Parra Desde el Caf\u00e9 El a\u00f1o anterior, despu\u00e9s de las elecciones municipales en Veracruz, se cometi\u00f3 uno de los atracos m\u00e1s ruines de los que se tenga memoria. Apenas se hab\u00edan cerrado las casillas la tarde del 1 de junio, Morena aleg\u00f3 que el partido Movimiento Ciudadano hab\u00eda ganado de manera fraudulenta en [&hellip;]<\/p>\n","protected":false},"author":2,"featured_media":141479,"comment_status":"closed","ping_status":"closed","sticky":false,"template":"","format":"standard","meta":{"tdm_status":"","tdm_grid_status":"","footnotes":""},"categories":[70],"tags":[50263,46736,26406,38166,50264],"class_list":{"0":"post-160476","1":"post","2":"type-post","3":"status-publish","4":"format-standard","5":"has-post-thumbnail","7":"category-de-opinion","8":"tag-alianza-con-sociedad-civil","9":"tag-elecciones-municipales-veracruz","10":"tag-luis-carbonell","11":"tag-movimiento-ciudadano-veracruz","12":"tag-poza-rica-y-papantla"},"yoast_head":"<!-- This site is optimized with the Yoast SEO plugin v27.4 - https:\/\/yoast.com\/product\/yoast-seo-wordpress\/ -->\n<title>MC HAR\u00c1 UNA GRAN ALIANZA, PROMETE CARBONELL - Los pol\u00edticos Veracruz<\/title>\n<meta name=\"robots\" content=\"index, follow, max-snippet:-1, max-image-preview:large, max-video-preview:-1\" \/>\n<link rel=\"canonical\" href=\"https:\/\/lospoliticosveracruz.com\/?p=160476\" \/>\n<meta property=\"og:locale\" content=\"es_ES\" \/>\n<meta property=\"og:type\" content=\"article\" \/>\n<meta property=\"og:title\" content=\"MC HAR\u00c1 UNA GRAN ALIANZA, PROMETE CARBONELL - Los pol\u00edticos Veracruz\" \/>\n<meta property=\"og:description\" content=\"Bernardo Guti\u00e9rrez Parra Desde el Caf\u00e9 El a\u00f1o anterior, despu\u00e9s de las elecciones municipales en Veracruz, se cometi\u00f3 uno de los atracos m\u00e1s ruines de los que se tenga memoria. Apenas se hab\u00edan cerrado las casillas la tarde del 1 de junio, Morena aleg\u00f3 que el partido Movimiento Ciudadano hab\u00eda ganado de manera fraudulenta en [&hellip;]\" \/>\n<meta property=\"og:url\" content=\"https:\/\/lospoliticosveracruz.com\/?p=160476\" \/>\n<meta property=\"og:site_name\" content=\"Los pol\u00edticos Veracruz\" \/>\n<meta property=\"article:publisher\" content=\"https:\/\/www.facebook.com\/people\/Notimemes-de-los-Polticos\/61565672886568\/\" \/>\n<meta property=\"article:published_time\" content=\"2026-01-15T16:30:12+00:00\" \/>\n<meta property=\"article:modified_time\" content=\"2026-01-15T16:30:13+00:00\" \/>\n<meta property=\"og:image\" content=\"https:\/\/lospoliticosveracruz.com\/wp-content\/uploads\/2025\/04\/Bernardo-Gutierrez-Parra.jpg\" \/>\n\t<meta property=\"og:image:width\" content=\"1250\" \/>\n\t<meta property=\"og:image:height\" content=\"667\" \/>\n\t<meta property=\"og:image:type\" content=\"image\/jpeg\" \/>\n<meta name=\"author\" content=\"Lo viste en Los Pol\u00edticos\" \/>\n<meta name=\"twitter:card\" content=\"summary_large_image\" \/>\n<meta name=\"twitter:creator\" content=\"@LosPoliticosVer\" \/>\n<meta name=\"twitter:site\" content=\"@LosPoliticosVer\" \/>\n<meta name=\"twitter:label1\" content=\"Escrito por\" \/>\n\t<meta name=\"twitter:data1\" content=\"Lo viste en Los Pol\u00edticos\" \/>\n\t<meta name=\"twitter:label2\" content=\"Tiempo de lectura\" \/>\n\t<meta name=\"twitter:data2\" content=\"4 minutos\" \/>\n<script type=\"application\/ld+json\" class=\"yoast-schema-graph\">{\"@context\":\"https:\\\/\\\/schema.org\",\"@graph\":[{\"@type\":\"Article\",\"@id\":\"https:\\\/\\\/lospoliticosveracruz.com\\\/?p=160476#article\",\"isPartOf\":{\"@id\":\"https:\\\/\\\/lospoliticosveracruz.com\\\/?p=160476\"},\"author\":{\"name\":\"Lo viste en Los Pol\u00edticos\",\"@id\":\"https:\\\/\\\/lospoliticosveracruz.com\\\/#\\\/schema\\\/person\\\/b8702bb0e538456e6efd07080bf2a4a2\"},\"headline\":\"MC HAR\u00c1 UNA GRAN ALIANZA, PROMETE CARBONELL\",\"datePublished\":\"2026-01-15T16:30:12+00:00\",\"dateModified\":\"2026-01-15T16:30:13+00:00\",\"mainEntityOfPage\":{\"@id\":\"https:\\\/\\\/lospoliticosveracruz.com\\\/?p=160476\"},\"wordCount\":669,\"publisher\":{\"@id\":\"https:\\\/\\\/lospoliticosveracruz.com\\\/#organization\"},\"image\":{\"@id\":\"https:\\\/\\\/lospoliticosveracruz.com\\\/?p=160476#primaryimage\"},\"thumbnailUrl\":\"https:\\\/\\\/lospoliticosveracruz.com\\\/wp-content\\\/uploads\\\/2025\\\/04\\\/Bernardo-Gutierrez-Parra.jpg\",\"keywords\":[\"alianza con sociedad civil\",\"elecciones municipales Veracruz\",\"Luis Carbonell\",\"Movimiento Ciudadano Veracruz\",\"Poza Rica y Papantla\"],\"articleSection\":[\"De Opini\u00f3n\"],\"inLanguage\":\"es\"},{\"@type\":\"WebPage\",\"@id\":\"https:\\\/\\\/lospoliticosveracruz.com\\\/?p=160476\",\"url\":\"https:\\\/\\\/lospoliticosveracruz.com\\\/?p=160476\",\"name\":\"MC HAR\u00c1 UNA GRAN ALIANZA, PROMETE CARBONELL - Los pol\u00edticos Veracruz\",\"isPartOf\":{\"@id\":\"https:\\\/\\\/lospoliticosveracruz.com\\\/#website\"},\"primaryImageOfPage\":{\"@id\":\"https:\\\/\\\/lospoliticosveracruz.com\\\/?p=160476#primaryimage\"},\"image\":{\"@id\":\"https:\\\/\\\/lospoliticosveracruz.com\\\/?p=160476#primaryimage\"},\"thumbnailUrl\":\"https:\\\/\\\/lospoliticosveracruz.com\\\/wp-content\\\/uploads\\\/2025\\\/04\\\/Bernardo-Gutierrez-Parra.jpg\",\"datePublished\":\"2026-01-15T16:30:12+00:00\",\"dateModified\":\"2026-01-15T16:30:13+00:00\",\"breadcrumb\":{\"@id\":\"https:\\\/\\\/lospoliticosveracruz.com\\\/?p=160476#breadcrumb\"},\"inLanguage\":\"es\",\"potentialAction\":[{\"@type\":\"ReadAction\",\"target\":[\"https:\\\/\\\/lospoliticosveracruz.com\\\/?p=160476\"]}]},{\"@type\":\"ImageObject\",\"inLanguage\":\"es\",\"@id\":\"https:\\\/\\\/lospoliticosveracruz.com\\\/?p=160476#primaryimage\",\"url\":\"https:\\\/\\\/lospoliticosveracruz.com\\\/wp-content\\\/uploads\\\/2025\\\/04\\\/Bernardo-Gutierrez-Parra.jpg\",\"contentUrl\":\"https:\\\/\\\/lospoliticosveracruz.com\\\/wp-content\\\/uploads\\\/2025\\\/04\\\/Bernardo-Gutierrez-Parra.jpg\",\"width\":1250,\"height\":667},{\"@type\":\"BreadcrumbList\",\"@id\":\"https:\\\/\\\/lospoliticosveracruz.com\\\/?p=160476#breadcrumb\",\"itemListElement\":[{\"@type\":\"ListItem\",\"position\":1,\"name\":\"Portada\",\"item\":\"https:\\\/\\\/lospoliticosveracruz.com\\\/\"},{\"@type\":\"ListItem\",\"position\":2,\"name\":\"MC HAR\u00c1 UNA GRAN ALIANZA, PROMETE CARBONELL\"}]},{\"@type\":\"WebSite\",\"@id\":\"https:\\\/\\\/lospoliticosveracruz.com\\\/#website\",\"url\":\"https:\\\/\\\/lospoliticosveracruz.com\\\/\",\"name\":\"Los pol\u00edticos Veracruz\",\"description\":\"\",\"publisher\":{\"@id\":\"https:\\\/\\\/lospoliticosveracruz.com\\\/#organization\"},\"potentialAction\":[{\"@type\":\"SearchAction\",\"target\":{\"@type\":\"EntryPoint\",\"urlTemplate\":\"https:\\\/\\\/lospoliticosveracruz.com\\\/?s={search_term_string}\"},\"query-input\":{\"@type\":\"PropertyValueSpecification\",\"valueRequired\":true,\"valueName\":\"search_term_string\"}}],\"inLanguage\":\"es\"},{\"@type\":\"Organization\",\"@id\":\"https:\\\/\\\/lospoliticosveracruz.com\\\/#organization\",\"name\":\"Los pol\u00edticos Veracruz\",\"url\":\"https:\\\/\\\/lospoliticosveracruz.com\\\/\",\"logo\":{\"@type\":\"ImageObject\",\"inLanguage\":\"es\",\"@id\":\"https:\\\/\\\/lospoliticosveracruz.com\\\/#\\\/schema\\\/logo\\\/image\\\/\",\"url\":\"https:\\\/\\\/lospoliticosveracruz.com\\\/wp-content\\\/uploads\\\/2025\\\/12\\\/Logo-Nuevo-LOS-POLITICOS-1.jpg\",\"contentUrl\":\"https:\\\/\\\/lospoliticosveracruz.com\\\/wp-content\\\/uploads\\\/2025\\\/12\\\/Logo-Nuevo-LOS-POLITICOS-1.jpg\",\"width\":260,\"height\":70,\"caption\":\"Los pol\u00edticos Veracruz\"},\"image\":{\"@id\":\"https:\\\/\\\/lospoliticosveracruz.com\\\/#\\\/schema\\\/logo\\\/image\\\/\"},\"sameAs\":[\"https:\\\/\\\/www.facebook.com\\\/people\\\/Notimemes-de-los-Polticos\\\/61565672886568\\\/\",\"https:\\\/\\\/x.com\\\/LosPoliticosVer\"]},{\"@type\":\"Person\",\"@id\":\"https:\\\/\\\/lospoliticosveracruz.com\\\/#\\\/schema\\\/person\\\/b8702bb0e538456e6efd07080bf2a4a2\",\"name\":\"Lo viste en Los Pol\u00edticos\",\"image\":{\"@type\":\"ImageObject\",\"inLanguage\":\"es\",\"@id\":\"https:\\\/\\\/secure.gravatar.com\\\/avatar\\\/3a8de04a2656d44082be478bd6c086daa447c4651605818287b9532d3d0bd435?s=96&d=mm&r=g\",\"url\":\"https:\\\/\\\/secure.gravatar.com\\\/avatar\\\/3a8de04a2656d44082be478bd6c086daa447c4651605818287b9532d3d0bd435?s=96&d=mm&r=g\",\"contentUrl\":\"https:\\\/\\\/secure.gravatar.com\\\/avatar\\\/3a8de04a2656d44082be478bd6c086daa447c4651605818287b9532d3d0bd435?s=96&d=mm&r=g\",\"caption\":\"Lo viste en Los Pol\u00edticos\"},\"url\":\"https:\\\/\\\/lospoliticosveracruz.com\\\/?author=2\"}]}<\/script>\n<!-- \/ Yoast SEO plugin. -->","yoast_head_json":{"title":"MC HAR\u00c1 UNA GRAN ALIANZA, PROMETE CARBONELL - Los pol\u00edticos Veracruz","robots":{"index":"index","follow":"follow","max-snippet":"max-snippet:-1","max-image-preview":"max-image-preview:large","max-video-preview":"max-video-preview:-1"},"canonical":"https:\/\/lospoliticosveracruz.com\/?p=160476","og_locale":"es_ES","og_type":"article","og_title":"MC HAR\u00c1 UNA GRAN ALIANZA, PROMETE CARBONELL - Los pol\u00edticos Veracruz","og_description":"Bernardo Guti\u00e9rrez Parra Desde el Caf\u00e9 El a\u00f1o anterior, despu\u00e9s de las elecciones municipales en Veracruz, se cometi\u00f3 uno de los atracos m\u00e1s ruines de los que se tenga memoria. Apenas se hab\u00edan cerrado las casillas la tarde del 1 de junio, Morena aleg\u00f3 que el partido Movimiento Ciudadano hab\u00eda ganado de manera fraudulenta en [&hellip;]","og_url":"https:\/\/lospoliticosveracruz.com\/?p=160476","og_site_name":"Los pol\u00edticos Veracruz","article_publisher":"https:\/\/www.facebook.com\/people\/Notimemes-de-los-Polticos\/61565672886568\/","article_published_time":"2026-01-15T16:30:12+00:00","article_modified_time":"2026-01-15T16:30:13+00:00","og_image":[{"width":1250,"height":667,"url":"https:\/\/lospoliticosveracruz.com\/wp-content\/uploads\/2025\/04\/Bernardo-Gutierrez-Parra.jpg","type":"image\/jpeg"}],"author":"Lo viste en Los Pol\u00edticos","twitter_card":"summary_large_image","twitter_creator":"@LosPoliticosVer","twitter_site":"@LosPoliticosVer","twitter_misc":{"Escrito por":"Lo viste en Los Pol\u00edticos","Tiempo de lectura":"4 minutos"},"schema":{"@context":"https:\/\/schema.org","@graph":[{"@type":"Article","@id":"https:\/\/lospoliticosveracruz.com\/?p=160476#article","isPartOf":{"@id":"https:\/\/lospoliticosveracruz.com\/?p=160476"},"author":{"name":"Lo viste en Los Pol\u00edticos","@id":"https:\/\/lospoliticosveracruz.com\/#\/schema\/person\/b8702bb0e538456e6efd07080bf2a4a2"},"headline":"MC HAR\u00c1 UNA GRAN ALIANZA, PROMETE CARBONELL","datePublished":"2026-01-15T16:30:12+00:00","dateModified":"2026-01-15T16:30:13+00:00","mainEntityOfPage":{"@id":"https:\/\/lospoliticosveracruz.com\/?p=160476"},"wordCount":669,"publisher":{"@id":"https:\/\/lospoliticosveracruz.com\/#organization"},"image":{"@id":"https:\/\/lospoliticosveracruz.com\/?p=160476#primaryimage"},"thumbnailUrl":"https:\/\/lospoliticosveracruz.com\/wp-content\/uploads\/2025\/04\/Bernardo-Gutierrez-Parra.jpg","keywords":["alianza con sociedad civil","elecciones municipales Veracruz","Luis Carbonell","Movimiento Ciudadano Veracruz","Poza Rica y Papantla"],"articleSection":["De Opini\u00f3n"],"inLanguage":"es"},{"@type":"WebPage","@id":"https:\/\/lospoliticosveracruz.com\/?p=160476","url":"https:\/\/lospoliticosveracruz.com\/?p=160476","name":"MC HAR\u00c1 UNA GRAN ALIANZA, PROMETE CARBONELL - Los pol\u00edticos Veracruz","isPartOf":{"@id":"https:\/\/lospoliticosveracruz.com\/#website"},"primaryImageOfPage":{"@id":"https:\/\/lospoliticosveracruz.com\/?p=160476#primaryimage"},"image":{"@id":"https:\/\/lospoliticosveracruz.com\/?p=160476#primaryimage"},"thumbnailUrl":"https:\/\/lospoliticosveracruz.com\/wp-content\/uploads\/2025\/04\/Bernardo-Gutierrez-Parra.jpg","datePublished":"2026-01-15T16:30:12+00:00","dateModified":"2026-01-15T16:30:13+00:00","breadcrumb":{"@id":"https:\/\/lospoliticosveracruz.com\/?p=160476#breadcrumb"},"inLanguage":"es","potentialAction":[{"@type":"ReadAction","target":["https:\/\/lospoliticosveracruz.com\/?p=160476"]}]},{"@type":"ImageObject","inLanguage":"es","@id":"https:\/\/lospoliticosveracruz.com\/?p=160476#primaryimage","url":"https:\/\/lospoliticosveracruz.com\/wp-content\/uploads\/2025\/04\/Bernardo-Gutierrez-Parra.jpg","contentUrl":"https:\/\/lospoliticosveracruz.com\/wp-content\/uploads\/2025\/04\/Bernardo-Gutierrez-Parra.jpg","width":1250,"height":667},{"@type":"BreadcrumbList","@id":"https:\/\/lospoliticosveracruz.com\/?p=160476#breadcrumb","itemListElement":[{"@type":"ListItem","position":1,"name":"Portada","item":"https:\/\/lospoliticosveracruz.com\/"},{"@type":"ListItem","position":2,"name":"MC HAR\u00c1 UNA GRAN ALIANZA, PROMETE CARBONELL"}]},{"@type":"WebSite","@id":"https:\/\/lospoliticosveracruz.com\/#website","url":"https:\/\/lospoliticosveracruz.com\/","name":"Los pol\u00edticos Veracruz","description":"","publisher":{"@id":"https:\/\/lospoliticosveracruz.com\/#organization"},"potentialAction":[{"@type":"SearchAction","target":{"@type":"EntryPoint","urlTemplate":"https:\/\/lospoliticosveracruz.com\/?s={search_term_string}"},"query-input":{"@type":"PropertyValueSpecification","valueRequired":true,"valueName":"search_term_string"}}],"inLanguage":"es"},{"@type":"Organization","@id":"https:\/\/lospoliticosveracruz.com\/#organization","name":"Los pol\u00edticos Veracruz","url":"https:\/\/lospoliticosveracruz.com\/","logo":{"@type":"ImageObject","inLanguage":"es","@id":"https:\/\/lospoliticosveracruz.com\/#\/schema\/logo\/image\/","url":"https:\/\/lospoliticosveracruz.com\/wp-content\/uploads\/2025\/12\/Logo-Nuevo-LOS-POLITICOS-1.jpg","contentUrl":"https:\/\/lospoliticosveracruz.com\/wp-content\/uploads\/2025\/12\/Logo-Nuevo-LOS-POLITICOS-1.jpg","width":260,"height":70,"caption":"Los pol\u00edticos Veracruz"},"image":{"@id":"https:\/\/lospoliticosveracruz.com\/#\/schema\/logo\/image\/"},"sameAs":["https:\/\/www.facebook.com\/people\/Notimemes-de-los-Polticos\/61565672886568\/","https:\/\/x.com\/LosPoliticosVer"]},{"@type":"Person","@id":"https:\/\/lospoliticosveracruz.com\/#\/schema\/person\/b8702bb0e538456e6efd07080bf2a4a2","name":"Lo viste en Los Pol\u00edticos","image":{"@type":"ImageObject","inLanguage":"es","@id":"https:\/\/secure.gravatar.com\/avatar\/3a8de04a2656d44082be478bd6c086daa447c4651605818287b9532d3d0bd435?s=96&d=mm&r=g","url":"https:\/\/secure.gravatar.com\/avatar\/3a8de04a2656d44082be478bd6c086daa447c4651605818287b9532d3d0bd435?s=96&d=mm&r=g","contentUrl":"https:\/\/secure.gravatar.com\/avatar\/3a8de04a2656d44082be478bd6c086daa447c4651605818287b9532d3d0bd435?s=96&d=mm&r=g","caption":"Lo viste en Los Pol\u00edticos"},"url":"https:\/\/lospoliticosveracruz.com\/?author=2"}]}},"_links":{"self":[{"href":"https:\/\/lospoliticosveracruz.com\/index.php?rest_route=\/wp\/v2\/posts\/160476","targetHints":{"allow":["GET"]}}],"collection":[{"href":"https:\/\/lospoliticosveracruz.com\/index.php?rest_route=\/wp\/v2\/posts"}],"about":[{"href":"https:\/\/lospoliticosveracruz.com\/index.php?rest_route=\/wp\/v2\/types\/post"}],"author":[{"embeddable":true,"href":"https:\/\/lospoliticosveracruz.com\/index.php?rest_route=\/wp\/v2\/users\/2"}],"replies":[{"embeddable":true,"href":"https:\/\/lospoliticosveracruz.com\/index.php?rest_route=%2Fwp%2Fv2%2Fcomments&post=160476"}],"version-history":[{"count":1,"href":"https:\/\/lospoliticosveracruz.com\/index.php?rest_route=\/wp\/v2\/posts\/160476\/revisions"}],"predecessor-version":[{"id":160477,"href":"https:\/\/lospoliticosveracruz.com\/index.php?rest_route=\/wp\/v2\/posts\/160476\/revisions\/160477"}],"wp:featuredmedia":[{"embeddable":true,"href":"https:\/\/lospoliticosveracruz.com\/index.php?rest_route=\/wp\/v2\/media\/141479"}],"wp:attachment":[{"href":"https:\/\/lospoliticosveracruz.com\/index.php?rest_route=%2Fwp%2Fv2%2Fmedia&parent=160476"}],"wp:term":[{"taxonomy":"category","embeddable":true,"href":"https:\/\/lospoliticosveracruz.com\/index.php?rest_route=%2Fwp%2Fv2%2Fcategories&post=160476"},{"taxonomy":"post_tag","embeddable":true,"href":"https:\/\/lospoliticosveracruz.com\/index.php?rest_route=%2Fwp%2Fv2%2Ftags&post=160476"}],"curies":[{"name":"wp","href":"https:\/\/api.w.org\/{rel}","templated":true}]}}