{"id":160478,"date":"2026-01-15T10:38:05","date_gmt":"2026-01-15T16:38:05","guid":{"rendered":"https:\/\/lospoliticosveracruz.com\/?p=160478"},"modified":"2026-01-15T11:46:49","modified_gmt":"2026-01-15T17:46:49","slug":"bodorrio-a-la-vista","status":"publish","type":"post","link":"https:\/\/lospoliticosveracruz.com\/?p=160478","title":{"rendered":"BODORRIO A LA VISTA!"},"content":{"rendered":"\n<p>S\u00edguenos ahora tambi\u00e9n en WhatsApp.\u00a0\u00a1<a href=\"https:\/\/whatsapp.com\/channel\/0029Va8zRWlEKyZIP3Z1dF0e\"><strong>Da clic aqu\u00ed<\/strong><\/a><strong>!<\/strong><\/p>\n\n\n\n<p>La alcaldesa de <strong>Boca del R\u00edo<\/strong>, <strong>Maryjose Gamboa Torales<\/strong>, acompa\u00f1ada de su hija, la presidenta del <strong>DIF Municipal<\/strong>, <strong>Mar\u00eda Paula Hakim Gamboa<\/strong>, encabez\u00f3 la presentaci\u00f3n oficial de la Convocatoria para las <strong>Bodas Colectivas 2026<\/strong>, evento que se realizar\u00e1 el pr\u00f3ximo 19 de febrero, en el marco del D\u00eda del Amor y la Amistad.<\/p>\n\n\n\n<p>Durante el anuncio ante medios de comunicaci\u00f3n, se destac\u00f3 que este programa tiene como objetivo brindar certeza jur\u00eddica a las parejas boque\u00f1as, fortalecer la uni\u00f3n familiar y promover valores como el compromiso, la responsabilidad y el amor.<\/p>\n\n\n\n<p>\u201cEs uno de los eventos m\u00e1s bonitos que le toca organizar al DIF y que nos toca apoyar y estoy segura que este a\u00f1o romperemos r\u00e9cord de parejas que quieran contraer nupcias\u201d, se\u00f1alo la presidenta municipal.<\/p>\n\n\n\n<p>Las autoridades municipales invitaron a las parejas interesadas a participar y aprovechar esta oportunidad para formalizar su relaci\u00f3n de manera gratuita, como parte de las acciones coordinadas entre el <strong>Ayuntamiento<\/strong> y el <strong>DIF Municipal<\/strong> en beneficio de las familias de <strong>Boca del R\u00edo<\/strong>.<\/p>\n\n\n\n<p>\u201cInvitamos a todas las parejas que han decidido unir sus vidas de manera formal a formar parte de este significativo evento, preparado especialmente para ustedes. Los esperamos en las Bodas Colectivas Boca del R\u00edo 2026\u201d, expres\u00f3 la presidenta del DIF municipal <strong>Mar\u00eda Paula Hakim Gamboa<\/strong>.<\/p>\n\n\n\n<p>Por su parte el oficial del <strong>Registro Civil<\/strong>, <strong>Edgar Cansino Farias<\/strong>, dio a conocer los requisitos que este a\u00f1o se solicitan a los contrayentes para ser parte de este programa:<\/p>\n\n\n\n<p>\u2022 Solicitud de matrimonio debidamente llenada (proporcionada por el Registro Civil)<br>\u2022 Actas de nacimiento certificadas de ambos contrayentes, legibles y en buen estado<br>\u2022 Copia simple de identificaci\u00f3n oficial (de cada contrayente)<br>\u2022 Copia simple del CURP (de cada contrayente)<br>\u2022 Comprobante de domicilio de Boca del R\u00edo<br>\u2022 An\u00e1lisis prenupciales o carta responsiva<br>\u2022 En caso de ser divorciado(a) o viudo(a), copia del acta correspondiente (divorcio o defunci\u00f3n)<br>\u2022 Certificado de no deudor alimentario: <a href=\"https:\/\/rnoa.dif.gob.mx\/\">https:\/\/rnoa.dif.gob.mx\/<\/a><\/p>\n\n\n\n<p>La recepci\u00f3n de documentos se realizar\u00e1 del 19 de enero al 13 de febrero, de lunes a viernes, en horario de 9:00 a 13:00 horas, en las oficinas del <strong>Registro Civil de Boca del R\u00edo<\/strong>.<\/p>\n\n\n\n<p>Se otorgar\u00e1n 9 fichas diarias para la recepci\u00f3n de documentos.<\/p>\n\n\n\n<p>Finalmente, la alcaldesa <strong>Maryjose Gamboa<\/strong> y la presidenta del <strong>DIF Municipal<\/strong>, reiteraron su compromiso de seguir impulsando programas que fortalezcan a las familias boque\u00f1as y fomenten el bienestar social.<\/p>\n\n\n\n<p>La alcaldesa y la presidenta del DIF municipal estuvieron acompa\u00f1adas por el s\u00edndico, <strong>Sebast\u00edan Silva S\u00e1nchez<\/strong>; la secretaria del ayuntamiento, <strong>Judith Pineda<\/strong>; la directora del DIF municipal, <strong>Yamileth Herrera D\u00edaz<\/strong>; la directora del Registro Civil, <strong>Silvia Pe\u00f1a Rico Panzzi<\/strong> y el regidor con la comisi\u00f3n del Registro Civil, <strong>V\u00edctor Hugo Delf\u00edn V\u00e1zquez<\/strong>.<\/p>\n","protected":false},"excerpt":{"rendered":"<p>La alcaldesa de Boca del R\u00edo, Maryjose Gamboa Torales, acompa\u00f1ada de su hija, la presidenta del DIF Municipal, Mar\u00eda Paula Hakim Gamboa, encabez\u00f3 la presentaci\u00f3n oficial de la Convocatoria para las Bodas Colectivas 2026, evento que se realizar\u00e1 el pr\u00f3ximo 19 de febrero, en el marco del D\u00eda del Amor y la Amistad. Durante el [&hellip;]<\/p>\n","protected":false},"author":2,"featured_media":160481,"comment_status":"closed","ping_status":"closed","sticky":false,"template":"","format":"standard","meta":{"tdm_status":"","tdm_grid_status":"","footnotes":""},"categories":[73],"tags":[50266,50265,1937,50267,50268],"class_list":{"0":"post-160478","1":"post","2":"type-post","3":"status-publish","4":"format-standard","5":"has-post-thumbnail","7":"category-de-boleto","8":"tag-boca-del-rio-dif","9":"tag-bodas-colectivas-2026","10":"tag-maryjose-gamboa","11":"tag-registro-civil-boca-del-rio","12":"tag-union-familiar-veracruz"},"yoast_head":"<!-- This site is optimized with the Yoast SEO plugin v27.4 - https:\/\/yoast.com\/product\/yoast-seo-wordpress\/ -->\n<title>BODORRIO A LA VISTA! - Los pol\u00edticos Veracruz<\/title>\n<meta name=\"robots\" content=\"index, follow, max-snippet:-1, max-image-preview:large, max-video-preview:-1\" \/>\n<link rel=\"canonical\" href=\"https:\/\/lospoliticosveracruz.com\/?p=160478\" \/>\n<meta property=\"og:locale\" content=\"es_ES\" \/>\n<meta property=\"og:type\" content=\"article\" \/>\n<meta property=\"og:title\" content=\"BODORRIO A LA VISTA! - Los pol\u00edticos Veracruz\" \/>\n<meta property=\"og:description\" content=\"La alcaldesa de Boca del R\u00edo, Maryjose Gamboa Torales, acompa\u00f1ada de su hija, la presidenta del DIF Municipal, Mar\u00eda Paula Hakim Gamboa, encabez\u00f3 la presentaci\u00f3n oficial de la Convocatoria para las Bodas Colectivas 2026, evento que se realizar\u00e1 el pr\u00f3ximo 19 de febrero, en el marco del D\u00eda del Amor y la Amistad. Durante el [&hellip;]\" \/>\n<meta property=\"og:url\" content=\"https:\/\/lospoliticosveracruz.com\/?p=160478\" \/>\n<meta property=\"og:site_name\" content=\"Los pol\u00edticos Veracruz\" \/>\n<meta property=\"article:publisher\" content=\"https:\/\/www.facebook.com\/people\/Notimemes-de-los-Polticos\/61565672886568\/\" \/>\n<meta property=\"article:published_time\" content=\"2026-01-15T16:38:05+00:00\" \/>\n<meta property=\"article:modified_time\" content=\"2026-01-15T17:46:49+00:00\" \/>\n<meta property=\"og:image\" content=\"https:\/\/lospoliticosveracruz.com\/wp-content\/uploads\/2026\/01\/Maryjose-1-4.jpg\" \/>\n\t<meta property=\"og:image:width\" content=\"600\" \/>\n\t<meta property=\"og:image:height\" content=\"320\" \/>\n\t<meta property=\"og:image:type\" content=\"image\/jpeg\" \/>\n<meta name=\"author\" content=\"Lo viste en Los Pol\u00edticos\" \/>\n<meta name=\"twitter:card\" content=\"summary_large_image\" \/>\n<meta name=\"twitter:creator\" content=\"@LosPoliticosVer\" \/>\n<meta name=\"twitter:site\" content=\"@LosPoliticosVer\" \/>\n<meta name=\"twitter:label1\" content=\"Escrito por\" \/>\n\t<meta name=\"twitter:data1\" content=\"Lo viste en Los Pol\u00edticos\" \/>\n\t<meta name=\"twitter:label2\" content=\"Tiempo de lectura\" \/>\n\t<meta name=\"twitter:data2\" content=\"3 minutos\" \/>\n<script type=\"application\/ld+json\" class=\"yoast-schema-graph\">{\"@context\":\"https:\\\/\\\/schema.org\",\"@graph\":[{\"@type\":\"Article\",\"@id\":\"https:\\\/\\\/lospoliticosveracruz.com\\\/?p=160478#article\",\"isPartOf\":{\"@id\":\"https:\\\/\\\/lospoliticosveracruz.com\\\/?p=160478\"},\"author\":{\"name\":\"Lo viste en Los Pol\u00edticos\",\"@id\":\"https:\\\/\\\/lospoliticosveracruz.com\\\/#\\\/schema\\\/person\\\/b8702bb0e538456e6efd07080bf2a4a2\"},\"headline\":\"BODORRIO A LA VISTA!\",\"datePublished\":\"2026-01-15T16:38:05+00:00\",\"dateModified\":\"2026-01-15T17:46:49+00:00\",\"mainEntityOfPage\":{\"@id\":\"https:\\\/\\\/lospoliticosveracruz.com\\\/?p=160478\"},\"wordCount\":479,\"publisher\":{\"@id\":\"https:\\\/\\\/lospoliticosveracruz.com\\\/#organization\"},\"image\":{\"@id\":\"https:\\\/\\\/lospoliticosveracruz.com\\\/?p=160478#primaryimage\"},\"thumbnailUrl\":\"https:\\\/\\\/lospoliticosveracruz.com\\\/wp-content\\\/uploads\\\/2026\\\/01\\\/Maryjose-1-4.jpg\",\"keywords\":[\"Boca del R\u00edo DIF\",\"Bodas Colectivas 2026\",\"Maryjose Gamboa\",\"Registro Civil Boca del R\u00edo\",\"uni\u00f3n familiar Veracruz\"],\"articleSection\":[\"De Boleto\"],\"inLanguage\":\"es\"},{\"@type\":\"WebPage\",\"@id\":\"https:\\\/\\\/lospoliticosveracruz.com\\\/?p=160478\",\"url\":\"https:\\\/\\\/lospoliticosveracruz.com\\\/?p=160478\",\"name\":\"BODORRIO A LA VISTA! - Los pol\u00edticos Veracruz\",\"isPartOf\":{\"@id\":\"https:\\\/\\\/lospoliticosveracruz.com\\\/#website\"},\"primaryImageOfPage\":{\"@id\":\"https:\\\/\\\/lospoliticosveracruz.com\\\/?p=160478#primaryimage\"},\"image\":{\"@id\":\"https:\\\/\\\/lospoliticosveracruz.com\\\/?p=160478#primaryimage\"},\"thumbnailUrl\":\"https:\\\/\\\/lospoliticosveracruz.com\\\/wp-content\\\/uploads\\\/2026\\\/01\\\/Maryjose-1-4.jpg\",\"datePublished\":\"2026-01-15T16:38:05+00:00\",\"dateModified\":\"2026-01-15T17:46:49+00:00\",\"breadcrumb\":{\"@id\":\"https:\\\/\\\/lospoliticosveracruz.com\\\/?p=160478#breadcrumb\"},\"inLanguage\":\"es\",\"potentialAction\":[{\"@type\":\"ReadAction\",\"target\":[\"https:\\\/\\\/lospoliticosveracruz.com\\\/?p=160478\"]}]},{\"@type\":\"ImageObject\",\"inLanguage\":\"es\",\"@id\":\"https:\\\/\\\/lospoliticosveracruz.com\\\/?p=160478#primaryimage\",\"url\":\"https:\\\/\\\/lospoliticosveracruz.com\\\/wp-content\\\/uploads\\\/2026\\\/01\\\/Maryjose-1-4.jpg\",\"contentUrl\":\"https:\\\/\\\/lospoliticosveracruz.com\\\/wp-content\\\/uploads\\\/2026\\\/01\\\/Maryjose-1-4.jpg\",\"width\":600,\"height\":320},{\"@type\":\"BreadcrumbList\",\"@id\":\"https:\\\/\\\/lospoliticosveracruz.com\\\/?p=160478#breadcrumb\",\"itemListElement\":[{\"@type\":\"ListItem\",\"position\":1,\"name\":\"Portada\",\"item\":\"https:\\\/\\\/lospoliticosveracruz.com\\\/\"},{\"@type\":\"ListItem\",\"position\":2,\"name\":\"BODORRIO A LA VISTA!\"}]},{\"@type\":\"WebSite\",\"@id\":\"https:\\\/\\\/lospoliticosveracruz.com\\\/#website\",\"url\":\"https:\\\/\\\/lospoliticosveracruz.com\\\/\",\"name\":\"Los pol\u00edticos Veracruz\",\"description\":\"\",\"publisher\":{\"@id\":\"https:\\\/\\\/lospoliticosveracruz.com\\\/#organization\"},\"potentialAction\":[{\"@type\":\"SearchAction\",\"target\":{\"@type\":\"EntryPoint\",\"urlTemplate\":\"https:\\\/\\\/lospoliticosveracruz.com\\\/?s={search_term_string}\"},\"query-input\":{\"@type\":\"PropertyValueSpecification\",\"valueRequired\":true,\"valueName\":\"search_term_string\"}}],\"inLanguage\":\"es\"},{\"@type\":\"Organization\",\"@id\":\"https:\\\/\\\/lospoliticosveracruz.com\\\/#organization\",\"name\":\"Los pol\u00edticos Veracruz\",\"url\":\"https:\\\/\\\/lospoliticosveracruz.com\\\/\",\"logo\":{\"@type\":\"ImageObject\",\"inLanguage\":\"es\",\"@id\":\"https:\\\/\\\/lospoliticosveracruz.com\\\/#\\\/schema\\\/logo\\\/image\\\/\",\"url\":\"https:\\\/\\\/lospoliticosveracruz.com\\\/wp-content\\\/uploads\\\/2025\\\/12\\\/Logo-Nuevo-LOS-POLITICOS-1.jpg\",\"contentUrl\":\"https:\\\/\\\/lospoliticosveracruz.com\\\/wp-content\\\/uploads\\\/2025\\\/12\\\/Logo-Nuevo-LOS-POLITICOS-1.jpg\",\"width\":260,\"height\":70,\"caption\":\"Los pol\u00edticos Veracruz\"},\"image\":{\"@id\":\"https:\\\/\\\/lospoliticosveracruz.com\\\/#\\\/schema\\\/logo\\\/image\\\/\"},\"sameAs\":[\"https:\\\/\\\/www.facebook.com\\\/people\\\/Notimemes-de-los-Polticos\\\/61565672886568\\\/\",\"https:\\\/\\\/x.com\\\/LosPoliticosVer\"]},{\"@type\":\"Person\",\"@id\":\"https:\\\/\\\/lospoliticosveracruz.com\\\/#\\\/schema\\\/person\\\/b8702bb0e538456e6efd07080bf2a4a2\",\"name\":\"Lo viste en Los Pol\u00edticos\",\"image\":{\"@type\":\"ImageObject\",\"inLanguage\":\"es\",\"@id\":\"https:\\\/\\\/secure.gravatar.com\\\/avatar\\\/3a8de04a2656d44082be478bd6c086daa447c4651605818287b9532d3d0bd435?s=96&d=mm&r=g\",\"url\":\"https:\\\/\\\/secure.gravatar.com\\\/avatar\\\/3a8de04a2656d44082be478bd6c086daa447c4651605818287b9532d3d0bd435?s=96&d=mm&r=g\",\"contentUrl\":\"https:\\\/\\\/secure.gravatar.com\\\/avatar\\\/3a8de04a2656d44082be478bd6c086daa447c4651605818287b9532d3d0bd435?s=96&d=mm&r=g\",\"caption\":\"Lo viste en Los Pol\u00edticos\"},\"url\":\"https:\\\/\\\/lospoliticosveracruz.com\\\/?author=2\"}]}<\/script>\n<!-- \/ Yoast SEO plugin. -->","yoast_head_json":{"title":"BODORRIO A LA VISTA! - Los pol\u00edticos Veracruz","robots":{"index":"index","follow":"follow","max-snippet":"max-snippet:-1","max-image-preview":"max-image-preview:large","max-video-preview":"max-video-preview:-1"},"canonical":"https:\/\/lospoliticosveracruz.com\/?p=160478","og_locale":"es_ES","og_type":"article","og_title":"BODORRIO A LA VISTA! - Los pol\u00edticos Veracruz","og_description":"La alcaldesa de Boca del R\u00edo, Maryjose Gamboa Torales, acompa\u00f1ada de su hija, la presidenta del DIF Municipal, Mar\u00eda Paula Hakim Gamboa, encabez\u00f3 la presentaci\u00f3n oficial de la Convocatoria para las Bodas Colectivas 2026, evento que se realizar\u00e1 el pr\u00f3ximo 19 de febrero, en el marco del D\u00eda del Amor y la Amistad. Durante el [&hellip;]","og_url":"https:\/\/lospoliticosveracruz.com\/?p=160478","og_site_name":"Los pol\u00edticos Veracruz","article_publisher":"https:\/\/www.facebook.com\/people\/Notimemes-de-los-Polticos\/61565672886568\/","article_published_time":"2026-01-15T16:38:05+00:00","article_modified_time":"2026-01-15T17:46:49+00:00","og_image":[{"width":600,"height":320,"url":"https:\/\/lospoliticosveracruz.com\/wp-content\/uploads\/2026\/01\/Maryjose-1-4.jpg","type":"image\/jpeg"}],"author":"Lo viste en Los Pol\u00edticos","twitter_card":"summary_large_image","twitter_creator":"@LosPoliticosVer","twitter_site":"@LosPoliticosVer","twitter_misc":{"Escrito por":"Lo viste en Los Pol\u00edticos","Tiempo de lectura":"3 minutos"},"schema":{"@context":"https:\/\/schema.org","@graph":[{"@type":"Article","@id":"https:\/\/lospoliticosveracruz.com\/?p=160478#article","isPartOf":{"@id":"https:\/\/lospoliticosveracruz.com\/?p=160478"},"author":{"name":"Lo viste en Los Pol\u00edticos","@id":"https:\/\/lospoliticosveracruz.com\/#\/schema\/person\/b8702bb0e538456e6efd07080bf2a4a2"},"headline":"BODORRIO A LA VISTA!","datePublished":"2026-01-15T16:38:05+00:00","dateModified":"2026-01-15T17:46:49+00:00","mainEntityOfPage":{"@id":"https:\/\/lospoliticosveracruz.com\/?p=160478"},"wordCount":479,"publisher":{"@id":"https:\/\/lospoliticosveracruz.com\/#organization"},"image":{"@id":"https:\/\/lospoliticosveracruz.com\/?p=160478#primaryimage"},"thumbnailUrl":"https:\/\/lospoliticosveracruz.com\/wp-content\/uploads\/2026\/01\/Maryjose-1-4.jpg","keywords":["Boca del R\u00edo DIF","Bodas Colectivas 2026","Maryjose Gamboa","Registro Civil Boca del R\u00edo","uni\u00f3n familiar Veracruz"],"articleSection":["De Boleto"],"inLanguage":"es"},{"@type":"WebPage","@id":"https:\/\/lospoliticosveracruz.com\/?p=160478","url":"https:\/\/lospoliticosveracruz.com\/?p=160478","name":"BODORRIO A LA VISTA! - Los pol\u00edticos Veracruz","isPartOf":{"@id":"https:\/\/lospoliticosveracruz.com\/#website"},"primaryImageOfPage":{"@id":"https:\/\/lospoliticosveracruz.com\/?p=160478#primaryimage"},"image":{"@id":"https:\/\/lospoliticosveracruz.com\/?p=160478#primaryimage"},"thumbnailUrl":"https:\/\/lospoliticosveracruz.com\/wp-content\/uploads\/2026\/01\/Maryjose-1-4.jpg","datePublished":"2026-01-15T16:38:05+00:00","dateModified":"2026-01-15T17:46:49+00:00","breadcrumb":{"@id":"https:\/\/lospoliticosveracruz.com\/?p=160478#breadcrumb"},"inLanguage":"es","potentialAction":[{"@type":"ReadAction","target":["https:\/\/lospoliticosveracruz.com\/?p=160478"]}]},{"@type":"ImageObject","inLanguage":"es","@id":"https:\/\/lospoliticosveracruz.com\/?p=160478#primaryimage","url":"https:\/\/lospoliticosveracruz.com\/wp-content\/uploads\/2026\/01\/Maryjose-1-4.jpg","contentUrl":"https:\/\/lospoliticosveracruz.com\/wp-content\/uploads\/2026\/01\/Maryjose-1-4.jpg","width":600,"height":320},{"@type":"BreadcrumbList","@id":"https:\/\/lospoliticosveracruz.com\/?p=160478#breadcrumb","itemListElement":[{"@type":"ListItem","position":1,"name":"Portada","item":"https:\/\/lospoliticosveracruz.com\/"},{"@type":"ListItem","position":2,"name":"BODORRIO A LA VISTA!"}]},{"@type":"WebSite","@id":"https:\/\/lospoliticosveracruz.com\/#website","url":"https:\/\/lospoliticosveracruz.com\/","name":"Los pol\u00edticos Veracruz","description":"","publisher":{"@id":"https:\/\/lospoliticosveracruz.com\/#organization"},"potentialAction":[{"@type":"SearchAction","target":{"@type":"EntryPoint","urlTemplate":"https:\/\/lospoliticosveracruz.com\/?s={search_term_string}"},"query-input":{"@type":"PropertyValueSpecification","valueRequired":true,"valueName":"search_term_string"}}],"inLanguage":"es"},{"@type":"Organization","@id":"https:\/\/lospoliticosveracruz.com\/#organization","name":"Los pol\u00edticos Veracruz","url":"https:\/\/lospoliticosveracruz.com\/","logo":{"@type":"ImageObject","inLanguage":"es","@id":"https:\/\/lospoliticosveracruz.com\/#\/schema\/logo\/image\/","url":"https:\/\/lospoliticosveracruz.com\/wp-content\/uploads\/2025\/12\/Logo-Nuevo-LOS-POLITICOS-1.jpg","contentUrl":"https:\/\/lospoliticosveracruz.com\/wp-content\/uploads\/2025\/12\/Logo-Nuevo-LOS-POLITICOS-1.jpg","width":260,"height":70,"caption":"Los pol\u00edticos Veracruz"},"image":{"@id":"https:\/\/lospoliticosveracruz.com\/#\/schema\/logo\/image\/"},"sameAs":["https:\/\/www.facebook.com\/people\/Notimemes-de-los-Polticos\/61565672886568\/","https:\/\/x.com\/LosPoliticosVer"]},{"@type":"Person","@id":"https:\/\/lospoliticosveracruz.com\/#\/schema\/person\/b8702bb0e538456e6efd07080bf2a4a2","name":"Lo viste en Los Pol\u00edticos","image":{"@type":"ImageObject","inLanguage":"es","@id":"https:\/\/secure.gravatar.com\/avatar\/3a8de04a2656d44082be478bd6c086daa447c4651605818287b9532d3d0bd435?s=96&d=mm&r=g","url":"https:\/\/secure.gravatar.com\/avatar\/3a8de04a2656d44082be478bd6c086daa447c4651605818287b9532d3d0bd435?s=96&d=mm&r=g","contentUrl":"https:\/\/secure.gravatar.com\/avatar\/3a8de04a2656d44082be478bd6c086daa447c4651605818287b9532d3d0bd435?s=96&d=mm&r=g","caption":"Lo viste en Los Pol\u00edticos"},"url":"https:\/\/lospoliticosveracruz.com\/?author=2"}]}},"_links":{"self":[{"href":"https:\/\/lospoliticosveracruz.com\/index.php?rest_route=\/wp\/v2\/posts\/160478","targetHints":{"allow":["GET"]}}],"collection":[{"href":"https:\/\/lospoliticosveracruz.com\/index.php?rest_route=\/wp\/v2\/posts"}],"about":[{"href":"https:\/\/lospoliticosveracruz.com\/index.php?rest_route=\/wp\/v2\/types\/post"}],"author":[{"embeddable":true,"href":"https:\/\/lospoliticosveracruz.com\/index.php?rest_route=\/wp\/v2\/users\/2"}],"replies":[{"embeddable":true,"href":"https:\/\/lospoliticosveracruz.com\/index.php?rest_route=%2Fwp%2Fv2%2Fcomments&post=160478"}],"version-history":[{"count":2,"href":"https:\/\/lospoliticosveracruz.com\/index.php?rest_route=\/wp\/v2\/posts\/160478\/revisions"}],"predecessor-version":[{"id":160488,"href":"https:\/\/lospoliticosveracruz.com\/index.php?rest_route=\/wp\/v2\/posts\/160478\/revisions\/160488"}],"wp:featuredmedia":[{"embeddable":true,"href":"https:\/\/lospoliticosveracruz.com\/index.php?rest_route=\/wp\/v2\/media\/160481"}],"wp:attachment":[{"href":"https:\/\/lospoliticosveracruz.com\/index.php?rest_route=%2Fwp%2Fv2%2Fmedia&parent=160478"}],"wp:term":[{"taxonomy":"category","embeddable":true,"href":"https:\/\/lospoliticosveracruz.com\/index.php?rest_route=%2Fwp%2Fv2%2Fcategories&post=160478"},{"taxonomy":"post_tag","embeddable":true,"href":"https:\/\/lospoliticosveracruz.com\/index.php?rest_route=%2Fwp%2Fv2%2Ftags&post=160478"}],"curies":[{"name":"wp","href":"https:\/\/api.w.org\/{rel}","templated":true}]}}