{"id":160491,"date":"2026-01-15T12:37:00","date_gmt":"2026-01-15T18:37:00","guid":{"rendered":"https:\/\/lospoliticosveracruz.com\/?p=160491"},"modified":"2026-01-28T19:57:18","modified_gmt":"2026-01-29T01:57:18","slug":"arboles-ramas-y-cables-las-bajas","status":"publish","type":"post","link":"https:\/\/lospoliticosveracruz.com\/?p=160491","title":{"rendered":"\u00c1RBOLES, RAMAS Y CABLES, LAS BAJAS!"},"content":{"rendered":"\n<p>S\u00edguenos ahora tambi\u00e9n en WhatsApp.\u00a0\u00a1<a href=\"https:\/\/whatsapp.com\/channel\/0029Va8zRWlEKyZIP3Z1dF0e\"><strong>Da clic aqu\u00ed<\/strong><\/a><strong>!<\/strong><\/p>\n\n\n\n<p>Derivado de las rachas de viento de hasta 60 kil\u00f3metros por hora que gener\u00f3 la interacci\u00f3n del Frente Fr\u00edo 28 con una Vaguada, la Direcci\u00f3n de Protecci\u00f3n Civil atendi\u00f3 diversos reportes de afectaciones, entre los que destacan la ca\u00edda de \u00e1rboles y ramas, cableado y cortes de energ\u00eda, sin que hasta el momento se registren personas heridas, inform\u00f3 la directora de Protecci\u00f3n Civil, Lic. Alma Fuertes Jara.<\/p>\n\n\n\n\n\n<p><br>La funcionaria detall\u00f3 que el personal operativo de la dependencia atendi\u00f3 distintas llamadas de la poblaci\u00f3n relacionadas con la ca\u00edda de ramas y \u00e1rboles en las colonias Lomas de San Roque, El Mirador, Indeco \u00c1nimas, la Unidad Habitacional Fovissste, Acueducto, Progreso Macuilt\u00e9petl, Mar\u00eda Esther y Laureles.<br>En estas labores, se cont\u00f3 con el apoyo del Cuerpo de Bomberos de Xalapa, personal de la Direcci\u00f3n de Medio Ambiente y de la Comisi\u00f3n Federal de Electricidad (CFE).<br>Adem\u00e1s, se atendieron cortos circuitos y afectaciones a la red de cableado en las colonias \u00c1lvaro Obreg\u00f3n, Campo Nuevo y Centro, as\u00ed como reportes de afectaciones en un alero en la colonia J. J. Panes, un poste ca\u00eddo en la colonia Benito Ju\u00e1rez y la ca\u00edda de tinacos en la colonia Francisco I. Madero, donde se cont\u00f3 el apoyo de personal de la Direcci\u00f3n de Alumbrado P\u00fablico y la CFE.<br>\u201cSe present\u00f3 la ca\u00edda de algunos \u00e1rboles muy grandes en la unidad Fovissste, otro sobre la barda de una escuela en la colonia Benito Ju\u00e1rez, asimismo tenemos un poste ca\u00eddo en P\u00edpila y varios cortes en el servicio el\u00e9ctrico. Se est\u00e1 trabajando para que, en la medida de lo posible, se recuperen pronto los servicios estrat\u00e9gicos afectados\u201d, explic\u00f3.<br>La funcionaria record\u00f3 que durante la temporada de Frentes Fr\u00edos es recomendable que la poblaci\u00f3n fije bien sus toldos, techos y todos los objetos que puedan volar por las rachas de viento.<br>Adem\u00e1s, se deben extremar precauciones al conducir, pues puede haber objetos ca\u00eddos o cables sobre las aceras o el arroyo vehicular.<\/p>\n","protected":false},"excerpt":{"rendered":"<p>Derivado de las rachas de viento de hasta 60 kil\u00f3metros por hora que gener\u00f3 la interacci\u00f3n del Frente Fr\u00edo 28 con una Vaguada, la Direcci\u00f3n de Protecci\u00f3n Civil atendi\u00f3 diversos reportes de afectaciones, entre los que destacan la ca\u00edda de \u00e1rboles y ramas, cableado y cortes de energ\u00eda, sin que hasta el momento se registren [&hellip;]<\/p>\n","protected":false},"author":2,"featured_media":160252,"comment_status":"closed","ping_status":"closed","sticky":false,"template":"","format":"standard","meta":{"tdm_status":"","tdm_grid_status":"","footnotes":""},"categories":[73],"tags":[50283,50281,50285,50284,50280,50282],"class_list":{"0":"post-160491","1":"post","2":"type-post","3":"status-publish","4":"format-standard","5":"has-post-thumbnail","7":"category-de-boleto","8":"tag-afectaciones-por-frentes-frios","9":"tag-caida-de-arboles-y-ramas","10":"tag-cortes-de-energia-electrica-cfe","11":"tag-frente-frio-28-en-xalapa","12":"tag-proteccion-civil-municipal-xalapa","13":"tag-rachas-de-viento-60-km-por-hora"},"yoast_head":"<!-- This site is optimized with the Yoast SEO plugin v27.4 - https:\/\/yoast.com\/product\/yoast-seo-wordpress\/ -->\n<title>\u00c1RBOLES, RAMAS Y CABLES, LAS BAJAS! - Los pol\u00edticos Veracruz<\/title>\n<meta name=\"robots\" content=\"index, follow, max-snippet:-1, max-image-preview:large, max-video-preview:-1\" \/>\n<link rel=\"canonical\" href=\"https:\/\/lospoliticosveracruz.com\/?p=160491\" \/>\n<meta property=\"og:locale\" content=\"es_ES\" \/>\n<meta property=\"og:type\" content=\"article\" \/>\n<meta property=\"og:title\" content=\"\u00c1RBOLES, RAMAS Y CABLES, LAS BAJAS! - Los pol\u00edticos Veracruz\" \/>\n<meta property=\"og:description\" content=\"Derivado de las rachas de viento de hasta 60 kil\u00f3metros por hora que gener\u00f3 la interacci\u00f3n del Frente Fr\u00edo 28 con una Vaguada, la Direcci\u00f3n de Protecci\u00f3n Civil atendi\u00f3 diversos reportes de afectaciones, entre los que destacan la ca\u00edda de \u00e1rboles y ramas, cableado y cortes de energ\u00eda, sin que hasta el momento se registren [&hellip;]\" \/>\n<meta property=\"og:url\" content=\"https:\/\/lospoliticosveracruz.com\/?p=160491\" \/>\n<meta property=\"og:site_name\" content=\"Los pol\u00edticos Veracruz\" \/>\n<meta property=\"article:publisher\" content=\"https:\/\/www.facebook.com\/people\/Notimemes-de-los-Polticos\/61565672886568\/\" \/>\n<meta property=\"article:published_time\" content=\"2026-01-15T18:37:00+00:00\" \/>\n<meta property=\"article:modified_time\" content=\"2026-01-29T01:57:18+00:00\" \/>\n<meta property=\"og:image\" content=\"https:\/\/lospoliticosveracruz.com\/wp-content\/uploads\/2026\/01\/Xalapa-PC.png\" \/>\n\t<meta property=\"og:image:width\" content=\"600\" \/>\n\t<meta property=\"og:image:height\" content=\"320\" \/>\n\t<meta property=\"og:image:type\" content=\"image\/png\" \/>\n<meta name=\"author\" content=\"Lo viste en Los Pol\u00edticos\" \/>\n<meta name=\"twitter:card\" content=\"summary_large_image\" \/>\n<meta name=\"twitter:creator\" content=\"@LosPoliticosVer\" \/>\n<meta name=\"twitter:site\" content=\"@LosPoliticosVer\" \/>\n<meta name=\"twitter:label1\" content=\"Escrito por\" \/>\n\t<meta name=\"twitter:data1\" content=\"Lo viste en Los Pol\u00edticos\" \/>\n\t<meta name=\"twitter:label2\" content=\"Tiempo de lectura\" \/>\n\t<meta name=\"twitter:data2\" content=\"2 minutos\" \/>\n<script type=\"application\/ld+json\" class=\"yoast-schema-graph\">{\"@context\":\"https:\\\/\\\/schema.org\",\"@graph\":[{\"@type\":\"Article\",\"@id\":\"https:\\\/\\\/lospoliticosveracruz.com\\\/?p=160491#article\",\"isPartOf\":{\"@id\":\"https:\\\/\\\/lospoliticosveracruz.com\\\/?p=160491\"},\"author\":{\"name\":\"Lo viste en Los Pol\u00edticos\",\"@id\":\"https:\\\/\\\/lospoliticosveracruz.com\\\/#\\\/schema\\\/person\\\/b8702bb0e538456e6efd07080bf2a4a2\"},\"headline\":\"\u00c1RBOLES, RAMAS Y CABLES, LAS BAJAS!\",\"datePublished\":\"2026-01-15T18:37:00+00:00\",\"dateModified\":\"2026-01-29T01:57:18+00:00\",\"mainEntityOfPage\":{\"@id\":\"https:\\\/\\\/lospoliticosveracruz.com\\\/?p=160491\"},\"wordCount\":358,\"publisher\":{\"@id\":\"https:\\\/\\\/lospoliticosveracruz.com\\\/#organization\"},\"image\":{\"@id\":\"https:\\\/\\\/lospoliticosveracruz.com\\\/?p=160491#primaryimage\"},\"thumbnailUrl\":\"https:\\\/\\\/lospoliticosveracruz.com\\\/wp-content\\\/uploads\\\/2026\\\/01\\\/Xalapa-PC.png\",\"keywords\":[\"afectaciones por frentes fr\u00edos\",\"ca\u00edda de \u00e1rboles y ramas\",\"cortes de energ\u00eda el\u00e9ctrica CFE\",\"Frente Fr\u00edo 28 en Xalapa\",\"Protecci\u00f3n Civil Municipal Xalapa\",\"rachas de viento 60 km por hora\"],\"articleSection\":[\"De Boleto\"],\"inLanguage\":\"es\"},{\"@type\":\"WebPage\",\"@id\":\"https:\\\/\\\/lospoliticosveracruz.com\\\/?p=160491\",\"url\":\"https:\\\/\\\/lospoliticosveracruz.com\\\/?p=160491\",\"name\":\"\u00c1RBOLES, RAMAS Y CABLES, LAS BAJAS! - Los pol\u00edticos Veracruz\",\"isPartOf\":{\"@id\":\"https:\\\/\\\/lospoliticosveracruz.com\\\/#website\"},\"primaryImageOfPage\":{\"@id\":\"https:\\\/\\\/lospoliticosveracruz.com\\\/?p=160491#primaryimage\"},\"image\":{\"@id\":\"https:\\\/\\\/lospoliticosveracruz.com\\\/?p=160491#primaryimage\"},\"thumbnailUrl\":\"https:\\\/\\\/lospoliticosveracruz.com\\\/wp-content\\\/uploads\\\/2026\\\/01\\\/Xalapa-PC.png\",\"datePublished\":\"2026-01-15T18:37:00+00:00\",\"dateModified\":\"2026-01-29T01:57:18+00:00\",\"breadcrumb\":{\"@id\":\"https:\\\/\\\/lospoliticosveracruz.com\\\/?p=160491#breadcrumb\"},\"inLanguage\":\"es\",\"potentialAction\":[{\"@type\":\"ReadAction\",\"target\":[\"https:\\\/\\\/lospoliticosveracruz.com\\\/?p=160491\"]}]},{\"@type\":\"ImageObject\",\"inLanguage\":\"es\",\"@id\":\"https:\\\/\\\/lospoliticosveracruz.com\\\/?p=160491#primaryimage\",\"url\":\"https:\\\/\\\/lospoliticosveracruz.com\\\/wp-content\\\/uploads\\\/2026\\\/01\\\/Xalapa-PC.png\",\"contentUrl\":\"https:\\\/\\\/lospoliticosveracruz.com\\\/wp-content\\\/uploads\\\/2026\\\/01\\\/Xalapa-PC.png\",\"width\":600,\"height\":320},{\"@type\":\"BreadcrumbList\",\"@id\":\"https:\\\/\\\/lospoliticosveracruz.com\\\/?p=160491#breadcrumb\",\"itemListElement\":[{\"@type\":\"ListItem\",\"position\":1,\"name\":\"Portada\",\"item\":\"https:\\\/\\\/lospoliticosveracruz.com\\\/\"},{\"@type\":\"ListItem\",\"position\":2,\"name\":\"\u00c1RBOLES, RAMAS Y CABLES, LAS BAJAS!\"}]},{\"@type\":\"WebSite\",\"@id\":\"https:\\\/\\\/lospoliticosveracruz.com\\\/#website\",\"url\":\"https:\\\/\\\/lospoliticosveracruz.com\\\/\",\"name\":\"Los pol\u00edticos Veracruz\",\"description\":\"\",\"publisher\":{\"@id\":\"https:\\\/\\\/lospoliticosveracruz.com\\\/#organization\"},\"potentialAction\":[{\"@type\":\"SearchAction\",\"target\":{\"@type\":\"EntryPoint\",\"urlTemplate\":\"https:\\\/\\\/lospoliticosveracruz.com\\\/?s={search_term_string}\"},\"query-input\":{\"@type\":\"PropertyValueSpecification\",\"valueRequired\":true,\"valueName\":\"search_term_string\"}}],\"inLanguage\":\"es\"},{\"@type\":\"Organization\",\"@id\":\"https:\\\/\\\/lospoliticosveracruz.com\\\/#organization\",\"name\":\"Los pol\u00edticos Veracruz\",\"url\":\"https:\\\/\\\/lospoliticosveracruz.com\\\/\",\"logo\":{\"@type\":\"ImageObject\",\"inLanguage\":\"es\",\"@id\":\"https:\\\/\\\/lospoliticosveracruz.com\\\/#\\\/schema\\\/logo\\\/image\\\/\",\"url\":\"https:\\\/\\\/lospoliticosveracruz.com\\\/wp-content\\\/uploads\\\/2025\\\/12\\\/Logo-Nuevo-LOS-POLITICOS-1.jpg\",\"contentUrl\":\"https:\\\/\\\/lospoliticosveracruz.com\\\/wp-content\\\/uploads\\\/2025\\\/12\\\/Logo-Nuevo-LOS-POLITICOS-1.jpg\",\"width\":260,\"height\":70,\"caption\":\"Los pol\u00edticos Veracruz\"},\"image\":{\"@id\":\"https:\\\/\\\/lospoliticosveracruz.com\\\/#\\\/schema\\\/logo\\\/image\\\/\"},\"sameAs\":[\"https:\\\/\\\/www.facebook.com\\\/people\\\/Notimemes-de-los-Polticos\\\/61565672886568\\\/\",\"https:\\\/\\\/x.com\\\/LosPoliticosVer\"]},{\"@type\":\"Person\",\"@id\":\"https:\\\/\\\/lospoliticosveracruz.com\\\/#\\\/schema\\\/person\\\/b8702bb0e538456e6efd07080bf2a4a2\",\"name\":\"Lo viste en Los Pol\u00edticos\",\"image\":{\"@type\":\"ImageObject\",\"inLanguage\":\"es\",\"@id\":\"https:\\\/\\\/secure.gravatar.com\\\/avatar\\\/3a8de04a2656d44082be478bd6c086daa447c4651605818287b9532d3d0bd435?s=96&d=mm&r=g\",\"url\":\"https:\\\/\\\/secure.gravatar.com\\\/avatar\\\/3a8de04a2656d44082be478bd6c086daa447c4651605818287b9532d3d0bd435?s=96&d=mm&r=g\",\"contentUrl\":\"https:\\\/\\\/secure.gravatar.com\\\/avatar\\\/3a8de04a2656d44082be478bd6c086daa447c4651605818287b9532d3d0bd435?s=96&d=mm&r=g\",\"caption\":\"Lo viste en Los Pol\u00edticos\"},\"url\":\"https:\\\/\\\/lospoliticosveracruz.com\\\/?author=2\"}]}<\/script>\n<!-- \/ Yoast SEO plugin. -->","yoast_head_json":{"title":"\u00c1RBOLES, RAMAS Y CABLES, LAS BAJAS! - Los pol\u00edticos Veracruz","robots":{"index":"index","follow":"follow","max-snippet":"max-snippet:-1","max-image-preview":"max-image-preview:large","max-video-preview":"max-video-preview:-1"},"canonical":"https:\/\/lospoliticosveracruz.com\/?p=160491","og_locale":"es_ES","og_type":"article","og_title":"\u00c1RBOLES, RAMAS Y CABLES, LAS BAJAS! - Los pol\u00edticos Veracruz","og_description":"Derivado de las rachas de viento de hasta 60 kil\u00f3metros por hora que gener\u00f3 la interacci\u00f3n del Frente Fr\u00edo 28 con una Vaguada, la Direcci\u00f3n de Protecci\u00f3n Civil atendi\u00f3 diversos reportes de afectaciones, entre los que destacan la ca\u00edda de \u00e1rboles y ramas, cableado y cortes de energ\u00eda, sin que hasta el momento se registren [&hellip;]","og_url":"https:\/\/lospoliticosveracruz.com\/?p=160491","og_site_name":"Los pol\u00edticos Veracruz","article_publisher":"https:\/\/www.facebook.com\/people\/Notimemes-de-los-Polticos\/61565672886568\/","article_published_time":"2026-01-15T18:37:00+00:00","article_modified_time":"2026-01-29T01:57:18+00:00","og_image":[{"width":600,"height":320,"url":"https:\/\/lospoliticosveracruz.com\/wp-content\/uploads\/2026\/01\/Xalapa-PC.png","type":"image\/png"}],"author":"Lo viste en Los Pol\u00edticos","twitter_card":"summary_large_image","twitter_creator":"@LosPoliticosVer","twitter_site":"@LosPoliticosVer","twitter_misc":{"Escrito por":"Lo viste en Los Pol\u00edticos","Tiempo de lectura":"2 minutos"},"schema":{"@context":"https:\/\/schema.org","@graph":[{"@type":"Article","@id":"https:\/\/lospoliticosveracruz.com\/?p=160491#article","isPartOf":{"@id":"https:\/\/lospoliticosveracruz.com\/?p=160491"},"author":{"name":"Lo viste en Los Pol\u00edticos","@id":"https:\/\/lospoliticosveracruz.com\/#\/schema\/person\/b8702bb0e538456e6efd07080bf2a4a2"},"headline":"\u00c1RBOLES, RAMAS Y CABLES, LAS BAJAS!","datePublished":"2026-01-15T18:37:00+00:00","dateModified":"2026-01-29T01:57:18+00:00","mainEntityOfPage":{"@id":"https:\/\/lospoliticosveracruz.com\/?p=160491"},"wordCount":358,"publisher":{"@id":"https:\/\/lospoliticosveracruz.com\/#organization"},"image":{"@id":"https:\/\/lospoliticosveracruz.com\/?p=160491#primaryimage"},"thumbnailUrl":"https:\/\/lospoliticosveracruz.com\/wp-content\/uploads\/2026\/01\/Xalapa-PC.png","keywords":["afectaciones por frentes fr\u00edos","ca\u00edda de \u00e1rboles y ramas","cortes de energ\u00eda el\u00e9ctrica CFE","Frente Fr\u00edo 28 en Xalapa","Protecci\u00f3n Civil Municipal Xalapa","rachas de viento 60 km por hora"],"articleSection":["De Boleto"],"inLanguage":"es"},{"@type":"WebPage","@id":"https:\/\/lospoliticosveracruz.com\/?p=160491","url":"https:\/\/lospoliticosveracruz.com\/?p=160491","name":"\u00c1RBOLES, RAMAS Y CABLES, LAS BAJAS! - Los pol\u00edticos Veracruz","isPartOf":{"@id":"https:\/\/lospoliticosveracruz.com\/#website"},"primaryImageOfPage":{"@id":"https:\/\/lospoliticosveracruz.com\/?p=160491#primaryimage"},"image":{"@id":"https:\/\/lospoliticosveracruz.com\/?p=160491#primaryimage"},"thumbnailUrl":"https:\/\/lospoliticosveracruz.com\/wp-content\/uploads\/2026\/01\/Xalapa-PC.png","datePublished":"2026-01-15T18:37:00+00:00","dateModified":"2026-01-29T01:57:18+00:00","breadcrumb":{"@id":"https:\/\/lospoliticosveracruz.com\/?p=160491#breadcrumb"},"inLanguage":"es","potentialAction":[{"@type":"ReadAction","target":["https:\/\/lospoliticosveracruz.com\/?p=160491"]}]},{"@type":"ImageObject","inLanguage":"es","@id":"https:\/\/lospoliticosveracruz.com\/?p=160491#primaryimage","url":"https:\/\/lospoliticosveracruz.com\/wp-content\/uploads\/2026\/01\/Xalapa-PC.png","contentUrl":"https:\/\/lospoliticosveracruz.com\/wp-content\/uploads\/2026\/01\/Xalapa-PC.png","width":600,"height":320},{"@type":"BreadcrumbList","@id":"https:\/\/lospoliticosveracruz.com\/?p=160491#breadcrumb","itemListElement":[{"@type":"ListItem","position":1,"name":"Portada","item":"https:\/\/lospoliticosveracruz.com\/"},{"@type":"ListItem","position":2,"name":"\u00c1RBOLES, RAMAS Y CABLES, LAS BAJAS!"}]},{"@type":"WebSite","@id":"https:\/\/lospoliticosveracruz.com\/#website","url":"https:\/\/lospoliticosveracruz.com\/","name":"Los pol\u00edticos Veracruz","description":"","publisher":{"@id":"https:\/\/lospoliticosveracruz.com\/#organization"},"potentialAction":[{"@type":"SearchAction","target":{"@type":"EntryPoint","urlTemplate":"https:\/\/lospoliticosveracruz.com\/?s={search_term_string}"},"query-input":{"@type":"PropertyValueSpecification","valueRequired":true,"valueName":"search_term_string"}}],"inLanguage":"es"},{"@type":"Organization","@id":"https:\/\/lospoliticosveracruz.com\/#organization","name":"Los pol\u00edticos Veracruz","url":"https:\/\/lospoliticosveracruz.com\/","logo":{"@type":"ImageObject","inLanguage":"es","@id":"https:\/\/lospoliticosveracruz.com\/#\/schema\/logo\/image\/","url":"https:\/\/lospoliticosveracruz.com\/wp-content\/uploads\/2025\/12\/Logo-Nuevo-LOS-POLITICOS-1.jpg","contentUrl":"https:\/\/lospoliticosveracruz.com\/wp-content\/uploads\/2025\/12\/Logo-Nuevo-LOS-POLITICOS-1.jpg","width":260,"height":70,"caption":"Los pol\u00edticos Veracruz"},"image":{"@id":"https:\/\/lospoliticosveracruz.com\/#\/schema\/logo\/image\/"},"sameAs":["https:\/\/www.facebook.com\/people\/Notimemes-de-los-Polticos\/61565672886568\/","https:\/\/x.com\/LosPoliticosVer"]},{"@type":"Person","@id":"https:\/\/lospoliticosveracruz.com\/#\/schema\/person\/b8702bb0e538456e6efd07080bf2a4a2","name":"Lo viste en Los Pol\u00edticos","image":{"@type":"ImageObject","inLanguage":"es","@id":"https:\/\/secure.gravatar.com\/avatar\/3a8de04a2656d44082be478bd6c086daa447c4651605818287b9532d3d0bd435?s=96&d=mm&r=g","url":"https:\/\/secure.gravatar.com\/avatar\/3a8de04a2656d44082be478bd6c086daa447c4651605818287b9532d3d0bd435?s=96&d=mm&r=g","contentUrl":"https:\/\/secure.gravatar.com\/avatar\/3a8de04a2656d44082be478bd6c086daa447c4651605818287b9532d3d0bd435?s=96&d=mm&r=g","caption":"Lo viste en Los Pol\u00edticos"},"url":"https:\/\/lospoliticosveracruz.com\/?author=2"}]}},"_links":{"self":[{"href":"https:\/\/lospoliticosveracruz.com\/index.php?rest_route=\/wp\/v2\/posts\/160491","targetHints":{"allow":["GET"]}}],"collection":[{"href":"https:\/\/lospoliticosveracruz.com\/index.php?rest_route=\/wp\/v2\/posts"}],"about":[{"href":"https:\/\/lospoliticosveracruz.com\/index.php?rest_route=\/wp\/v2\/types\/post"}],"author":[{"embeddable":true,"href":"https:\/\/lospoliticosveracruz.com\/index.php?rest_route=\/wp\/v2\/users\/2"}],"replies":[{"embeddable":true,"href":"https:\/\/lospoliticosveracruz.com\/index.php?rest_route=%2Fwp%2Fv2%2Fcomments&post=160491"}],"version-history":[{"count":2,"href":"https:\/\/lospoliticosveracruz.com\/index.php?rest_route=\/wp\/v2\/posts\/160491\/revisions"}],"predecessor-version":[{"id":161979,"href":"https:\/\/lospoliticosveracruz.com\/index.php?rest_route=\/wp\/v2\/posts\/160491\/revisions\/161979"}],"wp:featuredmedia":[{"embeddable":true,"href":"https:\/\/lospoliticosveracruz.com\/index.php?rest_route=\/wp\/v2\/media\/160252"}],"wp:attachment":[{"href":"https:\/\/lospoliticosveracruz.com\/index.php?rest_route=%2Fwp%2Fv2%2Fmedia&parent=160491"}],"wp:term":[{"taxonomy":"category","embeddable":true,"href":"https:\/\/lospoliticosveracruz.com\/index.php?rest_route=%2Fwp%2Fv2%2Fcategories&post=160491"},{"taxonomy":"post_tag","embeddable":true,"href":"https:\/\/lospoliticosveracruz.com\/index.php?rest_route=%2Fwp%2Fv2%2Ftags&post=160491"}],"curies":[{"name":"wp","href":"https:\/\/api.w.org\/{rel}","templated":true}]}}