{"id":160517,"date":"2026-01-15T13:52:32","date_gmt":"2026-01-15T19:52:32","guid":{"rendered":"https:\/\/lospoliticosveracruz.com\/?p=160517"},"modified":"2026-01-15T13:52:34","modified_gmt":"2026-01-15T19:52:34","slug":"le-ve-plumas-a-pilgrims","status":"publish","type":"post","link":"https:\/\/lospoliticosveracruz.com\/?p=160517","title":{"rendered":"LE VE PLUMAS A PILGRIM\u2019S"},"content":{"rendered":"\n<p>S\u00edguenos ahora tambi\u00e9n en WhatsApp.\u00a0\u00a1<a href=\"https:\/\/whatsapp.com\/channel\/0029Va8zRWlEKyZIP3Z1dF0e\"><strong>Da clic aqu\u00ed<\/strong><\/a><strong>!<\/strong><\/p>\n\n\n\n<p><\/p>\n\n\n\n<p><strong>\u00c1ngeles Gonz\u00e1lez Ceballos<br><\/strong>Luego del anuncio que hiciera este jueves el director de la trasnacional Pilgrim\u00b4s M\u00e9xico, Jes\u00fas Mu\u00f1oz, de hacer millonarias inversiones en el pa\u00eds, incluido Veracruz, la gobernadora Roc\u00edo Nahle Garc\u00eda confirm\u00f3 lo anterior y defini\u00f3 que ser\u00e1 para una granja av\u00edcola.<\/p>\n\n\n\n<p>\u00abEllos se dedican a eso y ellos traen propuestas en varias regiones de Veracruz, estamos revisando con ellos\u00bb, coment\u00f3.<\/p>\n\n\n\n<p>Asimismo, respecto del riesgo de contaminaci\u00f3n que este tipo de plantas pueden generar y que incluso ha generado la molestia de los ciudadanos en donde se instalan industrias de este tipo, la Mandataria asegur\u00f3 que habr\u00e1 di\u00e1logo.<\/p>\n\n\n\n<p>Por otra parte, Nahle Garc\u00eda confirm\u00f3 que hay un avance muy importante en las negociaciones con empresarios hind\u00faes para la instalaci\u00f3n de laboratorios de medicamentos oncol\u00f3gicos en Emiliano Zapata.<\/p>\n\n\n\n<p>\u00abEs otra de las inversiones hind\u00faes que est\u00e1n interesados en colocar una planta, s\u00ed hay negociaciones, est\u00e1n muy avanzados\u00bb, sostuvo, luego de que as\u00ed lo informara el titular de la SEDECOP en una reuni\u00f3n con empresarios.<\/p>\n\n\n\n<p>Por otra parte, la Gobernadora manifest\u00f3 que hay varias empresas que tienen intenci\u00f3n de invertir sus recursos para instalar sus industrias en distintos puntos de la Entidad, por lo que ya hicieron un plan de trabajo para todo el a\u00f1o.<\/p>\n\n\n\n<p>Refiri\u00f3 que como parte de las actividades del titular de la Secretar\u00eda de Desarrollo Econ\u00f3mico (SEDECOP), Ernesto P\u00e9rez Astorga, el a\u00f1o pasado se reuni\u00f3 con empresarios alemanes y gracias a eso incrementaron las exportaciones de Veracruz hacia aquella rep\u00fablica germ\u00e1nica en un 118 por ciento.<\/p>\n","protected":false},"excerpt":{"rendered":"<p>\u00c1ngeles Gonz\u00e1lez CeballosLuego del anuncio que hiciera este jueves el director de la trasnacional Pilgrim\u00b4s M\u00e9xico, Jes\u00fas Mu\u00f1oz, de hacer millonarias inversiones en el pa\u00eds, incluido Veracruz, la gobernadora Roc\u00edo Nahle Garc\u00eda confirm\u00f3 lo anterior y defini\u00f3 que ser\u00e1 para una granja av\u00edcola. \u00abEllos se dedican a eso y ellos traen propuestas en varias regiones [&hellip;]<\/p>\n","protected":false},"author":2,"featured_media":160518,"comment_status":"closed","ping_status":"closed","sticky":false,"template":"","format":"standard","meta":{"tdm_status":"","tdm_grid_status":"","footnotes":""},"categories":[6446],"tags":[49986,50320,50319,50323,50322,50321],"class_list":{"0":"post-160517","1":"post","2":"type-post","3":"status-publish","4":"format-standard","5":"has-post-thumbnail","7":"category-la-nota","8":"tag-angeles-gonzalez-ceballos","9":"tag-granja-avicola-pilgrims-veracruz","10":"tag-inversion-pilgrims-mexico-en-veracruz","11":"tag-inversiones-extranjeras-en-veracruz","12":"tag-planta-oncologica-emiliano-zapata","13":"tag-rocio-nahle-garcia-inversiones"},"yoast_head":"<!-- This site is optimized with the Yoast SEO plugin v27.4 - https:\/\/yoast.com\/product\/yoast-seo-wordpress\/ -->\n<title>LE VE PLUMAS A PILGRIM\u2019S - Los pol\u00edticos Veracruz<\/title>\n<meta name=\"robots\" content=\"index, follow, max-snippet:-1, max-image-preview:large, max-video-preview:-1\" \/>\n<link rel=\"canonical\" href=\"https:\/\/lospoliticosveracruz.com\/?p=160517\" \/>\n<meta property=\"og:locale\" content=\"es_ES\" \/>\n<meta property=\"og:type\" content=\"article\" \/>\n<meta property=\"og:title\" content=\"LE VE PLUMAS A PILGRIM\u2019S - Los pol\u00edticos Veracruz\" \/>\n<meta property=\"og:description\" content=\"\u00c1ngeles Gonz\u00e1lez CeballosLuego del anuncio que hiciera este jueves el director de la trasnacional Pilgrim\u00b4s M\u00e9xico, Jes\u00fas Mu\u00f1oz, de hacer millonarias inversiones en el pa\u00eds, incluido Veracruz, la gobernadora Roc\u00edo Nahle Garc\u00eda confirm\u00f3 lo anterior y defini\u00f3 que ser\u00e1 para una granja av\u00edcola. \u00abEllos se dedican a eso y ellos traen propuestas en varias regiones [&hellip;]\" \/>\n<meta property=\"og:url\" content=\"https:\/\/lospoliticosveracruz.com\/?p=160517\" \/>\n<meta property=\"og:site_name\" content=\"Los pol\u00edticos Veracruz\" \/>\n<meta property=\"article:publisher\" content=\"https:\/\/www.facebook.com\/people\/Notimemes-de-los-Polticos\/61565672886568\/\" \/>\n<meta property=\"article:published_time\" content=\"2026-01-15T19:52:32+00:00\" \/>\n<meta property=\"article:modified_time\" content=\"2026-01-15T19:52:34+00:00\" \/>\n<meta property=\"og:image\" content=\"https:\/\/lospoliticosveracruz.com\/wp-content\/uploads\/2026\/01\/Rocio-Nahle-Garcia-1.jpeg\" \/>\n\t<meta property=\"og:image:width\" content=\"600\" \/>\n\t<meta property=\"og:image:height\" content=\"320\" \/>\n\t<meta property=\"og:image:type\" content=\"image\/jpeg\" \/>\n<meta name=\"author\" content=\"Lo viste en Los Pol\u00edticos\" \/>\n<meta name=\"twitter:card\" content=\"summary_large_image\" \/>\n<meta name=\"twitter:creator\" content=\"@LosPoliticosVer\" \/>\n<meta name=\"twitter:site\" content=\"@LosPoliticosVer\" \/>\n<meta name=\"twitter:label1\" content=\"Escrito por\" \/>\n\t<meta name=\"twitter:data1\" content=\"Lo viste en Los Pol\u00edticos\" \/>\n\t<meta name=\"twitter:label2\" content=\"Tiempo de lectura\" \/>\n\t<meta name=\"twitter:data2\" content=\"2 minutos\" \/>\n<script type=\"application\/ld+json\" class=\"yoast-schema-graph\">{\"@context\":\"https:\\\/\\\/schema.org\",\"@graph\":[{\"@type\":\"Article\",\"@id\":\"https:\\\/\\\/lospoliticosveracruz.com\\\/?p=160517#article\",\"isPartOf\":{\"@id\":\"https:\\\/\\\/lospoliticosveracruz.com\\\/?p=160517\"},\"author\":{\"name\":\"Lo viste en Los Pol\u00edticos\",\"@id\":\"https:\\\/\\\/lospoliticosveracruz.com\\\/#\\\/schema\\\/person\\\/b8702bb0e538456e6efd07080bf2a4a2\"},\"headline\":\"LE VE PLUMAS A PILGRIM\u2019S\",\"datePublished\":\"2026-01-15T19:52:32+00:00\",\"dateModified\":\"2026-01-15T19:52:34+00:00\",\"mainEntityOfPage\":{\"@id\":\"https:\\\/\\\/lospoliticosveracruz.com\\\/?p=160517\"},\"wordCount\":282,\"publisher\":{\"@id\":\"https:\\\/\\\/lospoliticosveracruz.com\\\/#organization\"},\"image\":{\"@id\":\"https:\\\/\\\/lospoliticosveracruz.com\\\/?p=160517#primaryimage\"},\"thumbnailUrl\":\"https:\\\/\\\/lospoliticosveracruz.com\\\/wp-content\\\/uploads\\\/2026\\\/01\\\/Rocio-Nahle-Garcia-1.jpeg\",\"keywords\":[\"\u00c1ngeles Gonz\u00e1lez Ceballos\",\"granja av\u00edcola Pilgrim\u2019s Veracruz\",\"inversi\u00f3n Pilgrim\u2019s M\u00e9xico en Veracruz\",\"inversiones extranjeras en Veracruz\",\"planta oncol\u00f3gica Emiliano Zapata\",\"Roc\u00edo Nahle Garc\u00eda inversiones\"],\"articleSection\":[\"La Nota\"],\"inLanguage\":\"es\"},{\"@type\":\"WebPage\",\"@id\":\"https:\\\/\\\/lospoliticosveracruz.com\\\/?p=160517\",\"url\":\"https:\\\/\\\/lospoliticosveracruz.com\\\/?p=160517\",\"name\":\"LE VE PLUMAS A PILGRIM\u2019S - Los pol\u00edticos Veracruz\",\"isPartOf\":{\"@id\":\"https:\\\/\\\/lospoliticosveracruz.com\\\/#website\"},\"primaryImageOfPage\":{\"@id\":\"https:\\\/\\\/lospoliticosveracruz.com\\\/?p=160517#primaryimage\"},\"image\":{\"@id\":\"https:\\\/\\\/lospoliticosveracruz.com\\\/?p=160517#primaryimage\"},\"thumbnailUrl\":\"https:\\\/\\\/lospoliticosveracruz.com\\\/wp-content\\\/uploads\\\/2026\\\/01\\\/Rocio-Nahle-Garcia-1.jpeg\",\"datePublished\":\"2026-01-15T19:52:32+00:00\",\"dateModified\":\"2026-01-15T19:52:34+00:00\",\"breadcrumb\":{\"@id\":\"https:\\\/\\\/lospoliticosveracruz.com\\\/?p=160517#breadcrumb\"},\"inLanguage\":\"es\",\"potentialAction\":[{\"@type\":\"ReadAction\",\"target\":[\"https:\\\/\\\/lospoliticosveracruz.com\\\/?p=160517\"]}]},{\"@type\":\"ImageObject\",\"inLanguage\":\"es\",\"@id\":\"https:\\\/\\\/lospoliticosveracruz.com\\\/?p=160517#primaryimage\",\"url\":\"https:\\\/\\\/lospoliticosveracruz.com\\\/wp-content\\\/uploads\\\/2026\\\/01\\\/Rocio-Nahle-Garcia-1.jpeg\",\"contentUrl\":\"https:\\\/\\\/lospoliticosveracruz.com\\\/wp-content\\\/uploads\\\/2026\\\/01\\\/Rocio-Nahle-Garcia-1.jpeg\",\"width\":600,\"height\":320},{\"@type\":\"BreadcrumbList\",\"@id\":\"https:\\\/\\\/lospoliticosveracruz.com\\\/?p=160517#breadcrumb\",\"itemListElement\":[{\"@type\":\"ListItem\",\"position\":1,\"name\":\"Portada\",\"item\":\"https:\\\/\\\/lospoliticosveracruz.com\\\/\"},{\"@type\":\"ListItem\",\"position\":2,\"name\":\"LE VE PLUMAS A PILGRIM\u2019S\"}]},{\"@type\":\"WebSite\",\"@id\":\"https:\\\/\\\/lospoliticosveracruz.com\\\/#website\",\"url\":\"https:\\\/\\\/lospoliticosveracruz.com\\\/\",\"name\":\"Los pol\u00edticos Veracruz\",\"description\":\"\",\"publisher\":{\"@id\":\"https:\\\/\\\/lospoliticosveracruz.com\\\/#organization\"},\"potentialAction\":[{\"@type\":\"SearchAction\",\"target\":{\"@type\":\"EntryPoint\",\"urlTemplate\":\"https:\\\/\\\/lospoliticosveracruz.com\\\/?s={search_term_string}\"},\"query-input\":{\"@type\":\"PropertyValueSpecification\",\"valueRequired\":true,\"valueName\":\"search_term_string\"}}],\"inLanguage\":\"es\"},{\"@type\":\"Organization\",\"@id\":\"https:\\\/\\\/lospoliticosveracruz.com\\\/#organization\",\"name\":\"Los pol\u00edticos Veracruz\",\"url\":\"https:\\\/\\\/lospoliticosveracruz.com\\\/\",\"logo\":{\"@type\":\"ImageObject\",\"inLanguage\":\"es\",\"@id\":\"https:\\\/\\\/lospoliticosveracruz.com\\\/#\\\/schema\\\/logo\\\/image\\\/\",\"url\":\"https:\\\/\\\/lospoliticosveracruz.com\\\/wp-content\\\/uploads\\\/2025\\\/12\\\/Logo-Nuevo-LOS-POLITICOS-1.jpg\",\"contentUrl\":\"https:\\\/\\\/lospoliticosveracruz.com\\\/wp-content\\\/uploads\\\/2025\\\/12\\\/Logo-Nuevo-LOS-POLITICOS-1.jpg\",\"width\":260,\"height\":70,\"caption\":\"Los pol\u00edticos Veracruz\"},\"image\":{\"@id\":\"https:\\\/\\\/lospoliticosveracruz.com\\\/#\\\/schema\\\/logo\\\/image\\\/\"},\"sameAs\":[\"https:\\\/\\\/www.facebook.com\\\/people\\\/Notimemes-de-los-Polticos\\\/61565672886568\\\/\",\"https:\\\/\\\/x.com\\\/LosPoliticosVer\"]},{\"@type\":\"Person\",\"@id\":\"https:\\\/\\\/lospoliticosveracruz.com\\\/#\\\/schema\\\/person\\\/b8702bb0e538456e6efd07080bf2a4a2\",\"name\":\"Lo viste en Los Pol\u00edticos\",\"image\":{\"@type\":\"ImageObject\",\"inLanguage\":\"es\",\"@id\":\"https:\\\/\\\/secure.gravatar.com\\\/avatar\\\/3a8de04a2656d44082be478bd6c086daa447c4651605818287b9532d3d0bd435?s=96&d=mm&r=g\",\"url\":\"https:\\\/\\\/secure.gravatar.com\\\/avatar\\\/3a8de04a2656d44082be478bd6c086daa447c4651605818287b9532d3d0bd435?s=96&d=mm&r=g\",\"contentUrl\":\"https:\\\/\\\/secure.gravatar.com\\\/avatar\\\/3a8de04a2656d44082be478bd6c086daa447c4651605818287b9532d3d0bd435?s=96&d=mm&r=g\",\"caption\":\"Lo viste en Los Pol\u00edticos\"},\"url\":\"https:\\\/\\\/lospoliticosveracruz.com\\\/?author=2\"}]}<\/script>\n<!-- \/ Yoast SEO plugin. -->","yoast_head_json":{"title":"LE VE PLUMAS A PILGRIM\u2019S - Los pol\u00edticos Veracruz","robots":{"index":"index","follow":"follow","max-snippet":"max-snippet:-1","max-image-preview":"max-image-preview:large","max-video-preview":"max-video-preview:-1"},"canonical":"https:\/\/lospoliticosveracruz.com\/?p=160517","og_locale":"es_ES","og_type":"article","og_title":"LE VE PLUMAS A PILGRIM\u2019S - Los pol\u00edticos Veracruz","og_description":"\u00c1ngeles Gonz\u00e1lez CeballosLuego del anuncio que hiciera este jueves el director de la trasnacional Pilgrim\u00b4s M\u00e9xico, Jes\u00fas Mu\u00f1oz, de hacer millonarias inversiones en el pa\u00eds, incluido Veracruz, la gobernadora Roc\u00edo Nahle Garc\u00eda confirm\u00f3 lo anterior y defini\u00f3 que ser\u00e1 para una granja av\u00edcola. \u00abEllos se dedican a eso y ellos traen propuestas en varias regiones [&hellip;]","og_url":"https:\/\/lospoliticosveracruz.com\/?p=160517","og_site_name":"Los pol\u00edticos Veracruz","article_publisher":"https:\/\/www.facebook.com\/people\/Notimemes-de-los-Polticos\/61565672886568\/","article_published_time":"2026-01-15T19:52:32+00:00","article_modified_time":"2026-01-15T19:52:34+00:00","og_image":[{"width":600,"height":320,"url":"https:\/\/lospoliticosveracruz.com\/wp-content\/uploads\/2026\/01\/Rocio-Nahle-Garcia-1.jpeg","type":"image\/jpeg"}],"author":"Lo viste en Los Pol\u00edticos","twitter_card":"summary_large_image","twitter_creator":"@LosPoliticosVer","twitter_site":"@LosPoliticosVer","twitter_misc":{"Escrito por":"Lo viste en Los Pol\u00edticos","Tiempo de lectura":"2 minutos"},"schema":{"@context":"https:\/\/schema.org","@graph":[{"@type":"Article","@id":"https:\/\/lospoliticosveracruz.com\/?p=160517#article","isPartOf":{"@id":"https:\/\/lospoliticosveracruz.com\/?p=160517"},"author":{"name":"Lo viste en Los Pol\u00edticos","@id":"https:\/\/lospoliticosveracruz.com\/#\/schema\/person\/b8702bb0e538456e6efd07080bf2a4a2"},"headline":"LE VE PLUMAS A PILGRIM\u2019S","datePublished":"2026-01-15T19:52:32+00:00","dateModified":"2026-01-15T19:52:34+00:00","mainEntityOfPage":{"@id":"https:\/\/lospoliticosveracruz.com\/?p=160517"},"wordCount":282,"publisher":{"@id":"https:\/\/lospoliticosveracruz.com\/#organization"},"image":{"@id":"https:\/\/lospoliticosveracruz.com\/?p=160517#primaryimage"},"thumbnailUrl":"https:\/\/lospoliticosveracruz.com\/wp-content\/uploads\/2026\/01\/Rocio-Nahle-Garcia-1.jpeg","keywords":["\u00c1ngeles Gonz\u00e1lez Ceballos","granja av\u00edcola Pilgrim\u2019s Veracruz","inversi\u00f3n Pilgrim\u2019s M\u00e9xico en Veracruz","inversiones extranjeras en Veracruz","planta oncol\u00f3gica Emiliano Zapata","Roc\u00edo Nahle Garc\u00eda inversiones"],"articleSection":["La Nota"],"inLanguage":"es"},{"@type":"WebPage","@id":"https:\/\/lospoliticosveracruz.com\/?p=160517","url":"https:\/\/lospoliticosveracruz.com\/?p=160517","name":"LE VE PLUMAS A PILGRIM\u2019S - Los pol\u00edticos Veracruz","isPartOf":{"@id":"https:\/\/lospoliticosveracruz.com\/#website"},"primaryImageOfPage":{"@id":"https:\/\/lospoliticosveracruz.com\/?p=160517#primaryimage"},"image":{"@id":"https:\/\/lospoliticosveracruz.com\/?p=160517#primaryimage"},"thumbnailUrl":"https:\/\/lospoliticosveracruz.com\/wp-content\/uploads\/2026\/01\/Rocio-Nahle-Garcia-1.jpeg","datePublished":"2026-01-15T19:52:32+00:00","dateModified":"2026-01-15T19:52:34+00:00","breadcrumb":{"@id":"https:\/\/lospoliticosveracruz.com\/?p=160517#breadcrumb"},"inLanguage":"es","potentialAction":[{"@type":"ReadAction","target":["https:\/\/lospoliticosveracruz.com\/?p=160517"]}]},{"@type":"ImageObject","inLanguage":"es","@id":"https:\/\/lospoliticosveracruz.com\/?p=160517#primaryimage","url":"https:\/\/lospoliticosveracruz.com\/wp-content\/uploads\/2026\/01\/Rocio-Nahle-Garcia-1.jpeg","contentUrl":"https:\/\/lospoliticosveracruz.com\/wp-content\/uploads\/2026\/01\/Rocio-Nahle-Garcia-1.jpeg","width":600,"height":320},{"@type":"BreadcrumbList","@id":"https:\/\/lospoliticosveracruz.com\/?p=160517#breadcrumb","itemListElement":[{"@type":"ListItem","position":1,"name":"Portada","item":"https:\/\/lospoliticosveracruz.com\/"},{"@type":"ListItem","position":2,"name":"LE VE PLUMAS A PILGRIM\u2019S"}]},{"@type":"WebSite","@id":"https:\/\/lospoliticosveracruz.com\/#website","url":"https:\/\/lospoliticosveracruz.com\/","name":"Los pol\u00edticos Veracruz","description":"","publisher":{"@id":"https:\/\/lospoliticosveracruz.com\/#organization"},"potentialAction":[{"@type":"SearchAction","target":{"@type":"EntryPoint","urlTemplate":"https:\/\/lospoliticosveracruz.com\/?s={search_term_string}"},"query-input":{"@type":"PropertyValueSpecification","valueRequired":true,"valueName":"search_term_string"}}],"inLanguage":"es"},{"@type":"Organization","@id":"https:\/\/lospoliticosveracruz.com\/#organization","name":"Los pol\u00edticos Veracruz","url":"https:\/\/lospoliticosveracruz.com\/","logo":{"@type":"ImageObject","inLanguage":"es","@id":"https:\/\/lospoliticosveracruz.com\/#\/schema\/logo\/image\/","url":"https:\/\/lospoliticosveracruz.com\/wp-content\/uploads\/2025\/12\/Logo-Nuevo-LOS-POLITICOS-1.jpg","contentUrl":"https:\/\/lospoliticosveracruz.com\/wp-content\/uploads\/2025\/12\/Logo-Nuevo-LOS-POLITICOS-1.jpg","width":260,"height":70,"caption":"Los pol\u00edticos Veracruz"},"image":{"@id":"https:\/\/lospoliticosveracruz.com\/#\/schema\/logo\/image\/"},"sameAs":["https:\/\/www.facebook.com\/people\/Notimemes-de-los-Polticos\/61565672886568\/","https:\/\/x.com\/LosPoliticosVer"]},{"@type":"Person","@id":"https:\/\/lospoliticosveracruz.com\/#\/schema\/person\/b8702bb0e538456e6efd07080bf2a4a2","name":"Lo viste en Los Pol\u00edticos","image":{"@type":"ImageObject","inLanguage":"es","@id":"https:\/\/secure.gravatar.com\/avatar\/3a8de04a2656d44082be478bd6c086daa447c4651605818287b9532d3d0bd435?s=96&d=mm&r=g","url":"https:\/\/secure.gravatar.com\/avatar\/3a8de04a2656d44082be478bd6c086daa447c4651605818287b9532d3d0bd435?s=96&d=mm&r=g","contentUrl":"https:\/\/secure.gravatar.com\/avatar\/3a8de04a2656d44082be478bd6c086daa447c4651605818287b9532d3d0bd435?s=96&d=mm&r=g","caption":"Lo viste en Los Pol\u00edticos"},"url":"https:\/\/lospoliticosveracruz.com\/?author=2"}]}},"_links":{"self":[{"href":"https:\/\/lospoliticosveracruz.com\/index.php?rest_route=\/wp\/v2\/posts\/160517","targetHints":{"allow":["GET"]}}],"collection":[{"href":"https:\/\/lospoliticosveracruz.com\/index.php?rest_route=\/wp\/v2\/posts"}],"about":[{"href":"https:\/\/lospoliticosveracruz.com\/index.php?rest_route=\/wp\/v2\/types\/post"}],"author":[{"embeddable":true,"href":"https:\/\/lospoliticosveracruz.com\/index.php?rest_route=\/wp\/v2\/users\/2"}],"replies":[{"embeddable":true,"href":"https:\/\/lospoliticosveracruz.com\/index.php?rest_route=%2Fwp%2Fv2%2Fcomments&post=160517"}],"version-history":[{"count":1,"href":"https:\/\/lospoliticosveracruz.com\/index.php?rest_route=\/wp\/v2\/posts\/160517\/revisions"}],"predecessor-version":[{"id":160519,"href":"https:\/\/lospoliticosveracruz.com\/index.php?rest_route=\/wp\/v2\/posts\/160517\/revisions\/160519"}],"wp:featuredmedia":[{"embeddable":true,"href":"https:\/\/lospoliticosveracruz.com\/index.php?rest_route=\/wp\/v2\/media\/160518"}],"wp:attachment":[{"href":"https:\/\/lospoliticosveracruz.com\/index.php?rest_route=%2Fwp%2Fv2%2Fmedia&parent=160517"}],"wp:term":[{"taxonomy":"category","embeddable":true,"href":"https:\/\/lospoliticosveracruz.com\/index.php?rest_route=%2Fwp%2Fv2%2Fcategories&post=160517"},{"taxonomy":"post_tag","embeddable":true,"href":"https:\/\/lospoliticosveracruz.com\/index.php?rest_route=%2Fwp%2Fv2%2Ftags&post=160517"}],"curies":[{"name":"wp","href":"https:\/\/api.w.org\/{rel}","templated":true}]}}