{"id":160526,"date":"2026-01-15T14:46:45","date_gmt":"2026-01-15T20:46:45","guid":{"rendered":"https:\/\/lospoliticosveracruz.com\/?p=160526"},"modified":"2026-01-15T14:46:46","modified_gmt":"2026-01-15T20:46:46","slug":"110-anos-del-congreso-feminista-de-yucatan","status":"publish","type":"post","link":"https:\/\/lospoliticosveracruz.com\/?p=160526","title":{"rendered":"110 A\u00d1OS DEL CONGRESO FEMINISTA DE YUCAT\u00c1N"},"content":{"rendered":"\n<p>S\u00edguenos ahora tambi\u00e9n en WhatsApp.\u00a0\u00a1<a href=\"https:\/\/whatsapp.com\/channel\/0029Va8zRWlEKyZIP3Z1dF0e\"><strong>Da clic aqu\u00ed<\/strong><\/a><strong>!<\/strong><\/p>\n\n\n\n<p><strong>Mara Iliana Cruz Pastrana<\/strong><\/p>\n\n\n\n<p>En enero de 1916, mientras el pa\u00eds se debat\u00eda entre la guerra revolucionaria y la reconstrucci\u00f3n del Estado, un grupo de mujeres decidi\u00f3 irrumpir en un espacio que hist\u00f3ricamente les hab\u00eda sido negado: el de la pol\u00edtica. Lo hicieron en M\u00e9rida, Yucat\u00e1n, en el Primer Congreso Feminista, que tuvo lugar del 13 al 16 de enero de 1916, con la presencia de m\u00e1s de 600 mujeres, un hecho que hoy, a 110 a\u00f1os de distancia, sigue interpelando a la vida p\u00fablica mexicana.<\/p>\n\n\n\n\n\n<p>No fue un acto simb\u00f3lico ni un evento marginal. Fue una toma de palabra colectiva. Y eso, en un pa\u00eds construido desde la exclusi\u00f3n femenina, fue profundamente pol\u00edtico.<\/p>\n\n\n\n<p>Las mujeres que participaron en el Congreso Feminista de Yucat\u00e1n no llegaron ah\u00ed por casualidad. Eran, en su mayor\u00eda, maestras normalistas, formadas en una educaci\u00f3n que comenzaba a romper con los moldes tradicionales. Sab\u00edan leer la realidad, pero, sobre todo, sab\u00edan nombrarla. Y al nombrarla, la cuestionaron.<\/p>\n\n\n\n<p>Hablaron de educaci\u00f3n laica, de trabajo, de maternidad, de derechos civiles y de participaci\u00f3n social. Lo hicieron en voz alta y en un espacio p\u00fablico, cuando lo esperado era el silencio y la obediencia. En pleno proceso revolucionario, mientras los grandes acuerdos nacionales se tomaban entre hombres armados, ellas discut\u00edan c\u00f3mo transformar la estructura misma de la sociedad.<\/p>\n\n\n\n<p>El contexto pol\u00edtico fue clave. El gobierno constitucionalista de Salvador Alvarado impuls\u00f3 en Yucat\u00e1n una agenda progresista que permiti\u00f3 abrir ese espacio. Pero ser\u00eda un error pensar que el Congreso fue una concesi\u00f3n del poder. Fue, ante todo, una organizaci\u00f3n desde las mujeres, una respuesta a siglos de exclusi\u00f3n legal, educativa y pol\u00edtica.<\/p>\n\n\n\n<p>Ah\u00ed estuvieron figuras como Consuelo Zavala, Elvia Carrillo Puerto y Rosa Torre Gonz\u00e1lez, mujeres que entendieron que la educaci\u00f3n no era suficiente si no se traduc\u00eda en derechos. Su participaci\u00f3n dej\u00f3 constancia de algo que el discurso oficial hab\u00eda negado: las mujeres pensaban en pol\u00edtica, debat\u00edan pol\u00edtica y quer\u00edan incidir en la pol\u00edtica.<\/p>\n\n\n\n<p>El Congreso no fue homog\u00e9neo. Hubo tensiones, posturas conservadoras y debates inc\u00f3modos. Algunas defend\u00edan a\u00fan los roles tradicionales; otras propon\u00edan ideas que, incluso hoy, siguen generando resistencia. Pero esa diversidad fue su fortaleza. Mostr\u00f3 que el feminismo mexicano naci\u00f3 plural, cr\u00edtico y profundamente ligado a la realidad social de su tiempo.<\/p>\n\n\n\n<p>No hubo cambios inmediatos. El voto femenino tardar\u00eda d\u00e9cadas en llegar y la igualdad jur\u00eddica a\u00fan estaba lejos. Sin embargo, el Congreso Feminista de Yucat\u00e1n logr\u00f3 algo fundamental: rompi\u00f3 la idea de que las mujeres no ten\u00edan lugar en el debate p\u00fablico. Desde entonces, ya no fue posible sostener esa exclusi\u00f3n sin enfrentar la evidencia.<\/p>\n\n\n\n<p>A m\u00e1s de un siglo de distancia, los avances son innegables. Las mujeres hoy ocupan cargos de elecci\u00f3n popular, encabezan congresos, tribunales y gobiernos. La paridad es un principio constitucional y el discurso de igualdad forma parte de la narrativa institucional. Pero tambi\u00e9n es cierto que la violencia de g\u00e9nero, la desigualdad econ\u00f3mica y la sobrecarga de cuidados siguen siendo realidades persistentes.<\/p>\n\n\n\n<p>En Veracruz -como en buena parte del pa\u00eds- estas tensiones se viven a diario. La presencia de mujeres en la pol\u00edtica no siempre se traduce en condiciones reales de igualdad. La agenda de g\u00e9nero suele ser utilizada como bandera discursiva, pero no siempre como compromiso estructural.<\/p>\n\n\n\n<p>Por eso, conmemorar los 110 a\u00f1os del Congreso Feminista de Yucat\u00e1n no deber\u00eda limitarse a actos protocolarios o discursos conmemorativos. Es una oportunidad para revisar qu\u00e9 tanto las instituciones han honrado ese legado y qu\u00e9 tanto lo han reducido a una referencia hist\u00f3rica c\u00f3moda.<\/p>\n\n\n\n<p>El Congreso de 1916 nos recuerda que los derechos no nacen del consenso, sino del conflicto; que la igualdad no se decreta, se construye; y que la participaci\u00f3n de las mujeres en la pol\u00edtica siempre ha sido resultado de la insistencia, no de la concesi\u00f3n.<\/p>\n\n\n\n<p>Hoy, cuando el feminismo vuelve a ser cuestionado, descalificado o reducido a estereotipos, conviene mirar hacia atr\u00e1s. No para idealizar el pasado, sino para entender que las luchas actuales tienen ra\u00edces profundas. Que lo que hoy incomoda ya incomodaba hace 110 a\u00f1os.<\/p>\n\n\n\n<p>Recordar el Congreso Feminista de Yucat\u00e1n es, en el fondo, recordar que la democracia mexicana empez\u00f3 a cambiar el d\u00eda en que las mujeres decidieron no callar m\u00e1s.<\/p>\n","protected":false},"excerpt":{"rendered":"<p>Mara Iliana Cruz Pastrana En enero de 1916, mientras el pa\u00eds se debat\u00eda entre la guerra revolucionaria y la reconstrucci\u00f3n del Estado, un grupo de mujeres decidi\u00f3 irrumpir en un espacio que hist\u00f3ricamente les hab\u00eda sido negado: el de la pol\u00edtica. Lo hicieron en M\u00e9rida, Yucat\u00e1n, en el Primer Congreso Feminista, que tuvo lugar del [&hellip;]<\/p>\n","protected":false},"author":2,"featured_media":141401,"comment_status":"closed","ping_status":"closed","sticky":false,"template":"","format":"standard","meta":{"tdm_status":"","tdm_grid_status":"","footnotes":""},"categories":[70],"tags":[50335,46758,50336,42836,50337,50338],"class_list":{"0":"post-160526","1":"post","2":"type-post","3":"status-publish","4":"format-standard","5":"has-post-thumbnail","7":"category-de-opinion","8":"tag-congreso-feminista-de-yucatan-1916","9":"tag-derechos-politicos-de-las-mujeres","10":"tag-historia-del-feminismo-en-mexico","11":"tag-mara-iliana-cruz-pastrana","12":"tag-mujeres-en-la-politica-mexicana","13":"tag-participacion-femenina-en-la-revolucion-mexicana"},"yoast_head":"<!-- This site is optimized with the Yoast SEO plugin v27.4 - https:\/\/yoast.com\/product\/yoast-seo-wordpress\/ -->\n<title>110 A\u00d1OS DEL CONGRESO FEMINISTA DE YUCAT\u00c1N - Los pol\u00edticos Veracruz<\/title>\n<meta name=\"robots\" content=\"index, follow, max-snippet:-1, max-image-preview:large, max-video-preview:-1\" \/>\n<link rel=\"canonical\" href=\"https:\/\/lospoliticosveracruz.com\/?p=160526\" \/>\n<meta property=\"og:locale\" content=\"es_ES\" \/>\n<meta property=\"og:type\" content=\"article\" \/>\n<meta property=\"og:title\" content=\"110 A\u00d1OS DEL CONGRESO FEMINISTA DE YUCAT\u00c1N - Los pol\u00edticos Veracruz\" \/>\n<meta property=\"og:description\" content=\"Mara Iliana Cruz Pastrana En enero de 1916, mientras el pa\u00eds se debat\u00eda entre la guerra revolucionaria y la reconstrucci\u00f3n del Estado, un grupo de mujeres decidi\u00f3 irrumpir en un espacio que hist\u00f3ricamente les hab\u00eda sido negado: el de la pol\u00edtica. Lo hicieron en M\u00e9rida, Yucat\u00e1n, en el Primer Congreso Feminista, que tuvo lugar del [&hellip;]\" \/>\n<meta property=\"og:url\" content=\"https:\/\/lospoliticosveracruz.com\/?p=160526\" \/>\n<meta property=\"og:site_name\" content=\"Los pol\u00edticos Veracruz\" \/>\n<meta property=\"article:publisher\" content=\"https:\/\/www.facebook.com\/people\/Notimemes-de-los-Polticos\/61565672886568\/\" \/>\n<meta property=\"article:published_time\" content=\"2026-01-15T20:46:45+00:00\" \/>\n<meta property=\"article:modified_time\" content=\"2026-01-15T20:46:46+00:00\" \/>\n<meta property=\"og:image\" content=\"https:\/\/lospoliticosveracruz.com\/wp-content\/uploads\/2025\/04\/Mara-Cruz-Pastrana.jpg\" \/>\n\t<meta property=\"og:image:width\" content=\"1250\" \/>\n\t<meta property=\"og:image:height\" content=\"667\" \/>\n\t<meta property=\"og:image:type\" content=\"image\/jpeg\" \/>\n<meta name=\"author\" content=\"Lo viste en Los Pol\u00edticos\" \/>\n<meta name=\"twitter:card\" content=\"summary_large_image\" \/>\n<meta name=\"twitter:creator\" content=\"@LosPoliticosVer\" \/>\n<meta name=\"twitter:site\" content=\"@LosPoliticosVer\" \/>\n<meta name=\"twitter:label1\" content=\"Escrito por\" \/>\n\t<meta name=\"twitter:data1\" content=\"Lo viste en Los Pol\u00edticos\" \/>\n\t<meta name=\"twitter:label2\" content=\"Tiempo de lectura\" \/>\n\t<meta name=\"twitter:data2\" content=\"4 minutos\" \/>\n<script type=\"application\/ld+json\" class=\"yoast-schema-graph\">{\"@context\":\"https:\\\/\\\/schema.org\",\"@graph\":[{\"@type\":\"Article\",\"@id\":\"https:\\\/\\\/lospoliticosveracruz.com\\\/?p=160526#article\",\"isPartOf\":{\"@id\":\"https:\\\/\\\/lospoliticosveracruz.com\\\/?p=160526\"},\"author\":{\"name\":\"Lo viste en Los Pol\u00edticos\",\"@id\":\"https:\\\/\\\/lospoliticosveracruz.com\\\/#\\\/schema\\\/person\\\/b8702bb0e538456e6efd07080bf2a4a2\"},\"headline\":\"110 A\u00d1OS DEL CONGRESO FEMINISTA DE YUCAT\u00c1N\",\"datePublished\":\"2026-01-15T20:46:45+00:00\",\"dateModified\":\"2026-01-15T20:46:46+00:00\",\"mainEntityOfPage\":{\"@id\":\"https:\\\/\\\/lospoliticosveracruz.com\\\/?p=160526\"},\"wordCount\":775,\"publisher\":{\"@id\":\"https:\\\/\\\/lospoliticosveracruz.com\\\/#organization\"},\"image\":{\"@id\":\"https:\\\/\\\/lospoliticosveracruz.com\\\/?p=160526#primaryimage\"},\"thumbnailUrl\":\"https:\\\/\\\/lospoliticosveracruz.com\\\/wp-content\\\/uploads\\\/2025\\\/04\\\/Mara-Cruz-Pastrana.jpg\",\"keywords\":[\"Congreso Feminista de Yucat\u00e1n 1916\",\"derechos pol\u00edticos de las mujeres\",\"historia del feminismo en M\u00e9xico\",\"Mara Iliana Cruz Pastrana\",\"mujeres en la pol\u00edtica mexicana\",\"participaci\u00f3n femenina en la Revoluci\u00f3n Mexicana\"],\"articleSection\":[\"De Opini\u00f3n\"],\"inLanguage\":\"es\"},{\"@type\":\"WebPage\",\"@id\":\"https:\\\/\\\/lospoliticosveracruz.com\\\/?p=160526\",\"url\":\"https:\\\/\\\/lospoliticosveracruz.com\\\/?p=160526\",\"name\":\"110 A\u00d1OS DEL CONGRESO FEMINISTA DE YUCAT\u00c1N - Los pol\u00edticos Veracruz\",\"isPartOf\":{\"@id\":\"https:\\\/\\\/lospoliticosveracruz.com\\\/#website\"},\"primaryImageOfPage\":{\"@id\":\"https:\\\/\\\/lospoliticosveracruz.com\\\/?p=160526#primaryimage\"},\"image\":{\"@id\":\"https:\\\/\\\/lospoliticosveracruz.com\\\/?p=160526#primaryimage\"},\"thumbnailUrl\":\"https:\\\/\\\/lospoliticosveracruz.com\\\/wp-content\\\/uploads\\\/2025\\\/04\\\/Mara-Cruz-Pastrana.jpg\",\"datePublished\":\"2026-01-15T20:46:45+00:00\",\"dateModified\":\"2026-01-15T20:46:46+00:00\",\"breadcrumb\":{\"@id\":\"https:\\\/\\\/lospoliticosveracruz.com\\\/?p=160526#breadcrumb\"},\"inLanguage\":\"es\",\"potentialAction\":[{\"@type\":\"ReadAction\",\"target\":[\"https:\\\/\\\/lospoliticosveracruz.com\\\/?p=160526\"]}]},{\"@type\":\"ImageObject\",\"inLanguage\":\"es\",\"@id\":\"https:\\\/\\\/lospoliticosveracruz.com\\\/?p=160526#primaryimage\",\"url\":\"https:\\\/\\\/lospoliticosveracruz.com\\\/wp-content\\\/uploads\\\/2025\\\/04\\\/Mara-Cruz-Pastrana.jpg\",\"contentUrl\":\"https:\\\/\\\/lospoliticosveracruz.com\\\/wp-content\\\/uploads\\\/2025\\\/04\\\/Mara-Cruz-Pastrana.jpg\",\"width\":1250,\"height\":667},{\"@type\":\"BreadcrumbList\",\"@id\":\"https:\\\/\\\/lospoliticosveracruz.com\\\/?p=160526#breadcrumb\",\"itemListElement\":[{\"@type\":\"ListItem\",\"position\":1,\"name\":\"Portada\",\"item\":\"https:\\\/\\\/lospoliticosveracruz.com\\\/\"},{\"@type\":\"ListItem\",\"position\":2,\"name\":\"110 A\u00d1OS DEL CONGRESO FEMINISTA DE YUCAT\u00c1N\"}]},{\"@type\":\"WebSite\",\"@id\":\"https:\\\/\\\/lospoliticosveracruz.com\\\/#website\",\"url\":\"https:\\\/\\\/lospoliticosveracruz.com\\\/\",\"name\":\"Los pol\u00edticos Veracruz\",\"description\":\"\",\"publisher\":{\"@id\":\"https:\\\/\\\/lospoliticosveracruz.com\\\/#organization\"},\"potentialAction\":[{\"@type\":\"SearchAction\",\"target\":{\"@type\":\"EntryPoint\",\"urlTemplate\":\"https:\\\/\\\/lospoliticosveracruz.com\\\/?s={search_term_string}\"},\"query-input\":{\"@type\":\"PropertyValueSpecification\",\"valueRequired\":true,\"valueName\":\"search_term_string\"}}],\"inLanguage\":\"es\"},{\"@type\":\"Organization\",\"@id\":\"https:\\\/\\\/lospoliticosveracruz.com\\\/#organization\",\"name\":\"Los pol\u00edticos Veracruz\",\"url\":\"https:\\\/\\\/lospoliticosveracruz.com\\\/\",\"logo\":{\"@type\":\"ImageObject\",\"inLanguage\":\"es\",\"@id\":\"https:\\\/\\\/lospoliticosveracruz.com\\\/#\\\/schema\\\/logo\\\/image\\\/\",\"url\":\"https:\\\/\\\/lospoliticosveracruz.com\\\/wp-content\\\/uploads\\\/2025\\\/12\\\/Logo-Nuevo-LOS-POLITICOS-1.jpg\",\"contentUrl\":\"https:\\\/\\\/lospoliticosveracruz.com\\\/wp-content\\\/uploads\\\/2025\\\/12\\\/Logo-Nuevo-LOS-POLITICOS-1.jpg\",\"width\":260,\"height\":70,\"caption\":\"Los pol\u00edticos Veracruz\"},\"image\":{\"@id\":\"https:\\\/\\\/lospoliticosveracruz.com\\\/#\\\/schema\\\/logo\\\/image\\\/\"},\"sameAs\":[\"https:\\\/\\\/www.facebook.com\\\/people\\\/Notimemes-de-los-Polticos\\\/61565672886568\\\/\",\"https:\\\/\\\/x.com\\\/LosPoliticosVer\"]},{\"@type\":\"Person\",\"@id\":\"https:\\\/\\\/lospoliticosveracruz.com\\\/#\\\/schema\\\/person\\\/b8702bb0e538456e6efd07080bf2a4a2\",\"name\":\"Lo viste en Los Pol\u00edticos\",\"image\":{\"@type\":\"ImageObject\",\"inLanguage\":\"es\",\"@id\":\"https:\\\/\\\/secure.gravatar.com\\\/avatar\\\/3a8de04a2656d44082be478bd6c086daa447c4651605818287b9532d3d0bd435?s=96&d=mm&r=g\",\"url\":\"https:\\\/\\\/secure.gravatar.com\\\/avatar\\\/3a8de04a2656d44082be478bd6c086daa447c4651605818287b9532d3d0bd435?s=96&d=mm&r=g\",\"contentUrl\":\"https:\\\/\\\/secure.gravatar.com\\\/avatar\\\/3a8de04a2656d44082be478bd6c086daa447c4651605818287b9532d3d0bd435?s=96&d=mm&r=g\",\"caption\":\"Lo viste en Los Pol\u00edticos\"},\"url\":\"https:\\\/\\\/lospoliticosveracruz.com\\\/?author=2\"}]}<\/script>\n<!-- \/ Yoast SEO plugin. -->","yoast_head_json":{"title":"110 A\u00d1OS DEL CONGRESO FEMINISTA DE YUCAT\u00c1N - Los pol\u00edticos Veracruz","robots":{"index":"index","follow":"follow","max-snippet":"max-snippet:-1","max-image-preview":"max-image-preview:large","max-video-preview":"max-video-preview:-1"},"canonical":"https:\/\/lospoliticosveracruz.com\/?p=160526","og_locale":"es_ES","og_type":"article","og_title":"110 A\u00d1OS DEL CONGRESO FEMINISTA DE YUCAT\u00c1N - Los pol\u00edticos Veracruz","og_description":"Mara Iliana Cruz Pastrana En enero de 1916, mientras el pa\u00eds se debat\u00eda entre la guerra revolucionaria y la reconstrucci\u00f3n del Estado, un grupo de mujeres decidi\u00f3 irrumpir en un espacio que hist\u00f3ricamente les hab\u00eda sido negado: el de la pol\u00edtica. Lo hicieron en M\u00e9rida, Yucat\u00e1n, en el Primer Congreso Feminista, que tuvo lugar del [&hellip;]","og_url":"https:\/\/lospoliticosveracruz.com\/?p=160526","og_site_name":"Los pol\u00edticos Veracruz","article_publisher":"https:\/\/www.facebook.com\/people\/Notimemes-de-los-Polticos\/61565672886568\/","article_published_time":"2026-01-15T20:46:45+00:00","article_modified_time":"2026-01-15T20:46:46+00:00","og_image":[{"width":1250,"height":667,"url":"https:\/\/lospoliticosveracruz.com\/wp-content\/uploads\/2025\/04\/Mara-Cruz-Pastrana.jpg","type":"image\/jpeg"}],"author":"Lo viste en Los Pol\u00edticos","twitter_card":"summary_large_image","twitter_creator":"@LosPoliticosVer","twitter_site":"@LosPoliticosVer","twitter_misc":{"Escrito por":"Lo viste en Los Pol\u00edticos","Tiempo de lectura":"4 minutos"},"schema":{"@context":"https:\/\/schema.org","@graph":[{"@type":"Article","@id":"https:\/\/lospoliticosveracruz.com\/?p=160526#article","isPartOf":{"@id":"https:\/\/lospoliticosveracruz.com\/?p=160526"},"author":{"name":"Lo viste en Los Pol\u00edticos","@id":"https:\/\/lospoliticosveracruz.com\/#\/schema\/person\/b8702bb0e538456e6efd07080bf2a4a2"},"headline":"110 A\u00d1OS DEL CONGRESO FEMINISTA DE YUCAT\u00c1N","datePublished":"2026-01-15T20:46:45+00:00","dateModified":"2026-01-15T20:46:46+00:00","mainEntityOfPage":{"@id":"https:\/\/lospoliticosveracruz.com\/?p=160526"},"wordCount":775,"publisher":{"@id":"https:\/\/lospoliticosveracruz.com\/#organization"},"image":{"@id":"https:\/\/lospoliticosveracruz.com\/?p=160526#primaryimage"},"thumbnailUrl":"https:\/\/lospoliticosveracruz.com\/wp-content\/uploads\/2025\/04\/Mara-Cruz-Pastrana.jpg","keywords":["Congreso Feminista de Yucat\u00e1n 1916","derechos pol\u00edticos de las mujeres","historia del feminismo en M\u00e9xico","Mara Iliana Cruz Pastrana","mujeres en la pol\u00edtica mexicana","participaci\u00f3n femenina en la Revoluci\u00f3n Mexicana"],"articleSection":["De Opini\u00f3n"],"inLanguage":"es"},{"@type":"WebPage","@id":"https:\/\/lospoliticosveracruz.com\/?p=160526","url":"https:\/\/lospoliticosveracruz.com\/?p=160526","name":"110 A\u00d1OS DEL CONGRESO FEMINISTA DE YUCAT\u00c1N - Los pol\u00edticos Veracruz","isPartOf":{"@id":"https:\/\/lospoliticosveracruz.com\/#website"},"primaryImageOfPage":{"@id":"https:\/\/lospoliticosveracruz.com\/?p=160526#primaryimage"},"image":{"@id":"https:\/\/lospoliticosveracruz.com\/?p=160526#primaryimage"},"thumbnailUrl":"https:\/\/lospoliticosveracruz.com\/wp-content\/uploads\/2025\/04\/Mara-Cruz-Pastrana.jpg","datePublished":"2026-01-15T20:46:45+00:00","dateModified":"2026-01-15T20:46:46+00:00","breadcrumb":{"@id":"https:\/\/lospoliticosveracruz.com\/?p=160526#breadcrumb"},"inLanguage":"es","potentialAction":[{"@type":"ReadAction","target":["https:\/\/lospoliticosveracruz.com\/?p=160526"]}]},{"@type":"ImageObject","inLanguage":"es","@id":"https:\/\/lospoliticosveracruz.com\/?p=160526#primaryimage","url":"https:\/\/lospoliticosveracruz.com\/wp-content\/uploads\/2025\/04\/Mara-Cruz-Pastrana.jpg","contentUrl":"https:\/\/lospoliticosveracruz.com\/wp-content\/uploads\/2025\/04\/Mara-Cruz-Pastrana.jpg","width":1250,"height":667},{"@type":"BreadcrumbList","@id":"https:\/\/lospoliticosveracruz.com\/?p=160526#breadcrumb","itemListElement":[{"@type":"ListItem","position":1,"name":"Portada","item":"https:\/\/lospoliticosveracruz.com\/"},{"@type":"ListItem","position":2,"name":"110 A\u00d1OS DEL CONGRESO FEMINISTA DE YUCAT\u00c1N"}]},{"@type":"WebSite","@id":"https:\/\/lospoliticosveracruz.com\/#website","url":"https:\/\/lospoliticosveracruz.com\/","name":"Los pol\u00edticos Veracruz","description":"","publisher":{"@id":"https:\/\/lospoliticosveracruz.com\/#organization"},"potentialAction":[{"@type":"SearchAction","target":{"@type":"EntryPoint","urlTemplate":"https:\/\/lospoliticosveracruz.com\/?s={search_term_string}"},"query-input":{"@type":"PropertyValueSpecification","valueRequired":true,"valueName":"search_term_string"}}],"inLanguage":"es"},{"@type":"Organization","@id":"https:\/\/lospoliticosveracruz.com\/#organization","name":"Los pol\u00edticos Veracruz","url":"https:\/\/lospoliticosveracruz.com\/","logo":{"@type":"ImageObject","inLanguage":"es","@id":"https:\/\/lospoliticosveracruz.com\/#\/schema\/logo\/image\/","url":"https:\/\/lospoliticosveracruz.com\/wp-content\/uploads\/2025\/12\/Logo-Nuevo-LOS-POLITICOS-1.jpg","contentUrl":"https:\/\/lospoliticosveracruz.com\/wp-content\/uploads\/2025\/12\/Logo-Nuevo-LOS-POLITICOS-1.jpg","width":260,"height":70,"caption":"Los pol\u00edticos Veracruz"},"image":{"@id":"https:\/\/lospoliticosveracruz.com\/#\/schema\/logo\/image\/"},"sameAs":["https:\/\/www.facebook.com\/people\/Notimemes-de-los-Polticos\/61565672886568\/","https:\/\/x.com\/LosPoliticosVer"]},{"@type":"Person","@id":"https:\/\/lospoliticosveracruz.com\/#\/schema\/person\/b8702bb0e538456e6efd07080bf2a4a2","name":"Lo viste en Los Pol\u00edticos","image":{"@type":"ImageObject","inLanguage":"es","@id":"https:\/\/secure.gravatar.com\/avatar\/3a8de04a2656d44082be478bd6c086daa447c4651605818287b9532d3d0bd435?s=96&d=mm&r=g","url":"https:\/\/secure.gravatar.com\/avatar\/3a8de04a2656d44082be478bd6c086daa447c4651605818287b9532d3d0bd435?s=96&d=mm&r=g","contentUrl":"https:\/\/secure.gravatar.com\/avatar\/3a8de04a2656d44082be478bd6c086daa447c4651605818287b9532d3d0bd435?s=96&d=mm&r=g","caption":"Lo viste en Los Pol\u00edticos"},"url":"https:\/\/lospoliticosveracruz.com\/?author=2"}]}},"_links":{"self":[{"href":"https:\/\/lospoliticosveracruz.com\/index.php?rest_route=\/wp\/v2\/posts\/160526","targetHints":{"allow":["GET"]}}],"collection":[{"href":"https:\/\/lospoliticosveracruz.com\/index.php?rest_route=\/wp\/v2\/posts"}],"about":[{"href":"https:\/\/lospoliticosveracruz.com\/index.php?rest_route=\/wp\/v2\/types\/post"}],"author":[{"embeddable":true,"href":"https:\/\/lospoliticosveracruz.com\/index.php?rest_route=\/wp\/v2\/users\/2"}],"replies":[{"embeddable":true,"href":"https:\/\/lospoliticosveracruz.com\/index.php?rest_route=%2Fwp%2Fv2%2Fcomments&post=160526"}],"version-history":[{"count":1,"href":"https:\/\/lospoliticosveracruz.com\/index.php?rest_route=\/wp\/v2\/posts\/160526\/revisions"}],"predecessor-version":[{"id":160527,"href":"https:\/\/lospoliticosveracruz.com\/index.php?rest_route=\/wp\/v2\/posts\/160526\/revisions\/160527"}],"wp:featuredmedia":[{"embeddable":true,"href":"https:\/\/lospoliticosveracruz.com\/index.php?rest_route=\/wp\/v2\/media\/141401"}],"wp:attachment":[{"href":"https:\/\/lospoliticosveracruz.com\/index.php?rest_route=%2Fwp%2Fv2%2Fmedia&parent=160526"}],"wp:term":[{"taxonomy":"category","embeddable":true,"href":"https:\/\/lospoliticosveracruz.com\/index.php?rest_route=%2Fwp%2Fv2%2Fcategories&post=160526"},{"taxonomy":"post_tag","embeddable":true,"href":"https:\/\/lospoliticosveracruz.com\/index.php?rest_route=%2Fwp%2Fv2%2Ftags&post=160526"}],"curies":[{"name":"wp","href":"https:\/\/api.w.org\/{rel}","templated":true}]}}