{"id":160559,"date":"2026-01-15T20:50:35","date_gmt":"2026-01-16T02:50:35","guid":{"rendered":"https:\/\/lospoliticosveracruz.com\/?p=160559"},"modified":"2026-01-15T20:50:36","modified_gmt":"2026-01-16T02:50:36","slug":"el-sarampion-aparecio-en-xalapa","status":"publish","type":"post","link":"https:\/\/lospoliticosveracruz.com\/?p=160559","title":{"rendered":"EL SARAMPI\u00d3N APARECI\u00d3 EN XALAPA"},"content":{"rendered":"\n<p>S\u00edguenos ahora tambi\u00e9n en WhatsApp.\u00a0\u00a1<a href=\"https:\/\/whatsapp.com\/channel\/0029Va8zRWlEKyZIP3Z1dF0e\"><strong>Da clic aqu\u00ed<\/strong><\/a><strong>!<\/strong><\/p>\n\n\n\n<p><strong>Jos\u00e9 Luis Enr\u00edquez Ambell<\/strong><\/p>\n\n\n\n<p><em>Caf\u00e9 de Ma\u00f1ana<\/em><\/p>\n\n\n\n<p>En medio de las noticias sobre cambios y ajustes en la estructura humana de la Secretar\u00eda de Salud en el estado, el sarampi\u00f3n hace acto de presencia en la capital veracruzana.<\/p>\n\n\n\n\n\n<p>La m\u00e1s reciente epidemia de sarampi\u00f3n que se present\u00f3 en el pa\u00eds fue entre 1989 y 1990, cuando el sector salud report\u00f3 alrededor de 90 mil casos.<\/p>\n\n\n\n<p>Ya en este siglo, durante 2011 se registraron tres casos importados: dos en la Ciudad de M\u00e9xico y uno en Guanajuato. Posteriormente, entre 2013 y 2014, se reportaron otros casos importados por viajeros extranjeros. El \u00faltimo caso aut\u00f3ctono en nuestro pa\u00eds se registr\u00f3 en 1995.<\/p>\n\n\n\n<p>El sarampi\u00f3n es considerado una enfermedad viral altamente contagiosa y potencialmente mortal, cuya eliminaci\u00f3n global se encuentra en proceso. Sin embargo, las deficiencias en los programas de vacunaci\u00f3n y la disminuci\u00f3n de la inmunidad inducida por la vacuna podr\u00edan favorecer su resurgimiento, principalmente en zonas urbanas, sin distinguir necesariamente entre menores o adultos.<\/p>\n\n\n\n<p>En Xalapa se sabe que ya han sido detectados dos casos de sarampi\u00f3n en el Hospital Gast\u00f3n Melo, por lo que se inici\u00f3 una vacunaci\u00f3n urgente, incluso entre brigadas y personal m\u00e9dico que ah\u00ed labora.<\/p>\n\n\n\n<p>Los menores de 49 a\u00f1os ser\u00e1n vacunados, mientras que los mayores cuentan, en su mayor\u00eda, con lo que se denomina \u201cinmunidad de reba\u00f1o\u201d o \u201cinmunidad colectiva\u201d, que consiste en que, cuando una gran parte de la poblaci\u00f3n es inmune frente a una enfermedad contagiosa, se dificulta su propagaci\u00f3n dentro de la comunidad.<\/p>\n\n\n\n<p>M\u00e9xico ocup\u00f3 durante muchos a\u00f1os el primer lugar en prevenci\u00f3n y control de diversas enfermedades transmisibles; sin embargo, los severos recortes presupuestales en el sector salud, especialmente en la importaci\u00f3n de vacunas de distintos institutos internacionales, llevaron a advertir que algunas enfermedades transmisibles podr\u00edan repuntar, tal como ahora sucede.<\/p>\n\n\n\n<p>Es importante se\u00f1alar que volver a alcanzar los m\u00e1ximos grados de sanidad internacional que el pa\u00eds tuvo durante d\u00e9cadas no solo costar\u00e1 miles de millones de pesos, sino que, lamentablemente, podr\u00eda implicar la p\u00e9rdida de vidas humanas en los pr\u00f3ximos a\u00f1os.<\/p>\n\n\n\n<p><strong>DE SOBREMESA<\/strong><\/p>\n\n\n\n<p>Se reporta, por parte de personal del sector salud, que en esta quincena no se realiz\u00f3 el pago a una numerosa estructura humana que labora por contrato con cargo al presupuesto estatal, y que se les ha comunicado que el pago se realizar\u00e1 hasta el d\u00eda 30, es decir, una quincena despu\u00e9s.<\/p>\n\n\n\n<p>Se habla de poco m\u00e1s de dos mil empleados en esta situaci\u00f3n.<\/p>\n\n\n\n<p><strong>UN CAF\u00c9 LECHERO LIGHT<\/strong><\/p>\n\n\n\n<p>El paso de veh\u00edculos de carga pesada por la avenida L\u00e1zaro C\u00e1rdenas (Circunvalaci\u00f3n), en Xalapa, con mercanc\u00eda destinada a esta capital, est\u00e1 permitido \u00fanicamente en horarios preestablecidos o mediante solicitud especial para llegar a los domicilios de los comercios, con resguardo de elementos de tr\u00e1nsito, a fin de agilizar la vialidad, evitar accidentes y causar las menores afectaciones posibles a la poblaci\u00f3n.<\/p>\n\n\n\n<p>Esta regulaci\u00f3n es competencia de la Direcci\u00f3n General de Tr\u00e1nsito del Estado. Hasta donde se sabe, los horarios autorizados son por la noche, de 23:00 a 6:00 horas; durante el d\u00eda, de 10:00 a 12:00 horas, y por la tarde, de 14:00 a 16:00 horas, para veh\u00edculos de carga y descarga, como torton o tr\u00e1iler. Sin embargo, en la pr\u00e1ctica, estas disposiciones no siempre se respetan.<\/p>\n\n\n\n<p>Cabe destacar que los veh\u00edculos de carga pesada, incluidos los de doble remolque, solo pueden circular por la avenida L\u00e1zaro C\u00e1rdenas durante la noche o la madrugada. En caso de tratarse de tr\u00e1nsito hacia otros destinos, deben utilizar el libramiento de la capital veracruzana.<\/p>\n\n\n\n<p>Ojal\u00e1 que las nuevas autoridades municipales y estatales coordinen esfuerzos para evitar incidentes de mayores proporciones y da\u00f1os que lamentar, tanto en lo material como en lo humano.<\/p>\n\n\n\n<p>\u00a1ES CUANTO!<\/p>\n\n\n\n<p>enriquezambell@gmail.com<\/p>\n\n\n\n<p>enamjl62@gmail.com<\/p>\n","protected":false},"excerpt":{"rendered":"<p>Jos\u00e9 Luis Enr\u00edquez Ambell Caf\u00e9 de Ma\u00f1ana En medio de las noticias sobre cambios y ajustes en la estructura humana de la Secretar\u00eda de Salud en el estado, el sarampi\u00f3n hace acto de presencia en la capital veracruzana. La m\u00e1s reciente epidemia de sarampi\u00f3n que se present\u00f3 en el pa\u00eds fue entre 1989 y 1990, [&hellip;]<\/p>\n","protected":false},"author":2,"featured_media":141435,"comment_status":"closed","ping_status":"closed","sticky":false,"template":"","format":"standard","meta":{"tdm_status":"","tdm_grid_status":"","footnotes":""},"categories":[70],"tags":[50387,8383,50389,50386,50390,50388],"class_list":{"0":"post-160559","1":"post","2":"type-post","3":"status-publish","4":"format-standard","5":"has-post-thumbnail","7":"category-de-opinion","8":"tag-casos-de-sarampion-veracruz","9":"tag-jose-luis-enriquez-ambell","10":"tag-recortes-presupuestales-en-salud","11":"tag-sarampion-en-xalapa","12":"tag-secretaria-de-salud-veracruz-crisis","13":"tag-vacunacion-urgente-sarampion"},"yoast_head":"<!-- This site is optimized with the Yoast SEO plugin v27.4 - https:\/\/yoast.com\/product\/yoast-seo-wordpress\/ -->\n<title>EL SARAMPI\u00d3N APARECI\u00d3 EN XALAPA - Los pol\u00edticos Veracruz<\/title>\n<meta name=\"robots\" content=\"index, follow, max-snippet:-1, max-image-preview:large, max-video-preview:-1\" \/>\n<link rel=\"canonical\" href=\"https:\/\/lospoliticosveracruz.com\/?p=160559\" \/>\n<meta property=\"og:locale\" content=\"es_ES\" \/>\n<meta property=\"og:type\" content=\"article\" \/>\n<meta property=\"og:title\" content=\"EL SARAMPI\u00d3N APARECI\u00d3 EN XALAPA - Los pol\u00edticos Veracruz\" \/>\n<meta property=\"og:description\" content=\"Jos\u00e9 Luis Enr\u00edquez Ambell Caf\u00e9 de Ma\u00f1ana En medio de las noticias sobre cambios y ajustes en la estructura humana de la Secretar\u00eda de Salud en el estado, el sarampi\u00f3n hace acto de presencia en la capital veracruzana. La m\u00e1s reciente epidemia de sarampi\u00f3n que se present\u00f3 en el pa\u00eds fue entre 1989 y 1990, [&hellip;]\" \/>\n<meta property=\"og:url\" content=\"https:\/\/lospoliticosveracruz.com\/?p=160559\" \/>\n<meta property=\"og:site_name\" content=\"Los pol\u00edticos Veracruz\" \/>\n<meta property=\"article:publisher\" content=\"https:\/\/www.facebook.com\/people\/Notimemes-de-los-Polticos\/61565672886568\/\" \/>\n<meta property=\"article:published_time\" content=\"2026-01-16T02:50:35+00:00\" \/>\n<meta property=\"article:modified_time\" content=\"2026-01-16T02:50:36+00:00\" \/>\n<meta property=\"og:image\" content=\"https:\/\/lospoliticosveracruz.com\/wp-content\/uploads\/2025\/04\/Ambell.jpg\" \/>\n\t<meta property=\"og:image:width\" content=\"1250\" \/>\n\t<meta property=\"og:image:height\" content=\"667\" \/>\n\t<meta property=\"og:image:type\" content=\"image\/jpeg\" \/>\n<meta name=\"author\" content=\"Lo viste en Los Pol\u00edticos\" \/>\n<meta name=\"twitter:card\" content=\"summary_large_image\" \/>\n<meta name=\"twitter:creator\" content=\"@LosPoliticosVer\" \/>\n<meta name=\"twitter:site\" content=\"@LosPoliticosVer\" \/>\n<meta name=\"twitter:label1\" content=\"Escrito por\" \/>\n\t<meta name=\"twitter:data1\" content=\"Lo viste en Los Pol\u00edticos\" \/>\n\t<meta name=\"twitter:label2\" content=\"Tiempo de lectura\" \/>\n\t<meta name=\"twitter:data2\" content=\"4 minutos\" \/>\n<script type=\"application\/ld+json\" class=\"yoast-schema-graph\">{\"@context\":\"https:\\\/\\\/schema.org\",\"@graph\":[{\"@type\":\"Article\",\"@id\":\"https:\\\/\\\/lospoliticosveracruz.com\\\/?p=160559#article\",\"isPartOf\":{\"@id\":\"https:\\\/\\\/lospoliticosveracruz.com\\\/?p=160559\"},\"author\":{\"name\":\"Lo viste en Los Pol\u00edticos\",\"@id\":\"https:\\\/\\\/lospoliticosveracruz.com\\\/#\\\/schema\\\/person\\\/b8702bb0e538456e6efd07080bf2a4a2\"},\"headline\":\"EL SARAMPI\u00d3N APARECI\u00d3 EN XALAPA\",\"datePublished\":\"2026-01-16T02:50:35+00:00\",\"dateModified\":\"2026-01-16T02:50:36+00:00\",\"mainEntityOfPage\":{\"@id\":\"https:\\\/\\\/lospoliticosveracruz.com\\\/?p=160559\"},\"wordCount\":670,\"publisher\":{\"@id\":\"https:\\\/\\\/lospoliticosveracruz.com\\\/#organization\"},\"image\":{\"@id\":\"https:\\\/\\\/lospoliticosveracruz.com\\\/?p=160559#primaryimage\"},\"thumbnailUrl\":\"https:\\\/\\\/lospoliticosveracruz.com\\\/wp-content\\\/uploads\\\/2025\\\/04\\\/Ambell.jpg\",\"keywords\":[\"casos de sarampi\u00f3n Veracruz\",\"Jos\u00e9 Luis Enr\u00edquez Ambell\",\"recortes presupuestales en salud\",\"sarampi\u00f3n en Xalapa\",\"Secretar\u00eda de Salud Veracruz crisis\",\"vacunaci\u00f3n urgente sarampi\u00f3n\"],\"articleSection\":[\"De Opini\u00f3n\"],\"inLanguage\":\"es\"},{\"@type\":\"WebPage\",\"@id\":\"https:\\\/\\\/lospoliticosveracruz.com\\\/?p=160559\",\"url\":\"https:\\\/\\\/lospoliticosveracruz.com\\\/?p=160559\",\"name\":\"EL SARAMPI\u00d3N APARECI\u00d3 EN XALAPA - Los pol\u00edticos Veracruz\",\"isPartOf\":{\"@id\":\"https:\\\/\\\/lospoliticosveracruz.com\\\/#website\"},\"primaryImageOfPage\":{\"@id\":\"https:\\\/\\\/lospoliticosveracruz.com\\\/?p=160559#primaryimage\"},\"image\":{\"@id\":\"https:\\\/\\\/lospoliticosveracruz.com\\\/?p=160559#primaryimage\"},\"thumbnailUrl\":\"https:\\\/\\\/lospoliticosveracruz.com\\\/wp-content\\\/uploads\\\/2025\\\/04\\\/Ambell.jpg\",\"datePublished\":\"2026-01-16T02:50:35+00:00\",\"dateModified\":\"2026-01-16T02:50:36+00:00\",\"breadcrumb\":{\"@id\":\"https:\\\/\\\/lospoliticosveracruz.com\\\/?p=160559#breadcrumb\"},\"inLanguage\":\"es\",\"potentialAction\":[{\"@type\":\"ReadAction\",\"target\":[\"https:\\\/\\\/lospoliticosveracruz.com\\\/?p=160559\"]}]},{\"@type\":\"ImageObject\",\"inLanguage\":\"es\",\"@id\":\"https:\\\/\\\/lospoliticosveracruz.com\\\/?p=160559#primaryimage\",\"url\":\"https:\\\/\\\/lospoliticosveracruz.com\\\/wp-content\\\/uploads\\\/2025\\\/04\\\/Ambell.jpg\",\"contentUrl\":\"https:\\\/\\\/lospoliticosveracruz.com\\\/wp-content\\\/uploads\\\/2025\\\/04\\\/Ambell.jpg\",\"width\":1250,\"height\":667},{\"@type\":\"BreadcrumbList\",\"@id\":\"https:\\\/\\\/lospoliticosveracruz.com\\\/?p=160559#breadcrumb\",\"itemListElement\":[{\"@type\":\"ListItem\",\"position\":1,\"name\":\"Portada\",\"item\":\"https:\\\/\\\/lospoliticosveracruz.com\\\/\"},{\"@type\":\"ListItem\",\"position\":2,\"name\":\"EL SARAMPI\u00d3N APARECI\u00d3 EN XALAPA\"}]},{\"@type\":\"WebSite\",\"@id\":\"https:\\\/\\\/lospoliticosveracruz.com\\\/#website\",\"url\":\"https:\\\/\\\/lospoliticosveracruz.com\\\/\",\"name\":\"Los pol\u00edticos Veracruz\",\"description\":\"\",\"publisher\":{\"@id\":\"https:\\\/\\\/lospoliticosveracruz.com\\\/#organization\"},\"potentialAction\":[{\"@type\":\"SearchAction\",\"target\":{\"@type\":\"EntryPoint\",\"urlTemplate\":\"https:\\\/\\\/lospoliticosveracruz.com\\\/?s={search_term_string}\"},\"query-input\":{\"@type\":\"PropertyValueSpecification\",\"valueRequired\":true,\"valueName\":\"search_term_string\"}}],\"inLanguage\":\"es\"},{\"@type\":\"Organization\",\"@id\":\"https:\\\/\\\/lospoliticosveracruz.com\\\/#organization\",\"name\":\"Los pol\u00edticos Veracruz\",\"url\":\"https:\\\/\\\/lospoliticosveracruz.com\\\/\",\"logo\":{\"@type\":\"ImageObject\",\"inLanguage\":\"es\",\"@id\":\"https:\\\/\\\/lospoliticosveracruz.com\\\/#\\\/schema\\\/logo\\\/image\\\/\",\"url\":\"https:\\\/\\\/lospoliticosveracruz.com\\\/wp-content\\\/uploads\\\/2025\\\/12\\\/Logo-Nuevo-LOS-POLITICOS-1.jpg\",\"contentUrl\":\"https:\\\/\\\/lospoliticosveracruz.com\\\/wp-content\\\/uploads\\\/2025\\\/12\\\/Logo-Nuevo-LOS-POLITICOS-1.jpg\",\"width\":260,\"height\":70,\"caption\":\"Los pol\u00edticos Veracruz\"},\"image\":{\"@id\":\"https:\\\/\\\/lospoliticosveracruz.com\\\/#\\\/schema\\\/logo\\\/image\\\/\"},\"sameAs\":[\"https:\\\/\\\/www.facebook.com\\\/people\\\/Notimemes-de-los-Polticos\\\/61565672886568\\\/\",\"https:\\\/\\\/x.com\\\/LosPoliticosVer\"]},{\"@type\":\"Person\",\"@id\":\"https:\\\/\\\/lospoliticosveracruz.com\\\/#\\\/schema\\\/person\\\/b8702bb0e538456e6efd07080bf2a4a2\",\"name\":\"Lo viste en Los Pol\u00edticos\",\"image\":{\"@type\":\"ImageObject\",\"inLanguage\":\"es\",\"@id\":\"https:\\\/\\\/secure.gravatar.com\\\/avatar\\\/3a8de04a2656d44082be478bd6c086daa447c4651605818287b9532d3d0bd435?s=96&d=mm&r=g\",\"url\":\"https:\\\/\\\/secure.gravatar.com\\\/avatar\\\/3a8de04a2656d44082be478bd6c086daa447c4651605818287b9532d3d0bd435?s=96&d=mm&r=g\",\"contentUrl\":\"https:\\\/\\\/secure.gravatar.com\\\/avatar\\\/3a8de04a2656d44082be478bd6c086daa447c4651605818287b9532d3d0bd435?s=96&d=mm&r=g\",\"caption\":\"Lo viste en Los Pol\u00edticos\"},\"url\":\"https:\\\/\\\/lospoliticosveracruz.com\\\/?author=2\"}]}<\/script>\n<!-- \/ Yoast SEO plugin. -->","yoast_head_json":{"title":"EL SARAMPI\u00d3N APARECI\u00d3 EN XALAPA - Los pol\u00edticos Veracruz","robots":{"index":"index","follow":"follow","max-snippet":"max-snippet:-1","max-image-preview":"max-image-preview:large","max-video-preview":"max-video-preview:-1"},"canonical":"https:\/\/lospoliticosveracruz.com\/?p=160559","og_locale":"es_ES","og_type":"article","og_title":"EL SARAMPI\u00d3N APARECI\u00d3 EN XALAPA - Los pol\u00edticos Veracruz","og_description":"Jos\u00e9 Luis Enr\u00edquez Ambell Caf\u00e9 de Ma\u00f1ana En medio de las noticias sobre cambios y ajustes en la estructura humana de la Secretar\u00eda de Salud en el estado, el sarampi\u00f3n hace acto de presencia en la capital veracruzana. La m\u00e1s reciente epidemia de sarampi\u00f3n que se present\u00f3 en el pa\u00eds fue entre 1989 y 1990, [&hellip;]","og_url":"https:\/\/lospoliticosveracruz.com\/?p=160559","og_site_name":"Los pol\u00edticos Veracruz","article_publisher":"https:\/\/www.facebook.com\/people\/Notimemes-de-los-Polticos\/61565672886568\/","article_published_time":"2026-01-16T02:50:35+00:00","article_modified_time":"2026-01-16T02:50:36+00:00","og_image":[{"width":1250,"height":667,"url":"https:\/\/lospoliticosveracruz.com\/wp-content\/uploads\/2025\/04\/Ambell.jpg","type":"image\/jpeg"}],"author":"Lo viste en Los Pol\u00edticos","twitter_card":"summary_large_image","twitter_creator":"@LosPoliticosVer","twitter_site":"@LosPoliticosVer","twitter_misc":{"Escrito por":"Lo viste en Los Pol\u00edticos","Tiempo de lectura":"4 minutos"},"schema":{"@context":"https:\/\/schema.org","@graph":[{"@type":"Article","@id":"https:\/\/lospoliticosveracruz.com\/?p=160559#article","isPartOf":{"@id":"https:\/\/lospoliticosveracruz.com\/?p=160559"},"author":{"name":"Lo viste en Los Pol\u00edticos","@id":"https:\/\/lospoliticosveracruz.com\/#\/schema\/person\/b8702bb0e538456e6efd07080bf2a4a2"},"headline":"EL SARAMPI\u00d3N APARECI\u00d3 EN XALAPA","datePublished":"2026-01-16T02:50:35+00:00","dateModified":"2026-01-16T02:50:36+00:00","mainEntityOfPage":{"@id":"https:\/\/lospoliticosveracruz.com\/?p=160559"},"wordCount":670,"publisher":{"@id":"https:\/\/lospoliticosveracruz.com\/#organization"},"image":{"@id":"https:\/\/lospoliticosveracruz.com\/?p=160559#primaryimage"},"thumbnailUrl":"https:\/\/lospoliticosveracruz.com\/wp-content\/uploads\/2025\/04\/Ambell.jpg","keywords":["casos de sarampi\u00f3n Veracruz","Jos\u00e9 Luis Enr\u00edquez Ambell","recortes presupuestales en salud","sarampi\u00f3n en Xalapa","Secretar\u00eda de Salud Veracruz crisis","vacunaci\u00f3n urgente sarampi\u00f3n"],"articleSection":["De Opini\u00f3n"],"inLanguage":"es"},{"@type":"WebPage","@id":"https:\/\/lospoliticosveracruz.com\/?p=160559","url":"https:\/\/lospoliticosveracruz.com\/?p=160559","name":"EL SARAMPI\u00d3N APARECI\u00d3 EN XALAPA - Los pol\u00edticos Veracruz","isPartOf":{"@id":"https:\/\/lospoliticosveracruz.com\/#website"},"primaryImageOfPage":{"@id":"https:\/\/lospoliticosveracruz.com\/?p=160559#primaryimage"},"image":{"@id":"https:\/\/lospoliticosveracruz.com\/?p=160559#primaryimage"},"thumbnailUrl":"https:\/\/lospoliticosveracruz.com\/wp-content\/uploads\/2025\/04\/Ambell.jpg","datePublished":"2026-01-16T02:50:35+00:00","dateModified":"2026-01-16T02:50:36+00:00","breadcrumb":{"@id":"https:\/\/lospoliticosveracruz.com\/?p=160559#breadcrumb"},"inLanguage":"es","potentialAction":[{"@type":"ReadAction","target":["https:\/\/lospoliticosveracruz.com\/?p=160559"]}]},{"@type":"ImageObject","inLanguage":"es","@id":"https:\/\/lospoliticosveracruz.com\/?p=160559#primaryimage","url":"https:\/\/lospoliticosveracruz.com\/wp-content\/uploads\/2025\/04\/Ambell.jpg","contentUrl":"https:\/\/lospoliticosveracruz.com\/wp-content\/uploads\/2025\/04\/Ambell.jpg","width":1250,"height":667},{"@type":"BreadcrumbList","@id":"https:\/\/lospoliticosveracruz.com\/?p=160559#breadcrumb","itemListElement":[{"@type":"ListItem","position":1,"name":"Portada","item":"https:\/\/lospoliticosveracruz.com\/"},{"@type":"ListItem","position":2,"name":"EL SARAMPI\u00d3N APARECI\u00d3 EN XALAPA"}]},{"@type":"WebSite","@id":"https:\/\/lospoliticosveracruz.com\/#website","url":"https:\/\/lospoliticosveracruz.com\/","name":"Los pol\u00edticos Veracruz","description":"","publisher":{"@id":"https:\/\/lospoliticosveracruz.com\/#organization"},"potentialAction":[{"@type":"SearchAction","target":{"@type":"EntryPoint","urlTemplate":"https:\/\/lospoliticosveracruz.com\/?s={search_term_string}"},"query-input":{"@type":"PropertyValueSpecification","valueRequired":true,"valueName":"search_term_string"}}],"inLanguage":"es"},{"@type":"Organization","@id":"https:\/\/lospoliticosveracruz.com\/#organization","name":"Los pol\u00edticos Veracruz","url":"https:\/\/lospoliticosveracruz.com\/","logo":{"@type":"ImageObject","inLanguage":"es","@id":"https:\/\/lospoliticosveracruz.com\/#\/schema\/logo\/image\/","url":"https:\/\/lospoliticosveracruz.com\/wp-content\/uploads\/2025\/12\/Logo-Nuevo-LOS-POLITICOS-1.jpg","contentUrl":"https:\/\/lospoliticosveracruz.com\/wp-content\/uploads\/2025\/12\/Logo-Nuevo-LOS-POLITICOS-1.jpg","width":260,"height":70,"caption":"Los pol\u00edticos Veracruz"},"image":{"@id":"https:\/\/lospoliticosveracruz.com\/#\/schema\/logo\/image\/"},"sameAs":["https:\/\/www.facebook.com\/people\/Notimemes-de-los-Polticos\/61565672886568\/","https:\/\/x.com\/LosPoliticosVer"]},{"@type":"Person","@id":"https:\/\/lospoliticosveracruz.com\/#\/schema\/person\/b8702bb0e538456e6efd07080bf2a4a2","name":"Lo viste en Los Pol\u00edticos","image":{"@type":"ImageObject","inLanguage":"es","@id":"https:\/\/secure.gravatar.com\/avatar\/3a8de04a2656d44082be478bd6c086daa447c4651605818287b9532d3d0bd435?s=96&d=mm&r=g","url":"https:\/\/secure.gravatar.com\/avatar\/3a8de04a2656d44082be478bd6c086daa447c4651605818287b9532d3d0bd435?s=96&d=mm&r=g","contentUrl":"https:\/\/secure.gravatar.com\/avatar\/3a8de04a2656d44082be478bd6c086daa447c4651605818287b9532d3d0bd435?s=96&d=mm&r=g","caption":"Lo viste en Los Pol\u00edticos"},"url":"https:\/\/lospoliticosveracruz.com\/?author=2"}]}},"_links":{"self":[{"href":"https:\/\/lospoliticosveracruz.com\/index.php?rest_route=\/wp\/v2\/posts\/160559","targetHints":{"allow":["GET"]}}],"collection":[{"href":"https:\/\/lospoliticosveracruz.com\/index.php?rest_route=\/wp\/v2\/posts"}],"about":[{"href":"https:\/\/lospoliticosveracruz.com\/index.php?rest_route=\/wp\/v2\/types\/post"}],"author":[{"embeddable":true,"href":"https:\/\/lospoliticosveracruz.com\/index.php?rest_route=\/wp\/v2\/users\/2"}],"replies":[{"embeddable":true,"href":"https:\/\/lospoliticosveracruz.com\/index.php?rest_route=%2Fwp%2Fv2%2Fcomments&post=160559"}],"version-history":[{"count":1,"href":"https:\/\/lospoliticosveracruz.com\/index.php?rest_route=\/wp\/v2\/posts\/160559\/revisions"}],"predecessor-version":[{"id":160560,"href":"https:\/\/lospoliticosveracruz.com\/index.php?rest_route=\/wp\/v2\/posts\/160559\/revisions\/160560"}],"wp:featuredmedia":[{"embeddable":true,"href":"https:\/\/lospoliticosveracruz.com\/index.php?rest_route=\/wp\/v2\/media\/141435"}],"wp:attachment":[{"href":"https:\/\/lospoliticosveracruz.com\/index.php?rest_route=%2Fwp%2Fv2%2Fmedia&parent=160559"}],"wp:term":[{"taxonomy":"category","embeddable":true,"href":"https:\/\/lospoliticosveracruz.com\/index.php?rest_route=%2Fwp%2Fv2%2Fcategories&post=160559"},{"taxonomy":"post_tag","embeddable":true,"href":"https:\/\/lospoliticosveracruz.com\/index.php?rest_route=%2Fwp%2Fv2%2Ftags&post=160559"}],"curies":[{"name":"wp","href":"https:\/\/api.w.org\/{rel}","templated":true}]}}