{"id":160577,"date":"2026-01-17T07:40:31","date_gmt":"2026-01-17T13:40:31","guid":{"rendered":"https:\/\/lospoliticosveracruz.com\/?p=160577"},"modified":"2026-01-17T09:40:18","modified_gmt":"2026-01-17T15:40:18","slug":"aplicaron-el-ano-de-hidalgo","status":"publish","type":"post","link":"https:\/\/lospoliticosveracruz.com\/?p=160577","title":{"rendered":"APLICARON EL A\u00d1O DE HIDALGO!"},"content":{"rendered":"\n<p><br><strong>Fanny Y\u00e9pez<\/strong><br><em>La Columna<\/em><br>Al cumplirse la primera quincena de este cuatrienio en los 212 municipios del estado, varios alcaldes enfrentan problemas financieros para pagar los salarios a los empleados, al mismo tiempo que tratan de resolver complicaciones por obras inconclusas y deudas heredadas.<br>Varios alcaldes se fueron dejando calles destruidas, camiones recolectores de basura inservibles y compromisos sin cumplir contra\u00eddos desde sus campa\u00f1as.<br>A finales de diciembre de 2025, se report\u00f3 que al menos 20 ayuntamientos enfrentaban deudas, falta de pagos y venta de activos antes del cambio de gobierno, lo que sugiere problemas financieros persistentes.<br>En las \u00faltimas semanas del pasado mes de diciembre se detect\u00f3 falta de recursos para cubrir compromisos de fin de a\u00f1o y opacidad en los procesos de transici\u00f3n, revel\u00f3 el diputado local Paul Mart\u00ednez Marie, secretario de la Comisi\u00f3n de Desarrollo y Fortalecimiento Municipal del Congreso del Estado.<br>El legislador se\u00f1al\u00f3 que estas dificultades se reflejan principalmente en la imposibilidad de cubrir salarios y prestaciones, as\u00ed como en la necesidad de vender activos municipales \u2014como veh\u00edculos, maquinaria y desecho ferroso\u2014 para obtener liquidez. Aunque no precis\u00f3 qu\u00e9 municipios se encuentran en esta situaci\u00f3n, estim\u00f3 que representan cerca del 10 por ciento de los 212 ayuntamientos de la entidad.<br>Mart\u00ednez Marie explic\u00f3 que los municipios que mantienen obras en proceso o inconclusas, tienen la posibilidad de solicitar una pr\u00f3rroga de hasta 90 d\u00edas, es decir, hasta el \u00faltimo d\u00eda de marzo de 2026, para concluirlas. No obstante, aclar\u00f3 que ni la Comisi\u00f3n de Hacienda Municipal ni el Congreso tienen atribuciones para otorgar recursos extraordinarios en esta etapa final de las administraciones.<br>Un claro ejemplo de la opacidad, es el municipio de Las Vigas de Ram\u00edrez, ah\u00ed la actual administraci\u00f3n municipal se encontr\u00f3 con calles sin pavimento, banquetas y guarniciones a medio construir, la calle Francisco Portilla es una muestra de la p\u00e9sima obra que llevo a cabo el ahora ex alcalde de Las Vigas de Ram\u00edrez, Jes\u00fas Landa Hern\u00e1ndez, situaci\u00f3n que ha provocado el reclamo de decenas de vecinos quienes amagan con manifestarse y pedir se aplique el castigo que marque la ley. .<br>Son casi 300 metros de la c\u00e9ntrica calle Francisco Portilla, desde su cruce con la calle Constituci\u00f3n y hasta el paso de las v\u00edas del tren, donde, hace meses m\u00e1s de cien vecinos del lugar vieron con agrado c\u00f3mo llegaron cuadrillas de hombres con maquinaria para iniciar la reconstrucci\u00f3n de su calle.<br>Con el paso de las semanas, la obra qued\u00f3 en el abandono.<br>\u00abNuestra calle no ten\u00eda tanto problema, se pod\u00eda pasar bien con autos o con mi motocicleta, pero, de todas maneras, el Doctor decidi\u00f3 que se deb\u00eda reconstruir y ahora no se le ve por ning\u00fan lugar\u00bb, relata un vecino del lugar.<br>Para finales del mes de noviembre del pasado a\u00f1o, se\u00f1alan los residentes de la calle Portilla, fue cuando se comenzaron a percatar que la obra no avanzaba y ya casi no se ve\u00eda presencia de trabajadores de la empresa constructora.<br>Los quejosos demandan que se realicen auditor\u00edas t\u00e9cnicas a las obras parte del \u00d3rgano de Fiscalizaci\u00f3n Superior (ORFIS), porque es evidente la mala calidad de dichas construcciones realizadas en el municipio y esto remarcaron es un evidente caso de corrupci\u00f3n.<br><strong>Los Verificentros tambi\u00e9n han sido afectados<\/strong><br>A principios de 2025, el estado de Veracruz contaba con aproximadamente 158 Verificentros, aunque el n\u00famero exacto puede variar por actualizaciones del programa; estos son los sitios oficiales para la verificaci\u00f3n vehicular en el estado, con una lista detallada disponible en el sitio del gobierno de Veracruz, que muestra su ubicaci\u00f3n por municipio para dar certeza y cumplir con normas ambientales.<br>En 2024, hubo una migraci\u00f3n de los antiguos \u00abCentros de Verificaci\u00f3n\u00bb a nuevos \u00abVerificentros\u00bb con equipo din\u00e1mico, lo que implic\u00f3 una renovaci\u00f3n y ajuste del n\u00famero total, buscando cumplir con las normas oficiales mexicanas m\u00e1s estrictas.<br>En la actualidad, aunque el Gobierno del Estado de Veracruz asegura que no busca \u00abdesaparecer\u00bb la verificaci\u00f3n vehicular, sino que ha implementado un proceso de transici\u00f3n y reestructuraci\u00f3n del programa, que ha provocado el cierre de numerosos centros que no cumplieron con los nuevos lineamientos y la migraci\u00f3n obligatoria a la figura de \u00abVerificentros\u00bb, lo cierto es que los propietarios de estos centros ya buscan ampararse, porque aseguran que las autoridades busca apropiarse de sus negocios.<br>Los due\u00f1os de los verificentros precisan las afectaciones que est\u00e1n resintiendo por la modificaci\u00f3n de las tarifas que se pagar\u00e1n a los entes verificadores.<br>Explican que, en el a\u00f1o 2023, sufrieron un decremento del pago del servicio de pruebas de verificaci\u00f3n de $50.00, con la excusa de que estaban subsidiando el costo del engomado y se ten\u00eda que ajustar.<br>\u201cAhora, con la \u00faltima gaceta emitida, nos implica una reducci\u00f3n de $82.95 pesos en la prueba Din\u00e1mica y $37.73 pesos en la prueba Est\u00e1tica.<br>Hace apenas 1 a\u00f1o, invertimos para migrar de Centros de Verificaci\u00f3n a Verificentros, oblig\u00e1ndonos a solicitar cr\u00e9ditos, con la consigna de modernizar y homogeneizar el servicio otorgado a la ciudadan\u00eda.<br>Con esos decrementos, aunado al incremento al salario m\u00ednimo, el gasto social (IMSS, Infonavit, 3% a la n\u00f3mina, impuestos federales) y el elevado gasto operativo de cada ente verificador (renta, luz, agua, internet, gases, papeler\u00eda, pruebas de laboratorio, filtros, sensores y refacciones industriales) es aniquilante.<br>Estos empresarios manifestaron concretamente los siguientes puntos:<br>1.- Considerar incremento en el precio de la Verificaci\u00f3n, desde hace tiempo el \u00fanico incremento que se da cada a\u00f1o es por la actualizaci\u00f3n de las UMAS un incremento real en el precio no se ha dado.<\/p>\n\n\n\n<ol start=\"2\" class=\"wp-block-list\">\n<li>Es necesario aplicar lo establecido en el c\u00f3digo financiero de gobierno del Estado, relativo a la aplicaci\u00f3n de las multas y recargos. El precio de la Verificaci\u00f3n est\u00e1 tipificado como un derecho, por lo tanto, es exigible.<\/li>\n\n\n\n<li>Solicitar a la direcci\u00f3n de tr\u00e1nsito y transporte, aplique las infracciones y operativos para invitar a la ciudadan\u00eda a verificar.<\/li>\n\n\n\n<li>Signar como un compromiso entre gobierno del estado y concesionarios no modificar los porcentajes de participaci\u00f3n en lo que resta del sexenio.<br>Comentaron que la inversi\u00f3n que realizaron es cuantiosa, adem\u00e1s de los gastos fijos que se generan en esas instalaciones, por lo que hicieron un llamado a las autoridades correspondientes para que reconsideren esta situaci\u00f3n, que los est\u00e1 perjudicando.<\/li>\n<\/ol>\n","protected":false},"excerpt":{"rendered":"<p>Fanny Y\u00e9pezLa ColumnaAl cumplirse la primera quincena de este cuatrienio en los 212 municipios del estado, varios alcaldes enfrentan problemas financieros para pagar los salarios a los empleados, al mismo tiempo que tratan de resolver complicaciones por obras inconclusas y deudas heredadas.Varios alcaldes se fueron dejando calles destruidas, camiones recolectores de basura inservibles y compromisos [&hellip;]<\/p>\n","protected":false},"author":2,"featured_media":141383,"comment_status":"closed","ping_status":"closed","sticky":false,"template":"","format":"standard","meta":{"tdm_status":"","tdm_grid_status":"","footnotes":""},"categories":[70],"tags":[47908,50568,8723,4148,195,50569],"class_list":{"0":"post-160577","1":"post","2":"type-post","3":"status-publish","4":"format-standard","5":"has-post-thumbnail","7":"category-de-opinion","8":"tag-alcaldes","9":"tag-ayuntamientos","10":"tag-las-vigas-de-ramirez","11":"tag-paul-martinez-marie","12":"tag-veracruz","13":"tag-verificentros"},"yoast_head":"<!-- This site is optimized with the Yoast SEO plugin v27.4 - https:\/\/yoast.com\/product\/yoast-seo-wordpress\/ -->\n<title>APLICARON EL A\u00d1O DE HIDALGO! - Los pol\u00edticos Veracruz<\/title>\n<meta name=\"robots\" content=\"index, follow, max-snippet:-1, max-image-preview:large, max-video-preview:-1\" \/>\n<link rel=\"canonical\" href=\"https:\/\/lospoliticosveracruz.com\/?p=160577\" \/>\n<meta property=\"og:locale\" content=\"es_ES\" \/>\n<meta property=\"og:type\" content=\"article\" \/>\n<meta property=\"og:title\" content=\"APLICARON EL A\u00d1O DE HIDALGO! - Los pol\u00edticos Veracruz\" \/>\n<meta property=\"og:description\" content=\"Fanny Y\u00e9pezLa ColumnaAl cumplirse la primera quincena de este cuatrienio en los 212 municipios del estado, varios alcaldes enfrentan problemas financieros para pagar los salarios a los empleados, al mismo tiempo que tratan de resolver complicaciones por obras inconclusas y deudas heredadas.Varios alcaldes se fueron dejando calles destruidas, camiones recolectores de basura inservibles y compromisos [&hellip;]\" \/>\n<meta property=\"og:url\" content=\"https:\/\/lospoliticosveracruz.com\/?p=160577\" \/>\n<meta property=\"og:site_name\" content=\"Los pol\u00edticos Veracruz\" \/>\n<meta property=\"article:publisher\" content=\"https:\/\/www.facebook.com\/people\/Notimemes-de-los-Polticos\/61565672886568\/\" \/>\n<meta property=\"article:published_time\" content=\"2026-01-17T13:40:31+00:00\" \/>\n<meta property=\"article:modified_time\" content=\"2026-01-17T15:40:18+00:00\" \/>\n<meta property=\"og:image\" content=\"https:\/\/lospoliticosveracruz.com\/wp-content\/uploads\/2025\/04\/Fanny-Yepez-Luna-e1768657334923.jpg\" \/>\n\t<meta property=\"og:image:width\" content=\"600\" \/>\n\t<meta property=\"og:image:height\" content=\"320\" \/>\n\t<meta property=\"og:image:type\" content=\"image\/jpeg\" \/>\n<meta name=\"author\" content=\"Lo viste en Los Pol\u00edticos\" \/>\n<meta name=\"twitter:card\" content=\"summary_large_image\" \/>\n<meta name=\"twitter:creator\" content=\"@LosPoliticosVer\" \/>\n<meta name=\"twitter:site\" content=\"@LosPoliticosVer\" \/>\n<meta name=\"twitter:label1\" content=\"Escrito por\" \/>\n\t<meta name=\"twitter:data1\" content=\"Lo viste en Los Pol\u00edticos\" \/>\n\t<meta name=\"twitter:label2\" content=\"Tiempo de lectura\" \/>\n\t<meta name=\"twitter:data2\" content=\"5 minutos\" \/>\n<script type=\"application\/ld+json\" class=\"yoast-schema-graph\">{\"@context\":\"https:\\\/\\\/schema.org\",\"@graph\":[{\"@type\":\"Article\",\"@id\":\"https:\\\/\\\/lospoliticosveracruz.com\\\/?p=160577#article\",\"isPartOf\":{\"@id\":\"https:\\\/\\\/lospoliticosveracruz.com\\\/?p=160577\"},\"author\":{\"name\":\"Lo viste en Los Pol\u00edticos\",\"@id\":\"https:\\\/\\\/lospoliticosveracruz.com\\\/#\\\/schema\\\/person\\\/b8702bb0e538456e6efd07080bf2a4a2\"},\"headline\":\"APLICARON EL A\u00d1O DE HIDALGO!\",\"datePublished\":\"2026-01-17T13:40:31+00:00\",\"dateModified\":\"2026-01-17T15:40:18+00:00\",\"mainEntityOfPage\":{\"@id\":\"https:\\\/\\\/lospoliticosveracruz.com\\\/?p=160577\"},\"wordCount\":1105,\"publisher\":{\"@id\":\"https:\\\/\\\/lospoliticosveracruz.com\\\/#organization\"},\"image\":{\"@id\":\"https:\\\/\\\/lospoliticosveracruz.com\\\/?p=160577#primaryimage\"},\"thumbnailUrl\":\"https:\\\/\\\/lospoliticosveracruz.com\\\/wp-content\\\/uploads\\\/2025\\\/04\\\/Fanny-Yepez-Luna-e1768657334923.jpg\",\"keywords\":[\"Alcaldes\",\"Ayuntamientos\",\"Las Vigas de Ram\u00edrez\",\"Paul Mart\u00ednez Marie\",\"Veracruz\",\"Verificentros\"],\"articleSection\":[\"De Opini\u00f3n\"],\"inLanguage\":\"es\"},{\"@type\":\"WebPage\",\"@id\":\"https:\\\/\\\/lospoliticosveracruz.com\\\/?p=160577\",\"url\":\"https:\\\/\\\/lospoliticosveracruz.com\\\/?p=160577\",\"name\":\"APLICARON EL A\u00d1O DE HIDALGO! - Los pol\u00edticos Veracruz\",\"isPartOf\":{\"@id\":\"https:\\\/\\\/lospoliticosveracruz.com\\\/#website\"},\"primaryImageOfPage\":{\"@id\":\"https:\\\/\\\/lospoliticosveracruz.com\\\/?p=160577#primaryimage\"},\"image\":{\"@id\":\"https:\\\/\\\/lospoliticosveracruz.com\\\/?p=160577#primaryimage\"},\"thumbnailUrl\":\"https:\\\/\\\/lospoliticosveracruz.com\\\/wp-content\\\/uploads\\\/2025\\\/04\\\/Fanny-Yepez-Luna-e1768657334923.jpg\",\"datePublished\":\"2026-01-17T13:40:31+00:00\",\"dateModified\":\"2026-01-17T15:40:18+00:00\",\"breadcrumb\":{\"@id\":\"https:\\\/\\\/lospoliticosveracruz.com\\\/?p=160577#breadcrumb\"},\"inLanguage\":\"es\",\"potentialAction\":[{\"@type\":\"ReadAction\",\"target\":[\"https:\\\/\\\/lospoliticosveracruz.com\\\/?p=160577\"]}]},{\"@type\":\"ImageObject\",\"inLanguage\":\"es\",\"@id\":\"https:\\\/\\\/lospoliticosveracruz.com\\\/?p=160577#primaryimage\",\"url\":\"https:\\\/\\\/lospoliticosveracruz.com\\\/wp-content\\\/uploads\\\/2025\\\/04\\\/Fanny-Yepez-Luna-e1768657334923.jpg\",\"contentUrl\":\"https:\\\/\\\/lospoliticosveracruz.com\\\/wp-content\\\/uploads\\\/2025\\\/04\\\/Fanny-Yepez-Luna-e1768657334923.jpg\",\"width\":600,\"height\":320},{\"@type\":\"BreadcrumbList\",\"@id\":\"https:\\\/\\\/lospoliticosveracruz.com\\\/?p=160577#breadcrumb\",\"itemListElement\":[{\"@type\":\"ListItem\",\"position\":1,\"name\":\"Portada\",\"item\":\"https:\\\/\\\/lospoliticosveracruz.com\\\/\"},{\"@type\":\"ListItem\",\"position\":2,\"name\":\"APLICARON EL A\u00d1O DE HIDALGO!\"}]},{\"@type\":\"WebSite\",\"@id\":\"https:\\\/\\\/lospoliticosveracruz.com\\\/#website\",\"url\":\"https:\\\/\\\/lospoliticosveracruz.com\\\/\",\"name\":\"Los pol\u00edticos Veracruz\",\"description\":\"\",\"publisher\":{\"@id\":\"https:\\\/\\\/lospoliticosveracruz.com\\\/#organization\"},\"potentialAction\":[{\"@type\":\"SearchAction\",\"target\":{\"@type\":\"EntryPoint\",\"urlTemplate\":\"https:\\\/\\\/lospoliticosveracruz.com\\\/?s={search_term_string}\"},\"query-input\":{\"@type\":\"PropertyValueSpecification\",\"valueRequired\":true,\"valueName\":\"search_term_string\"}}],\"inLanguage\":\"es\"},{\"@type\":\"Organization\",\"@id\":\"https:\\\/\\\/lospoliticosveracruz.com\\\/#organization\",\"name\":\"Los pol\u00edticos Veracruz\",\"url\":\"https:\\\/\\\/lospoliticosveracruz.com\\\/\",\"logo\":{\"@type\":\"ImageObject\",\"inLanguage\":\"es\",\"@id\":\"https:\\\/\\\/lospoliticosveracruz.com\\\/#\\\/schema\\\/logo\\\/image\\\/\",\"url\":\"https:\\\/\\\/lospoliticosveracruz.com\\\/wp-content\\\/uploads\\\/2025\\\/12\\\/Logo-Nuevo-LOS-POLITICOS-1.jpg\",\"contentUrl\":\"https:\\\/\\\/lospoliticosveracruz.com\\\/wp-content\\\/uploads\\\/2025\\\/12\\\/Logo-Nuevo-LOS-POLITICOS-1.jpg\",\"width\":260,\"height\":70,\"caption\":\"Los pol\u00edticos Veracruz\"},\"image\":{\"@id\":\"https:\\\/\\\/lospoliticosveracruz.com\\\/#\\\/schema\\\/logo\\\/image\\\/\"},\"sameAs\":[\"https:\\\/\\\/www.facebook.com\\\/people\\\/Notimemes-de-los-Polticos\\\/61565672886568\\\/\",\"https:\\\/\\\/x.com\\\/LosPoliticosVer\"]},{\"@type\":\"Person\",\"@id\":\"https:\\\/\\\/lospoliticosveracruz.com\\\/#\\\/schema\\\/person\\\/b8702bb0e538456e6efd07080bf2a4a2\",\"name\":\"Lo viste en Los Pol\u00edticos\",\"image\":{\"@type\":\"ImageObject\",\"inLanguage\":\"es\",\"@id\":\"https:\\\/\\\/secure.gravatar.com\\\/avatar\\\/3a8de04a2656d44082be478bd6c086daa447c4651605818287b9532d3d0bd435?s=96&d=mm&r=g\",\"url\":\"https:\\\/\\\/secure.gravatar.com\\\/avatar\\\/3a8de04a2656d44082be478bd6c086daa447c4651605818287b9532d3d0bd435?s=96&d=mm&r=g\",\"contentUrl\":\"https:\\\/\\\/secure.gravatar.com\\\/avatar\\\/3a8de04a2656d44082be478bd6c086daa447c4651605818287b9532d3d0bd435?s=96&d=mm&r=g\",\"caption\":\"Lo viste en Los Pol\u00edticos\"},\"url\":\"https:\\\/\\\/lospoliticosveracruz.com\\\/?author=2\"}]}<\/script>\n<!-- \/ Yoast SEO plugin. -->","yoast_head_json":{"title":"APLICARON EL A\u00d1O DE HIDALGO! - Los pol\u00edticos Veracruz","robots":{"index":"index","follow":"follow","max-snippet":"max-snippet:-1","max-image-preview":"max-image-preview:large","max-video-preview":"max-video-preview:-1"},"canonical":"https:\/\/lospoliticosveracruz.com\/?p=160577","og_locale":"es_ES","og_type":"article","og_title":"APLICARON EL A\u00d1O DE HIDALGO! - Los pol\u00edticos Veracruz","og_description":"Fanny Y\u00e9pezLa ColumnaAl cumplirse la primera quincena de este cuatrienio en los 212 municipios del estado, varios alcaldes enfrentan problemas financieros para pagar los salarios a los empleados, al mismo tiempo que tratan de resolver complicaciones por obras inconclusas y deudas heredadas.Varios alcaldes se fueron dejando calles destruidas, camiones recolectores de basura inservibles y compromisos [&hellip;]","og_url":"https:\/\/lospoliticosveracruz.com\/?p=160577","og_site_name":"Los pol\u00edticos Veracruz","article_publisher":"https:\/\/www.facebook.com\/people\/Notimemes-de-los-Polticos\/61565672886568\/","article_published_time":"2026-01-17T13:40:31+00:00","article_modified_time":"2026-01-17T15:40:18+00:00","og_image":[{"width":600,"height":320,"url":"https:\/\/lospoliticosveracruz.com\/wp-content\/uploads\/2025\/04\/Fanny-Yepez-Luna-e1768657334923.jpg","type":"image\/jpeg"}],"author":"Lo viste en Los Pol\u00edticos","twitter_card":"summary_large_image","twitter_creator":"@LosPoliticosVer","twitter_site":"@LosPoliticosVer","twitter_misc":{"Escrito por":"Lo viste en Los Pol\u00edticos","Tiempo de lectura":"5 minutos"},"schema":{"@context":"https:\/\/schema.org","@graph":[{"@type":"Article","@id":"https:\/\/lospoliticosveracruz.com\/?p=160577#article","isPartOf":{"@id":"https:\/\/lospoliticosveracruz.com\/?p=160577"},"author":{"name":"Lo viste en Los Pol\u00edticos","@id":"https:\/\/lospoliticosveracruz.com\/#\/schema\/person\/b8702bb0e538456e6efd07080bf2a4a2"},"headline":"APLICARON EL A\u00d1O DE HIDALGO!","datePublished":"2026-01-17T13:40:31+00:00","dateModified":"2026-01-17T15:40:18+00:00","mainEntityOfPage":{"@id":"https:\/\/lospoliticosveracruz.com\/?p=160577"},"wordCount":1105,"publisher":{"@id":"https:\/\/lospoliticosveracruz.com\/#organization"},"image":{"@id":"https:\/\/lospoliticosveracruz.com\/?p=160577#primaryimage"},"thumbnailUrl":"https:\/\/lospoliticosveracruz.com\/wp-content\/uploads\/2025\/04\/Fanny-Yepez-Luna-e1768657334923.jpg","keywords":["Alcaldes","Ayuntamientos","Las Vigas de Ram\u00edrez","Paul Mart\u00ednez Marie","Veracruz","Verificentros"],"articleSection":["De Opini\u00f3n"],"inLanguage":"es"},{"@type":"WebPage","@id":"https:\/\/lospoliticosveracruz.com\/?p=160577","url":"https:\/\/lospoliticosveracruz.com\/?p=160577","name":"APLICARON EL A\u00d1O DE HIDALGO! - Los pol\u00edticos Veracruz","isPartOf":{"@id":"https:\/\/lospoliticosveracruz.com\/#website"},"primaryImageOfPage":{"@id":"https:\/\/lospoliticosveracruz.com\/?p=160577#primaryimage"},"image":{"@id":"https:\/\/lospoliticosveracruz.com\/?p=160577#primaryimage"},"thumbnailUrl":"https:\/\/lospoliticosveracruz.com\/wp-content\/uploads\/2025\/04\/Fanny-Yepez-Luna-e1768657334923.jpg","datePublished":"2026-01-17T13:40:31+00:00","dateModified":"2026-01-17T15:40:18+00:00","breadcrumb":{"@id":"https:\/\/lospoliticosveracruz.com\/?p=160577#breadcrumb"},"inLanguage":"es","potentialAction":[{"@type":"ReadAction","target":["https:\/\/lospoliticosveracruz.com\/?p=160577"]}]},{"@type":"ImageObject","inLanguage":"es","@id":"https:\/\/lospoliticosveracruz.com\/?p=160577#primaryimage","url":"https:\/\/lospoliticosveracruz.com\/wp-content\/uploads\/2025\/04\/Fanny-Yepez-Luna-e1768657334923.jpg","contentUrl":"https:\/\/lospoliticosveracruz.com\/wp-content\/uploads\/2025\/04\/Fanny-Yepez-Luna-e1768657334923.jpg","width":600,"height":320},{"@type":"BreadcrumbList","@id":"https:\/\/lospoliticosveracruz.com\/?p=160577#breadcrumb","itemListElement":[{"@type":"ListItem","position":1,"name":"Portada","item":"https:\/\/lospoliticosveracruz.com\/"},{"@type":"ListItem","position":2,"name":"APLICARON EL A\u00d1O DE HIDALGO!"}]},{"@type":"WebSite","@id":"https:\/\/lospoliticosveracruz.com\/#website","url":"https:\/\/lospoliticosveracruz.com\/","name":"Los pol\u00edticos Veracruz","description":"","publisher":{"@id":"https:\/\/lospoliticosveracruz.com\/#organization"},"potentialAction":[{"@type":"SearchAction","target":{"@type":"EntryPoint","urlTemplate":"https:\/\/lospoliticosveracruz.com\/?s={search_term_string}"},"query-input":{"@type":"PropertyValueSpecification","valueRequired":true,"valueName":"search_term_string"}}],"inLanguage":"es"},{"@type":"Organization","@id":"https:\/\/lospoliticosveracruz.com\/#organization","name":"Los pol\u00edticos Veracruz","url":"https:\/\/lospoliticosveracruz.com\/","logo":{"@type":"ImageObject","inLanguage":"es","@id":"https:\/\/lospoliticosveracruz.com\/#\/schema\/logo\/image\/","url":"https:\/\/lospoliticosveracruz.com\/wp-content\/uploads\/2025\/12\/Logo-Nuevo-LOS-POLITICOS-1.jpg","contentUrl":"https:\/\/lospoliticosveracruz.com\/wp-content\/uploads\/2025\/12\/Logo-Nuevo-LOS-POLITICOS-1.jpg","width":260,"height":70,"caption":"Los pol\u00edticos Veracruz"},"image":{"@id":"https:\/\/lospoliticosveracruz.com\/#\/schema\/logo\/image\/"},"sameAs":["https:\/\/www.facebook.com\/people\/Notimemes-de-los-Polticos\/61565672886568\/","https:\/\/x.com\/LosPoliticosVer"]},{"@type":"Person","@id":"https:\/\/lospoliticosveracruz.com\/#\/schema\/person\/b8702bb0e538456e6efd07080bf2a4a2","name":"Lo viste en Los Pol\u00edticos","image":{"@type":"ImageObject","inLanguage":"es","@id":"https:\/\/secure.gravatar.com\/avatar\/3a8de04a2656d44082be478bd6c086daa447c4651605818287b9532d3d0bd435?s=96&d=mm&r=g","url":"https:\/\/secure.gravatar.com\/avatar\/3a8de04a2656d44082be478bd6c086daa447c4651605818287b9532d3d0bd435?s=96&d=mm&r=g","contentUrl":"https:\/\/secure.gravatar.com\/avatar\/3a8de04a2656d44082be478bd6c086daa447c4651605818287b9532d3d0bd435?s=96&d=mm&r=g","caption":"Lo viste en Los Pol\u00edticos"},"url":"https:\/\/lospoliticosveracruz.com\/?author=2"}]}},"_links":{"self":[{"href":"https:\/\/lospoliticosveracruz.com\/index.php?rest_route=\/wp\/v2\/posts\/160577","targetHints":{"allow":["GET"]}}],"collection":[{"href":"https:\/\/lospoliticosveracruz.com\/index.php?rest_route=\/wp\/v2\/posts"}],"about":[{"href":"https:\/\/lospoliticosveracruz.com\/index.php?rest_route=\/wp\/v2\/types\/post"}],"author":[{"embeddable":true,"href":"https:\/\/lospoliticosveracruz.com\/index.php?rest_route=\/wp\/v2\/users\/2"}],"replies":[{"embeddable":true,"href":"https:\/\/lospoliticosveracruz.com\/index.php?rest_route=%2Fwp%2Fv2%2Fcomments&post=160577"}],"version-history":[{"count":1,"href":"https:\/\/lospoliticosveracruz.com\/index.php?rest_route=\/wp\/v2\/posts\/160577\/revisions"}],"predecessor-version":[{"id":160678,"href":"https:\/\/lospoliticosveracruz.com\/index.php?rest_route=\/wp\/v2\/posts\/160577\/revisions\/160678"}],"wp:featuredmedia":[{"embeddable":true,"href":"https:\/\/lospoliticosveracruz.com\/index.php?rest_route=\/wp\/v2\/media\/141383"}],"wp:attachment":[{"href":"https:\/\/lospoliticosveracruz.com\/index.php?rest_route=%2Fwp%2Fv2%2Fmedia&parent=160577"}],"wp:term":[{"taxonomy":"category","embeddable":true,"href":"https:\/\/lospoliticosveracruz.com\/index.php?rest_route=%2Fwp%2Fv2%2Fcategories&post=160577"},{"taxonomy":"post_tag","embeddable":true,"href":"https:\/\/lospoliticosveracruz.com\/index.php?rest_route=%2Fwp%2Fv2%2Ftags&post=160577"}],"curies":[{"name":"wp","href":"https:\/\/api.w.org\/{rel}","templated":true}]}}