{"id":160621,"date":"2026-01-16T11:49:08","date_gmt":"2026-01-16T17:49:08","guid":{"rendered":"https:\/\/lospoliticosveracruz.com\/?p=160621"},"modified":"2026-01-16T11:49:10","modified_gmt":"2026-01-16T17:49:10","slug":"las-luchas-de-las-mujeres","status":"publish","type":"post","link":"https:\/\/lospoliticosveracruz.com\/?p=160621","title":{"rendered":"LAS LUCHAS DE LAS MUJERES"},"content":{"rendered":"\n<p><strong>Mara Iliana Cruz Pastrana<\/strong><\/p>\n\n\n\n<p>Hablar de los derechos de las mujeres como conquistas del pasado es una forma c\u00f3moda de ignorar el presente. Si bien las leyes han cambiado y los discursos institucionales se han llenado de palabras como igualdad y paridad, la realidad demuestra que la agenda hist\u00f3rica de las mujeres sigue abierta y, en muchos aspectos, estancada.<\/p>\n\n\n\n\n\n<p>La violencia es el ejemplo m\u00e1s brutal. Feminicidios, desapariciones y agresiones cotidianas contin\u00faan marcando la vida de miles de mujeres. No se trata solo de cifras alarmantes, sino de un patr\u00f3n sostenido de impunidad que env\u00eda un mensaje claro: denunciar no siempre garantiza justicia. Mientras los expedientes se acumulan, la violencia se normaliza.<\/p>\n\n\n\n<p>En el terreno laboral, la igualdad sigue siendo una promesa incumplida. Las mujeres ganan menos, ascienden menos y cargan con el costo de la maternidad en entornos laborales que a\u00fan la penalizan. A esto se suma el trabajo dom\u00e9stico y de cuidados, invisible y no remunerado, que sostiene la econom\u00eda sin reconocimiento ni corresponsabilidad real del Estado o del mercado.<\/p>\n\n\n\n<p>El cuerpo de las mujeres sigue siendo un campo de disputa pol\u00edtica. El acceso desigual a los derechos sexuales y reproductivos revela que la autonom\u00eda corporal a\u00fan genera resistencias profundas. No basta con reformas legales si estas no se traducen en servicios accesibles, informaci\u00f3n clara y trato digno.<\/p>\n\n\n\n<p>La participaci\u00f3n pol\u00edtica tampoco est\u00e1 exenta de violencia. Las mujeres que acceden a cargos p\u00fablicos enfrentan ataques, descalificaciones y amenazas que buscan expulsarlas del espacio p\u00fablico. La paridad num\u00e9rica no ha eliminado las pr\u00e1cticas patriarcales que operan al interior del poder. La paridad ha permitido el acceso, pero no ha eliminado la violencia pol\u00edtica ni la resistencia al liderazgo femenino. Las mujeres llegan a los cargos, pero enfrentan deslegitimaci\u00f3n, amenazas y sabotaje. Se les permite estar, pero no ejercer el poder.<\/p>\n\n\n\n<p>Hablar de las mujeres como un grupo homog\u00e9neo es otra forma de exclusi\u00f3n. Las mujeres ind\u00edgenas, migrantes, con discapacidad o privadas de la libertad siguen quedando al margen de las pol\u00edticas p\u00fablicas y del debate medi\u00e1tico. La interseccionalidad no es un concepto acad\u00e9mico: es una realidad ignorada. Hablar de derechos de las mujeres sin considerar estas realidades es seguir construyendo discursos incompletos.<\/p>\n\n\n\n<p>Incluso en el \u00e1mbito digital, las violencias se reproducen con nuevas formas y viejas omisiones. El acoso y la difusi\u00f3n no consentida de contenidos \u00edntimos muestran que la tecnolog\u00eda avanza m\u00e1s r\u00e1pido que la protecci\u00f3n efectiva de los derechos. La violencia en redes sociales se ha convertido en una extensi\u00f3n de la violencia estructural, mientras las respuestas institucionales siguen siendo tard\u00edas y d\u00e9biles.<\/p>\n\n\n\n<p>Las luchas de las mujeres no son una consigna ni una moda. Son una exigencia constante frente a un sistema que ha avanzado en el papel, pero no en la vida cotidiana. Reconocer que la agenda sigue pendiente no es un acto de confrontaci\u00f3n, sino de honestidad social. Insistir en que la igualdad ya se alcanz\u00f3 es una narrativa c\u00f3moda, \u00fatil para el discurso oficial, pero ajena a la realidad. Sirve para cerrar debates, justificar presupuestos insuficientes y administrar la desigualdad sin enfrentarla. La agenda hist\u00f3rica de las mujeres sigue abierta porque las deudas no solo persisten: se han normalizado.<\/p>\n\n\n\n<p>A 110 a\u00f1os del Congreso Feminista de Yucat\u00e1n, la agenda de las mujeres no deber\u00eda ser conmemorativa, sino inc\u00f3moda. Recordar ese encuentro hist\u00f3rico no es un acto simb\u00f3lico: es un recordatorio de que el Estado sigue en deuda. Mientras la igualdad sea un discurso y no una experiencia cotidiana, hablar de avances ser\u00e1 solo una forma elegante de negar la realidad.<\/p>\n","protected":false},"excerpt":{"rendered":"<p>Mara Iliana Cruz Pastrana Hablar de los derechos de las mujeres como conquistas del pasado es una forma c\u00f3moda de ignorar el presente. Si bien las leyes han cambiado y los discursos institucionales se han llenado de palabras como igualdad y paridad, la realidad demuestra que la agenda hist\u00f3rica de las mujeres sigue abierta y, [&hellip;]<\/p>\n","protected":false},"author":2,"featured_media":141401,"comment_status":"closed","ping_status":"closed","sticky":false,"template":"","format":"standard","meta":{"tdm_status":"","tdm_grid_status":"","footnotes":""},"categories":[70],"tags":[50481,50483,50482,42836,50480,50479],"class_list":{"0":"post-160621","1":"post","2":"type-post","3":"status-publish","4":"format-standard","5":"has-post-thumbnail","7":"category-de-opinion","8":"tag-agenda-feminista-pendiente","9":"tag-brecha-laboral-y-cuidados","10":"tag-derechos-de-las-mujeres-en-mexico","11":"tag-mara-iliana-cruz-pastrana","12":"tag-violencia-de-genero-e-impunidad","13":"tag-violencia-politica-contra-mujeres"},"yoast_head":"<!-- This site is optimized with the Yoast SEO plugin v27.4 - https:\/\/yoast.com\/product\/yoast-seo-wordpress\/ -->\n<title>LAS LUCHAS DE LAS MUJERES - Los pol\u00edticos Veracruz<\/title>\n<meta name=\"robots\" content=\"index, follow, max-snippet:-1, max-image-preview:large, max-video-preview:-1\" \/>\n<link rel=\"canonical\" href=\"https:\/\/lospoliticosveracruz.com\/?p=160621\" \/>\n<meta property=\"og:locale\" content=\"es_ES\" \/>\n<meta property=\"og:type\" content=\"article\" \/>\n<meta property=\"og:title\" content=\"LAS LUCHAS DE LAS MUJERES - Los pol\u00edticos Veracruz\" \/>\n<meta property=\"og:description\" content=\"Mara Iliana Cruz Pastrana Hablar de los derechos de las mujeres como conquistas del pasado es una forma c\u00f3moda de ignorar el presente. Si bien las leyes han cambiado y los discursos institucionales se han llenado de palabras como igualdad y paridad, la realidad demuestra que la agenda hist\u00f3rica de las mujeres sigue abierta y, [&hellip;]\" \/>\n<meta property=\"og:url\" content=\"https:\/\/lospoliticosveracruz.com\/?p=160621\" \/>\n<meta property=\"og:site_name\" content=\"Los pol\u00edticos Veracruz\" \/>\n<meta property=\"article:publisher\" content=\"https:\/\/www.facebook.com\/people\/Notimemes-de-los-Polticos\/61565672886568\/\" \/>\n<meta property=\"article:published_time\" content=\"2026-01-16T17:49:08+00:00\" \/>\n<meta property=\"article:modified_time\" content=\"2026-01-16T17:49:10+00:00\" \/>\n<meta property=\"og:image\" content=\"https:\/\/lospoliticosveracruz.com\/wp-content\/uploads\/2025\/04\/Mara-Cruz-Pastrana.jpg\" \/>\n\t<meta property=\"og:image:width\" content=\"1250\" \/>\n\t<meta property=\"og:image:height\" content=\"667\" \/>\n\t<meta property=\"og:image:type\" content=\"image\/jpeg\" \/>\n<meta name=\"author\" content=\"Lo viste en Los Pol\u00edticos\" \/>\n<meta name=\"twitter:card\" content=\"summary_large_image\" \/>\n<meta name=\"twitter:creator\" content=\"@LosPoliticosVer\" \/>\n<meta name=\"twitter:site\" content=\"@LosPoliticosVer\" \/>\n<meta name=\"twitter:label1\" content=\"Escrito por\" \/>\n\t<meta name=\"twitter:data1\" content=\"Lo viste en Los Pol\u00edticos\" \/>\n\t<meta name=\"twitter:label2\" content=\"Tiempo de lectura\" \/>\n\t<meta name=\"twitter:data2\" content=\"4 minutos\" \/>\n<script type=\"application\/ld+json\" class=\"yoast-schema-graph\">{\"@context\":\"https:\\\/\\\/schema.org\",\"@graph\":[{\"@type\":\"Article\",\"@id\":\"https:\\\/\\\/lospoliticosveracruz.com\\\/?p=160621#article\",\"isPartOf\":{\"@id\":\"https:\\\/\\\/lospoliticosveracruz.com\\\/?p=160621\"},\"author\":{\"name\":\"Lo viste en Los Pol\u00edticos\",\"@id\":\"https:\\\/\\\/lospoliticosveracruz.com\\\/#\\\/schema\\\/person\\\/b8702bb0e538456e6efd07080bf2a4a2\"},\"headline\":\"LAS LUCHAS DE LAS MUJERES\",\"datePublished\":\"2026-01-16T17:49:08+00:00\",\"dateModified\":\"2026-01-16T17:49:10+00:00\",\"mainEntityOfPage\":{\"@id\":\"https:\\\/\\\/lospoliticosveracruz.com\\\/?p=160621\"},\"wordCount\":636,\"publisher\":{\"@id\":\"https:\\\/\\\/lospoliticosveracruz.com\\\/#organization\"},\"image\":{\"@id\":\"https:\\\/\\\/lospoliticosveracruz.com\\\/?p=160621#primaryimage\"},\"thumbnailUrl\":\"https:\\\/\\\/lospoliticosveracruz.com\\\/wp-content\\\/uploads\\\/2025\\\/04\\\/Mara-Cruz-Pastrana.jpg\",\"keywords\":[\"agenda feminista pendiente\",\"brecha laboral y cuidados\",\"derechos de las mujeres en M\u00e9xico\",\"Mara Iliana Cruz Pastrana\",\"violencia de g\u00e9nero e impunidad\",\"violencia pol\u00edtica contra mujeres\"],\"articleSection\":[\"De Opini\u00f3n\"],\"inLanguage\":\"es\"},{\"@type\":\"WebPage\",\"@id\":\"https:\\\/\\\/lospoliticosveracruz.com\\\/?p=160621\",\"url\":\"https:\\\/\\\/lospoliticosveracruz.com\\\/?p=160621\",\"name\":\"LAS LUCHAS DE LAS MUJERES - Los pol\u00edticos Veracruz\",\"isPartOf\":{\"@id\":\"https:\\\/\\\/lospoliticosveracruz.com\\\/#website\"},\"primaryImageOfPage\":{\"@id\":\"https:\\\/\\\/lospoliticosveracruz.com\\\/?p=160621#primaryimage\"},\"image\":{\"@id\":\"https:\\\/\\\/lospoliticosveracruz.com\\\/?p=160621#primaryimage\"},\"thumbnailUrl\":\"https:\\\/\\\/lospoliticosveracruz.com\\\/wp-content\\\/uploads\\\/2025\\\/04\\\/Mara-Cruz-Pastrana.jpg\",\"datePublished\":\"2026-01-16T17:49:08+00:00\",\"dateModified\":\"2026-01-16T17:49:10+00:00\",\"breadcrumb\":{\"@id\":\"https:\\\/\\\/lospoliticosveracruz.com\\\/?p=160621#breadcrumb\"},\"inLanguage\":\"es\",\"potentialAction\":[{\"@type\":\"ReadAction\",\"target\":[\"https:\\\/\\\/lospoliticosveracruz.com\\\/?p=160621\"]}]},{\"@type\":\"ImageObject\",\"inLanguage\":\"es\",\"@id\":\"https:\\\/\\\/lospoliticosveracruz.com\\\/?p=160621#primaryimage\",\"url\":\"https:\\\/\\\/lospoliticosveracruz.com\\\/wp-content\\\/uploads\\\/2025\\\/04\\\/Mara-Cruz-Pastrana.jpg\",\"contentUrl\":\"https:\\\/\\\/lospoliticosveracruz.com\\\/wp-content\\\/uploads\\\/2025\\\/04\\\/Mara-Cruz-Pastrana.jpg\",\"width\":1250,\"height\":667},{\"@type\":\"BreadcrumbList\",\"@id\":\"https:\\\/\\\/lospoliticosveracruz.com\\\/?p=160621#breadcrumb\",\"itemListElement\":[{\"@type\":\"ListItem\",\"position\":1,\"name\":\"Portada\",\"item\":\"https:\\\/\\\/lospoliticosveracruz.com\\\/\"},{\"@type\":\"ListItem\",\"position\":2,\"name\":\"LAS LUCHAS DE LAS MUJERES\"}]},{\"@type\":\"WebSite\",\"@id\":\"https:\\\/\\\/lospoliticosveracruz.com\\\/#website\",\"url\":\"https:\\\/\\\/lospoliticosveracruz.com\\\/\",\"name\":\"Los pol\u00edticos Veracruz\",\"description\":\"\",\"publisher\":{\"@id\":\"https:\\\/\\\/lospoliticosveracruz.com\\\/#organization\"},\"potentialAction\":[{\"@type\":\"SearchAction\",\"target\":{\"@type\":\"EntryPoint\",\"urlTemplate\":\"https:\\\/\\\/lospoliticosveracruz.com\\\/?s={search_term_string}\"},\"query-input\":{\"@type\":\"PropertyValueSpecification\",\"valueRequired\":true,\"valueName\":\"search_term_string\"}}],\"inLanguage\":\"es\"},{\"@type\":\"Organization\",\"@id\":\"https:\\\/\\\/lospoliticosveracruz.com\\\/#organization\",\"name\":\"Los pol\u00edticos Veracruz\",\"url\":\"https:\\\/\\\/lospoliticosveracruz.com\\\/\",\"logo\":{\"@type\":\"ImageObject\",\"inLanguage\":\"es\",\"@id\":\"https:\\\/\\\/lospoliticosveracruz.com\\\/#\\\/schema\\\/logo\\\/image\\\/\",\"url\":\"https:\\\/\\\/lospoliticosveracruz.com\\\/wp-content\\\/uploads\\\/2025\\\/12\\\/Logo-Nuevo-LOS-POLITICOS-1.jpg\",\"contentUrl\":\"https:\\\/\\\/lospoliticosveracruz.com\\\/wp-content\\\/uploads\\\/2025\\\/12\\\/Logo-Nuevo-LOS-POLITICOS-1.jpg\",\"width\":260,\"height\":70,\"caption\":\"Los pol\u00edticos Veracruz\"},\"image\":{\"@id\":\"https:\\\/\\\/lospoliticosveracruz.com\\\/#\\\/schema\\\/logo\\\/image\\\/\"},\"sameAs\":[\"https:\\\/\\\/www.facebook.com\\\/people\\\/Notimemes-de-los-Polticos\\\/61565672886568\\\/\",\"https:\\\/\\\/x.com\\\/LosPoliticosVer\"]},{\"@type\":\"Person\",\"@id\":\"https:\\\/\\\/lospoliticosveracruz.com\\\/#\\\/schema\\\/person\\\/b8702bb0e538456e6efd07080bf2a4a2\",\"name\":\"Lo viste en Los Pol\u00edticos\",\"image\":{\"@type\":\"ImageObject\",\"inLanguage\":\"es\",\"@id\":\"https:\\\/\\\/secure.gravatar.com\\\/avatar\\\/3a8de04a2656d44082be478bd6c086daa447c4651605818287b9532d3d0bd435?s=96&d=mm&r=g\",\"url\":\"https:\\\/\\\/secure.gravatar.com\\\/avatar\\\/3a8de04a2656d44082be478bd6c086daa447c4651605818287b9532d3d0bd435?s=96&d=mm&r=g\",\"contentUrl\":\"https:\\\/\\\/secure.gravatar.com\\\/avatar\\\/3a8de04a2656d44082be478bd6c086daa447c4651605818287b9532d3d0bd435?s=96&d=mm&r=g\",\"caption\":\"Lo viste en Los Pol\u00edticos\"},\"url\":\"https:\\\/\\\/lospoliticosveracruz.com\\\/?author=2\"}]}<\/script>\n<!-- \/ Yoast SEO plugin. -->","yoast_head_json":{"title":"LAS LUCHAS DE LAS MUJERES - Los pol\u00edticos Veracruz","robots":{"index":"index","follow":"follow","max-snippet":"max-snippet:-1","max-image-preview":"max-image-preview:large","max-video-preview":"max-video-preview:-1"},"canonical":"https:\/\/lospoliticosveracruz.com\/?p=160621","og_locale":"es_ES","og_type":"article","og_title":"LAS LUCHAS DE LAS MUJERES - Los pol\u00edticos Veracruz","og_description":"Mara Iliana Cruz Pastrana Hablar de los derechos de las mujeres como conquistas del pasado es una forma c\u00f3moda de ignorar el presente. Si bien las leyes han cambiado y los discursos institucionales se han llenado de palabras como igualdad y paridad, la realidad demuestra que la agenda hist\u00f3rica de las mujeres sigue abierta y, [&hellip;]","og_url":"https:\/\/lospoliticosveracruz.com\/?p=160621","og_site_name":"Los pol\u00edticos Veracruz","article_publisher":"https:\/\/www.facebook.com\/people\/Notimemes-de-los-Polticos\/61565672886568\/","article_published_time":"2026-01-16T17:49:08+00:00","article_modified_time":"2026-01-16T17:49:10+00:00","og_image":[{"width":1250,"height":667,"url":"https:\/\/lospoliticosveracruz.com\/wp-content\/uploads\/2025\/04\/Mara-Cruz-Pastrana.jpg","type":"image\/jpeg"}],"author":"Lo viste en Los Pol\u00edticos","twitter_card":"summary_large_image","twitter_creator":"@LosPoliticosVer","twitter_site":"@LosPoliticosVer","twitter_misc":{"Escrito por":"Lo viste en Los Pol\u00edticos","Tiempo de lectura":"4 minutos"},"schema":{"@context":"https:\/\/schema.org","@graph":[{"@type":"Article","@id":"https:\/\/lospoliticosveracruz.com\/?p=160621#article","isPartOf":{"@id":"https:\/\/lospoliticosveracruz.com\/?p=160621"},"author":{"name":"Lo viste en Los Pol\u00edticos","@id":"https:\/\/lospoliticosveracruz.com\/#\/schema\/person\/b8702bb0e538456e6efd07080bf2a4a2"},"headline":"LAS LUCHAS DE LAS MUJERES","datePublished":"2026-01-16T17:49:08+00:00","dateModified":"2026-01-16T17:49:10+00:00","mainEntityOfPage":{"@id":"https:\/\/lospoliticosveracruz.com\/?p=160621"},"wordCount":636,"publisher":{"@id":"https:\/\/lospoliticosveracruz.com\/#organization"},"image":{"@id":"https:\/\/lospoliticosveracruz.com\/?p=160621#primaryimage"},"thumbnailUrl":"https:\/\/lospoliticosveracruz.com\/wp-content\/uploads\/2025\/04\/Mara-Cruz-Pastrana.jpg","keywords":["agenda feminista pendiente","brecha laboral y cuidados","derechos de las mujeres en M\u00e9xico","Mara Iliana Cruz Pastrana","violencia de g\u00e9nero e impunidad","violencia pol\u00edtica contra mujeres"],"articleSection":["De Opini\u00f3n"],"inLanguage":"es"},{"@type":"WebPage","@id":"https:\/\/lospoliticosveracruz.com\/?p=160621","url":"https:\/\/lospoliticosveracruz.com\/?p=160621","name":"LAS LUCHAS DE LAS MUJERES - Los pol\u00edticos Veracruz","isPartOf":{"@id":"https:\/\/lospoliticosveracruz.com\/#website"},"primaryImageOfPage":{"@id":"https:\/\/lospoliticosveracruz.com\/?p=160621#primaryimage"},"image":{"@id":"https:\/\/lospoliticosveracruz.com\/?p=160621#primaryimage"},"thumbnailUrl":"https:\/\/lospoliticosveracruz.com\/wp-content\/uploads\/2025\/04\/Mara-Cruz-Pastrana.jpg","datePublished":"2026-01-16T17:49:08+00:00","dateModified":"2026-01-16T17:49:10+00:00","breadcrumb":{"@id":"https:\/\/lospoliticosveracruz.com\/?p=160621#breadcrumb"},"inLanguage":"es","potentialAction":[{"@type":"ReadAction","target":["https:\/\/lospoliticosveracruz.com\/?p=160621"]}]},{"@type":"ImageObject","inLanguage":"es","@id":"https:\/\/lospoliticosveracruz.com\/?p=160621#primaryimage","url":"https:\/\/lospoliticosveracruz.com\/wp-content\/uploads\/2025\/04\/Mara-Cruz-Pastrana.jpg","contentUrl":"https:\/\/lospoliticosveracruz.com\/wp-content\/uploads\/2025\/04\/Mara-Cruz-Pastrana.jpg","width":1250,"height":667},{"@type":"BreadcrumbList","@id":"https:\/\/lospoliticosveracruz.com\/?p=160621#breadcrumb","itemListElement":[{"@type":"ListItem","position":1,"name":"Portada","item":"https:\/\/lospoliticosveracruz.com\/"},{"@type":"ListItem","position":2,"name":"LAS LUCHAS DE LAS MUJERES"}]},{"@type":"WebSite","@id":"https:\/\/lospoliticosveracruz.com\/#website","url":"https:\/\/lospoliticosveracruz.com\/","name":"Los pol\u00edticos Veracruz","description":"","publisher":{"@id":"https:\/\/lospoliticosveracruz.com\/#organization"},"potentialAction":[{"@type":"SearchAction","target":{"@type":"EntryPoint","urlTemplate":"https:\/\/lospoliticosveracruz.com\/?s={search_term_string}"},"query-input":{"@type":"PropertyValueSpecification","valueRequired":true,"valueName":"search_term_string"}}],"inLanguage":"es"},{"@type":"Organization","@id":"https:\/\/lospoliticosveracruz.com\/#organization","name":"Los pol\u00edticos Veracruz","url":"https:\/\/lospoliticosveracruz.com\/","logo":{"@type":"ImageObject","inLanguage":"es","@id":"https:\/\/lospoliticosveracruz.com\/#\/schema\/logo\/image\/","url":"https:\/\/lospoliticosveracruz.com\/wp-content\/uploads\/2025\/12\/Logo-Nuevo-LOS-POLITICOS-1.jpg","contentUrl":"https:\/\/lospoliticosveracruz.com\/wp-content\/uploads\/2025\/12\/Logo-Nuevo-LOS-POLITICOS-1.jpg","width":260,"height":70,"caption":"Los pol\u00edticos Veracruz"},"image":{"@id":"https:\/\/lospoliticosveracruz.com\/#\/schema\/logo\/image\/"},"sameAs":["https:\/\/www.facebook.com\/people\/Notimemes-de-los-Polticos\/61565672886568\/","https:\/\/x.com\/LosPoliticosVer"]},{"@type":"Person","@id":"https:\/\/lospoliticosveracruz.com\/#\/schema\/person\/b8702bb0e538456e6efd07080bf2a4a2","name":"Lo viste en Los Pol\u00edticos","image":{"@type":"ImageObject","inLanguage":"es","@id":"https:\/\/secure.gravatar.com\/avatar\/3a8de04a2656d44082be478bd6c086daa447c4651605818287b9532d3d0bd435?s=96&d=mm&r=g","url":"https:\/\/secure.gravatar.com\/avatar\/3a8de04a2656d44082be478bd6c086daa447c4651605818287b9532d3d0bd435?s=96&d=mm&r=g","contentUrl":"https:\/\/secure.gravatar.com\/avatar\/3a8de04a2656d44082be478bd6c086daa447c4651605818287b9532d3d0bd435?s=96&d=mm&r=g","caption":"Lo viste en Los Pol\u00edticos"},"url":"https:\/\/lospoliticosveracruz.com\/?author=2"}]}},"_links":{"self":[{"href":"https:\/\/lospoliticosveracruz.com\/index.php?rest_route=\/wp\/v2\/posts\/160621","targetHints":{"allow":["GET"]}}],"collection":[{"href":"https:\/\/lospoliticosveracruz.com\/index.php?rest_route=\/wp\/v2\/posts"}],"about":[{"href":"https:\/\/lospoliticosveracruz.com\/index.php?rest_route=\/wp\/v2\/types\/post"}],"author":[{"embeddable":true,"href":"https:\/\/lospoliticosveracruz.com\/index.php?rest_route=\/wp\/v2\/users\/2"}],"replies":[{"embeddable":true,"href":"https:\/\/lospoliticosveracruz.com\/index.php?rest_route=%2Fwp%2Fv2%2Fcomments&post=160621"}],"version-history":[{"count":1,"href":"https:\/\/lospoliticosveracruz.com\/index.php?rest_route=\/wp\/v2\/posts\/160621\/revisions"}],"predecessor-version":[{"id":160622,"href":"https:\/\/lospoliticosveracruz.com\/index.php?rest_route=\/wp\/v2\/posts\/160621\/revisions\/160622"}],"wp:featuredmedia":[{"embeddable":true,"href":"https:\/\/lospoliticosveracruz.com\/index.php?rest_route=\/wp\/v2\/media\/141401"}],"wp:attachment":[{"href":"https:\/\/lospoliticosveracruz.com\/index.php?rest_route=%2Fwp%2Fv2%2Fmedia&parent=160621"}],"wp:term":[{"taxonomy":"category","embeddable":true,"href":"https:\/\/lospoliticosveracruz.com\/index.php?rest_route=%2Fwp%2Fv2%2Fcategories&post=160621"},{"taxonomy":"post_tag","embeddable":true,"href":"https:\/\/lospoliticosveracruz.com\/index.php?rest_route=%2Fwp%2Fv2%2Ftags&post=160621"}],"curies":[{"name":"wp","href":"https:\/\/api.w.org\/{rel}","templated":true}]}}