{"id":160634,"date":"2026-01-16T12:29:56","date_gmt":"2026-01-16T18:29:56","guid":{"rendered":"https:\/\/lospoliticosveracruz.com\/?p=160634"},"modified":"2026-01-16T12:29:57","modified_gmt":"2026-01-16T18:29:57","slug":"reforma-electoral-entre-victimas-y-verdugos","status":"publish","type":"post","link":"https:\/\/lospoliticosveracruz.com\/?p=160634","title":{"rendered":"REFORMA ELECTORAL: ENTRE V\u00cdCTIMAS Y VERDUGOS"},"content":{"rendered":"\n<p><strong>Vicente Luna Hern\u00e1ndez&nbsp;<\/strong><\/p>\n\n\n\n<p>M\u00e1s all\u00e1 de tecnicismos legales, m\u00e1s all\u00e1 de enredos pol\u00edticos, m\u00e1s all\u00e1 de discusiones est\u00e9riles, lo cierto es que la Reforma Electoral en M\u00e9xico es cosa de 3: Morena, Partido Verde y el Partido del Trabajo &#8211; es cruel decirlo en un pa\u00eds tan diverso y de 130 millones de habitantes y un padr\u00f3n electoral de m\u00e1s de 99 millones de ciudadanos pero es la realidad que existe.<\/p>\n\n\n\n\n\n<p>Si las \u00e9lites de los partidos de la alianza oficial \u201cse pone de acuerdo\u201d con la suma de sus legisladores en el Congreso de la Uni\u00f3n la Reforma queda plasmada en la Constituci\u00f3n de los Estados Unidos Mexicanos y la oposici\u00f3n partidista al gobierno de la rep\u00fablica junto con todos aquellos que no est\u00e1n de acuerdo con dicha reforma tendr\u00e1n que demostrar mucho m\u00e1s talento y audacia \u2013 de la que han carecido hasta hoy \u2013 para sumar esfuerzos y representar la voz que \u2013 aunque diga lo contrario el oficialismo \u2013 en ning\u00fan momento es una voz minoritaria.<\/p>\n\n\n\n<p>El discurso del poder presidencial para fundamentar y justificar la reforma electoral que propone tiene gran impacto y aceptaci\u00f3n social : \u201corganizar elecciones en M\u00e9xico es muy caro\u201d, \u201chay que quitarles dinero a los partidos pol\u00edticos en beneficio del pueblo\u201d, frases como esas reciben un gran apoyo casi un\u00e1nime de la mayor\u00eda de la poblaci\u00f3n, sin embargo, habr\u00eda que presentar el impacto de esas reformas \u2013 con naranjas, peras y manzanas \u2013 en la representaci\u00f3n de los intereses y anhelos de las y los ciudadanos, es tarea de las dirigencias de los partidos de oposici\u00f3n \u2013 ah\u00ed es donde hablo de talento pol\u00edtico \u2013 para defender el derecho de las minor\u00edas de estar representadas en el Congreso de la Uni\u00f3n y en los Congresos locales.<\/p>\n\n\n\n<p>Las elecciones son caras por que M\u00e9xico es \u2013 territorialmente hablando \u2013 un pa\u00eds muy grande, las elecciones son caras por que se tiene un padr\u00f3n electoral de 100 millones de ciudadanos, las elecciones son caras por lo que se invierte mucho dinero para dar una mayor seguridad jur\u00eddica al voto popular, las elecciones son caras por que se requiere y se ha logrado una profesionalizaci\u00f3n en los servidores p\u00fablicos que forman parte de los organismos electorales y participan en todo proceso electoral, las elecciones son caras por los recursos econ\u00f3micos que reciben los partidos en base a los votos obtenidos, \u00bfy si cada partido se \u201cmantiene\u201d \u00fanica y exclusivamente con las cuotas, aportaciones y apoyos de sus militantes y simpatizantes? \u00bfQu\u00e9 partidos lograr\u00edan \u201csobrevivir\u201d? \u00bfAcaso no seria una verdadera transformaci\u00f3n en el sistema pol\u00edtico del pa\u00eds? \u00bfEn serio los partidos pol\u00edticos son \u2013 de acuerdo al art\u00edculo 41 Constitucional &#8211; \u201cEntidades de inter\u00e9s p\u00fablico\u201d? \u00bfEn serio \u201cLos partidos pol\u00edticos tienen como fin promover la participaci\u00f3n del pueblo en la vida democr\u00e1tica, fomentar el principio de paridad de g\u00e9nero, contribuir a la integraci\u00f3n de los \u00f3rganos de representaci\u00f3n pol\u00edtica, y como organizaciones ciudadanas, hacer posible su acceso al ejercicio del poder p\u00fablico, de acuerdo con los programas, principios e ideas que postulan y mediante el sufragio universal, libre, secreto y directo\u201d? \u00bfEn serio los partidos pol\u00edticos \u201ctrabajan\u201d m\u00e1s en territorio que en escritorio?<\/p>\n\n\n\n<p>Algunos dir\u00e1n que es una locura dicha propuesta, sin embargo, habr\u00eda que preguntarse \u00bfacaso no se han hecho \u201clocuras\u201d con el pretexto de la 4 Transformaci\u00f3n en M\u00e9xico? \u00bfAcaso no fue una \u201clocura\u201d desparecer organismos aut\u00f3nomos &#8211; a pesar de todos sus \u201cdebilidades institucionales\u201d y ahora es el&nbsp;&nbsp;propio gobierno que se\u00f1alar\u00e1, acusar\u00e1 y en remoto caso, \u201ccastigar\u00e1\u201d de manera administrativa a quienes caigan en actos de corrupci\u00f3n? solo por poner un ejemplo, \u00bfacaso no fue \u201cbandera social\u201d quitarle esa \u201catribuci\u00f3n\u201d al poder &#8211; junto con la famosa \u201cautonom\u00eda\u201d de la Fiscal\u00eda General de la Rep\u00fablica &#8211; de quienes presumen haber sido \u201cvictimas\u201d del poder y hoy quieren ser los \u201cverdugos\u201d del sistema democr\u00e1tico donde muchos de ellos e incluso del mismo poder en su momento participaron en su implementaci\u00f3n?<\/p>\n\n\n\n<p>\u00bfLa reforma electoral realmente le interesa al ciudadano com\u00fan? \u00bfRealmente los famosos Foros para la Reforma Electoral llegaron a las universidades y se tomar\u00e1n en cuenta las propuestas de las organizaciones de ciudadanos interesados en el tema? \u00bfAcaso las \u201cv\u00edctimas\u201d de ayer disfrutan de manera disimulada ser los \u201cverdugos\u201d de hoy?<\/p>\n\n\n\n<p>Mi Padre Gilberto Luna Arguello durante su paso como l\u00edder opositor a la mafia sindical del muelle en el puerto de Veracruz me dijo un d\u00eda: \u201cTen en cuenta a las minor\u00edas por que el d\u00eda que esas minor\u00edas se juntan le dan en la torre a una mayor\u00eda\u201d, hoy somos testigos que hay una mayor\u00eda en el poder que no escucha ni ve a las minor\u00edas y en la soberbia del poder, cree que en M\u00e9xico solo hay una mesa para 3 \u2013 morena, PV y PT \u2013 de cara al pr\u00f3ximo proceso electoral, se olvida ese poder que en los momentos de mayor \u201ccerraron pol\u00edtica\u201d del partido que ejerc\u00eda el poder presidencial \u2013 PRI \u2013 hubo tiempo de tomarse un caf\u00e9 con aquellos que eran oposici\u00f3n, es cierto lo que me dijo mi \u201cviejo\u201d: \u201cen el momento en que esas minor\u00edas se fueron sumando en un proyecto alternativo de naci\u00f3n\u2026M\u00e9xico cambi\u00f3 de color en palacio nacional\u201d.<\/p>\n\n\n\n<p>P.D.- Con el \u00e1nimo que exista sensibilidad pol\u00edtica ante una diversidad social que existe en M\u00e9xico\u2026Escribir\u00e9 otro d\u00eda.<\/p>\n","protected":false},"excerpt":{"rendered":"<p>Vicente Luna Hern\u00e1ndez&nbsp; M\u00e1s all\u00e1 de tecnicismos legales, m\u00e1s all\u00e1 de enredos pol\u00edticos, m\u00e1s all\u00e1 de discusiones est\u00e9riles, lo cierto es que la Reforma Electoral en M\u00e9xico es cosa de 3: Morena, Partido Verde y el Partido del Trabajo &#8211; es cruel decirlo en un pa\u00eds tan diverso y de 130 millones de habitantes y [&hellip;]<\/p>\n","protected":false},"author":2,"featured_media":141415,"comment_status":"closed","ping_status":"closed","sticky":false,"template":"","format":"standard","meta":{"tdm_status":"","tdm_grid_status":"","footnotes":""},"categories":[70],"tags":[50507,50506,50504,50503,50505,15667],"class_list":{"0":"post-160634","1":"post","2":"type-post","3":"status-publish","4":"format-standard","5":"has-post-thumbnail","7":"category-de-opinion","8":"tag-financiamiento-de-partidos-politicos","9":"tag-morena-pvem-pt-mayoria-legislativa","10":"tag-partidos-politicos-y-democracia","11":"tag-reforma-electoral-en-mexico","12":"tag-representacion-de-minorias-congreso","13":"tag-vicente-luna-hernandez"},"yoast_head":"<!-- This site is optimized with the Yoast SEO plugin v27.4 - https:\/\/yoast.com\/product\/yoast-seo-wordpress\/ -->\n<title>REFORMA ELECTORAL: ENTRE V\u00cdCTIMAS Y VERDUGOS - Los pol\u00edticos Veracruz<\/title>\n<meta name=\"robots\" content=\"index, follow, max-snippet:-1, max-image-preview:large, max-video-preview:-1\" \/>\n<link rel=\"canonical\" href=\"https:\/\/lospoliticosveracruz.com\/?p=160634\" \/>\n<meta property=\"og:locale\" content=\"es_ES\" \/>\n<meta property=\"og:type\" content=\"article\" \/>\n<meta property=\"og:title\" content=\"REFORMA ELECTORAL: ENTRE V\u00cdCTIMAS Y VERDUGOS - Los pol\u00edticos Veracruz\" \/>\n<meta property=\"og:description\" content=\"Vicente Luna Hern\u00e1ndez&nbsp; M\u00e1s all\u00e1 de tecnicismos legales, m\u00e1s all\u00e1 de enredos pol\u00edticos, m\u00e1s all\u00e1 de discusiones est\u00e9riles, lo cierto es que la Reforma Electoral en M\u00e9xico es cosa de 3: Morena, Partido Verde y el Partido del Trabajo &#8211; es cruel decirlo en un pa\u00eds tan diverso y de 130 millones de habitantes y [&hellip;]\" \/>\n<meta property=\"og:url\" content=\"https:\/\/lospoliticosveracruz.com\/?p=160634\" \/>\n<meta property=\"og:site_name\" content=\"Los pol\u00edticos Veracruz\" \/>\n<meta property=\"article:publisher\" content=\"https:\/\/www.facebook.com\/people\/Notimemes-de-los-Polticos\/61565672886568\/\" \/>\n<meta property=\"article:published_time\" content=\"2026-01-16T18:29:56+00:00\" \/>\n<meta property=\"article:modified_time\" content=\"2026-01-16T18:29:57+00:00\" \/>\n<meta property=\"og:image\" content=\"https:\/\/lospoliticosveracruz.com\/wp-content\/uploads\/2025\/04\/Vicente-Luna-Hernandez.jpg\" \/>\n\t<meta property=\"og:image:width\" content=\"1250\" \/>\n\t<meta property=\"og:image:height\" content=\"667\" \/>\n\t<meta property=\"og:image:type\" content=\"image\/jpeg\" \/>\n<meta name=\"author\" content=\"Lo viste en Los Pol\u00edticos\" \/>\n<meta name=\"twitter:card\" content=\"summary_large_image\" \/>\n<meta name=\"twitter:creator\" content=\"@LosPoliticosVer\" \/>\n<meta name=\"twitter:site\" content=\"@LosPoliticosVer\" \/>\n<meta name=\"twitter:label1\" content=\"Escrito por\" \/>\n\t<meta name=\"twitter:data1\" content=\"Lo viste en Los Pol\u00edticos\" \/>\n\t<meta name=\"twitter:label2\" content=\"Tiempo de lectura\" \/>\n\t<meta name=\"twitter:data2\" content=\"9 minutos\" \/>\n<script type=\"application\/ld+json\" class=\"yoast-schema-graph\">{\"@context\":\"https:\\\/\\\/schema.org\",\"@graph\":[{\"@type\":\"Article\",\"@id\":\"https:\\\/\\\/lospoliticosveracruz.com\\\/?p=160634#article\",\"isPartOf\":{\"@id\":\"https:\\\/\\\/lospoliticosveracruz.com\\\/?p=160634\"},\"author\":{\"name\":\"Lo viste en Los Pol\u00edticos\",\"@id\":\"https:\\\/\\\/lospoliticosveracruz.com\\\/#\\\/schema\\\/person\\\/b8702bb0e538456e6efd07080bf2a4a2\"},\"headline\":\"REFORMA ELECTORAL: ENTRE V\u00cdCTIMAS Y VERDUGOS\",\"datePublished\":\"2026-01-16T18:29:56+00:00\",\"dateModified\":\"2026-01-16T18:29:57+00:00\",\"mainEntityOfPage\":{\"@id\":\"https:\\\/\\\/lospoliticosveracruz.com\\\/?p=160634\"},\"wordCount\":966,\"publisher\":{\"@id\":\"https:\\\/\\\/lospoliticosveracruz.com\\\/#organization\"},\"image\":{\"@id\":\"https:\\\/\\\/lospoliticosveracruz.com\\\/?p=160634#primaryimage\"},\"thumbnailUrl\":\"https:\\\/\\\/lospoliticosveracruz.com\\\/wp-content\\\/uploads\\\/2025\\\/04\\\/Vicente-Luna-Hernandez.jpg\",\"keywords\":[\"financiamiento de partidos pol\u00edticos\",\"Morena PVEM PT mayor\u00eda legislativa\",\"partidos pol\u00edticos y democracia\",\"reforma electoral en M\u00e9xico\",\"representaci\u00f3n de minor\u00edas Congreso\",\"Vicente Luna Hern\u00e1ndez\"],\"articleSection\":[\"De Opini\u00f3n\"],\"inLanguage\":\"es\"},{\"@type\":\"WebPage\",\"@id\":\"https:\\\/\\\/lospoliticosveracruz.com\\\/?p=160634\",\"url\":\"https:\\\/\\\/lospoliticosveracruz.com\\\/?p=160634\",\"name\":\"REFORMA ELECTORAL: ENTRE V\u00cdCTIMAS Y VERDUGOS - Los pol\u00edticos Veracruz\",\"isPartOf\":{\"@id\":\"https:\\\/\\\/lospoliticosveracruz.com\\\/#website\"},\"primaryImageOfPage\":{\"@id\":\"https:\\\/\\\/lospoliticosveracruz.com\\\/?p=160634#primaryimage\"},\"image\":{\"@id\":\"https:\\\/\\\/lospoliticosveracruz.com\\\/?p=160634#primaryimage\"},\"thumbnailUrl\":\"https:\\\/\\\/lospoliticosveracruz.com\\\/wp-content\\\/uploads\\\/2025\\\/04\\\/Vicente-Luna-Hernandez.jpg\",\"datePublished\":\"2026-01-16T18:29:56+00:00\",\"dateModified\":\"2026-01-16T18:29:57+00:00\",\"breadcrumb\":{\"@id\":\"https:\\\/\\\/lospoliticosveracruz.com\\\/?p=160634#breadcrumb\"},\"inLanguage\":\"es\",\"potentialAction\":[{\"@type\":\"ReadAction\",\"target\":[\"https:\\\/\\\/lospoliticosveracruz.com\\\/?p=160634\"]}]},{\"@type\":\"ImageObject\",\"inLanguage\":\"es\",\"@id\":\"https:\\\/\\\/lospoliticosveracruz.com\\\/?p=160634#primaryimage\",\"url\":\"https:\\\/\\\/lospoliticosveracruz.com\\\/wp-content\\\/uploads\\\/2025\\\/04\\\/Vicente-Luna-Hernandez.jpg\",\"contentUrl\":\"https:\\\/\\\/lospoliticosveracruz.com\\\/wp-content\\\/uploads\\\/2025\\\/04\\\/Vicente-Luna-Hernandez.jpg\",\"width\":1250,\"height\":667},{\"@type\":\"BreadcrumbList\",\"@id\":\"https:\\\/\\\/lospoliticosveracruz.com\\\/?p=160634#breadcrumb\",\"itemListElement\":[{\"@type\":\"ListItem\",\"position\":1,\"name\":\"Portada\",\"item\":\"https:\\\/\\\/lospoliticosveracruz.com\\\/\"},{\"@type\":\"ListItem\",\"position\":2,\"name\":\"REFORMA ELECTORAL: ENTRE V\u00cdCTIMAS Y VERDUGOS\"}]},{\"@type\":\"WebSite\",\"@id\":\"https:\\\/\\\/lospoliticosveracruz.com\\\/#website\",\"url\":\"https:\\\/\\\/lospoliticosveracruz.com\\\/\",\"name\":\"Los pol\u00edticos Veracruz\",\"description\":\"\",\"publisher\":{\"@id\":\"https:\\\/\\\/lospoliticosveracruz.com\\\/#organization\"},\"potentialAction\":[{\"@type\":\"SearchAction\",\"target\":{\"@type\":\"EntryPoint\",\"urlTemplate\":\"https:\\\/\\\/lospoliticosveracruz.com\\\/?s={search_term_string}\"},\"query-input\":{\"@type\":\"PropertyValueSpecification\",\"valueRequired\":true,\"valueName\":\"search_term_string\"}}],\"inLanguage\":\"es\"},{\"@type\":\"Organization\",\"@id\":\"https:\\\/\\\/lospoliticosveracruz.com\\\/#organization\",\"name\":\"Los pol\u00edticos Veracruz\",\"url\":\"https:\\\/\\\/lospoliticosveracruz.com\\\/\",\"logo\":{\"@type\":\"ImageObject\",\"inLanguage\":\"es\",\"@id\":\"https:\\\/\\\/lospoliticosveracruz.com\\\/#\\\/schema\\\/logo\\\/image\\\/\",\"url\":\"https:\\\/\\\/lospoliticosveracruz.com\\\/wp-content\\\/uploads\\\/2025\\\/12\\\/Logo-Nuevo-LOS-POLITICOS-1.jpg\",\"contentUrl\":\"https:\\\/\\\/lospoliticosveracruz.com\\\/wp-content\\\/uploads\\\/2025\\\/12\\\/Logo-Nuevo-LOS-POLITICOS-1.jpg\",\"width\":260,\"height\":70,\"caption\":\"Los pol\u00edticos Veracruz\"},\"image\":{\"@id\":\"https:\\\/\\\/lospoliticosveracruz.com\\\/#\\\/schema\\\/logo\\\/image\\\/\"},\"sameAs\":[\"https:\\\/\\\/www.facebook.com\\\/people\\\/Notimemes-de-los-Polticos\\\/61565672886568\\\/\",\"https:\\\/\\\/x.com\\\/LosPoliticosVer\"]},{\"@type\":\"Person\",\"@id\":\"https:\\\/\\\/lospoliticosveracruz.com\\\/#\\\/schema\\\/person\\\/b8702bb0e538456e6efd07080bf2a4a2\",\"name\":\"Lo viste en Los Pol\u00edticos\",\"image\":{\"@type\":\"ImageObject\",\"inLanguage\":\"es\",\"@id\":\"https:\\\/\\\/secure.gravatar.com\\\/avatar\\\/3a8de04a2656d44082be478bd6c086daa447c4651605818287b9532d3d0bd435?s=96&d=mm&r=g\",\"url\":\"https:\\\/\\\/secure.gravatar.com\\\/avatar\\\/3a8de04a2656d44082be478bd6c086daa447c4651605818287b9532d3d0bd435?s=96&d=mm&r=g\",\"contentUrl\":\"https:\\\/\\\/secure.gravatar.com\\\/avatar\\\/3a8de04a2656d44082be478bd6c086daa447c4651605818287b9532d3d0bd435?s=96&d=mm&r=g\",\"caption\":\"Lo viste en Los Pol\u00edticos\"},\"url\":\"https:\\\/\\\/lospoliticosveracruz.com\\\/?author=2\"}]}<\/script>\n<!-- \/ Yoast SEO plugin. -->","yoast_head_json":{"title":"REFORMA ELECTORAL: ENTRE V\u00cdCTIMAS Y VERDUGOS - Los pol\u00edticos Veracruz","robots":{"index":"index","follow":"follow","max-snippet":"max-snippet:-1","max-image-preview":"max-image-preview:large","max-video-preview":"max-video-preview:-1"},"canonical":"https:\/\/lospoliticosveracruz.com\/?p=160634","og_locale":"es_ES","og_type":"article","og_title":"REFORMA ELECTORAL: ENTRE V\u00cdCTIMAS Y VERDUGOS - Los pol\u00edticos Veracruz","og_description":"Vicente Luna Hern\u00e1ndez&nbsp; M\u00e1s all\u00e1 de tecnicismos legales, m\u00e1s all\u00e1 de enredos pol\u00edticos, m\u00e1s all\u00e1 de discusiones est\u00e9riles, lo cierto es que la Reforma Electoral en M\u00e9xico es cosa de 3: Morena, Partido Verde y el Partido del Trabajo &#8211; es cruel decirlo en un pa\u00eds tan diverso y de 130 millones de habitantes y [&hellip;]","og_url":"https:\/\/lospoliticosveracruz.com\/?p=160634","og_site_name":"Los pol\u00edticos Veracruz","article_publisher":"https:\/\/www.facebook.com\/people\/Notimemes-de-los-Polticos\/61565672886568\/","article_published_time":"2026-01-16T18:29:56+00:00","article_modified_time":"2026-01-16T18:29:57+00:00","og_image":[{"width":1250,"height":667,"url":"https:\/\/lospoliticosveracruz.com\/wp-content\/uploads\/2025\/04\/Vicente-Luna-Hernandez.jpg","type":"image\/jpeg"}],"author":"Lo viste en Los Pol\u00edticos","twitter_card":"summary_large_image","twitter_creator":"@LosPoliticosVer","twitter_site":"@LosPoliticosVer","twitter_misc":{"Escrito por":"Lo viste en Los Pol\u00edticos","Tiempo de lectura":"9 minutos"},"schema":{"@context":"https:\/\/schema.org","@graph":[{"@type":"Article","@id":"https:\/\/lospoliticosveracruz.com\/?p=160634#article","isPartOf":{"@id":"https:\/\/lospoliticosveracruz.com\/?p=160634"},"author":{"name":"Lo viste en Los Pol\u00edticos","@id":"https:\/\/lospoliticosveracruz.com\/#\/schema\/person\/b8702bb0e538456e6efd07080bf2a4a2"},"headline":"REFORMA ELECTORAL: ENTRE V\u00cdCTIMAS Y VERDUGOS","datePublished":"2026-01-16T18:29:56+00:00","dateModified":"2026-01-16T18:29:57+00:00","mainEntityOfPage":{"@id":"https:\/\/lospoliticosveracruz.com\/?p=160634"},"wordCount":966,"publisher":{"@id":"https:\/\/lospoliticosveracruz.com\/#organization"},"image":{"@id":"https:\/\/lospoliticosveracruz.com\/?p=160634#primaryimage"},"thumbnailUrl":"https:\/\/lospoliticosveracruz.com\/wp-content\/uploads\/2025\/04\/Vicente-Luna-Hernandez.jpg","keywords":["financiamiento de partidos pol\u00edticos","Morena PVEM PT mayor\u00eda legislativa","partidos pol\u00edticos y democracia","reforma electoral en M\u00e9xico","representaci\u00f3n de minor\u00edas Congreso","Vicente Luna Hern\u00e1ndez"],"articleSection":["De Opini\u00f3n"],"inLanguage":"es"},{"@type":"WebPage","@id":"https:\/\/lospoliticosveracruz.com\/?p=160634","url":"https:\/\/lospoliticosveracruz.com\/?p=160634","name":"REFORMA ELECTORAL: ENTRE V\u00cdCTIMAS Y VERDUGOS - Los pol\u00edticos Veracruz","isPartOf":{"@id":"https:\/\/lospoliticosveracruz.com\/#website"},"primaryImageOfPage":{"@id":"https:\/\/lospoliticosveracruz.com\/?p=160634#primaryimage"},"image":{"@id":"https:\/\/lospoliticosveracruz.com\/?p=160634#primaryimage"},"thumbnailUrl":"https:\/\/lospoliticosveracruz.com\/wp-content\/uploads\/2025\/04\/Vicente-Luna-Hernandez.jpg","datePublished":"2026-01-16T18:29:56+00:00","dateModified":"2026-01-16T18:29:57+00:00","breadcrumb":{"@id":"https:\/\/lospoliticosveracruz.com\/?p=160634#breadcrumb"},"inLanguage":"es","potentialAction":[{"@type":"ReadAction","target":["https:\/\/lospoliticosveracruz.com\/?p=160634"]}]},{"@type":"ImageObject","inLanguage":"es","@id":"https:\/\/lospoliticosveracruz.com\/?p=160634#primaryimage","url":"https:\/\/lospoliticosveracruz.com\/wp-content\/uploads\/2025\/04\/Vicente-Luna-Hernandez.jpg","contentUrl":"https:\/\/lospoliticosveracruz.com\/wp-content\/uploads\/2025\/04\/Vicente-Luna-Hernandez.jpg","width":1250,"height":667},{"@type":"BreadcrumbList","@id":"https:\/\/lospoliticosveracruz.com\/?p=160634#breadcrumb","itemListElement":[{"@type":"ListItem","position":1,"name":"Portada","item":"https:\/\/lospoliticosveracruz.com\/"},{"@type":"ListItem","position":2,"name":"REFORMA ELECTORAL: ENTRE V\u00cdCTIMAS Y VERDUGOS"}]},{"@type":"WebSite","@id":"https:\/\/lospoliticosveracruz.com\/#website","url":"https:\/\/lospoliticosveracruz.com\/","name":"Los pol\u00edticos Veracruz","description":"","publisher":{"@id":"https:\/\/lospoliticosveracruz.com\/#organization"},"potentialAction":[{"@type":"SearchAction","target":{"@type":"EntryPoint","urlTemplate":"https:\/\/lospoliticosveracruz.com\/?s={search_term_string}"},"query-input":{"@type":"PropertyValueSpecification","valueRequired":true,"valueName":"search_term_string"}}],"inLanguage":"es"},{"@type":"Organization","@id":"https:\/\/lospoliticosveracruz.com\/#organization","name":"Los pol\u00edticos Veracruz","url":"https:\/\/lospoliticosveracruz.com\/","logo":{"@type":"ImageObject","inLanguage":"es","@id":"https:\/\/lospoliticosveracruz.com\/#\/schema\/logo\/image\/","url":"https:\/\/lospoliticosveracruz.com\/wp-content\/uploads\/2025\/12\/Logo-Nuevo-LOS-POLITICOS-1.jpg","contentUrl":"https:\/\/lospoliticosveracruz.com\/wp-content\/uploads\/2025\/12\/Logo-Nuevo-LOS-POLITICOS-1.jpg","width":260,"height":70,"caption":"Los pol\u00edticos Veracruz"},"image":{"@id":"https:\/\/lospoliticosveracruz.com\/#\/schema\/logo\/image\/"},"sameAs":["https:\/\/www.facebook.com\/people\/Notimemes-de-los-Polticos\/61565672886568\/","https:\/\/x.com\/LosPoliticosVer"]},{"@type":"Person","@id":"https:\/\/lospoliticosveracruz.com\/#\/schema\/person\/b8702bb0e538456e6efd07080bf2a4a2","name":"Lo viste en Los Pol\u00edticos","image":{"@type":"ImageObject","inLanguage":"es","@id":"https:\/\/secure.gravatar.com\/avatar\/3a8de04a2656d44082be478bd6c086daa447c4651605818287b9532d3d0bd435?s=96&d=mm&r=g","url":"https:\/\/secure.gravatar.com\/avatar\/3a8de04a2656d44082be478bd6c086daa447c4651605818287b9532d3d0bd435?s=96&d=mm&r=g","contentUrl":"https:\/\/secure.gravatar.com\/avatar\/3a8de04a2656d44082be478bd6c086daa447c4651605818287b9532d3d0bd435?s=96&d=mm&r=g","caption":"Lo viste en Los Pol\u00edticos"},"url":"https:\/\/lospoliticosveracruz.com\/?author=2"}]}},"_links":{"self":[{"href":"https:\/\/lospoliticosveracruz.com\/index.php?rest_route=\/wp\/v2\/posts\/160634","targetHints":{"allow":["GET"]}}],"collection":[{"href":"https:\/\/lospoliticosveracruz.com\/index.php?rest_route=\/wp\/v2\/posts"}],"about":[{"href":"https:\/\/lospoliticosveracruz.com\/index.php?rest_route=\/wp\/v2\/types\/post"}],"author":[{"embeddable":true,"href":"https:\/\/lospoliticosveracruz.com\/index.php?rest_route=\/wp\/v2\/users\/2"}],"replies":[{"embeddable":true,"href":"https:\/\/lospoliticosveracruz.com\/index.php?rest_route=%2Fwp%2Fv2%2Fcomments&post=160634"}],"version-history":[{"count":1,"href":"https:\/\/lospoliticosveracruz.com\/index.php?rest_route=\/wp\/v2\/posts\/160634\/revisions"}],"predecessor-version":[{"id":160635,"href":"https:\/\/lospoliticosveracruz.com\/index.php?rest_route=\/wp\/v2\/posts\/160634\/revisions\/160635"}],"wp:featuredmedia":[{"embeddable":true,"href":"https:\/\/lospoliticosveracruz.com\/index.php?rest_route=\/wp\/v2\/media\/141415"}],"wp:attachment":[{"href":"https:\/\/lospoliticosveracruz.com\/index.php?rest_route=%2Fwp%2Fv2%2Fmedia&parent=160634"}],"wp:term":[{"taxonomy":"category","embeddable":true,"href":"https:\/\/lospoliticosveracruz.com\/index.php?rest_route=%2Fwp%2Fv2%2Fcategories&post=160634"},{"taxonomy":"post_tag","embeddable":true,"href":"https:\/\/lospoliticosveracruz.com\/index.php?rest_route=%2Fwp%2Fv2%2Ftags&post=160634"}],"curies":[{"name":"wp","href":"https:\/\/api.w.org\/{rel}","templated":true}]}}