{"id":160644,"date":"2026-01-16T13:31:00","date_gmt":"2026-01-16T19:31:00","guid":{"rendered":"https:\/\/lospoliticosveracruz.com\/?p=160644"},"modified":"2026-01-16T13:31:04","modified_gmt":"2026-01-16T19:31:04","slug":"preparen-el-san-marcos","status":"publish","type":"post","link":"https:\/\/lospoliticosveracruz.com\/?p=160644","title":{"rendered":"PREPAREN EL \u201cSAN MARCOS\u201d!"},"content":{"rendered":"\n<p><strong>\u00c1ngeles Gonz\u00e1lez Ceballos&nbsp;<\/strong><\/p>\n\n\n\n<p>El subcoordinador de Pron\u00f3stico Meteorol\u00f3gico y Estacional de la Secretar\u00eda de Protecci\u00f3n Civil del Estado, Federico Acevedo Rosas, adelant\u00f3 que para la noche de este viernes, el Frente Fr\u00edo n\u00famero 29 este ingresando al noroeste del Golfo de M\u00e9xico, que traer\u00eda consigo fuertes rachas de viento, incluso parecidas a las del FF 28, que fueron rachas huracanadas.<\/p>\n\n\n\n<p>Asimismo, adelant\u00f3 que existe la probabilidad de que caiga otra nevada o, por lo menos cencellada.<\/p>\n\n\n\n<p>\u00abEl pron\u00f3stico que tenemos hasta el momento es de que ma\u00f1ana s\u00e1bado, entre las 6 y las 7 de la tarde este cruzando la regi\u00f3n de Tampico, el domingo, entre la 1 y 2 de la ma\u00f1ana este cruzando el puerto de Veracruz y, por la tarde, Coatzacoalcos\u00bb, inform\u00f3.<\/p>\n\n\n\n<p>En conferencia de prensa, el especialista asever\u00f3 que con base en los modelos de pron\u00f3sticos meteorol\u00f3gicos que utilizan, se registrar\u00edan intensidades elevadas de aire para el domingo.<\/p>\n\n\n\n<p>\u00abSimilares posiblemente a las que se presentaron con el Frente Fr\u00edo n\u00famero 28. Ser\u00e1, si esto se cumple, un frente fr\u00edo que deje lluvias significativas en el Estado\u00bb, destac\u00f3.<\/p>\n\n\n\n<p>Acevedo Rosas agreg\u00f3 que las precipitaciones m\u00e1s importantes se presentar\u00edan nuevamente en las cuencas del Tecolutla hasta el Actopan, la regi\u00f3n de Los Tuxtlas, as\u00ed como las cuencas del Coatzacoalcos y El Tonal\u00e1.<\/p>\n\n\n\n<p>Detall\u00f3 que para el domingo en Los Tuxtlas las precipitaciones ser\u00edan de los 70 a los 150 mil\u00edmetros; de 20 a 50 mil\u00edmetros en las cuencas del Tecolutla al Colipa.<\/p>\n\n\n\n<p>Tambi\u00e9n, advirti\u00f3 que existe la probabilidad de crecida de r\u00edos y arroyos, principalmente en el sur del Estado.&nbsp;<\/p>\n\n\n\n<p>\u00abBajar\u00eda significativamente la temperatura en gran parte del pa\u00eds el domingo 18 por la influencia de esta masa polar y se extender\u00eda sus efectos hasta la madrugada del d\u00eda lunes.<\/p>\n\n\n\n<p>As\u00ed que todos a no guardar los su\u00e9teres, las chamarras, porque todav\u00eda esperamos este evento y quiz\u00e1 otros m\u00e1s, similares a estos\u00bb, coment\u00f3.<\/p>\n\n\n\n<p>Finalmente, dadas est\u00e1s condiciones, Acevedo Rosas dijo que existen probabilidades de que se registre una nevada o cencellada.<\/p>\n\n\n\n<p>&nbsp;\u00abPero en este caso s\u00ed se ven bien definidas la posibilidad de que haya nevadas entre la noche del s\u00e1bado y a la ma\u00f1ana del domingo, en las cimas m\u00e1s altas de Veracruz y, posiblemente del centro de M\u00e9xico\u00bb, puntualiz\u00f3.<\/p>\n","protected":false},"excerpt":{"rendered":"<p>\u00c1ngeles Gonz\u00e1lez Ceballos&nbsp; El subcoordinador de Pron\u00f3stico Meteorol\u00f3gico y Estacional de la Secretar\u00eda de Protecci\u00f3n Civil del Estado, Federico Acevedo Rosas, adelant\u00f3 que para la noche de este viernes, el Frente Fr\u00edo n\u00famero 29 este ingresando al noroeste del Golfo de M\u00e9xico, que traer\u00eda consigo fuertes rachas de viento, incluso parecidas a las del FF [&hellip;]<\/p>\n","protected":false},"author":2,"featured_media":160645,"comment_status":"closed","ping_status":"closed","sticky":false,"template":"","format":"standard","meta":{"tdm_status":"","tdm_grid_status":"","footnotes":""},"categories":[6446],"tags":[50521,50522,50518,50519,50520],"class_list":{"0":"post-160644","1":"post","2":"type-post","3":"status-publish","4":"format-standard","5":"has-post-thumbnail","7":"category-la-nota","8":"tag-crecida-de-rios-sur-de-veracruz","9":"tag-frente-frio-29-veracruz","10":"tag-fuertes-vientos-y-bajas-temperaturas","11":"tag-probabilidad-de-nevadas-en-veracruz","12":"tag-secretaria-de-proteccion-civil-spc"},"yoast_head":"<!-- This site is optimized with the Yoast SEO plugin v27.4 - https:\/\/yoast.com\/product\/yoast-seo-wordpress\/ -->\n<title>PREPAREN EL \u201cSAN MARCOS\u201d! - Los pol\u00edticos Veracruz<\/title>\n<meta name=\"robots\" content=\"index, follow, max-snippet:-1, max-image-preview:large, max-video-preview:-1\" \/>\n<link rel=\"canonical\" href=\"https:\/\/lospoliticosveracruz.com\/?p=160644\" \/>\n<meta property=\"og:locale\" content=\"es_ES\" \/>\n<meta property=\"og:type\" content=\"article\" \/>\n<meta property=\"og:title\" content=\"PREPAREN EL \u201cSAN MARCOS\u201d! - Los pol\u00edticos Veracruz\" \/>\n<meta property=\"og:description\" content=\"\u00c1ngeles Gonz\u00e1lez Ceballos&nbsp; El subcoordinador de Pron\u00f3stico Meteorol\u00f3gico y Estacional de la Secretar\u00eda de Protecci\u00f3n Civil del Estado, Federico Acevedo Rosas, adelant\u00f3 que para la noche de este viernes, el Frente Fr\u00edo n\u00famero 29 este ingresando al noroeste del Golfo de M\u00e9xico, que traer\u00eda consigo fuertes rachas de viento, incluso parecidas a las del FF [&hellip;]\" \/>\n<meta property=\"og:url\" content=\"https:\/\/lospoliticosveracruz.com\/?p=160644\" \/>\n<meta property=\"og:site_name\" content=\"Los pol\u00edticos Veracruz\" \/>\n<meta property=\"article:publisher\" content=\"https:\/\/www.facebook.com\/people\/Notimemes-de-los-Polticos\/61565672886568\/\" \/>\n<meta property=\"article:published_time\" content=\"2026-01-16T19:31:00+00:00\" \/>\n<meta property=\"article:modified_time\" content=\"2026-01-16T19:31:04+00:00\" \/>\n<meta property=\"og:image\" content=\"https:\/\/lospoliticosveracruz.com\/wp-content\/uploads\/2026\/01\/PC.jpg\" \/>\n\t<meta property=\"og:image:width\" content=\"600\" \/>\n\t<meta property=\"og:image:height\" content=\"320\" \/>\n\t<meta property=\"og:image:type\" content=\"image\/jpeg\" \/>\n<meta name=\"author\" content=\"Lo viste en Los Pol\u00edticos\" \/>\n<meta name=\"twitter:card\" content=\"summary_large_image\" \/>\n<meta name=\"twitter:creator\" content=\"@LosPoliticosVer\" \/>\n<meta name=\"twitter:site\" content=\"@LosPoliticosVer\" \/>\n<meta name=\"twitter:label1\" content=\"Escrito por\" \/>\n\t<meta name=\"twitter:data1\" content=\"Lo viste en Los Pol\u00edticos\" \/>\n\t<meta name=\"twitter:label2\" content=\"Tiempo de lectura\" \/>\n\t<meta name=\"twitter:data2\" content=\"2 minutos\" \/>\n<script type=\"application\/ld+json\" class=\"yoast-schema-graph\">{\"@context\":\"https:\\\/\\\/schema.org\",\"@graph\":[{\"@type\":\"Article\",\"@id\":\"https:\\\/\\\/lospoliticosveracruz.com\\\/?p=160644#article\",\"isPartOf\":{\"@id\":\"https:\\\/\\\/lospoliticosveracruz.com\\\/?p=160644\"},\"author\":{\"name\":\"Lo viste en Los Pol\u00edticos\",\"@id\":\"https:\\\/\\\/lospoliticosveracruz.com\\\/#\\\/schema\\\/person\\\/b8702bb0e538456e6efd07080bf2a4a2\"},\"headline\":\"PREPAREN EL \u201cSAN MARCOS\u201d!\",\"datePublished\":\"2026-01-16T19:31:00+00:00\",\"dateModified\":\"2026-01-16T19:31:04+00:00\",\"mainEntityOfPage\":{\"@id\":\"https:\\\/\\\/lospoliticosveracruz.com\\\/?p=160644\"},\"wordCount\":408,\"publisher\":{\"@id\":\"https:\\\/\\\/lospoliticosveracruz.com\\\/#organization\"},\"image\":{\"@id\":\"https:\\\/\\\/lospoliticosveracruz.com\\\/?p=160644#primaryimage\"},\"thumbnailUrl\":\"https:\\\/\\\/lospoliticosveracruz.com\\\/wp-content\\\/uploads\\\/2026\\\/01\\\/PC.jpg\",\"keywords\":[\"crecida de r\u00edos sur de Veracruz\",\"Frente Fr\u00edo 29 Veracruz\",\"fuertes vientos y bajas temperaturas\",\"probabilidad de nevadas en Veracruz\",\"Secretar\u00eda de Protecci\u00f3n Civil SPC\"],\"articleSection\":[\"La Nota\"],\"inLanguage\":\"es\"},{\"@type\":\"WebPage\",\"@id\":\"https:\\\/\\\/lospoliticosveracruz.com\\\/?p=160644\",\"url\":\"https:\\\/\\\/lospoliticosveracruz.com\\\/?p=160644\",\"name\":\"PREPAREN EL \u201cSAN MARCOS\u201d! - Los pol\u00edticos Veracruz\",\"isPartOf\":{\"@id\":\"https:\\\/\\\/lospoliticosveracruz.com\\\/#website\"},\"primaryImageOfPage\":{\"@id\":\"https:\\\/\\\/lospoliticosveracruz.com\\\/?p=160644#primaryimage\"},\"image\":{\"@id\":\"https:\\\/\\\/lospoliticosveracruz.com\\\/?p=160644#primaryimage\"},\"thumbnailUrl\":\"https:\\\/\\\/lospoliticosveracruz.com\\\/wp-content\\\/uploads\\\/2026\\\/01\\\/PC.jpg\",\"datePublished\":\"2026-01-16T19:31:00+00:00\",\"dateModified\":\"2026-01-16T19:31:04+00:00\",\"breadcrumb\":{\"@id\":\"https:\\\/\\\/lospoliticosveracruz.com\\\/?p=160644#breadcrumb\"},\"inLanguage\":\"es\",\"potentialAction\":[{\"@type\":\"ReadAction\",\"target\":[\"https:\\\/\\\/lospoliticosveracruz.com\\\/?p=160644\"]}]},{\"@type\":\"ImageObject\",\"inLanguage\":\"es\",\"@id\":\"https:\\\/\\\/lospoliticosveracruz.com\\\/?p=160644#primaryimage\",\"url\":\"https:\\\/\\\/lospoliticosveracruz.com\\\/wp-content\\\/uploads\\\/2026\\\/01\\\/PC.jpg\",\"contentUrl\":\"https:\\\/\\\/lospoliticosveracruz.com\\\/wp-content\\\/uploads\\\/2026\\\/01\\\/PC.jpg\",\"width\":600,\"height\":320},{\"@type\":\"BreadcrumbList\",\"@id\":\"https:\\\/\\\/lospoliticosveracruz.com\\\/?p=160644#breadcrumb\",\"itemListElement\":[{\"@type\":\"ListItem\",\"position\":1,\"name\":\"Portada\",\"item\":\"https:\\\/\\\/lospoliticosveracruz.com\\\/\"},{\"@type\":\"ListItem\",\"position\":2,\"name\":\"PREPAREN EL \u201cSAN MARCOS\u201d!\"}]},{\"@type\":\"WebSite\",\"@id\":\"https:\\\/\\\/lospoliticosveracruz.com\\\/#website\",\"url\":\"https:\\\/\\\/lospoliticosveracruz.com\\\/\",\"name\":\"Los pol\u00edticos Veracruz\",\"description\":\"\",\"publisher\":{\"@id\":\"https:\\\/\\\/lospoliticosveracruz.com\\\/#organization\"},\"potentialAction\":[{\"@type\":\"SearchAction\",\"target\":{\"@type\":\"EntryPoint\",\"urlTemplate\":\"https:\\\/\\\/lospoliticosveracruz.com\\\/?s={search_term_string}\"},\"query-input\":{\"@type\":\"PropertyValueSpecification\",\"valueRequired\":true,\"valueName\":\"search_term_string\"}}],\"inLanguage\":\"es\"},{\"@type\":\"Organization\",\"@id\":\"https:\\\/\\\/lospoliticosveracruz.com\\\/#organization\",\"name\":\"Los pol\u00edticos Veracruz\",\"url\":\"https:\\\/\\\/lospoliticosveracruz.com\\\/\",\"logo\":{\"@type\":\"ImageObject\",\"inLanguage\":\"es\",\"@id\":\"https:\\\/\\\/lospoliticosveracruz.com\\\/#\\\/schema\\\/logo\\\/image\\\/\",\"url\":\"https:\\\/\\\/lospoliticosveracruz.com\\\/wp-content\\\/uploads\\\/2025\\\/12\\\/Logo-Nuevo-LOS-POLITICOS-1.jpg\",\"contentUrl\":\"https:\\\/\\\/lospoliticosveracruz.com\\\/wp-content\\\/uploads\\\/2025\\\/12\\\/Logo-Nuevo-LOS-POLITICOS-1.jpg\",\"width\":260,\"height\":70,\"caption\":\"Los pol\u00edticos Veracruz\"},\"image\":{\"@id\":\"https:\\\/\\\/lospoliticosveracruz.com\\\/#\\\/schema\\\/logo\\\/image\\\/\"},\"sameAs\":[\"https:\\\/\\\/www.facebook.com\\\/people\\\/Notimemes-de-los-Polticos\\\/61565672886568\\\/\",\"https:\\\/\\\/x.com\\\/LosPoliticosVer\"]},{\"@type\":\"Person\",\"@id\":\"https:\\\/\\\/lospoliticosveracruz.com\\\/#\\\/schema\\\/person\\\/b8702bb0e538456e6efd07080bf2a4a2\",\"name\":\"Lo viste en Los Pol\u00edticos\",\"image\":{\"@type\":\"ImageObject\",\"inLanguage\":\"es\",\"@id\":\"https:\\\/\\\/secure.gravatar.com\\\/avatar\\\/3a8de04a2656d44082be478bd6c086daa447c4651605818287b9532d3d0bd435?s=96&d=mm&r=g\",\"url\":\"https:\\\/\\\/secure.gravatar.com\\\/avatar\\\/3a8de04a2656d44082be478bd6c086daa447c4651605818287b9532d3d0bd435?s=96&d=mm&r=g\",\"contentUrl\":\"https:\\\/\\\/secure.gravatar.com\\\/avatar\\\/3a8de04a2656d44082be478bd6c086daa447c4651605818287b9532d3d0bd435?s=96&d=mm&r=g\",\"caption\":\"Lo viste en Los Pol\u00edticos\"},\"url\":\"https:\\\/\\\/lospoliticosveracruz.com\\\/?author=2\"}]}<\/script>\n<!-- \/ Yoast SEO plugin. -->","yoast_head_json":{"title":"PREPAREN EL \u201cSAN MARCOS\u201d! - Los pol\u00edticos Veracruz","robots":{"index":"index","follow":"follow","max-snippet":"max-snippet:-1","max-image-preview":"max-image-preview:large","max-video-preview":"max-video-preview:-1"},"canonical":"https:\/\/lospoliticosveracruz.com\/?p=160644","og_locale":"es_ES","og_type":"article","og_title":"PREPAREN EL \u201cSAN MARCOS\u201d! - Los pol\u00edticos Veracruz","og_description":"\u00c1ngeles Gonz\u00e1lez Ceballos&nbsp; El subcoordinador de Pron\u00f3stico Meteorol\u00f3gico y Estacional de la Secretar\u00eda de Protecci\u00f3n Civil del Estado, Federico Acevedo Rosas, adelant\u00f3 que para la noche de este viernes, el Frente Fr\u00edo n\u00famero 29 este ingresando al noroeste del Golfo de M\u00e9xico, que traer\u00eda consigo fuertes rachas de viento, incluso parecidas a las del FF [&hellip;]","og_url":"https:\/\/lospoliticosveracruz.com\/?p=160644","og_site_name":"Los pol\u00edticos Veracruz","article_publisher":"https:\/\/www.facebook.com\/people\/Notimemes-de-los-Polticos\/61565672886568\/","article_published_time":"2026-01-16T19:31:00+00:00","article_modified_time":"2026-01-16T19:31:04+00:00","og_image":[{"width":600,"height":320,"url":"https:\/\/lospoliticosveracruz.com\/wp-content\/uploads\/2026\/01\/PC.jpg","type":"image\/jpeg"}],"author":"Lo viste en Los Pol\u00edticos","twitter_card":"summary_large_image","twitter_creator":"@LosPoliticosVer","twitter_site":"@LosPoliticosVer","twitter_misc":{"Escrito por":"Lo viste en Los Pol\u00edticos","Tiempo de lectura":"2 minutos"},"schema":{"@context":"https:\/\/schema.org","@graph":[{"@type":"Article","@id":"https:\/\/lospoliticosveracruz.com\/?p=160644#article","isPartOf":{"@id":"https:\/\/lospoliticosveracruz.com\/?p=160644"},"author":{"name":"Lo viste en Los Pol\u00edticos","@id":"https:\/\/lospoliticosveracruz.com\/#\/schema\/person\/b8702bb0e538456e6efd07080bf2a4a2"},"headline":"PREPAREN EL \u201cSAN MARCOS\u201d!","datePublished":"2026-01-16T19:31:00+00:00","dateModified":"2026-01-16T19:31:04+00:00","mainEntityOfPage":{"@id":"https:\/\/lospoliticosveracruz.com\/?p=160644"},"wordCount":408,"publisher":{"@id":"https:\/\/lospoliticosveracruz.com\/#organization"},"image":{"@id":"https:\/\/lospoliticosveracruz.com\/?p=160644#primaryimage"},"thumbnailUrl":"https:\/\/lospoliticosveracruz.com\/wp-content\/uploads\/2026\/01\/PC.jpg","keywords":["crecida de r\u00edos sur de Veracruz","Frente Fr\u00edo 29 Veracruz","fuertes vientos y bajas temperaturas","probabilidad de nevadas en Veracruz","Secretar\u00eda de Protecci\u00f3n Civil SPC"],"articleSection":["La Nota"],"inLanguage":"es"},{"@type":"WebPage","@id":"https:\/\/lospoliticosveracruz.com\/?p=160644","url":"https:\/\/lospoliticosveracruz.com\/?p=160644","name":"PREPAREN EL \u201cSAN MARCOS\u201d! - Los pol\u00edticos Veracruz","isPartOf":{"@id":"https:\/\/lospoliticosveracruz.com\/#website"},"primaryImageOfPage":{"@id":"https:\/\/lospoliticosveracruz.com\/?p=160644#primaryimage"},"image":{"@id":"https:\/\/lospoliticosveracruz.com\/?p=160644#primaryimage"},"thumbnailUrl":"https:\/\/lospoliticosveracruz.com\/wp-content\/uploads\/2026\/01\/PC.jpg","datePublished":"2026-01-16T19:31:00+00:00","dateModified":"2026-01-16T19:31:04+00:00","breadcrumb":{"@id":"https:\/\/lospoliticosveracruz.com\/?p=160644#breadcrumb"},"inLanguage":"es","potentialAction":[{"@type":"ReadAction","target":["https:\/\/lospoliticosveracruz.com\/?p=160644"]}]},{"@type":"ImageObject","inLanguage":"es","@id":"https:\/\/lospoliticosveracruz.com\/?p=160644#primaryimage","url":"https:\/\/lospoliticosveracruz.com\/wp-content\/uploads\/2026\/01\/PC.jpg","contentUrl":"https:\/\/lospoliticosveracruz.com\/wp-content\/uploads\/2026\/01\/PC.jpg","width":600,"height":320},{"@type":"BreadcrumbList","@id":"https:\/\/lospoliticosveracruz.com\/?p=160644#breadcrumb","itemListElement":[{"@type":"ListItem","position":1,"name":"Portada","item":"https:\/\/lospoliticosveracruz.com\/"},{"@type":"ListItem","position":2,"name":"PREPAREN EL \u201cSAN MARCOS\u201d!"}]},{"@type":"WebSite","@id":"https:\/\/lospoliticosveracruz.com\/#website","url":"https:\/\/lospoliticosveracruz.com\/","name":"Los pol\u00edticos Veracruz","description":"","publisher":{"@id":"https:\/\/lospoliticosveracruz.com\/#organization"},"potentialAction":[{"@type":"SearchAction","target":{"@type":"EntryPoint","urlTemplate":"https:\/\/lospoliticosveracruz.com\/?s={search_term_string}"},"query-input":{"@type":"PropertyValueSpecification","valueRequired":true,"valueName":"search_term_string"}}],"inLanguage":"es"},{"@type":"Organization","@id":"https:\/\/lospoliticosveracruz.com\/#organization","name":"Los pol\u00edticos Veracruz","url":"https:\/\/lospoliticosveracruz.com\/","logo":{"@type":"ImageObject","inLanguage":"es","@id":"https:\/\/lospoliticosveracruz.com\/#\/schema\/logo\/image\/","url":"https:\/\/lospoliticosveracruz.com\/wp-content\/uploads\/2025\/12\/Logo-Nuevo-LOS-POLITICOS-1.jpg","contentUrl":"https:\/\/lospoliticosveracruz.com\/wp-content\/uploads\/2025\/12\/Logo-Nuevo-LOS-POLITICOS-1.jpg","width":260,"height":70,"caption":"Los pol\u00edticos Veracruz"},"image":{"@id":"https:\/\/lospoliticosveracruz.com\/#\/schema\/logo\/image\/"},"sameAs":["https:\/\/www.facebook.com\/people\/Notimemes-de-los-Polticos\/61565672886568\/","https:\/\/x.com\/LosPoliticosVer"]},{"@type":"Person","@id":"https:\/\/lospoliticosveracruz.com\/#\/schema\/person\/b8702bb0e538456e6efd07080bf2a4a2","name":"Lo viste en Los Pol\u00edticos","image":{"@type":"ImageObject","inLanguage":"es","@id":"https:\/\/secure.gravatar.com\/avatar\/3a8de04a2656d44082be478bd6c086daa447c4651605818287b9532d3d0bd435?s=96&d=mm&r=g","url":"https:\/\/secure.gravatar.com\/avatar\/3a8de04a2656d44082be478bd6c086daa447c4651605818287b9532d3d0bd435?s=96&d=mm&r=g","contentUrl":"https:\/\/secure.gravatar.com\/avatar\/3a8de04a2656d44082be478bd6c086daa447c4651605818287b9532d3d0bd435?s=96&d=mm&r=g","caption":"Lo viste en Los Pol\u00edticos"},"url":"https:\/\/lospoliticosveracruz.com\/?author=2"}]}},"_links":{"self":[{"href":"https:\/\/lospoliticosveracruz.com\/index.php?rest_route=\/wp\/v2\/posts\/160644","targetHints":{"allow":["GET"]}}],"collection":[{"href":"https:\/\/lospoliticosveracruz.com\/index.php?rest_route=\/wp\/v2\/posts"}],"about":[{"href":"https:\/\/lospoliticosveracruz.com\/index.php?rest_route=\/wp\/v2\/types\/post"}],"author":[{"embeddable":true,"href":"https:\/\/lospoliticosveracruz.com\/index.php?rest_route=\/wp\/v2\/users\/2"}],"replies":[{"embeddable":true,"href":"https:\/\/lospoliticosveracruz.com\/index.php?rest_route=%2Fwp%2Fv2%2Fcomments&post=160644"}],"version-history":[{"count":1,"href":"https:\/\/lospoliticosveracruz.com\/index.php?rest_route=\/wp\/v2\/posts\/160644\/revisions"}],"predecessor-version":[{"id":160646,"href":"https:\/\/lospoliticosveracruz.com\/index.php?rest_route=\/wp\/v2\/posts\/160644\/revisions\/160646"}],"wp:featuredmedia":[{"embeddable":true,"href":"https:\/\/lospoliticosveracruz.com\/index.php?rest_route=\/wp\/v2\/media\/160645"}],"wp:attachment":[{"href":"https:\/\/lospoliticosveracruz.com\/index.php?rest_route=%2Fwp%2Fv2%2Fmedia&parent=160644"}],"wp:term":[{"taxonomy":"category","embeddable":true,"href":"https:\/\/lospoliticosveracruz.com\/index.php?rest_route=%2Fwp%2Fv2%2Fcategories&post=160644"},{"taxonomy":"post_tag","embeddable":true,"href":"https:\/\/lospoliticosveracruz.com\/index.php?rest_route=%2Fwp%2Fv2%2Ftags&post=160644"}],"curies":[{"name":"wp","href":"https:\/\/api.w.org\/{rel}","templated":true}]}}