{"id":160652,"date":"2026-01-16T14:10:56","date_gmt":"2026-01-16T20:10:56","guid":{"rendered":"https:\/\/lospoliticosveracruz.com\/?p=160652"},"modified":"2026-01-16T14:10:57","modified_gmt":"2026-01-16T20:10:57","slug":"tienen-quien-los-defienda","status":"publish","type":"post","link":"https:\/\/lospoliticosveracruz.com\/?p=160652","title":{"rendered":"TIENEN QUIEN LOS DEFIENDA!"},"content":{"rendered":"\n<p>Ante las recientes presiones e intentos de intimidaci\u00f3n ejercidos por el partido en el poder en contra de los gobiernos municipales de Movimiento Ciudadano, el Coordinador Estatal, Luis Carbonell de la Hoz, manifest\u00f3 de manera en\u00e9rgica el respaldo total de la dirigencia hacia sus alcaldes y alcaldesas.<\/p>\n\n\n\n<p>Carbonell de la Hoz se\u00f1al\u00f3 que estas acciones no solo representan un ataque directo a la autonom\u00eda municipal, sino que son una falta de respeto a la voluntad ciudadana.&nbsp;<\/p>\n\n\n\n<p>Subray\u00f3 que, hoy por hoy, Movimiento Ciudadano se consolida como la segunda fuerza electoral en el estado, posicion\u00e1ndose como la alternativa real en la que las y los veracruzanos han depositado su confianza para transformar la realidad pol\u00edtica de la entidad.<\/p>\n\n\n\n<p>\u201cLos ciudadanos nos otorgaron su confianza para gobernarlos con honestidad y resultados. Esa confianza fue ganada en las urnas, donde nos convertimos en la fuerza pol\u00edtica con mayor crecimiento y la opci\u00f3n preferida por los veracruzanos frente a la vieja pol\u00edtica. No vamos a permitir que, mediante el uso de instituciones o presiones pol\u00edticas, el partido en el poder pretenda desestabilizar el trabajo de quienes hoy dan la cara por su gente\u201d, afirm\u00f3 el Coordinador Estatal.<\/p>\n\n\n\n<p>El dirigente subray\u00f3 que el movimiento se mantiene vigilante y unido ante cualquier atropello que busque frenar el avance de los buenos gobiernos naranjas. Asimismo, envi\u00f3 un mensaje de unidad a los ediles que han sido blanco de estas estrategias:<\/p>\n\n\n\n<p>\u201cA nuestros alcaldes les decimos con claridad: No est\u00e1n solos. Cuentan con todo el respaldo de su dirigencia estatal y de nuestro coordinador nacional Jorge \u00c1lvarez M\u00e1ynez. Como la segunda fuerza pol\u00edtica de Veracruz, tenemos la responsabilidad de defender la democracia; no vamos a dar un paso atr\u00e1s ni nos vamos a doblar ante el autoritarismo\u201d.<\/p>\n\n\n\n<p>Finalmente, Luis Carbonell de la Hoz hizo un llamado al respeto institucional y a la madurez pol\u00edtica, exigiendo que se deje trabajar a los alcaldes en beneficio de la ciudadan\u00eda, que es a quien verdaderamente se deben.<\/p>\n","protected":false},"excerpt":{"rendered":"<p>Ante las recientes presiones e intentos de intimidaci\u00f3n ejercidos por el partido en el poder en contra de los gobiernos municipales de Movimiento Ciudadano, el Coordinador Estatal, Luis Carbonell de la Hoz, manifest\u00f3 de manera en\u00e9rgica el respaldo total de la dirigencia hacia sus alcaldes y alcaldesas. Carbonell de la Hoz se\u00f1al\u00f3 que estas acciones [&hellip;]<\/p>\n","protected":false},"author":2,"featured_media":160653,"comment_status":"closed","ping_status":"closed","sticky":false,"template":"","format":"standard","meta":{"tdm_status":"","tdm_grid_status":"","footnotes":""},"categories":[73],"tags":[50535,50538,48069,38166,50537,50536],"class_list":{"0":"post-160652","1":"post","2":"type-post","3":"status-publish","4":"format-standard","5":"has-post-thumbnail","7":"category-de-boleto","8":"tag-autonomia-municipal-en-veracruz","9":"tag-defensa-de-la-democracia-veracruz","10":"tag-luis-carbonell-de-la-hoz-mc","11":"tag-movimiento-ciudadano-veracruz","12":"tag-presiones-politicas-a-gobiernos-municipales","13":"tag-respaldo-a-alcaldes-de-mc"},"yoast_head":"<!-- This site is optimized with the Yoast SEO plugin v27.4 - https:\/\/yoast.com\/product\/yoast-seo-wordpress\/ -->\n<title>TIENEN QUIEN LOS DEFIENDA! - Los pol\u00edticos Veracruz<\/title>\n<meta name=\"robots\" content=\"index, follow, max-snippet:-1, max-image-preview:large, max-video-preview:-1\" \/>\n<link rel=\"canonical\" href=\"https:\/\/lospoliticosveracruz.com\/?p=160652\" \/>\n<meta property=\"og:locale\" content=\"es_ES\" \/>\n<meta property=\"og:type\" content=\"article\" \/>\n<meta property=\"og:title\" content=\"TIENEN QUIEN LOS DEFIENDA! - Los pol\u00edticos Veracruz\" \/>\n<meta property=\"og:description\" content=\"Ante las recientes presiones e intentos de intimidaci\u00f3n ejercidos por el partido en el poder en contra de los gobiernos municipales de Movimiento Ciudadano, el Coordinador Estatal, Luis Carbonell de la Hoz, manifest\u00f3 de manera en\u00e9rgica el respaldo total de la dirigencia hacia sus alcaldes y alcaldesas. Carbonell de la Hoz se\u00f1al\u00f3 que estas acciones [&hellip;]\" \/>\n<meta property=\"og:url\" content=\"https:\/\/lospoliticosveracruz.com\/?p=160652\" \/>\n<meta property=\"og:site_name\" content=\"Los pol\u00edticos Veracruz\" \/>\n<meta property=\"article:publisher\" content=\"https:\/\/www.facebook.com\/people\/Notimemes-de-los-Polticos\/61565672886568\/\" \/>\n<meta property=\"article:published_time\" content=\"2026-01-16T20:10:56+00:00\" \/>\n<meta property=\"article:modified_time\" content=\"2026-01-16T20:10:57+00:00\" \/>\n<meta property=\"og:image\" content=\"https:\/\/lospoliticosveracruz.com\/wp-content\/uploads\/2026\/01\/Luis-Carbonell.jpg\" \/>\n\t<meta property=\"og:image:width\" content=\"600\" \/>\n\t<meta property=\"og:image:height\" content=\"320\" \/>\n\t<meta property=\"og:image:type\" content=\"image\/jpeg\" \/>\n<meta name=\"author\" content=\"Lo viste en Los Pol\u00edticos\" \/>\n<meta name=\"twitter:card\" content=\"summary_large_image\" \/>\n<meta name=\"twitter:creator\" content=\"@LosPoliticosVer\" \/>\n<meta name=\"twitter:site\" content=\"@LosPoliticosVer\" \/>\n<meta name=\"twitter:label1\" content=\"Escrito por\" \/>\n\t<meta name=\"twitter:data1\" content=\"Lo viste en Los Pol\u00edticos\" \/>\n\t<meta name=\"twitter:label2\" content=\"Tiempo de lectura\" \/>\n\t<meta name=\"twitter:data2\" content=\"2 minutos\" \/>\n<script type=\"application\/ld+json\" class=\"yoast-schema-graph\">{\"@context\":\"https:\\\/\\\/schema.org\",\"@graph\":[{\"@type\":\"Article\",\"@id\":\"https:\\\/\\\/lospoliticosveracruz.com\\\/?p=160652#article\",\"isPartOf\":{\"@id\":\"https:\\\/\\\/lospoliticosveracruz.com\\\/?p=160652\"},\"author\":{\"name\":\"Lo viste en Los Pol\u00edticos\",\"@id\":\"https:\\\/\\\/lospoliticosveracruz.com\\\/#\\\/schema\\\/person\\\/b8702bb0e538456e6efd07080bf2a4a2\"},\"headline\":\"TIENEN QUIEN LOS DEFIENDA!\",\"datePublished\":\"2026-01-16T20:10:56+00:00\",\"dateModified\":\"2026-01-16T20:10:57+00:00\",\"mainEntityOfPage\":{\"@id\":\"https:\\\/\\\/lospoliticosveracruz.com\\\/?p=160652\"},\"wordCount\":347,\"publisher\":{\"@id\":\"https:\\\/\\\/lospoliticosveracruz.com\\\/#organization\"},\"image\":{\"@id\":\"https:\\\/\\\/lospoliticosveracruz.com\\\/?p=160652#primaryimage\"},\"thumbnailUrl\":\"https:\\\/\\\/lospoliticosveracruz.com\\\/wp-content\\\/uploads\\\/2026\\\/01\\\/Luis-Carbonell.jpg\",\"keywords\":[\"autonom\u00eda municipal en Veracruz\",\"defensa de la democracia Veracruz\",\"Luis Carbonell de la Hoz MC\",\"Movimiento Ciudadano Veracruz\",\"presiones pol\u00edticas a gobiernos municipales\",\"respaldo a alcaldes de MC\"],\"articleSection\":[\"De Boleto\"],\"inLanguage\":\"es\"},{\"@type\":\"WebPage\",\"@id\":\"https:\\\/\\\/lospoliticosveracruz.com\\\/?p=160652\",\"url\":\"https:\\\/\\\/lospoliticosveracruz.com\\\/?p=160652\",\"name\":\"TIENEN QUIEN LOS DEFIENDA! - Los pol\u00edticos Veracruz\",\"isPartOf\":{\"@id\":\"https:\\\/\\\/lospoliticosveracruz.com\\\/#website\"},\"primaryImageOfPage\":{\"@id\":\"https:\\\/\\\/lospoliticosveracruz.com\\\/?p=160652#primaryimage\"},\"image\":{\"@id\":\"https:\\\/\\\/lospoliticosveracruz.com\\\/?p=160652#primaryimage\"},\"thumbnailUrl\":\"https:\\\/\\\/lospoliticosveracruz.com\\\/wp-content\\\/uploads\\\/2026\\\/01\\\/Luis-Carbonell.jpg\",\"datePublished\":\"2026-01-16T20:10:56+00:00\",\"dateModified\":\"2026-01-16T20:10:57+00:00\",\"breadcrumb\":{\"@id\":\"https:\\\/\\\/lospoliticosveracruz.com\\\/?p=160652#breadcrumb\"},\"inLanguage\":\"es\",\"potentialAction\":[{\"@type\":\"ReadAction\",\"target\":[\"https:\\\/\\\/lospoliticosveracruz.com\\\/?p=160652\"]}]},{\"@type\":\"ImageObject\",\"inLanguage\":\"es\",\"@id\":\"https:\\\/\\\/lospoliticosveracruz.com\\\/?p=160652#primaryimage\",\"url\":\"https:\\\/\\\/lospoliticosveracruz.com\\\/wp-content\\\/uploads\\\/2026\\\/01\\\/Luis-Carbonell.jpg\",\"contentUrl\":\"https:\\\/\\\/lospoliticosveracruz.com\\\/wp-content\\\/uploads\\\/2026\\\/01\\\/Luis-Carbonell.jpg\",\"width\":600,\"height\":320},{\"@type\":\"BreadcrumbList\",\"@id\":\"https:\\\/\\\/lospoliticosveracruz.com\\\/?p=160652#breadcrumb\",\"itemListElement\":[{\"@type\":\"ListItem\",\"position\":1,\"name\":\"Portada\",\"item\":\"https:\\\/\\\/lospoliticosveracruz.com\\\/\"},{\"@type\":\"ListItem\",\"position\":2,\"name\":\"TIENEN QUIEN LOS DEFIENDA!\"}]},{\"@type\":\"WebSite\",\"@id\":\"https:\\\/\\\/lospoliticosveracruz.com\\\/#website\",\"url\":\"https:\\\/\\\/lospoliticosveracruz.com\\\/\",\"name\":\"Los pol\u00edticos Veracruz\",\"description\":\"\",\"publisher\":{\"@id\":\"https:\\\/\\\/lospoliticosveracruz.com\\\/#organization\"},\"potentialAction\":[{\"@type\":\"SearchAction\",\"target\":{\"@type\":\"EntryPoint\",\"urlTemplate\":\"https:\\\/\\\/lospoliticosveracruz.com\\\/?s={search_term_string}\"},\"query-input\":{\"@type\":\"PropertyValueSpecification\",\"valueRequired\":true,\"valueName\":\"search_term_string\"}}],\"inLanguage\":\"es\"},{\"@type\":\"Organization\",\"@id\":\"https:\\\/\\\/lospoliticosveracruz.com\\\/#organization\",\"name\":\"Los pol\u00edticos Veracruz\",\"url\":\"https:\\\/\\\/lospoliticosveracruz.com\\\/\",\"logo\":{\"@type\":\"ImageObject\",\"inLanguage\":\"es\",\"@id\":\"https:\\\/\\\/lospoliticosveracruz.com\\\/#\\\/schema\\\/logo\\\/image\\\/\",\"url\":\"https:\\\/\\\/lospoliticosveracruz.com\\\/wp-content\\\/uploads\\\/2025\\\/12\\\/Logo-Nuevo-LOS-POLITICOS-1.jpg\",\"contentUrl\":\"https:\\\/\\\/lospoliticosveracruz.com\\\/wp-content\\\/uploads\\\/2025\\\/12\\\/Logo-Nuevo-LOS-POLITICOS-1.jpg\",\"width\":260,\"height\":70,\"caption\":\"Los pol\u00edticos Veracruz\"},\"image\":{\"@id\":\"https:\\\/\\\/lospoliticosveracruz.com\\\/#\\\/schema\\\/logo\\\/image\\\/\"},\"sameAs\":[\"https:\\\/\\\/www.facebook.com\\\/people\\\/Notimemes-de-los-Polticos\\\/61565672886568\\\/\",\"https:\\\/\\\/x.com\\\/LosPoliticosVer\"]},{\"@type\":\"Person\",\"@id\":\"https:\\\/\\\/lospoliticosveracruz.com\\\/#\\\/schema\\\/person\\\/b8702bb0e538456e6efd07080bf2a4a2\",\"name\":\"Lo viste en Los Pol\u00edticos\",\"image\":{\"@type\":\"ImageObject\",\"inLanguage\":\"es\",\"@id\":\"https:\\\/\\\/secure.gravatar.com\\\/avatar\\\/3a8de04a2656d44082be478bd6c086daa447c4651605818287b9532d3d0bd435?s=96&d=mm&r=g\",\"url\":\"https:\\\/\\\/secure.gravatar.com\\\/avatar\\\/3a8de04a2656d44082be478bd6c086daa447c4651605818287b9532d3d0bd435?s=96&d=mm&r=g\",\"contentUrl\":\"https:\\\/\\\/secure.gravatar.com\\\/avatar\\\/3a8de04a2656d44082be478bd6c086daa447c4651605818287b9532d3d0bd435?s=96&d=mm&r=g\",\"caption\":\"Lo viste en Los Pol\u00edticos\"},\"url\":\"https:\\\/\\\/lospoliticosveracruz.com\\\/?author=2\"}]}<\/script>\n<!-- \/ Yoast SEO plugin. -->","yoast_head_json":{"title":"TIENEN QUIEN LOS DEFIENDA! - Los pol\u00edticos Veracruz","robots":{"index":"index","follow":"follow","max-snippet":"max-snippet:-1","max-image-preview":"max-image-preview:large","max-video-preview":"max-video-preview:-1"},"canonical":"https:\/\/lospoliticosveracruz.com\/?p=160652","og_locale":"es_ES","og_type":"article","og_title":"TIENEN QUIEN LOS DEFIENDA! - Los pol\u00edticos Veracruz","og_description":"Ante las recientes presiones e intentos de intimidaci\u00f3n ejercidos por el partido en el poder en contra de los gobiernos municipales de Movimiento Ciudadano, el Coordinador Estatal, Luis Carbonell de la Hoz, manifest\u00f3 de manera en\u00e9rgica el respaldo total de la dirigencia hacia sus alcaldes y alcaldesas. Carbonell de la Hoz se\u00f1al\u00f3 que estas acciones [&hellip;]","og_url":"https:\/\/lospoliticosveracruz.com\/?p=160652","og_site_name":"Los pol\u00edticos Veracruz","article_publisher":"https:\/\/www.facebook.com\/people\/Notimemes-de-los-Polticos\/61565672886568\/","article_published_time":"2026-01-16T20:10:56+00:00","article_modified_time":"2026-01-16T20:10:57+00:00","og_image":[{"width":600,"height":320,"url":"https:\/\/lospoliticosveracruz.com\/wp-content\/uploads\/2026\/01\/Luis-Carbonell.jpg","type":"image\/jpeg"}],"author":"Lo viste en Los Pol\u00edticos","twitter_card":"summary_large_image","twitter_creator":"@LosPoliticosVer","twitter_site":"@LosPoliticosVer","twitter_misc":{"Escrito por":"Lo viste en Los Pol\u00edticos","Tiempo de lectura":"2 minutos"},"schema":{"@context":"https:\/\/schema.org","@graph":[{"@type":"Article","@id":"https:\/\/lospoliticosveracruz.com\/?p=160652#article","isPartOf":{"@id":"https:\/\/lospoliticosveracruz.com\/?p=160652"},"author":{"name":"Lo viste en Los Pol\u00edticos","@id":"https:\/\/lospoliticosveracruz.com\/#\/schema\/person\/b8702bb0e538456e6efd07080bf2a4a2"},"headline":"TIENEN QUIEN LOS DEFIENDA!","datePublished":"2026-01-16T20:10:56+00:00","dateModified":"2026-01-16T20:10:57+00:00","mainEntityOfPage":{"@id":"https:\/\/lospoliticosveracruz.com\/?p=160652"},"wordCount":347,"publisher":{"@id":"https:\/\/lospoliticosveracruz.com\/#organization"},"image":{"@id":"https:\/\/lospoliticosveracruz.com\/?p=160652#primaryimage"},"thumbnailUrl":"https:\/\/lospoliticosveracruz.com\/wp-content\/uploads\/2026\/01\/Luis-Carbonell.jpg","keywords":["autonom\u00eda municipal en Veracruz","defensa de la democracia Veracruz","Luis Carbonell de la Hoz MC","Movimiento Ciudadano Veracruz","presiones pol\u00edticas a gobiernos municipales","respaldo a alcaldes de MC"],"articleSection":["De Boleto"],"inLanguage":"es"},{"@type":"WebPage","@id":"https:\/\/lospoliticosveracruz.com\/?p=160652","url":"https:\/\/lospoliticosveracruz.com\/?p=160652","name":"TIENEN QUIEN LOS DEFIENDA! - Los pol\u00edticos Veracruz","isPartOf":{"@id":"https:\/\/lospoliticosveracruz.com\/#website"},"primaryImageOfPage":{"@id":"https:\/\/lospoliticosveracruz.com\/?p=160652#primaryimage"},"image":{"@id":"https:\/\/lospoliticosveracruz.com\/?p=160652#primaryimage"},"thumbnailUrl":"https:\/\/lospoliticosveracruz.com\/wp-content\/uploads\/2026\/01\/Luis-Carbonell.jpg","datePublished":"2026-01-16T20:10:56+00:00","dateModified":"2026-01-16T20:10:57+00:00","breadcrumb":{"@id":"https:\/\/lospoliticosveracruz.com\/?p=160652#breadcrumb"},"inLanguage":"es","potentialAction":[{"@type":"ReadAction","target":["https:\/\/lospoliticosveracruz.com\/?p=160652"]}]},{"@type":"ImageObject","inLanguage":"es","@id":"https:\/\/lospoliticosveracruz.com\/?p=160652#primaryimage","url":"https:\/\/lospoliticosveracruz.com\/wp-content\/uploads\/2026\/01\/Luis-Carbonell.jpg","contentUrl":"https:\/\/lospoliticosveracruz.com\/wp-content\/uploads\/2026\/01\/Luis-Carbonell.jpg","width":600,"height":320},{"@type":"BreadcrumbList","@id":"https:\/\/lospoliticosveracruz.com\/?p=160652#breadcrumb","itemListElement":[{"@type":"ListItem","position":1,"name":"Portada","item":"https:\/\/lospoliticosveracruz.com\/"},{"@type":"ListItem","position":2,"name":"TIENEN QUIEN LOS DEFIENDA!"}]},{"@type":"WebSite","@id":"https:\/\/lospoliticosveracruz.com\/#website","url":"https:\/\/lospoliticosveracruz.com\/","name":"Los pol\u00edticos Veracruz","description":"","publisher":{"@id":"https:\/\/lospoliticosveracruz.com\/#organization"},"potentialAction":[{"@type":"SearchAction","target":{"@type":"EntryPoint","urlTemplate":"https:\/\/lospoliticosveracruz.com\/?s={search_term_string}"},"query-input":{"@type":"PropertyValueSpecification","valueRequired":true,"valueName":"search_term_string"}}],"inLanguage":"es"},{"@type":"Organization","@id":"https:\/\/lospoliticosveracruz.com\/#organization","name":"Los pol\u00edticos Veracruz","url":"https:\/\/lospoliticosveracruz.com\/","logo":{"@type":"ImageObject","inLanguage":"es","@id":"https:\/\/lospoliticosveracruz.com\/#\/schema\/logo\/image\/","url":"https:\/\/lospoliticosveracruz.com\/wp-content\/uploads\/2025\/12\/Logo-Nuevo-LOS-POLITICOS-1.jpg","contentUrl":"https:\/\/lospoliticosveracruz.com\/wp-content\/uploads\/2025\/12\/Logo-Nuevo-LOS-POLITICOS-1.jpg","width":260,"height":70,"caption":"Los pol\u00edticos Veracruz"},"image":{"@id":"https:\/\/lospoliticosveracruz.com\/#\/schema\/logo\/image\/"},"sameAs":["https:\/\/www.facebook.com\/people\/Notimemes-de-los-Polticos\/61565672886568\/","https:\/\/x.com\/LosPoliticosVer"]},{"@type":"Person","@id":"https:\/\/lospoliticosveracruz.com\/#\/schema\/person\/b8702bb0e538456e6efd07080bf2a4a2","name":"Lo viste en Los Pol\u00edticos","image":{"@type":"ImageObject","inLanguage":"es","@id":"https:\/\/secure.gravatar.com\/avatar\/3a8de04a2656d44082be478bd6c086daa447c4651605818287b9532d3d0bd435?s=96&d=mm&r=g","url":"https:\/\/secure.gravatar.com\/avatar\/3a8de04a2656d44082be478bd6c086daa447c4651605818287b9532d3d0bd435?s=96&d=mm&r=g","contentUrl":"https:\/\/secure.gravatar.com\/avatar\/3a8de04a2656d44082be478bd6c086daa447c4651605818287b9532d3d0bd435?s=96&d=mm&r=g","caption":"Lo viste en Los Pol\u00edticos"},"url":"https:\/\/lospoliticosveracruz.com\/?author=2"}]}},"_links":{"self":[{"href":"https:\/\/lospoliticosveracruz.com\/index.php?rest_route=\/wp\/v2\/posts\/160652","targetHints":{"allow":["GET"]}}],"collection":[{"href":"https:\/\/lospoliticosveracruz.com\/index.php?rest_route=\/wp\/v2\/posts"}],"about":[{"href":"https:\/\/lospoliticosveracruz.com\/index.php?rest_route=\/wp\/v2\/types\/post"}],"author":[{"embeddable":true,"href":"https:\/\/lospoliticosveracruz.com\/index.php?rest_route=\/wp\/v2\/users\/2"}],"replies":[{"embeddable":true,"href":"https:\/\/lospoliticosveracruz.com\/index.php?rest_route=%2Fwp%2Fv2%2Fcomments&post=160652"}],"version-history":[{"count":1,"href":"https:\/\/lospoliticosveracruz.com\/index.php?rest_route=\/wp\/v2\/posts\/160652\/revisions"}],"predecessor-version":[{"id":160654,"href":"https:\/\/lospoliticosveracruz.com\/index.php?rest_route=\/wp\/v2\/posts\/160652\/revisions\/160654"}],"wp:featuredmedia":[{"embeddable":true,"href":"https:\/\/lospoliticosveracruz.com\/index.php?rest_route=\/wp\/v2\/media\/160653"}],"wp:attachment":[{"href":"https:\/\/lospoliticosveracruz.com\/index.php?rest_route=%2Fwp%2Fv2%2Fmedia&parent=160652"}],"wp:term":[{"taxonomy":"category","embeddable":true,"href":"https:\/\/lospoliticosveracruz.com\/index.php?rest_route=%2Fwp%2Fv2%2Fcategories&post=160652"},{"taxonomy":"post_tag","embeddable":true,"href":"https:\/\/lospoliticosveracruz.com\/index.php?rest_route=%2Fwp%2Fv2%2Ftags&post=160652"}],"curies":[{"name":"wp","href":"https:\/\/api.w.org\/{rel}","templated":true}]}}