{"id":160682,"date":"2026-01-17T10:03:09","date_gmt":"2026-01-17T16:03:09","guid":{"rendered":"https:\/\/lospoliticosveracruz.com\/?p=160682"},"modified":"2026-01-17T10:03:11","modified_gmt":"2026-01-17T16:03:11","slug":"van-por-despacho-alcahuete-de-cuitlahuac","status":"publish","type":"post","link":"https:\/\/lospoliticosveracruz.com\/?p=160682","title":{"rendered":"VAN POR DESPACHO ALCAHUETE DE CUITL\u00c1HUAC!"},"content":{"rendered":"\n<p><strong>\u00c1ngeles Gonz\u00e1lez Ceballos<\/strong><br>El presidente de la Junta de Coordinaci\u00f3n Pol\u00edtica del Congreso del Estado, Esteban Bautista Hern\u00e1ndez, adelant\u00f3 que junto con el \u00d3rgano de Fiscalizaci\u00f3n Superior (ORFIS) proceder\u00e1n en contra del despacho \u00abHERSAN Constructores y Consultores\u00bb, que determin\u00f3 que no existe da\u00f1o patrimonial en la obra de construcci\u00f3n del camino Pajapan\u2013Los Cerritos.<\/p>\n\n\n\n<p>Expres\u00f3 que la auditora general del ente fiscalizador, Delia Gonz\u00e1lez Cobos, recibir\u00e1 a las autoridades locales el pr\u00f3ximo jueves, a fin de revocar el veredicto que los despachos contratados dictaminaron ellos mismos y, emitir uno nuevo que refleje las condiciones reales de la obra.<\/p>\n\n\n\n<p>Record\u00f3 que como diputado federal, de 2021 a 2024, gestion\u00f3 para el municipio de Pajapan un paquete de obras, entre las que destaca la construcci\u00f3n del camino Pajapan\u2013Los Cerritos, del km 19+720 al 21+690 (SIOP-OP-PF-011\/2023-DGCCYCE).<\/p>\n\n\n\n<p>Dicha obra estuvo a cargo de la Secretar\u00eda de Infraestructura y Obras P\u00fablicas del Gobierno del Estado, en ese momento a cargo de Elio Hern\u00e1ndez Guti\u00e9rrez, (2023), secretario de Cuitl\u00e1huac Garc\u00eda Jim\u00e9nez y fue adjudicada a la empresa Consultores de Ingenier\u00eda en Xalapa, S.A. de C.V., con un monto de 21 millones de pesos.<\/p>\n\n\n\n<p>\u00abEs importante destacar que, desde su ejecuci\u00f3n, la obra present\u00f3 una serie de inconsistencias que fueron denunciadas oportunamente por los agentes municipales, a las cuales dimos seguimiento, incluso poniendo a disposici\u00f3n personal t\u00e9cnico para supervisar los trabajos.<\/p>\n\n\n\n<p>A pesar de las m\u00faltiples manifestaciones y constantes se\u00f1alamientos, la empresa hizo caso omiso y concluy\u00f3 la obra con una calidad deficiente\u00bb, se\u00f1al\u00f3.<\/p>\n\n\n\n<p>Resalt\u00f3 que no hab\u00edan pasado ni tres meses cuando el camino comenz\u00f3 a presentar graves desperfectos, apareciendo baches de grandes proporciones a lo largo de todo el tramo, como consecuencia directa de los errores previamente se\u00f1alados.<\/p>\n\n\n\n<p>Por ello, los agentes municipales interpusieron una denuncia ante la Fiscal\u00eda Anticorrupci\u00f3n, bajo la carpeta 671\/2024, de la cual solicit\u00f3 una revisi\u00f3n de su estatus en los primeros d\u00edas de este 2026 a la Fiscal\u00eda Anticorrupci\u00f3n.<\/p>\n\n\n\n<p>\u00abEncontr\u00e1ndome con la sorpresa de que el despacho contratado por el \u00d3rgano de Fiscalizaci\u00f3n Superior del Estado (ORFIS), \u00abHERSAN Constructores y Consultores\u00bb, determin\u00f3 que NO EXISTE DA\u00d1O PATRIMONIAL emitiendo \u00fanicamente algunas recomendaciones administrativas.<\/p>\n\n\n\n<p>Ante ello, solicit\u00e9 que se enviara al sitio al personal que realiz\u00f3 dicha auditor\u00eda, a fin de que expliquen a los ciudadanos de las localidades la decisi\u00f3n tomada en este evidente caso de corrupci\u00f3n\u00bb, destac\u00f3 a trav\u00e9s de sus redes sociales.<\/p>\n\n\n\n<p>Se\u00f1al\u00f3 que dicha obra fue supervisada y autorizada en su totalidad por el ingeniero Jonathan Bautista Rivera, funcionario de la SIOP, quien durante todo el proceso mostr\u00f3 una \u00abclara parcialidad\u00bb hacia la empresa constructora.<\/p>\n\n\n\n<p>Dicha inclinaci\u00f3n trascendi\u00f3 incluso a niveles superiores de la dependencia y hoy alcanza al propio \u00d3rgano de Fiscalizaci\u00f3n Superior.<\/p>\n\n\n\n<p>\u00abResulta escandaloso e inquietante preguntarse a qui\u00e9n se pretende encubrir. El trabajo realizado es deplorable y se cuenta con evidencia t\u00e9cnica y fotogr\u00e1fica suficiente, tanto del proceso constructivo como del estado actual de la obra, para respaldar lo aqu\u00ed expuesto\u00bb, manifest\u00f3.<\/p>\n\n\n\n<p>El legislador de Morena agradeci\u00f3 al pueblo de Pajapan el acompa\u00f1amiento y advirti\u00f3 que llegar\u00e1 hasta las \u00faltimas consecuencias.<\/p>\n","protected":false},"excerpt":{"rendered":"<p>\u00c1ngeles Gonz\u00e1lez CeballosEl presidente de la Junta de Coordinaci\u00f3n Pol\u00edtica del Congreso del Estado, Esteban Bautista Hern\u00e1ndez, adelant\u00f3 que junto con el \u00d3rgano de Fiscalizaci\u00f3n Superior (ORFIS) proceder\u00e1n en contra del despacho \u00abHERSAN Constructores y Consultores\u00bb, que determin\u00f3 que no existe da\u00f1o patrimonial en la obra de construcci\u00f3n del camino Pajapan\u2013Los Cerritos. Expres\u00f3 que la [&hellip;]<\/p>\n","protected":false},"author":2,"featured_media":160683,"comment_status":"closed","ping_status":"closed","sticky":false,"template":"","format":"standard","meta":{"tdm_status":"","tdm_grid_status":"","footnotes":""},"categories":[6446],"tags":[1563,15181,14501,18437,50576,50577,9418,135,7101,342],"class_list":{"0":"post-160682","1":"post","2":"type-post","3":"status-publish","4":"format-standard","5":"has-post-thumbnail","7":"category-la-nota","8":"tag-cuitlahuac-garcia-jimenez","9":"tag-delia-gonzalez-cobos","10":"tag-elio-hernandez-gutierrez","11":"tag-esteban-bautista-hernandez","12":"tag-hersan-constructores-y-consultores","13":"tag-jonathan-bautista-rivera","14":"tag-jucopo","15":"tag-orfis","16":"tag-pajapan","17":"tag-siop"},"yoast_head":"<!-- This site is optimized with the Yoast SEO plugin v27.4 - https:\/\/yoast.com\/product\/yoast-seo-wordpress\/ -->\n<title>VAN POR DESPACHO ALCAHUETE DE CUITL\u00c1HUAC! - Los pol\u00edticos Veracruz<\/title>\n<meta name=\"robots\" content=\"index, follow, max-snippet:-1, max-image-preview:large, max-video-preview:-1\" \/>\n<link rel=\"canonical\" href=\"https:\/\/lospoliticosveracruz.com\/?p=160682\" \/>\n<meta property=\"og:locale\" content=\"es_ES\" \/>\n<meta property=\"og:type\" content=\"article\" \/>\n<meta property=\"og:title\" content=\"VAN POR DESPACHO ALCAHUETE DE CUITL\u00c1HUAC! - Los pol\u00edticos Veracruz\" \/>\n<meta property=\"og:description\" content=\"\u00c1ngeles Gonz\u00e1lez CeballosEl presidente de la Junta de Coordinaci\u00f3n Pol\u00edtica del Congreso del Estado, Esteban Bautista Hern\u00e1ndez, adelant\u00f3 que junto con el \u00d3rgano de Fiscalizaci\u00f3n Superior (ORFIS) proceder\u00e1n en contra del despacho \u00abHERSAN Constructores y Consultores\u00bb, que determin\u00f3 que no existe da\u00f1o patrimonial en la obra de construcci\u00f3n del camino Pajapan\u2013Los Cerritos. Expres\u00f3 que la [&hellip;]\" \/>\n<meta property=\"og:url\" content=\"https:\/\/lospoliticosveracruz.com\/?p=160682\" \/>\n<meta property=\"og:site_name\" content=\"Los pol\u00edticos Veracruz\" \/>\n<meta property=\"article:publisher\" content=\"https:\/\/www.facebook.com\/people\/Notimemes-de-los-Polticos\/61565672886568\/\" \/>\n<meta property=\"article:published_time\" content=\"2026-01-17T16:03:09+00:00\" \/>\n<meta property=\"article:modified_time\" content=\"2026-01-17T16:03:11+00:00\" \/>\n<meta property=\"og:image\" content=\"https:\/\/lospoliticosveracruz.com\/wp-content\/uploads\/2026\/01\/1f942fd6-6576-4d7b-bfbd-bec0e15e8108-e1768665661183.jpeg\" \/>\n\t<meta property=\"og:image:width\" content=\"600\" \/>\n\t<meta property=\"og:image:height\" content=\"400\" \/>\n\t<meta property=\"og:image:type\" content=\"image\/jpeg\" \/>\n<meta name=\"author\" content=\"Lo viste en Los Pol\u00edticos\" \/>\n<meta name=\"twitter:card\" content=\"summary_large_image\" \/>\n<meta name=\"twitter:creator\" content=\"@LosPoliticosVer\" \/>\n<meta name=\"twitter:site\" content=\"@LosPoliticosVer\" \/>\n<meta name=\"twitter:label1\" content=\"Escrito por\" \/>\n\t<meta name=\"twitter:data1\" content=\"Lo viste en Los Pol\u00edticos\" \/>\n\t<meta name=\"twitter:label2\" content=\"Tiempo de lectura\" \/>\n\t<meta name=\"twitter:data2\" content=\"3 minutos\" \/>\n<script type=\"application\/ld+json\" class=\"yoast-schema-graph\">{\"@context\":\"https:\\\/\\\/schema.org\",\"@graph\":[{\"@type\":\"Article\",\"@id\":\"https:\\\/\\\/lospoliticosveracruz.com\\\/?p=160682#article\",\"isPartOf\":{\"@id\":\"https:\\\/\\\/lospoliticosveracruz.com\\\/?p=160682\"},\"author\":{\"name\":\"Lo viste en Los Pol\u00edticos\",\"@id\":\"https:\\\/\\\/lospoliticosveracruz.com\\\/#\\\/schema\\\/person\\\/b8702bb0e538456e6efd07080bf2a4a2\"},\"headline\":\"VAN POR DESPACHO ALCAHUETE DE CUITL\u00c1HUAC!\",\"datePublished\":\"2026-01-17T16:03:09+00:00\",\"dateModified\":\"2026-01-17T16:03:11+00:00\",\"mainEntityOfPage\":{\"@id\":\"https:\\\/\\\/lospoliticosveracruz.com\\\/?p=160682\"},\"wordCount\":556,\"publisher\":{\"@id\":\"https:\\\/\\\/lospoliticosveracruz.com\\\/#organization\"},\"image\":{\"@id\":\"https:\\\/\\\/lospoliticosveracruz.com\\\/?p=160682#primaryimage\"},\"thumbnailUrl\":\"https:\\\/\\\/lospoliticosveracruz.com\\\/wp-content\\\/uploads\\\/2026\\\/01\\\/1f942fd6-6576-4d7b-bfbd-bec0e15e8108-e1768665661183.jpeg\",\"keywords\":[\"Cuitl\u00e1huac Garc\u00eda Jim\u00e9nez\",\"Delia Gonz\u00e1lez Cobos\",\"Elio Hern\u00e1ndez Guti\u00e9rrez\",\"Esteban Bautista Hern\u00e1ndez\",\"HERSAN Constructores y Consultores\",\"Jonathan Bautista Rivera\",\"Jucopo\",\"Orfis\",\"Pajapan\",\"SIOP\"],\"articleSection\":[\"La Nota\"],\"inLanguage\":\"es\"},{\"@type\":\"WebPage\",\"@id\":\"https:\\\/\\\/lospoliticosveracruz.com\\\/?p=160682\",\"url\":\"https:\\\/\\\/lospoliticosveracruz.com\\\/?p=160682\",\"name\":\"VAN POR DESPACHO ALCAHUETE DE CUITL\u00c1HUAC! - Los pol\u00edticos Veracruz\",\"isPartOf\":{\"@id\":\"https:\\\/\\\/lospoliticosveracruz.com\\\/#website\"},\"primaryImageOfPage\":{\"@id\":\"https:\\\/\\\/lospoliticosveracruz.com\\\/?p=160682#primaryimage\"},\"image\":{\"@id\":\"https:\\\/\\\/lospoliticosveracruz.com\\\/?p=160682#primaryimage\"},\"thumbnailUrl\":\"https:\\\/\\\/lospoliticosveracruz.com\\\/wp-content\\\/uploads\\\/2026\\\/01\\\/1f942fd6-6576-4d7b-bfbd-bec0e15e8108-e1768665661183.jpeg\",\"datePublished\":\"2026-01-17T16:03:09+00:00\",\"dateModified\":\"2026-01-17T16:03:11+00:00\",\"breadcrumb\":{\"@id\":\"https:\\\/\\\/lospoliticosveracruz.com\\\/?p=160682#breadcrumb\"},\"inLanguage\":\"es\",\"potentialAction\":[{\"@type\":\"ReadAction\",\"target\":[\"https:\\\/\\\/lospoliticosveracruz.com\\\/?p=160682\"]}]},{\"@type\":\"ImageObject\",\"inLanguage\":\"es\",\"@id\":\"https:\\\/\\\/lospoliticosveracruz.com\\\/?p=160682#primaryimage\",\"url\":\"https:\\\/\\\/lospoliticosveracruz.com\\\/wp-content\\\/uploads\\\/2026\\\/01\\\/1f942fd6-6576-4d7b-bfbd-bec0e15e8108-e1768665661183.jpeg\",\"contentUrl\":\"https:\\\/\\\/lospoliticosveracruz.com\\\/wp-content\\\/uploads\\\/2026\\\/01\\\/1f942fd6-6576-4d7b-bfbd-bec0e15e8108-e1768665661183.jpeg\",\"width\":600,\"height\":400},{\"@type\":\"BreadcrumbList\",\"@id\":\"https:\\\/\\\/lospoliticosveracruz.com\\\/?p=160682#breadcrumb\",\"itemListElement\":[{\"@type\":\"ListItem\",\"position\":1,\"name\":\"Portada\",\"item\":\"https:\\\/\\\/lospoliticosveracruz.com\\\/\"},{\"@type\":\"ListItem\",\"position\":2,\"name\":\"VAN POR DESPACHO ALCAHUETE DE CUITL\u00c1HUAC!\"}]},{\"@type\":\"WebSite\",\"@id\":\"https:\\\/\\\/lospoliticosveracruz.com\\\/#website\",\"url\":\"https:\\\/\\\/lospoliticosveracruz.com\\\/\",\"name\":\"Los pol\u00edticos Veracruz\",\"description\":\"\",\"publisher\":{\"@id\":\"https:\\\/\\\/lospoliticosveracruz.com\\\/#organization\"},\"potentialAction\":[{\"@type\":\"SearchAction\",\"target\":{\"@type\":\"EntryPoint\",\"urlTemplate\":\"https:\\\/\\\/lospoliticosveracruz.com\\\/?s={search_term_string}\"},\"query-input\":{\"@type\":\"PropertyValueSpecification\",\"valueRequired\":true,\"valueName\":\"search_term_string\"}}],\"inLanguage\":\"es\"},{\"@type\":\"Organization\",\"@id\":\"https:\\\/\\\/lospoliticosveracruz.com\\\/#organization\",\"name\":\"Los pol\u00edticos Veracruz\",\"url\":\"https:\\\/\\\/lospoliticosveracruz.com\\\/\",\"logo\":{\"@type\":\"ImageObject\",\"inLanguage\":\"es\",\"@id\":\"https:\\\/\\\/lospoliticosveracruz.com\\\/#\\\/schema\\\/logo\\\/image\\\/\",\"url\":\"https:\\\/\\\/lospoliticosveracruz.com\\\/wp-content\\\/uploads\\\/2025\\\/12\\\/Logo-Nuevo-LOS-POLITICOS-1.jpg\",\"contentUrl\":\"https:\\\/\\\/lospoliticosveracruz.com\\\/wp-content\\\/uploads\\\/2025\\\/12\\\/Logo-Nuevo-LOS-POLITICOS-1.jpg\",\"width\":260,\"height\":70,\"caption\":\"Los pol\u00edticos Veracruz\"},\"image\":{\"@id\":\"https:\\\/\\\/lospoliticosveracruz.com\\\/#\\\/schema\\\/logo\\\/image\\\/\"},\"sameAs\":[\"https:\\\/\\\/www.facebook.com\\\/people\\\/Notimemes-de-los-Polticos\\\/61565672886568\\\/\",\"https:\\\/\\\/x.com\\\/LosPoliticosVer\"]},{\"@type\":\"Person\",\"@id\":\"https:\\\/\\\/lospoliticosveracruz.com\\\/#\\\/schema\\\/person\\\/b8702bb0e538456e6efd07080bf2a4a2\",\"name\":\"Lo viste en Los Pol\u00edticos\",\"image\":{\"@type\":\"ImageObject\",\"inLanguage\":\"es\",\"@id\":\"https:\\\/\\\/secure.gravatar.com\\\/avatar\\\/3a8de04a2656d44082be478bd6c086daa447c4651605818287b9532d3d0bd435?s=96&d=mm&r=g\",\"url\":\"https:\\\/\\\/secure.gravatar.com\\\/avatar\\\/3a8de04a2656d44082be478bd6c086daa447c4651605818287b9532d3d0bd435?s=96&d=mm&r=g\",\"contentUrl\":\"https:\\\/\\\/secure.gravatar.com\\\/avatar\\\/3a8de04a2656d44082be478bd6c086daa447c4651605818287b9532d3d0bd435?s=96&d=mm&r=g\",\"caption\":\"Lo viste en Los Pol\u00edticos\"},\"url\":\"https:\\\/\\\/lospoliticosveracruz.com\\\/?author=2\"}]}<\/script>\n<!-- \/ Yoast SEO plugin. -->","yoast_head_json":{"title":"VAN POR DESPACHO ALCAHUETE DE CUITL\u00c1HUAC! - Los pol\u00edticos Veracruz","robots":{"index":"index","follow":"follow","max-snippet":"max-snippet:-1","max-image-preview":"max-image-preview:large","max-video-preview":"max-video-preview:-1"},"canonical":"https:\/\/lospoliticosveracruz.com\/?p=160682","og_locale":"es_ES","og_type":"article","og_title":"VAN POR DESPACHO ALCAHUETE DE CUITL\u00c1HUAC! - Los pol\u00edticos Veracruz","og_description":"\u00c1ngeles Gonz\u00e1lez CeballosEl presidente de la Junta de Coordinaci\u00f3n Pol\u00edtica del Congreso del Estado, Esteban Bautista Hern\u00e1ndez, adelant\u00f3 que junto con el \u00d3rgano de Fiscalizaci\u00f3n Superior (ORFIS) proceder\u00e1n en contra del despacho \u00abHERSAN Constructores y Consultores\u00bb, que determin\u00f3 que no existe da\u00f1o patrimonial en la obra de construcci\u00f3n del camino Pajapan\u2013Los Cerritos. Expres\u00f3 que la [&hellip;]","og_url":"https:\/\/lospoliticosveracruz.com\/?p=160682","og_site_name":"Los pol\u00edticos Veracruz","article_publisher":"https:\/\/www.facebook.com\/people\/Notimemes-de-los-Polticos\/61565672886568\/","article_published_time":"2026-01-17T16:03:09+00:00","article_modified_time":"2026-01-17T16:03:11+00:00","og_image":[{"width":600,"height":400,"url":"https:\/\/lospoliticosveracruz.com\/wp-content\/uploads\/2026\/01\/1f942fd6-6576-4d7b-bfbd-bec0e15e8108-e1768665661183.jpeg","type":"image\/jpeg"}],"author":"Lo viste en Los Pol\u00edticos","twitter_card":"summary_large_image","twitter_creator":"@LosPoliticosVer","twitter_site":"@LosPoliticosVer","twitter_misc":{"Escrito por":"Lo viste en Los Pol\u00edticos","Tiempo de lectura":"3 minutos"},"schema":{"@context":"https:\/\/schema.org","@graph":[{"@type":"Article","@id":"https:\/\/lospoliticosveracruz.com\/?p=160682#article","isPartOf":{"@id":"https:\/\/lospoliticosveracruz.com\/?p=160682"},"author":{"name":"Lo viste en Los Pol\u00edticos","@id":"https:\/\/lospoliticosveracruz.com\/#\/schema\/person\/b8702bb0e538456e6efd07080bf2a4a2"},"headline":"VAN POR DESPACHO ALCAHUETE DE CUITL\u00c1HUAC!","datePublished":"2026-01-17T16:03:09+00:00","dateModified":"2026-01-17T16:03:11+00:00","mainEntityOfPage":{"@id":"https:\/\/lospoliticosveracruz.com\/?p=160682"},"wordCount":556,"publisher":{"@id":"https:\/\/lospoliticosveracruz.com\/#organization"},"image":{"@id":"https:\/\/lospoliticosveracruz.com\/?p=160682#primaryimage"},"thumbnailUrl":"https:\/\/lospoliticosveracruz.com\/wp-content\/uploads\/2026\/01\/1f942fd6-6576-4d7b-bfbd-bec0e15e8108-e1768665661183.jpeg","keywords":["Cuitl\u00e1huac Garc\u00eda Jim\u00e9nez","Delia Gonz\u00e1lez Cobos","Elio Hern\u00e1ndez Guti\u00e9rrez","Esteban Bautista Hern\u00e1ndez","HERSAN Constructores y Consultores","Jonathan Bautista Rivera","Jucopo","Orfis","Pajapan","SIOP"],"articleSection":["La Nota"],"inLanguage":"es"},{"@type":"WebPage","@id":"https:\/\/lospoliticosveracruz.com\/?p=160682","url":"https:\/\/lospoliticosveracruz.com\/?p=160682","name":"VAN POR DESPACHO ALCAHUETE DE CUITL\u00c1HUAC! - Los pol\u00edticos Veracruz","isPartOf":{"@id":"https:\/\/lospoliticosveracruz.com\/#website"},"primaryImageOfPage":{"@id":"https:\/\/lospoliticosveracruz.com\/?p=160682#primaryimage"},"image":{"@id":"https:\/\/lospoliticosveracruz.com\/?p=160682#primaryimage"},"thumbnailUrl":"https:\/\/lospoliticosveracruz.com\/wp-content\/uploads\/2026\/01\/1f942fd6-6576-4d7b-bfbd-bec0e15e8108-e1768665661183.jpeg","datePublished":"2026-01-17T16:03:09+00:00","dateModified":"2026-01-17T16:03:11+00:00","breadcrumb":{"@id":"https:\/\/lospoliticosveracruz.com\/?p=160682#breadcrumb"},"inLanguage":"es","potentialAction":[{"@type":"ReadAction","target":["https:\/\/lospoliticosveracruz.com\/?p=160682"]}]},{"@type":"ImageObject","inLanguage":"es","@id":"https:\/\/lospoliticosveracruz.com\/?p=160682#primaryimage","url":"https:\/\/lospoliticosveracruz.com\/wp-content\/uploads\/2026\/01\/1f942fd6-6576-4d7b-bfbd-bec0e15e8108-e1768665661183.jpeg","contentUrl":"https:\/\/lospoliticosveracruz.com\/wp-content\/uploads\/2026\/01\/1f942fd6-6576-4d7b-bfbd-bec0e15e8108-e1768665661183.jpeg","width":600,"height":400},{"@type":"BreadcrumbList","@id":"https:\/\/lospoliticosveracruz.com\/?p=160682#breadcrumb","itemListElement":[{"@type":"ListItem","position":1,"name":"Portada","item":"https:\/\/lospoliticosveracruz.com\/"},{"@type":"ListItem","position":2,"name":"VAN POR DESPACHO ALCAHUETE DE CUITL\u00c1HUAC!"}]},{"@type":"WebSite","@id":"https:\/\/lospoliticosveracruz.com\/#website","url":"https:\/\/lospoliticosveracruz.com\/","name":"Los pol\u00edticos Veracruz","description":"","publisher":{"@id":"https:\/\/lospoliticosveracruz.com\/#organization"},"potentialAction":[{"@type":"SearchAction","target":{"@type":"EntryPoint","urlTemplate":"https:\/\/lospoliticosveracruz.com\/?s={search_term_string}"},"query-input":{"@type":"PropertyValueSpecification","valueRequired":true,"valueName":"search_term_string"}}],"inLanguage":"es"},{"@type":"Organization","@id":"https:\/\/lospoliticosveracruz.com\/#organization","name":"Los pol\u00edticos Veracruz","url":"https:\/\/lospoliticosveracruz.com\/","logo":{"@type":"ImageObject","inLanguage":"es","@id":"https:\/\/lospoliticosveracruz.com\/#\/schema\/logo\/image\/","url":"https:\/\/lospoliticosveracruz.com\/wp-content\/uploads\/2025\/12\/Logo-Nuevo-LOS-POLITICOS-1.jpg","contentUrl":"https:\/\/lospoliticosveracruz.com\/wp-content\/uploads\/2025\/12\/Logo-Nuevo-LOS-POLITICOS-1.jpg","width":260,"height":70,"caption":"Los pol\u00edticos Veracruz"},"image":{"@id":"https:\/\/lospoliticosveracruz.com\/#\/schema\/logo\/image\/"},"sameAs":["https:\/\/www.facebook.com\/people\/Notimemes-de-los-Polticos\/61565672886568\/","https:\/\/x.com\/LosPoliticosVer"]},{"@type":"Person","@id":"https:\/\/lospoliticosveracruz.com\/#\/schema\/person\/b8702bb0e538456e6efd07080bf2a4a2","name":"Lo viste en Los Pol\u00edticos","image":{"@type":"ImageObject","inLanguage":"es","@id":"https:\/\/secure.gravatar.com\/avatar\/3a8de04a2656d44082be478bd6c086daa447c4651605818287b9532d3d0bd435?s=96&d=mm&r=g","url":"https:\/\/secure.gravatar.com\/avatar\/3a8de04a2656d44082be478bd6c086daa447c4651605818287b9532d3d0bd435?s=96&d=mm&r=g","contentUrl":"https:\/\/secure.gravatar.com\/avatar\/3a8de04a2656d44082be478bd6c086daa447c4651605818287b9532d3d0bd435?s=96&d=mm&r=g","caption":"Lo viste en Los Pol\u00edticos"},"url":"https:\/\/lospoliticosveracruz.com\/?author=2"}]}},"_links":{"self":[{"href":"https:\/\/lospoliticosveracruz.com\/index.php?rest_route=\/wp\/v2\/posts\/160682","targetHints":{"allow":["GET"]}}],"collection":[{"href":"https:\/\/lospoliticosveracruz.com\/index.php?rest_route=\/wp\/v2\/posts"}],"about":[{"href":"https:\/\/lospoliticosveracruz.com\/index.php?rest_route=\/wp\/v2\/types\/post"}],"author":[{"embeddable":true,"href":"https:\/\/lospoliticosveracruz.com\/index.php?rest_route=\/wp\/v2\/users\/2"}],"replies":[{"embeddable":true,"href":"https:\/\/lospoliticosveracruz.com\/index.php?rest_route=%2Fwp%2Fv2%2Fcomments&post=160682"}],"version-history":[{"count":1,"href":"https:\/\/lospoliticosveracruz.com\/index.php?rest_route=\/wp\/v2\/posts\/160682\/revisions"}],"predecessor-version":[{"id":160684,"href":"https:\/\/lospoliticosveracruz.com\/index.php?rest_route=\/wp\/v2\/posts\/160682\/revisions\/160684"}],"wp:featuredmedia":[{"embeddable":true,"href":"https:\/\/lospoliticosveracruz.com\/index.php?rest_route=\/wp\/v2\/media\/160683"}],"wp:attachment":[{"href":"https:\/\/lospoliticosveracruz.com\/index.php?rest_route=%2Fwp%2Fv2%2Fmedia&parent=160682"}],"wp:term":[{"taxonomy":"category","embeddable":true,"href":"https:\/\/lospoliticosveracruz.com\/index.php?rest_route=%2Fwp%2Fv2%2Fcategories&post=160682"},{"taxonomy":"post_tag","embeddable":true,"href":"https:\/\/lospoliticosveracruz.com\/index.php?rest_route=%2Fwp%2Fv2%2Ftags&post=160682"}],"curies":[{"name":"wp","href":"https:\/\/api.w.org\/{rel}","templated":true}]}}