{"id":160700,"date":"2026-01-17T15:18:34","date_gmt":"2026-01-17T21:18:34","guid":{"rendered":"https:\/\/lospoliticosveracruz.com\/?p=160700"},"modified":"2026-01-17T15:18:35","modified_gmt":"2026-01-17T21:18:35","slug":"boca-lista-para-el-ff29","status":"publish","type":"post","link":"https:\/\/lospoliticosveracruz.com\/?p=160700","title":{"rendered":"BOCA, LISTA PARA EL FF29"},"content":{"rendered":"\n<p>Ante la llegada del Frente Fr\u00edo n\u00famero 29, la Alcaldesa de Boca del R\u00edo, Maryjose Gamboa Torales, dispuso que la Fuerza de Tarea municipal se mantenga en alerta permanente ante cualquier contingencia que pudiera registrarse en la ciudad.<\/p>\n\n\n\n<p>La autoridad estatal emiti\u00f3 un Aviso Especial por Frente Fr\u00edo y Masa Polar, por lo que se dispuso de la creaci\u00f3n de esta Fuerza de Tarea, en la que participan de manera coordinada las direcciones de Protecci\u00f3n Civil, Polic\u00eda Municipal, Tr\u00e1nsito Municipal, Gobernaci\u00f3n, Alumbrado P\u00fablico, Limpia P\u00fablica, Mantenimiento Urbano y Comercio, adem\u00e1s de Bomberos Conurbados, en coordinaci\u00f3n con cuerpos de seguridad estatal y federal.<\/p>\n\n\n\n<p>De acuerdo con el pron\u00f3stico del tiempo emitido por las autoridades estatales y federales, se prev\u00e9n rachas de viento del norte con velocidades de entre 75 y 95 kil\u00f3metros por hora durante este domingo, as\u00ed como oleaje elevado de 3 a 5 metros de altura cerca de la costa.<\/p>\n\n\n\n<p>La Presidenta Municipal orden\u00f3 a todas las \u00e1reas operativas permanecer atentas desde este s\u00e1bado, cuando comiencen a registrarse los primeros efectos del sistema frontal.<\/p>\n\n\n\n<p>Cabe destacar que en la zona de playas se instalar\u00e1 la bandera roja en las torres de guardavidas, adem\u00e1s de reforzar la vigilancia preventiva, con el objetivo de evitar que personas ingresen al mar.<\/p>\n\n\n\n<p>Por otra parte, en caso de ser necesario, se proceder\u00e1 al cierre del bulevar Manuel \u00c1vila Camacho, dependiendo de la fuerza del oleaje, por lo que se recomienda a la ciudadan\u00eda mantenerse informada a trav\u00e9s de los avisos oficiales en las redes sociales del Ayuntamiento de Boca del R\u00edo.<\/p>\n\n\n\n<p>Finalmente, se recuerda a la poblaci\u00f3n que, para cualquier emergencia, se encuentran disponibles los n\u00fameros de atenci\u00f3n 911 y los tel\u00e9fonos de Protecci\u00f3n Civil de Boca del R\u00edo al (229) 986 23 23.<\/p>\n\n\n\n<p>RECOMENDACIONES:<\/p>\n\n\n\n<p>**Se recomienda la suspensi\u00f3n de trabajos al aire libre, en alturas, sobre escaleras, andamios u otros.<\/p>\n\n\n\n<p>**Tapa y asegura materiales como arena, grava, escombros acumulados, madera, etc, pues con la fuerza del viento pueden convertirse en proyectiles.<\/p>\n\n\n\n<p>**Al\u00e9jate de espectaculares, letreros y \u00e1rboles que pueden caerse con el viento.<\/p>\n\n\n\n<p>**Se recomienda recoger la basura que sea generada en la obra para evitar que sea esparcida por el aire y ocasione da\u00f1os.<\/p>\n\n\n\n<p>**Asegurar puertas, toldos, ventanas, paneles solares, decoraciones, botes de basura, ventanales, tinacos vac\u00edos y otros recipientes vac\u00edos que no est\u00e9n sujetos.<\/p>\n\n\n\n<p>**No enciendas fogatas, el viento puede iniciar o extender incendios.<\/p>\n\n\n\n<p>**Evita salir de casa y si es necesario o urgente salir de ella, pon atenci\u00f3n a tu alrededor para evitar posibles riesgos.<\/p>\n\n\n\n<p>**Recuerda resguardar a tus mascotas en un lugar seguro.<\/p>\n","protected":false},"excerpt":{"rendered":"<p>Ante la llegada del Frente Fr\u00edo n\u00famero 29, la Alcaldesa de Boca del R\u00edo, Maryjose Gamboa Torales, dispuso que la Fuerza de Tarea municipal se mantenga en alerta permanente ante cualquier contingencia que pudiera registrarse en la ciudad. La autoridad estatal emiti\u00f3 un Aviso Especial por Frente Fr\u00edo y Masa Polar, por lo que se [&hellip;]<\/p>\n","protected":false},"author":2,"featured_media":160701,"comment_status":"closed","ping_status":"closed","sticky":false,"template":"","format":"standard","meta":{"tdm_status":"","tdm_grid_status":"","footnotes":""},"categories":[73],"tags":[601,50584,1937],"class_list":{"0":"post-160700","1":"post","2":"type-post","3":"status-publish","4":"format-standard","5":"has-post-thumbnail","7":"category-de-boleto","8":"tag-boca-del-rio","9":"tag-frente-frio-29","10":"tag-maryjose-gamboa"},"yoast_head":"<!-- This site is optimized with the Yoast SEO plugin v27.4 - https:\/\/yoast.com\/product\/yoast-seo-wordpress\/ -->\n<title>BOCA, LISTA PARA EL FF29 - Los pol\u00edticos Veracruz<\/title>\n<meta name=\"robots\" content=\"index, follow, max-snippet:-1, max-image-preview:large, max-video-preview:-1\" \/>\n<link rel=\"canonical\" href=\"https:\/\/lospoliticosveracruz.com\/?p=160700\" \/>\n<meta property=\"og:locale\" content=\"es_ES\" \/>\n<meta property=\"og:type\" content=\"article\" \/>\n<meta property=\"og:title\" content=\"BOCA, LISTA PARA EL FF29 - Los pol\u00edticos Veracruz\" \/>\n<meta property=\"og:description\" content=\"Ante la llegada del Frente Fr\u00edo n\u00famero 29, la Alcaldesa de Boca del R\u00edo, Maryjose Gamboa Torales, dispuso que la Fuerza de Tarea municipal se mantenga en alerta permanente ante cualquier contingencia que pudiera registrarse en la ciudad. La autoridad estatal emiti\u00f3 un Aviso Especial por Frente Fr\u00edo y Masa Polar, por lo que se [&hellip;]\" \/>\n<meta property=\"og:url\" content=\"https:\/\/lospoliticosveracruz.com\/?p=160700\" \/>\n<meta property=\"og:site_name\" content=\"Los pol\u00edticos Veracruz\" \/>\n<meta property=\"article:publisher\" content=\"https:\/\/www.facebook.com\/people\/Notimemes-de-los-Polticos\/61565672886568\/\" \/>\n<meta property=\"article:published_time\" content=\"2026-01-17T21:18:34+00:00\" \/>\n<meta property=\"article:modified_time\" content=\"2026-01-17T21:18:35+00:00\" \/>\n<meta property=\"og:image\" content=\"https:\/\/lospoliticosveracruz.com\/wp-content\/uploads\/2026\/01\/Maryjose-FF.jpg\" \/>\n\t<meta property=\"og:image:width\" content=\"600\" \/>\n\t<meta property=\"og:image:height\" content=\"320\" \/>\n\t<meta property=\"og:image:type\" content=\"image\/jpeg\" \/>\n<meta name=\"author\" content=\"Lo viste en Los Pol\u00edticos\" \/>\n<meta name=\"twitter:card\" content=\"summary_large_image\" \/>\n<meta name=\"twitter:creator\" content=\"@LosPoliticosVer\" \/>\n<meta name=\"twitter:site\" content=\"@LosPoliticosVer\" \/>\n<meta name=\"twitter:label1\" content=\"Escrito por\" \/>\n\t<meta name=\"twitter:data1\" content=\"Lo viste en Los Pol\u00edticos\" \/>\n\t<meta name=\"twitter:label2\" content=\"Tiempo de lectura\" \/>\n\t<meta name=\"twitter:data2\" content=\"3 minutos\" \/>\n<script type=\"application\/ld+json\" class=\"yoast-schema-graph\">{\"@context\":\"https:\\\/\\\/schema.org\",\"@graph\":[{\"@type\":\"Article\",\"@id\":\"https:\\\/\\\/lospoliticosveracruz.com\\\/?p=160700#article\",\"isPartOf\":{\"@id\":\"https:\\\/\\\/lospoliticosveracruz.com\\\/?p=160700\"},\"author\":{\"name\":\"Lo viste en Los Pol\u00edticos\",\"@id\":\"https:\\\/\\\/lospoliticosveracruz.com\\\/#\\\/schema\\\/person\\\/b8702bb0e538456e6efd07080bf2a4a2\"},\"headline\":\"BOCA, LISTA PARA EL FF29\",\"datePublished\":\"2026-01-17T21:18:34+00:00\",\"dateModified\":\"2026-01-17T21:18:35+00:00\",\"mainEntityOfPage\":{\"@id\":\"https:\\\/\\\/lospoliticosveracruz.com\\\/?p=160700\"},\"wordCount\":454,\"publisher\":{\"@id\":\"https:\\\/\\\/lospoliticosveracruz.com\\\/#organization\"},\"image\":{\"@id\":\"https:\\\/\\\/lospoliticosveracruz.com\\\/?p=160700#primaryimage\"},\"thumbnailUrl\":\"https:\\\/\\\/lospoliticosveracruz.com\\\/wp-content\\\/uploads\\\/2026\\\/01\\\/Maryjose-FF.jpg\",\"keywords\":[\"Boca del R\u00edo\",\"Frente Fr\u00edo 29\",\"Maryjose Gamboa\"],\"articleSection\":[\"De Boleto\"],\"inLanguage\":\"es\"},{\"@type\":\"WebPage\",\"@id\":\"https:\\\/\\\/lospoliticosveracruz.com\\\/?p=160700\",\"url\":\"https:\\\/\\\/lospoliticosveracruz.com\\\/?p=160700\",\"name\":\"BOCA, LISTA PARA EL FF29 - Los pol\u00edticos Veracruz\",\"isPartOf\":{\"@id\":\"https:\\\/\\\/lospoliticosveracruz.com\\\/#website\"},\"primaryImageOfPage\":{\"@id\":\"https:\\\/\\\/lospoliticosveracruz.com\\\/?p=160700#primaryimage\"},\"image\":{\"@id\":\"https:\\\/\\\/lospoliticosveracruz.com\\\/?p=160700#primaryimage\"},\"thumbnailUrl\":\"https:\\\/\\\/lospoliticosveracruz.com\\\/wp-content\\\/uploads\\\/2026\\\/01\\\/Maryjose-FF.jpg\",\"datePublished\":\"2026-01-17T21:18:34+00:00\",\"dateModified\":\"2026-01-17T21:18:35+00:00\",\"breadcrumb\":{\"@id\":\"https:\\\/\\\/lospoliticosveracruz.com\\\/?p=160700#breadcrumb\"},\"inLanguage\":\"es\",\"potentialAction\":[{\"@type\":\"ReadAction\",\"target\":[\"https:\\\/\\\/lospoliticosveracruz.com\\\/?p=160700\"]}]},{\"@type\":\"ImageObject\",\"inLanguage\":\"es\",\"@id\":\"https:\\\/\\\/lospoliticosveracruz.com\\\/?p=160700#primaryimage\",\"url\":\"https:\\\/\\\/lospoliticosveracruz.com\\\/wp-content\\\/uploads\\\/2026\\\/01\\\/Maryjose-FF.jpg\",\"contentUrl\":\"https:\\\/\\\/lospoliticosveracruz.com\\\/wp-content\\\/uploads\\\/2026\\\/01\\\/Maryjose-FF.jpg\",\"width\":600,\"height\":320},{\"@type\":\"BreadcrumbList\",\"@id\":\"https:\\\/\\\/lospoliticosveracruz.com\\\/?p=160700#breadcrumb\",\"itemListElement\":[{\"@type\":\"ListItem\",\"position\":1,\"name\":\"Portada\",\"item\":\"https:\\\/\\\/lospoliticosveracruz.com\\\/\"},{\"@type\":\"ListItem\",\"position\":2,\"name\":\"BOCA, LISTA PARA EL FF29\"}]},{\"@type\":\"WebSite\",\"@id\":\"https:\\\/\\\/lospoliticosveracruz.com\\\/#website\",\"url\":\"https:\\\/\\\/lospoliticosveracruz.com\\\/\",\"name\":\"Los pol\u00edticos Veracruz\",\"description\":\"\",\"publisher\":{\"@id\":\"https:\\\/\\\/lospoliticosveracruz.com\\\/#organization\"},\"potentialAction\":[{\"@type\":\"SearchAction\",\"target\":{\"@type\":\"EntryPoint\",\"urlTemplate\":\"https:\\\/\\\/lospoliticosveracruz.com\\\/?s={search_term_string}\"},\"query-input\":{\"@type\":\"PropertyValueSpecification\",\"valueRequired\":true,\"valueName\":\"search_term_string\"}}],\"inLanguage\":\"es\"},{\"@type\":\"Organization\",\"@id\":\"https:\\\/\\\/lospoliticosveracruz.com\\\/#organization\",\"name\":\"Los pol\u00edticos Veracruz\",\"url\":\"https:\\\/\\\/lospoliticosveracruz.com\\\/\",\"logo\":{\"@type\":\"ImageObject\",\"inLanguage\":\"es\",\"@id\":\"https:\\\/\\\/lospoliticosveracruz.com\\\/#\\\/schema\\\/logo\\\/image\\\/\",\"url\":\"https:\\\/\\\/lospoliticosveracruz.com\\\/wp-content\\\/uploads\\\/2025\\\/12\\\/Logo-Nuevo-LOS-POLITICOS-1.jpg\",\"contentUrl\":\"https:\\\/\\\/lospoliticosveracruz.com\\\/wp-content\\\/uploads\\\/2025\\\/12\\\/Logo-Nuevo-LOS-POLITICOS-1.jpg\",\"width\":260,\"height\":70,\"caption\":\"Los pol\u00edticos Veracruz\"},\"image\":{\"@id\":\"https:\\\/\\\/lospoliticosveracruz.com\\\/#\\\/schema\\\/logo\\\/image\\\/\"},\"sameAs\":[\"https:\\\/\\\/www.facebook.com\\\/people\\\/Notimemes-de-los-Polticos\\\/61565672886568\\\/\",\"https:\\\/\\\/x.com\\\/LosPoliticosVer\"]},{\"@type\":\"Person\",\"@id\":\"https:\\\/\\\/lospoliticosveracruz.com\\\/#\\\/schema\\\/person\\\/b8702bb0e538456e6efd07080bf2a4a2\",\"name\":\"Lo viste en Los Pol\u00edticos\",\"image\":{\"@type\":\"ImageObject\",\"inLanguage\":\"es\",\"@id\":\"https:\\\/\\\/secure.gravatar.com\\\/avatar\\\/3a8de04a2656d44082be478bd6c086daa447c4651605818287b9532d3d0bd435?s=96&d=mm&r=g\",\"url\":\"https:\\\/\\\/secure.gravatar.com\\\/avatar\\\/3a8de04a2656d44082be478bd6c086daa447c4651605818287b9532d3d0bd435?s=96&d=mm&r=g\",\"contentUrl\":\"https:\\\/\\\/secure.gravatar.com\\\/avatar\\\/3a8de04a2656d44082be478bd6c086daa447c4651605818287b9532d3d0bd435?s=96&d=mm&r=g\",\"caption\":\"Lo viste en Los Pol\u00edticos\"},\"url\":\"https:\\\/\\\/lospoliticosveracruz.com\\\/?author=2\"}]}<\/script>\n<!-- \/ Yoast SEO plugin. -->","yoast_head_json":{"title":"BOCA, LISTA PARA EL FF29 - Los pol\u00edticos Veracruz","robots":{"index":"index","follow":"follow","max-snippet":"max-snippet:-1","max-image-preview":"max-image-preview:large","max-video-preview":"max-video-preview:-1"},"canonical":"https:\/\/lospoliticosveracruz.com\/?p=160700","og_locale":"es_ES","og_type":"article","og_title":"BOCA, LISTA PARA EL FF29 - Los pol\u00edticos Veracruz","og_description":"Ante la llegada del Frente Fr\u00edo n\u00famero 29, la Alcaldesa de Boca del R\u00edo, Maryjose Gamboa Torales, dispuso que la Fuerza de Tarea municipal se mantenga en alerta permanente ante cualquier contingencia que pudiera registrarse en la ciudad. La autoridad estatal emiti\u00f3 un Aviso Especial por Frente Fr\u00edo y Masa Polar, por lo que se [&hellip;]","og_url":"https:\/\/lospoliticosveracruz.com\/?p=160700","og_site_name":"Los pol\u00edticos Veracruz","article_publisher":"https:\/\/www.facebook.com\/people\/Notimemes-de-los-Polticos\/61565672886568\/","article_published_time":"2026-01-17T21:18:34+00:00","article_modified_time":"2026-01-17T21:18:35+00:00","og_image":[{"width":600,"height":320,"url":"https:\/\/lospoliticosveracruz.com\/wp-content\/uploads\/2026\/01\/Maryjose-FF.jpg","type":"image\/jpeg"}],"author":"Lo viste en Los Pol\u00edticos","twitter_card":"summary_large_image","twitter_creator":"@LosPoliticosVer","twitter_site":"@LosPoliticosVer","twitter_misc":{"Escrito por":"Lo viste en Los Pol\u00edticos","Tiempo de lectura":"3 minutos"},"schema":{"@context":"https:\/\/schema.org","@graph":[{"@type":"Article","@id":"https:\/\/lospoliticosveracruz.com\/?p=160700#article","isPartOf":{"@id":"https:\/\/lospoliticosveracruz.com\/?p=160700"},"author":{"name":"Lo viste en Los Pol\u00edticos","@id":"https:\/\/lospoliticosveracruz.com\/#\/schema\/person\/b8702bb0e538456e6efd07080bf2a4a2"},"headline":"BOCA, LISTA PARA EL FF29","datePublished":"2026-01-17T21:18:34+00:00","dateModified":"2026-01-17T21:18:35+00:00","mainEntityOfPage":{"@id":"https:\/\/lospoliticosveracruz.com\/?p=160700"},"wordCount":454,"publisher":{"@id":"https:\/\/lospoliticosveracruz.com\/#organization"},"image":{"@id":"https:\/\/lospoliticosveracruz.com\/?p=160700#primaryimage"},"thumbnailUrl":"https:\/\/lospoliticosveracruz.com\/wp-content\/uploads\/2026\/01\/Maryjose-FF.jpg","keywords":["Boca del R\u00edo","Frente Fr\u00edo 29","Maryjose Gamboa"],"articleSection":["De Boleto"],"inLanguage":"es"},{"@type":"WebPage","@id":"https:\/\/lospoliticosveracruz.com\/?p=160700","url":"https:\/\/lospoliticosveracruz.com\/?p=160700","name":"BOCA, LISTA PARA EL FF29 - Los pol\u00edticos Veracruz","isPartOf":{"@id":"https:\/\/lospoliticosveracruz.com\/#website"},"primaryImageOfPage":{"@id":"https:\/\/lospoliticosveracruz.com\/?p=160700#primaryimage"},"image":{"@id":"https:\/\/lospoliticosveracruz.com\/?p=160700#primaryimage"},"thumbnailUrl":"https:\/\/lospoliticosveracruz.com\/wp-content\/uploads\/2026\/01\/Maryjose-FF.jpg","datePublished":"2026-01-17T21:18:34+00:00","dateModified":"2026-01-17T21:18:35+00:00","breadcrumb":{"@id":"https:\/\/lospoliticosveracruz.com\/?p=160700#breadcrumb"},"inLanguage":"es","potentialAction":[{"@type":"ReadAction","target":["https:\/\/lospoliticosveracruz.com\/?p=160700"]}]},{"@type":"ImageObject","inLanguage":"es","@id":"https:\/\/lospoliticosveracruz.com\/?p=160700#primaryimage","url":"https:\/\/lospoliticosveracruz.com\/wp-content\/uploads\/2026\/01\/Maryjose-FF.jpg","contentUrl":"https:\/\/lospoliticosveracruz.com\/wp-content\/uploads\/2026\/01\/Maryjose-FF.jpg","width":600,"height":320},{"@type":"BreadcrumbList","@id":"https:\/\/lospoliticosveracruz.com\/?p=160700#breadcrumb","itemListElement":[{"@type":"ListItem","position":1,"name":"Portada","item":"https:\/\/lospoliticosveracruz.com\/"},{"@type":"ListItem","position":2,"name":"BOCA, LISTA PARA EL FF29"}]},{"@type":"WebSite","@id":"https:\/\/lospoliticosveracruz.com\/#website","url":"https:\/\/lospoliticosveracruz.com\/","name":"Los pol\u00edticos Veracruz","description":"","publisher":{"@id":"https:\/\/lospoliticosveracruz.com\/#organization"},"potentialAction":[{"@type":"SearchAction","target":{"@type":"EntryPoint","urlTemplate":"https:\/\/lospoliticosveracruz.com\/?s={search_term_string}"},"query-input":{"@type":"PropertyValueSpecification","valueRequired":true,"valueName":"search_term_string"}}],"inLanguage":"es"},{"@type":"Organization","@id":"https:\/\/lospoliticosveracruz.com\/#organization","name":"Los pol\u00edticos Veracruz","url":"https:\/\/lospoliticosveracruz.com\/","logo":{"@type":"ImageObject","inLanguage":"es","@id":"https:\/\/lospoliticosveracruz.com\/#\/schema\/logo\/image\/","url":"https:\/\/lospoliticosveracruz.com\/wp-content\/uploads\/2025\/12\/Logo-Nuevo-LOS-POLITICOS-1.jpg","contentUrl":"https:\/\/lospoliticosveracruz.com\/wp-content\/uploads\/2025\/12\/Logo-Nuevo-LOS-POLITICOS-1.jpg","width":260,"height":70,"caption":"Los pol\u00edticos Veracruz"},"image":{"@id":"https:\/\/lospoliticosveracruz.com\/#\/schema\/logo\/image\/"},"sameAs":["https:\/\/www.facebook.com\/people\/Notimemes-de-los-Polticos\/61565672886568\/","https:\/\/x.com\/LosPoliticosVer"]},{"@type":"Person","@id":"https:\/\/lospoliticosveracruz.com\/#\/schema\/person\/b8702bb0e538456e6efd07080bf2a4a2","name":"Lo viste en Los Pol\u00edticos","image":{"@type":"ImageObject","inLanguage":"es","@id":"https:\/\/secure.gravatar.com\/avatar\/3a8de04a2656d44082be478bd6c086daa447c4651605818287b9532d3d0bd435?s=96&d=mm&r=g","url":"https:\/\/secure.gravatar.com\/avatar\/3a8de04a2656d44082be478bd6c086daa447c4651605818287b9532d3d0bd435?s=96&d=mm&r=g","contentUrl":"https:\/\/secure.gravatar.com\/avatar\/3a8de04a2656d44082be478bd6c086daa447c4651605818287b9532d3d0bd435?s=96&d=mm&r=g","caption":"Lo viste en Los Pol\u00edticos"},"url":"https:\/\/lospoliticosveracruz.com\/?author=2"}]}},"_links":{"self":[{"href":"https:\/\/lospoliticosveracruz.com\/index.php?rest_route=\/wp\/v2\/posts\/160700","targetHints":{"allow":["GET"]}}],"collection":[{"href":"https:\/\/lospoliticosveracruz.com\/index.php?rest_route=\/wp\/v2\/posts"}],"about":[{"href":"https:\/\/lospoliticosveracruz.com\/index.php?rest_route=\/wp\/v2\/types\/post"}],"author":[{"embeddable":true,"href":"https:\/\/lospoliticosveracruz.com\/index.php?rest_route=\/wp\/v2\/users\/2"}],"replies":[{"embeddable":true,"href":"https:\/\/lospoliticosveracruz.com\/index.php?rest_route=%2Fwp%2Fv2%2Fcomments&post=160700"}],"version-history":[{"count":1,"href":"https:\/\/lospoliticosveracruz.com\/index.php?rest_route=\/wp\/v2\/posts\/160700\/revisions"}],"predecessor-version":[{"id":160702,"href":"https:\/\/lospoliticosveracruz.com\/index.php?rest_route=\/wp\/v2\/posts\/160700\/revisions\/160702"}],"wp:featuredmedia":[{"embeddable":true,"href":"https:\/\/lospoliticosveracruz.com\/index.php?rest_route=\/wp\/v2\/media\/160701"}],"wp:attachment":[{"href":"https:\/\/lospoliticosveracruz.com\/index.php?rest_route=%2Fwp%2Fv2%2Fmedia&parent=160700"}],"wp:term":[{"taxonomy":"category","embeddable":true,"href":"https:\/\/lospoliticosveracruz.com\/index.php?rest_route=%2Fwp%2Fv2%2Fcategories&post=160700"},{"taxonomy":"post_tag","embeddable":true,"href":"https:\/\/lospoliticosveracruz.com\/index.php?rest_route=%2Fwp%2Fv2%2Ftags&post=160700"}],"curies":[{"name":"wp","href":"https:\/\/api.w.org\/{rel}","templated":true}]}}