{"id":160731,"date":"2026-01-18T12:09:12","date_gmt":"2026-01-18T18:09:12","guid":{"rendered":"https:\/\/lospoliticosveracruz.com\/?p=160731"},"modified":"2026-01-18T12:09:13","modified_gmt":"2026-01-18T18:09:13","slug":"vino-la-reculona","status":"publish","type":"post","link":"https:\/\/lospoliticosveracruz.com\/?p=160731","title":{"rendered":"VINO LA RECULONA\u2026"},"content":{"rendered":"\n<p>S\u00edguenos ahora tambi\u00e9n en WhatsApp.\u00a0\u00a1<a href=\"https:\/\/whatsapp.com\/channel\/0029Va8zRWlEKyZIP3Z1dF0e\"><strong>Da clic aqu\u00ed<\/strong><\/a><strong>!<\/strong><\/p>\n\n\n\n<p><strong>Oved Contreras<br><\/strong><em>Secas mecas<\/em><\/p>\n\n\n\n<p>La Fiscal\u00eda Especializada en Combate a la Corrupci\u00f3n de Veracruz ejecut\u00f3 la madrugada de este s\u00e1bado dos operativos simult\u00e1neos en los municipios de Xalapa y Medell\u00edn de Bravo, para lograr la detenci\u00f3n de Sergio \u201cN\u201d, exrector de la Universidad Popular Aut\u00f3noma de Veracruz (UPAV), y V\u00edctor de Jes\u00fas \u201cN\u201d, exdirector administrativo de la misma instituci\u00f3n. Lo cierto es que dos funcionarios menores no pudieron comerse el pastel solos, y seguro que cuando empiecen a \u201ccantar\u201d les llegar\u00e1 la lumbre a funcionarios de m\u00e1s arriba. El operativo no ha terminado, se dice que una tercera persona escap\u00f3 tras recibir un \u201cpitazo\u201d y al menos dos detenciones m\u00e1s podr\u00edan concretarse en las pr\u00f3ximas horas.<\/p>\n\n\n\n\n\n<p>Ambos exfuncionarios fueron aprehendidos por presunto peculado y ejercicio indebido del servicio p\u00fablico durante su gesti\u00f3n. Por la noche se espera el inicio de la audiencia preliminar en los juzgados de Pacho Viejo por presunto&nbsp;desv\u00edo de recursos, que se estima en 300 millones de pesos, y se habla de que&nbsp;habr\u00eda m\u00e1s detenciones con \u00f3rdenes de aprehensi\u00f3n&nbsp;ya emitidas.<\/p>\n\n\n\n<p>Tras su detenci\u00f3n, los dos ex funcionarios fueron trasladados al penal de Pacho Viejo, donde ser\u00e1n presentados ante un juez de control para que respondan por el saqueo a las finanzas de la UPAV, luego de que hace unos d\u00edas, el Congreso de Veracruz aprobara la reforma enviada por la gobernadora Roc\u00edo Nahle, mediante la cual la administraci\u00f3n de la UPAV pas\u00f3 a control directo del gobierno estatal.<\/p>\n\n\n\n<p>La medida fue impulsada tras denuncias de irregularidades en el manejo de recursos y quejas de profesores por retrasos en el pago de salarios. A mediados de noviembre, la gobernadora Roc\u00edo Nahle declar\u00f3: \u201cYa se interpuso una denuncia en la Fiscal\u00eda General del Estado de Veracruz en contra de quienes vaciaron las cuentas de la UPAV, y que adem\u00e1s borraron toda la informaci\u00f3n en servidores, como pagos de alumnos, matr\u00edculas, calificaciones y la n\u00f3mina de los maestros solidarios\u201d.<\/p>\n\n\n\n<p>El operativo no ha terminado. Una tercera persona escap\u00f3 tras recibir un \u201cpitazo\u201d y al menos dos detenciones m\u00e1s podr\u00edan concretarse en las pr\u00f3ximas horas. Las investigaciones alcanzan a otro ex rector, un ex funcionario de la SEV, ex directivos de la UPAV y a la Asociaci\u00f3n Civil que manejaba el dinero de los alumnos. El saqueo incluye: 120 millones retirados recientemente adem\u00e1s de 180 millones al cierre de la administraci\u00f3n pasada y n\u00f3minas infladas y aviadores<\/p>\n\n\n\n<p>Se dice que el ex rector de la UPAV era protegido de la comadrita Carmen Medel, ex alcaldesa de Minatitl\u00e1n. Luego de los se\u00f1alamientos de desfalcos en la Universidad, Sergio \u201cN\u201d fue removido por un supuesto l\u00edo de faldas pero la verdad es que sali\u00f3 bueno para meterle la mano al caj\u00f3n sin reportarle a la jefa. Lo cierto es que dos funcionarios menores no pudieron comerse el pastel solo, y seguro que cuando empiecen a \u201ccantar\u201d les llegar\u00e1 la lumbre a funcionarios de m\u00e1s arriba\u2026el regordete subsecretario David Jim\u00e9nez enfil\u00f3 sus bater\u00edas en contra del Lixto Calixto que no lo quiere nadita, pero hay versiones de que don panz\u00f3n tambi\u00e9n trae sus negocios en las instituciones educativas que le corresponden\u2026que hasta un mill\u00f3n de pesos pide por cada tecnol\u00f3gico estatal\u2026y que no le pueden hacer nada porque tiene la bendici\u00f3n de don marido Pepe Pe\u00f1a.<\/p>\n\n\n\n<p>TAMBI\u00c9N LES RETRASARON PAGOS\u2026trascendi\u00f3 en redes sociales que el problema de la falta de pagos no solo afect\u00f3 a trabajadores del sector Salud\u2026trabajadores del Fideicomiso del Fondo del Futuro, pertenecientes a la Secretar\u00eda de Desarrollo Econ\u00f3mico y Portuario (SEDECOP) del gobierno del Estado de Veracruz, no hab\u00edan sido notificados a trav\u00e9s de sus mensajes de celular del dep\u00f3sito de sus quincenas.<\/p>\n\n\n\n<p>\u00d3sea que no se trata de que el gobierno federal no haya transgredido dinero a Salud, sino que el gobierno estatal tampoco cumpli\u00f3 con trabajadores de dependencias estatales\u2026en resumen no hay dinero en las arcas estatales y por eso pusieron en marcha el reemplacamiento vehicular, que en promedio le representa ingresos por mil 600 millones de pesos al gobierno estatal.<\/p>\n\n\n\n<p>Los trabajadores del Fideicomiso Fondo del Futuro adem\u00e1s enfrentan el problema de la falta de inter\u00e9s del propio titular de la SEDECOP, Ernesto P\u00e9rez Astorga, para que primero resuelva el asunto del pago de salarios. Cuyo silencio de la directora del Fondo del Futuro, Ana Laura del \u00c1ngel Olivares, hace que todo esto ponga en evidencia, que a lo mejor van a tardar en cobrar esta quincena.<\/p>\n\n\n\n<p>Pero el temor es a\u00fan m\u00e1s despu\u00e9s del anuncio de que la Administraci\u00f3n de la Ciudad Industrial \u00abBruno Pagliai\u00bb ser\u00eda transferida al ayuntamiento de Veracruz, lo cual no se ha hecho del conocimiento del personal. As\u00ed que los trabajadores est\u00e1n en incertidumbre porque no saben exactamente qu\u00e9 es lo que va a pasar con ellos.<\/p>\n\n\n\n<p>Hay que recordar que el Fondo del Futuro es la dependencia encargada de impulsar a las micro, peque\u00f1as y medianas empresas, sobre todo las que est\u00e1n ubicadas en la Ciudad Industrial del puerto de Veracruz. Situaci\u00f3n que a\u00fan afecta m\u00e1s a este personal, ya que no s\u00f3lo es el retraso de su salario quincenal de la primeras dos semanas de enero sino que ahora, ser\u00e1n absorbidas por otro gobierno.<\/p>\n\n\n\n<p>Y todav\u00eda no les han informado de manera fehaciente como van a quedar ellos ahora que el municipio los administre. A todo eso se suma que la falta de pagos de su quincena laboral, ahora les preocupa qu\u00e9 pasar\u00e1 en su futuro inmediato con la nueva administraci\u00f3n que llegar\u00e1 al Fondo del Futuro.<\/p>\n","protected":false},"excerpt":{"rendered":"<p>Oved ContrerasSecas mecas La Fiscal\u00eda Especializada en Combate a la Corrupci\u00f3n de Veracruz ejecut\u00f3 la madrugada de este s\u00e1bado dos operativos simult\u00e1neos en los municipios de Xalapa y Medell\u00edn de Bravo, para lograr la detenci\u00f3n de Sergio \u201cN\u201d, exrector de la Universidad Popular Aut\u00f3noma de Veracruz (UPAV), y V\u00edctor de Jes\u00fas \u201cN\u201d, exdirector administrativo de [&hellip;]<\/p>\n","protected":false},"author":2,"featured_media":141426,"comment_status":"closed","ping_status":"closed","sticky":false,"template":"","format":"standard","meta":{"tdm_status":"","tdm_grid_status":"","footnotes":""},"categories":[70],"tags":[50616,50617,50613,50618,50615,47931,50614],"class_list":{"0":"post-160731","1":"post","2":"type-post","3":"status-publish","4":"format-standard","5":"has-post-thumbnail","7":"category-de-opinion","8":"tag-david-jimenez-subsecretario-denuncias-corrupcion","9":"tag-desvio-de-recursos-upav-300-millones","10":"tag-detencion-exrector-upav-sergio-n-veracruz","11":"tag-ernesto-perez-astorga-retraso-salarios-sedecop","12":"tag-falta-de-pago-fondo-del-futuro-sedecop","13":"tag-oved-contreras-secas-mecas-columna","14":"tag-pacho-viejo-audiencia-exfuncionarios-upav"},"yoast_head":"<!-- This site is optimized with the Yoast SEO plugin v27.4 - https:\/\/yoast.com\/product\/yoast-seo-wordpress\/ -->\n<title>VINO LA RECULONA\u2026 - Los pol\u00edticos Veracruz<\/title>\n<meta name=\"robots\" content=\"index, follow, max-snippet:-1, max-image-preview:large, max-video-preview:-1\" \/>\n<link rel=\"canonical\" href=\"https:\/\/lospoliticosveracruz.com\/?p=160731\" \/>\n<meta property=\"og:locale\" content=\"es_ES\" \/>\n<meta property=\"og:type\" content=\"article\" \/>\n<meta property=\"og:title\" content=\"VINO LA RECULONA\u2026 - Los pol\u00edticos Veracruz\" \/>\n<meta property=\"og:description\" content=\"Oved ContrerasSecas mecas La Fiscal\u00eda Especializada en Combate a la Corrupci\u00f3n de Veracruz ejecut\u00f3 la madrugada de este s\u00e1bado dos operativos simult\u00e1neos en los municipios de Xalapa y Medell\u00edn de Bravo, para lograr la detenci\u00f3n de Sergio \u201cN\u201d, exrector de la Universidad Popular Aut\u00f3noma de Veracruz (UPAV), y V\u00edctor de Jes\u00fas \u201cN\u201d, exdirector administrativo de [&hellip;]\" \/>\n<meta property=\"og:url\" content=\"https:\/\/lospoliticosveracruz.com\/?p=160731\" \/>\n<meta property=\"og:site_name\" content=\"Los pol\u00edticos Veracruz\" \/>\n<meta property=\"article:publisher\" content=\"https:\/\/www.facebook.com\/people\/Notimemes-de-los-Polticos\/61565672886568\/\" \/>\n<meta property=\"article:published_time\" content=\"2026-01-18T18:09:12+00:00\" \/>\n<meta property=\"article:modified_time\" content=\"2026-01-18T18:09:13+00:00\" \/>\n<meta property=\"og:image\" content=\"https:\/\/lospoliticosveracruz.com\/wp-content\/uploads\/2025\/04\/Oved-Contreras-e1768066319253.jpg\" \/>\n\t<meta property=\"og:image:width\" content=\"600\" \/>\n\t<meta property=\"og:image:height\" content=\"320\" \/>\n\t<meta property=\"og:image:type\" content=\"image\/jpeg\" \/>\n<meta name=\"author\" content=\"Lo viste en Los Pol\u00edticos\" \/>\n<meta name=\"twitter:card\" content=\"summary_large_image\" \/>\n<meta name=\"twitter:creator\" content=\"@LosPoliticosVer\" \/>\n<meta name=\"twitter:site\" content=\"@LosPoliticosVer\" \/>\n<meta name=\"twitter:label1\" content=\"Escrito por\" \/>\n\t<meta name=\"twitter:data1\" content=\"Lo viste en Los Pol\u00edticos\" \/>\n\t<meta name=\"twitter:label2\" content=\"Tiempo de lectura\" \/>\n\t<meta name=\"twitter:data2\" content=\"5 minutos\" \/>\n<script type=\"application\/ld+json\" class=\"yoast-schema-graph\">{\"@context\":\"https:\\\/\\\/schema.org\",\"@graph\":[{\"@type\":\"Article\",\"@id\":\"https:\\\/\\\/lospoliticosveracruz.com\\\/?p=160731#article\",\"isPartOf\":{\"@id\":\"https:\\\/\\\/lospoliticosveracruz.com\\\/?p=160731\"},\"author\":{\"name\":\"Lo viste en Los Pol\u00edticos\",\"@id\":\"https:\\\/\\\/lospoliticosveracruz.com\\\/#\\\/schema\\\/person\\\/b8702bb0e538456e6efd07080bf2a4a2\"},\"headline\":\"VINO LA RECULONA\u2026\",\"datePublished\":\"2026-01-18T18:09:12+00:00\",\"dateModified\":\"2026-01-18T18:09:13+00:00\",\"mainEntityOfPage\":{\"@id\":\"https:\\\/\\\/lospoliticosveracruz.com\\\/?p=160731\"},\"wordCount\":993,\"publisher\":{\"@id\":\"https:\\\/\\\/lospoliticosveracruz.com\\\/#organization\"},\"image\":{\"@id\":\"https:\\\/\\\/lospoliticosveracruz.com\\\/?p=160731#primaryimage\"},\"thumbnailUrl\":\"https:\\\/\\\/lospoliticosveracruz.com\\\/wp-content\\\/uploads\\\/2025\\\/04\\\/Oved-Contreras-e1768066319253.jpg\",\"keywords\":[\"David Jim\u00e9nez subsecretario denuncias corrupci\u00f3n\",\"Desv\u00edo de recursos UPAV 300 millones\",\"Detenci\u00f3n exrector UPAV Sergio N Veracruz\",\"Ernesto P\u00e9rez Astorga retraso salarios Sedecop\",\"Falta de pago Fondo del Futuro SEDECOP\",\"Oved Contreras Secas Mecas columna\",\"Pacho Viejo audiencia exfuncionarios UPAV\"],\"articleSection\":[\"De Opini\u00f3n\"],\"inLanguage\":\"es\"},{\"@type\":\"WebPage\",\"@id\":\"https:\\\/\\\/lospoliticosveracruz.com\\\/?p=160731\",\"url\":\"https:\\\/\\\/lospoliticosveracruz.com\\\/?p=160731\",\"name\":\"VINO LA RECULONA\u2026 - Los pol\u00edticos Veracruz\",\"isPartOf\":{\"@id\":\"https:\\\/\\\/lospoliticosveracruz.com\\\/#website\"},\"primaryImageOfPage\":{\"@id\":\"https:\\\/\\\/lospoliticosveracruz.com\\\/?p=160731#primaryimage\"},\"image\":{\"@id\":\"https:\\\/\\\/lospoliticosveracruz.com\\\/?p=160731#primaryimage\"},\"thumbnailUrl\":\"https:\\\/\\\/lospoliticosveracruz.com\\\/wp-content\\\/uploads\\\/2025\\\/04\\\/Oved-Contreras-e1768066319253.jpg\",\"datePublished\":\"2026-01-18T18:09:12+00:00\",\"dateModified\":\"2026-01-18T18:09:13+00:00\",\"breadcrumb\":{\"@id\":\"https:\\\/\\\/lospoliticosveracruz.com\\\/?p=160731#breadcrumb\"},\"inLanguage\":\"es\",\"potentialAction\":[{\"@type\":\"ReadAction\",\"target\":[\"https:\\\/\\\/lospoliticosveracruz.com\\\/?p=160731\"]}]},{\"@type\":\"ImageObject\",\"inLanguage\":\"es\",\"@id\":\"https:\\\/\\\/lospoliticosveracruz.com\\\/?p=160731#primaryimage\",\"url\":\"https:\\\/\\\/lospoliticosveracruz.com\\\/wp-content\\\/uploads\\\/2025\\\/04\\\/Oved-Contreras-e1768066319253.jpg\",\"contentUrl\":\"https:\\\/\\\/lospoliticosveracruz.com\\\/wp-content\\\/uploads\\\/2025\\\/04\\\/Oved-Contreras-e1768066319253.jpg\",\"width\":600,\"height\":320},{\"@type\":\"BreadcrumbList\",\"@id\":\"https:\\\/\\\/lospoliticosveracruz.com\\\/?p=160731#breadcrumb\",\"itemListElement\":[{\"@type\":\"ListItem\",\"position\":1,\"name\":\"Portada\",\"item\":\"https:\\\/\\\/lospoliticosveracruz.com\\\/\"},{\"@type\":\"ListItem\",\"position\":2,\"name\":\"VINO LA RECULONA\u2026\"}]},{\"@type\":\"WebSite\",\"@id\":\"https:\\\/\\\/lospoliticosveracruz.com\\\/#website\",\"url\":\"https:\\\/\\\/lospoliticosveracruz.com\\\/\",\"name\":\"Los pol\u00edticos Veracruz\",\"description\":\"\",\"publisher\":{\"@id\":\"https:\\\/\\\/lospoliticosveracruz.com\\\/#organization\"},\"potentialAction\":[{\"@type\":\"SearchAction\",\"target\":{\"@type\":\"EntryPoint\",\"urlTemplate\":\"https:\\\/\\\/lospoliticosveracruz.com\\\/?s={search_term_string}\"},\"query-input\":{\"@type\":\"PropertyValueSpecification\",\"valueRequired\":true,\"valueName\":\"search_term_string\"}}],\"inLanguage\":\"es\"},{\"@type\":\"Organization\",\"@id\":\"https:\\\/\\\/lospoliticosveracruz.com\\\/#organization\",\"name\":\"Los pol\u00edticos Veracruz\",\"url\":\"https:\\\/\\\/lospoliticosveracruz.com\\\/\",\"logo\":{\"@type\":\"ImageObject\",\"inLanguage\":\"es\",\"@id\":\"https:\\\/\\\/lospoliticosveracruz.com\\\/#\\\/schema\\\/logo\\\/image\\\/\",\"url\":\"https:\\\/\\\/lospoliticosveracruz.com\\\/wp-content\\\/uploads\\\/2025\\\/12\\\/Logo-Nuevo-LOS-POLITICOS-1.jpg\",\"contentUrl\":\"https:\\\/\\\/lospoliticosveracruz.com\\\/wp-content\\\/uploads\\\/2025\\\/12\\\/Logo-Nuevo-LOS-POLITICOS-1.jpg\",\"width\":260,\"height\":70,\"caption\":\"Los pol\u00edticos Veracruz\"},\"image\":{\"@id\":\"https:\\\/\\\/lospoliticosveracruz.com\\\/#\\\/schema\\\/logo\\\/image\\\/\"},\"sameAs\":[\"https:\\\/\\\/www.facebook.com\\\/people\\\/Notimemes-de-los-Polticos\\\/61565672886568\\\/\",\"https:\\\/\\\/x.com\\\/LosPoliticosVer\"]},{\"@type\":\"Person\",\"@id\":\"https:\\\/\\\/lospoliticosveracruz.com\\\/#\\\/schema\\\/person\\\/b8702bb0e538456e6efd07080bf2a4a2\",\"name\":\"Lo viste en Los Pol\u00edticos\",\"image\":{\"@type\":\"ImageObject\",\"inLanguage\":\"es\",\"@id\":\"https:\\\/\\\/secure.gravatar.com\\\/avatar\\\/3a8de04a2656d44082be478bd6c086daa447c4651605818287b9532d3d0bd435?s=96&d=mm&r=g\",\"url\":\"https:\\\/\\\/secure.gravatar.com\\\/avatar\\\/3a8de04a2656d44082be478bd6c086daa447c4651605818287b9532d3d0bd435?s=96&d=mm&r=g\",\"contentUrl\":\"https:\\\/\\\/secure.gravatar.com\\\/avatar\\\/3a8de04a2656d44082be478bd6c086daa447c4651605818287b9532d3d0bd435?s=96&d=mm&r=g\",\"caption\":\"Lo viste en Los Pol\u00edticos\"},\"url\":\"https:\\\/\\\/lospoliticosveracruz.com\\\/?author=2\"}]}<\/script>\n<!-- \/ Yoast SEO plugin. -->","yoast_head_json":{"title":"VINO LA RECULONA\u2026 - Los pol\u00edticos Veracruz","robots":{"index":"index","follow":"follow","max-snippet":"max-snippet:-1","max-image-preview":"max-image-preview:large","max-video-preview":"max-video-preview:-1"},"canonical":"https:\/\/lospoliticosveracruz.com\/?p=160731","og_locale":"es_ES","og_type":"article","og_title":"VINO LA RECULONA\u2026 - Los pol\u00edticos Veracruz","og_description":"Oved ContrerasSecas mecas La Fiscal\u00eda Especializada en Combate a la Corrupci\u00f3n de Veracruz ejecut\u00f3 la madrugada de este s\u00e1bado dos operativos simult\u00e1neos en los municipios de Xalapa y Medell\u00edn de Bravo, para lograr la detenci\u00f3n de Sergio \u201cN\u201d, exrector de la Universidad Popular Aut\u00f3noma de Veracruz (UPAV), y V\u00edctor de Jes\u00fas \u201cN\u201d, exdirector administrativo de [&hellip;]","og_url":"https:\/\/lospoliticosveracruz.com\/?p=160731","og_site_name":"Los pol\u00edticos Veracruz","article_publisher":"https:\/\/www.facebook.com\/people\/Notimemes-de-los-Polticos\/61565672886568\/","article_published_time":"2026-01-18T18:09:12+00:00","article_modified_time":"2026-01-18T18:09:13+00:00","og_image":[{"width":600,"height":320,"url":"https:\/\/lospoliticosveracruz.com\/wp-content\/uploads\/2025\/04\/Oved-Contreras-e1768066319253.jpg","type":"image\/jpeg"}],"author":"Lo viste en Los Pol\u00edticos","twitter_card":"summary_large_image","twitter_creator":"@LosPoliticosVer","twitter_site":"@LosPoliticosVer","twitter_misc":{"Escrito por":"Lo viste en Los Pol\u00edticos","Tiempo de lectura":"5 minutos"},"schema":{"@context":"https:\/\/schema.org","@graph":[{"@type":"Article","@id":"https:\/\/lospoliticosveracruz.com\/?p=160731#article","isPartOf":{"@id":"https:\/\/lospoliticosveracruz.com\/?p=160731"},"author":{"name":"Lo viste en Los Pol\u00edticos","@id":"https:\/\/lospoliticosveracruz.com\/#\/schema\/person\/b8702bb0e538456e6efd07080bf2a4a2"},"headline":"VINO LA RECULONA\u2026","datePublished":"2026-01-18T18:09:12+00:00","dateModified":"2026-01-18T18:09:13+00:00","mainEntityOfPage":{"@id":"https:\/\/lospoliticosveracruz.com\/?p=160731"},"wordCount":993,"publisher":{"@id":"https:\/\/lospoliticosveracruz.com\/#organization"},"image":{"@id":"https:\/\/lospoliticosveracruz.com\/?p=160731#primaryimage"},"thumbnailUrl":"https:\/\/lospoliticosveracruz.com\/wp-content\/uploads\/2025\/04\/Oved-Contreras-e1768066319253.jpg","keywords":["David Jim\u00e9nez subsecretario denuncias corrupci\u00f3n","Desv\u00edo de recursos UPAV 300 millones","Detenci\u00f3n exrector UPAV Sergio N Veracruz","Ernesto P\u00e9rez Astorga retraso salarios Sedecop","Falta de pago Fondo del Futuro SEDECOP","Oved Contreras Secas Mecas columna","Pacho Viejo audiencia exfuncionarios UPAV"],"articleSection":["De Opini\u00f3n"],"inLanguage":"es"},{"@type":"WebPage","@id":"https:\/\/lospoliticosveracruz.com\/?p=160731","url":"https:\/\/lospoliticosveracruz.com\/?p=160731","name":"VINO LA RECULONA\u2026 - Los pol\u00edticos Veracruz","isPartOf":{"@id":"https:\/\/lospoliticosveracruz.com\/#website"},"primaryImageOfPage":{"@id":"https:\/\/lospoliticosveracruz.com\/?p=160731#primaryimage"},"image":{"@id":"https:\/\/lospoliticosveracruz.com\/?p=160731#primaryimage"},"thumbnailUrl":"https:\/\/lospoliticosveracruz.com\/wp-content\/uploads\/2025\/04\/Oved-Contreras-e1768066319253.jpg","datePublished":"2026-01-18T18:09:12+00:00","dateModified":"2026-01-18T18:09:13+00:00","breadcrumb":{"@id":"https:\/\/lospoliticosveracruz.com\/?p=160731#breadcrumb"},"inLanguage":"es","potentialAction":[{"@type":"ReadAction","target":["https:\/\/lospoliticosveracruz.com\/?p=160731"]}]},{"@type":"ImageObject","inLanguage":"es","@id":"https:\/\/lospoliticosveracruz.com\/?p=160731#primaryimage","url":"https:\/\/lospoliticosveracruz.com\/wp-content\/uploads\/2025\/04\/Oved-Contreras-e1768066319253.jpg","contentUrl":"https:\/\/lospoliticosveracruz.com\/wp-content\/uploads\/2025\/04\/Oved-Contreras-e1768066319253.jpg","width":600,"height":320},{"@type":"BreadcrumbList","@id":"https:\/\/lospoliticosveracruz.com\/?p=160731#breadcrumb","itemListElement":[{"@type":"ListItem","position":1,"name":"Portada","item":"https:\/\/lospoliticosveracruz.com\/"},{"@type":"ListItem","position":2,"name":"VINO LA RECULONA\u2026"}]},{"@type":"WebSite","@id":"https:\/\/lospoliticosveracruz.com\/#website","url":"https:\/\/lospoliticosveracruz.com\/","name":"Los pol\u00edticos Veracruz","description":"","publisher":{"@id":"https:\/\/lospoliticosveracruz.com\/#organization"},"potentialAction":[{"@type":"SearchAction","target":{"@type":"EntryPoint","urlTemplate":"https:\/\/lospoliticosveracruz.com\/?s={search_term_string}"},"query-input":{"@type":"PropertyValueSpecification","valueRequired":true,"valueName":"search_term_string"}}],"inLanguage":"es"},{"@type":"Organization","@id":"https:\/\/lospoliticosveracruz.com\/#organization","name":"Los pol\u00edticos Veracruz","url":"https:\/\/lospoliticosveracruz.com\/","logo":{"@type":"ImageObject","inLanguage":"es","@id":"https:\/\/lospoliticosveracruz.com\/#\/schema\/logo\/image\/","url":"https:\/\/lospoliticosveracruz.com\/wp-content\/uploads\/2025\/12\/Logo-Nuevo-LOS-POLITICOS-1.jpg","contentUrl":"https:\/\/lospoliticosveracruz.com\/wp-content\/uploads\/2025\/12\/Logo-Nuevo-LOS-POLITICOS-1.jpg","width":260,"height":70,"caption":"Los pol\u00edticos Veracruz"},"image":{"@id":"https:\/\/lospoliticosveracruz.com\/#\/schema\/logo\/image\/"},"sameAs":["https:\/\/www.facebook.com\/people\/Notimemes-de-los-Polticos\/61565672886568\/","https:\/\/x.com\/LosPoliticosVer"]},{"@type":"Person","@id":"https:\/\/lospoliticosveracruz.com\/#\/schema\/person\/b8702bb0e538456e6efd07080bf2a4a2","name":"Lo viste en Los Pol\u00edticos","image":{"@type":"ImageObject","inLanguage":"es","@id":"https:\/\/secure.gravatar.com\/avatar\/3a8de04a2656d44082be478bd6c086daa447c4651605818287b9532d3d0bd435?s=96&d=mm&r=g","url":"https:\/\/secure.gravatar.com\/avatar\/3a8de04a2656d44082be478bd6c086daa447c4651605818287b9532d3d0bd435?s=96&d=mm&r=g","contentUrl":"https:\/\/secure.gravatar.com\/avatar\/3a8de04a2656d44082be478bd6c086daa447c4651605818287b9532d3d0bd435?s=96&d=mm&r=g","caption":"Lo viste en Los Pol\u00edticos"},"url":"https:\/\/lospoliticosveracruz.com\/?author=2"}]}},"_links":{"self":[{"href":"https:\/\/lospoliticosveracruz.com\/index.php?rest_route=\/wp\/v2\/posts\/160731","targetHints":{"allow":["GET"]}}],"collection":[{"href":"https:\/\/lospoliticosveracruz.com\/index.php?rest_route=\/wp\/v2\/posts"}],"about":[{"href":"https:\/\/lospoliticosveracruz.com\/index.php?rest_route=\/wp\/v2\/types\/post"}],"author":[{"embeddable":true,"href":"https:\/\/lospoliticosveracruz.com\/index.php?rest_route=\/wp\/v2\/users\/2"}],"replies":[{"embeddable":true,"href":"https:\/\/lospoliticosveracruz.com\/index.php?rest_route=%2Fwp%2Fv2%2Fcomments&post=160731"}],"version-history":[{"count":1,"href":"https:\/\/lospoliticosveracruz.com\/index.php?rest_route=\/wp\/v2\/posts\/160731\/revisions"}],"predecessor-version":[{"id":160732,"href":"https:\/\/lospoliticosveracruz.com\/index.php?rest_route=\/wp\/v2\/posts\/160731\/revisions\/160732"}],"wp:featuredmedia":[{"embeddable":true,"href":"https:\/\/lospoliticosveracruz.com\/index.php?rest_route=\/wp\/v2\/media\/141426"}],"wp:attachment":[{"href":"https:\/\/lospoliticosveracruz.com\/index.php?rest_route=%2Fwp%2Fv2%2Fmedia&parent=160731"}],"wp:term":[{"taxonomy":"category","embeddable":true,"href":"https:\/\/lospoliticosveracruz.com\/index.php?rest_route=%2Fwp%2Fv2%2Fcategories&post=160731"},{"taxonomy":"post_tag","embeddable":true,"href":"https:\/\/lospoliticosveracruz.com\/index.php?rest_route=%2Fwp%2Fv2%2Ftags&post=160731"}],"curies":[{"name":"wp","href":"https:\/\/api.w.org\/{rel}","templated":true}]}}