{"id":160766,"date":"2026-01-19T05:17:07","date_gmt":"2026-01-19T11:17:07","guid":{"rendered":"https:\/\/lospoliticosveracruz.com\/?p=160766"},"modified":"2026-01-19T05:17:09","modified_gmt":"2026-01-19T11:17:09","slug":"por-puro-instinto-de-sobrevivencia","status":"publish","type":"post","link":"https:\/\/lospoliticosveracruz.com\/?p=160766","title":{"rendered":"POR PURO INSTINTO DE SOBREVIVENCIA"},"content":{"rendered":"\n<p><strong>Bernardo Guti\u00e9rrez Parra<\/strong><br><em>Desde el Caf\u00e9<\/em><br>En tiempos del PRI hegem\u00f3nico, era obligaci\u00f3n de todo mexicano estar afiliado al partidazo. Cuando ibas a pedir trabajo a una talabarter\u00eda (por poner un ejemplo), lo primero que te preguntaban era a qu\u00e9 partido pol\u00edtico pertenec\u00edas. Si dec\u00edas que eras del PRI ten\u00edas la chamba en autom\u00e1tico. Si dec\u00edas que no ten\u00edas partido, te daban chance de que te fueras a afiliar (al PRI, naturalmente). Pero si dec\u00edas que eras apartidista y no pensabas cambiar, era que en el fondo no quer\u00edas trabajar.<\/p>\n\n\n\n<p>Todav\u00eda a principios de los 80 del siglo anterior, una de las clausulas del contrato que firmaba el trabajador estipulaba que deb\u00eda estar afiliado al tricolor. Y una vez que te convert\u00edas en priista entrabas a un sindicato (de cerveceros, textileros, alba\u00f1iles, billeteros, costureras, maquiladores, ferrocarrileros, maestros, electricistas, petroleros, voceadores y un kilom\u00e9trico etc\u00e9tera), donde todos pertenec\u00edan al PRI.<\/p>\n\n\n\n<p>Adem\u00e1s, casi todos los sindicatos estaban afiliados a la CTM (Confederaci\u00f3n de Trabajadores de M\u00e9xico) priista hasta las cachas. O en su defecto a la CROC (Confederaci\u00f3n Revolucionaria de Obreros y Campesinos), que favorecieron los triunfos electorales del PRI gracias al voto corporativo.<\/p>\n\n\n\n<p>Con la desbandada de priistas en la administraci\u00f3n de Miguel de la Madrid, nacieron los sindicatos independientes que como primera medida apoyaron la candidatura a la presidencia de Cuauht\u00e9moc C\u00e1rdenas, sobre la del tricolor Carlos Salinas que gan\u00f3 gracias a que \u201cse cay\u00f3 el sistema\u201d.<\/p>\n\n\n\n<p>A partir de entonces el voto corporativo comenz\u00f3 su lenta pero inexorable ca\u00edda.<\/p>\n\n\n\n<p>En octubre del 2024 el secretario de Organizaci\u00f3n de Morena, Andy L\u00f3pez Beltr\u00e1n, dijo que el nuevo objetivo de su partido era afiliar a 10 millones de mexicanos.<\/p>\n\n\n\n<p>Esa cantidad que se antojaba imposible, fue superada en estos d\u00edas con la afiliaci\u00f3n de 1 mill\u00f3n 250 mil maestros pertenecientes al SNTE, que se sumaron \u201cvoluntariamente\u201d a las filas de Morena, seg\u00fan lo dio a conocer su dirigente nacional Alfonso Cepeda Salas.<\/p>\n\n\n\n<p>Si esto es cierto, la cantidad es de suma importancia porque estamos hablando de la mitad de los 2 millones 500 mil docentes que tiene el SNTE y lo hacen el sindicato m\u00e1s grande de Am\u00e9rica Latina.<\/p>\n\n\n\n<p>Andy anunci\u00f3 la semana anterior que su partido entreg\u00f3 al INE para su revisi\u00f3n y validaci\u00f3n, un total de 11 millones 50 mil 758 afiliaciones entre las que se encuentran las del magisterio del SNTE.<\/p>\n\n\n\n<p>En otros tiempos y con la mitad de esos afiliados, tendr\u00eda un partido para ganar en cualquier terreno, pero no ahora que el voto corporativo y un cero a la izquierda son la misma cosa. Ya podr\u00e1 tener Morena 20 millones de afiliados que en la soledad de una casilla, un militante de ese partido sufragar\u00e1 por quien se le pegue la gana. Exactamente como lo hicieron los priistas en el 2018.<\/p>\n\n\n\n<p>Las afiliaciones a Morena, como en su tiempo lo fueron las afiliaciones al PRI, no son de ninguna manera voluntarias; son obligatorias porque llevan impl\u00edcito el mensaje: \u201cO est\u00e1s con nosotros o atente a las consecuencias\u201d.<\/p>\n\n\n\n<p>Si en tiempos del PRI carecer de una credencial verde, blanca y roja te invalidaba para trabajar, estar desafiliado a Morena en estos tiempos que corren te puede costar la chamba.<\/p>\n\n\n\n<p>Pero\u2026<\/p>\n\n\n\n<p>As\u00ed como ayer los maestros del SNTE fueron m\u00e1s priistas que el PRI y hoy son m\u00e1s morenos que Andr\u00e9s Manuel, ma\u00f1ana ser\u00e1n m\u00e1s negros que la noche, m\u00e1s verdes que la mariguana o m\u00e1s amarillos que el paludismo, dependiendo el color del pr\u00f3ximo partido en el poder.<\/p>\n\n\n\n<p>\u201cY no lo haremos por chaqueteros o amor a esas camisetas -me dijo un maestro jubilado-, sino para bajarle la presi\u00f3n a las amenazas. Es decir, por puro instinto de sobrevivencia\u201d.<\/p>\n\n\n\n<p>bernagup28@gmail.com<\/p>\n","protected":false},"excerpt":{"rendered":"<p>Bernardo Guti\u00e9rrez ParraDesde el Caf\u00e9En tiempos del PRI hegem\u00f3nico, era obligaci\u00f3n de todo mexicano estar afiliado al partidazo. Cuando ibas a pedir trabajo a una talabarter\u00eda (por poner un ejemplo), lo primero que te preguntaban era a qu\u00e9 partido pol\u00edtico pertenec\u00edas. Si dec\u00edas que eras del PRI ten\u00edas la chamba en autom\u00e1tico. Si dec\u00edas que [&hellip;]<\/p>\n","protected":false},"author":2,"featured_media":141479,"comment_status":"closed","ping_status":"closed","sticky":false,"template":"","format":"standard","meta":{"tdm_status":"","tdm_grid_status":"","footnotes":""},"categories":[70],"tags":[41741,5085,7788,956,1026,251,3883],"class_list":{"0":"post-160766","1":"post","2":"type-post","3":"status-publish","4":"format-standard","5":"has-post-thumbnail","7":"category-de-opinion","8":"tag-andy-lopez-beltran","9":"tag-croc","10":"tag-ctm","11":"tag-miguel-de-la-madrid","12":"tag-morena","13":"tag-pri","14":"tag-snte"},"yoast_head":"<!-- This site is optimized with the Yoast SEO plugin v27.4 - https:\/\/yoast.com\/product\/yoast-seo-wordpress\/ -->\n<title>POR PURO INSTINTO DE SOBREVIVENCIA - Los pol\u00edticos Veracruz<\/title>\n<meta name=\"robots\" content=\"index, follow, max-snippet:-1, max-image-preview:large, max-video-preview:-1\" \/>\n<link rel=\"canonical\" href=\"https:\/\/lospoliticosveracruz.com\/?p=160766\" \/>\n<meta property=\"og:locale\" content=\"es_ES\" \/>\n<meta property=\"og:type\" content=\"article\" \/>\n<meta property=\"og:title\" content=\"POR PURO INSTINTO DE SOBREVIVENCIA - Los pol\u00edticos Veracruz\" \/>\n<meta property=\"og:description\" content=\"Bernardo Guti\u00e9rrez ParraDesde el Caf\u00e9En tiempos del PRI hegem\u00f3nico, era obligaci\u00f3n de todo mexicano estar afiliado al partidazo. Cuando ibas a pedir trabajo a una talabarter\u00eda (por poner un ejemplo), lo primero que te preguntaban era a qu\u00e9 partido pol\u00edtico pertenec\u00edas. Si dec\u00edas que eras del PRI ten\u00edas la chamba en autom\u00e1tico. Si dec\u00edas que [&hellip;]\" \/>\n<meta property=\"og:url\" content=\"https:\/\/lospoliticosveracruz.com\/?p=160766\" \/>\n<meta property=\"og:site_name\" content=\"Los pol\u00edticos Veracruz\" \/>\n<meta property=\"article:publisher\" content=\"https:\/\/www.facebook.com\/people\/Notimemes-de-los-Polticos\/61565672886568\/\" \/>\n<meta property=\"article:published_time\" content=\"2026-01-19T11:17:07+00:00\" \/>\n<meta property=\"article:modified_time\" content=\"2026-01-19T11:17:09+00:00\" \/>\n<meta property=\"og:image\" content=\"https:\/\/lospoliticosveracruz.com\/wp-content\/uploads\/2025\/04\/Bernardo-Gutierrez-Parra.jpg\" \/>\n\t<meta property=\"og:image:width\" content=\"1250\" \/>\n\t<meta property=\"og:image:height\" content=\"667\" \/>\n\t<meta property=\"og:image:type\" content=\"image\/jpeg\" \/>\n<meta name=\"author\" content=\"Lo viste en Los Pol\u00edticos\" \/>\n<meta name=\"twitter:card\" content=\"summary_large_image\" \/>\n<meta name=\"twitter:creator\" content=\"@LosPoliticosVer\" \/>\n<meta name=\"twitter:site\" content=\"@LosPoliticosVer\" \/>\n<meta name=\"twitter:label1\" content=\"Escrito por\" \/>\n\t<meta name=\"twitter:data1\" content=\"Lo viste en Los Pol\u00edticos\" \/>\n\t<meta name=\"twitter:label2\" content=\"Tiempo de lectura\" \/>\n\t<meta name=\"twitter:data2\" content=\"4 minutos\" \/>\n<script type=\"application\/ld+json\" class=\"yoast-schema-graph\">{\"@context\":\"https:\\\/\\\/schema.org\",\"@graph\":[{\"@type\":\"Article\",\"@id\":\"https:\\\/\\\/lospoliticosveracruz.com\\\/?p=160766#article\",\"isPartOf\":{\"@id\":\"https:\\\/\\\/lospoliticosveracruz.com\\\/?p=160766\"},\"author\":{\"name\":\"Lo viste en Los Pol\u00edticos\",\"@id\":\"https:\\\/\\\/lospoliticosveracruz.com\\\/#\\\/schema\\\/person\\\/b8702bb0e538456e6efd07080bf2a4a2\"},\"headline\":\"POR PURO INSTINTO DE SOBREVIVENCIA\",\"datePublished\":\"2026-01-19T11:17:07+00:00\",\"dateModified\":\"2026-01-19T11:17:09+00:00\",\"mainEntityOfPage\":{\"@id\":\"https:\\\/\\\/lospoliticosveracruz.com\\\/?p=160766\"},\"wordCount\":660,\"publisher\":{\"@id\":\"https:\\\/\\\/lospoliticosveracruz.com\\\/#organization\"},\"image\":{\"@id\":\"https:\\\/\\\/lospoliticosveracruz.com\\\/?p=160766#primaryimage\"},\"thumbnailUrl\":\"https:\\\/\\\/lospoliticosveracruz.com\\\/wp-content\\\/uploads\\\/2025\\\/04\\\/Bernardo-Gutierrez-Parra.jpg\",\"keywords\":[\"Andy L\u00f3pez Beltr\u00e1n\",\"CROC\",\"CTM\",\"Miguel de la Madrid\",\"Morena\",\"PRI\",\"SNTE\"],\"articleSection\":[\"De Opini\u00f3n\"],\"inLanguage\":\"es\"},{\"@type\":\"WebPage\",\"@id\":\"https:\\\/\\\/lospoliticosveracruz.com\\\/?p=160766\",\"url\":\"https:\\\/\\\/lospoliticosveracruz.com\\\/?p=160766\",\"name\":\"POR PURO INSTINTO DE SOBREVIVENCIA - Los pol\u00edticos Veracruz\",\"isPartOf\":{\"@id\":\"https:\\\/\\\/lospoliticosveracruz.com\\\/#website\"},\"primaryImageOfPage\":{\"@id\":\"https:\\\/\\\/lospoliticosveracruz.com\\\/?p=160766#primaryimage\"},\"image\":{\"@id\":\"https:\\\/\\\/lospoliticosveracruz.com\\\/?p=160766#primaryimage\"},\"thumbnailUrl\":\"https:\\\/\\\/lospoliticosveracruz.com\\\/wp-content\\\/uploads\\\/2025\\\/04\\\/Bernardo-Gutierrez-Parra.jpg\",\"datePublished\":\"2026-01-19T11:17:07+00:00\",\"dateModified\":\"2026-01-19T11:17:09+00:00\",\"breadcrumb\":{\"@id\":\"https:\\\/\\\/lospoliticosveracruz.com\\\/?p=160766#breadcrumb\"},\"inLanguage\":\"es\",\"potentialAction\":[{\"@type\":\"ReadAction\",\"target\":[\"https:\\\/\\\/lospoliticosveracruz.com\\\/?p=160766\"]}]},{\"@type\":\"ImageObject\",\"inLanguage\":\"es\",\"@id\":\"https:\\\/\\\/lospoliticosveracruz.com\\\/?p=160766#primaryimage\",\"url\":\"https:\\\/\\\/lospoliticosveracruz.com\\\/wp-content\\\/uploads\\\/2025\\\/04\\\/Bernardo-Gutierrez-Parra.jpg\",\"contentUrl\":\"https:\\\/\\\/lospoliticosveracruz.com\\\/wp-content\\\/uploads\\\/2025\\\/04\\\/Bernardo-Gutierrez-Parra.jpg\",\"width\":1250,\"height\":667},{\"@type\":\"BreadcrumbList\",\"@id\":\"https:\\\/\\\/lospoliticosveracruz.com\\\/?p=160766#breadcrumb\",\"itemListElement\":[{\"@type\":\"ListItem\",\"position\":1,\"name\":\"Portada\",\"item\":\"https:\\\/\\\/lospoliticosveracruz.com\\\/\"},{\"@type\":\"ListItem\",\"position\":2,\"name\":\"POR PURO INSTINTO DE SOBREVIVENCIA\"}]},{\"@type\":\"WebSite\",\"@id\":\"https:\\\/\\\/lospoliticosveracruz.com\\\/#website\",\"url\":\"https:\\\/\\\/lospoliticosveracruz.com\\\/\",\"name\":\"Los pol\u00edticos Veracruz\",\"description\":\"\",\"publisher\":{\"@id\":\"https:\\\/\\\/lospoliticosveracruz.com\\\/#organization\"},\"potentialAction\":[{\"@type\":\"SearchAction\",\"target\":{\"@type\":\"EntryPoint\",\"urlTemplate\":\"https:\\\/\\\/lospoliticosveracruz.com\\\/?s={search_term_string}\"},\"query-input\":{\"@type\":\"PropertyValueSpecification\",\"valueRequired\":true,\"valueName\":\"search_term_string\"}}],\"inLanguage\":\"es\"},{\"@type\":\"Organization\",\"@id\":\"https:\\\/\\\/lospoliticosveracruz.com\\\/#organization\",\"name\":\"Los pol\u00edticos Veracruz\",\"url\":\"https:\\\/\\\/lospoliticosveracruz.com\\\/\",\"logo\":{\"@type\":\"ImageObject\",\"inLanguage\":\"es\",\"@id\":\"https:\\\/\\\/lospoliticosveracruz.com\\\/#\\\/schema\\\/logo\\\/image\\\/\",\"url\":\"https:\\\/\\\/lospoliticosveracruz.com\\\/wp-content\\\/uploads\\\/2025\\\/12\\\/Logo-Nuevo-LOS-POLITICOS-1.jpg\",\"contentUrl\":\"https:\\\/\\\/lospoliticosveracruz.com\\\/wp-content\\\/uploads\\\/2025\\\/12\\\/Logo-Nuevo-LOS-POLITICOS-1.jpg\",\"width\":260,\"height\":70,\"caption\":\"Los pol\u00edticos Veracruz\"},\"image\":{\"@id\":\"https:\\\/\\\/lospoliticosveracruz.com\\\/#\\\/schema\\\/logo\\\/image\\\/\"},\"sameAs\":[\"https:\\\/\\\/www.facebook.com\\\/people\\\/Notimemes-de-los-Polticos\\\/61565672886568\\\/\",\"https:\\\/\\\/x.com\\\/LosPoliticosVer\"]},{\"@type\":\"Person\",\"@id\":\"https:\\\/\\\/lospoliticosveracruz.com\\\/#\\\/schema\\\/person\\\/b8702bb0e538456e6efd07080bf2a4a2\",\"name\":\"Lo viste en Los Pol\u00edticos\",\"image\":{\"@type\":\"ImageObject\",\"inLanguage\":\"es\",\"@id\":\"https:\\\/\\\/secure.gravatar.com\\\/avatar\\\/3a8de04a2656d44082be478bd6c086daa447c4651605818287b9532d3d0bd435?s=96&d=mm&r=g\",\"url\":\"https:\\\/\\\/secure.gravatar.com\\\/avatar\\\/3a8de04a2656d44082be478bd6c086daa447c4651605818287b9532d3d0bd435?s=96&d=mm&r=g\",\"contentUrl\":\"https:\\\/\\\/secure.gravatar.com\\\/avatar\\\/3a8de04a2656d44082be478bd6c086daa447c4651605818287b9532d3d0bd435?s=96&d=mm&r=g\",\"caption\":\"Lo viste en Los Pol\u00edticos\"},\"url\":\"https:\\\/\\\/lospoliticosveracruz.com\\\/?author=2\"}]}<\/script>\n<!-- \/ Yoast SEO plugin. -->","yoast_head_json":{"title":"POR PURO INSTINTO DE SOBREVIVENCIA - Los pol\u00edticos Veracruz","robots":{"index":"index","follow":"follow","max-snippet":"max-snippet:-1","max-image-preview":"max-image-preview:large","max-video-preview":"max-video-preview:-1"},"canonical":"https:\/\/lospoliticosveracruz.com\/?p=160766","og_locale":"es_ES","og_type":"article","og_title":"POR PURO INSTINTO DE SOBREVIVENCIA - Los pol\u00edticos Veracruz","og_description":"Bernardo Guti\u00e9rrez ParraDesde el Caf\u00e9En tiempos del PRI hegem\u00f3nico, era obligaci\u00f3n de todo mexicano estar afiliado al partidazo. Cuando ibas a pedir trabajo a una talabarter\u00eda (por poner un ejemplo), lo primero que te preguntaban era a qu\u00e9 partido pol\u00edtico pertenec\u00edas. Si dec\u00edas que eras del PRI ten\u00edas la chamba en autom\u00e1tico. Si dec\u00edas que [&hellip;]","og_url":"https:\/\/lospoliticosveracruz.com\/?p=160766","og_site_name":"Los pol\u00edticos Veracruz","article_publisher":"https:\/\/www.facebook.com\/people\/Notimemes-de-los-Polticos\/61565672886568\/","article_published_time":"2026-01-19T11:17:07+00:00","article_modified_time":"2026-01-19T11:17:09+00:00","og_image":[{"width":1250,"height":667,"url":"https:\/\/lospoliticosveracruz.com\/wp-content\/uploads\/2025\/04\/Bernardo-Gutierrez-Parra.jpg","type":"image\/jpeg"}],"author":"Lo viste en Los Pol\u00edticos","twitter_card":"summary_large_image","twitter_creator":"@LosPoliticosVer","twitter_site":"@LosPoliticosVer","twitter_misc":{"Escrito por":"Lo viste en Los Pol\u00edticos","Tiempo de lectura":"4 minutos"},"schema":{"@context":"https:\/\/schema.org","@graph":[{"@type":"Article","@id":"https:\/\/lospoliticosveracruz.com\/?p=160766#article","isPartOf":{"@id":"https:\/\/lospoliticosveracruz.com\/?p=160766"},"author":{"name":"Lo viste en Los Pol\u00edticos","@id":"https:\/\/lospoliticosveracruz.com\/#\/schema\/person\/b8702bb0e538456e6efd07080bf2a4a2"},"headline":"POR PURO INSTINTO DE SOBREVIVENCIA","datePublished":"2026-01-19T11:17:07+00:00","dateModified":"2026-01-19T11:17:09+00:00","mainEntityOfPage":{"@id":"https:\/\/lospoliticosveracruz.com\/?p=160766"},"wordCount":660,"publisher":{"@id":"https:\/\/lospoliticosveracruz.com\/#organization"},"image":{"@id":"https:\/\/lospoliticosveracruz.com\/?p=160766#primaryimage"},"thumbnailUrl":"https:\/\/lospoliticosveracruz.com\/wp-content\/uploads\/2025\/04\/Bernardo-Gutierrez-Parra.jpg","keywords":["Andy L\u00f3pez Beltr\u00e1n","CROC","CTM","Miguel de la Madrid","Morena","PRI","SNTE"],"articleSection":["De Opini\u00f3n"],"inLanguage":"es"},{"@type":"WebPage","@id":"https:\/\/lospoliticosveracruz.com\/?p=160766","url":"https:\/\/lospoliticosveracruz.com\/?p=160766","name":"POR PURO INSTINTO DE SOBREVIVENCIA - Los pol\u00edticos Veracruz","isPartOf":{"@id":"https:\/\/lospoliticosveracruz.com\/#website"},"primaryImageOfPage":{"@id":"https:\/\/lospoliticosveracruz.com\/?p=160766#primaryimage"},"image":{"@id":"https:\/\/lospoliticosveracruz.com\/?p=160766#primaryimage"},"thumbnailUrl":"https:\/\/lospoliticosveracruz.com\/wp-content\/uploads\/2025\/04\/Bernardo-Gutierrez-Parra.jpg","datePublished":"2026-01-19T11:17:07+00:00","dateModified":"2026-01-19T11:17:09+00:00","breadcrumb":{"@id":"https:\/\/lospoliticosveracruz.com\/?p=160766#breadcrumb"},"inLanguage":"es","potentialAction":[{"@type":"ReadAction","target":["https:\/\/lospoliticosveracruz.com\/?p=160766"]}]},{"@type":"ImageObject","inLanguage":"es","@id":"https:\/\/lospoliticosveracruz.com\/?p=160766#primaryimage","url":"https:\/\/lospoliticosveracruz.com\/wp-content\/uploads\/2025\/04\/Bernardo-Gutierrez-Parra.jpg","contentUrl":"https:\/\/lospoliticosveracruz.com\/wp-content\/uploads\/2025\/04\/Bernardo-Gutierrez-Parra.jpg","width":1250,"height":667},{"@type":"BreadcrumbList","@id":"https:\/\/lospoliticosveracruz.com\/?p=160766#breadcrumb","itemListElement":[{"@type":"ListItem","position":1,"name":"Portada","item":"https:\/\/lospoliticosveracruz.com\/"},{"@type":"ListItem","position":2,"name":"POR PURO INSTINTO DE SOBREVIVENCIA"}]},{"@type":"WebSite","@id":"https:\/\/lospoliticosveracruz.com\/#website","url":"https:\/\/lospoliticosveracruz.com\/","name":"Los pol\u00edticos Veracruz","description":"","publisher":{"@id":"https:\/\/lospoliticosveracruz.com\/#organization"},"potentialAction":[{"@type":"SearchAction","target":{"@type":"EntryPoint","urlTemplate":"https:\/\/lospoliticosveracruz.com\/?s={search_term_string}"},"query-input":{"@type":"PropertyValueSpecification","valueRequired":true,"valueName":"search_term_string"}}],"inLanguage":"es"},{"@type":"Organization","@id":"https:\/\/lospoliticosveracruz.com\/#organization","name":"Los pol\u00edticos Veracruz","url":"https:\/\/lospoliticosveracruz.com\/","logo":{"@type":"ImageObject","inLanguage":"es","@id":"https:\/\/lospoliticosveracruz.com\/#\/schema\/logo\/image\/","url":"https:\/\/lospoliticosveracruz.com\/wp-content\/uploads\/2025\/12\/Logo-Nuevo-LOS-POLITICOS-1.jpg","contentUrl":"https:\/\/lospoliticosveracruz.com\/wp-content\/uploads\/2025\/12\/Logo-Nuevo-LOS-POLITICOS-1.jpg","width":260,"height":70,"caption":"Los pol\u00edticos Veracruz"},"image":{"@id":"https:\/\/lospoliticosveracruz.com\/#\/schema\/logo\/image\/"},"sameAs":["https:\/\/www.facebook.com\/people\/Notimemes-de-los-Polticos\/61565672886568\/","https:\/\/x.com\/LosPoliticosVer"]},{"@type":"Person","@id":"https:\/\/lospoliticosveracruz.com\/#\/schema\/person\/b8702bb0e538456e6efd07080bf2a4a2","name":"Lo viste en Los Pol\u00edticos","image":{"@type":"ImageObject","inLanguage":"es","@id":"https:\/\/secure.gravatar.com\/avatar\/3a8de04a2656d44082be478bd6c086daa447c4651605818287b9532d3d0bd435?s=96&d=mm&r=g","url":"https:\/\/secure.gravatar.com\/avatar\/3a8de04a2656d44082be478bd6c086daa447c4651605818287b9532d3d0bd435?s=96&d=mm&r=g","contentUrl":"https:\/\/secure.gravatar.com\/avatar\/3a8de04a2656d44082be478bd6c086daa447c4651605818287b9532d3d0bd435?s=96&d=mm&r=g","caption":"Lo viste en Los Pol\u00edticos"},"url":"https:\/\/lospoliticosveracruz.com\/?author=2"}]}},"_links":{"self":[{"href":"https:\/\/lospoliticosveracruz.com\/index.php?rest_route=\/wp\/v2\/posts\/160766","targetHints":{"allow":["GET"]}}],"collection":[{"href":"https:\/\/lospoliticosveracruz.com\/index.php?rest_route=\/wp\/v2\/posts"}],"about":[{"href":"https:\/\/lospoliticosveracruz.com\/index.php?rest_route=\/wp\/v2\/types\/post"}],"author":[{"embeddable":true,"href":"https:\/\/lospoliticosveracruz.com\/index.php?rest_route=\/wp\/v2\/users\/2"}],"replies":[{"embeddable":true,"href":"https:\/\/lospoliticosveracruz.com\/index.php?rest_route=%2Fwp%2Fv2%2Fcomments&post=160766"}],"version-history":[{"count":1,"href":"https:\/\/lospoliticosveracruz.com\/index.php?rest_route=\/wp\/v2\/posts\/160766\/revisions"}],"predecessor-version":[{"id":160767,"href":"https:\/\/lospoliticosveracruz.com\/index.php?rest_route=\/wp\/v2\/posts\/160766\/revisions\/160767"}],"wp:featuredmedia":[{"embeddable":true,"href":"https:\/\/lospoliticosveracruz.com\/index.php?rest_route=\/wp\/v2\/media\/141479"}],"wp:attachment":[{"href":"https:\/\/lospoliticosveracruz.com\/index.php?rest_route=%2Fwp%2Fv2%2Fmedia&parent=160766"}],"wp:term":[{"taxonomy":"category","embeddable":true,"href":"https:\/\/lospoliticosveracruz.com\/index.php?rest_route=%2Fwp%2Fv2%2Fcategories&post=160766"},{"taxonomy":"post_tag","embeddable":true,"href":"https:\/\/lospoliticosveracruz.com\/index.php?rest_route=%2Fwp%2Fv2%2Ftags&post=160766"}],"curies":[{"name":"wp","href":"https:\/\/api.w.org\/{rel}","templated":true}]}}