{"id":160769,"date":"2026-01-19T06:38:38","date_gmt":"2026-01-19T12:38:38","guid":{"rendered":"https:\/\/lospoliticosveracruz.com\/?p=160769"},"modified":"2026-01-19T07:26:31","modified_gmt":"2026-01-19T13:26:31","slug":"revocacion-de-mandado-otro-pendiente","status":"publish","type":"post","link":"https:\/\/lospoliticosveracruz.com\/?p=160769","title":{"rendered":"REVOCACI\u00d3N DE MANDATO, OTRO PENDIENTE"},"content":{"rendered":"\n<p><br><strong>Fanny Y\u00e9pez<\/strong><br><em>La Columna<\/em><\/p>\n\n\n\n<p>A partir del 18 de enero de 2026, la propuesta de reforma electoral en M\u00e9xico se encuentra en una etapa de definici\u00f3n t\u00e9cnica y negociaciones pol\u00edticas, previas a su llegada formal al Congreso, prevista para febrero de 2026.<br>Los l\u00edderes de opini\u00f3n y los actores pol\u00edticos est\u00e1n a la expectativa sobre el avance de la Reforma Electoral, que normar\u00e1 las elecciones intermedias de 2027, porque esta normatividad definir\u00e1 su futuro pol\u00edtico.<br>Todos alistan su estrategia pol\u00edtica, sobre la reforma electoral, donde adelantar\u00edan la revocaci\u00f3n de mandato para 2027 y eliminar\u00edan el fuero constitucional para diputados, senadores, legisladores locales y para Gobernadores, se eliminar\u00edan 100 diputados de representaci\u00f3n proporcional y desaparecer\u00edan a todos los senadores electos de esa manera, (32) plurinuminales.<br>\u00bfQui\u00e9n depende m\u00e1s de las plurinuminales?<br>En la actualidad Morena tiene 161 por mayor\u00eda relativa y 75 de representaci\u00f3n proporcional<br>El PVEM 57 uninominales y 20 pluris<br>El PT 38 uninominales y 13 pluris<br>El PAN 40 uninominales y 40 pluris<br>PRI 9 uninominales y 26 pluris<br>MC 1 uninominal<br>De acuerdo a un esquema sobre c\u00f3mo distribuirlos en las curules en el Congreso Federal, se puede proyectar que partidos ser\u00edan los m\u00e1s afectados con la desaparici\u00f3n o su caso reducci\u00f3n de las plurinominales, por ello es que se resisten a desaparezcan las posiciones de representaci\u00f3n proporcional.<br>Pero los nubarrones u obst\u00e1culos que se interpon\u00edan en el desarrollo de la Reforma Electoral, al parecer ya se despejaron, porque tanto, el Partido del Trabajo (PT) y el Partido Verde Ecologista de M\u00e9xico (PVEM) han ratificado su alianza pol\u00edtica y electoral con Morena. Esta reafirmaci\u00f3n ocurri\u00f3 tras reuniones con la Secretar\u00eda de Gobernaci\u00f3n (Segob).<br>Fuentes legislativas de la 4T confirmaron que la intenci\u00f3n de este plan electoral es que al adelantar la revocaci\u00f3n de mandato, la Presidenta Claudia Sheinbaum, t\u00e1citamente, estar\u00e1 en la decisi\u00f3n de los electores junto a la elecci\u00f3n intermedia del Congreso el 6 de junio de 2027, donde Morena pretende ratificar su mayor\u00eda.<br>El d\u00eda de la elecci\u00f3n el votante recibir\u00e1 tambi\u00e9n una boleta con la consulta de la revocaci\u00f3n y, en el proceso, podr\u00e1 hacer \u201ccampa\u00f1a\u201d.<br>Esta citada Reforma electoral busca reducir costos, disminuir el gasto de las instituciones electorales y de los partidos pol\u00edticos.<br>La presidenta Claudia Sheinbaum ha asegurado que no se eliminar\u00e1 la autonom\u00eda del Instituto Nacional Electoral (INE), ni se afectar\u00e1 la representaci\u00f3n de las minor\u00edas.<br>Con democracia participativa, se pretende fortalecer las consultas p\u00fablicas y los mecanismos de participaci\u00f3n ciudadana.<br>Situaci\u00f3n pol\u00edtica en el Congreso federal, Morena y sus aliados (PT y PVEM) han sostenido reuniones en Palacio Nacional para afinar el proyecto. Sin embargo, el Partido del Trabajo (PT) ha advertido que Morena no cuenta con los votos suficientes por s\u00ed solo, para una reforma constitucional y ha cuestionado la necesidad de algunos cambios, se\u00f1alando que hay otros temas prioritarios.<br>Actualmente, el debate se centra en asegurar que la propuesta fortalezca el sistema democr\u00e1tico sin ser \u00abautoritaria\u00bb, mientras la oposici\u00f3n y diversos juristas vigilan que no se vulneren est\u00e1ndares internacionales de integridad electora.<br>Hay que recordar que el pr\u00f3ximo a\u00f1o, se elegir\u00e1n 17 gubernaturas, se renovar\u00e1n 31 congresos locales y las alcald\u00edas de 30 estados.<br>Lo que queda pendiente es si integran en este megapaquete electoral, la segunda fase de la elecci\u00f3n judicial, tema que inicialmente Sheinbaum hab\u00eda rechazado.<br>\u201cSe est\u00e1 definiendo si dentro de la reforma electoral contiene revocaci\u00f3n de mandato, que est\u00e1 en la C\u00e1mara en un dictamen, y fuero constitucional, en su eliminaci\u00f3n\u201d, declar\u00f3 Ricardo Monreal, coordinador parlamentario de Morena.<br>El dictamen referido tiene que ver con la propuesta del vicecoordinador morenista, Alfonso Ram\u00edrez Cu\u00e9llar, para reformar el art\u00edculo 35 de la Constituci\u00f3n.<br>Seg\u00fan el dictamen, las consultas populares se realizar\u00e1n el \u201cmismo d\u00eda y durante la jornada electoral correspondiente a las elecciones ordinarias intermedias, para elegir diputadas y diputados al Congreso de la Uni\u00f3n\u201d.<br>En este caso, ser\u00eda el 6 de junio de 2027, adelantando la fecha originalmente propuesta para el primer domingo de agosto.<br>Tambi\u00e9n se prev\u00e9 eliminar el fuero a diputados, senadores y gobernadores, as\u00ed como a legisladores locales, con el argumento de que, con inmunidad, algunos buscan evadir responsabilidades penales o administrativas.<br>Se prev\u00e9 que la fracci\u00f3n de Morena, con la ayuda de sus aliados del PT y PVEM, asuma estos temas como su prioridad en el Congreso.<br>El mi\u00e9rcoles pasado, la Presidenta Claudia Sheinbaum y los integrantes de la Comisi\u00f3n para la Reforma Electoral, se reunieron en Palacio Nacional con l\u00edderes de Morena para encaminar la iniciativa.<br>Ricardo Monreal asegur\u00f3 que ya se puso en contacto con los coordinadores del PAN, El\u00edas Lixa; del Verde, Carlos Puente; y del PT, Reginaldo Sandoval.<br>En resumen, la Reforma Electoral impacta a los partidos pol\u00edticos al buscar reducir su financiamiento p\u00fablico, modificar la forma de elecci\u00f3n de legisladores (menos plurinominales, m\u00e1s voto directo), unificar autoridades electorales (como el INE\/INEC) y centralizar la legislaci\u00f3n, lo que podr\u00eda fortalecer la democracia pero tambi\u00e9n alterar el poder y la representaci\u00f3n de los partidos, especialmente aquellos en el poder y la oposici\u00f3n, afectando su acceso a medios y su estructura interna, generando controversia y debates sobre la estabilidad del sistema electoral mexicano.<\/p>\n","protected":false},"excerpt":{"rendered":"<p>Fanny Y\u00e9pezLa Columna A partir del 18 de enero de 2026, la propuesta de reforma electoral en M\u00e9xico se encuentra en una etapa de definici\u00f3n t\u00e9cnica y negociaciones pol\u00edticas, previas a su llegada formal al Congreso, prevista para febrero de 2026.Los l\u00edderes de opini\u00f3n y los actores pol\u00edticos est\u00e1n a la expectativa sobre el avance [&hellip;]<\/p>\n","protected":false},"author":2,"featured_media":141383,"comment_status":"closed","ping_status":"closed","sticky":false,"template":"","format":"standard","meta":{"tdm_status":"","tdm_grid_status":"","footnotes":""},"categories":[70],"tags":[9627,1026,1817,264,1414,14240,10353],"class_list":{"0":"post-160769","1":"post","2":"type-post","3":"status-publish","4":"format-standard","5":"has-post-thumbnail","7":"category-de-opinion","8":"tag-claudia-sheinbaum","9":"tag-morena","10":"tag-plurinominales","11":"tag-pvem","12":"tag-reforma-electoral","13":"tag-revocacion-de-mandato","14":"tag-ricardo-monreal"},"yoast_head":"<!-- This site is optimized with the Yoast SEO plugin v27.4 - https:\/\/yoast.com\/product\/yoast-seo-wordpress\/ -->\n<title>REVOCACI\u00d3N DE MANDATO, OTRO PENDIENTE - Los pol\u00edticos Veracruz<\/title>\n<meta name=\"robots\" content=\"index, follow, max-snippet:-1, max-image-preview:large, max-video-preview:-1\" \/>\n<link rel=\"canonical\" href=\"https:\/\/lospoliticosveracruz.com\/?p=160769\" \/>\n<meta property=\"og:locale\" content=\"es_ES\" \/>\n<meta property=\"og:type\" content=\"article\" \/>\n<meta property=\"og:title\" content=\"REVOCACI\u00d3N DE MANDATO, OTRO PENDIENTE - Los pol\u00edticos Veracruz\" \/>\n<meta property=\"og:description\" content=\"Fanny Y\u00e9pezLa Columna A partir del 18 de enero de 2026, la propuesta de reforma electoral en M\u00e9xico se encuentra en una etapa de definici\u00f3n t\u00e9cnica y negociaciones pol\u00edticas, previas a su llegada formal al Congreso, prevista para febrero de 2026.Los l\u00edderes de opini\u00f3n y los actores pol\u00edticos est\u00e1n a la expectativa sobre el avance [&hellip;]\" \/>\n<meta property=\"og:url\" content=\"https:\/\/lospoliticosveracruz.com\/?p=160769\" \/>\n<meta property=\"og:site_name\" content=\"Los pol\u00edticos Veracruz\" \/>\n<meta property=\"article:publisher\" content=\"https:\/\/www.facebook.com\/people\/Notimemes-de-los-Polticos\/61565672886568\/\" \/>\n<meta property=\"article:published_time\" content=\"2026-01-19T12:38:38+00:00\" \/>\n<meta property=\"article:modified_time\" content=\"2026-01-19T13:26:31+00:00\" \/>\n<meta property=\"og:image\" content=\"https:\/\/lospoliticosveracruz.com\/wp-content\/uploads\/2025\/04\/Fanny-Yepez-Luna-e1768657334923.jpg\" \/>\n\t<meta property=\"og:image:width\" content=\"600\" \/>\n\t<meta property=\"og:image:height\" content=\"320\" \/>\n\t<meta property=\"og:image:type\" content=\"image\/jpeg\" \/>\n<meta name=\"author\" content=\"Lo viste en Los Pol\u00edticos\" \/>\n<meta name=\"twitter:card\" content=\"summary_large_image\" \/>\n<meta name=\"twitter:creator\" content=\"@LosPoliticosVer\" \/>\n<meta name=\"twitter:site\" content=\"@LosPoliticosVer\" \/>\n<meta name=\"twitter:label1\" content=\"Escrito por\" \/>\n\t<meta name=\"twitter:data1\" content=\"Lo viste en Los Pol\u00edticos\" \/>\n\t<meta name=\"twitter:label2\" content=\"Tiempo de lectura\" \/>\n\t<meta name=\"twitter:data2\" content=\"5 minutos\" \/>\n<script type=\"application\/ld+json\" class=\"yoast-schema-graph\">{\"@context\":\"https:\\\/\\\/schema.org\",\"@graph\":[{\"@type\":\"Article\",\"@id\":\"https:\\\/\\\/lospoliticosveracruz.com\\\/?p=160769#article\",\"isPartOf\":{\"@id\":\"https:\\\/\\\/lospoliticosveracruz.com\\\/?p=160769\"},\"author\":{\"name\":\"Lo viste en Los Pol\u00edticos\",\"@id\":\"https:\\\/\\\/lospoliticosveracruz.com\\\/#\\\/schema\\\/person\\\/b8702bb0e538456e6efd07080bf2a4a2\"},\"headline\":\"REVOCACI\u00d3N DE MANDATO, OTRO PENDIENTE\",\"datePublished\":\"2026-01-19T12:38:38+00:00\",\"dateModified\":\"2026-01-19T13:26:31+00:00\",\"mainEntityOfPage\":{\"@id\":\"https:\\\/\\\/lospoliticosveracruz.com\\\/?p=160769\"},\"wordCount\":921,\"publisher\":{\"@id\":\"https:\\\/\\\/lospoliticosveracruz.com\\\/#organization\"},\"image\":{\"@id\":\"https:\\\/\\\/lospoliticosveracruz.com\\\/?p=160769#primaryimage\"},\"thumbnailUrl\":\"https:\\\/\\\/lospoliticosveracruz.com\\\/wp-content\\\/uploads\\\/2025\\\/04\\\/Fanny-Yepez-Luna-e1768657334923.jpg\",\"keywords\":[\"Claudia Sheinbaum\",\"Morena\",\"plurinominales\",\"PVEM\",\"reforma electoral\",\"Revocaci\u00f3n de Mandato\",\"Ricardo Monreal\"],\"articleSection\":[\"De Opini\u00f3n\"],\"inLanguage\":\"es\"},{\"@type\":\"WebPage\",\"@id\":\"https:\\\/\\\/lospoliticosveracruz.com\\\/?p=160769\",\"url\":\"https:\\\/\\\/lospoliticosveracruz.com\\\/?p=160769\",\"name\":\"REVOCACI\u00d3N DE MANDATO, OTRO PENDIENTE - Los pol\u00edticos Veracruz\",\"isPartOf\":{\"@id\":\"https:\\\/\\\/lospoliticosveracruz.com\\\/#website\"},\"primaryImageOfPage\":{\"@id\":\"https:\\\/\\\/lospoliticosveracruz.com\\\/?p=160769#primaryimage\"},\"image\":{\"@id\":\"https:\\\/\\\/lospoliticosveracruz.com\\\/?p=160769#primaryimage\"},\"thumbnailUrl\":\"https:\\\/\\\/lospoliticosveracruz.com\\\/wp-content\\\/uploads\\\/2025\\\/04\\\/Fanny-Yepez-Luna-e1768657334923.jpg\",\"datePublished\":\"2026-01-19T12:38:38+00:00\",\"dateModified\":\"2026-01-19T13:26:31+00:00\",\"breadcrumb\":{\"@id\":\"https:\\\/\\\/lospoliticosveracruz.com\\\/?p=160769#breadcrumb\"},\"inLanguage\":\"es\",\"potentialAction\":[{\"@type\":\"ReadAction\",\"target\":[\"https:\\\/\\\/lospoliticosveracruz.com\\\/?p=160769\"]}]},{\"@type\":\"ImageObject\",\"inLanguage\":\"es\",\"@id\":\"https:\\\/\\\/lospoliticosveracruz.com\\\/?p=160769#primaryimage\",\"url\":\"https:\\\/\\\/lospoliticosveracruz.com\\\/wp-content\\\/uploads\\\/2025\\\/04\\\/Fanny-Yepez-Luna-e1768657334923.jpg\",\"contentUrl\":\"https:\\\/\\\/lospoliticosveracruz.com\\\/wp-content\\\/uploads\\\/2025\\\/04\\\/Fanny-Yepez-Luna-e1768657334923.jpg\",\"width\":600,\"height\":320},{\"@type\":\"BreadcrumbList\",\"@id\":\"https:\\\/\\\/lospoliticosveracruz.com\\\/?p=160769#breadcrumb\",\"itemListElement\":[{\"@type\":\"ListItem\",\"position\":1,\"name\":\"Portada\",\"item\":\"https:\\\/\\\/lospoliticosveracruz.com\\\/\"},{\"@type\":\"ListItem\",\"position\":2,\"name\":\"REVOCACI\u00d3N DE MANDATO, OTRO PENDIENTE\"}]},{\"@type\":\"WebSite\",\"@id\":\"https:\\\/\\\/lospoliticosveracruz.com\\\/#website\",\"url\":\"https:\\\/\\\/lospoliticosveracruz.com\\\/\",\"name\":\"Los pol\u00edticos Veracruz\",\"description\":\"\",\"publisher\":{\"@id\":\"https:\\\/\\\/lospoliticosveracruz.com\\\/#organization\"},\"potentialAction\":[{\"@type\":\"SearchAction\",\"target\":{\"@type\":\"EntryPoint\",\"urlTemplate\":\"https:\\\/\\\/lospoliticosveracruz.com\\\/?s={search_term_string}\"},\"query-input\":{\"@type\":\"PropertyValueSpecification\",\"valueRequired\":true,\"valueName\":\"search_term_string\"}}],\"inLanguage\":\"es\"},{\"@type\":\"Organization\",\"@id\":\"https:\\\/\\\/lospoliticosveracruz.com\\\/#organization\",\"name\":\"Los pol\u00edticos Veracruz\",\"url\":\"https:\\\/\\\/lospoliticosveracruz.com\\\/\",\"logo\":{\"@type\":\"ImageObject\",\"inLanguage\":\"es\",\"@id\":\"https:\\\/\\\/lospoliticosveracruz.com\\\/#\\\/schema\\\/logo\\\/image\\\/\",\"url\":\"https:\\\/\\\/lospoliticosveracruz.com\\\/wp-content\\\/uploads\\\/2025\\\/12\\\/Logo-Nuevo-LOS-POLITICOS-1.jpg\",\"contentUrl\":\"https:\\\/\\\/lospoliticosveracruz.com\\\/wp-content\\\/uploads\\\/2025\\\/12\\\/Logo-Nuevo-LOS-POLITICOS-1.jpg\",\"width\":260,\"height\":70,\"caption\":\"Los pol\u00edticos Veracruz\"},\"image\":{\"@id\":\"https:\\\/\\\/lospoliticosveracruz.com\\\/#\\\/schema\\\/logo\\\/image\\\/\"},\"sameAs\":[\"https:\\\/\\\/www.facebook.com\\\/people\\\/Notimemes-de-los-Polticos\\\/61565672886568\\\/\",\"https:\\\/\\\/x.com\\\/LosPoliticosVer\"]},{\"@type\":\"Person\",\"@id\":\"https:\\\/\\\/lospoliticosveracruz.com\\\/#\\\/schema\\\/person\\\/b8702bb0e538456e6efd07080bf2a4a2\",\"name\":\"Lo viste en Los Pol\u00edticos\",\"image\":{\"@type\":\"ImageObject\",\"inLanguage\":\"es\",\"@id\":\"https:\\\/\\\/secure.gravatar.com\\\/avatar\\\/3a8de04a2656d44082be478bd6c086daa447c4651605818287b9532d3d0bd435?s=96&d=mm&r=g\",\"url\":\"https:\\\/\\\/secure.gravatar.com\\\/avatar\\\/3a8de04a2656d44082be478bd6c086daa447c4651605818287b9532d3d0bd435?s=96&d=mm&r=g\",\"contentUrl\":\"https:\\\/\\\/secure.gravatar.com\\\/avatar\\\/3a8de04a2656d44082be478bd6c086daa447c4651605818287b9532d3d0bd435?s=96&d=mm&r=g\",\"caption\":\"Lo viste en Los Pol\u00edticos\"},\"url\":\"https:\\\/\\\/lospoliticosveracruz.com\\\/?author=2\"}]}<\/script>\n<!-- \/ Yoast SEO plugin. -->","yoast_head_json":{"title":"REVOCACI\u00d3N DE MANDATO, OTRO PENDIENTE - Los pol\u00edticos Veracruz","robots":{"index":"index","follow":"follow","max-snippet":"max-snippet:-1","max-image-preview":"max-image-preview:large","max-video-preview":"max-video-preview:-1"},"canonical":"https:\/\/lospoliticosveracruz.com\/?p=160769","og_locale":"es_ES","og_type":"article","og_title":"REVOCACI\u00d3N DE MANDATO, OTRO PENDIENTE - Los pol\u00edticos Veracruz","og_description":"Fanny Y\u00e9pezLa Columna A partir del 18 de enero de 2026, la propuesta de reforma electoral en M\u00e9xico se encuentra en una etapa de definici\u00f3n t\u00e9cnica y negociaciones pol\u00edticas, previas a su llegada formal al Congreso, prevista para febrero de 2026.Los l\u00edderes de opini\u00f3n y los actores pol\u00edticos est\u00e1n a la expectativa sobre el avance [&hellip;]","og_url":"https:\/\/lospoliticosveracruz.com\/?p=160769","og_site_name":"Los pol\u00edticos Veracruz","article_publisher":"https:\/\/www.facebook.com\/people\/Notimemes-de-los-Polticos\/61565672886568\/","article_published_time":"2026-01-19T12:38:38+00:00","article_modified_time":"2026-01-19T13:26:31+00:00","og_image":[{"width":600,"height":320,"url":"https:\/\/lospoliticosveracruz.com\/wp-content\/uploads\/2025\/04\/Fanny-Yepez-Luna-e1768657334923.jpg","type":"image\/jpeg"}],"author":"Lo viste en Los Pol\u00edticos","twitter_card":"summary_large_image","twitter_creator":"@LosPoliticosVer","twitter_site":"@LosPoliticosVer","twitter_misc":{"Escrito por":"Lo viste en Los Pol\u00edticos","Tiempo de lectura":"5 minutos"},"schema":{"@context":"https:\/\/schema.org","@graph":[{"@type":"Article","@id":"https:\/\/lospoliticosveracruz.com\/?p=160769#article","isPartOf":{"@id":"https:\/\/lospoliticosveracruz.com\/?p=160769"},"author":{"name":"Lo viste en Los Pol\u00edticos","@id":"https:\/\/lospoliticosveracruz.com\/#\/schema\/person\/b8702bb0e538456e6efd07080bf2a4a2"},"headline":"REVOCACI\u00d3N DE MANDATO, OTRO PENDIENTE","datePublished":"2026-01-19T12:38:38+00:00","dateModified":"2026-01-19T13:26:31+00:00","mainEntityOfPage":{"@id":"https:\/\/lospoliticosveracruz.com\/?p=160769"},"wordCount":921,"publisher":{"@id":"https:\/\/lospoliticosveracruz.com\/#organization"},"image":{"@id":"https:\/\/lospoliticosveracruz.com\/?p=160769#primaryimage"},"thumbnailUrl":"https:\/\/lospoliticosveracruz.com\/wp-content\/uploads\/2025\/04\/Fanny-Yepez-Luna-e1768657334923.jpg","keywords":["Claudia Sheinbaum","Morena","plurinominales","PVEM","reforma electoral","Revocaci\u00f3n de Mandato","Ricardo Monreal"],"articleSection":["De Opini\u00f3n"],"inLanguage":"es"},{"@type":"WebPage","@id":"https:\/\/lospoliticosveracruz.com\/?p=160769","url":"https:\/\/lospoliticosveracruz.com\/?p=160769","name":"REVOCACI\u00d3N DE MANDATO, OTRO PENDIENTE - Los pol\u00edticos Veracruz","isPartOf":{"@id":"https:\/\/lospoliticosveracruz.com\/#website"},"primaryImageOfPage":{"@id":"https:\/\/lospoliticosveracruz.com\/?p=160769#primaryimage"},"image":{"@id":"https:\/\/lospoliticosveracruz.com\/?p=160769#primaryimage"},"thumbnailUrl":"https:\/\/lospoliticosveracruz.com\/wp-content\/uploads\/2025\/04\/Fanny-Yepez-Luna-e1768657334923.jpg","datePublished":"2026-01-19T12:38:38+00:00","dateModified":"2026-01-19T13:26:31+00:00","breadcrumb":{"@id":"https:\/\/lospoliticosveracruz.com\/?p=160769#breadcrumb"},"inLanguage":"es","potentialAction":[{"@type":"ReadAction","target":["https:\/\/lospoliticosveracruz.com\/?p=160769"]}]},{"@type":"ImageObject","inLanguage":"es","@id":"https:\/\/lospoliticosveracruz.com\/?p=160769#primaryimage","url":"https:\/\/lospoliticosveracruz.com\/wp-content\/uploads\/2025\/04\/Fanny-Yepez-Luna-e1768657334923.jpg","contentUrl":"https:\/\/lospoliticosveracruz.com\/wp-content\/uploads\/2025\/04\/Fanny-Yepez-Luna-e1768657334923.jpg","width":600,"height":320},{"@type":"BreadcrumbList","@id":"https:\/\/lospoliticosveracruz.com\/?p=160769#breadcrumb","itemListElement":[{"@type":"ListItem","position":1,"name":"Portada","item":"https:\/\/lospoliticosveracruz.com\/"},{"@type":"ListItem","position":2,"name":"REVOCACI\u00d3N DE MANDATO, OTRO PENDIENTE"}]},{"@type":"WebSite","@id":"https:\/\/lospoliticosveracruz.com\/#website","url":"https:\/\/lospoliticosveracruz.com\/","name":"Los pol\u00edticos Veracruz","description":"","publisher":{"@id":"https:\/\/lospoliticosveracruz.com\/#organization"},"potentialAction":[{"@type":"SearchAction","target":{"@type":"EntryPoint","urlTemplate":"https:\/\/lospoliticosveracruz.com\/?s={search_term_string}"},"query-input":{"@type":"PropertyValueSpecification","valueRequired":true,"valueName":"search_term_string"}}],"inLanguage":"es"},{"@type":"Organization","@id":"https:\/\/lospoliticosveracruz.com\/#organization","name":"Los pol\u00edticos Veracruz","url":"https:\/\/lospoliticosveracruz.com\/","logo":{"@type":"ImageObject","inLanguage":"es","@id":"https:\/\/lospoliticosveracruz.com\/#\/schema\/logo\/image\/","url":"https:\/\/lospoliticosveracruz.com\/wp-content\/uploads\/2025\/12\/Logo-Nuevo-LOS-POLITICOS-1.jpg","contentUrl":"https:\/\/lospoliticosveracruz.com\/wp-content\/uploads\/2025\/12\/Logo-Nuevo-LOS-POLITICOS-1.jpg","width":260,"height":70,"caption":"Los pol\u00edticos Veracruz"},"image":{"@id":"https:\/\/lospoliticosveracruz.com\/#\/schema\/logo\/image\/"},"sameAs":["https:\/\/www.facebook.com\/people\/Notimemes-de-los-Polticos\/61565672886568\/","https:\/\/x.com\/LosPoliticosVer"]},{"@type":"Person","@id":"https:\/\/lospoliticosveracruz.com\/#\/schema\/person\/b8702bb0e538456e6efd07080bf2a4a2","name":"Lo viste en Los Pol\u00edticos","image":{"@type":"ImageObject","inLanguage":"es","@id":"https:\/\/secure.gravatar.com\/avatar\/3a8de04a2656d44082be478bd6c086daa447c4651605818287b9532d3d0bd435?s=96&d=mm&r=g","url":"https:\/\/secure.gravatar.com\/avatar\/3a8de04a2656d44082be478bd6c086daa447c4651605818287b9532d3d0bd435?s=96&d=mm&r=g","contentUrl":"https:\/\/secure.gravatar.com\/avatar\/3a8de04a2656d44082be478bd6c086daa447c4651605818287b9532d3d0bd435?s=96&d=mm&r=g","caption":"Lo viste en Los Pol\u00edticos"},"url":"https:\/\/lospoliticosveracruz.com\/?author=2"}]}},"_links":{"self":[{"href":"https:\/\/lospoliticosveracruz.com\/index.php?rest_route=\/wp\/v2\/posts\/160769","targetHints":{"allow":["GET"]}}],"collection":[{"href":"https:\/\/lospoliticosveracruz.com\/index.php?rest_route=\/wp\/v2\/posts"}],"about":[{"href":"https:\/\/lospoliticosveracruz.com\/index.php?rest_route=\/wp\/v2\/types\/post"}],"author":[{"embeddable":true,"href":"https:\/\/lospoliticosveracruz.com\/index.php?rest_route=\/wp\/v2\/users\/2"}],"replies":[{"embeddable":true,"href":"https:\/\/lospoliticosveracruz.com\/index.php?rest_route=%2Fwp%2Fv2%2Fcomments&post=160769"}],"version-history":[{"count":2,"href":"https:\/\/lospoliticosveracruz.com\/index.php?rest_route=\/wp\/v2\/posts\/160769\/revisions"}],"predecessor-version":[{"id":160775,"href":"https:\/\/lospoliticosveracruz.com\/index.php?rest_route=\/wp\/v2\/posts\/160769\/revisions\/160775"}],"wp:featuredmedia":[{"embeddable":true,"href":"https:\/\/lospoliticosveracruz.com\/index.php?rest_route=\/wp\/v2\/media\/141383"}],"wp:attachment":[{"href":"https:\/\/lospoliticosveracruz.com\/index.php?rest_route=%2Fwp%2Fv2%2Fmedia&parent=160769"}],"wp:term":[{"taxonomy":"category","embeddable":true,"href":"https:\/\/lospoliticosveracruz.com\/index.php?rest_route=%2Fwp%2Fv2%2Fcategories&post=160769"},{"taxonomy":"post_tag","embeddable":true,"href":"https:\/\/lospoliticosveracruz.com\/index.php?rest_route=%2Fwp%2Fv2%2Ftags&post=160769"}],"curies":[{"name":"wp","href":"https:\/\/api.w.org\/{rel}","templated":true}]}}