{"id":160777,"date":"2026-01-19T09:09:45","date_gmt":"2026-01-19T15:09:45","guid":{"rendered":"https:\/\/lospoliticosveracruz.com\/?p=160777"},"modified":"2026-01-19T09:09:47","modified_gmt":"2026-01-19T15:09:47","slug":"les-dictan-prision","status":"publish","type":"post","link":"https:\/\/lospoliticosveracruz.com\/?p=160777","title":{"rendered":"LES DICTAN PRISI\u00d3N"},"content":{"rendered":"\n<p><strong>Oved Contreras<\/strong><br><em>Secas Mecas<\/em><\/p>\n\n\n\n<p>La Fiscal\u00eda General del Estado de Veracruz, a trav\u00e9s de la Fiscal\u00eda Especializada en Combate a la Corrupci\u00f3n realiz\u00f3 imputaci\u00f3n en contra de Sergio \u201cN\u201d, V\u00edctor de Jes\u00fas \u201cN\u201d y Frida Narayana \u201cN\u201d, ex funcionarios de la UPAV como presuntos responsables de los delitos de incumplimiento de un deber legal, abuso de autoridad, peculado, tr\u00e1fico de influencia y ejercicio indebido del servicio p\u00fablico\u2026hay peces m\u00e1s gordos a quienes tambi\u00e9n les toc\u00f3 rebanada de los 300 millones desaparecidos. Es curioso pero ni con Fidel Herrera ni con el impresentable de Javier Duarte hubo estos esc\u00e1ndalos de corrupci\u00f3n con dicha universidad.<\/p>\n\n\n\n<p>El juez dict\u00f3 la medida cautelar de prisi\u00f3n preventiva, dentro del proceso penal 17\/2026. La audiencia de continuaci\u00f3n se celebrar\u00e1 el viernes 23 de enero del a\u00f1o en curso. Primero cayeron Sergio \u201cN\u201d y V\u00edctor de Jes\u00fas \u201cN\u201d, y ayer por la tarde se confirm\u00f3 la detenci\u00f3n de Frida Narayana \u201cN\u201d, exjefa del Departamento de Servicios Financieros de la Universidad Popular Aut\u00f3noma de Veracruz (UPAV). &nbsp;La FGE la acusa de peculado e incumplimiento de un deber legal. Su aprehensi\u00f3n ocurri\u00f3 la noche del s\u00e1bado 17 de enero en la colonia Coapexpan, en la capital veracruzana.<\/p>\n\n\n\n<p>El juez de control, Roberto Santos Maldonado, fij\u00f3 para los tres detenidos la medida cautelar de prisi\u00f3n preventiva de un a\u00f1o, y trasciende que podr\u00edan venir m\u00e1s \u00f3rdenes de aprehensi\u00f3n contra otros exfuncionarios vinculados al presunto desfalco\u2026suena hasta raro que tres funcionarios menores se hayan comido 300 millones de pesos as\u00ed que la lumbre llegar\u00e1 m\u00e1s arriba.<\/p>\n\n\n\n<p>LES FALTA SISNIEGA\u2026Qu\u00e9 bueno que la t\u00eda Corajes ahora s\u00ed va con todo en el tema de combate a la corrupci\u00f3n, as\u00ed que seguro caer\u00e1 Jorge Eduardo Sisniega Fern\u00e1ndez, exdirector administrativo de la Secretar\u00eda de Salud de Veracruz (SESVER) del gobierno pasado quien tambi\u00e9n enfrenta graves acusaciones y denuncias penales por presuntos desv\u00edos de recursos y corrupci\u00f3n.<\/p>\n\n\n\n<p>La Auditor\u00eda Superior de la Federaci\u00f3n (ASF) y detect\u00f3 un presunto da\u00f1o patrimonial que asciende a m\u00e1s de 2 mil millones de pesos en el sector Salud durante el sexenio de Cuitl\u00e1huac Garc\u00eda. El esquema de corrupci\u00f3n incluy\u00f3 la asignaci\u00f3n de contratos por adjudicaci\u00f3n directa a empresas de reciente creaci\u00f3n, empresas \u00abfachada\u00bb o ya sancionadas por corrupci\u00f3n. Se documentaron inconsistencias en la contrataci\u00f3n de servicios subrogados como pruebas de laboratorio, banco de sangre, anestesia, arrendamiento de equipos de rayos X, as\u00ed como en servicios de limpieza, fletes y suministro de alimentos.<\/p>\n\n\n\n<p>La propia gobernadora Roc\u00edo Nahle Garc\u00eda confirm\u00f3 que, tras el vencimiento de los plazos de solventaci\u00f3n de la ASF, se interpusieron denuncias penales contra Sisniega y otros exfuncionarios de SESVER por el desv\u00edo de recursos. Dicen los oficiosos que no habr\u00e1 perd\u00f3n ni olvido. Tambi\u00e9n est\u00e1n los casos del saqueo en las obras de remodelaci\u00f3n del estadio \u201cPirata\u201d Fuente y Nido de Halc\u00f3n. Tiene mucho trabajo la t\u00eda YEYA pero hay que aprovechar que la t\u00eda Corajes anda obsequiosa.<\/p>\n\n\n\n<p>SE ENOJ\u00d3 LIZZETE\u2026anda que no la calienta ni el sol a la ex alcaldesa de Alvarado, Lizzete \u00c1lvarez Vera quien le entr\u00f3 con todo al proceso electoral para dejar un sucesor, apoy\u00f3 a Beto Cobos para que fuera el candidato y gan\u00f3 las elecciones, ahora se enoja porque corri\u00f3 a la gente que entr\u00f3 en su administraci\u00f3n y pens\u00f3 que iban a permanecer. Le lleg\u00f3 el karma con otro igual que ella.<\/p>\n\n\n\n<p>En un mensaje que movi\u00f3 a trav\u00e9s de grupos de WhatsApp en Alvarado, la ex alcaldesa habr\u00eda acusado pr\u00e1cticamente a su sucesor de haberle dado la espalda: \u201cNo es posible que apenas van 17 d\u00edas de que<br>BETO COBOS es presidente de Alvarado y ya ha demostrado que no tiene autoridad ni car\u00e1cter para gobernar. Acaba de despedir injustificadamente a 16O personas,<br>gente que lo apoy\u00f3, gente que anduvo bajo el sol con \u00e9l,<br>gente que confi\u00f3. \u00bfLa raz\u00f3n? Una orden de Edgar Guzm\u00e1n. Es indignante y vergonzoso que no tenga los <strong>*<\/strong> para dar la cara y aceptar que \u00e9l no manda. Porque aqu\u00ed est\u00e1 daro que el que manda, el que autoriza y el verdadero<br>presidente de Alvarado se lama EDGAR GUZMAN.<\/p>\n\n\n\n<p>BETO COBOS solo obedece. Y lo peor de todo: Apenas van 17 d\u00edas.<br>A\u00fan faltan 4 a\u00f1os. Si as\u00ed empieza, \u00bfqu\u00e9 le espera a Alvarado? Y todos los puestos importantes del ayuntamiento lo tiene gente de fuera (Puebla y Guadalajara para ser exactos) y se llena la boca de decir que es nuestro ayuntamiento,<br>que ALVARADO era para los ALVARADE\u00d1OS PURAS MENTIRAS\u201d, eso dice el texto que le atribuyen a Alex alcaldesa Lizzete \u00c1lvarez.<\/p>\n\n\n\n<p>VIOLENCIA EN JUCHIQUE\u2026La tarde-noche del s\u00e1bado fue asesinado el comandante de la Polic\u00eda Municipal de Juchique de Ferrer, Emigdio Gal\u00e1n, apenas a 15 d\u00edas de haber asumido el cargo en el inicio de la nueva administraci\u00f3n municipal. De acuerdo con reportes preliminares, el ataque ocurri\u00f3 cuando sujetos armados ingresaron al rancho del jefe policiaco en la comunidad de Xihuatl\u00e1n y le dispararon en repetidas ocasiones.<\/p>\n\n\n\n<p>Pese a la r\u00e1pida movilizaci\u00f3n de corporaciones estatales, Gal\u00e1n perdi\u00f3 la vida en el lugar. El homicidio se registra en el marco del arranque de los nuevos gobiernos municipales en Veracruz. La regi\u00f3n de Juchique de Ferrer ha sido se\u00f1alada como una de las zonas con mayor incidencia de violencia, atribuida a grupos delictivos que operan en la zona.<br>Habitantes expresaron preocupaci\u00f3n por el clima de inseguridad y exigieron garant\u00edas de protecci\u00f3n.<\/p>\n\n\n\n<p><\/p>\n","protected":false},"excerpt":{"rendered":"<p>Oved ContrerasSecas Mecas La Fiscal\u00eda General del Estado de Veracruz, a trav\u00e9s de la Fiscal\u00eda Especializada en Combate a la Corrupci\u00f3n realiz\u00f3 imputaci\u00f3n en contra de Sergio \u201cN\u201d, V\u00edctor de Jes\u00fas \u201cN\u201d y Frida Narayana \u201cN\u201d, ex funcionarios de la UPAV como presuntos responsables de los delitos de incumplimiento de un deber legal, abuso de [&hellip;]<\/p>\n","protected":false},"author":2,"featured_media":141426,"comment_status":"closed","ping_status":"closed","sticky":false,"template":"","format":"standard","meta":{"tdm_status":"","tdm_grid_status":"","footnotes":""},"categories":[70],"tags":[301,48557,43004,50727,23485,32585,50728,998,50587,195],"class_list":{"0":"post-160777","1":"post","2":"type-post","3":"status-publish","4":"format-standard","5":"has-post-thumbnail","7":"category-de-opinion","8":"tag-alvarado","9":"tag-beto-cobos","10":"tag-edgar-guzman","11":"tag-frida-narayana","12":"tag-jorge-eduardo-sisniega-fernandez","13":"tag-lizzette-alvarez-2","14":"tag-roberto-santos-maldonado","15":"tag-sesver","16":"tag-upav","17":"tag-veracruz"},"yoast_head":"<!-- This site is optimized with the Yoast SEO plugin v27.4 - https:\/\/yoast.com\/product\/yoast-seo-wordpress\/ -->\n<title>LES DICTAN PRISI\u00d3N - Los pol\u00edticos Veracruz<\/title>\n<meta name=\"robots\" content=\"index, follow, max-snippet:-1, max-image-preview:large, max-video-preview:-1\" \/>\n<link rel=\"canonical\" href=\"https:\/\/lospoliticosveracruz.com\/?p=160777\" \/>\n<meta property=\"og:locale\" content=\"es_ES\" \/>\n<meta property=\"og:type\" content=\"article\" \/>\n<meta property=\"og:title\" content=\"LES DICTAN PRISI\u00d3N - Los pol\u00edticos Veracruz\" \/>\n<meta property=\"og:description\" content=\"Oved ContrerasSecas Mecas La Fiscal\u00eda General del Estado de Veracruz, a trav\u00e9s de la Fiscal\u00eda Especializada en Combate a la Corrupci\u00f3n realiz\u00f3 imputaci\u00f3n en contra de Sergio \u201cN\u201d, V\u00edctor de Jes\u00fas \u201cN\u201d y Frida Narayana \u201cN\u201d, ex funcionarios de la UPAV como presuntos responsables de los delitos de incumplimiento de un deber legal, abuso de [&hellip;]\" \/>\n<meta property=\"og:url\" content=\"https:\/\/lospoliticosveracruz.com\/?p=160777\" \/>\n<meta property=\"og:site_name\" content=\"Los pol\u00edticos Veracruz\" \/>\n<meta property=\"article:publisher\" content=\"https:\/\/www.facebook.com\/people\/Notimemes-de-los-Polticos\/61565672886568\/\" \/>\n<meta property=\"article:published_time\" content=\"2026-01-19T15:09:45+00:00\" \/>\n<meta property=\"article:modified_time\" content=\"2026-01-19T15:09:47+00:00\" \/>\n<meta property=\"og:image\" content=\"https:\/\/lospoliticosveracruz.com\/wp-content\/uploads\/2025\/04\/Oved-Contreras-e1768066319253.jpg\" \/>\n\t<meta property=\"og:image:width\" content=\"600\" \/>\n\t<meta property=\"og:image:height\" content=\"320\" \/>\n\t<meta property=\"og:image:type\" content=\"image\/jpeg\" \/>\n<meta name=\"author\" content=\"Lo viste en Los Pol\u00edticos\" \/>\n<meta name=\"twitter:card\" content=\"summary_large_image\" \/>\n<meta name=\"twitter:creator\" content=\"@LosPoliticosVer\" \/>\n<meta name=\"twitter:site\" content=\"@LosPoliticosVer\" \/>\n<meta name=\"twitter:label1\" content=\"Escrito por\" \/>\n\t<meta name=\"twitter:data1\" content=\"Lo viste en Los Pol\u00edticos\" \/>\n\t<meta name=\"twitter:label2\" content=\"Tiempo de lectura\" \/>\n\t<meta name=\"twitter:data2\" content=\"5 minutos\" \/>\n<script type=\"application\/ld+json\" class=\"yoast-schema-graph\">{\"@context\":\"https:\\\/\\\/schema.org\",\"@graph\":[{\"@type\":\"Article\",\"@id\":\"https:\\\/\\\/lospoliticosveracruz.com\\\/?p=160777#article\",\"isPartOf\":{\"@id\":\"https:\\\/\\\/lospoliticosveracruz.com\\\/?p=160777\"},\"author\":{\"name\":\"Lo viste en Los Pol\u00edticos\",\"@id\":\"https:\\\/\\\/lospoliticosveracruz.com\\\/#\\\/schema\\\/person\\\/b8702bb0e538456e6efd07080bf2a4a2\"},\"headline\":\"LES DICTAN PRISI\u00d3N\",\"datePublished\":\"2026-01-19T15:09:45+00:00\",\"dateModified\":\"2026-01-19T15:09:47+00:00\",\"mainEntityOfPage\":{\"@id\":\"https:\\\/\\\/lospoliticosveracruz.com\\\/?p=160777\"},\"wordCount\":970,\"publisher\":{\"@id\":\"https:\\\/\\\/lospoliticosveracruz.com\\\/#organization\"},\"image\":{\"@id\":\"https:\\\/\\\/lospoliticosveracruz.com\\\/?p=160777#primaryimage\"},\"thumbnailUrl\":\"https:\\\/\\\/lospoliticosveracruz.com\\\/wp-content\\\/uploads\\\/2025\\\/04\\\/Oved-Contreras-e1768066319253.jpg\",\"keywords\":[\"Alvarado\",\"Beto Cobos\",\"Edgar Guzm\u00e1n\",\"Frida Narayana\",\"Jorge Eduardo Sisniega Fern\u00e1ndez\",\"Lizzette \u00c1lvarez\",\"Roberto Santos Maldonado\",\"Sesver\",\"UPAV\",\"Veracruz\"],\"articleSection\":[\"De Opini\u00f3n\"],\"inLanguage\":\"es\"},{\"@type\":\"WebPage\",\"@id\":\"https:\\\/\\\/lospoliticosveracruz.com\\\/?p=160777\",\"url\":\"https:\\\/\\\/lospoliticosveracruz.com\\\/?p=160777\",\"name\":\"LES DICTAN PRISI\u00d3N - Los pol\u00edticos Veracruz\",\"isPartOf\":{\"@id\":\"https:\\\/\\\/lospoliticosveracruz.com\\\/#website\"},\"primaryImageOfPage\":{\"@id\":\"https:\\\/\\\/lospoliticosveracruz.com\\\/?p=160777#primaryimage\"},\"image\":{\"@id\":\"https:\\\/\\\/lospoliticosveracruz.com\\\/?p=160777#primaryimage\"},\"thumbnailUrl\":\"https:\\\/\\\/lospoliticosveracruz.com\\\/wp-content\\\/uploads\\\/2025\\\/04\\\/Oved-Contreras-e1768066319253.jpg\",\"datePublished\":\"2026-01-19T15:09:45+00:00\",\"dateModified\":\"2026-01-19T15:09:47+00:00\",\"breadcrumb\":{\"@id\":\"https:\\\/\\\/lospoliticosveracruz.com\\\/?p=160777#breadcrumb\"},\"inLanguage\":\"es\",\"potentialAction\":[{\"@type\":\"ReadAction\",\"target\":[\"https:\\\/\\\/lospoliticosveracruz.com\\\/?p=160777\"]}]},{\"@type\":\"ImageObject\",\"inLanguage\":\"es\",\"@id\":\"https:\\\/\\\/lospoliticosveracruz.com\\\/?p=160777#primaryimage\",\"url\":\"https:\\\/\\\/lospoliticosveracruz.com\\\/wp-content\\\/uploads\\\/2025\\\/04\\\/Oved-Contreras-e1768066319253.jpg\",\"contentUrl\":\"https:\\\/\\\/lospoliticosveracruz.com\\\/wp-content\\\/uploads\\\/2025\\\/04\\\/Oved-Contreras-e1768066319253.jpg\",\"width\":600,\"height\":320},{\"@type\":\"BreadcrumbList\",\"@id\":\"https:\\\/\\\/lospoliticosveracruz.com\\\/?p=160777#breadcrumb\",\"itemListElement\":[{\"@type\":\"ListItem\",\"position\":1,\"name\":\"Portada\",\"item\":\"https:\\\/\\\/lospoliticosveracruz.com\\\/\"},{\"@type\":\"ListItem\",\"position\":2,\"name\":\"LES DICTAN PRISI\u00d3N\"}]},{\"@type\":\"WebSite\",\"@id\":\"https:\\\/\\\/lospoliticosveracruz.com\\\/#website\",\"url\":\"https:\\\/\\\/lospoliticosveracruz.com\\\/\",\"name\":\"Los pol\u00edticos Veracruz\",\"description\":\"\",\"publisher\":{\"@id\":\"https:\\\/\\\/lospoliticosveracruz.com\\\/#organization\"},\"potentialAction\":[{\"@type\":\"SearchAction\",\"target\":{\"@type\":\"EntryPoint\",\"urlTemplate\":\"https:\\\/\\\/lospoliticosveracruz.com\\\/?s={search_term_string}\"},\"query-input\":{\"@type\":\"PropertyValueSpecification\",\"valueRequired\":true,\"valueName\":\"search_term_string\"}}],\"inLanguage\":\"es\"},{\"@type\":\"Organization\",\"@id\":\"https:\\\/\\\/lospoliticosveracruz.com\\\/#organization\",\"name\":\"Los pol\u00edticos Veracruz\",\"url\":\"https:\\\/\\\/lospoliticosveracruz.com\\\/\",\"logo\":{\"@type\":\"ImageObject\",\"inLanguage\":\"es\",\"@id\":\"https:\\\/\\\/lospoliticosveracruz.com\\\/#\\\/schema\\\/logo\\\/image\\\/\",\"url\":\"https:\\\/\\\/lospoliticosveracruz.com\\\/wp-content\\\/uploads\\\/2025\\\/12\\\/Logo-Nuevo-LOS-POLITICOS-1.jpg\",\"contentUrl\":\"https:\\\/\\\/lospoliticosveracruz.com\\\/wp-content\\\/uploads\\\/2025\\\/12\\\/Logo-Nuevo-LOS-POLITICOS-1.jpg\",\"width\":260,\"height\":70,\"caption\":\"Los pol\u00edticos Veracruz\"},\"image\":{\"@id\":\"https:\\\/\\\/lospoliticosveracruz.com\\\/#\\\/schema\\\/logo\\\/image\\\/\"},\"sameAs\":[\"https:\\\/\\\/www.facebook.com\\\/people\\\/Notimemes-de-los-Polticos\\\/61565672886568\\\/\",\"https:\\\/\\\/x.com\\\/LosPoliticosVer\"]},{\"@type\":\"Person\",\"@id\":\"https:\\\/\\\/lospoliticosveracruz.com\\\/#\\\/schema\\\/person\\\/b8702bb0e538456e6efd07080bf2a4a2\",\"name\":\"Lo viste en Los Pol\u00edticos\",\"image\":{\"@type\":\"ImageObject\",\"inLanguage\":\"es\",\"@id\":\"https:\\\/\\\/secure.gravatar.com\\\/avatar\\\/3a8de04a2656d44082be478bd6c086daa447c4651605818287b9532d3d0bd435?s=96&d=mm&r=g\",\"url\":\"https:\\\/\\\/secure.gravatar.com\\\/avatar\\\/3a8de04a2656d44082be478bd6c086daa447c4651605818287b9532d3d0bd435?s=96&d=mm&r=g\",\"contentUrl\":\"https:\\\/\\\/secure.gravatar.com\\\/avatar\\\/3a8de04a2656d44082be478bd6c086daa447c4651605818287b9532d3d0bd435?s=96&d=mm&r=g\",\"caption\":\"Lo viste en Los Pol\u00edticos\"},\"url\":\"https:\\\/\\\/lospoliticosveracruz.com\\\/?author=2\"}]}<\/script>\n<!-- \/ Yoast SEO plugin. -->","yoast_head_json":{"title":"LES DICTAN PRISI\u00d3N - Los pol\u00edticos Veracruz","robots":{"index":"index","follow":"follow","max-snippet":"max-snippet:-1","max-image-preview":"max-image-preview:large","max-video-preview":"max-video-preview:-1"},"canonical":"https:\/\/lospoliticosveracruz.com\/?p=160777","og_locale":"es_ES","og_type":"article","og_title":"LES DICTAN PRISI\u00d3N - Los pol\u00edticos Veracruz","og_description":"Oved ContrerasSecas Mecas La Fiscal\u00eda General del Estado de Veracruz, a trav\u00e9s de la Fiscal\u00eda Especializada en Combate a la Corrupci\u00f3n realiz\u00f3 imputaci\u00f3n en contra de Sergio \u201cN\u201d, V\u00edctor de Jes\u00fas \u201cN\u201d y Frida Narayana \u201cN\u201d, ex funcionarios de la UPAV como presuntos responsables de los delitos de incumplimiento de un deber legal, abuso de [&hellip;]","og_url":"https:\/\/lospoliticosveracruz.com\/?p=160777","og_site_name":"Los pol\u00edticos Veracruz","article_publisher":"https:\/\/www.facebook.com\/people\/Notimemes-de-los-Polticos\/61565672886568\/","article_published_time":"2026-01-19T15:09:45+00:00","article_modified_time":"2026-01-19T15:09:47+00:00","og_image":[{"width":600,"height":320,"url":"https:\/\/lospoliticosveracruz.com\/wp-content\/uploads\/2025\/04\/Oved-Contreras-e1768066319253.jpg","type":"image\/jpeg"}],"author":"Lo viste en Los Pol\u00edticos","twitter_card":"summary_large_image","twitter_creator":"@LosPoliticosVer","twitter_site":"@LosPoliticosVer","twitter_misc":{"Escrito por":"Lo viste en Los Pol\u00edticos","Tiempo de lectura":"5 minutos"},"schema":{"@context":"https:\/\/schema.org","@graph":[{"@type":"Article","@id":"https:\/\/lospoliticosveracruz.com\/?p=160777#article","isPartOf":{"@id":"https:\/\/lospoliticosveracruz.com\/?p=160777"},"author":{"name":"Lo viste en Los Pol\u00edticos","@id":"https:\/\/lospoliticosveracruz.com\/#\/schema\/person\/b8702bb0e538456e6efd07080bf2a4a2"},"headline":"LES DICTAN PRISI\u00d3N","datePublished":"2026-01-19T15:09:45+00:00","dateModified":"2026-01-19T15:09:47+00:00","mainEntityOfPage":{"@id":"https:\/\/lospoliticosveracruz.com\/?p=160777"},"wordCount":970,"publisher":{"@id":"https:\/\/lospoliticosveracruz.com\/#organization"},"image":{"@id":"https:\/\/lospoliticosveracruz.com\/?p=160777#primaryimage"},"thumbnailUrl":"https:\/\/lospoliticosveracruz.com\/wp-content\/uploads\/2025\/04\/Oved-Contreras-e1768066319253.jpg","keywords":["Alvarado","Beto Cobos","Edgar Guzm\u00e1n","Frida Narayana","Jorge Eduardo Sisniega Fern\u00e1ndez","Lizzette \u00c1lvarez","Roberto Santos Maldonado","Sesver","UPAV","Veracruz"],"articleSection":["De Opini\u00f3n"],"inLanguage":"es"},{"@type":"WebPage","@id":"https:\/\/lospoliticosveracruz.com\/?p=160777","url":"https:\/\/lospoliticosveracruz.com\/?p=160777","name":"LES DICTAN PRISI\u00d3N - Los pol\u00edticos Veracruz","isPartOf":{"@id":"https:\/\/lospoliticosveracruz.com\/#website"},"primaryImageOfPage":{"@id":"https:\/\/lospoliticosveracruz.com\/?p=160777#primaryimage"},"image":{"@id":"https:\/\/lospoliticosveracruz.com\/?p=160777#primaryimage"},"thumbnailUrl":"https:\/\/lospoliticosveracruz.com\/wp-content\/uploads\/2025\/04\/Oved-Contreras-e1768066319253.jpg","datePublished":"2026-01-19T15:09:45+00:00","dateModified":"2026-01-19T15:09:47+00:00","breadcrumb":{"@id":"https:\/\/lospoliticosveracruz.com\/?p=160777#breadcrumb"},"inLanguage":"es","potentialAction":[{"@type":"ReadAction","target":["https:\/\/lospoliticosveracruz.com\/?p=160777"]}]},{"@type":"ImageObject","inLanguage":"es","@id":"https:\/\/lospoliticosveracruz.com\/?p=160777#primaryimage","url":"https:\/\/lospoliticosveracruz.com\/wp-content\/uploads\/2025\/04\/Oved-Contreras-e1768066319253.jpg","contentUrl":"https:\/\/lospoliticosveracruz.com\/wp-content\/uploads\/2025\/04\/Oved-Contreras-e1768066319253.jpg","width":600,"height":320},{"@type":"BreadcrumbList","@id":"https:\/\/lospoliticosveracruz.com\/?p=160777#breadcrumb","itemListElement":[{"@type":"ListItem","position":1,"name":"Portada","item":"https:\/\/lospoliticosveracruz.com\/"},{"@type":"ListItem","position":2,"name":"LES DICTAN PRISI\u00d3N"}]},{"@type":"WebSite","@id":"https:\/\/lospoliticosveracruz.com\/#website","url":"https:\/\/lospoliticosveracruz.com\/","name":"Los pol\u00edticos Veracruz","description":"","publisher":{"@id":"https:\/\/lospoliticosveracruz.com\/#organization"},"potentialAction":[{"@type":"SearchAction","target":{"@type":"EntryPoint","urlTemplate":"https:\/\/lospoliticosveracruz.com\/?s={search_term_string}"},"query-input":{"@type":"PropertyValueSpecification","valueRequired":true,"valueName":"search_term_string"}}],"inLanguage":"es"},{"@type":"Organization","@id":"https:\/\/lospoliticosveracruz.com\/#organization","name":"Los pol\u00edticos Veracruz","url":"https:\/\/lospoliticosveracruz.com\/","logo":{"@type":"ImageObject","inLanguage":"es","@id":"https:\/\/lospoliticosveracruz.com\/#\/schema\/logo\/image\/","url":"https:\/\/lospoliticosveracruz.com\/wp-content\/uploads\/2025\/12\/Logo-Nuevo-LOS-POLITICOS-1.jpg","contentUrl":"https:\/\/lospoliticosveracruz.com\/wp-content\/uploads\/2025\/12\/Logo-Nuevo-LOS-POLITICOS-1.jpg","width":260,"height":70,"caption":"Los pol\u00edticos Veracruz"},"image":{"@id":"https:\/\/lospoliticosveracruz.com\/#\/schema\/logo\/image\/"},"sameAs":["https:\/\/www.facebook.com\/people\/Notimemes-de-los-Polticos\/61565672886568\/","https:\/\/x.com\/LosPoliticosVer"]},{"@type":"Person","@id":"https:\/\/lospoliticosveracruz.com\/#\/schema\/person\/b8702bb0e538456e6efd07080bf2a4a2","name":"Lo viste en Los Pol\u00edticos","image":{"@type":"ImageObject","inLanguage":"es","@id":"https:\/\/secure.gravatar.com\/avatar\/3a8de04a2656d44082be478bd6c086daa447c4651605818287b9532d3d0bd435?s=96&d=mm&r=g","url":"https:\/\/secure.gravatar.com\/avatar\/3a8de04a2656d44082be478bd6c086daa447c4651605818287b9532d3d0bd435?s=96&d=mm&r=g","contentUrl":"https:\/\/secure.gravatar.com\/avatar\/3a8de04a2656d44082be478bd6c086daa447c4651605818287b9532d3d0bd435?s=96&d=mm&r=g","caption":"Lo viste en Los Pol\u00edticos"},"url":"https:\/\/lospoliticosveracruz.com\/?author=2"}]}},"_links":{"self":[{"href":"https:\/\/lospoliticosveracruz.com\/index.php?rest_route=\/wp\/v2\/posts\/160777","targetHints":{"allow":["GET"]}}],"collection":[{"href":"https:\/\/lospoliticosveracruz.com\/index.php?rest_route=\/wp\/v2\/posts"}],"about":[{"href":"https:\/\/lospoliticosveracruz.com\/index.php?rest_route=\/wp\/v2\/types\/post"}],"author":[{"embeddable":true,"href":"https:\/\/lospoliticosveracruz.com\/index.php?rest_route=\/wp\/v2\/users\/2"}],"replies":[{"embeddable":true,"href":"https:\/\/lospoliticosveracruz.com\/index.php?rest_route=%2Fwp%2Fv2%2Fcomments&post=160777"}],"version-history":[{"count":1,"href":"https:\/\/lospoliticosveracruz.com\/index.php?rest_route=\/wp\/v2\/posts\/160777\/revisions"}],"predecessor-version":[{"id":160786,"href":"https:\/\/lospoliticosveracruz.com\/index.php?rest_route=\/wp\/v2\/posts\/160777\/revisions\/160786"}],"wp:featuredmedia":[{"embeddable":true,"href":"https:\/\/lospoliticosveracruz.com\/index.php?rest_route=\/wp\/v2\/media\/141426"}],"wp:attachment":[{"href":"https:\/\/lospoliticosveracruz.com\/index.php?rest_route=%2Fwp%2Fv2%2Fmedia&parent=160777"}],"wp:term":[{"taxonomy":"category","embeddable":true,"href":"https:\/\/lospoliticosveracruz.com\/index.php?rest_route=%2Fwp%2Fv2%2Fcategories&post=160777"},{"taxonomy":"post_tag","embeddable":true,"href":"https:\/\/lospoliticosveracruz.com\/index.php?rest_route=%2Fwp%2Fv2%2Ftags&post=160777"}],"curies":[{"name":"wp","href":"https:\/\/api.w.org\/{rel}","templated":true}]}}