{"id":160787,"date":"2026-01-19T09:15:35","date_gmt":"2026-01-19T15:15:35","guid":{"rendered":"https:\/\/lospoliticosveracruz.com\/?p=160787"},"modified":"2026-01-19T09:15:37","modified_gmt":"2026-01-19T15:15:37","slug":"fundacion-de-upav-pagara-adeudo-a-docentes","status":"publish","type":"post","link":"https:\/\/lospoliticosveracruz.com\/?p=160787","title":{"rendered":"FUNDACI\u00d3N DE UPAV PAGAR\u00c1 ADEUDO A DOCENTES"},"content":{"rendered":"\n<p><strong>\u00c1ngeles Gonz\u00e1lez Ceballos<\/strong><\/p>\n\n\n\n<p>La gobernadora Roc\u00edo Nahle Garc\u00eda confirm\u00f3 la detenci\u00f3n de tres exfuncionarios de la Universidad Popular Aut\u00f3noma de Veracruz (UPAV) y advirti\u00f3 que llegar\u00e1 hasta las \u00faltimas consecuencias.<\/p>\n\n\n\n<p>En entrevista, en una radio local, la Mandataria, record\u00f3 que desde hace meses se comenzaron a registrar manifestaciones y se\u00f1alamientos por las diversas irregularidades en la Universidad.<\/p>\n\n\n\n<p>Refiri\u00f3 que cuando naci\u00f3 la Universidad, en la administraci\u00f3n del exgobernador Fidel Herrera, \u00e9sta naci\u00f3 con la mejor intenci\u00f3n que m\u00e1s j\u00f3venes veracruzanos y veracruzanas pudieran cursar una carrera universitaria.<\/p>\n\n\n\n<p>Por lo que naci\u00f3 de manera h\u00edbrida, es decir, se utilizan los espacios p\u00fablicos del Estado, escuelas estatales y federales para que durante los fines de semana o en turnos vespertinos, tomen clases.<\/p>\n\n\n\n<p>Sin embargo, una fundaci\u00f3n o algunas asociaciones comenzaron a cobran mensualidades a los alumnos.<\/p>\n\n\n\n<p>\u00abEsta fundaci\u00f3n supuestamente le paga a maestros que incluso no tienen ni contrato, sino como asociados, entonces el gobierno del Estado coloca al rector dentro de la organizaci\u00f3n y paga la n\u00f3mina administrativa, o sea, todo un tema ah\u00ed, y as\u00ed estuvo por a\u00f1os.<\/p>\n\n\n\n<p>El a\u00f1o pasado empiezan las manifestaciones de que no les pagaban, de muchas irregularidades administrativas que se estaban reflejando en el resultado acad\u00e9mico de que no ten\u00edan su t\u00edtulo, de que no tienen los maestros\u00bb, record\u00f3.<\/p>\n\n\n\n<p>Fue as\u00ed que la Unidad de Inteligencia Financiera del Estado hizo una investigaci\u00f3n.<\/p>\n\n\n\n<p>Como parte de esa indagatoria mandaron a llamar a los titulares de la fundaci\u00f3n, al personal administrativo, al exrector, entre otros.<\/p>\n\n\n\n<p>\u00abEntonces fue un proceso donde pues se observaron fuertes irregularidades, se procede, es ya mi gobierno y yo tengo que actuar sea quien sea, entonces dije que se proceda la denuncia y que se haga con la Fiscal\u00eda Anticorrupci\u00f3n como debe ser\u00bb, resalt\u00f3.<\/p>\n\n\n\n<p>De manera que con base en la denuncia y todo el proceso que se ha seguido, se ejecutaron las respectivas \u00f3rdenes de aprehensi\u00f3n este fin de semana.<\/p>\n\n\n\n<p>\u00abEste fin de semana hubo detenciones y estar\u00e1 de acuerdo a un juez y a lo que corresponde en el Poder Judicial\u00bb, enfatiz\u00f3.<\/p>\n\n\n\n<p>La Gobernadora manifest\u00f3 que lo que a ella le interesa es que se les garantice a los m\u00e1s de 60 mil estudiantes en todo el Estado su acceso a la educaci\u00f3n y a que a los maestros se les haga un contrato por hora, como se hace en otras universidades.<\/p>\n\n\n\n<p>Fue as\u00ed que envi\u00f3 un decreto al Congreso del Estado para que la UPAV quedara a cargo del Estado para darle seguridad jur\u00eddica y seguridad escolar a los estudiantes.<\/p>\n\n\n\n<p>Reconoci\u00f3 que esto generar\u00e1 un impacto presupuestal, lo cual acept\u00f3, pero defini\u00f3 que para eso son los impuestos.<\/p>\n\n\n\n<p>\u00abEntonces se tom\u00f3 la decisi\u00f3n, se viene trabajando desde hace meses y ser\u00e1n las autoridades correspondientes, al Poder Judicial, las que designen que den seguimiento al caso de la denuncia que se present\u00f3\u00bb, manifest\u00f3.<\/p>\n\n\n\n<p>Finalmente, respecto de los adeudos que todav\u00eda existen a los docentes de la Universidad, la Gobernadora, reiter\u00f3 que la fundaci\u00f3n tiene dinero y tendr\u00e1 que pagar el adeudo a los maestros.<\/p>\n\n\n\n<p>\u00abY nosotros empezaremos a pagar lo correspondiente, as\u00ed es esto\u00bb, agreg\u00f3.<\/p>\n","protected":false},"excerpt":{"rendered":"<p>\u00c1ngeles Gonz\u00e1lez Ceballos La gobernadora Roc\u00edo Nahle Garc\u00eda confirm\u00f3 la detenci\u00f3n de tres exfuncionarios de la Universidad Popular Aut\u00f3noma de Veracruz (UPAV) y advirti\u00f3 que llegar\u00e1 hasta las \u00faltimas consecuencias. En entrevista, en una radio local, la Mandataria, record\u00f3 que desde hace meses se comenzaron a registrar manifestaciones y se\u00f1alamientos por las diversas irregularidades en [&hellip;]<\/p>\n","protected":false},"author":2,"featured_media":160788,"comment_status":"closed","ping_status":"closed","sticky":false,"template":"","format":"standard","meta":{"tdm_status":"","tdm_grid_status":"","footnotes":""},"categories":[6446],"tags":[1026,3578,50587,195],"class_list":{"0":"post-160787","1":"post","2":"type-post","3":"status-publish","4":"format-standard","5":"has-post-thumbnail","7":"category-la-nota","8":"tag-morena","9":"tag-rocio-nahle","10":"tag-upav","11":"tag-veracruz"},"yoast_head":"<!-- This site is optimized with the Yoast SEO plugin v27.4 - https:\/\/yoast.com\/product\/yoast-seo-wordpress\/ -->\n<title>FUNDACI\u00d3N DE UPAV PAGAR\u00c1 ADEUDO A DOCENTES - Los pol\u00edticos Veracruz<\/title>\n<meta name=\"robots\" content=\"index, follow, max-snippet:-1, max-image-preview:large, max-video-preview:-1\" \/>\n<link rel=\"canonical\" href=\"https:\/\/lospoliticosveracruz.com\/?p=160787\" \/>\n<meta property=\"og:locale\" content=\"es_ES\" \/>\n<meta property=\"og:type\" content=\"article\" \/>\n<meta property=\"og:title\" content=\"FUNDACI\u00d3N DE UPAV PAGAR\u00c1 ADEUDO A DOCENTES - Los pol\u00edticos Veracruz\" \/>\n<meta property=\"og:description\" content=\"\u00c1ngeles Gonz\u00e1lez Ceballos La gobernadora Roc\u00edo Nahle Garc\u00eda confirm\u00f3 la detenci\u00f3n de tres exfuncionarios de la Universidad Popular Aut\u00f3noma de Veracruz (UPAV) y advirti\u00f3 que llegar\u00e1 hasta las \u00faltimas consecuencias. En entrevista, en una radio local, la Mandataria, record\u00f3 que desde hace meses se comenzaron a registrar manifestaciones y se\u00f1alamientos por las diversas irregularidades en [&hellip;]\" \/>\n<meta property=\"og:url\" content=\"https:\/\/lospoliticosveracruz.com\/?p=160787\" \/>\n<meta property=\"og:site_name\" content=\"Los pol\u00edticos Veracruz\" \/>\n<meta property=\"article:publisher\" content=\"https:\/\/www.facebook.com\/people\/Notimemes-de-los-Polticos\/61565672886568\/\" \/>\n<meta property=\"article:published_time\" content=\"2026-01-19T15:15:35+00:00\" \/>\n<meta property=\"article:modified_time\" content=\"2026-01-19T15:15:37+00:00\" \/>\n<meta property=\"og:image\" content=\"https:\/\/lospoliticosveracruz.com\/wp-content\/uploads\/2026\/01\/Nahle-UPAV.jpg\" \/>\n\t<meta property=\"og:image:width\" content=\"600\" \/>\n\t<meta property=\"og:image:height\" content=\"320\" \/>\n\t<meta property=\"og:image:type\" content=\"image\/jpeg\" \/>\n<meta name=\"author\" content=\"Lo viste en Los Pol\u00edticos\" \/>\n<meta name=\"twitter:card\" content=\"summary_large_image\" \/>\n<meta name=\"twitter:creator\" content=\"@LosPoliticosVer\" \/>\n<meta name=\"twitter:site\" content=\"@LosPoliticosVer\" \/>\n<meta name=\"twitter:label1\" content=\"Escrito por\" \/>\n\t<meta name=\"twitter:data1\" content=\"Lo viste en Los Pol\u00edticos\" \/>\n\t<meta name=\"twitter:label2\" content=\"Tiempo de lectura\" \/>\n\t<meta name=\"twitter:data2\" content=\"3 minutos\" \/>\n<script type=\"application\/ld+json\" class=\"yoast-schema-graph\">{\"@context\":\"https:\\\/\\\/schema.org\",\"@graph\":[{\"@type\":\"Article\",\"@id\":\"https:\\\/\\\/lospoliticosveracruz.com\\\/?p=160787#article\",\"isPartOf\":{\"@id\":\"https:\\\/\\\/lospoliticosveracruz.com\\\/?p=160787\"},\"author\":{\"name\":\"Lo viste en Los Pol\u00edticos\",\"@id\":\"https:\\\/\\\/lospoliticosveracruz.com\\\/#\\\/schema\\\/person\\\/b8702bb0e538456e6efd07080bf2a4a2\"},\"headline\":\"FUNDACI\u00d3N DE UPAV PAGAR\u00c1 ADEUDO A DOCENTES\",\"datePublished\":\"2026-01-19T15:15:35+00:00\",\"dateModified\":\"2026-01-19T15:15:37+00:00\",\"mainEntityOfPage\":{\"@id\":\"https:\\\/\\\/lospoliticosveracruz.com\\\/?p=160787\"},\"wordCount\":554,\"publisher\":{\"@id\":\"https:\\\/\\\/lospoliticosveracruz.com\\\/#organization\"},\"image\":{\"@id\":\"https:\\\/\\\/lospoliticosveracruz.com\\\/?p=160787#primaryimage\"},\"thumbnailUrl\":\"https:\\\/\\\/lospoliticosveracruz.com\\\/wp-content\\\/uploads\\\/2026\\\/01\\\/Nahle-UPAV.jpg\",\"keywords\":[\"Morena\",\"Roc\u00edo Nahle\",\"UPAV\",\"Veracruz\"],\"articleSection\":[\"La Nota\"],\"inLanguage\":\"es\"},{\"@type\":\"WebPage\",\"@id\":\"https:\\\/\\\/lospoliticosveracruz.com\\\/?p=160787\",\"url\":\"https:\\\/\\\/lospoliticosveracruz.com\\\/?p=160787\",\"name\":\"FUNDACI\u00d3N DE UPAV PAGAR\u00c1 ADEUDO A DOCENTES - Los pol\u00edticos Veracruz\",\"isPartOf\":{\"@id\":\"https:\\\/\\\/lospoliticosveracruz.com\\\/#website\"},\"primaryImageOfPage\":{\"@id\":\"https:\\\/\\\/lospoliticosveracruz.com\\\/?p=160787#primaryimage\"},\"image\":{\"@id\":\"https:\\\/\\\/lospoliticosveracruz.com\\\/?p=160787#primaryimage\"},\"thumbnailUrl\":\"https:\\\/\\\/lospoliticosveracruz.com\\\/wp-content\\\/uploads\\\/2026\\\/01\\\/Nahle-UPAV.jpg\",\"datePublished\":\"2026-01-19T15:15:35+00:00\",\"dateModified\":\"2026-01-19T15:15:37+00:00\",\"breadcrumb\":{\"@id\":\"https:\\\/\\\/lospoliticosveracruz.com\\\/?p=160787#breadcrumb\"},\"inLanguage\":\"es\",\"potentialAction\":[{\"@type\":\"ReadAction\",\"target\":[\"https:\\\/\\\/lospoliticosveracruz.com\\\/?p=160787\"]}]},{\"@type\":\"ImageObject\",\"inLanguage\":\"es\",\"@id\":\"https:\\\/\\\/lospoliticosveracruz.com\\\/?p=160787#primaryimage\",\"url\":\"https:\\\/\\\/lospoliticosveracruz.com\\\/wp-content\\\/uploads\\\/2026\\\/01\\\/Nahle-UPAV.jpg\",\"contentUrl\":\"https:\\\/\\\/lospoliticosveracruz.com\\\/wp-content\\\/uploads\\\/2026\\\/01\\\/Nahle-UPAV.jpg\",\"width\":600,\"height\":320},{\"@type\":\"BreadcrumbList\",\"@id\":\"https:\\\/\\\/lospoliticosveracruz.com\\\/?p=160787#breadcrumb\",\"itemListElement\":[{\"@type\":\"ListItem\",\"position\":1,\"name\":\"Portada\",\"item\":\"https:\\\/\\\/lospoliticosveracruz.com\\\/\"},{\"@type\":\"ListItem\",\"position\":2,\"name\":\"FUNDACI\u00d3N DE UPAV PAGAR\u00c1 ADEUDO A DOCENTES\"}]},{\"@type\":\"WebSite\",\"@id\":\"https:\\\/\\\/lospoliticosveracruz.com\\\/#website\",\"url\":\"https:\\\/\\\/lospoliticosveracruz.com\\\/\",\"name\":\"Los pol\u00edticos Veracruz\",\"description\":\"\",\"publisher\":{\"@id\":\"https:\\\/\\\/lospoliticosveracruz.com\\\/#organization\"},\"potentialAction\":[{\"@type\":\"SearchAction\",\"target\":{\"@type\":\"EntryPoint\",\"urlTemplate\":\"https:\\\/\\\/lospoliticosveracruz.com\\\/?s={search_term_string}\"},\"query-input\":{\"@type\":\"PropertyValueSpecification\",\"valueRequired\":true,\"valueName\":\"search_term_string\"}}],\"inLanguage\":\"es\"},{\"@type\":\"Organization\",\"@id\":\"https:\\\/\\\/lospoliticosveracruz.com\\\/#organization\",\"name\":\"Los pol\u00edticos Veracruz\",\"url\":\"https:\\\/\\\/lospoliticosveracruz.com\\\/\",\"logo\":{\"@type\":\"ImageObject\",\"inLanguage\":\"es\",\"@id\":\"https:\\\/\\\/lospoliticosveracruz.com\\\/#\\\/schema\\\/logo\\\/image\\\/\",\"url\":\"https:\\\/\\\/lospoliticosveracruz.com\\\/wp-content\\\/uploads\\\/2025\\\/12\\\/Logo-Nuevo-LOS-POLITICOS-1.jpg\",\"contentUrl\":\"https:\\\/\\\/lospoliticosveracruz.com\\\/wp-content\\\/uploads\\\/2025\\\/12\\\/Logo-Nuevo-LOS-POLITICOS-1.jpg\",\"width\":260,\"height\":70,\"caption\":\"Los pol\u00edticos Veracruz\"},\"image\":{\"@id\":\"https:\\\/\\\/lospoliticosveracruz.com\\\/#\\\/schema\\\/logo\\\/image\\\/\"},\"sameAs\":[\"https:\\\/\\\/www.facebook.com\\\/people\\\/Notimemes-de-los-Polticos\\\/61565672886568\\\/\",\"https:\\\/\\\/x.com\\\/LosPoliticosVer\"]},{\"@type\":\"Person\",\"@id\":\"https:\\\/\\\/lospoliticosveracruz.com\\\/#\\\/schema\\\/person\\\/b8702bb0e538456e6efd07080bf2a4a2\",\"name\":\"Lo viste en Los Pol\u00edticos\",\"image\":{\"@type\":\"ImageObject\",\"inLanguage\":\"es\",\"@id\":\"https:\\\/\\\/secure.gravatar.com\\\/avatar\\\/3a8de04a2656d44082be478bd6c086daa447c4651605818287b9532d3d0bd435?s=96&d=mm&r=g\",\"url\":\"https:\\\/\\\/secure.gravatar.com\\\/avatar\\\/3a8de04a2656d44082be478bd6c086daa447c4651605818287b9532d3d0bd435?s=96&d=mm&r=g\",\"contentUrl\":\"https:\\\/\\\/secure.gravatar.com\\\/avatar\\\/3a8de04a2656d44082be478bd6c086daa447c4651605818287b9532d3d0bd435?s=96&d=mm&r=g\",\"caption\":\"Lo viste en Los Pol\u00edticos\"},\"url\":\"https:\\\/\\\/lospoliticosveracruz.com\\\/?author=2\"}]}<\/script>\n<!-- \/ Yoast SEO plugin. -->","yoast_head_json":{"title":"FUNDACI\u00d3N DE UPAV PAGAR\u00c1 ADEUDO A DOCENTES - Los pol\u00edticos Veracruz","robots":{"index":"index","follow":"follow","max-snippet":"max-snippet:-1","max-image-preview":"max-image-preview:large","max-video-preview":"max-video-preview:-1"},"canonical":"https:\/\/lospoliticosveracruz.com\/?p=160787","og_locale":"es_ES","og_type":"article","og_title":"FUNDACI\u00d3N DE UPAV PAGAR\u00c1 ADEUDO A DOCENTES - Los pol\u00edticos Veracruz","og_description":"\u00c1ngeles Gonz\u00e1lez Ceballos La gobernadora Roc\u00edo Nahle Garc\u00eda confirm\u00f3 la detenci\u00f3n de tres exfuncionarios de la Universidad Popular Aut\u00f3noma de Veracruz (UPAV) y advirti\u00f3 que llegar\u00e1 hasta las \u00faltimas consecuencias. En entrevista, en una radio local, la Mandataria, record\u00f3 que desde hace meses se comenzaron a registrar manifestaciones y se\u00f1alamientos por las diversas irregularidades en [&hellip;]","og_url":"https:\/\/lospoliticosveracruz.com\/?p=160787","og_site_name":"Los pol\u00edticos Veracruz","article_publisher":"https:\/\/www.facebook.com\/people\/Notimemes-de-los-Polticos\/61565672886568\/","article_published_time":"2026-01-19T15:15:35+00:00","article_modified_time":"2026-01-19T15:15:37+00:00","og_image":[{"width":600,"height":320,"url":"https:\/\/lospoliticosveracruz.com\/wp-content\/uploads\/2026\/01\/Nahle-UPAV.jpg","type":"image\/jpeg"}],"author":"Lo viste en Los Pol\u00edticos","twitter_card":"summary_large_image","twitter_creator":"@LosPoliticosVer","twitter_site":"@LosPoliticosVer","twitter_misc":{"Escrito por":"Lo viste en Los Pol\u00edticos","Tiempo de lectura":"3 minutos"},"schema":{"@context":"https:\/\/schema.org","@graph":[{"@type":"Article","@id":"https:\/\/lospoliticosveracruz.com\/?p=160787#article","isPartOf":{"@id":"https:\/\/lospoliticosveracruz.com\/?p=160787"},"author":{"name":"Lo viste en Los Pol\u00edticos","@id":"https:\/\/lospoliticosveracruz.com\/#\/schema\/person\/b8702bb0e538456e6efd07080bf2a4a2"},"headline":"FUNDACI\u00d3N DE UPAV PAGAR\u00c1 ADEUDO A DOCENTES","datePublished":"2026-01-19T15:15:35+00:00","dateModified":"2026-01-19T15:15:37+00:00","mainEntityOfPage":{"@id":"https:\/\/lospoliticosveracruz.com\/?p=160787"},"wordCount":554,"publisher":{"@id":"https:\/\/lospoliticosveracruz.com\/#organization"},"image":{"@id":"https:\/\/lospoliticosveracruz.com\/?p=160787#primaryimage"},"thumbnailUrl":"https:\/\/lospoliticosveracruz.com\/wp-content\/uploads\/2026\/01\/Nahle-UPAV.jpg","keywords":["Morena","Roc\u00edo Nahle","UPAV","Veracruz"],"articleSection":["La Nota"],"inLanguage":"es"},{"@type":"WebPage","@id":"https:\/\/lospoliticosveracruz.com\/?p=160787","url":"https:\/\/lospoliticosveracruz.com\/?p=160787","name":"FUNDACI\u00d3N DE UPAV PAGAR\u00c1 ADEUDO A DOCENTES - Los pol\u00edticos Veracruz","isPartOf":{"@id":"https:\/\/lospoliticosveracruz.com\/#website"},"primaryImageOfPage":{"@id":"https:\/\/lospoliticosveracruz.com\/?p=160787#primaryimage"},"image":{"@id":"https:\/\/lospoliticosveracruz.com\/?p=160787#primaryimage"},"thumbnailUrl":"https:\/\/lospoliticosveracruz.com\/wp-content\/uploads\/2026\/01\/Nahle-UPAV.jpg","datePublished":"2026-01-19T15:15:35+00:00","dateModified":"2026-01-19T15:15:37+00:00","breadcrumb":{"@id":"https:\/\/lospoliticosveracruz.com\/?p=160787#breadcrumb"},"inLanguage":"es","potentialAction":[{"@type":"ReadAction","target":["https:\/\/lospoliticosveracruz.com\/?p=160787"]}]},{"@type":"ImageObject","inLanguage":"es","@id":"https:\/\/lospoliticosveracruz.com\/?p=160787#primaryimage","url":"https:\/\/lospoliticosveracruz.com\/wp-content\/uploads\/2026\/01\/Nahle-UPAV.jpg","contentUrl":"https:\/\/lospoliticosveracruz.com\/wp-content\/uploads\/2026\/01\/Nahle-UPAV.jpg","width":600,"height":320},{"@type":"BreadcrumbList","@id":"https:\/\/lospoliticosveracruz.com\/?p=160787#breadcrumb","itemListElement":[{"@type":"ListItem","position":1,"name":"Portada","item":"https:\/\/lospoliticosveracruz.com\/"},{"@type":"ListItem","position":2,"name":"FUNDACI\u00d3N DE UPAV PAGAR\u00c1 ADEUDO A DOCENTES"}]},{"@type":"WebSite","@id":"https:\/\/lospoliticosveracruz.com\/#website","url":"https:\/\/lospoliticosveracruz.com\/","name":"Los pol\u00edticos Veracruz","description":"","publisher":{"@id":"https:\/\/lospoliticosveracruz.com\/#organization"},"potentialAction":[{"@type":"SearchAction","target":{"@type":"EntryPoint","urlTemplate":"https:\/\/lospoliticosveracruz.com\/?s={search_term_string}"},"query-input":{"@type":"PropertyValueSpecification","valueRequired":true,"valueName":"search_term_string"}}],"inLanguage":"es"},{"@type":"Organization","@id":"https:\/\/lospoliticosveracruz.com\/#organization","name":"Los pol\u00edticos Veracruz","url":"https:\/\/lospoliticosveracruz.com\/","logo":{"@type":"ImageObject","inLanguage":"es","@id":"https:\/\/lospoliticosveracruz.com\/#\/schema\/logo\/image\/","url":"https:\/\/lospoliticosveracruz.com\/wp-content\/uploads\/2025\/12\/Logo-Nuevo-LOS-POLITICOS-1.jpg","contentUrl":"https:\/\/lospoliticosveracruz.com\/wp-content\/uploads\/2025\/12\/Logo-Nuevo-LOS-POLITICOS-1.jpg","width":260,"height":70,"caption":"Los pol\u00edticos Veracruz"},"image":{"@id":"https:\/\/lospoliticosveracruz.com\/#\/schema\/logo\/image\/"},"sameAs":["https:\/\/www.facebook.com\/people\/Notimemes-de-los-Polticos\/61565672886568\/","https:\/\/x.com\/LosPoliticosVer"]},{"@type":"Person","@id":"https:\/\/lospoliticosveracruz.com\/#\/schema\/person\/b8702bb0e538456e6efd07080bf2a4a2","name":"Lo viste en Los Pol\u00edticos","image":{"@type":"ImageObject","inLanguage":"es","@id":"https:\/\/secure.gravatar.com\/avatar\/3a8de04a2656d44082be478bd6c086daa447c4651605818287b9532d3d0bd435?s=96&d=mm&r=g","url":"https:\/\/secure.gravatar.com\/avatar\/3a8de04a2656d44082be478bd6c086daa447c4651605818287b9532d3d0bd435?s=96&d=mm&r=g","contentUrl":"https:\/\/secure.gravatar.com\/avatar\/3a8de04a2656d44082be478bd6c086daa447c4651605818287b9532d3d0bd435?s=96&d=mm&r=g","caption":"Lo viste en Los Pol\u00edticos"},"url":"https:\/\/lospoliticosveracruz.com\/?author=2"}]}},"_links":{"self":[{"href":"https:\/\/lospoliticosveracruz.com\/index.php?rest_route=\/wp\/v2\/posts\/160787","targetHints":{"allow":["GET"]}}],"collection":[{"href":"https:\/\/lospoliticosveracruz.com\/index.php?rest_route=\/wp\/v2\/posts"}],"about":[{"href":"https:\/\/lospoliticosveracruz.com\/index.php?rest_route=\/wp\/v2\/types\/post"}],"author":[{"embeddable":true,"href":"https:\/\/lospoliticosveracruz.com\/index.php?rest_route=\/wp\/v2\/users\/2"}],"replies":[{"embeddable":true,"href":"https:\/\/lospoliticosveracruz.com\/index.php?rest_route=%2Fwp%2Fv2%2Fcomments&post=160787"}],"version-history":[{"count":1,"href":"https:\/\/lospoliticosveracruz.com\/index.php?rest_route=\/wp\/v2\/posts\/160787\/revisions"}],"predecessor-version":[{"id":160789,"href":"https:\/\/lospoliticosveracruz.com\/index.php?rest_route=\/wp\/v2\/posts\/160787\/revisions\/160789"}],"wp:featuredmedia":[{"embeddable":true,"href":"https:\/\/lospoliticosveracruz.com\/index.php?rest_route=\/wp\/v2\/media\/160788"}],"wp:attachment":[{"href":"https:\/\/lospoliticosveracruz.com\/index.php?rest_route=%2Fwp%2Fv2%2Fmedia&parent=160787"}],"wp:term":[{"taxonomy":"category","embeddable":true,"href":"https:\/\/lospoliticosveracruz.com\/index.php?rest_route=%2Fwp%2Fv2%2Fcategories&post=160787"},{"taxonomy":"post_tag","embeddable":true,"href":"https:\/\/lospoliticosveracruz.com\/index.php?rest_route=%2Fwp%2Fv2%2Ftags&post=160787"}],"curies":[{"name":"wp","href":"https:\/\/api.w.org\/{rel}","templated":true}]}}