{"id":160900,"date":"2026-01-19T22:05:21","date_gmt":"2026-01-20T04:05:21","guid":{"rendered":"https:\/\/lospoliticosveracruz.com\/?p=160900"},"modified":"2026-01-19T22:05:22","modified_gmt":"2026-01-20T04:05:22","slug":"ex-ediles-ahora-en-el-poder-ejecutivo-con-rocio-nahle","status":"publish","type":"post","link":"https:\/\/lospoliticosveracruz.com\/?p=160900","title":{"rendered":"EX EDILES AHORA EN EL PODER EJECUTIVO CON ROC\u00cdO NAHLE"},"content":{"rendered":"\n<p><\/p>\n\n\n\n<p><strong>Jos\u00e9 Luis Enr\u00edquez Ambell<\/strong><\/p>\n\n\n\n<p><strong>Caf\u00e9 de Ma\u00f1ana<\/strong><\/p>\n\n\n\n<p>La incorporaci\u00f3n de algunos ex presidentes municipales (exalcaldes) a la estructura del gabinete estatal (Poder Ejecutivo) de&nbsp;<strong>Roc\u00edo Nahle<\/strong>, de entrada habr\u00eda que aceptar que es con el prop\u00f3sito de aprovechar la experiencia territorial, operativa y de gesti\u00f3n pol\u00edtica en las administraciones gubernamentales, el talento y las capacidades de esos ex ediles.<\/p>\n\n\n\n<p>El gabinete de la&nbsp;<strong>Ingeniera Nahle Garc\u00eda<\/strong>&nbsp;tiene, entre el gabinete legal y ampliado, a elementos de gran val\u00eda que han transitado por alcald\u00edas veracruzanas;&nbsp;<strong>Ricardo Ahued<\/strong>&nbsp;en&nbsp;<strong>Xalapa<\/strong>, en la&nbsp;<strong>SEGOB<\/strong>;&nbsp;<strong>Jos\u00e9 Manuel Pozos<\/strong>&nbsp;en&nbsp;<strong>Tuxpan<\/strong>, en la&nbsp;<strong>Subsecretar\u00eda de Gobierno<\/strong>;&nbsp;<strong>Rodrigo Calder\u00f3n<\/strong>, en&nbsp;<strong>Mart\u00ednez de la Torre<\/strong>, en la&nbsp;<strong>SEDARPA<\/strong>, entre otros y otras m\u00e1s.<\/p>\n\n\n\n<p>Y es que los presidentes y presidentas que en diciembre terminaron funciones, y otros desde que Nahle gan\u00f3 la gubernatura, se habl\u00f3 y se esperaba que ser\u00edan incorporados en alg\u00fan momento, de acuerdo con las circunstancias pol\u00edticas. Y es que, como bien dice&nbsp;<strong>don Miguel Alem\u00e1n Velasco<\/strong>&nbsp;\u2014exgobernador de Veracruz\u2014 en su libro titulado&nbsp;<em>Si el \u00c1guila Hablara<\/em>, en la pol\u00edtica existen las tres \u201cC\u201d, por aquello de la conciencia, constancia y circunstancia, y esta \u00faltima pesa m\u00e1s que las otras dos. As\u00ed que la circunstancia que le representa a la Gobernadora frente al 2027 hace necesario sumar voluntades, pero tambi\u00e9n capacidades con conocimiento del territorio y gesti\u00f3n p\u00fablica.<\/p>\n\n\n\n<p>Hace unas semanas fue el nombramiento de&nbsp;<strong>Guilebaldo Flores<\/strong>&nbsp;como titular del&nbsp;<strong>Instituto de Espacios Educativos de Veracruz<\/strong>&nbsp;y hace unas horas&nbsp;<strong>Mariela Hern\u00e1ndez<\/strong>&nbsp;en&nbsp;<strong>Salud<\/strong>. El primero exalcalde de&nbsp;<strong>Plat\u00f3n S\u00e1nchez<\/strong>&nbsp;y la segunda exalcaldesa de&nbsp;<strong>Las Choapas<\/strong>; o sea, de norte a sur, m\u00e1s los y las que se acumulen en venideros d\u00edas, y que incluso podr\u00eda incluir a ex ediles tales como s\u00edndicas, s\u00edndicos y hasta regidoras y regidores, e incluso servidores p\u00fablicos de cuerpos de gobierno municipales de los ayuntamientos reci\u00e9n finalizados en diciembre de 2025.<\/p>\n\n\n\n<p>Y es que ex ediles o ex servidores p\u00fablicos del orden municipal, unos figuras y otros menos que otros y otras, lo cierto es que experiencia tienen y eso sirve y cuenta en t\u00e9rminos de la gobernabilidad y el quehacer p\u00fablico en el Poder Ejecutivo de la Ingeniera&nbsp;<strong>Roc\u00edo Nahle<\/strong>.<\/p>\n\n\n\n<p>Al final del d\u00eda, el fortalecimiento del gobierno de Veracruz hacia el 2030 parece que ahora ha decidido la Gobernadora incorporar personas con caracter\u00edsticas emanadas del arraigo social para enriquecer las estructuras del gobierno estatal que encabeza.<\/p>\n\n\n\n<p><strong>DE SOBREMESA<\/strong><\/p>\n\n\n\n<p>Veremos pronto qui\u00e9nes m\u00e1s se incorporar\u00e1n al&nbsp;<strong>Poder Ejecutivo<\/strong>, y todos esperamos que respondan a las expectativas y exigencias de la \u00e9poca.<\/p>\n\n\n\n<p><strong>UN CAF\u00c9 LECHERO LIGHT<\/strong><\/p>\n\n\n\n<p>La&nbsp;<strong>Presidenta Claudia Sheinbaum<\/strong>&nbsp;orden\u00f3 cambios en el mando naval y hace unas horas tom\u00f3 posesi\u00f3n de la&nbsp;<strong>Inspecci\u00f3n y Contralor\u00eda General de la Secretar\u00eda de Marina<\/strong>&nbsp;el se\u00f1or&nbsp;<strong>almirante Carlos Eduardo L\u2019Eglise Escamilla<\/strong>, quien rindi\u00f3 protesta formal y a quien se le recuerda por su paso en&nbsp;<strong>Coatzacoalcos<\/strong>&nbsp;y el&nbsp;<strong>puerto de Veracruz<\/strong>, dentro del mando que representa.<\/p>\n\n\n\n<p><strong>UN CAF\u00c9 CON PILONCILLO<\/strong><\/p>\n\n\n\n<p>El&nbsp;<strong>almirante Mart\u00edn Enrique Barney Montalvo<\/strong>, originario del&nbsp;<strong>puerto de Veracruz<\/strong>, ha sido designado comandante de la&nbsp;<strong>Octava Regi\u00f3n Naval<\/strong>&nbsp;en&nbsp;<strong>Acapulco<\/strong>; antes fue rector de la&nbsp;<strong>Universidad Naval<\/strong>&nbsp;y tiene extensa trayectoria en la&nbsp;<strong>Armada<\/strong>, con reconocimiento por su experiencia en el&nbsp;<strong>Estado Mayor<\/strong>&nbsp;en materia log\u00edstica, inteligencia y formaci\u00f3n estrat\u00e9gica. Su designaci\u00f3n por parte de la Presidenta Sheinbaum fue en relevo del almirante&nbsp;<strong>Carlos Eduardo L\u2019Eglise<\/strong>, y se entiende que los buenos resultados que recientemente anunci\u00f3 en su gira la Presidenta favorecer\u00e1n la continuidad operativa y efectiva del mando.<\/p>\n\n\n\n<p>\u00a1ES CUANTO!<\/p>\n\n\n\n<p>enriquezambell@gmail.com<\/p>\n\n\n\n<p>enamjl62@gmail.com<\/p>\n","protected":false},"excerpt":{"rendered":"<p>Jos\u00e9 Luis Enr\u00edquez Ambell Caf\u00e9 de Ma\u00f1ana La incorporaci\u00f3n de algunos ex presidentes municipales (exalcaldes) a la estructura del gabinete estatal (Poder Ejecutivo) de&nbsp;Roc\u00edo Nahle, de entrada habr\u00eda que aceptar que es con el prop\u00f3sito de aprovechar la experiencia territorial, operativa y de gesti\u00f3n pol\u00edtica en las administraciones gubernamentales, el talento y las capacidades de [&hellip;]<\/p>\n","protected":false},"author":2,"featured_media":141435,"comment_status":"closed","ping_status":"closed","sticky":false,"template":"","format":"standard","meta":{"tdm_status":"","tdm_grid_status":"","footnotes":""},"categories":[70],"tags":[50965,50966,50962,47472,50964,50963],"class_list":{"0":"post-160900","1":"post","2":"type-post","3":"status-publish","4":"format-standard","5":"has-post-thumbnail","7":"category-de-opinion","8":"tag-claudia-sheinbaum-marina","9":"tag-estructura-gubernamental-veracruz","10":"tag-exalcaldes-veracruz","11":"tag-poder-ejecutivo-veracruz","12":"tag-politica-veracruzana-2026","13":"tag-rocio-nahle-gabinete"},"yoast_head":"<!-- This site is optimized with the Yoast SEO plugin v27.4 - https:\/\/yoast.com\/product\/yoast-seo-wordpress\/ -->\n<title>EX EDILES AHORA EN EL PODER EJECUTIVO CON ROC\u00cdO NAHLE - Los pol\u00edticos Veracruz<\/title>\n<meta name=\"robots\" content=\"index, follow, max-snippet:-1, max-image-preview:large, max-video-preview:-1\" \/>\n<link rel=\"canonical\" href=\"https:\/\/lospoliticosveracruz.com\/?p=160900\" \/>\n<meta property=\"og:locale\" content=\"es_ES\" \/>\n<meta property=\"og:type\" content=\"article\" \/>\n<meta property=\"og:title\" content=\"EX EDILES AHORA EN EL PODER EJECUTIVO CON ROC\u00cdO NAHLE - Los pol\u00edticos Veracruz\" \/>\n<meta property=\"og:description\" content=\"Jos\u00e9 Luis Enr\u00edquez Ambell Caf\u00e9 de Ma\u00f1ana La incorporaci\u00f3n de algunos ex presidentes municipales (exalcaldes) a la estructura del gabinete estatal (Poder Ejecutivo) de&nbsp;Roc\u00edo Nahle, de entrada habr\u00eda que aceptar que es con el prop\u00f3sito de aprovechar la experiencia territorial, operativa y de gesti\u00f3n pol\u00edtica en las administraciones gubernamentales, el talento y las capacidades de [&hellip;]\" \/>\n<meta property=\"og:url\" content=\"https:\/\/lospoliticosveracruz.com\/?p=160900\" \/>\n<meta property=\"og:site_name\" content=\"Los pol\u00edticos Veracruz\" \/>\n<meta property=\"article:publisher\" content=\"https:\/\/www.facebook.com\/people\/Notimemes-de-los-Polticos\/61565672886568\/\" \/>\n<meta property=\"article:published_time\" content=\"2026-01-20T04:05:21+00:00\" \/>\n<meta property=\"article:modified_time\" content=\"2026-01-20T04:05:22+00:00\" \/>\n<meta property=\"og:image\" content=\"https:\/\/lospoliticosveracruz.com\/wp-content\/uploads\/2025\/04\/Ambell.jpg\" \/>\n\t<meta property=\"og:image:width\" content=\"1250\" \/>\n\t<meta property=\"og:image:height\" content=\"667\" \/>\n\t<meta property=\"og:image:type\" content=\"image\/jpeg\" \/>\n<meta name=\"author\" content=\"Lo viste en Los Pol\u00edticos\" \/>\n<meta name=\"twitter:card\" content=\"summary_large_image\" \/>\n<meta name=\"twitter:creator\" content=\"@LosPoliticosVer\" \/>\n<meta name=\"twitter:site\" content=\"@LosPoliticosVer\" \/>\n<meta name=\"twitter:label1\" content=\"Escrito por\" \/>\n\t<meta name=\"twitter:data1\" content=\"Lo viste en Los Pol\u00edticos\" \/>\n\t<meta name=\"twitter:label2\" content=\"Tiempo de lectura\" \/>\n\t<meta name=\"twitter:data2\" content=\"3 minutos\" \/>\n<script type=\"application\/ld+json\" class=\"yoast-schema-graph\">{\"@context\":\"https:\\\/\\\/schema.org\",\"@graph\":[{\"@type\":\"Article\",\"@id\":\"https:\\\/\\\/lospoliticosveracruz.com\\\/?p=160900#article\",\"isPartOf\":{\"@id\":\"https:\\\/\\\/lospoliticosveracruz.com\\\/?p=160900\"},\"author\":{\"name\":\"Lo viste en Los Pol\u00edticos\",\"@id\":\"https:\\\/\\\/lospoliticosveracruz.com\\\/#\\\/schema\\\/person\\\/b8702bb0e538456e6efd07080bf2a4a2\"},\"headline\":\"EX EDILES AHORA EN EL PODER EJECUTIVO CON ROC\u00cdO NAHLE\",\"datePublished\":\"2026-01-20T04:05:21+00:00\",\"dateModified\":\"2026-01-20T04:05:22+00:00\",\"mainEntityOfPage\":{\"@id\":\"https:\\\/\\\/lospoliticosveracruz.com\\\/?p=160900\"},\"wordCount\":705,\"publisher\":{\"@id\":\"https:\\\/\\\/lospoliticosveracruz.com\\\/#organization\"},\"image\":{\"@id\":\"https:\\\/\\\/lospoliticosveracruz.com\\\/?p=160900#primaryimage\"},\"thumbnailUrl\":\"https:\\\/\\\/lospoliticosveracruz.com\\\/wp-content\\\/uploads\\\/2025\\\/04\\\/Ambell.jpg\",\"keywords\":[\"Claudia Sheinbaum Marina\",\"estructura gubernamental Veracruz\",\"exalcaldes Veracruz\",\"Poder Ejecutivo Veracruz\",\"pol\u00edtica veracruzana 2026\",\"Roc\u00edo Nahle gabinete\"],\"articleSection\":[\"De Opini\u00f3n\"],\"inLanguage\":\"es\"},{\"@type\":\"WebPage\",\"@id\":\"https:\\\/\\\/lospoliticosveracruz.com\\\/?p=160900\",\"url\":\"https:\\\/\\\/lospoliticosveracruz.com\\\/?p=160900\",\"name\":\"EX EDILES AHORA EN EL PODER EJECUTIVO CON ROC\u00cdO NAHLE - Los pol\u00edticos Veracruz\",\"isPartOf\":{\"@id\":\"https:\\\/\\\/lospoliticosveracruz.com\\\/#website\"},\"primaryImageOfPage\":{\"@id\":\"https:\\\/\\\/lospoliticosveracruz.com\\\/?p=160900#primaryimage\"},\"image\":{\"@id\":\"https:\\\/\\\/lospoliticosveracruz.com\\\/?p=160900#primaryimage\"},\"thumbnailUrl\":\"https:\\\/\\\/lospoliticosveracruz.com\\\/wp-content\\\/uploads\\\/2025\\\/04\\\/Ambell.jpg\",\"datePublished\":\"2026-01-20T04:05:21+00:00\",\"dateModified\":\"2026-01-20T04:05:22+00:00\",\"breadcrumb\":{\"@id\":\"https:\\\/\\\/lospoliticosveracruz.com\\\/?p=160900#breadcrumb\"},\"inLanguage\":\"es\",\"potentialAction\":[{\"@type\":\"ReadAction\",\"target\":[\"https:\\\/\\\/lospoliticosveracruz.com\\\/?p=160900\"]}]},{\"@type\":\"ImageObject\",\"inLanguage\":\"es\",\"@id\":\"https:\\\/\\\/lospoliticosveracruz.com\\\/?p=160900#primaryimage\",\"url\":\"https:\\\/\\\/lospoliticosveracruz.com\\\/wp-content\\\/uploads\\\/2025\\\/04\\\/Ambell.jpg\",\"contentUrl\":\"https:\\\/\\\/lospoliticosveracruz.com\\\/wp-content\\\/uploads\\\/2025\\\/04\\\/Ambell.jpg\",\"width\":1250,\"height\":667},{\"@type\":\"BreadcrumbList\",\"@id\":\"https:\\\/\\\/lospoliticosveracruz.com\\\/?p=160900#breadcrumb\",\"itemListElement\":[{\"@type\":\"ListItem\",\"position\":1,\"name\":\"Portada\",\"item\":\"https:\\\/\\\/lospoliticosveracruz.com\\\/\"},{\"@type\":\"ListItem\",\"position\":2,\"name\":\"EX EDILES AHORA EN EL PODER EJECUTIVO CON ROC\u00cdO NAHLE\"}]},{\"@type\":\"WebSite\",\"@id\":\"https:\\\/\\\/lospoliticosveracruz.com\\\/#website\",\"url\":\"https:\\\/\\\/lospoliticosveracruz.com\\\/\",\"name\":\"Los pol\u00edticos Veracruz\",\"description\":\"\",\"publisher\":{\"@id\":\"https:\\\/\\\/lospoliticosveracruz.com\\\/#organization\"},\"potentialAction\":[{\"@type\":\"SearchAction\",\"target\":{\"@type\":\"EntryPoint\",\"urlTemplate\":\"https:\\\/\\\/lospoliticosveracruz.com\\\/?s={search_term_string}\"},\"query-input\":{\"@type\":\"PropertyValueSpecification\",\"valueRequired\":true,\"valueName\":\"search_term_string\"}}],\"inLanguage\":\"es\"},{\"@type\":\"Organization\",\"@id\":\"https:\\\/\\\/lospoliticosveracruz.com\\\/#organization\",\"name\":\"Los pol\u00edticos Veracruz\",\"url\":\"https:\\\/\\\/lospoliticosveracruz.com\\\/\",\"logo\":{\"@type\":\"ImageObject\",\"inLanguage\":\"es\",\"@id\":\"https:\\\/\\\/lospoliticosveracruz.com\\\/#\\\/schema\\\/logo\\\/image\\\/\",\"url\":\"https:\\\/\\\/lospoliticosveracruz.com\\\/wp-content\\\/uploads\\\/2025\\\/12\\\/Logo-Nuevo-LOS-POLITICOS-1.jpg\",\"contentUrl\":\"https:\\\/\\\/lospoliticosveracruz.com\\\/wp-content\\\/uploads\\\/2025\\\/12\\\/Logo-Nuevo-LOS-POLITICOS-1.jpg\",\"width\":260,\"height\":70,\"caption\":\"Los pol\u00edticos Veracruz\"},\"image\":{\"@id\":\"https:\\\/\\\/lospoliticosveracruz.com\\\/#\\\/schema\\\/logo\\\/image\\\/\"},\"sameAs\":[\"https:\\\/\\\/www.facebook.com\\\/people\\\/Notimemes-de-los-Polticos\\\/61565672886568\\\/\",\"https:\\\/\\\/x.com\\\/LosPoliticosVer\"]},{\"@type\":\"Person\",\"@id\":\"https:\\\/\\\/lospoliticosveracruz.com\\\/#\\\/schema\\\/person\\\/b8702bb0e538456e6efd07080bf2a4a2\",\"name\":\"Lo viste en Los Pol\u00edticos\",\"image\":{\"@type\":\"ImageObject\",\"inLanguage\":\"es\",\"@id\":\"https:\\\/\\\/secure.gravatar.com\\\/avatar\\\/3a8de04a2656d44082be478bd6c086daa447c4651605818287b9532d3d0bd435?s=96&d=mm&r=g\",\"url\":\"https:\\\/\\\/secure.gravatar.com\\\/avatar\\\/3a8de04a2656d44082be478bd6c086daa447c4651605818287b9532d3d0bd435?s=96&d=mm&r=g\",\"contentUrl\":\"https:\\\/\\\/secure.gravatar.com\\\/avatar\\\/3a8de04a2656d44082be478bd6c086daa447c4651605818287b9532d3d0bd435?s=96&d=mm&r=g\",\"caption\":\"Lo viste en Los Pol\u00edticos\"},\"url\":\"https:\\\/\\\/lospoliticosveracruz.com\\\/?author=2\"}]}<\/script>\n<!-- \/ Yoast SEO plugin. -->","yoast_head_json":{"title":"EX EDILES AHORA EN EL PODER EJECUTIVO CON ROC\u00cdO NAHLE - Los pol\u00edticos Veracruz","robots":{"index":"index","follow":"follow","max-snippet":"max-snippet:-1","max-image-preview":"max-image-preview:large","max-video-preview":"max-video-preview:-1"},"canonical":"https:\/\/lospoliticosveracruz.com\/?p=160900","og_locale":"es_ES","og_type":"article","og_title":"EX EDILES AHORA EN EL PODER EJECUTIVO CON ROC\u00cdO NAHLE - Los pol\u00edticos Veracruz","og_description":"Jos\u00e9 Luis Enr\u00edquez Ambell Caf\u00e9 de Ma\u00f1ana La incorporaci\u00f3n de algunos ex presidentes municipales (exalcaldes) a la estructura del gabinete estatal (Poder Ejecutivo) de&nbsp;Roc\u00edo Nahle, de entrada habr\u00eda que aceptar que es con el prop\u00f3sito de aprovechar la experiencia territorial, operativa y de gesti\u00f3n pol\u00edtica en las administraciones gubernamentales, el talento y las capacidades de [&hellip;]","og_url":"https:\/\/lospoliticosveracruz.com\/?p=160900","og_site_name":"Los pol\u00edticos Veracruz","article_publisher":"https:\/\/www.facebook.com\/people\/Notimemes-de-los-Polticos\/61565672886568\/","article_published_time":"2026-01-20T04:05:21+00:00","article_modified_time":"2026-01-20T04:05:22+00:00","og_image":[{"width":1250,"height":667,"url":"https:\/\/lospoliticosveracruz.com\/wp-content\/uploads\/2025\/04\/Ambell.jpg","type":"image\/jpeg"}],"author":"Lo viste en Los Pol\u00edticos","twitter_card":"summary_large_image","twitter_creator":"@LosPoliticosVer","twitter_site":"@LosPoliticosVer","twitter_misc":{"Escrito por":"Lo viste en Los Pol\u00edticos","Tiempo de lectura":"3 minutos"},"schema":{"@context":"https:\/\/schema.org","@graph":[{"@type":"Article","@id":"https:\/\/lospoliticosveracruz.com\/?p=160900#article","isPartOf":{"@id":"https:\/\/lospoliticosveracruz.com\/?p=160900"},"author":{"name":"Lo viste en Los Pol\u00edticos","@id":"https:\/\/lospoliticosveracruz.com\/#\/schema\/person\/b8702bb0e538456e6efd07080bf2a4a2"},"headline":"EX EDILES AHORA EN EL PODER EJECUTIVO CON ROC\u00cdO NAHLE","datePublished":"2026-01-20T04:05:21+00:00","dateModified":"2026-01-20T04:05:22+00:00","mainEntityOfPage":{"@id":"https:\/\/lospoliticosveracruz.com\/?p=160900"},"wordCount":705,"publisher":{"@id":"https:\/\/lospoliticosveracruz.com\/#organization"},"image":{"@id":"https:\/\/lospoliticosveracruz.com\/?p=160900#primaryimage"},"thumbnailUrl":"https:\/\/lospoliticosveracruz.com\/wp-content\/uploads\/2025\/04\/Ambell.jpg","keywords":["Claudia Sheinbaum Marina","estructura gubernamental Veracruz","exalcaldes Veracruz","Poder Ejecutivo Veracruz","pol\u00edtica veracruzana 2026","Roc\u00edo Nahle gabinete"],"articleSection":["De Opini\u00f3n"],"inLanguage":"es"},{"@type":"WebPage","@id":"https:\/\/lospoliticosveracruz.com\/?p=160900","url":"https:\/\/lospoliticosveracruz.com\/?p=160900","name":"EX EDILES AHORA EN EL PODER EJECUTIVO CON ROC\u00cdO NAHLE - Los pol\u00edticos Veracruz","isPartOf":{"@id":"https:\/\/lospoliticosveracruz.com\/#website"},"primaryImageOfPage":{"@id":"https:\/\/lospoliticosveracruz.com\/?p=160900#primaryimage"},"image":{"@id":"https:\/\/lospoliticosveracruz.com\/?p=160900#primaryimage"},"thumbnailUrl":"https:\/\/lospoliticosveracruz.com\/wp-content\/uploads\/2025\/04\/Ambell.jpg","datePublished":"2026-01-20T04:05:21+00:00","dateModified":"2026-01-20T04:05:22+00:00","breadcrumb":{"@id":"https:\/\/lospoliticosveracruz.com\/?p=160900#breadcrumb"},"inLanguage":"es","potentialAction":[{"@type":"ReadAction","target":["https:\/\/lospoliticosveracruz.com\/?p=160900"]}]},{"@type":"ImageObject","inLanguage":"es","@id":"https:\/\/lospoliticosveracruz.com\/?p=160900#primaryimage","url":"https:\/\/lospoliticosveracruz.com\/wp-content\/uploads\/2025\/04\/Ambell.jpg","contentUrl":"https:\/\/lospoliticosveracruz.com\/wp-content\/uploads\/2025\/04\/Ambell.jpg","width":1250,"height":667},{"@type":"BreadcrumbList","@id":"https:\/\/lospoliticosveracruz.com\/?p=160900#breadcrumb","itemListElement":[{"@type":"ListItem","position":1,"name":"Portada","item":"https:\/\/lospoliticosveracruz.com\/"},{"@type":"ListItem","position":2,"name":"EX EDILES AHORA EN EL PODER EJECUTIVO CON ROC\u00cdO NAHLE"}]},{"@type":"WebSite","@id":"https:\/\/lospoliticosveracruz.com\/#website","url":"https:\/\/lospoliticosveracruz.com\/","name":"Los pol\u00edticos Veracruz","description":"","publisher":{"@id":"https:\/\/lospoliticosveracruz.com\/#organization"},"potentialAction":[{"@type":"SearchAction","target":{"@type":"EntryPoint","urlTemplate":"https:\/\/lospoliticosveracruz.com\/?s={search_term_string}"},"query-input":{"@type":"PropertyValueSpecification","valueRequired":true,"valueName":"search_term_string"}}],"inLanguage":"es"},{"@type":"Organization","@id":"https:\/\/lospoliticosveracruz.com\/#organization","name":"Los pol\u00edticos Veracruz","url":"https:\/\/lospoliticosveracruz.com\/","logo":{"@type":"ImageObject","inLanguage":"es","@id":"https:\/\/lospoliticosveracruz.com\/#\/schema\/logo\/image\/","url":"https:\/\/lospoliticosveracruz.com\/wp-content\/uploads\/2025\/12\/Logo-Nuevo-LOS-POLITICOS-1.jpg","contentUrl":"https:\/\/lospoliticosveracruz.com\/wp-content\/uploads\/2025\/12\/Logo-Nuevo-LOS-POLITICOS-1.jpg","width":260,"height":70,"caption":"Los pol\u00edticos Veracruz"},"image":{"@id":"https:\/\/lospoliticosveracruz.com\/#\/schema\/logo\/image\/"},"sameAs":["https:\/\/www.facebook.com\/people\/Notimemes-de-los-Polticos\/61565672886568\/","https:\/\/x.com\/LosPoliticosVer"]},{"@type":"Person","@id":"https:\/\/lospoliticosveracruz.com\/#\/schema\/person\/b8702bb0e538456e6efd07080bf2a4a2","name":"Lo viste en Los Pol\u00edticos","image":{"@type":"ImageObject","inLanguage":"es","@id":"https:\/\/secure.gravatar.com\/avatar\/3a8de04a2656d44082be478bd6c086daa447c4651605818287b9532d3d0bd435?s=96&d=mm&r=g","url":"https:\/\/secure.gravatar.com\/avatar\/3a8de04a2656d44082be478bd6c086daa447c4651605818287b9532d3d0bd435?s=96&d=mm&r=g","contentUrl":"https:\/\/secure.gravatar.com\/avatar\/3a8de04a2656d44082be478bd6c086daa447c4651605818287b9532d3d0bd435?s=96&d=mm&r=g","caption":"Lo viste en Los Pol\u00edticos"},"url":"https:\/\/lospoliticosveracruz.com\/?author=2"}]}},"_links":{"self":[{"href":"https:\/\/lospoliticosveracruz.com\/index.php?rest_route=\/wp\/v2\/posts\/160900","targetHints":{"allow":["GET"]}}],"collection":[{"href":"https:\/\/lospoliticosveracruz.com\/index.php?rest_route=\/wp\/v2\/posts"}],"about":[{"href":"https:\/\/lospoliticosveracruz.com\/index.php?rest_route=\/wp\/v2\/types\/post"}],"author":[{"embeddable":true,"href":"https:\/\/lospoliticosveracruz.com\/index.php?rest_route=\/wp\/v2\/users\/2"}],"replies":[{"embeddable":true,"href":"https:\/\/lospoliticosveracruz.com\/index.php?rest_route=%2Fwp%2Fv2%2Fcomments&post=160900"}],"version-history":[{"count":1,"href":"https:\/\/lospoliticosveracruz.com\/index.php?rest_route=\/wp\/v2\/posts\/160900\/revisions"}],"predecessor-version":[{"id":160901,"href":"https:\/\/lospoliticosveracruz.com\/index.php?rest_route=\/wp\/v2\/posts\/160900\/revisions\/160901"}],"wp:featuredmedia":[{"embeddable":true,"href":"https:\/\/lospoliticosveracruz.com\/index.php?rest_route=\/wp\/v2\/media\/141435"}],"wp:attachment":[{"href":"https:\/\/lospoliticosveracruz.com\/index.php?rest_route=%2Fwp%2Fv2%2Fmedia&parent=160900"}],"wp:term":[{"taxonomy":"category","embeddable":true,"href":"https:\/\/lospoliticosveracruz.com\/index.php?rest_route=%2Fwp%2Fv2%2Fcategories&post=160900"},{"taxonomy":"post_tag","embeddable":true,"href":"https:\/\/lospoliticosveracruz.com\/index.php?rest_route=%2Fwp%2Fv2%2Ftags&post=160900"}],"curies":[{"name":"wp","href":"https:\/\/api.w.org\/{rel}","templated":true}]}}