{"id":160902,"date":"2026-01-20T05:56:12","date_gmt":"2026-01-20T11:56:12","guid":{"rendered":"https:\/\/lospoliticosveracruz.com\/?p=160902"},"modified":"2026-01-20T05:56:14","modified_gmt":"2026-01-20T11:56:14","slug":"sufren-cuesta-de-enero-60-de-mexicanos","status":"publish","type":"post","link":"https:\/\/lospoliticosveracruz.com\/?p=160902","title":{"rendered":"SUFREN CUESTA  DE ENERO, 60% DE MEXICANOS"},"content":{"rendered":"\n<p><strong>Fanny Y\u00e9pez<\/strong><br><em>La Columna<\/em><\/p>\n\n\n\n<p>La cuesta de enero 2026 en M\u00e9xico, se caracteriza por una presi\u00f3n inflacionaria considerable, impulsada por ajustes fiscales y el alza en precios de productos b\u00e1sicos.<br>Se le dice \u00abcuesta de enero\u00bb porque es un periodo donde las finanzas se sienten como una pendiente dif\u00edcil de subir, debido a los excesivos gastos de diciembre (regalos, fiestas) y a la acumulaci\u00f3n de deudas y pagos (impuestos, colegiaturas), sumado a una posible inflaci\u00f3n o alza de precios al inicio del a\u00f1o nuevo, haciendo que el dinero rinda menos y sea m\u00e1s complicado cubrir las necesidades b\u00e1sicas.<br>La met\u00e1fora de la \u00abcuesta\u00bb refleja el esfuerzo extra que se debe hacer para estabilizar la econom\u00eda personal despu\u00e9s de las festividades.<br>En 2026, se estima que el 60% de los consumidores mexicanos se ven afectados por este fen\u00f3meno, enfrentando recursos limitados, aumento de precios en productos b\u00e1sicos y servicios.<br>Los economistas visualizan que la cuesta de enero podr\u00eda tener una duraci\u00f3n extendida, aunque tradicionalmente dura las primeras semanas del a\u00f1o, especialistas financieros advierten que para las finanzas de M\u00e9xico la presi\u00f3n podr\u00eda extenderse durante todo el 2026, debido a un a\u00f1o fiscal apretado para el gobierno y el incremento de compromisos financieros.<br>En este esquema el estado de Veracruz experiment\u00f3 una p\u00e9rdida neta de 20 mil 218 empleos formales, entre diciembre de 2024 y julio de 2025, adem\u00e1s de una ca\u00edda porcentual en los puestos de trabajo durante los primeros trimestres de 2025<br>Datos clave sobre la situaci\u00f3n laboral en Veracruz durante 2025, seg\u00fan informes del INEGI y otras fuentes:<br>Puestos de trabajo remunerados: En el primer trimestre de 2025, Veracruz registr\u00f3 una disminuci\u00f3n del 1.7% en los puestos de trabajo remunerados, a diferencia del promedio nacional que mostr\u00f3 un incremento.<br>Empleo formal (IMSS): Entre diciembre de 2024 y julio de 2025, el estado perdi\u00f3 un total de 20,218 empleos formales, con ca\u00eddas notables en meses espec\u00edficos como mayo (11,968) y junio (6,161).<br>A pesar de la p\u00e9rdida de empleos formales, la tasa de desocupaci\u00f3n se mantuvo relativamente baja, en un 2.3% en el segundo trimestre y 2.2%en el tercer trimestre de 2025, lo cual es inferior a la media nacional.<br>Informalidad, tiende hacia la baja tasa de desocupaci\u00f3n, que se atribuye en parte a los altos niveles de informalidad. En el tercer trimestre de 2025, el 69.5% de los trabajadores en Veracruz ten\u00eda un empleo informal (sin prestaciones ni v\u00ednculo reconocido), una de las tasas m\u00e1s altas a nivel nacional.<br>Variaci\u00f3n anual de personas ocupadas: Veracruz cerr\u00f3 el segundo trimestre de 2025 con 3.4 millones de personas ocupadas, lo que represent\u00f3 27 mil personas m\u00e1s que el mismo periodo del a\u00f1o anterior, aunque esto incluye tanto empleos formales como informales.<br>Indicadores Econ\u00f3micos Clave<br>Inflaci\u00f3n, se estima que la inflaci\u00f3n anual repunte a niveles de 4.3%. Aunque 2025 cerr\u00f3 con un dato oficial de 3.69%, analistas advierten que la percepci\u00f3n en supermercados es mayor debido a incrementos espec\u00edficos en mercanc\u00edas.<br>Canasta B\u00e1sica: En la primera quincena de enero 2026, el precio de la canasta b\u00e1sica oscila entre $760.60 y $951.50 pesos, con incrementos notables en carne de res (hasta $200), huevo ($45) y aceite vegetal.<br>Impuestos: El aumento del IEPS ha impactado directamente en productos como refrescos, cigarros y sueros, con subidas de hasta el 22%.<br>Comportamiento del Consumidor<br>Deuda y Gasto: 6 de cada 10 mexicanos enfrentan dificultades financieras este mes debido a gastos excesivos durante las fiestas de fin de a\u00f1o.<br>Duraci\u00f3n: Expertos advierten que esta cuesta podr\u00eda prolongarse hasta marzo de 2026 o incluso extenderse durante gran parte del a\u00f1o, debido al bajo crecimiento econ\u00f3mico proyectado (entre 0.1% y 1.7%).<br>Muchos alcaldes reci\u00e9n desempacados se las est\u00e1n viendo muy dif\u00edcil por las mismas razones, porque los que se fueron (alcaldes) los dejaron con las arcas vac\u00edas y el circulante est\u00e1 muy escaso, as\u00ed, sencillamente no pueden avanzar en ning\u00fan proyecto.<br>As\u00ed es que la llegada de la presidenta Claudia Sheinbaum el viernes, se podr\u00eda considerar algo as\u00ed como la famosa bocanada de ox\u00edgeno, porque no sabemos de grandes obras, algunos empleados se siguen quejando, porque no les han cubierto sus sueldos y los trabajos en el Istmo de Tehuantepec, reportan diversas notas, que se detuvieron, lo que se ha impactado al interior de muchas familias.<br>Las visitas de los presidentes de la rep\u00fablica, generalmente son ben\u00e9ficas para el estado que visitan, porque en la mayor\u00eda de las veces hacen interesantes anuncios que llegan bien a los habitantes de ese lugar.<br>Esperemos que esta no sea la excepci\u00f3n y que, junto con las autoridades estatales, se coordinen trabajos que mejoren las condiciones econ\u00f3micas de los veracruzanos.<\/p>\n","protected":false},"excerpt":{"rendered":"<p>Fanny Y\u00e9pezLa Columna La cuesta de enero 2026 en M\u00e9xico, se caracteriza por una presi\u00f3n inflacionaria considerable, impulsada por ajustes fiscales y el alza en precios de productos b\u00e1sicos.Se le dice \u00abcuesta de enero\u00bb porque es un periodo donde las finanzas se sienten como una pendiente dif\u00edcil de subir, debido a los excesivos gastos de [&hellip;]<\/p>\n","protected":false},"author":2,"featured_media":141383,"comment_status":"closed","ping_status":"closed","sticky":false,"template":"","format":"standard","meta":{"tdm_status":"","tdm_grid_status":"","footnotes":""},"categories":[70],"tags":[9627,16105,595,50967,178,195],"class_list":{"0":"post-160902","1":"post","2":"type-post","3":"status-publish","4":"format-standard","5":"has-post-thumbnail","7":"category-de-opinion","8":"tag-claudia-sheinbaum","9":"tag-cuesta-de-enero","10":"tag-deuda","11":"tag-gasto","12":"tag-inegi","13":"tag-veracruz"},"yoast_head":"<!-- This site is optimized with the Yoast SEO plugin v27.4 - https:\/\/yoast.com\/product\/yoast-seo-wordpress\/ -->\n<title>SUFREN CUESTA DE ENERO, 60% DE MEXICANOS - Los pol\u00edticos Veracruz<\/title>\n<meta name=\"robots\" content=\"index, follow, max-snippet:-1, max-image-preview:large, max-video-preview:-1\" \/>\n<link rel=\"canonical\" href=\"https:\/\/lospoliticosveracruz.com\/?p=160902\" \/>\n<meta property=\"og:locale\" content=\"es_ES\" \/>\n<meta property=\"og:type\" content=\"article\" \/>\n<meta property=\"og:title\" content=\"SUFREN CUESTA DE ENERO, 60% DE MEXICANOS - Los pol\u00edticos Veracruz\" \/>\n<meta property=\"og:description\" content=\"Fanny Y\u00e9pezLa Columna La cuesta de enero 2026 en M\u00e9xico, se caracteriza por una presi\u00f3n inflacionaria considerable, impulsada por ajustes fiscales y el alza en precios de productos b\u00e1sicos.Se le dice \u00abcuesta de enero\u00bb porque es un periodo donde las finanzas se sienten como una pendiente dif\u00edcil de subir, debido a los excesivos gastos de [&hellip;]\" \/>\n<meta property=\"og:url\" content=\"https:\/\/lospoliticosveracruz.com\/?p=160902\" \/>\n<meta property=\"og:site_name\" content=\"Los pol\u00edticos Veracruz\" \/>\n<meta property=\"article:publisher\" content=\"https:\/\/www.facebook.com\/people\/Notimemes-de-los-Polticos\/61565672886568\/\" \/>\n<meta property=\"article:published_time\" content=\"2026-01-20T11:56:12+00:00\" \/>\n<meta property=\"article:modified_time\" content=\"2026-01-20T11:56:14+00:00\" \/>\n<meta property=\"og:image\" content=\"https:\/\/lospoliticosveracruz.com\/wp-content\/uploads\/2025\/04\/Fanny-Yepez-Luna-e1768657334923.jpg\" \/>\n\t<meta property=\"og:image:width\" content=\"600\" \/>\n\t<meta property=\"og:image:height\" content=\"320\" \/>\n\t<meta property=\"og:image:type\" content=\"image\/jpeg\" \/>\n<meta name=\"author\" content=\"Lo viste en Los Pol\u00edticos\" \/>\n<meta name=\"twitter:card\" content=\"summary_large_image\" \/>\n<meta name=\"twitter:creator\" content=\"@LosPoliticosVer\" \/>\n<meta name=\"twitter:site\" content=\"@LosPoliticosVer\" \/>\n<meta name=\"twitter:label1\" content=\"Escrito por\" \/>\n\t<meta name=\"twitter:data1\" content=\"Lo viste en Los Pol\u00edticos\" \/>\n\t<meta name=\"twitter:label2\" content=\"Tiempo de lectura\" \/>\n\t<meta name=\"twitter:data2\" content=\"4 minutos\" \/>\n<script type=\"application\/ld+json\" class=\"yoast-schema-graph\">{\"@context\":\"https:\\\/\\\/schema.org\",\"@graph\":[{\"@type\":\"Article\",\"@id\":\"https:\\\/\\\/lospoliticosveracruz.com\\\/?p=160902#article\",\"isPartOf\":{\"@id\":\"https:\\\/\\\/lospoliticosveracruz.com\\\/?p=160902\"},\"author\":{\"name\":\"Lo viste en Los Pol\u00edticos\",\"@id\":\"https:\\\/\\\/lospoliticosveracruz.com\\\/#\\\/schema\\\/person\\\/b8702bb0e538456e6efd07080bf2a4a2\"},\"headline\":\"SUFREN CUESTA DE ENERO, 60% DE MEXICANOS\",\"datePublished\":\"2026-01-20T11:56:12+00:00\",\"dateModified\":\"2026-01-20T11:56:14+00:00\",\"mainEntityOfPage\":{\"@id\":\"https:\\\/\\\/lospoliticosveracruz.com\\\/?p=160902\"},\"wordCount\":797,\"publisher\":{\"@id\":\"https:\\\/\\\/lospoliticosveracruz.com\\\/#organization\"},\"image\":{\"@id\":\"https:\\\/\\\/lospoliticosveracruz.com\\\/?p=160902#primaryimage\"},\"thumbnailUrl\":\"https:\\\/\\\/lospoliticosveracruz.com\\\/wp-content\\\/uploads\\\/2025\\\/04\\\/Fanny-Yepez-Luna-e1768657334923.jpg\",\"keywords\":[\"Claudia Sheinbaum\",\"cuesta de enero\",\"deuda\",\"Gasto\",\"Inegi\",\"Veracruz\"],\"articleSection\":[\"De Opini\u00f3n\"],\"inLanguage\":\"es\"},{\"@type\":\"WebPage\",\"@id\":\"https:\\\/\\\/lospoliticosveracruz.com\\\/?p=160902\",\"url\":\"https:\\\/\\\/lospoliticosveracruz.com\\\/?p=160902\",\"name\":\"SUFREN CUESTA DE ENERO, 60% DE MEXICANOS - Los pol\u00edticos Veracruz\",\"isPartOf\":{\"@id\":\"https:\\\/\\\/lospoliticosveracruz.com\\\/#website\"},\"primaryImageOfPage\":{\"@id\":\"https:\\\/\\\/lospoliticosveracruz.com\\\/?p=160902#primaryimage\"},\"image\":{\"@id\":\"https:\\\/\\\/lospoliticosveracruz.com\\\/?p=160902#primaryimage\"},\"thumbnailUrl\":\"https:\\\/\\\/lospoliticosveracruz.com\\\/wp-content\\\/uploads\\\/2025\\\/04\\\/Fanny-Yepez-Luna-e1768657334923.jpg\",\"datePublished\":\"2026-01-20T11:56:12+00:00\",\"dateModified\":\"2026-01-20T11:56:14+00:00\",\"breadcrumb\":{\"@id\":\"https:\\\/\\\/lospoliticosveracruz.com\\\/?p=160902#breadcrumb\"},\"inLanguage\":\"es\",\"potentialAction\":[{\"@type\":\"ReadAction\",\"target\":[\"https:\\\/\\\/lospoliticosveracruz.com\\\/?p=160902\"]}]},{\"@type\":\"ImageObject\",\"inLanguage\":\"es\",\"@id\":\"https:\\\/\\\/lospoliticosveracruz.com\\\/?p=160902#primaryimage\",\"url\":\"https:\\\/\\\/lospoliticosveracruz.com\\\/wp-content\\\/uploads\\\/2025\\\/04\\\/Fanny-Yepez-Luna-e1768657334923.jpg\",\"contentUrl\":\"https:\\\/\\\/lospoliticosveracruz.com\\\/wp-content\\\/uploads\\\/2025\\\/04\\\/Fanny-Yepez-Luna-e1768657334923.jpg\",\"width\":600,\"height\":320},{\"@type\":\"BreadcrumbList\",\"@id\":\"https:\\\/\\\/lospoliticosveracruz.com\\\/?p=160902#breadcrumb\",\"itemListElement\":[{\"@type\":\"ListItem\",\"position\":1,\"name\":\"Portada\",\"item\":\"https:\\\/\\\/lospoliticosveracruz.com\\\/\"},{\"@type\":\"ListItem\",\"position\":2,\"name\":\"SUFREN CUESTA DE ENERO, 60% DE MEXICANOS\"}]},{\"@type\":\"WebSite\",\"@id\":\"https:\\\/\\\/lospoliticosveracruz.com\\\/#website\",\"url\":\"https:\\\/\\\/lospoliticosveracruz.com\\\/\",\"name\":\"Los pol\u00edticos Veracruz\",\"description\":\"\",\"publisher\":{\"@id\":\"https:\\\/\\\/lospoliticosveracruz.com\\\/#organization\"},\"potentialAction\":[{\"@type\":\"SearchAction\",\"target\":{\"@type\":\"EntryPoint\",\"urlTemplate\":\"https:\\\/\\\/lospoliticosveracruz.com\\\/?s={search_term_string}\"},\"query-input\":{\"@type\":\"PropertyValueSpecification\",\"valueRequired\":true,\"valueName\":\"search_term_string\"}}],\"inLanguage\":\"es\"},{\"@type\":\"Organization\",\"@id\":\"https:\\\/\\\/lospoliticosveracruz.com\\\/#organization\",\"name\":\"Los pol\u00edticos Veracruz\",\"url\":\"https:\\\/\\\/lospoliticosveracruz.com\\\/\",\"logo\":{\"@type\":\"ImageObject\",\"inLanguage\":\"es\",\"@id\":\"https:\\\/\\\/lospoliticosveracruz.com\\\/#\\\/schema\\\/logo\\\/image\\\/\",\"url\":\"https:\\\/\\\/lospoliticosveracruz.com\\\/wp-content\\\/uploads\\\/2025\\\/12\\\/Logo-Nuevo-LOS-POLITICOS-1.jpg\",\"contentUrl\":\"https:\\\/\\\/lospoliticosveracruz.com\\\/wp-content\\\/uploads\\\/2025\\\/12\\\/Logo-Nuevo-LOS-POLITICOS-1.jpg\",\"width\":260,\"height\":70,\"caption\":\"Los pol\u00edticos Veracruz\"},\"image\":{\"@id\":\"https:\\\/\\\/lospoliticosveracruz.com\\\/#\\\/schema\\\/logo\\\/image\\\/\"},\"sameAs\":[\"https:\\\/\\\/www.facebook.com\\\/people\\\/Notimemes-de-los-Polticos\\\/61565672886568\\\/\",\"https:\\\/\\\/x.com\\\/LosPoliticosVer\"]},{\"@type\":\"Person\",\"@id\":\"https:\\\/\\\/lospoliticosveracruz.com\\\/#\\\/schema\\\/person\\\/b8702bb0e538456e6efd07080bf2a4a2\",\"name\":\"Lo viste en Los Pol\u00edticos\",\"image\":{\"@type\":\"ImageObject\",\"inLanguage\":\"es\",\"@id\":\"https:\\\/\\\/secure.gravatar.com\\\/avatar\\\/3a8de04a2656d44082be478bd6c086daa447c4651605818287b9532d3d0bd435?s=96&d=mm&r=g\",\"url\":\"https:\\\/\\\/secure.gravatar.com\\\/avatar\\\/3a8de04a2656d44082be478bd6c086daa447c4651605818287b9532d3d0bd435?s=96&d=mm&r=g\",\"contentUrl\":\"https:\\\/\\\/secure.gravatar.com\\\/avatar\\\/3a8de04a2656d44082be478bd6c086daa447c4651605818287b9532d3d0bd435?s=96&d=mm&r=g\",\"caption\":\"Lo viste en Los Pol\u00edticos\"},\"url\":\"https:\\\/\\\/lospoliticosveracruz.com\\\/?author=2\"}]}<\/script>\n<!-- \/ Yoast SEO plugin. -->","yoast_head_json":{"title":"SUFREN CUESTA DE ENERO, 60% DE MEXICANOS - Los pol\u00edticos Veracruz","robots":{"index":"index","follow":"follow","max-snippet":"max-snippet:-1","max-image-preview":"max-image-preview:large","max-video-preview":"max-video-preview:-1"},"canonical":"https:\/\/lospoliticosveracruz.com\/?p=160902","og_locale":"es_ES","og_type":"article","og_title":"SUFREN CUESTA DE ENERO, 60% DE MEXICANOS - Los pol\u00edticos Veracruz","og_description":"Fanny Y\u00e9pezLa Columna La cuesta de enero 2026 en M\u00e9xico, se caracteriza por una presi\u00f3n inflacionaria considerable, impulsada por ajustes fiscales y el alza en precios de productos b\u00e1sicos.Se le dice \u00abcuesta de enero\u00bb porque es un periodo donde las finanzas se sienten como una pendiente dif\u00edcil de subir, debido a los excesivos gastos de [&hellip;]","og_url":"https:\/\/lospoliticosveracruz.com\/?p=160902","og_site_name":"Los pol\u00edticos Veracruz","article_publisher":"https:\/\/www.facebook.com\/people\/Notimemes-de-los-Polticos\/61565672886568\/","article_published_time":"2026-01-20T11:56:12+00:00","article_modified_time":"2026-01-20T11:56:14+00:00","og_image":[{"width":600,"height":320,"url":"https:\/\/lospoliticosveracruz.com\/wp-content\/uploads\/2025\/04\/Fanny-Yepez-Luna-e1768657334923.jpg","type":"image\/jpeg"}],"author":"Lo viste en Los Pol\u00edticos","twitter_card":"summary_large_image","twitter_creator":"@LosPoliticosVer","twitter_site":"@LosPoliticosVer","twitter_misc":{"Escrito por":"Lo viste en Los Pol\u00edticos","Tiempo de lectura":"4 minutos"},"schema":{"@context":"https:\/\/schema.org","@graph":[{"@type":"Article","@id":"https:\/\/lospoliticosveracruz.com\/?p=160902#article","isPartOf":{"@id":"https:\/\/lospoliticosveracruz.com\/?p=160902"},"author":{"name":"Lo viste en Los Pol\u00edticos","@id":"https:\/\/lospoliticosveracruz.com\/#\/schema\/person\/b8702bb0e538456e6efd07080bf2a4a2"},"headline":"SUFREN CUESTA DE ENERO, 60% DE MEXICANOS","datePublished":"2026-01-20T11:56:12+00:00","dateModified":"2026-01-20T11:56:14+00:00","mainEntityOfPage":{"@id":"https:\/\/lospoliticosveracruz.com\/?p=160902"},"wordCount":797,"publisher":{"@id":"https:\/\/lospoliticosveracruz.com\/#organization"},"image":{"@id":"https:\/\/lospoliticosveracruz.com\/?p=160902#primaryimage"},"thumbnailUrl":"https:\/\/lospoliticosveracruz.com\/wp-content\/uploads\/2025\/04\/Fanny-Yepez-Luna-e1768657334923.jpg","keywords":["Claudia Sheinbaum","cuesta de enero","deuda","Gasto","Inegi","Veracruz"],"articleSection":["De Opini\u00f3n"],"inLanguage":"es"},{"@type":"WebPage","@id":"https:\/\/lospoliticosveracruz.com\/?p=160902","url":"https:\/\/lospoliticosveracruz.com\/?p=160902","name":"SUFREN CUESTA DE ENERO, 60% DE MEXICANOS - Los pol\u00edticos Veracruz","isPartOf":{"@id":"https:\/\/lospoliticosveracruz.com\/#website"},"primaryImageOfPage":{"@id":"https:\/\/lospoliticosveracruz.com\/?p=160902#primaryimage"},"image":{"@id":"https:\/\/lospoliticosveracruz.com\/?p=160902#primaryimage"},"thumbnailUrl":"https:\/\/lospoliticosveracruz.com\/wp-content\/uploads\/2025\/04\/Fanny-Yepez-Luna-e1768657334923.jpg","datePublished":"2026-01-20T11:56:12+00:00","dateModified":"2026-01-20T11:56:14+00:00","breadcrumb":{"@id":"https:\/\/lospoliticosveracruz.com\/?p=160902#breadcrumb"},"inLanguage":"es","potentialAction":[{"@type":"ReadAction","target":["https:\/\/lospoliticosveracruz.com\/?p=160902"]}]},{"@type":"ImageObject","inLanguage":"es","@id":"https:\/\/lospoliticosveracruz.com\/?p=160902#primaryimage","url":"https:\/\/lospoliticosveracruz.com\/wp-content\/uploads\/2025\/04\/Fanny-Yepez-Luna-e1768657334923.jpg","contentUrl":"https:\/\/lospoliticosveracruz.com\/wp-content\/uploads\/2025\/04\/Fanny-Yepez-Luna-e1768657334923.jpg","width":600,"height":320},{"@type":"BreadcrumbList","@id":"https:\/\/lospoliticosveracruz.com\/?p=160902#breadcrumb","itemListElement":[{"@type":"ListItem","position":1,"name":"Portada","item":"https:\/\/lospoliticosveracruz.com\/"},{"@type":"ListItem","position":2,"name":"SUFREN CUESTA DE ENERO, 60% DE MEXICANOS"}]},{"@type":"WebSite","@id":"https:\/\/lospoliticosveracruz.com\/#website","url":"https:\/\/lospoliticosveracruz.com\/","name":"Los pol\u00edticos Veracruz","description":"","publisher":{"@id":"https:\/\/lospoliticosveracruz.com\/#organization"},"potentialAction":[{"@type":"SearchAction","target":{"@type":"EntryPoint","urlTemplate":"https:\/\/lospoliticosveracruz.com\/?s={search_term_string}"},"query-input":{"@type":"PropertyValueSpecification","valueRequired":true,"valueName":"search_term_string"}}],"inLanguage":"es"},{"@type":"Organization","@id":"https:\/\/lospoliticosveracruz.com\/#organization","name":"Los pol\u00edticos Veracruz","url":"https:\/\/lospoliticosveracruz.com\/","logo":{"@type":"ImageObject","inLanguage":"es","@id":"https:\/\/lospoliticosveracruz.com\/#\/schema\/logo\/image\/","url":"https:\/\/lospoliticosveracruz.com\/wp-content\/uploads\/2025\/12\/Logo-Nuevo-LOS-POLITICOS-1.jpg","contentUrl":"https:\/\/lospoliticosveracruz.com\/wp-content\/uploads\/2025\/12\/Logo-Nuevo-LOS-POLITICOS-1.jpg","width":260,"height":70,"caption":"Los pol\u00edticos Veracruz"},"image":{"@id":"https:\/\/lospoliticosveracruz.com\/#\/schema\/logo\/image\/"},"sameAs":["https:\/\/www.facebook.com\/people\/Notimemes-de-los-Polticos\/61565672886568\/","https:\/\/x.com\/LosPoliticosVer"]},{"@type":"Person","@id":"https:\/\/lospoliticosveracruz.com\/#\/schema\/person\/b8702bb0e538456e6efd07080bf2a4a2","name":"Lo viste en Los Pol\u00edticos","image":{"@type":"ImageObject","inLanguage":"es","@id":"https:\/\/secure.gravatar.com\/avatar\/3a8de04a2656d44082be478bd6c086daa447c4651605818287b9532d3d0bd435?s=96&d=mm&r=g","url":"https:\/\/secure.gravatar.com\/avatar\/3a8de04a2656d44082be478bd6c086daa447c4651605818287b9532d3d0bd435?s=96&d=mm&r=g","contentUrl":"https:\/\/secure.gravatar.com\/avatar\/3a8de04a2656d44082be478bd6c086daa447c4651605818287b9532d3d0bd435?s=96&d=mm&r=g","caption":"Lo viste en Los Pol\u00edticos"},"url":"https:\/\/lospoliticosveracruz.com\/?author=2"}]}},"_links":{"self":[{"href":"https:\/\/lospoliticosveracruz.com\/index.php?rest_route=\/wp\/v2\/posts\/160902","targetHints":{"allow":["GET"]}}],"collection":[{"href":"https:\/\/lospoliticosveracruz.com\/index.php?rest_route=\/wp\/v2\/posts"}],"about":[{"href":"https:\/\/lospoliticosveracruz.com\/index.php?rest_route=\/wp\/v2\/types\/post"}],"author":[{"embeddable":true,"href":"https:\/\/lospoliticosveracruz.com\/index.php?rest_route=\/wp\/v2\/users\/2"}],"replies":[{"embeddable":true,"href":"https:\/\/lospoliticosveracruz.com\/index.php?rest_route=%2Fwp%2Fv2%2Fcomments&post=160902"}],"version-history":[{"count":1,"href":"https:\/\/lospoliticosveracruz.com\/index.php?rest_route=\/wp\/v2\/posts\/160902\/revisions"}],"predecessor-version":[{"id":160903,"href":"https:\/\/lospoliticosveracruz.com\/index.php?rest_route=\/wp\/v2\/posts\/160902\/revisions\/160903"}],"wp:featuredmedia":[{"embeddable":true,"href":"https:\/\/lospoliticosveracruz.com\/index.php?rest_route=\/wp\/v2\/media\/141383"}],"wp:attachment":[{"href":"https:\/\/lospoliticosveracruz.com\/index.php?rest_route=%2Fwp%2Fv2%2Fmedia&parent=160902"}],"wp:term":[{"taxonomy":"category","embeddable":true,"href":"https:\/\/lospoliticosveracruz.com\/index.php?rest_route=%2Fwp%2Fv2%2Fcategories&post=160902"},{"taxonomy":"post_tag","embeddable":true,"href":"https:\/\/lospoliticosveracruz.com\/index.php?rest_route=%2Fwp%2Fv2%2Ftags&post=160902"}],"curies":[{"name":"wp","href":"https:\/\/api.w.org\/{rel}","templated":true}]}}