{"id":160904,"date":"2026-01-20T06:40:14","date_gmt":"2026-01-20T12:40:14","guid":{"rendered":"https:\/\/lospoliticosveracruz.com\/?p=160904"},"modified":"2026-01-20T06:40:16","modified_gmt":"2026-01-20T12:40:16","slug":"usan-c4-en-faltas-administrativas-en-ursulo-galvan","status":"publish","type":"post","link":"https:\/\/lospoliticosveracruz.com\/?p=160904","title":{"rendered":"USAN C4 EN FALTAS ADMINISTRATIVAS EN \u00daRSULO GALV\u00c1N"},"content":{"rendered":"\n<p><strong>Omar Z\u00fa\u00f1iga<\/strong><br><em>De Primera Mano<\/em><\/p>\n\n\n\n<p>El Centro Estatal de Control, Comando, Comunicaciones y C\u00f3mputo C4, es un \u00f3rgano dependiente de la Secretar\u00eda de Seguridad P\u00fablica.&nbsp;<\/p>\n\n\n\n<p>Es&nbsp;una central de emergencias que coordina la respuesta de seguridad y atenci\u00f3n ciudadana en el estado de Veracruz,&nbsp;que&nbsp;opera&nbsp;las 24 horas para atender el&nbsp;n\u00famero de emergencias&nbsp;911 y ofrece servicios a trav\u00e9s de aplicaciones como \u00abMujer Alerta\u00bb, \u00abAlerta Hogar\u00bb y \u00abAlerta Empresarial\u00bb para emergencias, violencia de g\u00e9nero y robos, adem\u00e1s de gestionar denuncias an\u00f3nimas por el 089, n\u00famero para denunciar extorsiones.&nbsp;<\/p>\n\n\n\n<p>Adem\u00e1s de realizar&nbsp;pl\u00e1ticas informativas en escuelas y empresas sobre el uso correcto de&nbsp;los n\u00fameros&nbsp;911 y 089, as\u00ed como prevenci\u00f3n de delitos cibern\u00e9ticos y violencia.<\/p>\n\n\n\n<p>*****<\/p>\n\n\n\n<p><strong>Bert\u00edn Bravo Montero&nbsp;<\/strong><strong><em>el&nbsp;<\/em><\/strong><strong><em>G<\/em><\/strong><strong><em>ato<\/em><\/strong>, alcalde de \u00darsulo Galv\u00e1n, es identificado como la cabeza del conocido corredor naranja que integran los municpios de \u00darsulo Galv\u00e1n, La Antigua (Cardel), Puente Nacional y Paso de Ovejas.<\/p>\n\n\n\n<p>Ciertamente&nbsp;<strong>Bert\u00edn<\/strong>&nbsp;tiene un liderazgo social fuera de cualquier duda (y eso lo pone en autom\u00e1tico como candidato natural en el 2027), sin embargo, el inicio de su gobierno ha estado marcado por una deficiente recolecci\u00f3n de basura.<\/p>\n\n\n\n<p>\u00c9l mismo lo reconoci\u00f3 y aplic\u00f3 la de \u201cas\u00ed nos lo dejaron\u201d, estrategia&nbsp;de&nbsp;L\u00f3pez Obrador.<\/p>\n\n\n\n<p>Sin embargo, este liderazgo deber ser y estar bien encauzado, pues en ese af\u00e1n de justificar el trabajo que se realiza,&nbsp;se pueden cometer&nbsp;torpezas con consecuencias que hasta podr\u00edan ser judiciales.<\/p>\n\n\n\n<p>Nos enviaron un video donde se puede ver a&nbsp;<strong>Bert\u00edn Bravo<\/strong>,&nbsp;en el que&nbsp;el Gato&nbsp;dice -en el mismo asunto de la recolecci\u00f3n de basura-,&nbsp;(que dicho sea de paso tirarla fuera de lugar no es delito es uan falta administrativa)&nbsp;es importante subrayarlo- que \u201cvengo a dar la cara,&nbsp;no&nbsp;a pelearme con revoltosos que&nbsp;cada&nbsp;que que se las antoje&nbsp;que&nbsp;tiran&nbsp;(basura) ah\u00ed vaa estar&nbsp;Bert\u00edn&nbsp;atr\u00e1s&#8230;&nbsp;por ah\u00ed&nbsp;tenemos relaciones ah\u00ed en&nbsp;el C4&nbsp;(sic)&nbsp;y&nbsp;resulta que ya por&nbsp;ah\u00ed&nbsp;detectamos, que hay unas&nbsp;personas,&nbsp;unas se\u00f1oras, hasta&nbsp;pena dan&nbsp;pobres&nbsp;se\u00f1oras,&nbsp;que no pueden&nbsp;superar que les ganamos en la campa\u00f1a&nbsp;(sic)\u201d.<\/p>\n\n\n\n<p>Si&nbsp;bien&nbsp;es cierto que&nbsp;el liderazgo no se regatea, hay que empezar a poner filtros.<\/p>\n\n\n\n<p>*****<\/p>\n\n\n\n<p>El&nbsp;breviario de inicio&nbsp;sirve para conocer&nbsp;la chamba que tiene el C4 dista mucho de ser f\u00e1cil y y adem\u00f1as tiene mucho trabajo, en un estado tan complejo como Veracruz, donde la violencia no para.<\/p>\n\n\n\n<p>Por eso llaman&nbsp;poderosamente la atenci\u00f3n los dichos de&nbsp;<strong>Bert\u00edn<\/strong>, que ahora adem\u00e1s de perseguir malandros, el C4 se preste, en caso de que sea verdad la afirmaci\u00f3n, como dice el Gato a&nbsp;ver a&nbsp;\u201cunas se\u00f1oras, hasta&nbsp;pena dan&nbsp;pobres&nbsp;se\u00f1oras,&nbsp;que no pueden&nbsp;superar que les ganamos en la campa\u00f1a\u201d, por andar tirando la basura donde no deben, en el municipio de \u00darsulo Galv\u00e1n.<\/p>\n\n\n\n<p>Habr\u00e1 que conocer la opini\u00f3n del secretario de Seguridad P\u00fablica,&nbsp;<strong>Alfonso Reyes<\/strong>, sobre este uso que se ha dado del C4.<\/p>\n\n\n\n<p>\u00a1Qu\u00e9 barbaridad!<\/p>\n\n\n\n<p>deprimera.mano2020@gmail.com<\/p>\n","protected":false},"excerpt":{"rendered":"<p>Omar Z\u00fa\u00f1igaDe Primera Mano El Centro Estatal de Control, Comando, Comunicaciones y C\u00f3mputo C4, es un \u00f3rgano dependiente de la Secretar\u00eda de Seguridad P\u00fablica.&nbsp; Es&nbsp;una central de emergencias que coordina la respuesta de seguridad y atenci\u00f3n ciudadana en el estado de Veracruz,&nbsp;que&nbsp;opera&nbsp;las 24 horas para atender el&nbsp;n\u00famero de emergencias&nbsp;911 y ofrece servicios a trav\u00e9s de [&hellip;]<\/p>\n","protected":false},"author":2,"featured_media":141427,"comment_status":"closed","ping_status":"closed","sticky":false,"template":"","format":"standard","meta":{"tdm_status":"","tdm_grid_status":"","footnotes":""},"categories":[70],"tags":[50968,47174,50969,370,37451,9975,11872,3469],"class_list":{"0":"post-160904","1":"post","2":"type-post","3":"status-publish","4":"format-standard","5":"has-post-thumbnail","7":"category-de-opinion","8":"tag-alerta-empresarial","9":"tag-alfonso-reyes-garces","10":"tag-bertin-bravo-montero","11":"tag-c4","12":"tag-centro-estatal-de-control","13":"tag-comando","14":"tag-mujer-alerta","15":"tag-ursulo-galvan"},"yoast_head":"<!-- This site is optimized with the Yoast SEO plugin v27.4 - https:\/\/yoast.com\/product\/yoast-seo-wordpress\/ -->\n<title>USAN C4 EN FALTAS ADMINISTRATIVAS EN \u00daRSULO GALV\u00c1N - Los pol\u00edticos Veracruz<\/title>\n<meta name=\"robots\" content=\"index, follow, max-snippet:-1, max-image-preview:large, max-video-preview:-1\" \/>\n<link rel=\"canonical\" href=\"https:\/\/lospoliticosveracruz.com\/?p=160904\" \/>\n<meta property=\"og:locale\" content=\"es_ES\" \/>\n<meta property=\"og:type\" content=\"article\" \/>\n<meta property=\"og:title\" content=\"USAN C4 EN FALTAS ADMINISTRATIVAS EN \u00daRSULO GALV\u00c1N - Los pol\u00edticos Veracruz\" \/>\n<meta property=\"og:description\" content=\"Omar Z\u00fa\u00f1igaDe Primera Mano El Centro Estatal de Control, Comando, Comunicaciones y C\u00f3mputo C4, es un \u00f3rgano dependiente de la Secretar\u00eda de Seguridad P\u00fablica.&nbsp; Es&nbsp;una central de emergencias que coordina la respuesta de seguridad y atenci\u00f3n ciudadana en el estado de Veracruz,&nbsp;que&nbsp;opera&nbsp;las 24 horas para atender el&nbsp;n\u00famero de emergencias&nbsp;911 y ofrece servicios a trav\u00e9s de [&hellip;]\" \/>\n<meta property=\"og:url\" content=\"https:\/\/lospoliticosveracruz.com\/?p=160904\" \/>\n<meta property=\"og:site_name\" content=\"Los pol\u00edticos Veracruz\" \/>\n<meta property=\"article:publisher\" content=\"https:\/\/www.facebook.com\/people\/Notimemes-de-los-Polticos\/61565672886568\/\" \/>\n<meta property=\"article:published_time\" content=\"2026-01-20T12:40:14+00:00\" \/>\n<meta property=\"article:modified_time\" content=\"2026-01-20T12:40:16+00:00\" \/>\n<meta property=\"og:image\" content=\"https:\/\/lospoliticosveracruz.com\/wp-content\/uploads\/2025\/04\/Omar-Zuniga.jpg\" \/>\n\t<meta property=\"og:image:width\" content=\"1250\" \/>\n\t<meta property=\"og:image:height\" content=\"667\" \/>\n\t<meta property=\"og:image:type\" content=\"image\/jpeg\" \/>\n<meta name=\"author\" content=\"Lo viste en Los Pol\u00edticos\" \/>\n<meta name=\"twitter:card\" content=\"summary_large_image\" \/>\n<meta name=\"twitter:creator\" content=\"@LosPoliticosVer\" \/>\n<meta name=\"twitter:site\" content=\"@LosPoliticosVer\" \/>\n<meta name=\"twitter:label1\" content=\"Escrito por\" \/>\n\t<meta name=\"twitter:data1\" content=\"Lo viste en Los Pol\u00edticos\" \/>\n\t<meta name=\"twitter:label2\" content=\"Tiempo de lectura\" \/>\n\t<meta name=\"twitter:data2\" content=\"3 minutos\" \/>\n<script type=\"application\/ld+json\" class=\"yoast-schema-graph\">{\"@context\":\"https:\\\/\\\/schema.org\",\"@graph\":[{\"@type\":\"Article\",\"@id\":\"https:\\\/\\\/lospoliticosveracruz.com\\\/?p=160904#article\",\"isPartOf\":{\"@id\":\"https:\\\/\\\/lospoliticosveracruz.com\\\/?p=160904\"},\"author\":{\"name\":\"Lo viste en Los Pol\u00edticos\",\"@id\":\"https:\\\/\\\/lospoliticosveracruz.com\\\/#\\\/schema\\\/person\\\/b8702bb0e538456e6efd07080bf2a4a2\"},\"headline\":\"USAN C4 EN FALTAS ADMINISTRATIVAS EN \u00daRSULO GALV\u00c1N\",\"datePublished\":\"2026-01-20T12:40:14+00:00\",\"dateModified\":\"2026-01-20T12:40:16+00:00\",\"mainEntityOfPage\":{\"@id\":\"https:\\\/\\\/lospoliticosveracruz.com\\\/?p=160904\"},\"wordCount\":605,\"publisher\":{\"@id\":\"https:\\\/\\\/lospoliticosveracruz.com\\\/#organization\"},\"image\":{\"@id\":\"https:\\\/\\\/lospoliticosveracruz.com\\\/?p=160904#primaryimage\"},\"thumbnailUrl\":\"https:\\\/\\\/lospoliticosveracruz.com\\\/wp-content\\\/uploads\\\/2025\\\/04\\\/Omar-Zuniga.jpg\",\"keywords\":[\"Alerta Empresarial\",\"Alfonso Reyes Garc\u00e9s\",\"Bert\u00edn Bravo Montero\",\"C4\",\"Centro Estatal de Control\",\"Comando\",\"Mujer Alerta\",\"\u00darsulo Galv\u00e1n\"],\"articleSection\":[\"De Opini\u00f3n\"],\"inLanguage\":\"es\"},{\"@type\":\"WebPage\",\"@id\":\"https:\\\/\\\/lospoliticosveracruz.com\\\/?p=160904\",\"url\":\"https:\\\/\\\/lospoliticosveracruz.com\\\/?p=160904\",\"name\":\"USAN C4 EN FALTAS ADMINISTRATIVAS EN \u00daRSULO GALV\u00c1N - Los pol\u00edticos Veracruz\",\"isPartOf\":{\"@id\":\"https:\\\/\\\/lospoliticosveracruz.com\\\/#website\"},\"primaryImageOfPage\":{\"@id\":\"https:\\\/\\\/lospoliticosveracruz.com\\\/?p=160904#primaryimage\"},\"image\":{\"@id\":\"https:\\\/\\\/lospoliticosveracruz.com\\\/?p=160904#primaryimage\"},\"thumbnailUrl\":\"https:\\\/\\\/lospoliticosveracruz.com\\\/wp-content\\\/uploads\\\/2025\\\/04\\\/Omar-Zuniga.jpg\",\"datePublished\":\"2026-01-20T12:40:14+00:00\",\"dateModified\":\"2026-01-20T12:40:16+00:00\",\"breadcrumb\":{\"@id\":\"https:\\\/\\\/lospoliticosveracruz.com\\\/?p=160904#breadcrumb\"},\"inLanguage\":\"es\",\"potentialAction\":[{\"@type\":\"ReadAction\",\"target\":[\"https:\\\/\\\/lospoliticosveracruz.com\\\/?p=160904\"]}]},{\"@type\":\"ImageObject\",\"inLanguage\":\"es\",\"@id\":\"https:\\\/\\\/lospoliticosveracruz.com\\\/?p=160904#primaryimage\",\"url\":\"https:\\\/\\\/lospoliticosveracruz.com\\\/wp-content\\\/uploads\\\/2025\\\/04\\\/Omar-Zuniga.jpg\",\"contentUrl\":\"https:\\\/\\\/lospoliticosveracruz.com\\\/wp-content\\\/uploads\\\/2025\\\/04\\\/Omar-Zuniga.jpg\",\"width\":1250,\"height\":667},{\"@type\":\"BreadcrumbList\",\"@id\":\"https:\\\/\\\/lospoliticosveracruz.com\\\/?p=160904#breadcrumb\",\"itemListElement\":[{\"@type\":\"ListItem\",\"position\":1,\"name\":\"Portada\",\"item\":\"https:\\\/\\\/lospoliticosveracruz.com\\\/\"},{\"@type\":\"ListItem\",\"position\":2,\"name\":\"USAN C4 EN FALTAS ADMINISTRATIVAS EN \u00daRSULO GALV\u00c1N\"}]},{\"@type\":\"WebSite\",\"@id\":\"https:\\\/\\\/lospoliticosveracruz.com\\\/#website\",\"url\":\"https:\\\/\\\/lospoliticosveracruz.com\\\/\",\"name\":\"Los pol\u00edticos Veracruz\",\"description\":\"\",\"publisher\":{\"@id\":\"https:\\\/\\\/lospoliticosveracruz.com\\\/#organization\"},\"potentialAction\":[{\"@type\":\"SearchAction\",\"target\":{\"@type\":\"EntryPoint\",\"urlTemplate\":\"https:\\\/\\\/lospoliticosveracruz.com\\\/?s={search_term_string}\"},\"query-input\":{\"@type\":\"PropertyValueSpecification\",\"valueRequired\":true,\"valueName\":\"search_term_string\"}}],\"inLanguage\":\"es\"},{\"@type\":\"Organization\",\"@id\":\"https:\\\/\\\/lospoliticosveracruz.com\\\/#organization\",\"name\":\"Los pol\u00edticos Veracruz\",\"url\":\"https:\\\/\\\/lospoliticosveracruz.com\\\/\",\"logo\":{\"@type\":\"ImageObject\",\"inLanguage\":\"es\",\"@id\":\"https:\\\/\\\/lospoliticosveracruz.com\\\/#\\\/schema\\\/logo\\\/image\\\/\",\"url\":\"https:\\\/\\\/lospoliticosveracruz.com\\\/wp-content\\\/uploads\\\/2025\\\/12\\\/Logo-Nuevo-LOS-POLITICOS-1.jpg\",\"contentUrl\":\"https:\\\/\\\/lospoliticosveracruz.com\\\/wp-content\\\/uploads\\\/2025\\\/12\\\/Logo-Nuevo-LOS-POLITICOS-1.jpg\",\"width\":260,\"height\":70,\"caption\":\"Los pol\u00edticos Veracruz\"},\"image\":{\"@id\":\"https:\\\/\\\/lospoliticosveracruz.com\\\/#\\\/schema\\\/logo\\\/image\\\/\"},\"sameAs\":[\"https:\\\/\\\/www.facebook.com\\\/people\\\/Notimemes-de-los-Polticos\\\/61565672886568\\\/\",\"https:\\\/\\\/x.com\\\/LosPoliticosVer\"]},{\"@type\":\"Person\",\"@id\":\"https:\\\/\\\/lospoliticosveracruz.com\\\/#\\\/schema\\\/person\\\/b8702bb0e538456e6efd07080bf2a4a2\",\"name\":\"Lo viste en Los Pol\u00edticos\",\"image\":{\"@type\":\"ImageObject\",\"inLanguage\":\"es\",\"@id\":\"https:\\\/\\\/secure.gravatar.com\\\/avatar\\\/3a8de04a2656d44082be478bd6c086daa447c4651605818287b9532d3d0bd435?s=96&d=mm&r=g\",\"url\":\"https:\\\/\\\/secure.gravatar.com\\\/avatar\\\/3a8de04a2656d44082be478bd6c086daa447c4651605818287b9532d3d0bd435?s=96&d=mm&r=g\",\"contentUrl\":\"https:\\\/\\\/secure.gravatar.com\\\/avatar\\\/3a8de04a2656d44082be478bd6c086daa447c4651605818287b9532d3d0bd435?s=96&d=mm&r=g\",\"caption\":\"Lo viste en Los Pol\u00edticos\"},\"url\":\"https:\\\/\\\/lospoliticosveracruz.com\\\/?author=2\"}]}<\/script>\n<!-- \/ Yoast SEO plugin. -->","yoast_head_json":{"title":"USAN C4 EN FALTAS ADMINISTRATIVAS EN \u00daRSULO GALV\u00c1N - Los pol\u00edticos Veracruz","robots":{"index":"index","follow":"follow","max-snippet":"max-snippet:-1","max-image-preview":"max-image-preview:large","max-video-preview":"max-video-preview:-1"},"canonical":"https:\/\/lospoliticosveracruz.com\/?p=160904","og_locale":"es_ES","og_type":"article","og_title":"USAN C4 EN FALTAS ADMINISTRATIVAS EN \u00daRSULO GALV\u00c1N - Los pol\u00edticos Veracruz","og_description":"Omar Z\u00fa\u00f1igaDe Primera Mano El Centro Estatal de Control, Comando, Comunicaciones y C\u00f3mputo C4, es un \u00f3rgano dependiente de la Secretar\u00eda de Seguridad P\u00fablica.&nbsp; Es&nbsp;una central de emergencias que coordina la respuesta de seguridad y atenci\u00f3n ciudadana en el estado de Veracruz,&nbsp;que&nbsp;opera&nbsp;las 24 horas para atender el&nbsp;n\u00famero de emergencias&nbsp;911 y ofrece servicios a trav\u00e9s de [&hellip;]","og_url":"https:\/\/lospoliticosveracruz.com\/?p=160904","og_site_name":"Los pol\u00edticos Veracruz","article_publisher":"https:\/\/www.facebook.com\/people\/Notimemes-de-los-Polticos\/61565672886568\/","article_published_time":"2026-01-20T12:40:14+00:00","article_modified_time":"2026-01-20T12:40:16+00:00","og_image":[{"width":1250,"height":667,"url":"https:\/\/lospoliticosveracruz.com\/wp-content\/uploads\/2025\/04\/Omar-Zuniga.jpg","type":"image\/jpeg"}],"author":"Lo viste en Los Pol\u00edticos","twitter_card":"summary_large_image","twitter_creator":"@LosPoliticosVer","twitter_site":"@LosPoliticosVer","twitter_misc":{"Escrito por":"Lo viste en Los Pol\u00edticos","Tiempo de lectura":"3 minutos"},"schema":{"@context":"https:\/\/schema.org","@graph":[{"@type":"Article","@id":"https:\/\/lospoliticosveracruz.com\/?p=160904#article","isPartOf":{"@id":"https:\/\/lospoliticosveracruz.com\/?p=160904"},"author":{"name":"Lo viste en Los Pol\u00edticos","@id":"https:\/\/lospoliticosveracruz.com\/#\/schema\/person\/b8702bb0e538456e6efd07080bf2a4a2"},"headline":"USAN C4 EN FALTAS ADMINISTRATIVAS EN \u00daRSULO GALV\u00c1N","datePublished":"2026-01-20T12:40:14+00:00","dateModified":"2026-01-20T12:40:16+00:00","mainEntityOfPage":{"@id":"https:\/\/lospoliticosveracruz.com\/?p=160904"},"wordCount":605,"publisher":{"@id":"https:\/\/lospoliticosveracruz.com\/#organization"},"image":{"@id":"https:\/\/lospoliticosveracruz.com\/?p=160904#primaryimage"},"thumbnailUrl":"https:\/\/lospoliticosveracruz.com\/wp-content\/uploads\/2025\/04\/Omar-Zuniga.jpg","keywords":["Alerta Empresarial","Alfonso Reyes Garc\u00e9s","Bert\u00edn Bravo Montero","C4","Centro Estatal de Control","Comando","Mujer Alerta","\u00darsulo Galv\u00e1n"],"articleSection":["De Opini\u00f3n"],"inLanguage":"es"},{"@type":"WebPage","@id":"https:\/\/lospoliticosveracruz.com\/?p=160904","url":"https:\/\/lospoliticosveracruz.com\/?p=160904","name":"USAN C4 EN FALTAS ADMINISTRATIVAS EN \u00daRSULO GALV\u00c1N - Los pol\u00edticos Veracruz","isPartOf":{"@id":"https:\/\/lospoliticosveracruz.com\/#website"},"primaryImageOfPage":{"@id":"https:\/\/lospoliticosveracruz.com\/?p=160904#primaryimage"},"image":{"@id":"https:\/\/lospoliticosveracruz.com\/?p=160904#primaryimage"},"thumbnailUrl":"https:\/\/lospoliticosveracruz.com\/wp-content\/uploads\/2025\/04\/Omar-Zuniga.jpg","datePublished":"2026-01-20T12:40:14+00:00","dateModified":"2026-01-20T12:40:16+00:00","breadcrumb":{"@id":"https:\/\/lospoliticosveracruz.com\/?p=160904#breadcrumb"},"inLanguage":"es","potentialAction":[{"@type":"ReadAction","target":["https:\/\/lospoliticosveracruz.com\/?p=160904"]}]},{"@type":"ImageObject","inLanguage":"es","@id":"https:\/\/lospoliticosveracruz.com\/?p=160904#primaryimage","url":"https:\/\/lospoliticosveracruz.com\/wp-content\/uploads\/2025\/04\/Omar-Zuniga.jpg","contentUrl":"https:\/\/lospoliticosveracruz.com\/wp-content\/uploads\/2025\/04\/Omar-Zuniga.jpg","width":1250,"height":667},{"@type":"BreadcrumbList","@id":"https:\/\/lospoliticosveracruz.com\/?p=160904#breadcrumb","itemListElement":[{"@type":"ListItem","position":1,"name":"Portada","item":"https:\/\/lospoliticosveracruz.com\/"},{"@type":"ListItem","position":2,"name":"USAN C4 EN FALTAS ADMINISTRATIVAS EN \u00daRSULO GALV\u00c1N"}]},{"@type":"WebSite","@id":"https:\/\/lospoliticosveracruz.com\/#website","url":"https:\/\/lospoliticosveracruz.com\/","name":"Los pol\u00edticos Veracruz","description":"","publisher":{"@id":"https:\/\/lospoliticosveracruz.com\/#organization"},"potentialAction":[{"@type":"SearchAction","target":{"@type":"EntryPoint","urlTemplate":"https:\/\/lospoliticosveracruz.com\/?s={search_term_string}"},"query-input":{"@type":"PropertyValueSpecification","valueRequired":true,"valueName":"search_term_string"}}],"inLanguage":"es"},{"@type":"Organization","@id":"https:\/\/lospoliticosveracruz.com\/#organization","name":"Los pol\u00edticos Veracruz","url":"https:\/\/lospoliticosveracruz.com\/","logo":{"@type":"ImageObject","inLanguage":"es","@id":"https:\/\/lospoliticosveracruz.com\/#\/schema\/logo\/image\/","url":"https:\/\/lospoliticosveracruz.com\/wp-content\/uploads\/2025\/12\/Logo-Nuevo-LOS-POLITICOS-1.jpg","contentUrl":"https:\/\/lospoliticosveracruz.com\/wp-content\/uploads\/2025\/12\/Logo-Nuevo-LOS-POLITICOS-1.jpg","width":260,"height":70,"caption":"Los pol\u00edticos Veracruz"},"image":{"@id":"https:\/\/lospoliticosveracruz.com\/#\/schema\/logo\/image\/"},"sameAs":["https:\/\/www.facebook.com\/people\/Notimemes-de-los-Polticos\/61565672886568\/","https:\/\/x.com\/LosPoliticosVer"]},{"@type":"Person","@id":"https:\/\/lospoliticosveracruz.com\/#\/schema\/person\/b8702bb0e538456e6efd07080bf2a4a2","name":"Lo viste en Los Pol\u00edticos","image":{"@type":"ImageObject","inLanguage":"es","@id":"https:\/\/secure.gravatar.com\/avatar\/3a8de04a2656d44082be478bd6c086daa447c4651605818287b9532d3d0bd435?s=96&d=mm&r=g","url":"https:\/\/secure.gravatar.com\/avatar\/3a8de04a2656d44082be478bd6c086daa447c4651605818287b9532d3d0bd435?s=96&d=mm&r=g","contentUrl":"https:\/\/secure.gravatar.com\/avatar\/3a8de04a2656d44082be478bd6c086daa447c4651605818287b9532d3d0bd435?s=96&d=mm&r=g","caption":"Lo viste en Los Pol\u00edticos"},"url":"https:\/\/lospoliticosveracruz.com\/?author=2"}]}},"_links":{"self":[{"href":"https:\/\/lospoliticosveracruz.com\/index.php?rest_route=\/wp\/v2\/posts\/160904","targetHints":{"allow":["GET"]}}],"collection":[{"href":"https:\/\/lospoliticosveracruz.com\/index.php?rest_route=\/wp\/v2\/posts"}],"about":[{"href":"https:\/\/lospoliticosveracruz.com\/index.php?rest_route=\/wp\/v2\/types\/post"}],"author":[{"embeddable":true,"href":"https:\/\/lospoliticosveracruz.com\/index.php?rest_route=\/wp\/v2\/users\/2"}],"replies":[{"embeddable":true,"href":"https:\/\/lospoliticosveracruz.com\/index.php?rest_route=%2Fwp%2Fv2%2Fcomments&post=160904"}],"version-history":[{"count":1,"href":"https:\/\/lospoliticosveracruz.com\/index.php?rest_route=\/wp\/v2\/posts\/160904\/revisions"}],"predecessor-version":[{"id":160905,"href":"https:\/\/lospoliticosveracruz.com\/index.php?rest_route=\/wp\/v2\/posts\/160904\/revisions\/160905"}],"wp:featuredmedia":[{"embeddable":true,"href":"https:\/\/lospoliticosveracruz.com\/index.php?rest_route=\/wp\/v2\/media\/141427"}],"wp:attachment":[{"href":"https:\/\/lospoliticosveracruz.com\/index.php?rest_route=%2Fwp%2Fv2%2Fmedia&parent=160904"}],"wp:term":[{"taxonomy":"category","embeddable":true,"href":"https:\/\/lospoliticosveracruz.com\/index.php?rest_route=%2Fwp%2Fv2%2Fcategories&post=160904"},{"taxonomy":"post_tag","embeddable":true,"href":"https:\/\/lospoliticosveracruz.com\/index.php?rest_route=%2Fwp%2Fv2%2Ftags&post=160904"}],"curies":[{"name":"wp","href":"https:\/\/api.w.org\/{rel}","templated":true}]}}