{"id":160906,"date":"2026-01-20T07:20:40","date_gmt":"2026-01-20T13:20:40","guid":{"rendered":"https:\/\/lospoliticosveracruz.com\/?p=160906"},"modified":"2026-01-20T07:20:41","modified_gmt":"2026-01-20T13:20:41","slug":"upav-barriendo-para-atras","status":"publish","type":"post","link":"https:\/\/lospoliticosveracruz.com\/?p=160906","title":{"rendered":"UPAV, BARRIENDO PARA ATR\u00c1S"},"content":{"rendered":"\n<p><strong>Yamiri Rodr\u00edguez Madrid<\/strong><br><em>La vuelta a Veracruz en un\u00a0teclazo<\/em><\/p>\n\n\n\n<p>En 2011, siendo gobernador Javier Duarte de Ochoa, se emiti\u00f3 el decreto por el que se cre\u00f3 la Universidad Aut\u00f3noma Popular del Estado de Veracruz (UPAV), la cual lejos de consolidarse como un referente de educaci\u00f3n en la entidad, constantemente est\u00e1 en el ojo del hurac\u00e1n.<\/p>\n\n\n\n<p>Su primer rector fue Guillermo Z\u00fa\u00f1iga Mart\u00ednez. El objetivo fue ampliar el espacio universitario a trav\u00e9s de sedes comunitarias en diversos municipios, por lo que r\u00e1pidamente se expandi\u00f3. El gran problema no solo era la calidad de los egresados, sino que no ten\u00edan RVEO muchas de las carreras, por lo que, al momento de solicitar trabajo, eran rechazados, dado que los t\u00edtulos no ten\u00edan validez. Cuatro a\u00f1os tirados a la basura para muchos.<\/p>\n\n\n\n<p>Adem\u00e1s del&nbsp;descr\u00e9dito que desafortunadamente sigue enfrentado, tambi\u00e9n se sum\u00f3 la opacidad con que fue manejada por otros rectores que vinieron despu\u00e9s de Guillermo Z\u00fa\u00f1iga, personajes grises&nbsp;grises&nbsp;que no hicieron nada por la instituci\u00f3n, m\u00e1s que sumar a su mala fama, pues se les cuestion\u00f3 qu\u00e9 pasaba con las cuotas estudiantiles y con los retrasos y falta de pago a personal acad\u00e9mico y administrativo.<\/p>\n\n\n\n<p>Esa situaci\u00f3n incluso se extendi\u00f3 al a\u00f1o pasado, cuando estudiantes salieron a protestar porque una supuesta falla en el sistema hizo que muchos estudiantes aparecieran como dados de baja&nbsp;y, para no variar, tampoco aparec\u00edan los pagos.&nbsp;Como la secretaria de Educaci\u00f3n, Claudia Tello no pudo sola resolver el problema, vino el manotazo de la gobernadora Roc\u00edo Nahle y se dio, no solo el cambio de rector.<\/p>\n\n\n\n<p>Apenas el 12 de enero, el Congreso Local sesion\u00f3 de manera extraordinaria para&nbsp;aprobar reformas a la ley que cre\u00f3&nbsp;la UPAV a fin de&nbsp;establecer procedimientos claros de recaudaci\u00f3n, administraci\u00f3n y vigilancia del patrimonio universitario.&nbsp;El fin de semana, la&nbsp;Fiscal\u00eda General&nbsp;del Estado (FGE) dio a conocer la detenci\u00f3n&nbsp;de Sergio \u201cN\u201d, V\u00edctor de Jes\u00fas \u201cN\u201d y Frida Narayana \u201cN\u201d, como presuntos responsables de los delitos de incumplimiento de un deber legal, abuso de autoridad, peculado, tr\u00e1fico de influencia y ejercicio indebido del servicio p\u00fablico. Eran el&nbsp;Rector, el&nbsp;Director&nbsp;Administrativos y la&nbsp;Jefa&nbsp;de Servicios Financieros y luego nombrada&nbsp;Directora&nbsp;de Educaci\u00f3n Superior de esa casa de estudios, respectivamente; es decir, los que manejan los recursos de la Universidad. &nbsp; Ni un a\u00f1o hab\u00edan durado en el cargo. Ya deber\u00edan irlos borrando de las redes&nbsp;sociales&nbsp;de la instituci\u00f3n.<\/p>\n\n\n\n<p>El tema no es menor dado que la&nbsp;UPAV&nbsp;tiene casi 60 mil estudiantes y unos 5 mil docentes. Si se permit\u00eda que siguiera el mismo rumbo que llevaba desde hace 15 a\u00f1os, no solo era ser tapadera de una corruptela, sino afectar a un importante n\u00famero de j\u00f3venes que, lo \u00fanico que quieren, es construirse un futuro prometedor. Habr\u00e1 que ver qu\u00e9 m\u00e1s sale una vez&nbsp;destapada la cloaca, pues hay que jalar el hilo&nbsp;hasta&nbsp;qui\u00e9n los puso ah\u00ed&nbsp;y, sobre todo, estar pendientes&nbsp;en qu\u00e9 termina esta historia.<\/p>\n\n\n\n<p>@YamiriRodr\u00edguez<\/p>\n","protected":false},"excerpt":{"rendered":"<p>Yamiri Rodr\u00edguez MadridLa vuelta a Veracruz en un\u00a0teclazo En 2011, siendo gobernador Javier Duarte de Ochoa, se emiti\u00f3 el decreto por el que se cre\u00f3 la Universidad Aut\u00f3noma Popular del Estado de Veracruz (UPAV), la cual lejos de consolidarse como un referente de educaci\u00f3n en la entidad, constantemente est\u00e1 en el ojo del hurac\u00e1n. Su [&hellip;]<\/p>\n","protected":false},"author":2,"featured_media":141413,"comment_status":"closed","ping_status":"closed","sticky":false,"template":"","format":"standard","meta":{"tdm_status":"","tdm_grid_status":"","footnotes":""},"categories":[70],"tags":[1571,260,50587,195],"class_list":{"0":"post-160906","1":"post","2":"type-post","3":"status-publish","4":"format-standard","5":"has-post-thumbnail","7":"category-de-opinion","8":"tag-guillermo-zuniga-martinez","9":"tag-javier-duarte-de-ochoa","10":"tag-upav","11":"tag-veracruz"},"yoast_head":"<!-- This site is optimized with the Yoast SEO plugin v27.4 - https:\/\/yoast.com\/product\/yoast-seo-wordpress\/ -->\n<title>UPAV, BARRIENDO PARA ATR\u00c1S - Los pol\u00edticos Veracruz<\/title>\n<meta name=\"robots\" content=\"index, follow, max-snippet:-1, max-image-preview:large, max-video-preview:-1\" \/>\n<link rel=\"canonical\" href=\"https:\/\/lospoliticosveracruz.com\/?p=160906\" \/>\n<meta property=\"og:locale\" content=\"es_ES\" \/>\n<meta property=\"og:type\" content=\"article\" \/>\n<meta property=\"og:title\" content=\"UPAV, BARRIENDO PARA ATR\u00c1S - Los pol\u00edticos Veracruz\" \/>\n<meta property=\"og:description\" content=\"Yamiri Rodr\u00edguez MadridLa vuelta a Veracruz en un\u00a0teclazo En 2011, siendo gobernador Javier Duarte de Ochoa, se emiti\u00f3 el decreto por el que se cre\u00f3 la Universidad Aut\u00f3noma Popular del Estado de Veracruz (UPAV), la cual lejos de consolidarse como un referente de educaci\u00f3n en la entidad, constantemente est\u00e1 en el ojo del hurac\u00e1n. Su [&hellip;]\" \/>\n<meta property=\"og:url\" content=\"https:\/\/lospoliticosveracruz.com\/?p=160906\" \/>\n<meta property=\"og:site_name\" content=\"Los pol\u00edticos Veracruz\" \/>\n<meta property=\"article:publisher\" content=\"https:\/\/www.facebook.com\/people\/Notimemes-de-los-Polticos\/61565672886568\/\" \/>\n<meta property=\"article:published_time\" content=\"2026-01-20T13:20:40+00:00\" \/>\n<meta property=\"article:modified_time\" content=\"2026-01-20T13:20:41+00:00\" \/>\n<meta property=\"og:image\" content=\"https:\/\/lospoliticosveracruz.com\/wp-content\/uploads\/2025\/04\/Yamiri-Rodriguez-Madrid-e1768315710241.jpg\" \/>\n\t<meta property=\"og:image:width\" content=\"600\" \/>\n\t<meta property=\"og:image:height\" content=\"320\" \/>\n\t<meta property=\"og:image:type\" content=\"image\/jpeg\" \/>\n<meta name=\"author\" content=\"Lo viste en Los Pol\u00edticos\" \/>\n<meta name=\"twitter:card\" content=\"summary_large_image\" \/>\n<meta name=\"twitter:creator\" content=\"@LosPoliticosVer\" \/>\n<meta name=\"twitter:site\" content=\"@LosPoliticosVer\" \/>\n<meta name=\"twitter:label1\" content=\"Escrito por\" \/>\n\t<meta name=\"twitter:data1\" content=\"Lo viste en Los Pol\u00edticos\" \/>\n\t<meta name=\"twitter:label2\" content=\"Tiempo de lectura\" \/>\n\t<meta name=\"twitter:data2\" content=\"3 minutos\" \/>\n<script type=\"application\/ld+json\" class=\"yoast-schema-graph\">{\"@context\":\"https:\\\/\\\/schema.org\",\"@graph\":[{\"@type\":\"Article\",\"@id\":\"https:\\\/\\\/lospoliticosveracruz.com\\\/?p=160906#article\",\"isPartOf\":{\"@id\":\"https:\\\/\\\/lospoliticosveracruz.com\\\/?p=160906\"},\"author\":{\"name\":\"Lo viste en Los Pol\u00edticos\",\"@id\":\"https:\\\/\\\/lospoliticosveracruz.com\\\/#\\\/schema\\\/person\\\/b8702bb0e538456e6efd07080bf2a4a2\"},\"headline\":\"UPAV, BARRIENDO PARA ATR\u00c1S\",\"datePublished\":\"2026-01-20T13:20:40+00:00\",\"dateModified\":\"2026-01-20T13:20:41+00:00\",\"mainEntityOfPage\":{\"@id\":\"https:\\\/\\\/lospoliticosveracruz.com\\\/?p=160906\"},\"wordCount\":568,\"publisher\":{\"@id\":\"https:\\\/\\\/lospoliticosveracruz.com\\\/#organization\"},\"image\":{\"@id\":\"https:\\\/\\\/lospoliticosveracruz.com\\\/?p=160906#primaryimage\"},\"thumbnailUrl\":\"https:\\\/\\\/lospoliticosveracruz.com\\\/wp-content\\\/uploads\\\/2025\\\/04\\\/Yamiri-Rodriguez-Madrid-e1768315710241.jpg\",\"keywords\":[\"Guillermo Z\u00fa\u00f1iga Mart\u00ednez\",\"Javier Duarte de Ochoa\",\"UPAV\",\"Veracruz\"],\"articleSection\":[\"De Opini\u00f3n\"],\"inLanguage\":\"es\"},{\"@type\":\"WebPage\",\"@id\":\"https:\\\/\\\/lospoliticosveracruz.com\\\/?p=160906\",\"url\":\"https:\\\/\\\/lospoliticosveracruz.com\\\/?p=160906\",\"name\":\"UPAV, BARRIENDO PARA ATR\u00c1S - Los pol\u00edticos Veracruz\",\"isPartOf\":{\"@id\":\"https:\\\/\\\/lospoliticosveracruz.com\\\/#website\"},\"primaryImageOfPage\":{\"@id\":\"https:\\\/\\\/lospoliticosveracruz.com\\\/?p=160906#primaryimage\"},\"image\":{\"@id\":\"https:\\\/\\\/lospoliticosveracruz.com\\\/?p=160906#primaryimage\"},\"thumbnailUrl\":\"https:\\\/\\\/lospoliticosveracruz.com\\\/wp-content\\\/uploads\\\/2025\\\/04\\\/Yamiri-Rodriguez-Madrid-e1768315710241.jpg\",\"datePublished\":\"2026-01-20T13:20:40+00:00\",\"dateModified\":\"2026-01-20T13:20:41+00:00\",\"breadcrumb\":{\"@id\":\"https:\\\/\\\/lospoliticosveracruz.com\\\/?p=160906#breadcrumb\"},\"inLanguage\":\"es\",\"potentialAction\":[{\"@type\":\"ReadAction\",\"target\":[\"https:\\\/\\\/lospoliticosveracruz.com\\\/?p=160906\"]}]},{\"@type\":\"ImageObject\",\"inLanguage\":\"es\",\"@id\":\"https:\\\/\\\/lospoliticosveracruz.com\\\/?p=160906#primaryimage\",\"url\":\"https:\\\/\\\/lospoliticosveracruz.com\\\/wp-content\\\/uploads\\\/2025\\\/04\\\/Yamiri-Rodriguez-Madrid-e1768315710241.jpg\",\"contentUrl\":\"https:\\\/\\\/lospoliticosveracruz.com\\\/wp-content\\\/uploads\\\/2025\\\/04\\\/Yamiri-Rodriguez-Madrid-e1768315710241.jpg\",\"width\":600,\"height\":320},{\"@type\":\"BreadcrumbList\",\"@id\":\"https:\\\/\\\/lospoliticosveracruz.com\\\/?p=160906#breadcrumb\",\"itemListElement\":[{\"@type\":\"ListItem\",\"position\":1,\"name\":\"Portada\",\"item\":\"https:\\\/\\\/lospoliticosveracruz.com\\\/\"},{\"@type\":\"ListItem\",\"position\":2,\"name\":\"UPAV, BARRIENDO PARA ATR\u00c1S\"}]},{\"@type\":\"WebSite\",\"@id\":\"https:\\\/\\\/lospoliticosveracruz.com\\\/#website\",\"url\":\"https:\\\/\\\/lospoliticosveracruz.com\\\/\",\"name\":\"Los pol\u00edticos Veracruz\",\"description\":\"\",\"publisher\":{\"@id\":\"https:\\\/\\\/lospoliticosveracruz.com\\\/#organization\"},\"potentialAction\":[{\"@type\":\"SearchAction\",\"target\":{\"@type\":\"EntryPoint\",\"urlTemplate\":\"https:\\\/\\\/lospoliticosveracruz.com\\\/?s={search_term_string}\"},\"query-input\":{\"@type\":\"PropertyValueSpecification\",\"valueRequired\":true,\"valueName\":\"search_term_string\"}}],\"inLanguage\":\"es\"},{\"@type\":\"Organization\",\"@id\":\"https:\\\/\\\/lospoliticosveracruz.com\\\/#organization\",\"name\":\"Los pol\u00edticos Veracruz\",\"url\":\"https:\\\/\\\/lospoliticosveracruz.com\\\/\",\"logo\":{\"@type\":\"ImageObject\",\"inLanguage\":\"es\",\"@id\":\"https:\\\/\\\/lospoliticosveracruz.com\\\/#\\\/schema\\\/logo\\\/image\\\/\",\"url\":\"https:\\\/\\\/lospoliticosveracruz.com\\\/wp-content\\\/uploads\\\/2025\\\/12\\\/Logo-Nuevo-LOS-POLITICOS-1.jpg\",\"contentUrl\":\"https:\\\/\\\/lospoliticosveracruz.com\\\/wp-content\\\/uploads\\\/2025\\\/12\\\/Logo-Nuevo-LOS-POLITICOS-1.jpg\",\"width\":260,\"height\":70,\"caption\":\"Los pol\u00edticos Veracruz\"},\"image\":{\"@id\":\"https:\\\/\\\/lospoliticosveracruz.com\\\/#\\\/schema\\\/logo\\\/image\\\/\"},\"sameAs\":[\"https:\\\/\\\/www.facebook.com\\\/people\\\/Notimemes-de-los-Polticos\\\/61565672886568\\\/\",\"https:\\\/\\\/x.com\\\/LosPoliticosVer\"]},{\"@type\":\"Person\",\"@id\":\"https:\\\/\\\/lospoliticosveracruz.com\\\/#\\\/schema\\\/person\\\/b8702bb0e538456e6efd07080bf2a4a2\",\"name\":\"Lo viste en Los Pol\u00edticos\",\"image\":{\"@type\":\"ImageObject\",\"inLanguage\":\"es\",\"@id\":\"https:\\\/\\\/secure.gravatar.com\\\/avatar\\\/3a8de04a2656d44082be478bd6c086daa447c4651605818287b9532d3d0bd435?s=96&d=mm&r=g\",\"url\":\"https:\\\/\\\/secure.gravatar.com\\\/avatar\\\/3a8de04a2656d44082be478bd6c086daa447c4651605818287b9532d3d0bd435?s=96&d=mm&r=g\",\"contentUrl\":\"https:\\\/\\\/secure.gravatar.com\\\/avatar\\\/3a8de04a2656d44082be478bd6c086daa447c4651605818287b9532d3d0bd435?s=96&d=mm&r=g\",\"caption\":\"Lo viste en Los Pol\u00edticos\"},\"url\":\"https:\\\/\\\/lospoliticosveracruz.com\\\/?author=2\"}]}<\/script>\n<!-- \/ Yoast SEO plugin. -->","yoast_head_json":{"title":"UPAV, BARRIENDO PARA ATR\u00c1S - Los pol\u00edticos Veracruz","robots":{"index":"index","follow":"follow","max-snippet":"max-snippet:-1","max-image-preview":"max-image-preview:large","max-video-preview":"max-video-preview:-1"},"canonical":"https:\/\/lospoliticosveracruz.com\/?p=160906","og_locale":"es_ES","og_type":"article","og_title":"UPAV, BARRIENDO PARA ATR\u00c1S - Los pol\u00edticos Veracruz","og_description":"Yamiri Rodr\u00edguez MadridLa vuelta a Veracruz en un\u00a0teclazo En 2011, siendo gobernador Javier Duarte de Ochoa, se emiti\u00f3 el decreto por el que se cre\u00f3 la Universidad Aut\u00f3noma Popular del Estado de Veracruz (UPAV), la cual lejos de consolidarse como un referente de educaci\u00f3n en la entidad, constantemente est\u00e1 en el ojo del hurac\u00e1n. Su [&hellip;]","og_url":"https:\/\/lospoliticosveracruz.com\/?p=160906","og_site_name":"Los pol\u00edticos Veracruz","article_publisher":"https:\/\/www.facebook.com\/people\/Notimemes-de-los-Polticos\/61565672886568\/","article_published_time":"2026-01-20T13:20:40+00:00","article_modified_time":"2026-01-20T13:20:41+00:00","og_image":[{"width":600,"height":320,"url":"https:\/\/lospoliticosveracruz.com\/wp-content\/uploads\/2025\/04\/Yamiri-Rodriguez-Madrid-e1768315710241.jpg","type":"image\/jpeg"}],"author":"Lo viste en Los Pol\u00edticos","twitter_card":"summary_large_image","twitter_creator":"@LosPoliticosVer","twitter_site":"@LosPoliticosVer","twitter_misc":{"Escrito por":"Lo viste en Los Pol\u00edticos","Tiempo de lectura":"3 minutos"},"schema":{"@context":"https:\/\/schema.org","@graph":[{"@type":"Article","@id":"https:\/\/lospoliticosveracruz.com\/?p=160906#article","isPartOf":{"@id":"https:\/\/lospoliticosveracruz.com\/?p=160906"},"author":{"name":"Lo viste en Los Pol\u00edticos","@id":"https:\/\/lospoliticosveracruz.com\/#\/schema\/person\/b8702bb0e538456e6efd07080bf2a4a2"},"headline":"UPAV, BARRIENDO PARA ATR\u00c1S","datePublished":"2026-01-20T13:20:40+00:00","dateModified":"2026-01-20T13:20:41+00:00","mainEntityOfPage":{"@id":"https:\/\/lospoliticosveracruz.com\/?p=160906"},"wordCount":568,"publisher":{"@id":"https:\/\/lospoliticosveracruz.com\/#organization"},"image":{"@id":"https:\/\/lospoliticosveracruz.com\/?p=160906#primaryimage"},"thumbnailUrl":"https:\/\/lospoliticosveracruz.com\/wp-content\/uploads\/2025\/04\/Yamiri-Rodriguez-Madrid-e1768315710241.jpg","keywords":["Guillermo Z\u00fa\u00f1iga Mart\u00ednez","Javier Duarte de Ochoa","UPAV","Veracruz"],"articleSection":["De Opini\u00f3n"],"inLanguage":"es"},{"@type":"WebPage","@id":"https:\/\/lospoliticosveracruz.com\/?p=160906","url":"https:\/\/lospoliticosveracruz.com\/?p=160906","name":"UPAV, BARRIENDO PARA ATR\u00c1S - Los pol\u00edticos Veracruz","isPartOf":{"@id":"https:\/\/lospoliticosveracruz.com\/#website"},"primaryImageOfPage":{"@id":"https:\/\/lospoliticosveracruz.com\/?p=160906#primaryimage"},"image":{"@id":"https:\/\/lospoliticosveracruz.com\/?p=160906#primaryimage"},"thumbnailUrl":"https:\/\/lospoliticosveracruz.com\/wp-content\/uploads\/2025\/04\/Yamiri-Rodriguez-Madrid-e1768315710241.jpg","datePublished":"2026-01-20T13:20:40+00:00","dateModified":"2026-01-20T13:20:41+00:00","breadcrumb":{"@id":"https:\/\/lospoliticosveracruz.com\/?p=160906#breadcrumb"},"inLanguage":"es","potentialAction":[{"@type":"ReadAction","target":["https:\/\/lospoliticosveracruz.com\/?p=160906"]}]},{"@type":"ImageObject","inLanguage":"es","@id":"https:\/\/lospoliticosveracruz.com\/?p=160906#primaryimage","url":"https:\/\/lospoliticosveracruz.com\/wp-content\/uploads\/2025\/04\/Yamiri-Rodriguez-Madrid-e1768315710241.jpg","contentUrl":"https:\/\/lospoliticosveracruz.com\/wp-content\/uploads\/2025\/04\/Yamiri-Rodriguez-Madrid-e1768315710241.jpg","width":600,"height":320},{"@type":"BreadcrumbList","@id":"https:\/\/lospoliticosveracruz.com\/?p=160906#breadcrumb","itemListElement":[{"@type":"ListItem","position":1,"name":"Portada","item":"https:\/\/lospoliticosveracruz.com\/"},{"@type":"ListItem","position":2,"name":"UPAV, BARRIENDO PARA ATR\u00c1S"}]},{"@type":"WebSite","@id":"https:\/\/lospoliticosveracruz.com\/#website","url":"https:\/\/lospoliticosveracruz.com\/","name":"Los pol\u00edticos Veracruz","description":"","publisher":{"@id":"https:\/\/lospoliticosveracruz.com\/#organization"},"potentialAction":[{"@type":"SearchAction","target":{"@type":"EntryPoint","urlTemplate":"https:\/\/lospoliticosveracruz.com\/?s={search_term_string}"},"query-input":{"@type":"PropertyValueSpecification","valueRequired":true,"valueName":"search_term_string"}}],"inLanguage":"es"},{"@type":"Organization","@id":"https:\/\/lospoliticosveracruz.com\/#organization","name":"Los pol\u00edticos Veracruz","url":"https:\/\/lospoliticosveracruz.com\/","logo":{"@type":"ImageObject","inLanguage":"es","@id":"https:\/\/lospoliticosveracruz.com\/#\/schema\/logo\/image\/","url":"https:\/\/lospoliticosveracruz.com\/wp-content\/uploads\/2025\/12\/Logo-Nuevo-LOS-POLITICOS-1.jpg","contentUrl":"https:\/\/lospoliticosveracruz.com\/wp-content\/uploads\/2025\/12\/Logo-Nuevo-LOS-POLITICOS-1.jpg","width":260,"height":70,"caption":"Los pol\u00edticos Veracruz"},"image":{"@id":"https:\/\/lospoliticosveracruz.com\/#\/schema\/logo\/image\/"},"sameAs":["https:\/\/www.facebook.com\/people\/Notimemes-de-los-Polticos\/61565672886568\/","https:\/\/x.com\/LosPoliticosVer"]},{"@type":"Person","@id":"https:\/\/lospoliticosveracruz.com\/#\/schema\/person\/b8702bb0e538456e6efd07080bf2a4a2","name":"Lo viste en Los Pol\u00edticos","image":{"@type":"ImageObject","inLanguage":"es","@id":"https:\/\/secure.gravatar.com\/avatar\/3a8de04a2656d44082be478bd6c086daa447c4651605818287b9532d3d0bd435?s=96&d=mm&r=g","url":"https:\/\/secure.gravatar.com\/avatar\/3a8de04a2656d44082be478bd6c086daa447c4651605818287b9532d3d0bd435?s=96&d=mm&r=g","contentUrl":"https:\/\/secure.gravatar.com\/avatar\/3a8de04a2656d44082be478bd6c086daa447c4651605818287b9532d3d0bd435?s=96&d=mm&r=g","caption":"Lo viste en Los Pol\u00edticos"},"url":"https:\/\/lospoliticosveracruz.com\/?author=2"}]}},"_links":{"self":[{"href":"https:\/\/lospoliticosveracruz.com\/index.php?rest_route=\/wp\/v2\/posts\/160906","targetHints":{"allow":["GET"]}}],"collection":[{"href":"https:\/\/lospoliticosveracruz.com\/index.php?rest_route=\/wp\/v2\/posts"}],"about":[{"href":"https:\/\/lospoliticosveracruz.com\/index.php?rest_route=\/wp\/v2\/types\/post"}],"author":[{"embeddable":true,"href":"https:\/\/lospoliticosveracruz.com\/index.php?rest_route=\/wp\/v2\/users\/2"}],"replies":[{"embeddable":true,"href":"https:\/\/lospoliticosveracruz.com\/index.php?rest_route=%2Fwp%2Fv2%2Fcomments&post=160906"}],"version-history":[{"count":1,"href":"https:\/\/lospoliticosveracruz.com\/index.php?rest_route=\/wp\/v2\/posts\/160906\/revisions"}],"predecessor-version":[{"id":160907,"href":"https:\/\/lospoliticosveracruz.com\/index.php?rest_route=\/wp\/v2\/posts\/160906\/revisions\/160907"}],"wp:featuredmedia":[{"embeddable":true,"href":"https:\/\/lospoliticosveracruz.com\/index.php?rest_route=\/wp\/v2\/media\/141413"}],"wp:attachment":[{"href":"https:\/\/lospoliticosveracruz.com\/index.php?rest_route=%2Fwp%2Fv2%2Fmedia&parent=160906"}],"wp:term":[{"taxonomy":"category","embeddable":true,"href":"https:\/\/lospoliticosveracruz.com\/index.php?rest_route=%2Fwp%2Fv2%2Fcategories&post=160906"},{"taxonomy":"post_tag","embeddable":true,"href":"https:\/\/lospoliticosveracruz.com\/index.php?rest_route=%2Fwp%2Fv2%2Ftags&post=160906"}],"curies":[{"name":"wp","href":"https:\/\/api.w.org\/{rel}","templated":true}]}}